{"id":1892,"date":"2024-09-12T12:30:12","date_gmt":"2024-09-12T18:30:12","guid":{"rendered":"https:\/\/www.nexoinformativo.mx\/?p=1892"},"modified":"2024-09-12T14:26:34","modified_gmt":"2024-09-12T20:26:34","slug":"proteccion-civil-pide-denunciar-la-venta-ilegal-de-pirotecnia-en-redes-sociales","status":"publish","type":"post","link":"https:\/\/www.nexoinformativo.mx\/index.php\/2024\/09\/12\/proteccion-civil-pide-denunciar-la-venta-ilegal-de-pirotecnia-en-redes-sociales\/","title":{"rendered":"Protecci\u00f3n Civil pide denunciar la venta ilegal de pirotecnia en redes sociales"},"content":{"rendered":"<p style=\"text-align: justify;\">El Coordinador Estatal de Protecci\u00f3n Civil, Javier Amaya, hizo un llamado a la ciudadan\u00eda para evitar la compra de pirotecnia de manera ilegal durante las festividades patrias. Destac\u00f3 que se ha detectado la venta de productos pirot\u00e9cnicos a trav\u00e9s de redes sociales, por lo que inst\u00f3 a los ciudadanos a denunciar este tipo de actividades.<\/p>\n<p>&nbsp;<\/p>\n<h3 style=\"text-align: justify;\"><\/h3>\n<p style=\"text-align: justify;\">Javier Amaya inform\u00f3 que las coordinaciones municipales de Protecci\u00f3n Civil, en conjunto con la Coordinaci\u00f3n Estatal y la Polic\u00eda Cibern\u00e9tica de la Polic\u00eda Estatal, est\u00e1n monitoreando constantemente las redes sociales para detectar la venta de pirotecnia ilegal. Esta medida reducir\u00e1 el riesgo de accidentes y proteger\u00e1 a la poblaci\u00f3n.<\/p>\n<p>&nbsp;<\/p>\n<h3 style=\"text-align: justify;\"><\/h3>\n<p style=\"text-align: justify;\">Protecci\u00f3n Civil ha implementado un operativo en coordinaci\u00f3n con las autoridades municipales para identificar puntos de venta clandestinos en mercados y tianguis. Al momento, ya se han decomisado peque\u00f1as cantidades de pirotecnia en diversos municipios.<\/p>\n<p>&nbsp;<\/p>\n<h3 style=\"text-align: justify;\"><\/h3>\n<p style=\"text-align: justify;\">Amaya record\u00f3 a la poblaci\u00f3n que la compra y uso de pirotecnia ilegal puede poner en riesgo la seguridad de las personas, especialmente de los ni\u00f1os.\u00a0Protecci\u00f3n Civil invita a la ciudadan\u00eda a reportar la venta de pirotecnia ilegal a las autoridades competentes. La colaboraci\u00f3n de los ciudadanos es esencial para mantener la seguridad y evitar accidentes durante las celebraciones patrias.<\/p>\n","protected":false},"excerpt":{"rendered":"<p>El Coordinador Estatal de Protecci\u00f3n Civil, Javier Amaya, hizo un llamado a la ciudadan\u00eda para evitar la compra de pirotecnia de manera ilegal durante las festividades patrias.<\/p>\n","protected":false},"author":3,"featured_media":1893,"comment_status":"open","ping_status":"open","sticky":false,"template":"","format":"standard","meta":{"footnotes":""},"categories":[42],"tags":[695,694,408,157],"class_list":["post-1892","post","type-post","status-publish","format-standard","has-post-thumbnail","hentry","category-estado","tag-denunciaventailegal","tag-noalapirotecniailegal","tag-proteccioncivilqueretaro","tag-seguridadciudadana"],"yoast_head":"<!-- This site is optimized with the Yoast SEO plugin v25.0 - https:\/\/yoast.com\/wordpress\/plugins\/seo\/ -->\n<title>Protecci\u00f3n Civil pide denunciar la venta ilegal de pirotecnia en redes sociales | Nexo Informativo Santiago de Quer\u00e9taro<\/title>\n<meta name=\"description\" content=\"Protecci\u00f3n Civil pide denunciar la venta ilegal de pirotecnia en redes sociales\" \/>\n<meta name=\"robots\" content=\"index, follow, max-snippet:-1, max-image-preview:large, max-video-preview:-1\" \/>\n<link rel=\"canonical\" href=\"https:\/\/www.nexoinformativo.mx\/index.php\/2024\/09\/12\/proteccion-civil-pide-denunciar-la-venta-ilegal-de-pirotecnia-en-redes-sociales\/\" \/>\n<meta property=\"og:locale\" content=\"es_MX\" \/>\n<meta property=\"og:type\" content=\"article\" \/>\n<meta property=\"og:title\" content=\"Protecci\u00f3n Civil pide denunciar la venta ilegal de pirotecnia en redes sociales | Nexo Informativo Santiago de Quer\u00e9taro\" \/>\n<meta property=\"og:description\" content=\"Protecci\u00f3n Civil pide denunciar la venta ilegal de pirotecnia en redes sociales\" \/>\n<meta property=\"og:url\" content=\"https:\/\/www.nexoinformativo.mx\/index.php\/2024\/09\/12\/proteccion-civil-pide-denunciar-la-venta-ilegal-de-pirotecnia-en-redes-sociales\/\" \/>\n<meta property=\"og:site_name\" content=\"Nexo Informativo Santiago de Quer\u00e9taro\" \/>\n<meta property=\"article:publisher\" content=\"https:\/\/www.facebook.com\/people\/Nexo-Informativo\/61564066885511\/\" \/>\n<meta property=\"article:published_time\" content=\"2024-09-12T18:30:12+00:00\" \/>\n<meta property=\"article:modified_time\" content=\"2024-09-12T20:26:34+00:00\" \/>\n<meta property=\"og:image\" content=\"https:\/\/www.nexoinformativo.mx\/wp-content\/uploads\/2024\/09\/PHOTO-2024-09-12-14-01-23-e1726172530252.jpg\" \/>\n\t<meta property=\"og:image:width\" content=\"800\" \/>\n\t<meta property=\"og:image:height\" content=\"671\" \/>\n\t<meta property=\"og:image:type\" content=\"image\/jpeg\" \/>\n<meta name=\"author\" content=\"Nexo Informativo\" \/>\n<meta name=\"twitter:card\" content=\"summary_large_image\" \/>\n<meta name=\"twitter:label1\" content=\"Escrito por\" \/>\n\t<meta name=\"twitter:data1\" content=\"Nexo Informativo\" \/>\n\t<meta name=\"twitter:label2\" content=\"Tiempo de lectura\" \/>\n\t<meta name=\"twitter:data2\" content=\"2 minutos\" \/>\n<script type=\"application\/ld+json\" class=\"yoast-schema-graph\">{\"@context\":\"https:\/\/schema.org\",\"@graph\":[{\"@type\":\"Article\",\"@id\":\"https:\/\/www.nexoinformativo.mx\/index.php\/2024\/09\/12\/proteccion-civil-pide-denunciar-la-venta-ilegal-de-pirotecnia-en-redes-sociales\/#article\",\"isPartOf\":{\"@id\":\"https:\/\/www.nexoinformativo.mx\/index.php\/2024\/09\/12\/proteccion-civil-pide-denunciar-la-venta-ilegal-de-pirotecnia-en-redes-sociales\/\"},\"author\":{\"name\":\"Nexo Informativo\",\"@id\":\"https:\/\/www.nexoinformativo.mx\/#\/schema\/person\/7749d380ba08c8ca00d7bc76fd907b7d\"},\"headline\":\"Protecci\u00f3n Civil pide denunciar la venta ilegal de pirotecnia en redes sociales\",\"datePublished\":\"2024-09-12T18:30:12+00:00\",\"dateModified\":\"2024-09-12T20:26:34+00:00\",\"mainEntityOfPage\":{\"@id\":\"https:\/\/www.nexoinformativo.mx\/index.php\/2024\/09\/12\/proteccion-civil-pide-denunciar-la-venta-ilegal-de-pirotecnia-en-redes-sociales\/\"},\"wordCount\":235,\"commentCount\":0,\"publisher\":{\"@id\":\"https:\/\/www.nexoinformativo.mx\/#organization\"},\"image\":{\"@id\":\"https:\/\/www.nexoinformativo.mx\/index.php\/2024\/09\/12\/proteccion-civil-pide-denunciar-la-venta-ilegal-de-pirotecnia-en-redes-sociales\/#primaryimage\"},\"thumbnailUrl\":\"https:\/\/www.nexoinformativo.mx\/wp-content\/uploads\/2024\/09\/PHOTO-2024-09-12-14-01-23-e1726172530252.jpg\",\"keywords\":[\"DenunciaVentaIlegal\",\"NoALaPirotecniaIlegal\",\"Protecci\u00f3nCivilQuer\u00e9taro\",\"SeguridadCiudadana\"],\"articleSection\":[\"Estado\"],\"inLanguage\":\"es\",\"potentialAction\":[{\"@type\":\"CommentAction\",\"name\":\"Comment\",\"target\":[\"https:\/\/www.nexoinformativo.mx\/index.php\/2024\/09\/12\/proteccion-civil-pide-denunciar-la-venta-ilegal-de-pirotecnia-en-redes-sociales\/#respond\"]}]},{\"@type\":\"WebPage\",\"@id\":\"https:\/\/www.nexoinformativo.mx\/index.php\/2024\/09\/12\/proteccion-civil-pide-denunciar-la-venta-ilegal-de-pirotecnia-en-redes-sociales\/\",\"url\":\"https:\/\/www.nexoinformativo.mx\/index.php\/2024\/09\/12\/proteccion-civil-pide-denunciar-la-venta-ilegal-de-pirotecnia-en-redes-sociales\/\",\"name\":\"Protecci\u00f3n Civil pide denunciar la venta ilegal de pirotecnia en redes sociales | Nexo Informativo Santiago de Quer\u00e9taro\",\"isPartOf\":{\"@id\":\"https:\/\/www.nexoinformativo.mx\/#website\"},\"primaryImageOfPage\":{\"@id\":\"https:\/\/www.nexoinformativo.mx\/index.php\/2024\/09\/12\/proteccion-civil-pide-denunciar-la-venta-ilegal-de-pirotecnia-en-redes-sociales\/#primaryimage\"},\"image\":{\"@id\":\"https:\/\/www.nexoinformativo.mx\/index.php\/2024\/09\/12\/proteccion-civil-pide-denunciar-la-venta-ilegal-de-pirotecnia-en-redes-sociales\/#primaryimage\"},\"thumbnailUrl\":\"https:\/\/www.nexoinformativo.mx\/wp-content\/uploads\/2024\/09\/PHOTO-2024-09-12-14-01-23-e1726172530252.jpg\",\"datePublished\":\"2024-09-12T18:30:12+00:00\",\"dateModified\":\"2024-09-12T20:26:34+00:00\",\"description\":\"Protecci\u00f3n Civil pide denunciar la venta ilegal de pirotecnia en redes sociales\",\"breadcrumb\":{\"@id\":\"https:\/\/www.nexoinformativo.mx\/index.php\/2024\/09\/12\/proteccion-civil-pide-denunciar-la-venta-ilegal-de-pirotecnia-en-redes-sociales\/#breadcrumb\"},\"inLanguage\":\"es\",\"potentialAction\":[{\"@type\":\"ReadAction\",\"target\":[\"https:\/\/www.nexoinformativo.mx\/index.php\/2024\/09\/12\/proteccion-civil-pide-denunciar-la-venta-ilegal-de-pirotecnia-en-redes-sociales\/\"]}]},{\"@type\":\"ImageObject\",\"inLanguage\":\"es\",\"@id\":\"https:\/\/www.nexoinformativo.mx\/index.php\/2024\/09\/12\/proteccion-civil-pide-denunciar-la-venta-ilegal-de-pirotecnia-en-redes-sociales\/#primaryimage\",\"url\":\"https:\/\/www.nexoinformativo.mx\/wp-content\/uploads\/2024\/09\/PHOTO-2024-09-12-14-01-23-e1726172530252.jpg\",\"contentUrl\":\"https:\/\/www.nexoinformativo.mx\/wp-content\/uploads\/2024\/09\/PHOTO-2024-09-12-14-01-23-e1726172530252.jpg\",\"width\":800,\"height\":671},{\"@type\":\"BreadcrumbList\",\"@id\":\"https:\/\/www.nexoinformativo.mx\/index.php\/2024\/09\/12\/proteccion-civil-pide-denunciar-la-venta-ilegal-de-pirotecnia-en-redes-sociales\/#breadcrumb\",\"itemListElement\":[{\"@type\":\"ListItem\",\"position\":1,\"name\":\"Inicio\",\"item\":\"https:\/\/www.nexoinformativo.mx\/\"},{\"@type\":\"ListItem\",\"position\":2,\"name\":\"Protecci\u00f3n Civil pide denunciar la venta ilegal de pirotecnia en redes sociales\"}]},{\"@type\":\"WebSite\",\"@id\":\"https:\/\/www.nexoinformativo.mx\/#website\",\"url\":\"https:\/\/www.nexoinformativo.mx\/\",\"name\":\"Nexo Informativo Santiago de Quer\u00e9taro\",\"description\":\"Explora NexoInformativo y convi\u00e9rtete en parte de una comunidad que valora el conocimiento y la verdad. Tu nexoinformativo es tu puente hacia una comprensi\u00f3n m\u00e1s profunda del mundo que te rodea.\",\"publisher\":{\"@id\":\"https:\/\/www.nexoinformativo.mx\/#organization\"},\"potentialAction\":[{\"@type\":\"SearchAction\",\"target\":{\"@type\":\"EntryPoint\",\"urlTemplate\":\"https:\/\/www.nexoinformativo.mx\/?s={search_term_string}\"},\"query-input\":{\"@type\":\"PropertyValueSpecification\",\"valueRequired\":true,\"valueName\":\"search_term_string\"}}],\"inLanguage\":\"es\"},{\"@type\":\"Organization\",\"@id\":\"https:\/\/www.nexoinformativo.mx\/#organization\",\"name\":\"Nexo Informativo Santiago de Quer\u00e9taro\",\"url\":\"https:\/\/www.nexoinformativo.mx\/\",\"logo\":{\"@type\":\"ImageObject\",\"inLanguage\":\"es\",\"@id\":\"https:\/\/www.nexoinformativo.mx\/#\/schema\/logo\/image\/\",\"url\":\"https:\/\/www.nexoinformativo.mx\/wp-content\/uploads\/2024\/07\/nexoi-trasparente-2.png\",\"contentUrl\":\"https:\/\/www.nexoinformativo.mx\/wp-content\/uploads\/2024\/07\/nexoi-trasparente-2.png\",\"width\":816,\"height\":339,\"caption\":\"Nexo Informativo Santiago de Quer\u00e9taro\"},\"image\":{\"@id\":\"https:\/\/www.nexoinformativo.mx\/#\/schema\/logo\/image\/\"},\"sameAs\":[\"https:\/\/www.facebook.com\/people\/Nexo-Informativo\/61564066885511\/\"]},{\"@type\":\"Person\",\"@id\":\"https:\/\/www.nexoinformativo.mx\/#\/schema\/person\/7749d380ba08c8ca00d7bc76fd907b7d\",\"name\":\"Nexo Informativo\",\"image\":{\"@type\":\"ImageObject\",\"inLanguage\":\"es\",\"@id\":\"https:\/\/www.nexoinformativo.mx\/#\/schema\/person\/image\/\",\"url\":\"https:\/\/secure.gravatar.com\/avatar\/dde2928154642a13d95f87ddf1ea9718fe2b46760a005c53e41ff5ad610704e6?s=96&d=mm&r=g\",\"contentUrl\":\"https:\/\/secure.gravatar.com\/avatar\/dde2928154642a13d95f87ddf1ea9718fe2b46760a005c53e41ff5ad610704e6?s=96&d=mm&r=g\",\"caption\":\"Nexo Informativo\"},\"url\":\"https:\/\/www.nexoinformativo.mx\/index.php\/author\/edicion\/\"}]}<\/script>\n<!-- \/ Yoast SEO plugin. -->","yoast_head_json":{"title":"Protecci\u00f3n Civil pide denunciar la venta ilegal de pirotecnia en redes sociales | Nexo Informativo Santiago de Quer\u00e9taro","description":"Protecci\u00f3n Civil pide denunciar la venta ilegal de pirotecnia en redes sociales","robots":{"index":"index","follow":"follow","max-snippet":"max-snippet:-1","max-image-preview":"max-image-preview:large","max-video-preview":"max-video-preview:-1"},"canonical":"https:\/\/www.nexoinformativo.mx\/index.php\/2024\/09\/12\/proteccion-civil-pide-denunciar-la-venta-ilegal-de-pirotecnia-en-redes-sociales\/","og_locale":"es_MX","og_type":"article","og_title":"Protecci\u00f3n Civil pide denunciar la venta ilegal de pirotecnia en redes sociales | Nexo Informativo Santiago de Quer\u00e9taro","og_description":"Protecci\u00f3n Civil pide denunciar la venta ilegal de pirotecnia en redes sociales","og_url":"https:\/\/www.nexoinformativo.mx\/index.php\/2024\/09\/12\/proteccion-civil-pide-denunciar-la-venta-ilegal-de-pirotecnia-en-redes-sociales\/","og_site_name":"Nexo Informativo Santiago de Quer\u00e9taro","article_publisher":"https:\/\/www.facebook.com\/people\/Nexo-Informativo\/61564066885511\/","article_published_time":"2024-09-12T18:30:12+00:00","article_modified_time":"2024-09-12T20:26:34+00:00","og_image":[{"width":800,"height":671,"url":"https:\/\/www.nexoinformativo.mx\/wp-content\/uploads\/2024\/09\/PHOTO-2024-09-12-14-01-23-e1726172530252.jpg","type":"image\/jpeg"}],"author":"Nexo Informativo","twitter_card":"summary_large_image","twitter_misc":{"Escrito por":"Nexo Informativo","Tiempo de lectura":"2 minutos"},"schema":{"@context":"https:\/\/schema.org","@graph":[{"@type":"Article","@id":"https:\/\/www.nexoinformativo.mx\/index.php\/2024\/09\/12\/proteccion-civil-pide-denunciar-la-venta-ilegal-de-pirotecnia-en-redes-sociales\/#article","isPartOf":{"@id":"https:\/\/www.nexoinformativo.mx\/index.php\/2024\/09\/12\/proteccion-civil-pide-denunciar-la-venta-ilegal-de-pirotecnia-en-redes-sociales\/"},"author":{"name":"Nexo Informativo","@id":"https:\/\/www.nexoinformativo.mx\/#\/schema\/person\/7749d380ba08c8ca00d7bc76fd907b7d"},"headline":"Protecci\u00f3n Civil pide denunciar la venta ilegal de pirotecnia en redes sociales","datePublished":"2024-09-12T18:30:12+00:00","dateModified":"2024-09-12T20:26:34+00:00","mainEntityOfPage":{"@id":"https:\/\/www.nexoinformativo.mx\/index.php\/2024\/09\/12\/proteccion-civil-pide-denunciar-la-venta-ilegal-de-pirotecnia-en-redes-sociales\/"},"wordCount":235,"commentCount":0,"publisher":{"@id":"https:\/\/www.nexoinformativo.mx\/#organization"},"image":{"@id":"https:\/\/www.nexoinformativo.mx\/index.php\/2024\/09\/12\/proteccion-civil-pide-denunciar-la-venta-ilegal-de-pirotecnia-en-redes-sociales\/#primaryimage"},"thumbnailUrl":"https:\/\/www.nexoinformativo.mx\/wp-content\/uploads\/2024\/09\/PHOTO-2024-09-12-14-01-23-e1726172530252.jpg","keywords":["DenunciaVentaIlegal","NoALaPirotecniaIlegal","Protecci\u00f3nCivilQuer\u00e9taro","SeguridadCiudadana"],"articleSection":["Estado"],"inLanguage":"es","potentialAction":[{"@type":"CommentAction","name":"Comment","target":["https:\/\/www.nexoinformativo.mx\/index.php\/2024\/09\/12\/proteccion-civil-pide-denunciar-la-venta-ilegal-de-pirotecnia-en-redes-sociales\/#respond"]}]},{"@type":"WebPage","@id":"https:\/\/www.nexoinformativo.mx\/index.php\/2024\/09\/12\/proteccion-civil-pide-denunciar-la-venta-ilegal-de-pirotecnia-en-redes-sociales\/","url":"https:\/\/www.nexoinformativo.mx\/index.php\/2024\/09\/12\/proteccion-civil-pide-denunciar-la-venta-ilegal-de-pirotecnia-en-redes-sociales\/","name":"Protecci\u00f3n Civil pide denunciar la venta ilegal de pirotecnia en redes sociales | Nexo Informativo Santiago de Quer\u00e9taro","isPartOf":{"@id":"https:\/\/www.nexoinformativo.mx\/#website"},"primaryImageOfPage":{"@id":"https:\/\/www.nexoinformativo.mx\/index.php\/2024\/09\/12\/proteccion-civil-pide-denunciar-la-venta-ilegal-de-pirotecnia-en-redes-sociales\/#primaryimage"},"image":{"@id":"https:\/\/www.nexoinformativo.mx\/index.php\/2024\/09\/12\/proteccion-civil-pide-denunciar-la-venta-ilegal-de-pirotecnia-en-redes-sociales\/#primaryimage"},"thumbnailUrl":"https:\/\/www.nexoinformativo.mx\/wp-content\/uploads\/2024\/09\/PHOTO-2024-09-12-14-01-23-e1726172530252.jpg","datePublished":"2024-09-12T18:30:12+00:00","dateModified":"2024-09-12T20:26:34+00:00","description":"Protecci\u00f3n Civil pide denunciar la venta ilegal de pirotecnia en redes sociales","breadcrumb":{"@id":"https:\/\/www.nexoinformativo.mx\/index.php\/2024\/09\/12\/proteccion-civil-pide-denunciar-la-venta-ilegal-de-pirotecnia-en-redes-sociales\/#breadcrumb"},"inLanguage":"es","potentialAction":[{"@type":"ReadAction","target":["https:\/\/www.nexoinformativo.mx\/index.php\/2024\/09\/12\/proteccion-civil-pide-denunciar-la-venta-ilegal-de-pirotecnia-en-redes-sociales\/"]}]},{"@type":"ImageObject","inLanguage":"es","@id":"https:\/\/www.nexoinformativo.mx\/index.php\/2024\/09\/12\/proteccion-civil-pide-denunciar-la-venta-ilegal-de-pirotecnia-en-redes-sociales\/#primaryimage","url":"https:\/\/www.nexoinformativo.mx\/wp-content\/uploads\/2024\/09\/PHOTO-2024-09-12-14-01-23-e1726172530252.jpg","contentUrl":"https:\/\/www.nexoinformativo.mx\/wp-content\/uploads\/2024\/09\/PHOTO-2024-09-12-14-01-23-e1726172530252.jpg","width":800,"height":671},{"@type":"BreadcrumbList","@id":"https:\/\/www.nexoinformativo.mx\/index.php\/2024\/09\/12\/proteccion-civil-pide-denunciar-la-venta-ilegal-de-pirotecnia-en-redes-sociales\/#breadcrumb","itemListElement":[{"@type":"ListItem","position":1,"name":"Inicio","item":"https:\/\/www.nexoinformativo.mx\/"},{"@type":"ListItem","position":2,"name":"Protecci\u00f3n Civil pide denunciar la venta ilegal de pirotecnia en redes sociales"}]},{"@type":"WebSite","@id":"https:\/\/www.nexoinformativo.mx\/#website","url":"https:\/\/www.nexoinformativo.mx\/","name":"Nexo Informativo Santiago de Quer\u00e9taro","description":"Explora NexoInformativo y convi\u00e9rtete en parte de una comunidad que valora el conocimiento y la verdad. Tu nexoinformativo es tu puente hacia una comprensi\u00f3n m\u00e1s profunda del mundo que te rodea.","publisher":{"@id":"https:\/\/www.nexoinformativo.mx\/#organization"},"potentialAction":[{"@type":"SearchAction","target":{"@type":"EntryPoint","urlTemplate":"https:\/\/www.nexoinformativo.mx\/?s={search_term_string}"},"query-input":{"@type":"PropertyValueSpecification","valueRequired":true,"valueName":"search_term_string"}}],"inLanguage":"es"},{"@type":"Organization","@id":"https:\/\/www.nexoinformativo.mx\/#organization","name":"Nexo Informativo Santiago de Quer\u00e9taro","url":"https:\/\/www.nexoinformativo.mx\/","logo":{"@type":"ImageObject","inLanguage":"es","@id":"https:\/\/www.nexoinformativo.mx\/#\/schema\/logo\/image\/","url":"https:\/\/www.nexoinformativo.mx\/wp-content\/uploads\/2024\/07\/nexoi-trasparente-2.png","contentUrl":"https:\/\/www.nexoinformativo.mx\/wp-content\/uploads\/2024\/07\/nexoi-trasparente-2.png","width":816,"height":339,"caption":"Nexo Informativo Santiago de Quer\u00e9taro"},"image":{"@id":"https:\/\/www.nexoinformativo.mx\/#\/schema\/logo\/image\/"},"sameAs":["https:\/\/www.facebook.com\/people\/Nexo-Informativo\/61564066885511\/"]},{"@type":"Person","@id":"https:\/\/www.nexoinformativo.mx\/#\/schema\/person\/7749d380ba08c8ca00d7bc76fd907b7d","name":"Nexo Informativo","image":{"@type":"ImageObject","inLanguage":"es","@id":"https:\/\/www.nexoinformativo.mx\/#\/schema\/person\/image\/","url":"https:\/\/secure.gravatar.com\/avatar\/dde2928154642a13d95f87ddf1ea9718fe2b46760a005c53e41ff5ad610704e6?s=96&d=mm&r=g","contentUrl":"https:\/\/secure.gravatar.com\/avatar\/dde2928154642a13d95f87ddf1ea9718fe2b46760a005c53e41ff5ad610704e6?s=96&d=mm&r=g","caption":"Nexo Informativo"},"url":"https:\/\/www.nexoinformativo.mx\/index.php\/author\/edicion\/"}]}},"_links":{"self":[{"href":"https:\/\/www.nexoinformativo.mx\/index.php\/wp-json\/wp\/v2\/posts\/1892","targetHints":{"allow":["GET"]}}],"collection":[{"href":"https:\/\/www.nexoinformativo.mx\/index.php\/wp-json\/wp\/v2\/posts"}],"about":[{"href":"https:\/\/www.nexoinformativo.mx\/index.php\/wp-json\/wp\/v2\/types\/post"}],"author":[{"embeddable":true,"href":"https:\/\/www.nexoinformativo.mx\/index.php\/wp-json\/wp\/v2\/users\/3"}],"replies":[{"embeddable":true,"href":"https:\/\/www.nexoinformativo.mx\/index.php\/wp-json\/wp\/v2\/comments?post=1892"}],"version-history":[{"count":3,"href":"https:\/\/www.nexoinformativo.mx\/index.php\/wp-json\/wp\/v2\/posts\/1892\/revisions"}],"predecessor-version":[{"id":1895,"href":"https:\/\/www.nexoinformativo.mx\/index.php\/wp-json\/wp\/v2\/posts\/1892\/revisions\/1895"}],"wp:featuredmedia":[{"embeddable":true,"href":"https:\/\/www.nexoinformativo.mx\/index.php\/wp-json\/wp\/v2\/media\/1893"}],"wp:attachment":[{"href":"https:\/\/www.nexoinformativo.mx\/index.php\/wp-json\/wp\/v2\/media?parent=1892"}],"wp:term":[{"taxonomy":"category","embeddable":true,"href":"https:\/\/www.nexoinformativo.mx\/index.php\/wp-json\/wp\/v2\/categories?post=1892"},{"taxonomy":"post_tag","embeddable":true,"href":"https:\/\/www.nexoinformativo.mx\/index.php\/wp-json\/wp\/v2\/tags?post=1892"}],"curies":[{"name":"wp","href":"https:\/\/api.w.org\/{rel}","templated":true}]}}