{"id":1900,"date":"2024-09-12T14:00:50","date_gmt":"2024-09-12T20:00:50","guid":{"rendered":"https:\/\/www.nexoinformativo.mx\/?p=1900"},"modified":"2024-09-12T16:17:40","modified_gmt":"2024-09-12T22:17:40","slug":"adolescente-vinculado-a-proceso-por-asesinato-de-la-joven-de-17-anos-en-la-col-satelite-en-queretaro","status":"publish","type":"post","link":"https:\/\/www.nexoinformativo.mx\/index.php\/2024\/09\/12\/adolescente-vinculado-a-proceso-por-asesinato-de-la-joven-de-17-anos-en-la-col-satelite-en-queretaro\/","title":{"rendered":"Adolescente vinculado a proceso por asesinato de la joven de 17 a\u00f1os en la col. Sat\u00e9lite, en Quer\u00e9taro"},"content":{"rendered":"<p style=\"text-align: justify;\">El adolescente acusado presuntamente por el homicidio de una joven de 17 a\u00f1os en la colonia Sat\u00e9lite, Mpio. de Quer\u00e9taro ya fue vinculado a proceso. La Fiscal\u00eda logr\u00f3 la dicha vinculaci\u00f3n gracias a pruebas periciales en criminal\u00edstica, bal\u00edstica y medicina forense que demostraron supuestamente su participaci\u00f3n en el crimen ocurrido en un \u00e1rea deportiva. El joven habr\u00eda disparado un arma de fuego en contra de la v\u00edctima,\u00a0 estudiante del Bachillerato No. 1.<\/p>\n<p>&nbsp;<\/p>\n<p style=\"text-align: justify;\">El caso est\u00e1 siendo tratado bajo el sistema de justicia para adolescentes. El imputado permanecer\u00e1 en el Centro de Internamiento y Ejecuci\u00f3n de Medidas para Adolescentes mientras se lleva a cabo la investigaci\u00f3n complementaria, que durar\u00e1 dos meses. La Fiscal\u00eda ha seguido un enfoque con perspectiva de g\u00e9nero en todas sus acciones, cumpliendo con los protocolos establecidos.<\/p>\n","protected":false},"excerpt":{"rendered":"<p>El adolescente acusado del homicidio de una joven de 17 a\u00f1os en la colonia Sat\u00e9lite, Mpio. de Quer\u00e9taro ya fue vinculado a proceso.<\/p>\n","protected":false},"author":3,"featured_media":1839,"comment_status":"open","ping_status":"open","sticky":false,"template":"","format":"standard","meta":{"footnotes":""},"categories":[137,58],"tags":[698,699,700,266],"class_list":["post-1900","post","type-post","status-publish","format-standard","has-post-thumbnail","hentry","category-sucesos","category-ultima-hora","tag-crimensatelite","tag-homicidioqueretaro","tag-justiciaparajovenes","tag-seguridadqueretaro"],"yoast_head":"<!-- This site is optimized with the Yoast SEO plugin v25.0 - https:\/\/yoast.com\/wordpress\/plugins\/seo\/ -->\n<title>Adolescente vinculado a proceso por asesinato de la joven de 17 a\u00f1os en la col. Sat\u00e9lite, en Quer\u00e9taro | Nexo Informativo Santiago de Quer\u00e9taro<\/title>\n<meta name=\"description\" content=\"Adolescente vinculado a proceso por asesinato de la joven de 17 a\u00f1os en la col. Sat\u00e9lite, en Quer\u00e9taro\" \/>\n<meta name=\"robots\" content=\"index, follow, max-snippet:-1, max-image-preview:large, max-video-preview:-1\" \/>\n<link rel=\"canonical\" href=\"https:\/\/www.nexoinformativo.mx\/index.php\/2024\/09\/12\/adolescente-vinculado-a-proceso-por-asesinato-de-la-joven-de-17-anos-en-la-col-satelite-en-queretaro\/\" \/>\n<meta property=\"og:locale\" content=\"es_MX\" \/>\n<meta property=\"og:type\" content=\"article\" \/>\n<meta property=\"og:title\" content=\"Adolescente vinculado a proceso por asesinato de la joven de 17 a\u00f1os en la col. Sat\u00e9lite, en Quer\u00e9taro | Nexo Informativo Santiago de Quer\u00e9taro\" \/>\n<meta property=\"og:description\" content=\"Adolescente vinculado a proceso por asesinato de la joven de 17 a\u00f1os en la col. Sat\u00e9lite, en Quer\u00e9taro\" \/>\n<meta property=\"og:url\" content=\"https:\/\/www.nexoinformativo.mx\/index.php\/2024\/09\/12\/adolescente-vinculado-a-proceso-por-asesinato-de-la-joven-de-17-anos-en-la-col-satelite-en-queretaro\/\" \/>\n<meta property=\"og:site_name\" content=\"Nexo Informativo Santiago de Quer\u00e9taro\" \/>\n<meta property=\"article:publisher\" content=\"https:\/\/www.facebook.com\/people\/Nexo-Informativo\/61564066885511\/\" \/>\n<meta property=\"article:published_time\" content=\"2024-09-12T20:00:50+00:00\" \/>\n<meta property=\"article:modified_time\" content=\"2024-09-12T22:17:40+00:00\" \/>\n<meta property=\"og:image\" content=\"https:\/\/www.nexoinformativo.mx\/wp-content\/uploads\/2024\/09\/PHOTO-2024-09-11-18-23-00-e1726101746924.jpg\" \/>\n\t<meta property=\"og:image:width\" content=\"800\" \/>\n\t<meta property=\"og:image:height\" content=\"450\" \/>\n\t<meta property=\"og:image:type\" content=\"image\/jpeg\" \/>\n<meta name=\"author\" content=\"Nexo Informativo\" \/>\n<meta name=\"twitter:card\" content=\"summary_large_image\" \/>\n<meta name=\"twitter:label1\" content=\"Escrito por\" \/>\n\t<meta name=\"twitter:data1\" content=\"Nexo Informativo\" \/>\n\t<meta name=\"twitter:label2\" content=\"Tiempo de lectura\" \/>\n\t<meta name=\"twitter:data2\" content=\"1 minuto\" \/>\n<script type=\"application\/ld+json\" class=\"yoast-schema-graph\">{\"@context\":\"https:\/\/schema.org\",\"@graph\":[{\"@type\":\"Article\",\"@id\":\"https:\/\/www.nexoinformativo.mx\/index.php\/2024\/09\/12\/adolescente-vinculado-a-proceso-por-asesinato-de-la-joven-de-17-anos-en-la-col-satelite-en-queretaro\/#article\",\"isPartOf\":{\"@id\":\"https:\/\/www.nexoinformativo.mx\/index.php\/2024\/09\/12\/adolescente-vinculado-a-proceso-por-asesinato-de-la-joven-de-17-anos-en-la-col-satelite-en-queretaro\/\"},\"author\":{\"name\":\"Nexo Informativo\",\"@id\":\"https:\/\/www.nexoinformativo.mx\/#\/schema\/person\/7749d380ba08c8ca00d7bc76fd907b7d\"},\"headline\":\"Adolescente vinculado a proceso por asesinato de la joven de 17 a\u00f1os en la col. Sat\u00e9lite, en Quer\u00e9taro\",\"datePublished\":\"2024-09-12T20:00:50+00:00\",\"dateModified\":\"2024-09-12T22:17:40+00:00\",\"mainEntityOfPage\":{\"@id\":\"https:\/\/www.nexoinformativo.mx\/index.php\/2024\/09\/12\/adolescente-vinculado-a-proceso-por-asesinato-de-la-joven-de-17-anos-en-la-col-satelite-en-queretaro\/\"},\"wordCount\":162,\"commentCount\":0,\"publisher\":{\"@id\":\"https:\/\/www.nexoinformativo.mx\/#organization\"},\"image\":{\"@id\":\"https:\/\/www.nexoinformativo.mx\/index.php\/2024\/09\/12\/adolescente-vinculado-a-proceso-por-asesinato-de-la-joven-de-17-anos-en-la-col-satelite-en-queretaro\/#primaryimage\"},\"thumbnailUrl\":\"https:\/\/www.nexoinformativo.mx\/wp-content\/uploads\/2024\/09\/PHOTO-2024-09-11-18-23-00-e1726101746924.jpg\",\"keywords\":[\"CrimenSat\u00e9lite\",\"HomicidioQuer\u00e9taro\",\"JusticiaParaJ\u00f3venes\",\"SeguridadQueretaro\"],\"articleSection\":[\"Sucesos\",\"\u00daltima Hora\"],\"inLanguage\":\"es\",\"potentialAction\":[{\"@type\":\"CommentAction\",\"name\":\"Comment\",\"target\":[\"https:\/\/www.nexoinformativo.mx\/index.php\/2024\/09\/12\/adolescente-vinculado-a-proceso-por-asesinato-de-la-joven-de-17-anos-en-la-col-satelite-en-queretaro\/#respond\"]}]},{\"@type\":\"WebPage\",\"@id\":\"https:\/\/www.nexoinformativo.mx\/index.php\/2024\/09\/12\/adolescente-vinculado-a-proceso-por-asesinato-de-la-joven-de-17-anos-en-la-col-satelite-en-queretaro\/\",\"url\":\"https:\/\/www.nexoinformativo.mx\/index.php\/2024\/09\/12\/adolescente-vinculado-a-proceso-por-asesinato-de-la-joven-de-17-anos-en-la-col-satelite-en-queretaro\/\",\"name\":\"Adolescente vinculado a proceso por asesinato de la joven de 17 a\u00f1os en la col. Sat\u00e9lite, en Quer\u00e9taro | Nexo Informativo Santiago de Quer\u00e9taro\",\"isPartOf\":{\"@id\":\"https:\/\/www.nexoinformativo.mx\/#website\"},\"primaryImageOfPage\":{\"@id\":\"https:\/\/www.nexoinformativo.mx\/index.php\/2024\/09\/12\/adolescente-vinculado-a-proceso-por-asesinato-de-la-joven-de-17-anos-en-la-col-satelite-en-queretaro\/#primaryimage\"},\"image\":{\"@id\":\"https:\/\/www.nexoinformativo.mx\/index.php\/2024\/09\/12\/adolescente-vinculado-a-proceso-por-asesinato-de-la-joven-de-17-anos-en-la-col-satelite-en-queretaro\/#primaryimage\"},\"thumbnailUrl\":\"https:\/\/www.nexoinformativo.mx\/wp-content\/uploads\/2024\/09\/PHOTO-2024-09-11-18-23-00-e1726101746924.jpg\",\"datePublished\":\"2024-09-12T20:00:50+00:00\",\"dateModified\":\"2024-09-12T22:17:40+00:00\",\"description\":\"Adolescente vinculado a proceso por asesinato de la joven de 17 a\u00f1os en la col. Sat\u00e9lite, en Quer\u00e9taro\",\"breadcrumb\":{\"@id\":\"https:\/\/www.nexoinformativo.mx\/index.php\/2024\/09\/12\/adolescente-vinculado-a-proceso-por-asesinato-de-la-joven-de-17-anos-en-la-col-satelite-en-queretaro\/#breadcrumb\"},\"inLanguage\":\"es\",\"potentialAction\":[{\"@type\":\"ReadAction\",\"target\":[\"https:\/\/www.nexoinformativo.mx\/index.php\/2024\/09\/12\/adolescente-vinculado-a-proceso-por-asesinato-de-la-joven-de-17-anos-en-la-col-satelite-en-queretaro\/\"]}]},{\"@type\":\"ImageObject\",\"inLanguage\":\"es\",\"@id\":\"https:\/\/www.nexoinformativo.mx\/index.php\/2024\/09\/12\/adolescente-vinculado-a-proceso-por-asesinato-de-la-joven-de-17-anos-en-la-col-satelite-en-queretaro\/#primaryimage\",\"url\":\"https:\/\/www.nexoinformativo.mx\/wp-content\/uploads\/2024\/09\/PHOTO-2024-09-11-18-23-00-e1726101746924.jpg\",\"contentUrl\":\"https:\/\/www.nexoinformativo.mx\/wp-content\/uploads\/2024\/09\/PHOTO-2024-09-11-18-23-00-e1726101746924.jpg\",\"width\":800,\"height\":450},{\"@type\":\"BreadcrumbList\",\"@id\":\"https:\/\/www.nexoinformativo.mx\/index.php\/2024\/09\/12\/adolescente-vinculado-a-proceso-por-asesinato-de-la-joven-de-17-anos-en-la-col-satelite-en-queretaro\/#breadcrumb\",\"itemListElement\":[{\"@type\":\"ListItem\",\"position\":1,\"name\":\"Inicio\",\"item\":\"https:\/\/www.nexoinformativo.mx\/\"},{\"@type\":\"ListItem\",\"position\":2,\"name\":\"Adolescente vinculado a proceso por asesinato de la joven de 17 a\u00f1os en la col. Sat\u00e9lite, en Quer\u00e9taro\"}]},{\"@type\":\"WebSite\",\"@id\":\"https:\/\/www.nexoinformativo.mx\/#website\",\"url\":\"https:\/\/www.nexoinformativo.mx\/\",\"name\":\"Nexo Informativo Santiago de Quer\u00e9taro\",\"description\":\"Explora NexoInformativo y convi\u00e9rtete en parte de una comunidad que valora el conocimiento y la verdad. Tu nexoinformativo es tu puente hacia una comprensi\u00f3n m\u00e1s profunda del mundo que te rodea.\",\"publisher\":{\"@id\":\"https:\/\/www.nexoinformativo.mx\/#organization\"},\"potentialAction\":[{\"@type\":\"SearchAction\",\"target\":{\"@type\":\"EntryPoint\",\"urlTemplate\":\"https:\/\/www.nexoinformativo.mx\/?s={search_term_string}\"},\"query-input\":{\"@type\":\"PropertyValueSpecification\",\"valueRequired\":true,\"valueName\":\"search_term_string\"}}],\"inLanguage\":\"es\"},{\"@type\":\"Organization\",\"@id\":\"https:\/\/www.nexoinformativo.mx\/#organization\",\"name\":\"Nexo Informativo Santiago de Quer\u00e9taro\",\"url\":\"https:\/\/www.nexoinformativo.mx\/\",\"logo\":{\"@type\":\"ImageObject\",\"inLanguage\":\"es\",\"@id\":\"https:\/\/www.nexoinformativo.mx\/#\/schema\/logo\/image\/\",\"url\":\"https:\/\/www.nexoinformativo.mx\/wp-content\/uploads\/2024\/07\/nexoi-trasparente-2.png\",\"contentUrl\":\"https:\/\/www.nexoinformativo.mx\/wp-content\/uploads\/2024\/07\/nexoi-trasparente-2.png\",\"width\":816,\"height\":339,\"caption\":\"Nexo Informativo Santiago de Quer\u00e9taro\"},\"image\":{\"@id\":\"https:\/\/www.nexoinformativo.mx\/#\/schema\/logo\/image\/\"},\"sameAs\":[\"https:\/\/www.facebook.com\/people\/Nexo-Informativo\/61564066885511\/\"]},{\"@type\":\"Person\",\"@id\":\"https:\/\/www.nexoinformativo.mx\/#\/schema\/person\/7749d380ba08c8ca00d7bc76fd907b7d\",\"name\":\"Nexo Informativo\",\"image\":{\"@type\":\"ImageObject\",\"inLanguage\":\"es\",\"@id\":\"https:\/\/www.nexoinformativo.mx\/#\/schema\/person\/image\/\",\"url\":\"https:\/\/secure.gravatar.com\/avatar\/dde2928154642a13d95f87ddf1ea9718fe2b46760a005c53e41ff5ad610704e6?s=96&d=mm&r=g\",\"contentUrl\":\"https:\/\/secure.gravatar.com\/avatar\/dde2928154642a13d95f87ddf1ea9718fe2b46760a005c53e41ff5ad610704e6?s=96&d=mm&r=g\",\"caption\":\"Nexo Informativo\"},\"url\":\"https:\/\/www.nexoinformativo.mx\/index.php\/author\/edicion\/\"}]}<\/script>\n<!-- \/ Yoast SEO plugin. -->","yoast_head_json":{"title":"Adolescente vinculado a proceso por asesinato de la joven de 17 a\u00f1os en la col. Sat\u00e9lite, en Quer\u00e9taro | Nexo Informativo Santiago de Quer\u00e9taro","description":"Adolescente vinculado a proceso por asesinato de la joven de 17 a\u00f1os en la col. Sat\u00e9lite, en Quer\u00e9taro","robots":{"index":"index","follow":"follow","max-snippet":"max-snippet:-1","max-image-preview":"max-image-preview:large","max-video-preview":"max-video-preview:-1"},"canonical":"https:\/\/www.nexoinformativo.mx\/index.php\/2024\/09\/12\/adolescente-vinculado-a-proceso-por-asesinato-de-la-joven-de-17-anos-en-la-col-satelite-en-queretaro\/","og_locale":"es_MX","og_type":"article","og_title":"Adolescente vinculado a proceso por asesinato de la joven de 17 a\u00f1os en la col. Sat\u00e9lite, en Quer\u00e9taro | Nexo Informativo Santiago de Quer\u00e9taro","og_description":"Adolescente vinculado a proceso por asesinato de la joven de 17 a\u00f1os en la col. Sat\u00e9lite, en Quer\u00e9taro","og_url":"https:\/\/www.nexoinformativo.mx\/index.php\/2024\/09\/12\/adolescente-vinculado-a-proceso-por-asesinato-de-la-joven-de-17-anos-en-la-col-satelite-en-queretaro\/","og_site_name":"Nexo Informativo Santiago de Quer\u00e9taro","article_publisher":"https:\/\/www.facebook.com\/people\/Nexo-Informativo\/61564066885511\/","article_published_time":"2024-09-12T20:00:50+00:00","article_modified_time":"2024-09-12T22:17:40+00:00","og_image":[{"width":800,"height":450,"url":"https:\/\/www.nexoinformativo.mx\/wp-content\/uploads\/2024\/09\/PHOTO-2024-09-11-18-23-00-e1726101746924.jpg","type":"image\/jpeg"}],"author":"Nexo Informativo","twitter_card":"summary_large_image","twitter_misc":{"Escrito por":"Nexo Informativo","Tiempo de lectura":"1 minuto"},"schema":{"@context":"https:\/\/schema.org","@graph":[{"@type":"Article","@id":"https:\/\/www.nexoinformativo.mx\/index.php\/2024\/09\/12\/adolescente-vinculado-a-proceso-por-asesinato-de-la-joven-de-17-anos-en-la-col-satelite-en-queretaro\/#article","isPartOf":{"@id":"https:\/\/www.nexoinformativo.mx\/index.php\/2024\/09\/12\/adolescente-vinculado-a-proceso-por-asesinato-de-la-joven-de-17-anos-en-la-col-satelite-en-queretaro\/"},"author":{"name":"Nexo Informativo","@id":"https:\/\/www.nexoinformativo.mx\/#\/schema\/person\/7749d380ba08c8ca00d7bc76fd907b7d"},"headline":"Adolescente vinculado a proceso por asesinato de la joven de 17 a\u00f1os en la col. Sat\u00e9lite, en Quer\u00e9taro","datePublished":"2024-09-12T20:00:50+00:00","dateModified":"2024-09-12T22:17:40+00:00","mainEntityOfPage":{"@id":"https:\/\/www.nexoinformativo.mx\/index.php\/2024\/09\/12\/adolescente-vinculado-a-proceso-por-asesinato-de-la-joven-de-17-anos-en-la-col-satelite-en-queretaro\/"},"wordCount":162,"commentCount":0,"publisher":{"@id":"https:\/\/www.nexoinformativo.mx\/#organization"},"image":{"@id":"https:\/\/www.nexoinformativo.mx\/index.php\/2024\/09\/12\/adolescente-vinculado-a-proceso-por-asesinato-de-la-joven-de-17-anos-en-la-col-satelite-en-queretaro\/#primaryimage"},"thumbnailUrl":"https:\/\/www.nexoinformativo.mx\/wp-content\/uploads\/2024\/09\/PHOTO-2024-09-11-18-23-00-e1726101746924.jpg","keywords":["CrimenSat\u00e9lite","HomicidioQuer\u00e9taro","JusticiaParaJ\u00f3venes","SeguridadQueretaro"],"articleSection":["Sucesos","\u00daltima Hora"],"inLanguage":"es","potentialAction":[{"@type":"CommentAction","name":"Comment","target":["https:\/\/www.nexoinformativo.mx\/index.php\/2024\/09\/12\/adolescente-vinculado-a-proceso-por-asesinato-de-la-joven-de-17-anos-en-la-col-satelite-en-queretaro\/#respond"]}]},{"@type":"WebPage","@id":"https:\/\/www.nexoinformativo.mx\/index.php\/2024\/09\/12\/adolescente-vinculado-a-proceso-por-asesinato-de-la-joven-de-17-anos-en-la-col-satelite-en-queretaro\/","url":"https:\/\/www.nexoinformativo.mx\/index.php\/2024\/09\/12\/adolescente-vinculado-a-proceso-por-asesinato-de-la-joven-de-17-anos-en-la-col-satelite-en-queretaro\/","name":"Adolescente vinculado a proceso por asesinato de la joven de 17 a\u00f1os en la col. Sat\u00e9lite, en Quer\u00e9taro | Nexo Informativo Santiago de Quer\u00e9taro","isPartOf":{"@id":"https:\/\/www.nexoinformativo.mx\/#website"},"primaryImageOfPage":{"@id":"https:\/\/www.nexoinformativo.mx\/index.php\/2024\/09\/12\/adolescente-vinculado-a-proceso-por-asesinato-de-la-joven-de-17-anos-en-la-col-satelite-en-queretaro\/#primaryimage"},"image":{"@id":"https:\/\/www.nexoinformativo.mx\/index.php\/2024\/09\/12\/adolescente-vinculado-a-proceso-por-asesinato-de-la-joven-de-17-anos-en-la-col-satelite-en-queretaro\/#primaryimage"},"thumbnailUrl":"https:\/\/www.nexoinformativo.mx\/wp-content\/uploads\/2024\/09\/PHOTO-2024-09-11-18-23-00-e1726101746924.jpg","datePublished":"2024-09-12T20:00:50+00:00","dateModified":"2024-09-12T22:17:40+00:00","description":"Adolescente vinculado a proceso por asesinato de la joven de 17 a\u00f1os en la col. Sat\u00e9lite, en Quer\u00e9taro","breadcrumb":{"@id":"https:\/\/www.nexoinformativo.mx\/index.php\/2024\/09\/12\/adolescente-vinculado-a-proceso-por-asesinato-de-la-joven-de-17-anos-en-la-col-satelite-en-queretaro\/#breadcrumb"},"inLanguage":"es","potentialAction":[{"@type":"ReadAction","target":["https:\/\/www.nexoinformativo.mx\/index.php\/2024\/09\/12\/adolescente-vinculado-a-proceso-por-asesinato-de-la-joven-de-17-anos-en-la-col-satelite-en-queretaro\/"]}]},{"@type":"ImageObject","inLanguage":"es","@id":"https:\/\/www.nexoinformativo.mx\/index.php\/2024\/09\/12\/adolescente-vinculado-a-proceso-por-asesinato-de-la-joven-de-17-anos-en-la-col-satelite-en-queretaro\/#primaryimage","url":"https:\/\/www.nexoinformativo.mx\/wp-content\/uploads\/2024\/09\/PHOTO-2024-09-11-18-23-00-e1726101746924.jpg","contentUrl":"https:\/\/www.nexoinformativo.mx\/wp-content\/uploads\/2024\/09\/PHOTO-2024-09-11-18-23-00-e1726101746924.jpg","width":800,"height":450},{"@type":"BreadcrumbList","@id":"https:\/\/www.nexoinformativo.mx\/index.php\/2024\/09\/12\/adolescente-vinculado-a-proceso-por-asesinato-de-la-joven-de-17-anos-en-la-col-satelite-en-queretaro\/#breadcrumb","itemListElement":[{"@type":"ListItem","position":1,"name":"Inicio","item":"https:\/\/www.nexoinformativo.mx\/"},{"@type":"ListItem","position":2,"name":"Adolescente vinculado a proceso por asesinato de la joven de 17 a\u00f1os en la col. Sat\u00e9lite, en Quer\u00e9taro"}]},{"@type":"WebSite","@id":"https:\/\/www.nexoinformativo.mx\/#website","url":"https:\/\/www.nexoinformativo.mx\/","name":"Nexo Informativo Santiago de Quer\u00e9taro","description":"Explora NexoInformativo y convi\u00e9rtete en parte de una comunidad que valora el conocimiento y la verdad. Tu nexoinformativo es tu puente hacia una comprensi\u00f3n m\u00e1s profunda del mundo que te rodea.","publisher":{"@id":"https:\/\/www.nexoinformativo.mx\/#organization"},"potentialAction":[{"@type":"SearchAction","target":{"@type":"EntryPoint","urlTemplate":"https:\/\/www.nexoinformativo.mx\/?s={search_term_string}"},"query-input":{"@type":"PropertyValueSpecification","valueRequired":true,"valueName":"search_term_string"}}],"inLanguage":"es"},{"@type":"Organization","@id":"https:\/\/www.nexoinformativo.mx\/#organization","name":"Nexo Informativo Santiago de Quer\u00e9taro","url":"https:\/\/www.nexoinformativo.mx\/","logo":{"@type":"ImageObject","inLanguage":"es","@id":"https:\/\/www.nexoinformativo.mx\/#\/schema\/logo\/image\/","url":"https:\/\/www.nexoinformativo.mx\/wp-content\/uploads\/2024\/07\/nexoi-trasparente-2.png","contentUrl":"https:\/\/www.nexoinformativo.mx\/wp-content\/uploads\/2024\/07\/nexoi-trasparente-2.png","width":816,"height":339,"caption":"Nexo Informativo Santiago de Quer\u00e9taro"},"image":{"@id":"https:\/\/www.nexoinformativo.mx\/#\/schema\/logo\/image\/"},"sameAs":["https:\/\/www.facebook.com\/people\/Nexo-Informativo\/61564066885511\/"]},{"@type":"Person","@id":"https:\/\/www.nexoinformativo.mx\/#\/schema\/person\/7749d380ba08c8ca00d7bc76fd907b7d","name":"Nexo Informativo","image":{"@type":"ImageObject","inLanguage":"es","@id":"https:\/\/www.nexoinformativo.mx\/#\/schema\/person\/image\/","url":"https:\/\/secure.gravatar.com\/avatar\/dde2928154642a13d95f87ddf1ea9718fe2b46760a005c53e41ff5ad610704e6?s=96&d=mm&r=g","contentUrl":"https:\/\/secure.gravatar.com\/avatar\/dde2928154642a13d95f87ddf1ea9718fe2b46760a005c53e41ff5ad610704e6?s=96&d=mm&r=g","caption":"Nexo Informativo"},"url":"https:\/\/www.nexoinformativo.mx\/index.php\/author\/edicion\/"}]}},"_links":{"self":[{"href":"https:\/\/www.nexoinformativo.mx\/index.php\/wp-json\/wp\/v2\/posts\/1900","targetHints":{"allow":["GET"]}}],"collection":[{"href":"https:\/\/www.nexoinformativo.mx\/index.php\/wp-json\/wp\/v2\/posts"}],"about":[{"href":"https:\/\/www.nexoinformativo.mx\/index.php\/wp-json\/wp\/v2\/types\/post"}],"author":[{"embeddable":true,"href":"https:\/\/www.nexoinformativo.mx\/index.php\/wp-json\/wp\/v2\/users\/3"}],"replies":[{"embeddable":true,"href":"https:\/\/www.nexoinformativo.mx\/index.php\/wp-json\/wp\/v2\/comments?post=1900"}],"version-history":[{"count":4,"href":"https:\/\/www.nexoinformativo.mx\/index.php\/wp-json\/wp\/v2\/posts\/1900\/revisions"}],"predecessor-version":[{"id":1902,"href":"https:\/\/www.nexoinformativo.mx\/index.php\/wp-json\/wp\/v2\/posts\/1900\/revisions\/1902"}],"wp:featuredmedia":[{"embeddable":true,"href":"https:\/\/www.nexoinformativo.mx\/index.php\/wp-json\/wp\/v2\/media\/1839"}],"wp:attachment":[{"href":"https:\/\/www.nexoinformativo.mx\/index.php\/wp-json\/wp\/v2\/media?parent=1900"}],"wp:term":[{"taxonomy":"category","embeddable":true,"href":"https:\/\/www.nexoinformativo.mx\/index.php\/wp-json\/wp\/v2\/categories?post=1900"},{"taxonomy":"post_tag","embeddable":true,"href":"https:\/\/www.nexoinformativo.mx\/index.php\/wp-json\/wp\/v2\/tags?post=1900"}],"curies":[{"name":"wp","href":"https:\/\/api.w.org\/{rel}","templated":true}]}}