{"id":1911,"date":"2024-09-13T11:00:40","date_gmt":"2024-09-13T17:00:40","guid":{"rendered":"https:\/\/www.nexoinformativo.mx\/?p=1911"},"modified":"2024-09-13T13:56:26","modified_gmt":"2024-09-13T19:56:26","slug":"adolescente-podria-enfrentar-hasta-5-anos-de-prision-por-homicidio-calificado-en-queretaro","status":"publish","type":"post","link":"https:\/\/www.nexoinformativo.mx\/index.php\/2024\/09\/13\/adolescente-podria-enfrentar-hasta-5-anos-de-prision-por-homicidio-calificado-en-queretaro\/","title":{"rendered":"Adolescente podr\u00eda enfrentar hasta 5 a\u00f1os de prisi\u00f3n por homicidio calificado en Quer\u00e9taro"},"content":{"rendered":"<p style=\"text-align: justify;\">Un adolescente de 17 a\u00f1os fue imputado por el homicidio calificado de una joven egresada del COBAQ en la zona norte de Quer\u00e9taro. Seg\u00fan la Fiscal\u00eda, el joven podr\u00eda enfrentar una condena de hasta 5 a\u00f1os de prisi\u00f3n en el Centro de Internamiento y Ejecuci\u00f3n de Medidas para Adolescentes (CIEMA). No obstante, la pena podr\u00eda reducirse a 3 a\u00f1os si se establece una reparaci\u00f3n del da\u00f1o, dependiendo de las pruebas presentadas, decisi\u00f3n que ser\u00e1 tomada en audiencia por el juez.<\/p>\n<p>&nbsp;<\/p>\n<p style=\"text-align: justify;\">\n<p style=\"text-align: justify;\">El titular de la Procuradur\u00eda Estatal de Protecci\u00f3n a Ni\u00f1as, Ni\u00f1os y Adolescentes del Sistema Estatal DIF, Manuel Hern\u00e1ndez, explic\u00f3 que, durante la audiencia judicial, la dependencia no asumi\u00f3 la asesor\u00eda jur\u00eddica del imputado, ya que fue representado por un asesor jur\u00eddico y defensor p\u00fablico. La Procuradur\u00eda se encarg\u00f3 de verificar que se cumpliera con el debido proceso, conforme a la ley de justicia para adolescentes.<\/p>\n","protected":false},"excerpt":{"rendered":"<p>Un adolescente de 17 a\u00f1os fue imputado por el homicidio calificado de una joven egresada del COBAQ en la zona norte de Quer\u00e9taro.<\/p>\n","protected":false},"author":3,"featured_media":1918,"comment_status":"open","ping_status":"open","sticky":false,"template":"","format":"standard","meta":{"footnotes":""},"categories":[137,58],"tags":[699,706,704,705],"class_list":["post-1911","post","type-post","status-publish","format-standard","has-post-thumbnail","hentry","category-sucesos","category-ultima-hora","tag-homicidioqueretaro","tag-justiciajuvenil","tag-queretarosegura","tag-sistemapenaladolescentes"],"yoast_head":"<!-- This site is optimized with the Yoast SEO plugin v25.0 - https:\/\/yoast.com\/wordpress\/plugins\/seo\/ -->\n<title>Adolescente podr\u00eda enfrentar hasta 5 a\u00f1os de prisi\u00f3n por homicidio calificado en Quer\u00e9taro | Nexo Informativo Santiago de Quer\u00e9taro<\/title>\n<meta name=\"description\" content=\"Adolescente podr\u00eda enfrentar hasta 5 a\u00f1os de prisi\u00f3n por homicidio calificado en Quer\u00e9taro\" \/>\n<meta name=\"robots\" content=\"index, follow, max-snippet:-1, max-image-preview:large, max-video-preview:-1\" \/>\n<link rel=\"canonical\" href=\"https:\/\/www.nexoinformativo.mx\/index.php\/2024\/09\/13\/adolescente-podria-enfrentar-hasta-5-anos-de-prision-por-homicidio-calificado-en-queretaro\/\" \/>\n<meta property=\"og:locale\" content=\"es_MX\" \/>\n<meta property=\"og:type\" content=\"article\" \/>\n<meta property=\"og:title\" content=\"Adolescente podr\u00eda enfrentar hasta 5 a\u00f1os de prisi\u00f3n por homicidio calificado en Quer\u00e9taro | Nexo Informativo Santiago de Quer\u00e9taro\" \/>\n<meta property=\"og:description\" content=\"Adolescente podr\u00eda enfrentar hasta 5 a\u00f1os de prisi\u00f3n por homicidio calificado en Quer\u00e9taro\" \/>\n<meta property=\"og:url\" content=\"https:\/\/www.nexoinformativo.mx\/index.php\/2024\/09\/13\/adolescente-podria-enfrentar-hasta-5-anos-de-prision-por-homicidio-calificado-en-queretaro\/\" \/>\n<meta property=\"og:site_name\" content=\"Nexo Informativo Santiago de Quer\u00e9taro\" \/>\n<meta property=\"article:publisher\" content=\"https:\/\/www.facebook.com\/people\/Nexo-Informativo\/61564066885511\/\" \/>\n<meta property=\"article:published_time\" content=\"2024-09-13T17:00:40+00:00\" \/>\n<meta property=\"article:modified_time\" content=\"2024-09-13T19:56:26+00:00\" \/>\n<meta property=\"og:image\" content=\"https:\/\/www.nexoinformativo.mx\/wp-content\/uploads\/2024\/09\/unnamed-1-4-e1726257293960.jpg\" \/>\n\t<meta property=\"og:image:width\" content=\"800\" \/>\n\t<meta property=\"og:image:height\" content=\"524\" \/>\n\t<meta property=\"og:image:type\" content=\"image\/jpeg\" \/>\n<meta name=\"author\" content=\"Nexo Informativo\" \/>\n<meta name=\"twitter:card\" content=\"summary_large_image\" \/>\n<meta name=\"twitter:label1\" content=\"Escrito por\" \/>\n\t<meta name=\"twitter:data1\" content=\"Nexo Informativo\" \/>\n\t<meta name=\"twitter:label2\" content=\"Tiempo de lectura\" \/>\n\t<meta name=\"twitter:data2\" content=\"1 minuto\" \/>\n<script type=\"application\/ld+json\" class=\"yoast-schema-graph\">{\"@context\":\"https:\/\/schema.org\",\"@graph\":[{\"@type\":\"Article\",\"@id\":\"https:\/\/www.nexoinformativo.mx\/index.php\/2024\/09\/13\/adolescente-podria-enfrentar-hasta-5-anos-de-prision-por-homicidio-calificado-en-queretaro\/#article\",\"isPartOf\":{\"@id\":\"https:\/\/www.nexoinformativo.mx\/index.php\/2024\/09\/13\/adolescente-podria-enfrentar-hasta-5-anos-de-prision-por-homicidio-calificado-en-queretaro\/\"},\"author\":{\"name\":\"Nexo Informativo\",\"@id\":\"https:\/\/www.nexoinformativo.mx\/#\/schema\/person\/7749d380ba08c8ca00d7bc76fd907b7d\"},\"headline\":\"Adolescente podr\u00eda enfrentar hasta 5 a\u00f1os de prisi\u00f3n por homicidio calificado en Quer\u00e9taro\",\"datePublished\":\"2024-09-13T17:00:40+00:00\",\"dateModified\":\"2024-09-13T19:56:26+00:00\",\"mainEntityOfPage\":{\"@id\":\"https:\/\/www.nexoinformativo.mx\/index.php\/2024\/09\/13\/adolescente-podria-enfrentar-hasta-5-anos-de-prision-por-homicidio-calificado-en-queretaro\/\"},\"wordCount\":183,\"commentCount\":0,\"publisher\":{\"@id\":\"https:\/\/www.nexoinformativo.mx\/#organization\"},\"image\":{\"@id\":\"https:\/\/www.nexoinformativo.mx\/index.php\/2024\/09\/13\/adolescente-podria-enfrentar-hasta-5-anos-de-prision-por-homicidio-calificado-en-queretaro\/#primaryimage\"},\"thumbnailUrl\":\"https:\/\/www.nexoinformativo.mx\/wp-content\/uploads\/2024\/09\/unnamed-1-4-e1726257293960.jpg\",\"keywords\":[\"HomicidioQuer\u00e9taro\",\"JusticiaJuvenil\",\"Quer\u00e9taroSegura\",\"SistemaPenalAdolescentes\"],\"articleSection\":[\"Sucesos\",\"\u00daltima Hora\"],\"inLanguage\":\"es\",\"potentialAction\":[{\"@type\":\"CommentAction\",\"name\":\"Comment\",\"target\":[\"https:\/\/www.nexoinformativo.mx\/index.php\/2024\/09\/13\/adolescente-podria-enfrentar-hasta-5-anos-de-prision-por-homicidio-calificado-en-queretaro\/#respond\"]}]},{\"@type\":\"WebPage\",\"@id\":\"https:\/\/www.nexoinformativo.mx\/index.php\/2024\/09\/13\/adolescente-podria-enfrentar-hasta-5-anos-de-prision-por-homicidio-calificado-en-queretaro\/\",\"url\":\"https:\/\/www.nexoinformativo.mx\/index.php\/2024\/09\/13\/adolescente-podria-enfrentar-hasta-5-anos-de-prision-por-homicidio-calificado-en-queretaro\/\",\"name\":\"Adolescente podr\u00eda enfrentar hasta 5 a\u00f1os de prisi\u00f3n por homicidio calificado en Quer\u00e9taro | Nexo Informativo Santiago de Quer\u00e9taro\",\"isPartOf\":{\"@id\":\"https:\/\/www.nexoinformativo.mx\/#website\"},\"primaryImageOfPage\":{\"@id\":\"https:\/\/www.nexoinformativo.mx\/index.php\/2024\/09\/13\/adolescente-podria-enfrentar-hasta-5-anos-de-prision-por-homicidio-calificado-en-queretaro\/#primaryimage\"},\"image\":{\"@id\":\"https:\/\/www.nexoinformativo.mx\/index.php\/2024\/09\/13\/adolescente-podria-enfrentar-hasta-5-anos-de-prision-por-homicidio-calificado-en-queretaro\/#primaryimage\"},\"thumbnailUrl\":\"https:\/\/www.nexoinformativo.mx\/wp-content\/uploads\/2024\/09\/unnamed-1-4-e1726257293960.jpg\",\"datePublished\":\"2024-09-13T17:00:40+00:00\",\"dateModified\":\"2024-09-13T19:56:26+00:00\",\"description\":\"Adolescente podr\u00eda enfrentar hasta 5 a\u00f1os de prisi\u00f3n por homicidio calificado en Quer\u00e9taro\",\"breadcrumb\":{\"@id\":\"https:\/\/www.nexoinformativo.mx\/index.php\/2024\/09\/13\/adolescente-podria-enfrentar-hasta-5-anos-de-prision-por-homicidio-calificado-en-queretaro\/#breadcrumb\"},\"inLanguage\":\"es\",\"potentialAction\":[{\"@type\":\"ReadAction\",\"target\":[\"https:\/\/www.nexoinformativo.mx\/index.php\/2024\/09\/13\/adolescente-podria-enfrentar-hasta-5-anos-de-prision-por-homicidio-calificado-en-queretaro\/\"]}]},{\"@type\":\"ImageObject\",\"inLanguage\":\"es\",\"@id\":\"https:\/\/www.nexoinformativo.mx\/index.php\/2024\/09\/13\/adolescente-podria-enfrentar-hasta-5-anos-de-prision-por-homicidio-calificado-en-queretaro\/#primaryimage\",\"url\":\"https:\/\/www.nexoinformativo.mx\/wp-content\/uploads\/2024\/09\/unnamed-1-4-e1726257293960.jpg\",\"contentUrl\":\"https:\/\/www.nexoinformativo.mx\/wp-content\/uploads\/2024\/09\/unnamed-1-4-e1726257293960.jpg\",\"width\":800,\"height\":524},{\"@type\":\"BreadcrumbList\",\"@id\":\"https:\/\/www.nexoinformativo.mx\/index.php\/2024\/09\/13\/adolescente-podria-enfrentar-hasta-5-anos-de-prision-por-homicidio-calificado-en-queretaro\/#breadcrumb\",\"itemListElement\":[{\"@type\":\"ListItem\",\"position\":1,\"name\":\"Inicio\",\"item\":\"https:\/\/www.nexoinformativo.mx\/\"},{\"@type\":\"ListItem\",\"position\":2,\"name\":\"Adolescente podr\u00eda enfrentar hasta 5 a\u00f1os de prisi\u00f3n por homicidio calificado en Quer\u00e9taro\"}]},{\"@type\":\"WebSite\",\"@id\":\"https:\/\/www.nexoinformativo.mx\/#website\",\"url\":\"https:\/\/www.nexoinformativo.mx\/\",\"name\":\"Nexo Informativo Santiago de Quer\u00e9taro\",\"description\":\"Explora NexoInformativo y convi\u00e9rtete en parte de una comunidad que valora el conocimiento y la verdad. Tu nexoinformativo es tu puente hacia una comprensi\u00f3n m\u00e1s profunda del mundo que te rodea.\",\"publisher\":{\"@id\":\"https:\/\/www.nexoinformativo.mx\/#organization\"},\"potentialAction\":[{\"@type\":\"SearchAction\",\"target\":{\"@type\":\"EntryPoint\",\"urlTemplate\":\"https:\/\/www.nexoinformativo.mx\/?s={search_term_string}\"},\"query-input\":{\"@type\":\"PropertyValueSpecification\",\"valueRequired\":true,\"valueName\":\"search_term_string\"}}],\"inLanguage\":\"es\"},{\"@type\":\"Organization\",\"@id\":\"https:\/\/www.nexoinformativo.mx\/#organization\",\"name\":\"Nexo Informativo Santiago de Quer\u00e9taro\",\"url\":\"https:\/\/www.nexoinformativo.mx\/\",\"logo\":{\"@type\":\"ImageObject\",\"inLanguage\":\"es\",\"@id\":\"https:\/\/www.nexoinformativo.mx\/#\/schema\/logo\/image\/\",\"url\":\"https:\/\/www.nexoinformativo.mx\/wp-content\/uploads\/2024\/07\/nexoi-trasparente-2.png\",\"contentUrl\":\"https:\/\/www.nexoinformativo.mx\/wp-content\/uploads\/2024\/07\/nexoi-trasparente-2.png\",\"width\":816,\"height\":339,\"caption\":\"Nexo Informativo Santiago de Quer\u00e9taro\"},\"image\":{\"@id\":\"https:\/\/www.nexoinformativo.mx\/#\/schema\/logo\/image\/\"},\"sameAs\":[\"https:\/\/www.facebook.com\/people\/Nexo-Informativo\/61564066885511\/\"]},{\"@type\":\"Person\",\"@id\":\"https:\/\/www.nexoinformativo.mx\/#\/schema\/person\/7749d380ba08c8ca00d7bc76fd907b7d\",\"name\":\"Nexo Informativo\",\"image\":{\"@type\":\"ImageObject\",\"inLanguage\":\"es\",\"@id\":\"https:\/\/www.nexoinformativo.mx\/#\/schema\/person\/image\/\",\"url\":\"https:\/\/secure.gravatar.com\/avatar\/dde2928154642a13d95f87ddf1ea9718fe2b46760a005c53e41ff5ad610704e6?s=96&d=mm&r=g\",\"contentUrl\":\"https:\/\/secure.gravatar.com\/avatar\/dde2928154642a13d95f87ddf1ea9718fe2b46760a005c53e41ff5ad610704e6?s=96&d=mm&r=g\",\"caption\":\"Nexo Informativo\"},\"url\":\"https:\/\/www.nexoinformativo.mx\/index.php\/author\/edicion\/\"}]}<\/script>\n<!-- \/ Yoast SEO plugin. -->","yoast_head_json":{"title":"Adolescente podr\u00eda enfrentar hasta 5 a\u00f1os de prisi\u00f3n por homicidio calificado en Quer\u00e9taro | Nexo Informativo Santiago de Quer\u00e9taro","description":"Adolescente podr\u00eda enfrentar hasta 5 a\u00f1os de prisi\u00f3n por homicidio calificado en Quer\u00e9taro","robots":{"index":"index","follow":"follow","max-snippet":"max-snippet:-1","max-image-preview":"max-image-preview:large","max-video-preview":"max-video-preview:-1"},"canonical":"https:\/\/www.nexoinformativo.mx\/index.php\/2024\/09\/13\/adolescente-podria-enfrentar-hasta-5-anos-de-prision-por-homicidio-calificado-en-queretaro\/","og_locale":"es_MX","og_type":"article","og_title":"Adolescente podr\u00eda enfrentar hasta 5 a\u00f1os de prisi\u00f3n por homicidio calificado en Quer\u00e9taro | Nexo Informativo Santiago de Quer\u00e9taro","og_description":"Adolescente podr\u00eda enfrentar hasta 5 a\u00f1os de prisi\u00f3n por homicidio calificado en Quer\u00e9taro","og_url":"https:\/\/www.nexoinformativo.mx\/index.php\/2024\/09\/13\/adolescente-podria-enfrentar-hasta-5-anos-de-prision-por-homicidio-calificado-en-queretaro\/","og_site_name":"Nexo Informativo Santiago de Quer\u00e9taro","article_publisher":"https:\/\/www.facebook.com\/people\/Nexo-Informativo\/61564066885511\/","article_published_time":"2024-09-13T17:00:40+00:00","article_modified_time":"2024-09-13T19:56:26+00:00","og_image":[{"width":800,"height":524,"url":"https:\/\/www.nexoinformativo.mx\/wp-content\/uploads\/2024\/09\/unnamed-1-4-e1726257293960.jpg","type":"image\/jpeg"}],"author":"Nexo Informativo","twitter_card":"summary_large_image","twitter_misc":{"Escrito por":"Nexo Informativo","Tiempo de lectura":"1 minuto"},"schema":{"@context":"https:\/\/schema.org","@graph":[{"@type":"Article","@id":"https:\/\/www.nexoinformativo.mx\/index.php\/2024\/09\/13\/adolescente-podria-enfrentar-hasta-5-anos-de-prision-por-homicidio-calificado-en-queretaro\/#article","isPartOf":{"@id":"https:\/\/www.nexoinformativo.mx\/index.php\/2024\/09\/13\/adolescente-podria-enfrentar-hasta-5-anos-de-prision-por-homicidio-calificado-en-queretaro\/"},"author":{"name":"Nexo Informativo","@id":"https:\/\/www.nexoinformativo.mx\/#\/schema\/person\/7749d380ba08c8ca00d7bc76fd907b7d"},"headline":"Adolescente podr\u00eda enfrentar hasta 5 a\u00f1os de prisi\u00f3n por homicidio calificado en Quer\u00e9taro","datePublished":"2024-09-13T17:00:40+00:00","dateModified":"2024-09-13T19:56:26+00:00","mainEntityOfPage":{"@id":"https:\/\/www.nexoinformativo.mx\/index.php\/2024\/09\/13\/adolescente-podria-enfrentar-hasta-5-anos-de-prision-por-homicidio-calificado-en-queretaro\/"},"wordCount":183,"commentCount":0,"publisher":{"@id":"https:\/\/www.nexoinformativo.mx\/#organization"},"image":{"@id":"https:\/\/www.nexoinformativo.mx\/index.php\/2024\/09\/13\/adolescente-podria-enfrentar-hasta-5-anos-de-prision-por-homicidio-calificado-en-queretaro\/#primaryimage"},"thumbnailUrl":"https:\/\/www.nexoinformativo.mx\/wp-content\/uploads\/2024\/09\/unnamed-1-4-e1726257293960.jpg","keywords":["HomicidioQuer\u00e9taro","JusticiaJuvenil","Quer\u00e9taroSegura","SistemaPenalAdolescentes"],"articleSection":["Sucesos","\u00daltima Hora"],"inLanguage":"es","potentialAction":[{"@type":"CommentAction","name":"Comment","target":["https:\/\/www.nexoinformativo.mx\/index.php\/2024\/09\/13\/adolescente-podria-enfrentar-hasta-5-anos-de-prision-por-homicidio-calificado-en-queretaro\/#respond"]}]},{"@type":"WebPage","@id":"https:\/\/www.nexoinformativo.mx\/index.php\/2024\/09\/13\/adolescente-podria-enfrentar-hasta-5-anos-de-prision-por-homicidio-calificado-en-queretaro\/","url":"https:\/\/www.nexoinformativo.mx\/index.php\/2024\/09\/13\/adolescente-podria-enfrentar-hasta-5-anos-de-prision-por-homicidio-calificado-en-queretaro\/","name":"Adolescente podr\u00eda enfrentar hasta 5 a\u00f1os de prisi\u00f3n por homicidio calificado en Quer\u00e9taro | Nexo Informativo Santiago de Quer\u00e9taro","isPartOf":{"@id":"https:\/\/www.nexoinformativo.mx\/#website"},"primaryImageOfPage":{"@id":"https:\/\/www.nexoinformativo.mx\/index.php\/2024\/09\/13\/adolescente-podria-enfrentar-hasta-5-anos-de-prision-por-homicidio-calificado-en-queretaro\/#primaryimage"},"image":{"@id":"https:\/\/www.nexoinformativo.mx\/index.php\/2024\/09\/13\/adolescente-podria-enfrentar-hasta-5-anos-de-prision-por-homicidio-calificado-en-queretaro\/#primaryimage"},"thumbnailUrl":"https:\/\/www.nexoinformativo.mx\/wp-content\/uploads\/2024\/09\/unnamed-1-4-e1726257293960.jpg","datePublished":"2024-09-13T17:00:40+00:00","dateModified":"2024-09-13T19:56:26+00:00","description":"Adolescente podr\u00eda enfrentar hasta 5 a\u00f1os de prisi\u00f3n por homicidio calificado en Quer\u00e9taro","breadcrumb":{"@id":"https:\/\/www.nexoinformativo.mx\/index.php\/2024\/09\/13\/adolescente-podria-enfrentar-hasta-5-anos-de-prision-por-homicidio-calificado-en-queretaro\/#breadcrumb"},"inLanguage":"es","potentialAction":[{"@type":"ReadAction","target":["https:\/\/www.nexoinformativo.mx\/index.php\/2024\/09\/13\/adolescente-podria-enfrentar-hasta-5-anos-de-prision-por-homicidio-calificado-en-queretaro\/"]}]},{"@type":"ImageObject","inLanguage":"es","@id":"https:\/\/www.nexoinformativo.mx\/index.php\/2024\/09\/13\/adolescente-podria-enfrentar-hasta-5-anos-de-prision-por-homicidio-calificado-en-queretaro\/#primaryimage","url":"https:\/\/www.nexoinformativo.mx\/wp-content\/uploads\/2024\/09\/unnamed-1-4-e1726257293960.jpg","contentUrl":"https:\/\/www.nexoinformativo.mx\/wp-content\/uploads\/2024\/09\/unnamed-1-4-e1726257293960.jpg","width":800,"height":524},{"@type":"BreadcrumbList","@id":"https:\/\/www.nexoinformativo.mx\/index.php\/2024\/09\/13\/adolescente-podria-enfrentar-hasta-5-anos-de-prision-por-homicidio-calificado-en-queretaro\/#breadcrumb","itemListElement":[{"@type":"ListItem","position":1,"name":"Inicio","item":"https:\/\/www.nexoinformativo.mx\/"},{"@type":"ListItem","position":2,"name":"Adolescente podr\u00eda enfrentar hasta 5 a\u00f1os de prisi\u00f3n por homicidio calificado en Quer\u00e9taro"}]},{"@type":"WebSite","@id":"https:\/\/www.nexoinformativo.mx\/#website","url":"https:\/\/www.nexoinformativo.mx\/","name":"Nexo Informativo Santiago de Quer\u00e9taro","description":"Explora NexoInformativo y convi\u00e9rtete en parte de una comunidad que valora el conocimiento y la verdad. Tu nexoinformativo es tu puente hacia una comprensi\u00f3n m\u00e1s profunda del mundo que te rodea.","publisher":{"@id":"https:\/\/www.nexoinformativo.mx\/#organization"},"potentialAction":[{"@type":"SearchAction","target":{"@type":"EntryPoint","urlTemplate":"https:\/\/www.nexoinformativo.mx\/?s={search_term_string}"},"query-input":{"@type":"PropertyValueSpecification","valueRequired":true,"valueName":"search_term_string"}}],"inLanguage":"es"},{"@type":"Organization","@id":"https:\/\/www.nexoinformativo.mx\/#organization","name":"Nexo Informativo Santiago de Quer\u00e9taro","url":"https:\/\/www.nexoinformativo.mx\/","logo":{"@type":"ImageObject","inLanguage":"es","@id":"https:\/\/www.nexoinformativo.mx\/#\/schema\/logo\/image\/","url":"https:\/\/www.nexoinformativo.mx\/wp-content\/uploads\/2024\/07\/nexoi-trasparente-2.png","contentUrl":"https:\/\/www.nexoinformativo.mx\/wp-content\/uploads\/2024\/07\/nexoi-trasparente-2.png","width":816,"height":339,"caption":"Nexo Informativo Santiago de Quer\u00e9taro"},"image":{"@id":"https:\/\/www.nexoinformativo.mx\/#\/schema\/logo\/image\/"},"sameAs":["https:\/\/www.facebook.com\/people\/Nexo-Informativo\/61564066885511\/"]},{"@type":"Person","@id":"https:\/\/www.nexoinformativo.mx\/#\/schema\/person\/7749d380ba08c8ca00d7bc76fd907b7d","name":"Nexo Informativo","image":{"@type":"ImageObject","inLanguage":"es","@id":"https:\/\/www.nexoinformativo.mx\/#\/schema\/person\/image\/","url":"https:\/\/secure.gravatar.com\/avatar\/dde2928154642a13d95f87ddf1ea9718fe2b46760a005c53e41ff5ad610704e6?s=96&d=mm&r=g","contentUrl":"https:\/\/secure.gravatar.com\/avatar\/dde2928154642a13d95f87ddf1ea9718fe2b46760a005c53e41ff5ad610704e6?s=96&d=mm&r=g","caption":"Nexo Informativo"},"url":"https:\/\/www.nexoinformativo.mx\/index.php\/author\/edicion\/"}]}},"_links":{"self":[{"href":"https:\/\/www.nexoinformativo.mx\/index.php\/wp-json\/wp\/v2\/posts\/1911","targetHints":{"allow":["GET"]}}],"collection":[{"href":"https:\/\/www.nexoinformativo.mx\/index.php\/wp-json\/wp\/v2\/posts"}],"about":[{"href":"https:\/\/www.nexoinformativo.mx\/index.php\/wp-json\/wp\/v2\/types\/post"}],"author":[{"embeddable":true,"href":"https:\/\/www.nexoinformativo.mx\/index.php\/wp-json\/wp\/v2\/users\/3"}],"replies":[{"embeddable":true,"href":"https:\/\/www.nexoinformativo.mx\/index.php\/wp-json\/wp\/v2\/comments?post=1911"}],"version-history":[{"count":2,"href":"https:\/\/www.nexoinformativo.mx\/index.php\/wp-json\/wp\/v2\/posts\/1911\/revisions"}],"predecessor-version":[{"id":1920,"href":"https:\/\/www.nexoinformativo.mx\/index.php\/wp-json\/wp\/v2\/posts\/1911\/revisions\/1920"}],"wp:featuredmedia":[{"embeddable":true,"href":"https:\/\/www.nexoinformativo.mx\/index.php\/wp-json\/wp\/v2\/media\/1918"}],"wp:attachment":[{"href":"https:\/\/www.nexoinformativo.mx\/index.php\/wp-json\/wp\/v2\/media?parent=1911"}],"wp:term":[{"taxonomy":"category","embeddable":true,"href":"https:\/\/www.nexoinformativo.mx\/index.php\/wp-json\/wp\/v2\/categories?post=1911"},{"taxonomy":"post_tag","embeddable":true,"href":"https:\/\/www.nexoinformativo.mx\/index.php\/wp-json\/wp\/v2\/tags?post=1911"}],"curies":[{"name":"wp","href":"https:\/\/api.w.org\/{rel}","templated":true}]}}