{"id":1916,"date":"2024-09-13T10:00:59","date_gmt":"2024-09-13T16:00:59","guid":{"rendered":"https:\/\/www.nexoinformativo.mx\/?p=1916"},"modified":"2024-09-13T14:00:16","modified_gmt":"2024-09-13T20:00:16","slug":"continuan-investigaciones-sobre-ataque-armado-en-zona-industrial-balvanera","status":"publish","type":"post","link":"https:\/\/www.nexoinformativo.mx\/index.php\/2024\/09\/13\/continuan-investigaciones-sobre-ataque-armado-en-zona-industrial-balvanera\/","title":{"rendered":"Contin\u00faan investigaciones sobre ataque armado en zona Industrial Balvanera"},"content":{"rendered":"<p style=\"text-align: justify;\">La Fiscal\u00eda General del Estado (FGE) sigue con las investigaciones sobre el intento de homicidio ocurrido el pasado 7 de septiembre en la Zona Industrial Balvanera, en el municipio de Corregidora. El ataque, dej\u00f3 a dos personas heridas por disparos de arma de fuego, tuvo como objetivo al hijo de un empresario queretano.<\/p>\n<p>&nbsp;<\/p>\n<p style=\"text-align: justify;\">El Fiscal V\u00edctor Antonio de Jes\u00fas Hern\u00e1ndez inform\u00f3 que, aunque no se pueden revelar m\u00e1s detalles debido a la delicadeza del caso, ya se han asegurado los veh\u00edculos que participaron en el ataque y se han recabado diversos indicios importantes para avanzar en la investigaci\u00f3n.<\/p>\n<p>&nbsp;<\/p>\n<p style=\"text-align: justify;\"><strong>Avances en la investigaci\u00f3n<\/strong>\u00a0Se\u00f1al\u00f3 que la Fiscal\u00eda est\u00e1 trabajando intensamente para identificar a los presuntos responsables, contando con pruebas y elementos asegurados que fortalecer\u00e1n la carpeta de investigaci\u00f3n. No se dieron a conocer m\u00e1s detalles por razones de confidencialidad, se asegur\u00f3 que las autoridades est\u00e1n cerca de dar con los agresores.<\/p>\n<p>&nbsp;<\/p>\n<p style=\"text-align: justify;\">El ataque se produjo al mediod\u00eda del 7 de septiembre, cuando un grupo de hombres armados a bordo de una camioneta atacaron directamente a las v\u00edctimas.Las autoridades han tomado en cuenta todos los indicios encontrados en el lugar del ataque, buscando esclarecer los hechos y llevar a los responsables ante la justicia.<\/p>\n<p>&nbsp;<\/p>\n<p style=\"text-align: justify;\">Este incidente ha generado preocupaci\u00f3n entre los residentes de la Zona Industrial Balvanera, quienes solicitan mayores medidas de seguridad para prevenir futuros actos de violencia. Las investigaciones siguen en curso, y la Fiscal\u00eda promete mantener informada a la ciudadan\u00eda conforme avance el caso.<\/p>\n","protected":false},"excerpt":{"rendered":"<p>La Fiscal\u00eda General del Estado (FGE) sigue con las investigaciones sobre el intento de homicidio ocurrido el pasado 7 de septiembre en la Zona Industrial Balvanera, en el municipio de Corregidora.<\/p>\n","protected":false},"author":3,"featured_media":1917,"comment_status":"open","ping_status":"open","sticky":false,"template":"","format":"standard","meta":{"footnotes":""},"categories":[137,58],"tags":[708,707,266,709],"class_list":["post-1916","post","type-post","status-publish","format-standard","has-post-thumbnail","hentry","category-sucesos","category-ultima-hora","tag-investigacionfiscalia","tag-justiciabalvanera","tag-seguridadqueretaro","tag-violenciacorregidora"],"yoast_head":"<!-- This site is optimized with the Yoast SEO plugin v25.0 - https:\/\/yoast.com\/wordpress\/plugins\/seo\/ -->\n<title>Contin\u00faan investigaciones sobre ataque armado en zona Industrial Balvanera | Nexo Informativo Santiago de Quer\u00e9taro<\/title>\n<meta name=\"description\" content=\"Contin\u00faan investigaciones sobre ataque armado en zona Industrial Balvanera\" \/>\n<meta name=\"robots\" content=\"index, follow, max-snippet:-1, max-image-preview:large, max-video-preview:-1\" \/>\n<link rel=\"canonical\" href=\"https:\/\/www.nexoinformativo.mx\/index.php\/2024\/09\/13\/continuan-investigaciones-sobre-ataque-armado-en-zona-industrial-balvanera\/\" \/>\n<meta property=\"og:locale\" content=\"es_MX\" \/>\n<meta property=\"og:type\" content=\"article\" \/>\n<meta property=\"og:title\" content=\"Contin\u00faan investigaciones sobre ataque armado en zona Industrial Balvanera | Nexo Informativo Santiago de Quer\u00e9taro\" \/>\n<meta property=\"og:description\" content=\"Contin\u00faan investigaciones sobre ataque armado en zona Industrial Balvanera\" \/>\n<meta property=\"og:url\" content=\"https:\/\/www.nexoinformativo.mx\/index.php\/2024\/09\/13\/continuan-investigaciones-sobre-ataque-armado-en-zona-industrial-balvanera\/\" \/>\n<meta property=\"og:site_name\" content=\"Nexo Informativo Santiago de Quer\u00e9taro\" \/>\n<meta property=\"article:publisher\" content=\"https:\/\/www.facebook.com\/people\/Nexo-Informativo\/61564066885511\/\" \/>\n<meta property=\"article:published_time\" content=\"2024-09-13T16:00:59+00:00\" \/>\n<meta property=\"article:modified_time\" content=\"2024-09-13T20:00:16+00:00\" \/>\n<meta property=\"og:image\" content=\"https:\/\/www.nexoinformativo.mx\/wp-content\/uploads\/2024\/09\/PHOTO-2024-09-13-13-25-20-e1726257259167.jpg\" \/>\n\t<meta property=\"og:image:width\" content=\"800\" \/>\n\t<meta property=\"og:image:height\" content=\"450\" \/>\n\t<meta property=\"og:image:type\" content=\"image\/jpeg\" \/>\n<meta name=\"author\" content=\"Nexo Informativo\" \/>\n<meta name=\"twitter:card\" content=\"summary_large_image\" \/>\n<meta name=\"twitter:label1\" content=\"Escrito por\" \/>\n\t<meta name=\"twitter:data1\" content=\"Nexo Informativo\" \/>\n\t<meta name=\"twitter:label2\" content=\"Tiempo de lectura\" \/>\n\t<meta name=\"twitter:data2\" content=\"2 minutos\" \/>\n<script type=\"application\/ld+json\" class=\"yoast-schema-graph\">{\"@context\":\"https:\/\/schema.org\",\"@graph\":[{\"@type\":\"Article\",\"@id\":\"https:\/\/www.nexoinformativo.mx\/index.php\/2024\/09\/13\/continuan-investigaciones-sobre-ataque-armado-en-zona-industrial-balvanera\/#article\",\"isPartOf\":{\"@id\":\"https:\/\/www.nexoinformativo.mx\/index.php\/2024\/09\/13\/continuan-investigaciones-sobre-ataque-armado-en-zona-industrial-balvanera\/\"},\"author\":{\"name\":\"Nexo Informativo\",\"@id\":\"https:\/\/www.nexoinformativo.mx\/#\/schema\/person\/7749d380ba08c8ca00d7bc76fd907b7d\"},\"headline\":\"Contin\u00faan investigaciones sobre ataque armado en zona Industrial Balvanera\",\"datePublished\":\"2024-09-13T16:00:59+00:00\",\"dateModified\":\"2024-09-13T20:00:16+00:00\",\"mainEntityOfPage\":{\"@id\":\"https:\/\/www.nexoinformativo.mx\/index.php\/2024\/09\/13\/continuan-investigaciones-sobre-ataque-armado-en-zona-industrial-balvanera\/\"},\"wordCount\":277,\"commentCount\":0,\"publisher\":{\"@id\":\"https:\/\/www.nexoinformativo.mx\/#organization\"},\"image\":{\"@id\":\"https:\/\/www.nexoinformativo.mx\/index.php\/2024\/09\/13\/continuan-investigaciones-sobre-ataque-armado-en-zona-industrial-balvanera\/#primaryimage\"},\"thumbnailUrl\":\"https:\/\/www.nexoinformativo.mx\/wp-content\/uploads\/2024\/09\/PHOTO-2024-09-13-13-25-20-e1726257259167.jpg\",\"keywords\":[\"Investigaci\u00f3nFiscal\u00eda\",\"JusticiaBalvanera\",\"SeguridadQueretaro\",\"ViolenciaCorregidora\"],\"articleSection\":[\"Sucesos\",\"\u00daltima Hora\"],\"inLanguage\":\"es\",\"potentialAction\":[{\"@type\":\"CommentAction\",\"name\":\"Comment\",\"target\":[\"https:\/\/www.nexoinformativo.mx\/index.php\/2024\/09\/13\/continuan-investigaciones-sobre-ataque-armado-en-zona-industrial-balvanera\/#respond\"]}]},{\"@type\":\"WebPage\",\"@id\":\"https:\/\/www.nexoinformativo.mx\/index.php\/2024\/09\/13\/continuan-investigaciones-sobre-ataque-armado-en-zona-industrial-balvanera\/\",\"url\":\"https:\/\/www.nexoinformativo.mx\/index.php\/2024\/09\/13\/continuan-investigaciones-sobre-ataque-armado-en-zona-industrial-balvanera\/\",\"name\":\"Contin\u00faan investigaciones sobre ataque armado en zona Industrial Balvanera | Nexo Informativo Santiago de Quer\u00e9taro\",\"isPartOf\":{\"@id\":\"https:\/\/www.nexoinformativo.mx\/#website\"},\"primaryImageOfPage\":{\"@id\":\"https:\/\/www.nexoinformativo.mx\/index.php\/2024\/09\/13\/continuan-investigaciones-sobre-ataque-armado-en-zona-industrial-balvanera\/#primaryimage\"},\"image\":{\"@id\":\"https:\/\/www.nexoinformativo.mx\/index.php\/2024\/09\/13\/continuan-investigaciones-sobre-ataque-armado-en-zona-industrial-balvanera\/#primaryimage\"},\"thumbnailUrl\":\"https:\/\/www.nexoinformativo.mx\/wp-content\/uploads\/2024\/09\/PHOTO-2024-09-13-13-25-20-e1726257259167.jpg\",\"datePublished\":\"2024-09-13T16:00:59+00:00\",\"dateModified\":\"2024-09-13T20:00:16+00:00\",\"description\":\"Contin\u00faan investigaciones sobre ataque armado en zona Industrial Balvanera\",\"breadcrumb\":{\"@id\":\"https:\/\/www.nexoinformativo.mx\/index.php\/2024\/09\/13\/continuan-investigaciones-sobre-ataque-armado-en-zona-industrial-balvanera\/#breadcrumb\"},\"inLanguage\":\"es\",\"potentialAction\":[{\"@type\":\"ReadAction\",\"target\":[\"https:\/\/www.nexoinformativo.mx\/index.php\/2024\/09\/13\/continuan-investigaciones-sobre-ataque-armado-en-zona-industrial-balvanera\/\"]}]},{\"@type\":\"ImageObject\",\"inLanguage\":\"es\",\"@id\":\"https:\/\/www.nexoinformativo.mx\/index.php\/2024\/09\/13\/continuan-investigaciones-sobre-ataque-armado-en-zona-industrial-balvanera\/#primaryimage\",\"url\":\"https:\/\/www.nexoinformativo.mx\/wp-content\/uploads\/2024\/09\/PHOTO-2024-09-13-13-25-20-e1726257259167.jpg\",\"contentUrl\":\"https:\/\/www.nexoinformativo.mx\/wp-content\/uploads\/2024\/09\/PHOTO-2024-09-13-13-25-20-e1726257259167.jpg\",\"width\":800,\"height\":450},{\"@type\":\"BreadcrumbList\",\"@id\":\"https:\/\/www.nexoinformativo.mx\/index.php\/2024\/09\/13\/continuan-investigaciones-sobre-ataque-armado-en-zona-industrial-balvanera\/#breadcrumb\",\"itemListElement\":[{\"@type\":\"ListItem\",\"position\":1,\"name\":\"Inicio\",\"item\":\"https:\/\/www.nexoinformativo.mx\/\"},{\"@type\":\"ListItem\",\"position\":2,\"name\":\"Contin\u00faan investigaciones sobre ataque armado en zona Industrial Balvanera\"}]},{\"@type\":\"WebSite\",\"@id\":\"https:\/\/www.nexoinformativo.mx\/#website\",\"url\":\"https:\/\/www.nexoinformativo.mx\/\",\"name\":\"Nexo Informativo Santiago de Quer\u00e9taro\",\"description\":\"Explora NexoInformativo y convi\u00e9rtete en parte de una comunidad que valora el conocimiento y la verdad. Tu nexoinformativo es tu puente hacia una comprensi\u00f3n m\u00e1s profunda del mundo que te rodea.\",\"publisher\":{\"@id\":\"https:\/\/www.nexoinformativo.mx\/#organization\"},\"potentialAction\":[{\"@type\":\"SearchAction\",\"target\":{\"@type\":\"EntryPoint\",\"urlTemplate\":\"https:\/\/www.nexoinformativo.mx\/?s={search_term_string}\"},\"query-input\":{\"@type\":\"PropertyValueSpecification\",\"valueRequired\":true,\"valueName\":\"search_term_string\"}}],\"inLanguage\":\"es\"},{\"@type\":\"Organization\",\"@id\":\"https:\/\/www.nexoinformativo.mx\/#organization\",\"name\":\"Nexo Informativo Santiago de Quer\u00e9taro\",\"url\":\"https:\/\/www.nexoinformativo.mx\/\",\"logo\":{\"@type\":\"ImageObject\",\"inLanguage\":\"es\",\"@id\":\"https:\/\/www.nexoinformativo.mx\/#\/schema\/logo\/image\/\",\"url\":\"https:\/\/www.nexoinformativo.mx\/wp-content\/uploads\/2024\/07\/nexoi-trasparente-2.png\",\"contentUrl\":\"https:\/\/www.nexoinformativo.mx\/wp-content\/uploads\/2024\/07\/nexoi-trasparente-2.png\",\"width\":816,\"height\":339,\"caption\":\"Nexo Informativo Santiago de Quer\u00e9taro\"},\"image\":{\"@id\":\"https:\/\/www.nexoinformativo.mx\/#\/schema\/logo\/image\/\"},\"sameAs\":[\"https:\/\/www.facebook.com\/people\/Nexo-Informativo\/61564066885511\/\"]},{\"@type\":\"Person\",\"@id\":\"https:\/\/www.nexoinformativo.mx\/#\/schema\/person\/7749d380ba08c8ca00d7bc76fd907b7d\",\"name\":\"Nexo Informativo\",\"image\":{\"@type\":\"ImageObject\",\"inLanguage\":\"es\",\"@id\":\"https:\/\/www.nexoinformativo.mx\/#\/schema\/person\/image\/\",\"url\":\"https:\/\/secure.gravatar.com\/avatar\/dde2928154642a13d95f87ddf1ea9718fe2b46760a005c53e41ff5ad610704e6?s=96&d=mm&r=g\",\"contentUrl\":\"https:\/\/secure.gravatar.com\/avatar\/dde2928154642a13d95f87ddf1ea9718fe2b46760a005c53e41ff5ad610704e6?s=96&d=mm&r=g\",\"caption\":\"Nexo Informativo\"},\"url\":\"https:\/\/www.nexoinformativo.mx\/index.php\/author\/edicion\/\"}]}<\/script>\n<!-- \/ Yoast SEO plugin. -->","yoast_head_json":{"title":"Contin\u00faan investigaciones sobre ataque armado en zona Industrial Balvanera | Nexo Informativo Santiago de Quer\u00e9taro","description":"Contin\u00faan investigaciones sobre ataque armado en zona Industrial Balvanera","robots":{"index":"index","follow":"follow","max-snippet":"max-snippet:-1","max-image-preview":"max-image-preview:large","max-video-preview":"max-video-preview:-1"},"canonical":"https:\/\/www.nexoinformativo.mx\/index.php\/2024\/09\/13\/continuan-investigaciones-sobre-ataque-armado-en-zona-industrial-balvanera\/","og_locale":"es_MX","og_type":"article","og_title":"Contin\u00faan investigaciones sobre ataque armado en zona Industrial Balvanera | Nexo Informativo Santiago de Quer\u00e9taro","og_description":"Contin\u00faan investigaciones sobre ataque armado en zona Industrial Balvanera","og_url":"https:\/\/www.nexoinformativo.mx\/index.php\/2024\/09\/13\/continuan-investigaciones-sobre-ataque-armado-en-zona-industrial-balvanera\/","og_site_name":"Nexo Informativo Santiago de Quer\u00e9taro","article_publisher":"https:\/\/www.facebook.com\/people\/Nexo-Informativo\/61564066885511\/","article_published_time":"2024-09-13T16:00:59+00:00","article_modified_time":"2024-09-13T20:00:16+00:00","og_image":[{"width":800,"height":450,"url":"https:\/\/www.nexoinformativo.mx\/wp-content\/uploads\/2024\/09\/PHOTO-2024-09-13-13-25-20-e1726257259167.jpg","type":"image\/jpeg"}],"author":"Nexo Informativo","twitter_card":"summary_large_image","twitter_misc":{"Escrito por":"Nexo Informativo","Tiempo de lectura":"2 minutos"},"schema":{"@context":"https:\/\/schema.org","@graph":[{"@type":"Article","@id":"https:\/\/www.nexoinformativo.mx\/index.php\/2024\/09\/13\/continuan-investigaciones-sobre-ataque-armado-en-zona-industrial-balvanera\/#article","isPartOf":{"@id":"https:\/\/www.nexoinformativo.mx\/index.php\/2024\/09\/13\/continuan-investigaciones-sobre-ataque-armado-en-zona-industrial-balvanera\/"},"author":{"name":"Nexo Informativo","@id":"https:\/\/www.nexoinformativo.mx\/#\/schema\/person\/7749d380ba08c8ca00d7bc76fd907b7d"},"headline":"Contin\u00faan investigaciones sobre ataque armado en zona Industrial Balvanera","datePublished":"2024-09-13T16:00:59+00:00","dateModified":"2024-09-13T20:00:16+00:00","mainEntityOfPage":{"@id":"https:\/\/www.nexoinformativo.mx\/index.php\/2024\/09\/13\/continuan-investigaciones-sobre-ataque-armado-en-zona-industrial-balvanera\/"},"wordCount":277,"commentCount":0,"publisher":{"@id":"https:\/\/www.nexoinformativo.mx\/#organization"},"image":{"@id":"https:\/\/www.nexoinformativo.mx\/index.php\/2024\/09\/13\/continuan-investigaciones-sobre-ataque-armado-en-zona-industrial-balvanera\/#primaryimage"},"thumbnailUrl":"https:\/\/www.nexoinformativo.mx\/wp-content\/uploads\/2024\/09\/PHOTO-2024-09-13-13-25-20-e1726257259167.jpg","keywords":["Investigaci\u00f3nFiscal\u00eda","JusticiaBalvanera","SeguridadQueretaro","ViolenciaCorregidora"],"articleSection":["Sucesos","\u00daltima Hora"],"inLanguage":"es","potentialAction":[{"@type":"CommentAction","name":"Comment","target":["https:\/\/www.nexoinformativo.mx\/index.php\/2024\/09\/13\/continuan-investigaciones-sobre-ataque-armado-en-zona-industrial-balvanera\/#respond"]}]},{"@type":"WebPage","@id":"https:\/\/www.nexoinformativo.mx\/index.php\/2024\/09\/13\/continuan-investigaciones-sobre-ataque-armado-en-zona-industrial-balvanera\/","url":"https:\/\/www.nexoinformativo.mx\/index.php\/2024\/09\/13\/continuan-investigaciones-sobre-ataque-armado-en-zona-industrial-balvanera\/","name":"Contin\u00faan investigaciones sobre ataque armado en zona Industrial Balvanera | Nexo Informativo Santiago de Quer\u00e9taro","isPartOf":{"@id":"https:\/\/www.nexoinformativo.mx\/#website"},"primaryImageOfPage":{"@id":"https:\/\/www.nexoinformativo.mx\/index.php\/2024\/09\/13\/continuan-investigaciones-sobre-ataque-armado-en-zona-industrial-balvanera\/#primaryimage"},"image":{"@id":"https:\/\/www.nexoinformativo.mx\/index.php\/2024\/09\/13\/continuan-investigaciones-sobre-ataque-armado-en-zona-industrial-balvanera\/#primaryimage"},"thumbnailUrl":"https:\/\/www.nexoinformativo.mx\/wp-content\/uploads\/2024\/09\/PHOTO-2024-09-13-13-25-20-e1726257259167.jpg","datePublished":"2024-09-13T16:00:59+00:00","dateModified":"2024-09-13T20:00:16+00:00","description":"Contin\u00faan investigaciones sobre ataque armado en zona Industrial Balvanera","breadcrumb":{"@id":"https:\/\/www.nexoinformativo.mx\/index.php\/2024\/09\/13\/continuan-investigaciones-sobre-ataque-armado-en-zona-industrial-balvanera\/#breadcrumb"},"inLanguage":"es","potentialAction":[{"@type":"ReadAction","target":["https:\/\/www.nexoinformativo.mx\/index.php\/2024\/09\/13\/continuan-investigaciones-sobre-ataque-armado-en-zona-industrial-balvanera\/"]}]},{"@type":"ImageObject","inLanguage":"es","@id":"https:\/\/www.nexoinformativo.mx\/index.php\/2024\/09\/13\/continuan-investigaciones-sobre-ataque-armado-en-zona-industrial-balvanera\/#primaryimage","url":"https:\/\/www.nexoinformativo.mx\/wp-content\/uploads\/2024\/09\/PHOTO-2024-09-13-13-25-20-e1726257259167.jpg","contentUrl":"https:\/\/www.nexoinformativo.mx\/wp-content\/uploads\/2024\/09\/PHOTO-2024-09-13-13-25-20-e1726257259167.jpg","width":800,"height":450},{"@type":"BreadcrumbList","@id":"https:\/\/www.nexoinformativo.mx\/index.php\/2024\/09\/13\/continuan-investigaciones-sobre-ataque-armado-en-zona-industrial-balvanera\/#breadcrumb","itemListElement":[{"@type":"ListItem","position":1,"name":"Inicio","item":"https:\/\/www.nexoinformativo.mx\/"},{"@type":"ListItem","position":2,"name":"Contin\u00faan investigaciones sobre ataque armado en zona Industrial Balvanera"}]},{"@type":"WebSite","@id":"https:\/\/www.nexoinformativo.mx\/#website","url":"https:\/\/www.nexoinformativo.mx\/","name":"Nexo Informativo Santiago de Quer\u00e9taro","description":"Explora NexoInformativo y convi\u00e9rtete en parte de una comunidad que valora el conocimiento y la verdad. Tu nexoinformativo es tu puente hacia una comprensi\u00f3n m\u00e1s profunda del mundo que te rodea.","publisher":{"@id":"https:\/\/www.nexoinformativo.mx\/#organization"},"potentialAction":[{"@type":"SearchAction","target":{"@type":"EntryPoint","urlTemplate":"https:\/\/www.nexoinformativo.mx\/?s={search_term_string}"},"query-input":{"@type":"PropertyValueSpecification","valueRequired":true,"valueName":"search_term_string"}}],"inLanguage":"es"},{"@type":"Organization","@id":"https:\/\/www.nexoinformativo.mx\/#organization","name":"Nexo Informativo Santiago de Quer\u00e9taro","url":"https:\/\/www.nexoinformativo.mx\/","logo":{"@type":"ImageObject","inLanguage":"es","@id":"https:\/\/www.nexoinformativo.mx\/#\/schema\/logo\/image\/","url":"https:\/\/www.nexoinformativo.mx\/wp-content\/uploads\/2024\/07\/nexoi-trasparente-2.png","contentUrl":"https:\/\/www.nexoinformativo.mx\/wp-content\/uploads\/2024\/07\/nexoi-trasparente-2.png","width":816,"height":339,"caption":"Nexo Informativo Santiago de Quer\u00e9taro"},"image":{"@id":"https:\/\/www.nexoinformativo.mx\/#\/schema\/logo\/image\/"},"sameAs":["https:\/\/www.facebook.com\/people\/Nexo-Informativo\/61564066885511\/"]},{"@type":"Person","@id":"https:\/\/www.nexoinformativo.mx\/#\/schema\/person\/7749d380ba08c8ca00d7bc76fd907b7d","name":"Nexo Informativo","image":{"@type":"ImageObject","inLanguage":"es","@id":"https:\/\/www.nexoinformativo.mx\/#\/schema\/person\/image\/","url":"https:\/\/secure.gravatar.com\/avatar\/dde2928154642a13d95f87ddf1ea9718fe2b46760a005c53e41ff5ad610704e6?s=96&d=mm&r=g","contentUrl":"https:\/\/secure.gravatar.com\/avatar\/dde2928154642a13d95f87ddf1ea9718fe2b46760a005c53e41ff5ad610704e6?s=96&d=mm&r=g","caption":"Nexo Informativo"},"url":"https:\/\/www.nexoinformativo.mx\/index.php\/author\/edicion\/"}]}},"_links":{"self":[{"href":"https:\/\/www.nexoinformativo.mx\/index.php\/wp-json\/wp\/v2\/posts\/1916","targetHints":{"allow":["GET"]}}],"collection":[{"href":"https:\/\/www.nexoinformativo.mx\/index.php\/wp-json\/wp\/v2\/posts"}],"about":[{"href":"https:\/\/www.nexoinformativo.mx\/index.php\/wp-json\/wp\/v2\/types\/post"}],"author":[{"embeddable":true,"href":"https:\/\/www.nexoinformativo.mx\/index.php\/wp-json\/wp\/v2\/users\/3"}],"replies":[{"embeddable":true,"href":"https:\/\/www.nexoinformativo.mx\/index.php\/wp-json\/wp\/v2\/comments?post=1916"}],"version-history":[{"count":3,"href":"https:\/\/www.nexoinformativo.mx\/index.php\/wp-json\/wp\/v2\/posts\/1916\/revisions"}],"predecessor-version":[{"id":1922,"href":"https:\/\/www.nexoinformativo.mx\/index.php\/wp-json\/wp\/v2\/posts\/1916\/revisions\/1922"}],"wp:featuredmedia":[{"embeddable":true,"href":"https:\/\/www.nexoinformativo.mx\/index.php\/wp-json\/wp\/v2\/media\/1917"}],"wp:attachment":[{"href":"https:\/\/www.nexoinformativo.mx\/index.php\/wp-json\/wp\/v2\/media?parent=1916"}],"wp:term":[{"taxonomy":"category","embeddable":true,"href":"https:\/\/www.nexoinformativo.mx\/index.php\/wp-json\/wp\/v2\/categories?post=1916"},{"taxonomy":"post_tag","embeddable":true,"href":"https:\/\/www.nexoinformativo.mx\/index.php\/wp-json\/wp\/v2\/tags?post=1916"}],"curies":[{"name":"wp","href":"https:\/\/api.w.org\/{rel}","templated":true}]}}