{"id":1930,"date":"2024-09-13T13:00:05","date_gmt":"2024-09-13T19:00:05","guid":{"rendered":"https:\/\/www.nexoinformativo.mx\/?p=1930"},"modified":"2024-09-14T17:58:34","modified_gmt":"2024-09-14T23:58:34","slug":"queretaro-respetara-la-reforma-al-poder-judicial-pese-a-voto-de-rechazo-afirma-mauricio-kuri","status":"publish","type":"post","link":"https:\/\/www.nexoinformativo.mx\/index.php\/2024\/09\/13\/queretaro-respetara-la-reforma-al-poder-judicial-pese-a-voto-de-rechazo-afirma-mauricio-kuri\/","title":{"rendered":"Quer\u00e9taro respetar\u00e1 la Reforma al poder judicial, pes\u00e9 a voto de rechazo afirma Mauricio Kuri"},"content":{"rendered":"<div dir=\"auto\" style=\"text-align: justify;\">El gobernador de Quer\u00e9taro, Mauricio Kuri, afirm\u00f3 que el estado respetar\u00e1 la aplicaci\u00f3n de la Reforma al Poder Judicial, pese a que la Legislatura del Estado haya votado en contra de la misma. Aclar\u00f3 que, aunque la postura del congreso local fue de rechazo, los poderes en la entidad deber\u00e1n ajustarse a la implementaci\u00f3n de la Reforma.<\/div>\n<div dir=\"auto\"><\/div>\n<div dir=\"auto\" style=\"text-align: justify;\"><\/div>\n<div dir=\"auto\" style=\"text-align: justify;\">Kuri destac\u00f3 que, aunque M\u00e9xico necesita una reforma integral, Quer\u00e9taro seguir\u00e1 enviando se\u00f1ales de certidumbre jur\u00eddica, laboral y empresarial. Adem\u00e1s, puntualiz\u00f3 que es importante esperar la definici\u00f3n de las leyes secundarias para evaluar c\u00f3mo afectar\u00e1 la reforma y si tendr\u00e1 impacto en la renegociaci\u00f3n del T-MEC.<\/div>\n<div dir=\"auto\"><\/div>\n<div dir=\"auto\" style=\"text-align: justify;\"><\/div>\n<div dir=\"auto\" style=\"text-align: justify;\">Por otro lado, el mandatario reconoci\u00f3 que la aprobaci\u00f3n de la Reforma en otros estados es un hecho que debe tomarse en cuenta para evitar incertidumbres en Quer\u00e9taro y as\u00ed mantener un entorno de estabilidad en la regi\u00f3n.<\/div>\n<div dir=\"auto\"><\/div>\n<div dir=\"auto\" style=\"text-align: justify;\"><\/div>\n<div dir=\"auto\" style=\"text-align: justify;\">Kuri coment\u00f3 sobre la crisis que enfrenta el PAN a nivel nacional, especialmente tras la decisi\u00f3n de Miguel \u00c1ngel Yunes de apoyar la Reforma al Poder Judicial. Seg\u00fan el gobernador, este es un momento clave para la reflexi\u00f3n y para que el partido regrese a sus principios.<\/div>\n","protected":false},"excerpt":{"rendered":"<p>El gobernador de Quer\u00e9taro, Mauricio Kuri, afirm\u00f3 que el estado respetar\u00e1 la aplicaci\u00f3n de la Reforma al Poder Judicial, pese a que la Legislatura del Estado haya votado en contra de la misma.<\/p>\n","protected":false},"author":3,"featured_media":1933,"comment_status":"open","ping_status":"open","sticky":false,"template":"","format":"standard","meta":{"footnotes":""},"categories":[42,21],"tags":[712,713,476,272],"class_list":["post-1930","post","type-post","status-publish","format-standard","has-post-thumbnail","hentry","category-estado","category-politica","tag-certidumbrejuridica","tag-crisispan","tag-queretaroseguridad","tag-reformajudicial"],"yoast_head":"<!-- This site is optimized with the Yoast SEO plugin v25.0 - https:\/\/yoast.com\/wordpress\/plugins\/seo\/ -->\n<title>Quer\u00e9taro respetar\u00e1 la Reforma al poder judicial, pes\u00e9 a voto de rechazo afirma Mauricio Kuri | Nexo Informativo Santiago de Quer\u00e9taro<\/title>\n<meta name=\"description\" content=\"Quer\u00e9taro respetar\u00e1 la Reforma al poder judicial, pes\u00e9 a voto de rechazo afirma Mauricio Kuri\" \/>\n<meta name=\"robots\" content=\"index, follow, max-snippet:-1, max-image-preview:large, max-video-preview:-1\" \/>\n<link rel=\"canonical\" href=\"https:\/\/www.nexoinformativo.mx\/index.php\/2024\/09\/13\/queretaro-respetara-la-reforma-al-poder-judicial-pese-a-voto-de-rechazo-afirma-mauricio-kuri\/\" \/>\n<meta property=\"og:locale\" content=\"es_MX\" \/>\n<meta property=\"og:type\" content=\"article\" \/>\n<meta property=\"og:title\" content=\"Quer\u00e9taro respetar\u00e1 la Reforma al poder judicial, pes\u00e9 a voto de rechazo afirma Mauricio Kuri | Nexo Informativo Santiago de Quer\u00e9taro\" \/>\n<meta property=\"og:description\" content=\"Quer\u00e9taro respetar\u00e1 la Reforma al poder judicial, pes\u00e9 a voto de rechazo afirma Mauricio Kuri\" \/>\n<meta property=\"og:url\" content=\"https:\/\/www.nexoinformativo.mx\/index.php\/2024\/09\/13\/queretaro-respetara-la-reforma-al-poder-judicial-pese-a-voto-de-rechazo-afirma-mauricio-kuri\/\" \/>\n<meta property=\"og:site_name\" content=\"Nexo Informativo Santiago de Quer\u00e9taro\" \/>\n<meta property=\"article:publisher\" content=\"https:\/\/www.facebook.com\/people\/Nexo-Informativo\/61564066885511\/\" \/>\n<meta property=\"article:published_time\" content=\"2024-09-13T19:00:05+00:00\" \/>\n<meta property=\"article:modified_time\" content=\"2024-09-14T23:58:34+00:00\" \/>\n<meta property=\"og:image\" content=\"https:\/\/www.nexoinformativo.mx\/wp-content\/uploads\/2024\/09\/IMG_6467.jpg\" \/>\n\t<meta property=\"og:image:width\" content=\"414\" \/>\n\t<meta property=\"og:image:height\" content=\"249\" \/>\n\t<meta property=\"og:image:type\" content=\"image\/jpeg\" \/>\n<meta name=\"author\" content=\"Nexo Informativo\" \/>\n<meta name=\"twitter:card\" content=\"summary_large_image\" \/>\n<meta name=\"twitter:label1\" content=\"Escrito por\" \/>\n\t<meta name=\"twitter:data1\" content=\"Nexo Informativo\" \/>\n\t<meta name=\"twitter:label2\" content=\"Tiempo de lectura\" \/>\n\t<meta name=\"twitter:data2\" content=\"2 minutos\" \/>\n<script type=\"application\/ld+json\" class=\"yoast-schema-graph\">{\"@context\":\"https:\/\/schema.org\",\"@graph\":[{\"@type\":\"Article\",\"@id\":\"https:\/\/www.nexoinformativo.mx\/index.php\/2024\/09\/13\/queretaro-respetara-la-reforma-al-poder-judicial-pese-a-voto-de-rechazo-afirma-mauricio-kuri\/#article\",\"isPartOf\":{\"@id\":\"https:\/\/www.nexoinformativo.mx\/index.php\/2024\/09\/13\/queretaro-respetara-la-reforma-al-poder-judicial-pese-a-voto-de-rechazo-afirma-mauricio-kuri\/\"},\"author\":{\"name\":\"Nexo Informativo\",\"@id\":\"https:\/\/www.nexoinformativo.mx\/#\/schema\/person\/7749d380ba08c8ca00d7bc76fd907b7d\"},\"headline\":\"Quer\u00e9taro respetar\u00e1 la Reforma al poder judicial, pes\u00e9 a voto de rechazo afirma Mauricio Kuri\",\"datePublished\":\"2024-09-13T19:00:05+00:00\",\"dateModified\":\"2024-09-14T23:58:34+00:00\",\"mainEntityOfPage\":{\"@id\":\"https:\/\/www.nexoinformativo.mx\/index.php\/2024\/09\/13\/queretaro-respetara-la-reforma-al-poder-judicial-pese-a-voto-de-rechazo-afirma-mauricio-kuri\/\"},\"wordCount\":222,\"commentCount\":0,\"publisher\":{\"@id\":\"https:\/\/www.nexoinformativo.mx\/#organization\"},\"image\":{\"@id\":\"https:\/\/www.nexoinformativo.mx\/index.php\/2024\/09\/13\/queretaro-respetara-la-reforma-al-poder-judicial-pese-a-voto-de-rechazo-afirma-mauricio-kuri\/#primaryimage\"},\"thumbnailUrl\":\"https:\/\/www.nexoinformativo.mx\/wp-content\/uploads\/2024\/09\/IMG_6467.jpg\",\"keywords\":[\"CertidumbreJur\u00eddica\",\"CrisisPAN\",\"Quer\u00e9taroSeguridad\",\"ReformaJudicial\"],\"articleSection\":[\"Estado\",\"Pol\u00edtica\"],\"inLanguage\":\"es\",\"potentialAction\":[{\"@type\":\"CommentAction\",\"name\":\"Comment\",\"target\":[\"https:\/\/www.nexoinformativo.mx\/index.php\/2024\/09\/13\/queretaro-respetara-la-reforma-al-poder-judicial-pese-a-voto-de-rechazo-afirma-mauricio-kuri\/#respond\"]}]},{\"@type\":\"WebPage\",\"@id\":\"https:\/\/www.nexoinformativo.mx\/index.php\/2024\/09\/13\/queretaro-respetara-la-reforma-al-poder-judicial-pese-a-voto-de-rechazo-afirma-mauricio-kuri\/\",\"url\":\"https:\/\/www.nexoinformativo.mx\/index.php\/2024\/09\/13\/queretaro-respetara-la-reforma-al-poder-judicial-pese-a-voto-de-rechazo-afirma-mauricio-kuri\/\",\"name\":\"Quer\u00e9taro respetar\u00e1 la Reforma al poder judicial, pes\u00e9 a voto de rechazo afirma Mauricio Kuri | Nexo Informativo Santiago de Quer\u00e9taro\",\"isPartOf\":{\"@id\":\"https:\/\/www.nexoinformativo.mx\/#website\"},\"primaryImageOfPage\":{\"@id\":\"https:\/\/www.nexoinformativo.mx\/index.php\/2024\/09\/13\/queretaro-respetara-la-reforma-al-poder-judicial-pese-a-voto-de-rechazo-afirma-mauricio-kuri\/#primaryimage\"},\"image\":{\"@id\":\"https:\/\/www.nexoinformativo.mx\/index.php\/2024\/09\/13\/queretaro-respetara-la-reforma-al-poder-judicial-pese-a-voto-de-rechazo-afirma-mauricio-kuri\/#primaryimage\"},\"thumbnailUrl\":\"https:\/\/www.nexoinformativo.mx\/wp-content\/uploads\/2024\/09\/IMG_6467.jpg\",\"datePublished\":\"2024-09-13T19:00:05+00:00\",\"dateModified\":\"2024-09-14T23:58:34+00:00\",\"description\":\"Quer\u00e9taro respetar\u00e1 la Reforma al poder judicial, pes\u00e9 a voto de rechazo afirma Mauricio Kuri\",\"breadcrumb\":{\"@id\":\"https:\/\/www.nexoinformativo.mx\/index.php\/2024\/09\/13\/queretaro-respetara-la-reforma-al-poder-judicial-pese-a-voto-de-rechazo-afirma-mauricio-kuri\/#breadcrumb\"},\"inLanguage\":\"es\",\"potentialAction\":[{\"@type\":\"ReadAction\",\"target\":[\"https:\/\/www.nexoinformativo.mx\/index.php\/2024\/09\/13\/queretaro-respetara-la-reforma-al-poder-judicial-pese-a-voto-de-rechazo-afirma-mauricio-kuri\/\"]}]},{\"@type\":\"ImageObject\",\"inLanguage\":\"es\",\"@id\":\"https:\/\/www.nexoinformativo.mx\/index.php\/2024\/09\/13\/queretaro-respetara-la-reforma-al-poder-judicial-pese-a-voto-de-rechazo-afirma-mauricio-kuri\/#primaryimage\",\"url\":\"https:\/\/www.nexoinformativo.mx\/wp-content\/uploads\/2024\/09\/IMG_6467.jpg\",\"contentUrl\":\"https:\/\/www.nexoinformativo.mx\/wp-content\/uploads\/2024\/09\/IMG_6467.jpg\",\"width\":414,\"height\":249},{\"@type\":\"BreadcrumbList\",\"@id\":\"https:\/\/www.nexoinformativo.mx\/index.php\/2024\/09\/13\/queretaro-respetara-la-reforma-al-poder-judicial-pese-a-voto-de-rechazo-afirma-mauricio-kuri\/#breadcrumb\",\"itemListElement\":[{\"@type\":\"ListItem\",\"position\":1,\"name\":\"Inicio\",\"item\":\"https:\/\/www.nexoinformativo.mx\/\"},{\"@type\":\"ListItem\",\"position\":2,\"name\":\"Quer\u00e9taro respetar\u00e1 la Reforma al poder judicial, pes\u00e9 a voto de rechazo afirma Mauricio Kuri\"}]},{\"@type\":\"WebSite\",\"@id\":\"https:\/\/www.nexoinformativo.mx\/#website\",\"url\":\"https:\/\/www.nexoinformativo.mx\/\",\"name\":\"Nexo Informativo Santiago de Quer\u00e9taro\",\"description\":\"Explora NexoInformativo y convi\u00e9rtete en parte de una comunidad que valora el conocimiento y la verdad. Tu nexoinformativo es tu puente hacia una comprensi\u00f3n m\u00e1s profunda del mundo que te rodea.\",\"publisher\":{\"@id\":\"https:\/\/www.nexoinformativo.mx\/#organization\"},\"potentialAction\":[{\"@type\":\"SearchAction\",\"target\":{\"@type\":\"EntryPoint\",\"urlTemplate\":\"https:\/\/www.nexoinformativo.mx\/?s={search_term_string}\"},\"query-input\":{\"@type\":\"PropertyValueSpecification\",\"valueRequired\":true,\"valueName\":\"search_term_string\"}}],\"inLanguage\":\"es\"},{\"@type\":\"Organization\",\"@id\":\"https:\/\/www.nexoinformativo.mx\/#organization\",\"name\":\"Nexo Informativo Santiago de Quer\u00e9taro\",\"url\":\"https:\/\/www.nexoinformativo.mx\/\",\"logo\":{\"@type\":\"ImageObject\",\"inLanguage\":\"es\",\"@id\":\"https:\/\/www.nexoinformativo.mx\/#\/schema\/logo\/image\/\",\"url\":\"https:\/\/www.nexoinformativo.mx\/wp-content\/uploads\/2024\/07\/nexoi-trasparente-2.png\",\"contentUrl\":\"https:\/\/www.nexoinformativo.mx\/wp-content\/uploads\/2024\/07\/nexoi-trasparente-2.png\",\"width\":816,\"height\":339,\"caption\":\"Nexo Informativo Santiago de Quer\u00e9taro\"},\"image\":{\"@id\":\"https:\/\/www.nexoinformativo.mx\/#\/schema\/logo\/image\/\"},\"sameAs\":[\"https:\/\/www.facebook.com\/people\/Nexo-Informativo\/61564066885511\/\"]},{\"@type\":\"Person\",\"@id\":\"https:\/\/www.nexoinformativo.mx\/#\/schema\/person\/7749d380ba08c8ca00d7bc76fd907b7d\",\"name\":\"Nexo Informativo\",\"image\":{\"@type\":\"ImageObject\",\"inLanguage\":\"es\",\"@id\":\"https:\/\/www.nexoinformativo.mx\/#\/schema\/person\/image\/\",\"url\":\"https:\/\/secure.gravatar.com\/avatar\/dde2928154642a13d95f87ddf1ea9718fe2b46760a005c53e41ff5ad610704e6?s=96&d=mm&r=g\",\"contentUrl\":\"https:\/\/secure.gravatar.com\/avatar\/dde2928154642a13d95f87ddf1ea9718fe2b46760a005c53e41ff5ad610704e6?s=96&d=mm&r=g\",\"caption\":\"Nexo Informativo\"},\"url\":\"https:\/\/www.nexoinformativo.mx\/index.php\/author\/edicion\/\"}]}<\/script>\n<!-- \/ Yoast SEO plugin. -->","yoast_head_json":{"title":"Quer\u00e9taro respetar\u00e1 la Reforma al poder judicial, pes\u00e9 a voto de rechazo afirma Mauricio Kuri | Nexo Informativo Santiago de Quer\u00e9taro","description":"Quer\u00e9taro respetar\u00e1 la Reforma al poder judicial, pes\u00e9 a voto de rechazo afirma Mauricio Kuri","robots":{"index":"index","follow":"follow","max-snippet":"max-snippet:-1","max-image-preview":"max-image-preview:large","max-video-preview":"max-video-preview:-1"},"canonical":"https:\/\/www.nexoinformativo.mx\/index.php\/2024\/09\/13\/queretaro-respetara-la-reforma-al-poder-judicial-pese-a-voto-de-rechazo-afirma-mauricio-kuri\/","og_locale":"es_MX","og_type":"article","og_title":"Quer\u00e9taro respetar\u00e1 la Reforma al poder judicial, pes\u00e9 a voto de rechazo afirma Mauricio Kuri | Nexo Informativo Santiago de Quer\u00e9taro","og_description":"Quer\u00e9taro respetar\u00e1 la Reforma al poder judicial, pes\u00e9 a voto de rechazo afirma Mauricio Kuri","og_url":"https:\/\/www.nexoinformativo.mx\/index.php\/2024\/09\/13\/queretaro-respetara-la-reforma-al-poder-judicial-pese-a-voto-de-rechazo-afirma-mauricio-kuri\/","og_site_name":"Nexo Informativo Santiago de Quer\u00e9taro","article_publisher":"https:\/\/www.facebook.com\/people\/Nexo-Informativo\/61564066885511\/","article_published_time":"2024-09-13T19:00:05+00:00","article_modified_time":"2024-09-14T23:58:34+00:00","og_image":[{"width":414,"height":249,"url":"https:\/\/www.nexoinformativo.mx\/wp-content\/uploads\/2024\/09\/IMG_6467.jpg","type":"image\/jpeg"}],"author":"Nexo Informativo","twitter_card":"summary_large_image","twitter_misc":{"Escrito por":"Nexo Informativo","Tiempo de lectura":"2 minutos"},"schema":{"@context":"https:\/\/schema.org","@graph":[{"@type":"Article","@id":"https:\/\/www.nexoinformativo.mx\/index.php\/2024\/09\/13\/queretaro-respetara-la-reforma-al-poder-judicial-pese-a-voto-de-rechazo-afirma-mauricio-kuri\/#article","isPartOf":{"@id":"https:\/\/www.nexoinformativo.mx\/index.php\/2024\/09\/13\/queretaro-respetara-la-reforma-al-poder-judicial-pese-a-voto-de-rechazo-afirma-mauricio-kuri\/"},"author":{"name":"Nexo Informativo","@id":"https:\/\/www.nexoinformativo.mx\/#\/schema\/person\/7749d380ba08c8ca00d7bc76fd907b7d"},"headline":"Quer\u00e9taro respetar\u00e1 la Reforma al poder judicial, pes\u00e9 a voto de rechazo afirma Mauricio Kuri","datePublished":"2024-09-13T19:00:05+00:00","dateModified":"2024-09-14T23:58:34+00:00","mainEntityOfPage":{"@id":"https:\/\/www.nexoinformativo.mx\/index.php\/2024\/09\/13\/queretaro-respetara-la-reforma-al-poder-judicial-pese-a-voto-de-rechazo-afirma-mauricio-kuri\/"},"wordCount":222,"commentCount":0,"publisher":{"@id":"https:\/\/www.nexoinformativo.mx\/#organization"},"image":{"@id":"https:\/\/www.nexoinformativo.mx\/index.php\/2024\/09\/13\/queretaro-respetara-la-reforma-al-poder-judicial-pese-a-voto-de-rechazo-afirma-mauricio-kuri\/#primaryimage"},"thumbnailUrl":"https:\/\/www.nexoinformativo.mx\/wp-content\/uploads\/2024\/09\/IMG_6467.jpg","keywords":["CertidumbreJur\u00eddica","CrisisPAN","Quer\u00e9taroSeguridad","ReformaJudicial"],"articleSection":["Estado","Pol\u00edtica"],"inLanguage":"es","potentialAction":[{"@type":"CommentAction","name":"Comment","target":["https:\/\/www.nexoinformativo.mx\/index.php\/2024\/09\/13\/queretaro-respetara-la-reforma-al-poder-judicial-pese-a-voto-de-rechazo-afirma-mauricio-kuri\/#respond"]}]},{"@type":"WebPage","@id":"https:\/\/www.nexoinformativo.mx\/index.php\/2024\/09\/13\/queretaro-respetara-la-reforma-al-poder-judicial-pese-a-voto-de-rechazo-afirma-mauricio-kuri\/","url":"https:\/\/www.nexoinformativo.mx\/index.php\/2024\/09\/13\/queretaro-respetara-la-reforma-al-poder-judicial-pese-a-voto-de-rechazo-afirma-mauricio-kuri\/","name":"Quer\u00e9taro respetar\u00e1 la Reforma al poder judicial, pes\u00e9 a voto de rechazo afirma Mauricio Kuri | Nexo Informativo Santiago de Quer\u00e9taro","isPartOf":{"@id":"https:\/\/www.nexoinformativo.mx\/#website"},"primaryImageOfPage":{"@id":"https:\/\/www.nexoinformativo.mx\/index.php\/2024\/09\/13\/queretaro-respetara-la-reforma-al-poder-judicial-pese-a-voto-de-rechazo-afirma-mauricio-kuri\/#primaryimage"},"image":{"@id":"https:\/\/www.nexoinformativo.mx\/index.php\/2024\/09\/13\/queretaro-respetara-la-reforma-al-poder-judicial-pese-a-voto-de-rechazo-afirma-mauricio-kuri\/#primaryimage"},"thumbnailUrl":"https:\/\/www.nexoinformativo.mx\/wp-content\/uploads\/2024\/09\/IMG_6467.jpg","datePublished":"2024-09-13T19:00:05+00:00","dateModified":"2024-09-14T23:58:34+00:00","description":"Quer\u00e9taro respetar\u00e1 la Reforma al poder judicial, pes\u00e9 a voto de rechazo afirma Mauricio Kuri","breadcrumb":{"@id":"https:\/\/www.nexoinformativo.mx\/index.php\/2024\/09\/13\/queretaro-respetara-la-reforma-al-poder-judicial-pese-a-voto-de-rechazo-afirma-mauricio-kuri\/#breadcrumb"},"inLanguage":"es","potentialAction":[{"@type":"ReadAction","target":["https:\/\/www.nexoinformativo.mx\/index.php\/2024\/09\/13\/queretaro-respetara-la-reforma-al-poder-judicial-pese-a-voto-de-rechazo-afirma-mauricio-kuri\/"]}]},{"@type":"ImageObject","inLanguage":"es","@id":"https:\/\/www.nexoinformativo.mx\/index.php\/2024\/09\/13\/queretaro-respetara-la-reforma-al-poder-judicial-pese-a-voto-de-rechazo-afirma-mauricio-kuri\/#primaryimage","url":"https:\/\/www.nexoinformativo.mx\/wp-content\/uploads\/2024\/09\/IMG_6467.jpg","contentUrl":"https:\/\/www.nexoinformativo.mx\/wp-content\/uploads\/2024\/09\/IMG_6467.jpg","width":414,"height":249},{"@type":"BreadcrumbList","@id":"https:\/\/www.nexoinformativo.mx\/index.php\/2024\/09\/13\/queretaro-respetara-la-reforma-al-poder-judicial-pese-a-voto-de-rechazo-afirma-mauricio-kuri\/#breadcrumb","itemListElement":[{"@type":"ListItem","position":1,"name":"Inicio","item":"https:\/\/www.nexoinformativo.mx\/"},{"@type":"ListItem","position":2,"name":"Quer\u00e9taro respetar\u00e1 la Reforma al poder judicial, pes\u00e9 a voto de rechazo afirma Mauricio Kuri"}]},{"@type":"WebSite","@id":"https:\/\/www.nexoinformativo.mx\/#website","url":"https:\/\/www.nexoinformativo.mx\/","name":"Nexo Informativo Santiago de Quer\u00e9taro","description":"Explora NexoInformativo y convi\u00e9rtete en parte de una comunidad que valora el conocimiento y la verdad. Tu nexoinformativo es tu puente hacia una comprensi\u00f3n m\u00e1s profunda del mundo que te rodea.","publisher":{"@id":"https:\/\/www.nexoinformativo.mx\/#organization"},"potentialAction":[{"@type":"SearchAction","target":{"@type":"EntryPoint","urlTemplate":"https:\/\/www.nexoinformativo.mx\/?s={search_term_string}"},"query-input":{"@type":"PropertyValueSpecification","valueRequired":true,"valueName":"search_term_string"}}],"inLanguage":"es"},{"@type":"Organization","@id":"https:\/\/www.nexoinformativo.mx\/#organization","name":"Nexo Informativo Santiago de Quer\u00e9taro","url":"https:\/\/www.nexoinformativo.mx\/","logo":{"@type":"ImageObject","inLanguage":"es","@id":"https:\/\/www.nexoinformativo.mx\/#\/schema\/logo\/image\/","url":"https:\/\/www.nexoinformativo.mx\/wp-content\/uploads\/2024\/07\/nexoi-trasparente-2.png","contentUrl":"https:\/\/www.nexoinformativo.mx\/wp-content\/uploads\/2024\/07\/nexoi-trasparente-2.png","width":816,"height":339,"caption":"Nexo Informativo Santiago de Quer\u00e9taro"},"image":{"@id":"https:\/\/www.nexoinformativo.mx\/#\/schema\/logo\/image\/"},"sameAs":["https:\/\/www.facebook.com\/people\/Nexo-Informativo\/61564066885511\/"]},{"@type":"Person","@id":"https:\/\/www.nexoinformativo.mx\/#\/schema\/person\/7749d380ba08c8ca00d7bc76fd907b7d","name":"Nexo Informativo","image":{"@type":"ImageObject","inLanguage":"es","@id":"https:\/\/www.nexoinformativo.mx\/#\/schema\/person\/image\/","url":"https:\/\/secure.gravatar.com\/avatar\/dde2928154642a13d95f87ddf1ea9718fe2b46760a005c53e41ff5ad610704e6?s=96&d=mm&r=g","contentUrl":"https:\/\/secure.gravatar.com\/avatar\/dde2928154642a13d95f87ddf1ea9718fe2b46760a005c53e41ff5ad610704e6?s=96&d=mm&r=g","caption":"Nexo Informativo"},"url":"https:\/\/www.nexoinformativo.mx\/index.php\/author\/edicion\/"}]}},"_links":{"self":[{"href":"https:\/\/www.nexoinformativo.mx\/index.php\/wp-json\/wp\/v2\/posts\/1930","targetHints":{"allow":["GET"]}}],"collection":[{"href":"https:\/\/www.nexoinformativo.mx\/index.php\/wp-json\/wp\/v2\/posts"}],"about":[{"href":"https:\/\/www.nexoinformativo.mx\/index.php\/wp-json\/wp\/v2\/types\/post"}],"author":[{"embeddable":true,"href":"https:\/\/www.nexoinformativo.mx\/index.php\/wp-json\/wp\/v2\/users\/3"}],"replies":[{"embeddable":true,"href":"https:\/\/www.nexoinformativo.mx\/index.php\/wp-json\/wp\/v2\/comments?post=1930"}],"version-history":[{"count":9,"href":"https:\/\/www.nexoinformativo.mx\/index.php\/wp-json\/wp\/v2\/posts\/1930\/revisions"}],"predecessor-version":[{"id":1944,"href":"https:\/\/www.nexoinformativo.mx\/index.php\/wp-json\/wp\/v2\/posts\/1930\/revisions\/1944"}],"wp:featuredmedia":[{"embeddable":true,"href":"https:\/\/www.nexoinformativo.mx\/index.php\/wp-json\/wp\/v2\/media\/1933"}],"wp:attachment":[{"href":"https:\/\/www.nexoinformativo.mx\/index.php\/wp-json\/wp\/v2\/media?parent=1930"}],"wp:term":[{"taxonomy":"category","embeddable":true,"href":"https:\/\/www.nexoinformativo.mx\/index.php\/wp-json\/wp\/v2\/categories?post=1930"},{"taxonomy":"post_tag","embeddable":true,"href":"https:\/\/www.nexoinformativo.mx\/index.php\/wp-json\/wp\/v2\/tags?post=1930"}],"curies":[{"name":"wp","href":"https:\/\/api.w.org\/{rel}","templated":true}]}}