{"id":1945,"date":"2024-09-14T12:00:48","date_gmt":"2024-09-14T18:00:48","guid":{"rendered":"https:\/\/www.nexoinformativo.mx\/?p=1945"},"modified":"2024-09-15T09:27:06","modified_gmt":"2024-09-15T15:27:06","slug":"uaq-se-deslinda-de-fiesta-de-bienvenida-tras-tragica-muerte-de-joven-estudiante","status":"publish","type":"post","link":"https:\/\/www.nexoinformativo.mx\/index.php\/2024\/09\/14\/uaq-se-deslinda-de-fiesta-de-bienvenida-tras-tragica-muerte-de-joven-estudiante\/","title":{"rendered":"UAQ se deslinda de fiesta de bienvenida tras tr\u00e1gica muerte de joven estudiante"},"content":{"rendered":"<p style=\"text-align: justify;\">La Universidad Aut\u00f3noma de Quer\u00e9taro ha emitido un comunicado en el que se deslinda de la fiesta de bienvenida organizada por alumnos de la Prepa Norte, en la que perdi\u00f3 la vida una joven de 17 a\u00f1os. La instituci\u00f3n clar\u00f3 que no participa en la organizaci\u00f3n de eventos fuera de sus instalaciones y solo pueden ser organizados \u00fanicamente por estudiantes o sociedades de alumnos.<\/p>\n<p>&nbsp;<\/p>\n<p style=\"text-align: justify;\">La UAQ reafirm\u00f3 su compromiso de mantener un ambiente educativo seguro, destacando la seguridad de sus estudiantes como prioridad. Los tr\u00e1gicos acontecimientos ocurrieron en un sal\u00f3n durante el evento, la joven se desmay\u00f3. Sus compa\u00f1eros, solicitaron ayuda a trav\u00e9s del n\u00famero de emergencias 9-1-1. Al llegar los param\u00e9dicos, confirmaron que la joven ya no ten\u00eda signos vitales.<\/p>\n<p>&nbsp;<\/p>\n<p style=\"text-align: justify;\">La Fiscal\u00eda del Estado llevar\u00e1 a cabo una investigaci\u00f3n para determinar la causa de la muerte de la joven. Haciendo hincapi\u00e9 en la importancia de realizar eventos en un entorno seguro y dentro de las instalaciones universitarias para prevenir situaciones lamentables como esta.<\/p>\n","protected":false},"excerpt":{"rendered":"<p>La Universidad Aut\u00f3noma de Quer\u00e9taro ha emitido un comunicado en el que se deslinda de la fiesta de bienvenida organizada por alumnos de la Prepa Norte, en la que perdi\u00f3 la vida una joven de 17 a\u00f1os.<\/p>\n","protected":false},"author":3,"featured_media":1946,"comment_status":"open","ping_status":"open","sticky":false,"template":"","format":"standard","meta":{"footnotes":""},"categories":[42,137],"tags":[715,714,716,252],"class_list":["post-1945","post","type-post","status-publish","format-standard","has-post-thumbnail","hentry","category-estado","category-sucesos","tag-fiestadebienvenida","tag-seguridadestudiantil","tag-tragediaestudiantil","tag-uaq"],"yoast_head":"<!-- This site is optimized with the Yoast SEO plugin v25.0 - https:\/\/yoast.com\/wordpress\/plugins\/seo\/ -->\n<title>UAQ se deslinda de fiesta de bienvenida tras tr\u00e1gica muerte de joven estudiante | Nexo Informativo Santiago de Quer\u00e9taro<\/title>\n<meta name=\"description\" content=\"UAQ se Deslinda de fiesta de bienvenida tras tr\u00e1gica muerte de joven estudiante\" \/>\n<meta name=\"robots\" content=\"index, follow, max-snippet:-1, max-image-preview:large, max-video-preview:-1\" \/>\n<link rel=\"canonical\" href=\"https:\/\/www.nexoinformativo.mx\/index.php\/2024\/09\/14\/uaq-se-deslinda-de-fiesta-de-bienvenida-tras-tragica-muerte-de-joven-estudiante\/\" \/>\n<meta property=\"og:locale\" content=\"es_MX\" \/>\n<meta property=\"og:type\" content=\"article\" \/>\n<meta property=\"og:title\" content=\"UAQ se deslinda de fiesta de bienvenida tras tr\u00e1gica muerte de joven estudiante | Nexo Informativo Santiago de Quer\u00e9taro\" \/>\n<meta property=\"og:description\" content=\"UAQ se Deslinda de fiesta de bienvenida tras tr\u00e1gica muerte de joven estudiante\" \/>\n<meta property=\"og:url\" content=\"https:\/\/www.nexoinformativo.mx\/index.php\/2024\/09\/14\/uaq-se-deslinda-de-fiesta-de-bienvenida-tras-tragica-muerte-de-joven-estudiante\/\" \/>\n<meta property=\"og:site_name\" content=\"Nexo Informativo Santiago de Quer\u00e9taro\" \/>\n<meta property=\"article:publisher\" content=\"https:\/\/www.facebook.com\/people\/Nexo-Informativo\/61564066885511\/\" \/>\n<meta property=\"article:published_time\" content=\"2024-09-14T18:00:48+00:00\" \/>\n<meta property=\"article:modified_time\" content=\"2024-09-15T15:27:06+00:00\" \/>\n<meta property=\"og:image\" content=\"https:\/\/www.nexoinformativo.mx\/wp-content\/uploads\/2024\/09\/IMG_6478-e1726413716425.png\" \/>\n\t<meta property=\"og:image:width\" content=\"800\" \/>\n\t<meta property=\"og:image:height\" content=\"533\" \/>\n\t<meta property=\"og:image:type\" content=\"image\/png\" \/>\n<meta name=\"author\" content=\"Nexo Informativo\" \/>\n<meta name=\"twitter:card\" content=\"summary_large_image\" \/>\n<meta name=\"twitter:label1\" content=\"Escrito por\" \/>\n\t<meta name=\"twitter:data1\" content=\"Nexo Informativo\" \/>\n\t<meta name=\"twitter:label2\" content=\"Tiempo de lectura\" \/>\n\t<meta name=\"twitter:data2\" content=\"1 minuto\" \/>\n<script type=\"application\/ld+json\" class=\"yoast-schema-graph\">{\"@context\":\"https:\/\/schema.org\",\"@graph\":[{\"@type\":\"Article\",\"@id\":\"https:\/\/www.nexoinformativo.mx\/index.php\/2024\/09\/14\/uaq-se-deslinda-de-fiesta-de-bienvenida-tras-tragica-muerte-de-joven-estudiante\/#article\",\"isPartOf\":{\"@id\":\"https:\/\/www.nexoinformativo.mx\/index.php\/2024\/09\/14\/uaq-se-deslinda-de-fiesta-de-bienvenida-tras-tragica-muerte-de-joven-estudiante\/\"},\"author\":{\"name\":\"Nexo Informativo\",\"@id\":\"https:\/\/www.nexoinformativo.mx\/#\/schema\/person\/7749d380ba08c8ca00d7bc76fd907b7d\"},\"headline\":\"UAQ se deslinda de fiesta de bienvenida tras tr\u00e1gica muerte de joven estudiante\",\"datePublished\":\"2024-09-14T18:00:48+00:00\",\"dateModified\":\"2024-09-15T15:27:06+00:00\",\"mainEntityOfPage\":{\"@id\":\"https:\/\/www.nexoinformativo.mx\/index.php\/2024\/09\/14\/uaq-se-deslinda-de-fiesta-de-bienvenida-tras-tragica-muerte-de-joven-estudiante\/\"},\"wordCount\":194,\"commentCount\":0,\"publisher\":{\"@id\":\"https:\/\/www.nexoinformativo.mx\/#organization\"},\"image\":{\"@id\":\"https:\/\/www.nexoinformativo.mx\/index.php\/2024\/09\/14\/uaq-se-deslinda-de-fiesta-de-bienvenida-tras-tragica-muerte-de-joven-estudiante\/#primaryimage\"},\"thumbnailUrl\":\"https:\/\/www.nexoinformativo.mx\/wp-content\/uploads\/2024\/09\/IMG_6478-e1726413716425.png\",\"keywords\":[\"FiestaDeBienvenida\",\"SeguridadEstudiantil\",\"TragediaEstudiantil\",\"UAQ\"],\"articleSection\":[\"Estado\",\"Sucesos\"],\"inLanguage\":\"es\",\"potentialAction\":[{\"@type\":\"CommentAction\",\"name\":\"Comment\",\"target\":[\"https:\/\/www.nexoinformativo.mx\/index.php\/2024\/09\/14\/uaq-se-deslinda-de-fiesta-de-bienvenida-tras-tragica-muerte-de-joven-estudiante\/#respond\"]}]},{\"@type\":\"WebPage\",\"@id\":\"https:\/\/www.nexoinformativo.mx\/index.php\/2024\/09\/14\/uaq-se-deslinda-de-fiesta-de-bienvenida-tras-tragica-muerte-de-joven-estudiante\/\",\"url\":\"https:\/\/www.nexoinformativo.mx\/index.php\/2024\/09\/14\/uaq-se-deslinda-de-fiesta-de-bienvenida-tras-tragica-muerte-de-joven-estudiante\/\",\"name\":\"UAQ se deslinda de fiesta de bienvenida tras tr\u00e1gica muerte de joven estudiante | Nexo Informativo Santiago de Quer\u00e9taro\",\"isPartOf\":{\"@id\":\"https:\/\/www.nexoinformativo.mx\/#website\"},\"primaryImageOfPage\":{\"@id\":\"https:\/\/www.nexoinformativo.mx\/index.php\/2024\/09\/14\/uaq-se-deslinda-de-fiesta-de-bienvenida-tras-tragica-muerte-de-joven-estudiante\/#primaryimage\"},\"image\":{\"@id\":\"https:\/\/www.nexoinformativo.mx\/index.php\/2024\/09\/14\/uaq-se-deslinda-de-fiesta-de-bienvenida-tras-tragica-muerte-de-joven-estudiante\/#primaryimage\"},\"thumbnailUrl\":\"https:\/\/www.nexoinformativo.mx\/wp-content\/uploads\/2024\/09\/IMG_6478-e1726413716425.png\",\"datePublished\":\"2024-09-14T18:00:48+00:00\",\"dateModified\":\"2024-09-15T15:27:06+00:00\",\"description\":\"UAQ se Deslinda de fiesta de bienvenida tras tr\u00e1gica muerte de joven estudiante\",\"breadcrumb\":{\"@id\":\"https:\/\/www.nexoinformativo.mx\/index.php\/2024\/09\/14\/uaq-se-deslinda-de-fiesta-de-bienvenida-tras-tragica-muerte-de-joven-estudiante\/#breadcrumb\"},\"inLanguage\":\"es\",\"potentialAction\":[{\"@type\":\"ReadAction\",\"target\":[\"https:\/\/www.nexoinformativo.mx\/index.php\/2024\/09\/14\/uaq-se-deslinda-de-fiesta-de-bienvenida-tras-tragica-muerte-de-joven-estudiante\/\"]}]},{\"@type\":\"ImageObject\",\"inLanguage\":\"es\",\"@id\":\"https:\/\/www.nexoinformativo.mx\/index.php\/2024\/09\/14\/uaq-se-deslinda-de-fiesta-de-bienvenida-tras-tragica-muerte-de-joven-estudiante\/#primaryimage\",\"url\":\"https:\/\/www.nexoinformativo.mx\/wp-content\/uploads\/2024\/09\/IMG_6478-e1726413716425.png\",\"contentUrl\":\"https:\/\/www.nexoinformativo.mx\/wp-content\/uploads\/2024\/09\/IMG_6478-e1726413716425.png\",\"width\":800,\"height\":533},{\"@type\":\"BreadcrumbList\",\"@id\":\"https:\/\/www.nexoinformativo.mx\/index.php\/2024\/09\/14\/uaq-se-deslinda-de-fiesta-de-bienvenida-tras-tragica-muerte-de-joven-estudiante\/#breadcrumb\",\"itemListElement\":[{\"@type\":\"ListItem\",\"position\":1,\"name\":\"Inicio\",\"item\":\"https:\/\/www.nexoinformativo.mx\/\"},{\"@type\":\"ListItem\",\"position\":2,\"name\":\"UAQ se deslinda de fiesta de bienvenida tras tr\u00e1gica muerte de joven estudiante\"}]},{\"@type\":\"WebSite\",\"@id\":\"https:\/\/www.nexoinformativo.mx\/#website\",\"url\":\"https:\/\/www.nexoinformativo.mx\/\",\"name\":\"Nexo Informativo Santiago de Quer\u00e9taro\",\"description\":\"Explora NexoInformativo y convi\u00e9rtete en parte de una comunidad que valora el conocimiento y la verdad. Tu nexoinformativo es tu puente hacia una comprensi\u00f3n m\u00e1s profunda del mundo que te rodea.\",\"publisher\":{\"@id\":\"https:\/\/www.nexoinformativo.mx\/#organization\"},\"potentialAction\":[{\"@type\":\"SearchAction\",\"target\":{\"@type\":\"EntryPoint\",\"urlTemplate\":\"https:\/\/www.nexoinformativo.mx\/?s={search_term_string}\"},\"query-input\":{\"@type\":\"PropertyValueSpecification\",\"valueRequired\":true,\"valueName\":\"search_term_string\"}}],\"inLanguage\":\"es\"},{\"@type\":\"Organization\",\"@id\":\"https:\/\/www.nexoinformativo.mx\/#organization\",\"name\":\"Nexo Informativo Santiago de Quer\u00e9taro\",\"url\":\"https:\/\/www.nexoinformativo.mx\/\",\"logo\":{\"@type\":\"ImageObject\",\"inLanguage\":\"es\",\"@id\":\"https:\/\/www.nexoinformativo.mx\/#\/schema\/logo\/image\/\",\"url\":\"https:\/\/www.nexoinformativo.mx\/wp-content\/uploads\/2024\/07\/nexoi-trasparente-2.png\",\"contentUrl\":\"https:\/\/www.nexoinformativo.mx\/wp-content\/uploads\/2024\/07\/nexoi-trasparente-2.png\",\"width\":816,\"height\":339,\"caption\":\"Nexo Informativo Santiago de Quer\u00e9taro\"},\"image\":{\"@id\":\"https:\/\/www.nexoinformativo.mx\/#\/schema\/logo\/image\/\"},\"sameAs\":[\"https:\/\/www.facebook.com\/people\/Nexo-Informativo\/61564066885511\/\"]},{\"@type\":\"Person\",\"@id\":\"https:\/\/www.nexoinformativo.mx\/#\/schema\/person\/7749d380ba08c8ca00d7bc76fd907b7d\",\"name\":\"Nexo Informativo\",\"image\":{\"@type\":\"ImageObject\",\"inLanguage\":\"es\",\"@id\":\"https:\/\/www.nexoinformativo.mx\/#\/schema\/person\/image\/\",\"url\":\"https:\/\/secure.gravatar.com\/avatar\/dde2928154642a13d95f87ddf1ea9718fe2b46760a005c53e41ff5ad610704e6?s=96&d=mm&r=g\",\"contentUrl\":\"https:\/\/secure.gravatar.com\/avatar\/dde2928154642a13d95f87ddf1ea9718fe2b46760a005c53e41ff5ad610704e6?s=96&d=mm&r=g\",\"caption\":\"Nexo Informativo\"},\"url\":\"https:\/\/www.nexoinformativo.mx\/index.php\/author\/edicion\/\"}]}<\/script>\n<!-- \/ Yoast SEO plugin. -->","yoast_head_json":{"title":"UAQ se deslinda de fiesta de bienvenida tras tr\u00e1gica muerte de joven estudiante | Nexo Informativo Santiago de Quer\u00e9taro","description":"UAQ se Deslinda de fiesta de bienvenida tras tr\u00e1gica muerte de joven estudiante","robots":{"index":"index","follow":"follow","max-snippet":"max-snippet:-1","max-image-preview":"max-image-preview:large","max-video-preview":"max-video-preview:-1"},"canonical":"https:\/\/www.nexoinformativo.mx\/index.php\/2024\/09\/14\/uaq-se-deslinda-de-fiesta-de-bienvenida-tras-tragica-muerte-de-joven-estudiante\/","og_locale":"es_MX","og_type":"article","og_title":"UAQ se deslinda de fiesta de bienvenida tras tr\u00e1gica muerte de joven estudiante | Nexo Informativo Santiago de Quer\u00e9taro","og_description":"UAQ se Deslinda de fiesta de bienvenida tras tr\u00e1gica muerte de joven estudiante","og_url":"https:\/\/www.nexoinformativo.mx\/index.php\/2024\/09\/14\/uaq-se-deslinda-de-fiesta-de-bienvenida-tras-tragica-muerte-de-joven-estudiante\/","og_site_name":"Nexo Informativo Santiago de Quer\u00e9taro","article_publisher":"https:\/\/www.facebook.com\/people\/Nexo-Informativo\/61564066885511\/","article_published_time":"2024-09-14T18:00:48+00:00","article_modified_time":"2024-09-15T15:27:06+00:00","og_image":[{"width":800,"height":533,"url":"https:\/\/www.nexoinformativo.mx\/wp-content\/uploads\/2024\/09\/IMG_6478-e1726413716425.png","type":"image\/png"}],"author":"Nexo Informativo","twitter_card":"summary_large_image","twitter_misc":{"Escrito por":"Nexo Informativo","Tiempo de lectura":"1 minuto"},"schema":{"@context":"https:\/\/schema.org","@graph":[{"@type":"Article","@id":"https:\/\/www.nexoinformativo.mx\/index.php\/2024\/09\/14\/uaq-se-deslinda-de-fiesta-de-bienvenida-tras-tragica-muerte-de-joven-estudiante\/#article","isPartOf":{"@id":"https:\/\/www.nexoinformativo.mx\/index.php\/2024\/09\/14\/uaq-se-deslinda-de-fiesta-de-bienvenida-tras-tragica-muerte-de-joven-estudiante\/"},"author":{"name":"Nexo Informativo","@id":"https:\/\/www.nexoinformativo.mx\/#\/schema\/person\/7749d380ba08c8ca00d7bc76fd907b7d"},"headline":"UAQ se deslinda de fiesta de bienvenida tras tr\u00e1gica muerte de joven estudiante","datePublished":"2024-09-14T18:00:48+00:00","dateModified":"2024-09-15T15:27:06+00:00","mainEntityOfPage":{"@id":"https:\/\/www.nexoinformativo.mx\/index.php\/2024\/09\/14\/uaq-se-deslinda-de-fiesta-de-bienvenida-tras-tragica-muerte-de-joven-estudiante\/"},"wordCount":194,"commentCount":0,"publisher":{"@id":"https:\/\/www.nexoinformativo.mx\/#organization"},"image":{"@id":"https:\/\/www.nexoinformativo.mx\/index.php\/2024\/09\/14\/uaq-se-deslinda-de-fiesta-de-bienvenida-tras-tragica-muerte-de-joven-estudiante\/#primaryimage"},"thumbnailUrl":"https:\/\/www.nexoinformativo.mx\/wp-content\/uploads\/2024\/09\/IMG_6478-e1726413716425.png","keywords":["FiestaDeBienvenida","SeguridadEstudiantil","TragediaEstudiantil","UAQ"],"articleSection":["Estado","Sucesos"],"inLanguage":"es","potentialAction":[{"@type":"CommentAction","name":"Comment","target":["https:\/\/www.nexoinformativo.mx\/index.php\/2024\/09\/14\/uaq-se-deslinda-de-fiesta-de-bienvenida-tras-tragica-muerte-de-joven-estudiante\/#respond"]}]},{"@type":"WebPage","@id":"https:\/\/www.nexoinformativo.mx\/index.php\/2024\/09\/14\/uaq-se-deslinda-de-fiesta-de-bienvenida-tras-tragica-muerte-de-joven-estudiante\/","url":"https:\/\/www.nexoinformativo.mx\/index.php\/2024\/09\/14\/uaq-se-deslinda-de-fiesta-de-bienvenida-tras-tragica-muerte-de-joven-estudiante\/","name":"UAQ se deslinda de fiesta de bienvenida tras tr\u00e1gica muerte de joven estudiante | Nexo Informativo Santiago de Quer\u00e9taro","isPartOf":{"@id":"https:\/\/www.nexoinformativo.mx\/#website"},"primaryImageOfPage":{"@id":"https:\/\/www.nexoinformativo.mx\/index.php\/2024\/09\/14\/uaq-se-deslinda-de-fiesta-de-bienvenida-tras-tragica-muerte-de-joven-estudiante\/#primaryimage"},"image":{"@id":"https:\/\/www.nexoinformativo.mx\/index.php\/2024\/09\/14\/uaq-se-deslinda-de-fiesta-de-bienvenida-tras-tragica-muerte-de-joven-estudiante\/#primaryimage"},"thumbnailUrl":"https:\/\/www.nexoinformativo.mx\/wp-content\/uploads\/2024\/09\/IMG_6478-e1726413716425.png","datePublished":"2024-09-14T18:00:48+00:00","dateModified":"2024-09-15T15:27:06+00:00","description":"UAQ se Deslinda de fiesta de bienvenida tras tr\u00e1gica muerte de joven estudiante","breadcrumb":{"@id":"https:\/\/www.nexoinformativo.mx\/index.php\/2024\/09\/14\/uaq-se-deslinda-de-fiesta-de-bienvenida-tras-tragica-muerte-de-joven-estudiante\/#breadcrumb"},"inLanguage":"es","potentialAction":[{"@type":"ReadAction","target":["https:\/\/www.nexoinformativo.mx\/index.php\/2024\/09\/14\/uaq-se-deslinda-de-fiesta-de-bienvenida-tras-tragica-muerte-de-joven-estudiante\/"]}]},{"@type":"ImageObject","inLanguage":"es","@id":"https:\/\/www.nexoinformativo.mx\/index.php\/2024\/09\/14\/uaq-se-deslinda-de-fiesta-de-bienvenida-tras-tragica-muerte-de-joven-estudiante\/#primaryimage","url":"https:\/\/www.nexoinformativo.mx\/wp-content\/uploads\/2024\/09\/IMG_6478-e1726413716425.png","contentUrl":"https:\/\/www.nexoinformativo.mx\/wp-content\/uploads\/2024\/09\/IMG_6478-e1726413716425.png","width":800,"height":533},{"@type":"BreadcrumbList","@id":"https:\/\/www.nexoinformativo.mx\/index.php\/2024\/09\/14\/uaq-se-deslinda-de-fiesta-de-bienvenida-tras-tragica-muerte-de-joven-estudiante\/#breadcrumb","itemListElement":[{"@type":"ListItem","position":1,"name":"Inicio","item":"https:\/\/www.nexoinformativo.mx\/"},{"@type":"ListItem","position":2,"name":"UAQ se deslinda de fiesta de bienvenida tras tr\u00e1gica muerte de joven estudiante"}]},{"@type":"WebSite","@id":"https:\/\/www.nexoinformativo.mx\/#website","url":"https:\/\/www.nexoinformativo.mx\/","name":"Nexo Informativo Santiago de Quer\u00e9taro","description":"Explora NexoInformativo y convi\u00e9rtete en parte de una comunidad que valora el conocimiento y la verdad. Tu nexoinformativo es tu puente hacia una comprensi\u00f3n m\u00e1s profunda del mundo que te rodea.","publisher":{"@id":"https:\/\/www.nexoinformativo.mx\/#organization"},"potentialAction":[{"@type":"SearchAction","target":{"@type":"EntryPoint","urlTemplate":"https:\/\/www.nexoinformativo.mx\/?s={search_term_string}"},"query-input":{"@type":"PropertyValueSpecification","valueRequired":true,"valueName":"search_term_string"}}],"inLanguage":"es"},{"@type":"Organization","@id":"https:\/\/www.nexoinformativo.mx\/#organization","name":"Nexo Informativo Santiago de Quer\u00e9taro","url":"https:\/\/www.nexoinformativo.mx\/","logo":{"@type":"ImageObject","inLanguage":"es","@id":"https:\/\/www.nexoinformativo.mx\/#\/schema\/logo\/image\/","url":"https:\/\/www.nexoinformativo.mx\/wp-content\/uploads\/2024\/07\/nexoi-trasparente-2.png","contentUrl":"https:\/\/www.nexoinformativo.mx\/wp-content\/uploads\/2024\/07\/nexoi-trasparente-2.png","width":816,"height":339,"caption":"Nexo Informativo Santiago de Quer\u00e9taro"},"image":{"@id":"https:\/\/www.nexoinformativo.mx\/#\/schema\/logo\/image\/"},"sameAs":["https:\/\/www.facebook.com\/people\/Nexo-Informativo\/61564066885511\/"]},{"@type":"Person","@id":"https:\/\/www.nexoinformativo.mx\/#\/schema\/person\/7749d380ba08c8ca00d7bc76fd907b7d","name":"Nexo Informativo","image":{"@type":"ImageObject","inLanguage":"es","@id":"https:\/\/www.nexoinformativo.mx\/#\/schema\/person\/image\/","url":"https:\/\/secure.gravatar.com\/avatar\/dde2928154642a13d95f87ddf1ea9718fe2b46760a005c53e41ff5ad610704e6?s=96&d=mm&r=g","contentUrl":"https:\/\/secure.gravatar.com\/avatar\/dde2928154642a13d95f87ddf1ea9718fe2b46760a005c53e41ff5ad610704e6?s=96&d=mm&r=g","caption":"Nexo Informativo"},"url":"https:\/\/www.nexoinformativo.mx\/index.php\/author\/edicion\/"}]}},"_links":{"self":[{"href":"https:\/\/www.nexoinformativo.mx\/index.php\/wp-json\/wp\/v2\/posts\/1945","targetHints":{"allow":["GET"]}}],"collection":[{"href":"https:\/\/www.nexoinformativo.mx\/index.php\/wp-json\/wp\/v2\/posts"}],"about":[{"href":"https:\/\/www.nexoinformativo.mx\/index.php\/wp-json\/wp\/v2\/types\/post"}],"author":[{"embeddable":true,"href":"https:\/\/www.nexoinformativo.mx\/index.php\/wp-json\/wp\/v2\/users\/3"}],"replies":[{"embeddable":true,"href":"https:\/\/www.nexoinformativo.mx\/index.php\/wp-json\/wp\/v2\/comments?post=1945"}],"version-history":[{"count":4,"href":"https:\/\/www.nexoinformativo.mx\/index.php\/wp-json\/wp\/v2\/posts\/1945\/revisions"}],"predecessor-version":[{"id":1948,"href":"https:\/\/www.nexoinformativo.mx\/index.php\/wp-json\/wp\/v2\/posts\/1945\/revisions\/1948"}],"wp:featuredmedia":[{"embeddable":true,"href":"https:\/\/www.nexoinformativo.mx\/index.php\/wp-json\/wp\/v2\/media\/1946"}],"wp:attachment":[{"href":"https:\/\/www.nexoinformativo.mx\/index.php\/wp-json\/wp\/v2\/media?parent=1945"}],"wp:term":[{"taxonomy":"category","embeddable":true,"href":"https:\/\/www.nexoinformativo.mx\/index.php\/wp-json\/wp\/v2\/categories?post=1945"},{"taxonomy":"post_tag","embeddable":true,"href":"https:\/\/www.nexoinformativo.mx\/index.php\/wp-json\/wp\/v2\/tags?post=1945"}],"curies":[{"name":"wp","href":"https:\/\/api.w.org\/{rel}","templated":true}]}}