{"id":1951,"date":"2024-09-14T12:00:01","date_gmt":"2024-09-14T18:00:01","guid":{"rendered":"https:\/\/www.nexoinformativo.mx\/?p=1951"},"modified":"2024-09-15T09:34:15","modified_gmt":"2024-09-15T15:34:15","slug":"deslave-de-tierra-en-pinal-de-amoles-afecta-comunicacion-de-puerto-colorado","status":"publish","type":"post","link":"https:\/\/www.nexoinformativo.mx\/index.php\/2024\/09\/14\/deslave-de-tierra-en-pinal-de-amoles-afecta-comunicacion-de-puerto-colorado\/","title":{"rendered":"Deslave de tierra en Pinal de Amoles afecta comunicaci\u00f3n de Puerto Colorado"},"content":{"rendered":"<p style=\"text-align: justify;\">Un nuevo deslave de tierra y material p\u00e9treo se registr\u00f3 este d\u00eda en el municipio de Pinal de Amoles, en la regi\u00f3n serrana de Quer\u00e9taro, a causa de las intensas lluvias de los \u00faltimos d\u00edas. Este incidente oblig\u00f3 a la movilizaci\u00f3n de elementos de Protecci\u00f3n Civil para atender la situaci\u00f3n de emergencia.<\/p>\n<p>&nbsp;<\/p>\n<p style=\"text-align: justify;\">Una gran cantidad de tierra y piedras obstruy\u00f3 el acceso a la comunidad de Puerto Colorado, que qued\u00f3 incomunicada durante varias horas. Afortunadamente, no se reportaron veh\u00edculos ni personas en tr\u00e1nsito en el momento del deslave, lo que evit\u00f3 posibles lesiones y da\u00f1os materiales.<\/p>\n<p>&nbsp;<\/p>\n<p style=\"text-align: justify;\">Ante el llamado al n\u00famero de emergencias, cuadrillas de Protecci\u00f3n Civil municipal, junto con pobladores de la localidad, se unieron para retirar el material que bloqueaba la carretera. Los trabajos de limpieza contin\u00faan en el lugar, y se espera que en las pr\u00f3ximas horas se libere el camino, restaurando la comunicaci\u00f3n con esta comunidad.<\/p>\n<p>&nbsp;<\/p>\n<p style=\"text-align: justify;\">La situaci\u00f3n resalta la necesidad de estar preparados para emergencias naturales y la importancia de contar con un sistema de respuesta r\u00e1pida ante estos fen\u00f3menos que pueden afectar la seguridad de los ciudadanos.<\/p>\n","protected":false},"excerpt":{"rendered":"<p>Un nuevo deslave de tierra y material p\u00e9treo se registr\u00f3 este d\u00eda en el municipio de Pinal de Amoles, en la regi\u00f3n serrana de Quer\u00e9taro, a causa de las intensas lluvias de los \u00faltimos d\u00edas<\/p>\n","protected":false},"author":3,"featured_media":1952,"comment_status":"open","ping_status":"open","sticky":false,"template":"","format":"standard","meta":{"footnotes":""},"categories":[65],"tags":[584,717,160,154,133],"class_list":["post-1951","post","type-post","status-publish","format-standard","has-post-thumbnail","hentry","category-municipios","tag-deslavepinaldeamoles","tag-emergencias","tag-municipio","tag-proteccioncivil","tag-queretaro"],"yoast_head":"<!-- This site is optimized with the Yoast SEO plugin v25.0 - https:\/\/yoast.com\/wordpress\/plugins\/seo\/ -->\n<title>Deslave de tierra en Pinal de Amoles afecta comunicaci\u00f3n de Puerto Colorado | Nexo Informativo Santiago de Quer\u00e9taro<\/title>\n<meta name=\"description\" content=\"Deslave de tierra en Pinal de Amoles afecta comunicaci\u00f3n de Puerto Colorado\" \/>\n<meta name=\"robots\" content=\"index, follow, max-snippet:-1, max-image-preview:large, max-video-preview:-1\" \/>\n<link rel=\"canonical\" href=\"https:\/\/www.nexoinformativo.mx\/index.php\/2024\/09\/14\/deslave-de-tierra-en-pinal-de-amoles-afecta-comunicacion-de-puerto-colorado\/\" \/>\n<meta property=\"og:locale\" content=\"es_MX\" \/>\n<meta property=\"og:type\" content=\"article\" \/>\n<meta property=\"og:title\" content=\"Deslave de tierra en Pinal de Amoles afecta comunicaci\u00f3n de Puerto Colorado | Nexo Informativo Santiago de Quer\u00e9taro\" \/>\n<meta property=\"og:description\" content=\"Deslave de tierra en Pinal de Amoles afecta comunicaci\u00f3n de Puerto Colorado\" \/>\n<meta property=\"og:url\" content=\"https:\/\/www.nexoinformativo.mx\/index.php\/2024\/09\/14\/deslave-de-tierra-en-pinal-de-amoles-afecta-comunicacion-de-puerto-colorado\/\" \/>\n<meta property=\"og:site_name\" content=\"Nexo Informativo Santiago de Quer\u00e9taro\" \/>\n<meta property=\"article:publisher\" content=\"https:\/\/www.facebook.com\/people\/Nexo-Informativo\/61564066885511\/\" \/>\n<meta property=\"article:published_time\" content=\"2024-09-14T18:00:01+00:00\" \/>\n<meta property=\"article:modified_time\" content=\"2024-09-15T15:34:15+00:00\" \/>\n<meta property=\"og:image\" content=\"https:\/\/www.nexoinformativo.mx\/wp-content\/uploads\/2024\/09\/PHOTO-2024-09-14-17-25-28-e1726414313360.jpg\" \/>\n\t<meta property=\"og:image:width\" content=\"800\" \/>\n\t<meta property=\"og:image:height\" content=\"550\" \/>\n\t<meta property=\"og:image:type\" content=\"image\/jpeg\" \/>\n<meta name=\"author\" content=\"Nexo Informativo\" \/>\n<meta name=\"twitter:card\" content=\"summary_large_image\" \/>\n<meta name=\"twitter:label1\" content=\"Escrito por\" \/>\n\t<meta name=\"twitter:data1\" content=\"Nexo Informativo\" \/>\n\t<meta name=\"twitter:label2\" content=\"Tiempo de lectura\" \/>\n\t<meta name=\"twitter:data2\" content=\"2 minutos\" \/>\n<script type=\"application\/ld+json\" class=\"yoast-schema-graph\">{\"@context\":\"https:\/\/schema.org\",\"@graph\":[{\"@type\":\"Article\",\"@id\":\"https:\/\/www.nexoinformativo.mx\/index.php\/2024\/09\/14\/deslave-de-tierra-en-pinal-de-amoles-afecta-comunicacion-de-puerto-colorado\/#article\",\"isPartOf\":{\"@id\":\"https:\/\/www.nexoinformativo.mx\/index.php\/2024\/09\/14\/deslave-de-tierra-en-pinal-de-amoles-afecta-comunicacion-de-puerto-colorado\/\"},\"author\":{\"name\":\"Nexo Informativo\",\"@id\":\"https:\/\/www.nexoinformativo.mx\/#\/schema\/person\/7749d380ba08c8ca00d7bc76fd907b7d\"},\"headline\":\"Deslave de tierra en Pinal de Amoles afecta comunicaci\u00f3n de Puerto Colorado\",\"datePublished\":\"2024-09-14T18:00:01+00:00\",\"dateModified\":\"2024-09-15T15:34:15+00:00\",\"mainEntityOfPage\":{\"@id\":\"https:\/\/www.nexoinformativo.mx\/index.php\/2024\/09\/14\/deslave-de-tierra-en-pinal-de-amoles-afecta-comunicacion-de-puerto-colorado\/\"},\"wordCount\":218,\"commentCount\":0,\"publisher\":{\"@id\":\"https:\/\/www.nexoinformativo.mx\/#organization\"},\"image\":{\"@id\":\"https:\/\/www.nexoinformativo.mx\/index.php\/2024\/09\/14\/deslave-de-tierra-en-pinal-de-amoles-afecta-comunicacion-de-puerto-colorado\/#primaryimage\"},\"thumbnailUrl\":\"https:\/\/www.nexoinformativo.mx\/wp-content\/uploads\/2024\/09\/PHOTO-2024-09-14-17-25-28-e1726414313360.jpg\",\"keywords\":[\"DeslavePinalDeAmoles\",\"Emergencias\",\"municipio\",\"proteccioncivil\",\"Quer\u00e9taro\"],\"articleSection\":[\"Municipios\"],\"inLanguage\":\"es\",\"potentialAction\":[{\"@type\":\"CommentAction\",\"name\":\"Comment\",\"target\":[\"https:\/\/www.nexoinformativo.mx\/index.php\/2024\/09\/14\/deslave-de-tierra-en-pinal-de-amoles-afecta-comunicacion-de-puerto-colorado\/#respond\"]}]},{\"@type\":\"WebPage\",\"@id\":\"https:\/\/www.nexoinformativo.mx\/index.php\/2024\/09\/14\/deslave-de-tierra-en-pinal-de-amoles-afecta-comunicacion-de-puerto-colorado\/\",\"url\":\"https:\/\/www.nexoinformativo.mx\/index.php\/2024\/09\/14\/deslave-de-tierra-en-pinal-de-amoles-afecta-comunicacion-de-puerto-colorado\/\",\"name\":\"Deslave de tierra en Pinal de Amoles afecta comunicaci\u00f3n de Puerto Colorado | Nexo Informativo Santiago de Quer\u00e9taro\",\"isPartOf\":{\"@id\":\"https:\/\/www.nexoinformativo.mx\/#website\"},\"primaryImageOfPage\":{\"@id\":\"https:\/\/www.nexoinformativo.mx\/index.php\/2024\/09\/14\/deslave-de-tierra-en-pinal-de-amoles-afecta-comunicacion-de-puerto-colorado\/#primaryimage\"},\"image\":{\"@id\":\"https:\/\/www.nexoinformativo.mx\/index.php\/2024\/09\/14\/deslave-de-tierra-en-pinal-de-amoles-afecta-comunicacion-de-puerto-colorado\/#primaryimage\"},\"thumbnailUrl\":\"https:\/\/www.nexoinformativo.mx\/wp-content\/uploads\/2024\/09\/PHOTO-2024-09-14-17-25-28-e1726414313360.jpg\",\"datePublished\":\"2024-09-14T18:00:01+00:00\",\"dateModified\":\"2024-09-15T15:34:15+00:00\",\"description\":\"Deslave de tierra en Pinal de Amoles afecta comunicaci\u00f3n de Puerto Colorado\",\"breadcrumb\":{\"@id\":\"https:\/\/www.nexoinformativo.mx\/index.php\/2024\/09\/14\/deslave-de-tierra-en-pinal-de-amoles-afecta-comunicacion-de-puerto-colorado\/#breadcrumb\"},\"inLanguage\":\"es\",\"potentialAction\":[{\"@type\":\"ReadAction\",\"target\":[\"https:\/\/www.nexoinformativo.mx\/index.php\/2024\/09\/14\/deslave-de-tierra-en-pinal-de-amoles-afecta-comunicacion-de-puerto-colorado\/\"]}]},{\"@type\":\"ImageObject\",\"inLanguage\":\"es\",\"@id\":\"https:\/\/www.nexoinformativo.mx\/index.php\/2024\/09\/14\/deslave-de-tierra-en-pinal-de-amoles-afecta-comunicacion-de-puerto-colorado\/#primaryimage\",\"url\":\"https:\/\/www.nexoinformativo.mx\/wp-content\/uploads\/2024\/09\/PHOTO-2024-09-14-17-25-28-e1726414313360.jpg\",\"contentUrl\":\"https:\/\/www.nexoinformativo.mx\/wp-content\/uploads\/2024\/09\/PHOTO-2024-09-14-17-25-28-e1726414313360.jpg\",\"width\":800,\"height\":550},{\"@type\":\"BreadcrumbList\",\"@id\":\"https:\/\/www.nexoinformativo.mx\/index.php\/2024\/09\/14\/deslave-de-tierra-en-pinal-de-amoles-afecta-comunicacion-de-puerto-colorado\/#breadcrumb\",\"itemListElement\":[{\"@type\":\"ListItem\",\"position\":1,\"name\":\"Inicio\",\"item\":\"https:\/\/www.nexoinformativo.mx\/\"},{\"@type\":\"ListItem\",\"position\":2,\"name\":\"Deslave de tierra en Pinal de Amoles afecta comunicaci\u00f3n de Puerto Colorado\"}]},{\"@type\":\"WebSite\",\"@id\":\"https:\/\/www.nexoinformativo.mx\/#website\",\"url\":\"https:\/\/www.nexoinformativo.mx\/\",\"name\":\"Nexo Informativo Santiago de Quer\u00e9taro\",\"description\":\"Explora NexoInformativo y convi\u00e9rtete en parte de una comunidad que valora el conocimiento y la verdad. Tu nexoinformativo es tu puente hacia una comprensi\u00f3n m\u00e1s profunda del mundo que te rodea.\",\"publisher\":{\"@id\":\"https:\/\/www.nexoinformativo.mx\/#organization\"},\"potentialAction\":[{\"@type\":\"SearchAction\",\"target\":{\"@type\":\"EntryPoint\",\"urlTemplate\":\"https:\/\/www.nexoinformativo.mx\/?s={search_term_string}\"},\"query-input\":{\"@type\":\"PropertyValueSpecification\",\"valueRequired\":true,\"valueName\":\"search_term_string\"}}],\"inLanguage\":\"es\"},{\"@type\":\"Organization\",\"@id\":\"https:\/\/www.nexoinformativo.mx\/#organization\",\"name\":\"Nexo Informativo Santiago de Quer\u00e9taro\",\"url\":\"https:\/\/www.nexoinformativo.mx\/\",\"logo\":{\"@type\":\"ImageObject\",\"inLanguage\":\"es\",\"@id\":\"https:\/\/www.nexoinformativo.mx\/#\/schema\/logo\/image\/\",\"url\":\"https:\/\/www.nexoinformativo.mx\/wp-content\/uploads\/2024\/07\/nexoi-trasparente-2.png\",\"contentUrl\":\"https:\/\/www.nexoinformativo.mx\/wp-content\/uploads\/2024\/07\/nexoi-trasparente-2.png\",\"width\":816,\"height\":339,\"caption\":\"Nexo Informativo Santiago de Quer\u00e9taro\"},\"image\":{\"@id\":\"https:\/\/www.nexoinformativo.mx\/#\/schema\/logo\/image\/\"},\"sameAs\":[\"https:\/\/www.facebook.com\/people\/Nexo-Informativo\/61564066885511\/\"]},{\"@type\":\"Person\",\"@id\":\"https:\/\/www.nexoinformativo.mx\/#\/schema\/person\/7749d380ba08c8ca00d7bc76fd907b7d\",\"name\":\"Nexo Informativo\",\"image\":{\"@type\":\"ImageObject\",\"inLanguage\":\"es\",\"@id\":\"https:\/\/www.nexoinformativo.mx\/#\/schema\/person\/image\/\",\"url\":\"https:\/\/secure.gravatar.com\/avatar\/dde2928154642a13d95f87ddf1ea9718fe2b46760a005c53e41ff5ad610704e6?s=96&d=mm&r=g\",\"contentUrl\":\"https:\/\/secure.gravatar.com\/avatar\/dde2928154642a13d95f87ddf1ea9718fe2b46760a005c53e41ff5ad610704e6?s=96&d=mm&r=g\",\"caption\":\"Nexo Informativo\"},\"url\":\"https:\/\/www.nexoinformativo.mx\/index.php\/author\/edicion\/\"}]}<\/script>\n<!-- \/ Yoast SEO plugin. -->","yoast_head_json":{"title":"Deslave de tierra en Pinal de Amoles afecta comunicaci\u00f3n de Puerto Colorado | Nexo Informativo Santiago de Quer\u00e9taro","description":"Deslave de tierra en Pinal de Amoles afecta comunicaci\u00f3n de Puerto Colorado","robots":{"index":"index","follow":"follow","max-snippet":"max-snippet:-1","max-image-preview":"max-image-preview:large","max-video-preview":"max-video-preview:-1"},"canonical":"https:\/\/www.nexoinformativo.mx\/index.php\/2024\/09\/14\/deslave-de-tierra-en-pinal-de-amoles-afecta-comunicacion-de-puerto-colorado\/","og_locale":"es_MX","og_type":"article","og_title":"Deslave de tierra en Pinal de Amoles afecta comunicaci\u00f3n de Puerto Colorado | Nexo Informativo Santiago de Quer\u00e9taro","og_description":"Deslave de tierra en Pinal de Amoles afecta comunicaci\u00f3n de Puerto Colorado","og_url":"https:\/\/www.nexoinformativo.mx\/index.php\/2024\/09\/14\/deslave-de-tierra-en-pinal-de-amoles-afecta-comunicacion-de-puerto-colorado\/","og_site_name":"Nexo Informativo Santiago de Quer\u00e9taro","article_publisher":"https:\/\/www.facebook.com\/people\/Nexo-Informativo\/61564066885511\/","article_published_time":"2024-09-14T18:00:01+00:00","article_modified_time":"2024-09-15T15:34:15+00:00","og_image":[{"width":800,"height":550,"url":"https:\/\/www.nexoinformativo.mx\/wp-content\/uploads\/2024\/09\/PHOTO-2024-09-14-17-25-28-e1726414313360.jpg","type":"image\/jpeg"}],"author":"Nexo Informativo","twitter_card":"summary_large_image","twitter_misc":{"Escrito por":"Nexo Informativo","Tiempo de lectura":"2 minutos"},"schema":{"@context":"https:\/\/schema.org","@graph":[{"@type":"Article","@id":"https:\/\/www.nexoinformativo.mx\/index.php\/2024\/09\/14\/deslave-de-tierra-en-pinal-de-amoles-afecta-comunicacion-de-puerto-colorado\/#article","isPartOf":{"@id":"https:\/\/www.nexoinformativo.mx\/index.php\/2024\/09\/14\/deslave-de-tierra-en-pinal-de-amoles-afecta-comunicacion-de-puerto-colorado\/"},"author":{"name":"Nexo Informativo","@id":"https:\/\/www.nexoinformativo.mx\/#\/schema\/person\/7749d380ba08c8ca00d7bc76fd907b7d"},"headline":"Deslave de tierra en Pinal de Amoles afecta comunicaci\u00f3n de Puerto Colorado","datePublished":"2024-09-14T18:00:01+00:00","dateModified":"2024-09-15T15:34:15+00:00","mainEntityOfPage":{"@id":"https:\/\/www.nexoinformativo.mx\/index.php\/2024\/09\/14\/deslave-de-tierra-en-pinal-de-amoles-afecta-comunicacion-de-puerto-colorado\/"},"wordCount":218,"commentCount":0,"publisher":{"@id":"https:\/\/www.nexoinformativo.mx\/#organization"},"image":{"@id":"https:\/\/www.nexoinformativo.mx\/index.php\/2024\/09\/14\/deslave-de-tierra-en-pinal-de-amoles-afecta-comunicacion-de-puerto-colorado\/#primaryimage"},"thumbnailUrl":"https:\/\/www.nexoinformativo.mx\/wp-content\/uploads\/2024\/09\/PHOTO-2024-09-14-17-25-28-e1726414313360.jpg","keywords":["DeslavePinalDeAmoles","Emergencias","municipio","proteccioncivil","Quer\u00e9taro"],"articleSection":["Municipios"],"inLanguage":"es","potentialAction":[{"@type":"CommentAction","name":"Comment","target":["https:\/\/www.nexoinformativo.mx\/index.php\/2024\/09\/14\/deslave-de-tierra-en-pinal-de-amoles-afecta-comunicacion-de-puerto-colorado\/#respond"]}]},{"@type":"WebPage","@id":"https:\/\/www.nexoinformativo.mx\/index.php\/2024\/09\/14\/deslave-de-tierra-en-pinal-de-amoles-afecta-comunicacion-de-puerto-colorado\/","url":"https:\/\/www.nexoinformativo.mx\/index.php\/2024\/09\/14\/deslave-de-tierra-en-pinal-de-amoles-afecta-comunicacion-de-puerto-colorado\/","name":"Deslave de tierra en Pinal de Amoles afecta comunicaci\u00f3n de Puerto Colorado | Nexo Informativo Santiago de Quer\u00e9taro","isPartOf":{"@id":"https:\/\/www.nexoinformativo.mx\/#website"},"primaryImageOfPage":{"@id":"https:\/\/www.nexoinformativo.mx\/index.php\/2024\/09\/14\/deslave-de-tierra-en-pinal-de-amoles-afecta-comunicacion-de-puerto-colorado\/#primaryimage"},"image":{"@id":"https:\/\/www.nexoinformativo.mx\/index.php\/2024\/09\/14\/deslave-de-tierra-en-pinal-de-amoles-afecta-comunicacion-de-puerto-colorado\/#primaryimage"},"thumbnailUrl":"https:\/\/www.nexoinformativo.mx\/wp-content\/uploads\/2024\/09\/PHOTO-2024-09-14-17-25-28-e1726414313360.jpg","datePublished":"2024-09-14T18:00:01+00:00","dateModified":"2024-09-15T15:34:15+00:00","description":"Deslave de tierra en Pinal de Amoles afecta comunicaci\u00f3n de Puerto Colorado","breadcrumb":{"@id":"https:\/\/www.nexoinformativo.mx\/index.php\/2024\/09\/14\/deslave-de-tierra-en-pinal-de-amoles-afecta-comunicacion-de-puerto-colorado\/#breadcrumb"},"inLanguage":"es","potentialAction":[{"@type":"ReadAction","target":["https:\/\/www.nexoinformativo.mx\/index.php\/2024\/09\/14\/deslave-de-tierra-en-pinal-de-amoles-afecta-comunicacion-de-puerto-colorado\/"]}]},{"@type":"ImageObject","inLanguage":"es","@id":"https:\/\/www.nexoinformativo.mx\/index.php\/2024\/09\/14\/deslave-de-tierra-en-pinal-de-amoles-afecta-comunicacion-de-puerto-colorado\/#primaryimage","url":"https:\/\/www.nexoinformativo.mx\/wp-content\/uploads\/2024\/09\/PHOTO-2024-09-14-17-25-28-e1726414313360.jpg","contentUrl":"https:\/\/www.nexoinformativo.mx\/wp-content\/uploads\/2024\/09\/PHOTO-2024-09-14-17-25-28-e1726414313360.jpg","width":800,"height":550},{"@type":"BreadcrumbList","@id":"https:\/\/www.nexoinformativo.mx\/index.php\/2024\/09\/14\/deslave-de-tierra-en-pinal-de-amoles-afecta-comunicacion-de-puerto-colorado\/#breadcrumb","itemListElement":[{"@type":"ListItem","position":1,"name":"Inicio","item":"https:\/\/www.nexoinformativo.mx\/"},{"@type":"ListItem","position":2,"name":"Deslave de tierra en Pinal de Amoles afecta comunicaci\u00f3n de Puerto Colorado"}]},{"@type":"WebSite","@id":"https:\/\/www.nexoinformativo.mx\/#website","url":"https:\/\/www.nexoinformativo.mx\/","name":"Nexo Informativo Santiago de Quer\u00e9taro","description":"Explora NexoInformativo y convi\u00e9rtete en parte de una comunidad que valora el conocimiento y la verdad. Tu nexoinformativo es tu puente hacia una comprensi\u00f3n m\u00e1s profunda del mundo que te rodea.","publisher":{"@id":"https:\/\/www.nexoinformativo.mx\/#organization"},"potentialAction":[{"@type":"SearchAction","target":{"@type":"EntryPoint","urlTemplate":"https:\/\/www.nexoinformativo.mx\/?s={search_term_string}"},"query-input":{"@type":"PropertyValueSpecification","valueRequired":true,"valueName":"search_term_string"}}],"inLanguage":"es"},{"@type":"Organization","@id":"https:\/\/www.nexoinformativo.mx\/#organization","name":"Nexo Informativo Santiago de Quer\u00e9taro","url":"https:\/\/www.nexoinformativo.mx\/","logo":{"@type":"ImageObject","inLanguage":"es","@id":"https:\/\/www.nexoinformativo.mx\/#\/schema\/logo\/image\/","url":"https:\/\/www.nexoinformativo.mx\/wp-content\/uploads\/2024\/07\/nexoi-trasparente-2.png","contentUrl":"https:\/\/www.nexoinformativo.mx\/wp-content\/uploads\/2024\/07\/nexoi-trasparente-2.png","width":816,"height":339,"caption":"Nexo Informativo Santiago de Quer\u00e9taro"},"image":{"@id":"https:\/\/www.nexoinformativo.mx\/#\/schema\/logo\/image\/"},"sameAs":["https:\/\/www.facebook.com\/people\/Nexo-Informativo\/61564066885511\/"]},{"@type":"Person","@id":"https:\/\/www.nexoinformativo.mx\/#\/schema\/person\/7749d380ba08c8ca00d7bc76fd907b7d","name":"Nexo Informativo","image":{"@type":"ImageObject","inLanguage":"es","@id":"https:\/\/www.nexoinformativo.mx\/#\/schema\/person\/image\/","url":"https:\/\/secure.gravatar.com\/avatar\/dde2928154642a13d95f87ddf1ea9718fe2b46760a005c53e41ff5ad610704e6?s=96&d=mm&r=g","contentUrl":"https:\/\/secure.gravatar.com\/avatar\/dde2928154642a13d95f87ddf1ea9718fe2b46760a005c53e41ff5ad610704e6?s=96&d=mm&r=g","caption":"Nexo Informativo"},"url":"https:\/\/www.nexoinformativo.mx\/index.php\/author\/edicion\/"}]}},"_links":{"self":[{"href":"https:\/\/www.nexoinformativo.mx\/index.php\/wp-json\/wp\/v2\/posts\/1951","targetHints":{"allow":["GET"]}}],"collection":[{"href":"https:\/\/www.nexoinformativo.mx\/index.php\/wp-json\/wp\/v2\/posts"}],"about":[{"href":"https:\/\/www.nexoinformativo.mx\/index.php\/wp-json\/wp\/v2\/types\/post"}],"author":[{"embeddable":true,"href":"https:\/\/www.nexoinformativo.mx\/index.php\/wp-json\/wp\/v2\/users\/3"}],"replies":[{"embeddable":true,"href":"https:\/\/www.nexoinformativo.mx\/index.php\/wp-json\/wp\/v2\/comments?post=1951"}],"version-history":[{"count":3,"href":"https:\/\/www.nexoinformativo.mx\/index.php\/wp-json\/wp\/v2\/posts\/1951\/revisions"}],"predecessor-version":[{"id":1954,"href":"https:\/\/www.nexoinformativo.mx\/index.php\/wp-json\/wp\/v2\/posts\/1951\/revisions\/1954"}],"wp:featuredmedia":[{"embeddable":true,"href":"https:\/\/www.nexoinformativo.mx\/index.php\/wp-json\/wp\/v2\/media\/1952"}],"wp:attachment":[{"href":"https:\/\/www.nexoinformativo.mx\/index.php\/wp-json\/wp\/v2\/media?parent=1951"}],"wp:term":[{"taxonomy":"category","embeddable":true,"href":"https:\/\/www.nexoinformativo.mx\/index.php\/wp-json\/wp\/v2\/categories?post=1951"},{"taxonomy":"post_tag","embeddable":true,"href":"https:\/\/www.nexoinformativo.mx\/index.php\/wp-json\/wp\/v2\/tags?post=1951"}],"curies":[{"name":"wp","href":"https:\/\/api.w.org\/{rel}","templated":true}]}}