{"id":1960,"date":"2024-09-17T07:00:08","date_gmt":"2024-09-17T13:00:08","guid":{"rendered":"https:\/\/www.nexoinformativo.mx\/?p=1960"},"modified":"2024-09-17T16:10:54","modified_gmt":"2024-09-17T22:10:54","slug":"chepe-guerrero-anuncia-nuevos-titulares-para-su-gabinete-en-corregidora","status":"publish","type":"post","link":"https:\/\/www.nexoinformativo.mx\/index.php\/2024\/09\/17\/chepe-guerrero-anuncia-nuevos-titulares-para-su-gabinete-en-corregidora\/","title":{"rendered":"Chepe Guerrero anuncia nuevos titulares para su gabinete en Corregidora"},"content":{"rendered":"<p style=\"text-align: justify;\">El presidente municipal electo de Corregidora, Chepe Guerrero, anunci\u00f3 hoy la integraci\u00f3n de los nuevos titulares de las Secretar\u00edas, quienes formar\u00e1n parte de su gabinete para el periodo <strong>2024-2027<\/strong>. A partir del 1 de octubre, Sandra Rivera Delgado, Jorge Luis Gonz\u00e1lez \u00c1lvarez y David S\u00e1nchez Padilla asumir\u00e1n sus respectivas posiciones, aportando una mezcla de experiencia y juventud al equipo de trabajo.<\/p>\n<p>&nbsp;<\/p>\n<p style=\"text-align: justify;\">Sandra Rivera ser\u00e1 la encargada de la <strong>Secretar\u00eda de Atenci\u00f3n Ciudadana<\/strong>. Con una licenciatura en Derecho y una s\u00f3lida trayectoria en la administraci\u00f3n p\u00fablica, Rivera ha ocupado roles destacados, incluyendo su actual posici\u00f3n como Regidora S\u00edndica en el municipio.<\/p>\n<p>&nbsp;<\/p>\n<p style=\"text-align: justify;\">La <strong>Secretar\u00eda de Administraci\u00f3n<\/strong> ser\u00e1 liderada por Jorge Gonz\u00e1lez, Contador P\u00fablico con m\u00e1s de 18 a\u00f1os de experiencia. Actualmente, se desempe\u00f1a como director de Administraci\u00f3n Patrimonial y Servicios Internos en Corregidora.<\/p>\n<p>&nbsp;<\/p>\n<p style=\"text-align: justify;\">Por \u00faltimo, el alcalde electo anunci\u00f3 la creaci\u00f3n de la nueva <strong>Secretar\u00eda de Movilidad<\/strong>, dise\u00f1ada para garantizar el derecho a la movilidad de los ciudadanos, ser\u00e1 encabezada por David S\u00e1nchez, quien posee una s\u00f3lida trayectoria en \u00e1reas relacionadas con la movilidad.<\/p>\n<p>&nbsp;<\/p>\n<p style=\"text-align: justify;\">Con estos nombramientos, Chepe Guerrero busca brindar un servicio de calidad y profesionalismo a la ciudadan\u00eda, reafirmando su compromiso con el desarrollo.<\/p>\n","protected":false},"excerpt":{"rendered":"<p>El presidente municipal electo de Corregidora, Chepe Guerrero, anunci\u00f3 hoy la integraci\u00f3n de los nuevos titulares de las Secretar\u00edas, quienes formar\u00e1n parte de su gabinete para el periodo 2024-2027.<\/p>\n","protected":false},"author":3,"featured_media":1963,"comment_status":"open","ping_status":"open","sticky":false,"template":"","format":"standard","meta":{"footnotes":""},"categories":[65],"tags":[237,719,291,718],"class_list":["post-1960","post","type-post","status-publish","format-standard","has-post-thumbnail","hentry","category-municipios","tag-chepeguerrero","tag-corregidora2024","tag-movilidadsostenible","tag-nuevogabinete"],"yoast_head":"<!-- This site is optimized with the Yoast SEO plugin v25.0 - https:\/\/yoast.com\/wordpress\/plugins\/seo\/ -->\n<title>Chepe Guerrero anuncia nuevos titulares para su gabinete en Corregidora | Nexo Informativo Santiago de Quer\u00e9taro<\/title>\n<meta name=\"description\" content=\"Chepe Guerrero anuncia nuevos titulares para su gabinete en Corregidora\" \/>\n<meta name=\"robots\" content=\"index, follow, max-snippet:-1, max-image-preview:large, max-video-preview:-1\" \/>\n<link rel=\"canonical\" href=\"https:\/\/www.nexoinformativo.mx\/index.php\/2024\/09\/17\/chepe-guerrero-anuncia-nuevos-titulares-para-su-gabinete-en-corregidora\/\" \/>\n<meta property=\"og:locale\" content=\"es_MX\" \/>\n<meta property=\"og:type\" content=\"article\" \/>\n<meta property=\"og:title\" content=\"Chepe Guerrero anuncia nuevos titulares para su gabinete en Corregidora | Nexo Informativo Santiago de Quer\u00e9taro\" \/>\n<meta property=\"og:description\" content=\"Chepe Guerrero anuncia nuevos titulares para su gabinete en Corregidora\" \/>\n<meta property=\"og:url\" content=\"https:\/\/www.nexoinformativo.mx\/index.php\/2024\/09\/17\/chepe-guerrero-anuncia-nuevos-titulares-para-su-gabinete-en-corregidora\/\" \/>\n<meta property=\"og:site_name\" content=\"Nexo Informativo Santiago de Quer\u00e9taro\" \/>\n<meta property=\"article:publisher\" content=\"https:\/\/www.facebook.com\/people\/Nexo-Informativo\/61564066885511\/\" \/>\n<meta property=\"article:published_time\" content=\"2024-09-17T13:00:08+00:00\" \/>\n<meta property=\"article:modified_time\" content=\"2024-09-17T22:10:54+00:00\" \/>\n<meta property=\"og:image\" content=\"https:\/\/www.nexoinformativo.mx\/wp-content\/uploads\/2024\/09\/PHOTO-2024-09-17-07-23-55-e1726610041541.jpg\" \/>\n\t<meta property=\"og:image:width\" content=\"800\" \/>\n\t<meta property=\"og:image:height\" content=\"1200\" \/>\n\t<meta property=\"og:image:type\" content=\"image\/jpeg\" \/>\n<meta name=\"author\" content=\"Nexo Informativo\" \/>\n<meta name=\"twitter:card\" content=\"summary_large_image\" \/>\n<meta name=\"twitter:label1\" content=\"Escrito por\" \/>\n\t<meta name=\"twitter:data1\" content=\"Nexo Informativo\" \/>\n\t<meta name=\"twitter:label2\" content=\"Tiempo de lectura\" \/>\n\t<meta name=\"twitter:data2\" content=\"2 minutos\" \/>\n<script type=\"application\/ld+json\" class=\"yoast-schema-graph\">{\"@context\":\"https:\/\/schema.org\",\"@graph\":[{\"@type\":\"Article\",\"@id\":\"https:\/\/www.nexoinformativo.mx\/index.php\/2024\/09\/17\/chepe-guerrero-anuncia-nuevos-titulares-para-su-gabinete-en-corregidora\/#article\",\"isPartOf\":{\"@id\":\"https:\/\/www.nexoinformativo.mx\/index.php\/2024\/09\/17\/chepe-guerrero-anuncia-nuevos-titulares-para-su-gabinete-en-corregidora\/\"},\"author\":{\"name\":\"Nexo Informativo\",\"@id\":\"https:\/\/www.nexoinformativo.mx\/#\/schema\/person\/7749d380ba08c8ca00d7bc76fd907b7d\"},\"headline\":\"Chepe Guerrero anuncia nuevos titulares para su gabinete en Corregidora\",\"datePublished\":\"2024-09-17T13:00:08+00:00\",\"dateModified\":\"2024-09-17T22:10:54+00:00\",\"mainEntityOfPage\":{\"@id\":\"https:\/\/www.nexoinformativo.mx\/index.php\/2024\/09\/17\/chepe-guerrero-anuncia-nuevos-titulares-para-su-gabinete-en-corregidora\/\"},\"wordCount\":233,\"commentCount\":0,\"publisher\":{\"@id\":\"https:\/\/www.nexoinformativo.mx\/#organization\"},\"image\":{\"@id\":\"https:\/\/www.nexoinformativo.mx\/index.php\/2024\/09\/17\/chepe-guerrero-anuncia-nuevos-titulares-para-su-gabinete-en-corregidora\/#primaryimage\"},\"thumbnailUrl\":\"https:\/\/www.nexoinformativo.mx\/wp-content\/uploads\/2024\/09\/PHOTO-2024-09-17-07-23-55-e1726610041541.jpg\",\"keywords\":[\"ChepeGuerrero\",\"Corregidora2024\",\"MovilidadSostenible\",\"NuevoGabinete\"],\"articleSection\":[\"Municipios\"],\"inLanguage\":\"es\",\"potentialAction\":[{\"@type\":\"CommentAction\",\"name\":\"Comment\",\"target\":[\"https:\/\/www.nexoinformativo.mx\/index.php\/2024\/09\/17\/chepe-guerrero-anuncia-nuevos-titulares-para-su-gabinete-en-corregidora\/#respond\"]}]},{\"@type\":\"WebPage\",\"@id\":\"https:\/\/www.nexoinformativo.mx\/index.php\/2024\/09\/17\/chepe-guerrero-anuncia-nuevos-titulares-para-su-gabinete-en-corregidora\/\",\"url\":\"https:\/\/www.nexoinformativo.mx\/index.php\/2024\/09\/17\/chepe-guerrero-anuncia-nuevos-titulares-para-su-gabinete-en-corregidora\/\",\"name\":\"Chepe Guerrero anuncia nuevos titulares para su gabinete en Corregidora | Nexo Informativo Santiago de Quer\u00e9taro\",\"isPartOf\":{\"@id\":\"https:\/\/www.nexoinformativo.mx\/#website\"},\"primaryImageOfPage\":{\"@id\":\"https:\/\/www.nexoinformativo.mx\/index.php\/2024\/09\/17\/chepe-guerrero-anuncia-nuevos-titulares-para-su-gabinete-en-corregidora\/#primaryimage\"},\"image\":{\"@id\":\"https:\/\/www.nexoinformativo.mx\/index.php\/2024\/09\/17\/chepe-guerrero-anuncia-nuevos-titulares-para-su-gabinete-en-corregidora\/#primaryimage\"},\"thumbnailUrl\":\"https:\/\/www.nexoinformativo.mx\/wp-content\/uploads\/2024\/09\/PHOTO-2024-09-17-07-23-55-e1726610041541.jpg\",\"datePublished\":\"2024-09-17T13:00:08+00:00\",\"dateModified\":\"2024-09-17T22:10:54+00:00\",\"description\":\"Chepe Guerrero anuncia nuevos titulares para su gabinete en Corregidora\",\"breadcrumb\":{\"@id\":\"https:\/\/www.nexoinformativo.mx\/index.php\/2024\/09\/17\/chepe-guerrero-anuncia-nuevos-titulares-para-su-gabinete-en-corregidora\/#breadcrumb\"},\"inLanguage\":\"es\",\"potentialAction\":[{\"@type\":\"ReadAction\",\"target\":[\"https:\/\/www.nexoinformativo.mx\/index.php\/2024\/09\/17\/chepe-guerrero-anuncia-nuevos-titulares-para-su-gabinete-en-corregidora\/\"]}]},{\"@type\":\"ImageObject\",\"inLanguage\":\"es\",\"@id\":\"https:\/\/www.nexoinformativo.mx\/index.php\/2024\/09\/17\/chepe-guerrero-anuncia-nuevos-titulares-para-su-gabinete-en-corregidora\/#primaryimage\",\"url\":\"https:\/\/www.nexoinformativo.mx\/wp-content\/uploads\/2024\/09\/PHOTO-2024-09-17-07-23-55-e1726610041541.jpg\",\"contentUrl\":\"https:\/\/www.nexoinformativo.mx\/wp-content\/uploads\/2024\/09\/PHOTO-2024-09-17-07-23-55-e1726610041541.jpg\",\"width\":800,\"height\":1200},{\"@type\":\"BreadcrumbList\",\"@id\":\"https:\/\/www.nexoinformativo.mx\/index.php\/2024\/09\/17\/chepe-guerrero-anuncia-nuevos-titulares-para-su-gabinete-en-corregidora\/#breadcrumb\",\"itemListElement\":[{\"@type\":\"ListItem\",\"position\":1,\"name\":\"Inicio\",\"item\":\"https:\/\/www.nexoinformativo.mx\/\"},{\"@type\":\"ListItem\",\"position\":2,\"name\":\"Chepe Guerrero anuncia nuevos titulares para su gabinete en Corregidora\"}]},{\"@type\":\"WebSite\",\"@id\":\"https:\/\/www.nexoinformativo.mx\/#website\",\"url\":\"https:\/\/www.nexoinformativo.mx\/\",\"name\":\"Nexo Informativo Santiago de Quer\u00e9taro\",\"description\":\"Explora NexoInformativo y convi\u00e9rtete en parte de una comunidad que valora el conocimiento y la verdad. Tu nexoinformativo es tu puente hacia una comprensi\u00f3n m\u00e1s profunda del mundo que te rodea.\",\"publisher\":{\"@id\":\"https:\/\/www.nexoinformativo.mx\/#organization\"},\"potentialAction\":[{\"@type\":\"SearchAction\",\"target\":{\"@type\":\"EntryPoint\",\"urlTemplate\":\"https:\/\/www.nexoinformativo.mx\/?s={search_term_string}\"},\"query-input\":{\"@type\":\"PropertyValueSpecification\",\"valueRequired\":true,\"valueName\":\"search_term_string\"}}],\"inLanguage\":\"es\"},{\"@type\":\"Organization\",\"@id\":\"https:\/\/www.nexoinformativo.mx\/#organization\",\"name\":\"Nexo Informativo Santiago de Quer\u00e9taro\",\"url\":\"https:\/\/www.nexoinformativo.mx\/\",\"logo\":{\"@type\":\"ImageObject\",\"inLanguage\":\"es\",\"@id\":\"https:\/\/www.nexoinformativo.mx\/#\/schema\/logo\/image\/\",\"url\":\"https:\/\/www.nexoinformativo.mx\/wp-content\/uploads\/2024\/07\/nexoi-trasparente-2.png\",\"contentUrl\":\"https:\/\/www.nexoinformativo.mx\/wp-content\/uploads\/2024\/07\/nexoi-trasparente-2.png\",\"width\":816,\"height\":339,\"caption\":\"Nexo Informativo Santiago de Quer\u00e9taro\"},\"image\":{\"@id\":\"https:\/\/www.nexoinformativo.mx\/#\/schema\/logo\/image\/\"},\"sameAs\":[\"https:\/\/www.facebook.com\/people\/Nexo-Informativo\/61564066885511\/\"]},{\"@type\":\"Person\",\"@id\":\"https:\/\/www.nexoinformativo.mx\/#\/schema\/person\/7749d380ba08c8ca00d7bc76fd907b7d\",\"name\":\"Nexo Informativo\",\"image\":{\"@type\":\"ImageObject\",\"inLanguage\":\"es\",\"@id\":\"https:\/\/www.nexoinformativo.mx\/#\/schema\/person\/image\/\",\"url\":\"https:\/\/secure.gravatar.com\/avatar\/dde2928154642a13d95f87ddf1ea9718fe2b46760a005c53e41ff5ad610704e6?s=96&d=mm&r=g\",\"contentUrl\":\"https:\/\/secure.gravatar.com\/avatar\/dde2928154642a13d95f87ddf1ea9718fe2b46760a005c53e41ff5ad610704e6?s=96&d=mm&r=g\",\"caption\":\"Nexo Informativo\"},\"url\":\"https:\/\/www.nexoinformativo.mx\/index.php\/author\/edicion\/\"}]}<\/script>\n<!-- \/ Yoast SEO plugin. -->","yoast_head_json":{"title":"Chepe Guerrero anuncia nuevos titulares para su gabinete en Corregidora | Nexo Informativo Santiago de Quer\u00e9taro","description":"Chepe Guerrero anuncia nuevos titulares para su gabinete en Corregidora","robots":{"index":"index","follow":"follow","max-snippet":"max-snippet:-1","max-image-preview":"max-image-preview:large","max-video-preview":"max-video-preview:-1"},"canonical":"https:\/\/www.nexoinformativo.mx\/index.php\/2024\/09\/17\/chepe-guerrero-anuncia-nuevos-titulares-para-su-gabinete-en-corregidora\/","og_locale":"es_MX","og_type":"article","og_title":"Chepe Guerrero anuncia nuevos titulares para su gabinete en Corregidora | Nexo Informativo Santiago de Quer\u00e9taro","og_description":"Chepe Guerrero anuncia nuevos titulares para su gabinete en Corregidora","og_url":"https:\/\/www.nexoinformativo.mx\/index.php\/2024\/09\/17\/chepe-guerrero-anuncia-nuevos-titulares-para-su-gabinete-en-corregidora\/","og_site_name":"Nexo Informativo Santiago de Quer\u00e9taro","article_publisher":"https:\/\/www.facebook.com\/people\/Nexo-Informativo\/61564066885511\/","article_published_time":"2024-09-17T13:00:08+00:00","article_modified_time":"2024-09-17T22:10:54+00:00","og_image":[{"width":800,"height":1200,"url":"https:\/\/www.nexoinformativo.mx\/wp-content\/uploads\/2024\/09\/PHOTO-2024-09-17-07-23-55-e1726610041541.jpg","type":"image\/jpeg"}],"author":"Nexo Informativo","twitter_card":"summary_large_image","twitter_misc":{"Escrito por":"Nexo Informativo","Tiempo de lectura":"2 minutos"},"schema":{"@context":"https:\/\/schema.org","@graph":[{"@type":"Article","@id":"https:\/\/www.nexoinformativo.mx\/index.php\/2024\/09\/17\/chepe-guerrero-anuncia-nuevos-titulares-para-su-gabinete-en-corregidora\/#article","isPartOf":{"@id":"https:\/\/www.nexoinformativo.mx\/index.php\/2024\/09\/17\/chepe-guerrero-anuncia-nuevos-titulares-para-su-gabinete-en-corregidora\/"},"author":{"name":"Nexo Informativo","@id":"https:\/\/www.nexoinformativo.mx\/#\/schema\/person\/7749d380ba08c8ca00d7bc76fd907b7d"},"headline":"Chepe Guerrero anuncia nuevos titulares para su gabinete en Corregidora","datePublished":"2024-09-17T13:00:08+00:00","dateModified":"2024-09-17T22:10:54+00:00","mainEntityOfPage":{"@id":"https:\/\/www.nexoinformativo.mx\/index.php\/2024\/09\/17\/chepe-guerrero-anuncia-nuevos-titulares-para-su-gabinete-en-corregidora\/"},"wordCount":233,"commentCount":0,"publisher":{"@id":"https:\/\/www.nexoinformativo.mx\/#organization"},"image":{"@id":"https:\/\/www.nexoinformativo.mx\/index.php\/2024\/09\/17\/chepe-guerrero-anuncia-nuevos-titulares-para-su-gabinete-en-corregidora\/#primaryimage"},"thumbnailUrl":"https:\/\/www.nexoinformativo.mx\/wp-content\/uploads\/2024\/09\/PHOTO-2024-09-17-07-23-55-e1726610041541.jpg","keywords":["ChepeGuerrero","Corregidora2024","MovilidadSostenible","NuevoGabinete"],"articleSection":["Municipios"],"inLanguage":"es","potentialAction":[{"@type":"CommentAction","name":"Comment","target":["https:\/\/www.nexoinformativo.mx\/index.php\/2024\/09\/17\/chepe-guerrero-anuncia-nuevos-titulares-para-su-gabinete-en-corregidora\/#respond"]}]},{"@type":"WebPage","@id":"https:\/\/www.nexoinformativo.mx\/index.php\/2024\/09\/17\/chepe-guerrero-anuncia-nuevos-titulares-para-su-gabinete-en-corregidora\/","url":"https:\/\/www.nexoinformativo.mx\/index.php\/2024\/09\/17\/chepe-guerrero-anuncia-nuevos-titulares-para-su-gabinete-en-corregidora\/","name":"Chepe Guerrero anuncia nuevos titulares para su gabinete en Corregidora | Nexo Informativo Santiago de Quer\u00e9taro","isPartOf":{"@id":"https:\/\/www.nexoinformativo.mx\/#website"},"primaryImageOfPage":{"@id":"https:\/\/www.nexoinformativo.mx\/index.php\/2024\/09\/17\/chepe-guerrero-anuncia-nuevos-titulares-para-su-gabinete-en-corregidora\/#primaryimage"},"image":{"@id":"https:\/\/www.nexoinformativo.mx\/index.php\/2024\/09\/17\/chepe-guerrero-anuncia-nuevos-titulares-para-su-gabinete-en-corregidora\/#primaryimage"},"thumbnailUrl":"https:\/\/www.nexoinformativo.mx\/wp-content\/uploads\/2024\/09\/PHOTO-2024-09-17-07-23-55-e1726610041541.jpg","datePublished":"2024-09-17T13:00:08+00:00","dateModified":"2024-09-17T22:10:54+00:00","description":"Chepe Guerrero anuncia nuevos titulares para su gabinete en Corregidora","breadcrumb":{"@id":"https:\/\/www.nexoinformativo.mx\/index.php\/2024\/09\/17\/chepe-guerrero-anuncia-nuevos-titulares-para-su-gabinete-en-corregidora\/#breadcrumb"},"inLanguage":"es","potentialAction":[{"@type":"ReadAction","target":["https:\/\/www.nexoinformativo.mx\/index.php\/2024\/09\/17\/chepe-guerrero-anuncia-nuevos-titulares-para-su-gabinete-en-corregidora\/"]}]},{"@type":"ImageObject","inLanguage":"es","@id":"https:\/\/www.nexoinformativo.mx\/index.php\/2024\/09\/17\/chepe-guerrero-anuncia-nuevos-titulares-para-su-gabinete-en-corregidora\/#primaryimage","url":"https:\/\/www.nexoinformativo.mx\/wp-content\/uploads\/2024\/09\/PHOTO-2024-09-17-07-23-55-e1726610041541.jpg","contentUrl":"https:\/\/www.nexoinformativo.mx\/wp-content\/uploads\/2024\/09\/PHOTO-2024-09-17-07-23-55-e1726610041541.jpg","width":800,"height":1200},{"@type":"BreadcrumbList","@id":"https:\/\/www.nexoinformativo.mx\/index.php\/2024\/09\/17\/chepe-guerrero-anuncia-nuevos-titulares-para-su-gabinete-en-corregidora\/#breadcrumb","itemListElement":[{"@type":"ListItem","position":1,"name":"Inicio","item":"https:\/\/www.nexoinformativo.mx\/"},{"@type":"ListItem","position":2,"name":"Chepe Guerrero anuncia nuevos titulares para su gabinete en Corregidora"}]},{"@type":"WebSite","@id":"https:\/\/www.nexoinformativo.mx\/#website","url":"https:\/\/www.nexoinformativo.mx\/","name":"Nexo Informativo Santiago de Quer\u00e9taro","description":"Explora NexoInformativo y convi\u00e9rtete en parte de una comunidad que valora el conocimiento y la verdad. Tu nexoinformativo es tu puente hacia una comprensi\u00f3n m\u00e1s profunda del mundo que te rodea.","publisher":{"@id":"https:\/\/www.nexoinformativo.mx\/#organization"},"potentialAction":[{"@type":"SearchAction","target":{"@type":"EntryPoint","urlTemplate":"https:\/\/www.nexoinformativo.mx\/?s={search_term_string}"},"query-input":{"@type":"PropertyValueSpecification","valueRequired":true,"valueName":"search_term_string"}}],"inLanguage":"es"},{"@type":"Organization","@id":"https:\/\/www.nexoinformativo.mx\/#organization","name":"Nexo Informativo Santiago de Quer\u00e9taro","url":"https:\/\/www.nexoinformativo.mx\/","logo":{"@type":"ImageObject","inLanguage":"es","@id":"https:\/\/www.nexoinformativo.mx\/#\/schema\/logo\/image\/","url":"https:\/\/www.nexoinformativo.mx\/wp-content\/uploads\/2024\/07\/nexoi-trasparente-2.png","contentUrl":"https:\/\/www.nexoinformativo.mx\/wp-content\/uploads\/2024\/07\/nexoi-trasparente-2.png","width":816,"height":339,"caption":"Nexo Informativo Santiago de Quer\u00e9taro"},"image":{"@id":"https:\/\/www.nexoinformativo.mx\/#\/schema\/logo\/image\/"},"sameAs":["https:\/\/www.facebook.com\/people\/Nexo-Informativo\/61564066885511\/"]},{"@type":"Person","@id":"https:\/\/www.nexoinformativo.mx\/#\/schema\/person\/7749d380ba08c8ca00d7bc76fd907b7d","name":"Nexo Informativo","image":{"@type":"ImageObject","inLanguage":"es","@id":"https:\/\/www.nexoinformativo.mx\/#\/schema\/person\/image\/","url":"https:\/\/secure.gravatar.com\/avatar\/dde2928154642a13d95f87ddf1ea9718fe2b46760a005c53e41ff5ad610704e6?s=96&d=mm&r=g","contentUrl":"https:\/\/secure.gravatar.com\/avatar\/dde2928154642a13d95f87ddf1ea9718fe2b46760a005c53e41ff5ad610704e6?s=96&d=mm&r=g","caption":"Nexo Informativo"},"url":"https:\/\/www.nexoinformativo.mx\/index.php\/author\/edicion\/"}]}},"_links":{"self":[{"href":"https:\/\/www.nexoinformativo.mx\/index.php\/wp-json\/wp\/v2\/posts\/1960","targetHints":{"allow":["GET"]}}],"collection":[{"href":"https:\/\/www.nexoinformativo.mx\/index.php\/wp-json\/wp\/v2\/posts"}],"about":[{"href":"https:\/\/www.nexoinformativo.mx\/index.php\/wp-json\/wp\/v2\/types\/post"}],"author":[{"embeddable":true,"href":"https:\/\/www.nexoinformativo.mx\/index.php\/wp-json\/wp\/v2\/users\/3"}],"replies":[{"embeddable":true,"href":"https:\/\/www.nexoinformativo.mx\/index.php\/wp-json\/wp\/v2\/comments?post=1960"}],"version-history":[{"count":3,"href":"https:\/\/www.nexoinformativo.mx\/index.php\/wp-json\/wp\/v2\/posts\/1960\/revisions"}],"predecessor-version":[{"id":1969,"href":"https:\/\/www.nexoinformativo.mx\/index.php\/wp-json\/wp\/v2\/posts\/1960\/revisions\/1969"}],"wp:featuredmedia":[{"embeddable":true,"href":"https:\/\/www.nexoinformativo.mx\/index.php\/wp-json\/wp\/v2\/media\/1963"}],"wp:attachment":[{"href":"https:\/\/www.nexoinformativo.mx\/index.php\/wp-json\/wp\/v2\/media?parent=1960"}],"wp:term":[{"taxonomy":"category","embeddable":true,"href":"https:\/\/www.nexoinformativo.mx\/index.php\/wp-json\/wp\/v2\/categories?post=1960"},{"taxonomy":"post_tag","embeddable":true,"href":"https:\/\/www.nexoinformativo.mx\/index.php\/wp-json\/wp\/v2\/tags?post=1960"}],"curies":[{"name":"wp","href":"https:\/\/api.w.org\/{rel}","templated":true}]}}