{"id":1977,"date":"2024-09-16T09:00:09","date_gmt":"2024-09-16T15:00:09","guid":{"rendered":"https:\/\/www.nexoinformativo.mx\/?p=1977"},"modified":"2024-10-06T19:36:34","modified_gmt":"2024-10-07T01:36:34","slug":"ampliaran-ruta-t09-del-transporte-publico-hacia-la-terminal-de-autobuses-de-qro","status":"publish","type":"post","link":"https:\/\/www.nexoinformativo.mx\/index.php\/2024\/09\/16\/ampliaran-ruta-t09-del-transporte-publico-hacia-la-terminal-de-autobuses-de-qro\/","title":{"rendered":"Ampliar\u00e1n ruta T09 del transporte p\u00fablico hacia la Terminal de Autobuses de Qro"},"content":{"rendered":"<p style=\"text-align: justify;\">El director de la Agencia de Movilidad del Estado de Quer\u00e9taro, Gerardo Cuanalo, anunci\u00f3 la ampliaci\u00f3n de la ruta T09 del sistema de transporte p\u00fablico colectivo. Esta ruta, que actualmente llega a la Alameda sobre la Avenida Constituyentes, se extender\u00e1 hasta la Terminal de Autobuses de Quer\u00e9taro, mejorando as\u00ed la conectividad en la regi\u00f3n.<\/p>\n<p>&nbsp;<\/p>\n<p style=\"text-align: justify;\">La ampliaci\u00f3n de la ruta tiene como objetivo ofrecer una mayor cobertura sobre la Avenida Cimatario y proporcionar un servicio adicional hacia la Terminal de Autobuses, lo que facilitar\u00e1 el desplazamiento de los usuarios y mejorar\u00e1 la experiencia del transporte p\u00fablico en la capital queretana.<\/p>\n<p>&nbsp;<\/p>\n<p style=\"text-align: justify;\">Seg\u00fan Cuanalo, es posible que esta ampliaci\u00f3n comience en esta semana, lo que representa un avance significativo en la mejora del servicio de transporte en Quer\u00e9taro.<\/p>\n<p>&nbsp;<\/p>\n<p style=\"text-align: justify;\">La medida busca atender la creciente demanda de servicios de transporte p\u00fablico y contribuir a una movilidad m\u00e1s eficiente para todos los ciudadanos.<\/p>\n<p>&nbsp;<\/p>\n<p>&nbsp;<\/p>\n<p style=\"text-align: center;\"><strong><em>\u00a1Informaci\u00f3n que transforma!<\/em><\/strong><\/p>\n","protected":false},"excerpt":{"rendered":"<p>El director de la Agencia de Movilidad del Estado de Quer\u00e9taro, Gerardo Cuanalo, anunci\u00f3 la ampliaci\u00f3n de la ruta T09 del sistema de transporte p\u00fablico colectivo.<\/p>\n","protected":false},"author":3,"featured_media":1978,"comment_status":"open","ping_status":"open","sticky":false,"template":"","format":"standard","meta":{"footnotes":""},"categories":[65],"tags":[726,725,727,650],"class_list":["post-1977","post","type-post","status-publish","format-standard","has-post-thumbnail","hentry","category-municipios","tag-movilidad","tag-rutat09","tag-terminaldeautobuses","tag-transportequeretaro"],"yoast_head":"<!-- This site is optimized with the Yoast SEO plugin v25.0 - https:\/\/yoast.com\/wordpress\/plugins\/seo\/ -->\n<title>Ampliar\u00e1n ruta T09 del transporte p\u00fablico hacia la Terminal de Autobuses de Qro | Nexo Informativo Santiago de Quer\u00e9taro<\/title>\n<meta name=\"description\" content=\"Ampliar\u00e1n ruta T09 del transporte p\u00fablico hacia la Terminal de Autobuses de Qro\" \/>\n<meta name=\"robots\" content=\"index, follow, max-snippet:-1, max-image-preview:large, max-video-preview:-1\" \/>\n<link rel=\"canonical\" href=\"https:\/\/www.nexoinformativo.mx\/index.php\/2024\/09\/16\/ampliaran-ruta-t09-del-transporte-publico-hacia-la-terminal-de-autobuses-de-qro\/\" \/>\n<meta property=\"og:locale\" content=\"es_MX\" \/>\n<meta property=\"og:type\" content=\"article\" \/>\n<meta property=\"og:title\" content=\"Ampliar\u00e1n ruta T09 del transporte p\u00fablico hacia la Terminal de Autobuses de Qro | Nexo Informativo Santiago de Quer\u00e9taro\" \/>\n<meta property=\"og:description\" content=\"Ampliar\u00e1n ruta T09 del transporte p\u00fablico hacia la Terminal de Autobuses de Qro\" \/>\n<meta property=\"og:url\" content=\"https:\/\/www.nexoinformativo.mx\/index.php\/2024\/09\/16\/ampliaran-ruta-t09-del-transporte-publico-hacia-la-terminal-de-autobuses-de-qro\/\" \/>\n<meta property=\"og:site_name\" content=\"Nexo Informativo Santiago de Quer\u00e9taro\" \/>\n<meta property=\"article:publisher\" content=\"https:\/\/www.facebook.com\/people\/Nexo-Informativo\/61564066885511\/\" \/>\n<meta property=\"article:published_time\" content=\"2024-09-16T15:00:09+00:00\" \/>\n<meta property=\"article:modified_time\" content=\"2024-10-07T01:36:34+00:00\" \/>\n<meta property=\"og:image\" content=\"https:\/\/www.nexoinformativo.mx\/wp-content\/uploads\/2024\/09\/PHOTO-2024-09-17-07-53-17-e1726611226970.jpg\" \/>\n\t<meta property=\"og:image:width\" content=\"800\" \/>\n\t<meta property=\"og:image:height\" content=\"533\" \/>\n\t<meta property=\"og:image:type\" content=\"image\/jpeg\" \/>\n<meta name=\"author\" content=\"Nexo Informativo\" \/>\n<meta name=\"twitter:card\" content=\"summary_large_image\" \/>\n<meta name=\"twitter:label1\" content=\"Escrito por\" \/>\n\t<meta name=\"twitter:data1\" content=\"Nexo Informativo\" \/>\n\t<meta name=\"twitter:label2\" content=\"Tiempo de lectura\" \/>\n\t<meta name=\"twitter:data2\" content=\"1 minuto\" \/>\n<script type=\"application\/ld+json\" class=\"yoast-schema-graph\">{\"@context\":\"https:\/\/schema.org\",\"@graph\":[{\"@type\":\"Article\",\"@id\":\"https:\/\/www.nexoinformativo.mx\/index.php\/2024\/09\/16\/ampliaran-ruta-t09-del-transporte-publico-hacia-la-terminal-de-autobuses-de-qro\/#article\",\"isPartOf\":{\"@id\":\"https:\/\/www.nexoinformativo.mx\/index.php\/2024\/09\/16\/ampliaran-ruta-t09-del-transporte-publico-hacia-la-terminal-de-autobuses-de-qro\/\"},\"author\":{\"name\":\"Nexo Informativo\",\"@id\":\"https:\/\/www.nexoinformativo.mx\/#\/schema\/person\/7749d380ba08c8ca00d7bc76fd907b7d\"},\"headline\":\"Ampliar\u00e1n ruta T09 del transporte p\u00fablico hacia la Terminal de Autobuses de Qro\",\"datePublished\":\"2024-09-16T15:00:09+00:00\",\"dateModified\":\"2024-10-07T01:36:34+00:00\",\"mainEntityOfPage\":{\"@id\":\"https:\/\/www.nexoinformativo.mx\/index.php\/2024\/09\/16\/ampliaran-ruta-t09-del-transporte-publico-hacia-la-terminal-de-autobuses-de-qro\/\"},\"wordCount\":184,\"commentCount\":0,\"publisher\":{\"@id\":\"https:\/\/www.nexoinformativo.mx\/#organization\"},\"image\":{\"@id\":\"https:\/\/www.nexoinformativo.mx\/index.php\/2024\/09\/16\/ampliaran-ruta-t09-del-transporte-publico-hacia-la-terminal-de-autobuses-de-qro\/#primaryimage\"},\"thumbnailUrl\":\"https:\/\/www.nexoinformativo.mx\/wp-content\/uploads\/2024\/09\/PHOTO-2024-09-17-07-53-17-e1726611226970.jpg\",\"keywords\":[\"Movilidad\",\"RutaT09\",\"TerminalDeAutobuses\",\"TransporteQuer\u00e9taro\"],\"articleSection\":[\"Municipios\"],\"inLanguage\":\"es\",\"potentialAction\":[{\"@type\":\"CommentAction\",\"name\":\"Comment\",\"target\":[\"https:\/\/www.nexoinformativo.mx\/index.php\/2024\/09\/16\/ampliaran-ruta-t09-del-transporte-publico-hacia-la-terminal-de-autobuses-de-qro\/#respond\"]}]},{\"@type\":\"WebPage\",\"@id\":\"https:\/\/www.nexoinformativo.mx\/index.php\/2024\/09\/16\/ampliaran-ruta-t09-del-transporte-publico-hacia-la-terminal-de-autobuses-de-qro\/\",\"url\":\"https:\/\/www.nexoinformativo.mx\/index.php\/2024\/09\/16\/ampliaran-ruta-t09-del-transporte-publico-hacia-la-terminal-de-autobuses-de-qro\/\",\"name\":\"Ampliar\u00e1n ruta T09 del transporte p\u00fablico hacia la Terminal de Autobuses de Qro | Nexo Informativo Santiago de Quer\u00e9taro\",\"isPartOf\":{\"@id\":\"https:\/\/www.nexoinformativo.mx\/#website\"},\"primaryImageOfPage\":{\"@id\":\"https:\/\/www.nexoinformativo.mx\/index.php\/2024\/09\/16\/ampliaran-ruta-t09-del-transporte-publico-hacia-la-terminal-de-autobuses-de-qro\/#primaryimage\"},\"image\":{\"@id\":\"https:\/\/www.nexoinformativo.mx\/index.php\/2024\/09\/16\/ampliaran-ruta-t09-del-transporte-publico-hacia-la-terminal-de-autobuses-de-qro\/#primaryimage\"},\"thumbnailUrl\":\"https:\/\/www.nexoinformativo.mx\/wp-content\/uploads\/2024\/09\/PHOTO-2024-09-17-07-53-17-e1726611226970.jpg\",\"datePublished\":\"2024-09-16T15:00:09+00:00\",\"dateModified\":\"2024-10-07T01:36:34+00:00\",\"description\":\"Ampliar\u00e1n ruta T09 del transporte p\u00fablico hacia la Terminal de Autobuses de Qro\",\"breadcrumb\":{\"@id\":\"https:\/\/www.nexoinformativo.mx\/index.php\/2024\/09\/16\/ampliaran-ruta-t09-del-transporte-publico-hacia-la-terminal-de-autobuses-de-qro\/#breadcrumb\"},\"inLanguage\":\"es\",\"potentialAction\":[{\"@type\":\"ReadAction\",\"target\":[\"https:\/\/www.nexoinformativo.mx\/index.php\/2024\/09\/16\/ampliaran-ruta-t09-del-transporte-publico-hacia-la-terminal-de-autobuses-de-qro\/\"]}]},{\"@type\":\"ImageObject\",\"inLanguage\":\"es\",\"@id\":\"https:\/\/www.nexoinformativo.mx\/index.php\/2024\/09\/16\/ampliaran-ruta-t09-del-transporte-publico-hacia-la-terminal-de-autobuses-de-qro\/#primaryimage\",\"url\":\"https:\/\/www.nexoinformativo.mx\/wp-content\/uploads\/2024\/09\/PHOTO-2024-09-17-07-53-17-e1726611226970.jpg\",\"contentUrl\":\"https:\/\/www.nexoinformativo.mx\/wp-content\/uploads\/2024\/09\/PHOTO-2024-09-17-07-53-17-e1726611226970.jpg\",\"width\":800,\"height\":533},{\"@type\":\"BreadcrumbList\",\"@id\":\"https:\/\/www.nexoinformativo.mx\/index.php\/2024\/09\/16\/ampliaran-ruta-t09-del-transporte-publico-hacia-la-terminal-de-autobuses-de-qro\/#breadcrumb\",\"itemListElement\":[{\"@type\":\"ListItem\",\"position\":1,\"name\":\"Inicio\",\"item\":\"https:\/\/www.nexoinformativo.mx\/\"},{\"@type\":\"ListItem\",\"position\":2,\"name\":\"Ampliar\u00e1n ruta T09 del transporte p\u00fablico hacia la Terminal de Autobuses de Qro\"}]},{\"@type\":\"WebSite\",\"@id\":\"https:\/\/www.nexoinformativo.mx\/#website\",\"url\":\"https:\/\/www.nexoinformativo.mx\/\",\"name\":\"Nexo Informativo Santiago de Quer\u00e9taro\",\"description\":\"Explora NexoInformativo y convi\u00e9rtete en parte de una comunidad que valora el conocimiento y la verdad. Tu nexoinformativo es tu puente hacia una comprensi\u00f3n m\u00e1s profunda del mundo que te rodea.\",\"publisher\":{\"@id\":\"https:\/\/www.nexoinformativo.mx\/#organization\"},\"potentialAction\":[{\"@type\":\"SearchAction\",\"target\":{\"@type\":\"EntryPoint\",\"urlTemplate\":\"https:\/\/www.nexoinformativo.mx\/?s={search_term_string}\"},\"query-input\":{\"@type\":\"PropertyValueSpecification\",\"valueRequired\":true,\"valueName\":\"search_term_string\"}}],\"inLanguage\":\"es\"},{\"@type\":\"Organization\",\"@id\":\"https:\/\/www.nexoinformativo.mx\/#organization\",\"name\":\"Nexo Informativo Santiago de Quer\u00e9taro\",\"url\":\"https:\/\/www.nexoinformativo.mx\/\",\"logo\":{\"@type\":\"ImageObject\",\"inLanguage\":\"es\",\"@id\":\"https:\/\/www.nexoinformativo.mx\/#\/schema\/logo\/image\/\",\"url\":\"https:\/\/www.nexoinformativo.mx\/wp-content\/uploads\/2024\/07\/nexoi-trasparente-2.png\",\"contentUrl\":\"https:\/\/www.nexoinformativo.mx\/wp-content\/uploads\/2024\/07\/nexoi-trasparente-2.png\",\"width\":816,\"height\":339,\"caption\":\"Nexo Informativo Santiago de Quer\u00e9taro\"},\"image\":{\"@id\":\"https:\/\/www.nexoinformativo.mx\/#\/schema\/logo\/image\/\"},\"sameAs\":[\"https:\/\/www.facebook.com\/people\/Nexo-Informativo\/61564066885511\/\"]},{\"@type\":\"Person\",\"@id\":\"https:\/\/www.nexoinformativo.mx\/#\/schema\/person\/7749d380ba08c8ca00d7bc76fd907b7d\",\"name\":\"Nexo Informativo\",\"image\":{\"@type\":\"ImageObject\",\"inLanguage\":\"es\",\"@id\":\"https:\/\/www.nexoinformativo.mx\/#\/schema\/person\/image\/\",\"url\":\"https:\/\/secure.gravatar.com\/avatar\/dde2928154642a13d95f87ddf1ea9718fe2b46760a005c53e41ff5ad610704e6?s=96&d=mm&r=g\",\"contentUrl\":\"https:\/\/secure.gravatar.com\/avatar\/dde2928154642a13d95f87ddf1ea9718fe2b46760a005c53e41ff5ad610704e6?s=96&d=mm&r=g\",\"caption\":\"Nexo Informativo\"},\"url\":\"https:\/\/www.nexoinformativo.mx\/index.php\/author\/edicion\/\"}]}<\/script>\n<!-- \/ Yoast SEO plugin. -->","yoast_head_json":{"title":"Ampliar\u00e1n ruta T09 del transporte p\u00fablico hacia la Terminal de Autobuses de Qro | Nexo Informativo Santiago de Quer\u00e9taro","description":"Ampliar\u00e1n ruta T09 del transporte p\u00fablico hacia la Terminal de Autobuses de Qro","robots":{"index":"index","follow":"follow","max-snippet":"max-snippet:-1","max-image-preview":"max-image-preview:large","max-video-preview":"max-video-preview:-1"},"canonical":"https:\/\/www.nexoinformativo.mx\/index.php\/2024\/09\/16\/ampliaran-ruta-t09-del-transporte-publico-hacia-la-terminal-de-autobuses-de-qro\/","og_locale":"es_MX","og_type":"article","og_title":"Ampliar\u00e1n ruta T09 del transporte p\u00fablico hacia la Terminal de Autobuses de Qro | Nexo Informativo Santiago de Quer\u00e9taro","og_description":"Ampliar\u00e1n ruta T09 del transporte p\u00fablico hacia la Terminal de Autobuses de Qro","og_url":"https:\/\/www.nexoinformativo.mx\/index.php\/2024\/09\/16\/ampliaran-ruta-t09-del-transporte-publico-hacia-la-terminal-de-autobuses-de-qro\/","og_site_name":"Nexo Informativo Santiago de Quer\u00e9taro","article_publisher":"https:\/\/www.facebook.com\/people\/Nexo-Informativo\/61564066885511\/","article_published_time":"2024-09-16T15:00:09+00:00","article_modified_time":"2024-10-07T01:36:34+00:00","og_image":[{"width":800,"height":533,"url":"https:\/\/www.nexoinformativo.mx\/wp-content\/uploads\/2024\/09\/PHOTO-2024-09-17-07-53-17-e1726611226970.jpg","type":"image\/jpeg"}],"author":"Nexo Informativo","twitter_card":"summary_large_image","twitter_misc":{"Escrito por":"Nexo Informativo","Tiempo de lectura":"1 minuto"},"schema":{"@context":"https:\/\/schema.org","@graph":[{"@type":"Article","@id":"https:\/\/www.nexoinformativo.mx\/index.php\/2024\/09\/16\/ampliaran-ruta-t09-del-transporte-publico-hacia-la-terminal-de-autobuses-de-qro\/#article","isPartOf":{"@id":"https:\/\/www.nexoinformativo.mx\/index.php\/2024\/09\/16\/ampliaran-ruta-t09-del-transporte-publico-hacia-la-terminal-de-autobuses-de-qro\/"},"author":{"name":"Nexo Informativo","@id":"https:\/\/www.nexoinformativo.mx\/#\/schema\/person\/7749d380ba08c8ca00d7bc76fd907b7d"},"headline":"Ampliar\u00e1n ruta T09 del transporte p\u00fablico hacia la Terminal de Autobuses de Qro","datePublished":"2024-09-16T15:00:09+00:00","dateModified":"2024-10-07T01:36:34+00:00","mainEntityOfPage":{"@id":"https:\/\/www.nexoinformativo.mx\/index.php\/2024\/09\/16\/ampliaran-ruta-t09-del-transporte-publico-hacia-la-terminal-de-autobuses-de-qro\/"},"wordCount":184,"commentCount":0,"publisher":{"@id":"https:\/\/www.nexoinformativo.mx\/#organization"},"image":{"@id":"https:\/\/www.nexoinformativo.mx\/index.php\/2024\/09\/16\/ampliaran-ruta-t09-del-transporte-publico-hacia-la-terminal-de-autobuses-de-qro\/#primaryimage"},"thumbnailUrl":"https:\/\/www.nexoinformativo.mx\/wp-content\/uploads\/2024\/09\/PHOTO-2024-09-17-07-53-17-e1726611226970.jpg","keywords":["Movilidad","RutaT09","TerminalDeAutobuses","TransporteQuer\u00e9taro"],"articleSection":["Municipios"],"inLanguage":"es","potentialAction":[{"@type":"CommentAction","name":"Comment","target":["https:\/\/www.nexoinformativo.mx\/index.php\/2024\/09\/16\/ampliaran-ruta-t09-del-transporte-publico-hacia-la-terminal-de-autobuses-de-qro\/#respond"]}]},{"@type":"WebPage","@id":"https:\/\/www.nexoinformativo.mx\/index.php\/2024\/09\/16\/ampliaran-ruta-t09-del-transporte-publico-hacia-la-terminal-de-autobuses-de-qro\/","url":"https:\/\/www.nexoinformativo.mx\/index.php\/2024\/09\/16\/ampliaran-ruta-t09-del-transporte-publico-hacia-la-terminal-de-autobuses-de-qro\/","name":"Ampliar\u00e1n ruta T09 del transporte p\u00fablico hacia la Terminal de Autobuses de Qro | Nexo Informativo Santiago de Quer\u00e9taro","isPartOf":{"@id":"https:\/\/www.nexoinformativo.mx\/#website"},"primaryImageOfPage":{"@id":"https:\/\/www.nexoinformativo.mx\/index.php\/2024\/09\/16\/ampliaran-ruta-t09-del-transporte-publico-hacia-la-terminal-de-autobuses-de-qro\/#primaryimage"},"image":{"@id":"https:\/\/www.nexoinformativo.mx\/index.php\/2024\/09\/16\/ampliaran-ruta-t09-del-transporte-publico-hacia-la-terminal-de-autobuses-de-qro\/#primaryimage"},"thumbnailUrl":"https:\/\/www.nexoinformativo.mx\/wp-content\/uploads\/2024\/09\/PHOTO-2024-09-17-07-53-17-e1726611226970.jpg","datePublished":"2024-09-16T15:00:09+00:00","dateModified":"2024-10-07T01:36:34+00:00","description":"Ampliar\u00e1n ruta T09 del transporte p\u00fablico hacia la Terminal de Autobuses de Qro","breadcrumb":{"@id":"https:\/\/www.nexoinformativo.mx\/index.php\/2024\/09\/16\/ampliaran-ruta-t09-del-transporte-publico-hacia-la-terminal-de-autobuses-de-qro\/#breadcrumb"},"inLanguage":"es","potentialAction":[{"@type":"ReadAction","target":["https:\/\/www.nexoinformativo.mx\/index.php\/2024\/09\/16\/ampliaran-ruta-t09-del-transporte-publico-hacia-la-terminal-de-autobuses-de-qro\/"]}]},{"@type":"ImageObject","inLanguage":"es","@id":"https:\/\/www.nexoinformativo.mx\/index.php\/2024\/09\/16\/ampliaran-ruta-t09-del-transporte-publico-hacia-la-terminal-de-autobuses-de-qro\/#primaryimage","url":"https:\/\/www.nexoinformativo.mx\/wp-content\/uploads\/2024\/09\/PHOTO-2024-09-17-07-53-17-e1726611226970.jpg","contentUrl":"https:\/\/www.nexoinformativo.mx\/wp-content\/uploads\/2024\/09\/PHOTO-2024-09-17-07-53-17-e1726611226970.jpg","width":800,"height":533},{"@type":"BreadcrumbList","@id":"https:\/\/www.nexoinformativo.mx\/index.php\/2024\/09\/16\/ampliaran-ruta-t09-del-transporte-publico-hacia-la-terminal-de-autobuses-de-qro\/#breadcrumb","itemListElement":[{"@type":"ListItem","position":1,"name":"Inicio","item":"https:\/\/www.nexoinformativo.mx\/"},{"@type":"ListItem","position":2,"name":"Ampliar\u00e1n ruta T09 del transporte p\u00fablico hacia la Terminal de Autobuses de Qro"}]},{"@type":"WebSite","@id":"https:\/\/www.nexoinformativo.mx\/#website","url":"https:\/\/www.nexoinformativo.mx\/","name":"Nexo Informativo Santiago de Quer\u00e9taro","description":"Explora NexoInformativo y convi\u00e9rtete en parte de una comunidad que valora el conocimiento y la verdad. Tu nexoinformativo es tu puente hacia una comprensi\u00f3n m\u00e1s profunda del mundo que te rodea.","publisher":{"@id":"https:\/\/www.nexoinformativo.mx\/#organization"},"potentialAction":[{"@type":"SearchAction","target":{"@type":"EntryPoint","urlTemplate":"https:\/\/www.nexoinformativo.mx\/?s={search_term_string}"},"query-input":{"@type":"PropertyValueSpecification","valueRequired":true,"valueName":"search_term_string"}}],"inLanguage":"es"},{"@type":"Organization","@id":"https:\/\/www.nexoinformativo.mx\/#organization","name":"Nexo Informativo Santiago de Quer\u00e9taro","url":"https:\/\/www.nexoinformativo.mx\/","logo":{"@type":"ImageObject","inLanguage":"es","@id":"https:\/\/www.nexoinformativo.mx\/#\/schema\/logo\/image\/","url":"https:\/\/www.nexoinformativo.mx\/wp-content\/uploads\/2024\/07\/nexoi-trasparente-2.png","contentUrl":"https:\/\/www.nexoinformativo.mx\/wp-content\/uploads\/2024\/07\/nexoi-trasparente-2.png","width":816,"height":339,"caption":"Nexo Informativo Santiago de Quer\u00e9taro"},"image":{"@id":"https:\/\/www.nexoinformativo.mx\/#\/schema\/logo\/image\/"},"sameAs":["https:\/\/www.facebook.com\/people\/Nexo-Informativo\/61564066885511\/"]},{"@type":"Person","@id":"https:\/\/www.nexoinformativo.mx\/#\/schema\/person\/7749d380ba08c8ca00d7bc76fd907b7d","name":"Nexo Informativo","image":{"@type":"ImageObject","inLanguage":"es","@id":"https:\/\/www.nexoinformativo.mx\/#\/schema\/person\/image\/","url":"https:\/\/secure.gravatar.com\/avatar\/dde2928154642a13d95f87ddf1ea9718fe2b46760a005c53e41ff5ad610704e6?s=96&d=mm&r=g","contentUrl":"https:\/\/secure.gravatar.com\/avatar\/dde2928154642a13d95f87ddf1ea9718fe2b46760a005c53e41ff5ad610704e6?s=96&d=mm&r=g","caption":"Nexo Informativo"},"url":"https:\/\/www.nexoinformativo.mx\/index.php\/author\/edicion\/"}]}},"_links":{"self":[{"href":"https:\/\/www.nexoinformativo.mx\/index.php\/wp-json\/wp\/v2\/posts\/1977","targetHints":{"allow":["GET"]}}],"collection":[{"href":"https:\/\/www.nexoinformativo.mx\/index.php\/wp-json\/wp\/v2\/posts"}],"about":[{"href":"https:\/\/www.nexoinformativo.mx\/index.php\/wp-json\/wp\/v2\/types\/post"}],"author":[{"embeddable":true,"href":"https:\/\/www.nexoinformativo.mx\/index.php\/wp-json\/wp\/v2\/users\/3"}],"replies":[{"embeddable":true,"href":"https:\/\/www.nexoinformativo.mx\/index.php\/wp-json\/wp\/v2\/comments?post=1977"}],"version-history":[{"count":5,"href":"https:\/\/www.nexoinformativo.mx\/index.php\/wp-json\/wp\/v2\/posts\/1977\/revisions"}],"predecessor-version":[{"id":2812,"href":"https:\/\/www.nexoinformativo.mx\/index.php\/wp-json\/wp\/v2\/posts\/1977\/revisions\/2812"}],"wp:featuredmedia":[{"embeddable":true,"href":"https:\/\/www.nexoinformativo.mx\/index.php\/wp-json\/wp\/v2\/media\/1978"}],"wp:attachment":[{"href":"https:\/\/www.nexoinformativo.mx\/index.php\/wp-json\/wp\/v2\/media?parent=1977"}],"wp:term":[{"taxonomy":"category","embeddable":true,"href":"https:\/\/www.nexoinformativo.mx\/index.php\/wp-json\/wp\/v2\/categories?post=1977"},{"taxonomy":"post_tag","embeddable":true,"href":"https:\/\/www.nexoinformativo.mx\/index.php\/wp-json\/wp\/v2\/tags?post=1977"}],"curies":[{"name":"wp","href":"https:\/\/api.w.org\/{rel}","templated":true}]}}