{"id":1989,"date":"2024-09-17T12:00:40","date_gmt":"2024-09-17T18:00:40","guid":{"rendered":"https:\/\/www.nexoinformativo.mx\/?p=1989"},"modified":"2024-10-06T19:30:03","modified_gmt":"2024-10-07T01:30:03","slug":"inicia-el-uso-de-tarjetas-bancarias-en-el-transporte-publico-de-queretaro","status":"publish","type":"post","link":"https:\/\/www.nexoinformativo.mx\/index.php\/2024\/09\/17\/inicia-el-uso-de-tarjetas-bancarias-en-el-transporte-publico-de-queretaro\/","title":{"rendered":"Inicia el uso de tarjetas bancarias en el transporte p\u00fablico de Quer\u00e9taro"},"content":{"rendered":"<p style=\"text-align: justify;\">A partir de este lunes, los usuarios del transporte p\u00fablico en Quer\u00e9taro podr\u00e1n realizar el pago de su pasaje utilizando tarjetas bancarias. Gerardo Cuanalo, director de la Agencia de Movilidad del Estado, anunci\u00f3 que esta nueva opci\u00f3n de pago se implementar\u00e1 inicialmente en las estaciones del carril confinado de Paseo 5 de Febrero.<\/p>\n<p>&nbsp;<\/p>\n<p style=\"text-align: justify;\">Durante esta fase inicial, los usuarios podr\u00e1n pagar sus viajes con tarjetas de cr\u00e9dito y d\u00e9bito en todas las terminales del sistema. Se llevar\u00e1n a cabo pruebas t\u00e9cnicas en colaboraci\u00f3n con una empresa bancaria durante una o dos semanas, antes de expandir este sistema.<\/p>\n<p>&nbsp;<\/p>\n<p style=\"text-align: justify;\">Se estim\u00f3 que aproximadamente 600 autobuses estar\u00e1n habilitados para aceptar pagos con tarjetas bancarias en esta primera etapa. La meta es que, para finales de a\u00f1o, todos los veh\u00edculos del sistema de transporte urbano cuenten con esta opci\u00f3n.<\/p>\n<p>&nbsp;<\/p>\n<p style=\"text-align: justify;\">Es importante mencionar que el uso de tarjetas de cr\u00e9dito y d\u00e9bito no permitir\u00e1 acceder al beneficio del transbordo cero, y el costo por viaje se mantendr\u00e1 en 11 pesos. Los usuarios podr\u00e1n acercar cualquier tarjeta que posea tecnolog\u00eda contactless al validador para completar el cobro de manera r\u00e1pida y eficiente.<\/p>\n<p>&nbsp;<\/p>\n<p style=\"text-align: justify;\">Con esta modernizaci\u00f3n, el gobierno estatal busca facilitar el acceso al transporte p\u00fablico y mejorar la experiencia de los usuarios.<\/p>\n<p>&nbsp;<\/p>\n<p>&nbsp;<\/p>\n<p style=\"text-align: center;\"><strong><em>\u00a1Informaci\u00f3n que transforma!<\/em><\/strong><\/p>\n","protected":false},"excerpt":{"rendered":"<p>A partir de este lunes, los usuarios del transporte p\u00fablico en Quer\u00e9taro podr\u00e1n realizar el pago de su pasaje utilizando tarjetas bancarias.<\/p>\n","protected":false},"author":3,"featured_media":1990,"comment_status":"open","ping_status":"open","sticky":false,"template":"","format":"standard","meta":{"footnotes":""},"categories":[42,58],"tags":[341,731,133,596],"class_list":["post-1989","post","type-post","status-publish","format-standard","has-post-thumbnail","hentry","category-estado","category-ultima-hora","tag-innovacion","tag-movilidadurbana","tag-queretaro","tag-transportepublico"],"yoast_head":"<!-- This site is optimized with the Yoast SEO plugin v25.0 - https:\/\/yoast.com\/wordpress\/plugins\/seo\/ -->\n<title>Inicia el uso de tarjetas bancarias en el transporte p\u00fablico de Quer\u00e9taro | Nexo Informativo Santiago de Quer\u00e9taro<\/title>\n<meta name=\"description\" content=\"Inicia el uso de tarjetas bancarias en el transporte p\u00fablico de Quer\u00e9taro\" \/>\n<meta name=\"robots\" content=\"index, follow, max-snippet:-1, max-image-preview:large, max-video-preview:-1\" \/>\n<link rel=\"canonical\" href=\"https:\/\/www.nexoinformativo.mx\/index.php\/2024\/09\/17\/inicia-el-uso-de-tarjetas-bancarias-en-el-transporte-publico-de-queretaro\/\" \/>\n<meta property=\"og:locale\" content=\"es_MX\" \/>\n<meta property=\"og:type\" content=\"article\" \/>\n<meta property=\"og:title\" content=\"Inicia el uso de tarjetas bancarias en el transporte p\u00fablico de Quer\u00e9taro | Nexo Informativo Santiago de Quer\u00e9taro\" \/>\n<meta property=\"og:description\" content=\"Inicia el uso de tarjetas bancarias en el transporte p\u00fablico de Quer\u00e9taro\" \/>\n<meta property=\"og:url\" content=\"https:\/\/www.nexoinformativo.mx\/index.php\/2024\/09\/17\/inicia-el-uso-de-tarjetas-bancarias-en-el-transporte-publico-de-queretaro\/\" \/>\n<meta property=\"og:site_name\" content=\"Nexo Informativo Santiago de Quer\u00e9taro\" \/>\n<meta property=\"article:publisher\" content=\"https:\/\/www.facebook.com\/people\/Nexo-Informativo\/61564066885511\/\" \/>\n<meta property=\"article:published_time\" content=\"2024-09-17T18:00:40+00:00\" \/>\n<meta property=\"article:modified_time\" content=\"2024-10-07T01:30:03+00:00\" \/>\n<meta property=\"og:image\" content=\"https:\/\/www.nexoinformativo.mx\/wp-content\/uploads\/2024\/09\/PHOTO-2024-09-17-14-29-45.jpg\" \/>\n\t<meta property=\"og:image:width\" content=\"687\" \/>\n\t<meta property=\"og:image:height\" content=\"446\" \/>\n\t<meta property=\"og:image:type\" content=\"image\/jpeg\" \/>\n<meta name=\"author\" content=\"Nexo Informativo\" \/>\n<meta name=\"twitter:card\" content=\"summary_large_image\" \/>\n<meta name=\"twitter:label1\" content=\"Escrito por\" \/>\n\t<meta name=\"twitter:data1\" content=\"Nexo Informativo\" \/>\n\t<meta name=\"twitter:label2\" content=\"Tiempo de lectura\" \/>\n\t<meta name=\"twitter:data2\" content=\"2 minutos\" \/>\n<script type=\"application\/ld+json\" class=\"yoast-schema-graph\">{\"@context\":\"https:\/\/schema.org\",\"@graph\":[{\"@type\":\"Article\",\"@id\":\"https:\/\/www.nexoinformativo.mx\/index.php\/2024\/09\/17\/inicia-el-uso-de-tarjetas-bancarias-en-el-transporte-publico-de-queretaro\/#article\",\"isPartOf\":{\"@id\":\"https:\/\/www.nexoinformativo.mx\/index.php\/2024\/09\/17\/inicia-el-uso-de-tarjetas-bancarias-en-el-transporte-publico-de-queretaro\/\"},\"author\":{\"name\":\"Nexo Informativo\",\"@id\":\"https:\/\/www.nexoinformativo.mx\/#\/schema\/person\/7749d380ba08c8ca00d7bc76fd907b7d\"},\"headline\":\"Inicia el uso de tarjetas bancarias en el transporte p\u00fablico de Quer\u00e9taro\",\"datePublished\":\"2024-09-17T18:00:40+00:00\",\"dateModified\":\"2024-10-07T01:30:03+00:00\",\"mainEntityOfPage\":{\"@id\":\"https:\/\/www.nexoinformativo.mx\/index.php\/2024\/09\/17\/inicia-el-uso-de-tarjetas-bancarias-en-el-transporte-publico-de-queretaro\/\"},\"wordCount\":248,\"commentCount\":0,\"publisher\":{\"@id\":\"https:\/\/www.nexoinformativo.mx\/#organization\"},\"image\":{\"@id\":\"https:\/\/www.nexoinformativo.mx\/index.php\/2024\/09\/17\/inicia-el-uso-de-tarjetas-bancarias-en-el-transporte-publico-de-queretaro\/#primaryimage\"},\"thumbnailUrl\":\"https:\/\/www.nexoinformativo.mx\/wp-content\/uploads\/2024\/09\/PHOTO-2024-09-17-14-29-45.jpg\",\"keywords\":[\"Innovaci\u00f3n\",\"MovilidadUrbana\",\"Quer\u00e9taro\",\"TransporteP\u00fablico\"],\"articleSection\":[\"Estado\",\"\u00daltima Hora\"],\"inLanguage\":\"es\",\"potentialAction\":[{\"@type\":\"CommentAction\",\"name\":\"Comment\",\"target\":[\"https:\/\/www.nexoinformativo.mx\/index.php\/2024\/09\/17\/inicia-el-uso-de-tarjetas-bancarias-en-el-transporte-publico-de-queretaro\/#respond\"]}]},{\"@type\":\"WebPage\",\"@id\":\"https:\/\/www.nexoinformativo.mx\/index.php\/2024\/09\/17\/inicia-el-uso-de-tarjetas-bancarias-en-el-transporte-publico-de-queretaro\/\",\"url\":\"https:\/\/www.nexoinformativo.mx\/index.php\/2024\/09\/17\/inicia-el-uso-de-tarjetas-bancarias-en-el-transporte-publico-de-queretaro\/\",\"name\":\"Inicia el uso de tarjetas bancarias en el transporte p\u00fablico de Quer\u00e9taro | Nexo Informativo Santiago de Quer\u00e9taro\",\"isPartOf\":{\"@id\":\"https:\/\/www.nexoinformativo.mx\/#website\"},\"primaryImageOfPage\":{\"@id\":\"https:\/\/www.nexoinformativo.mx\/index.php\/2024\/09\/17\/inicia-el-uso-de-tarjetas-bancarias-en-el-transporte-publico-de-queretaro\/#primaryimage\"},\"image\":{\"@id\":\"https:\/\/www.nexoinformativo.mx\/index.php\/2024\/09\/17\/inicia-el-uso-de-tarjetas-bancarias-en-el-transporte-publico-de-queretaro\/#primaryimage\"},\"thumbnailUrl\":\"https:\/\/www.nexoinformativo.mx\/wp-content\/uploads\/2024\/09\/PHOTO-2024-09-17-14-29-45.jpg\",\"datePublished\":\"2024-09-17T18:00:40+00:00\",\"dateModified\":\"2024-10-07T01:30:03+00:00\",\"description\":\"Inicia el uso de tarjetas bancarias en el transporte p\u00fablico de Quer\u00e9taro\",\"breadcrumb\":{\"@id\":\"https:\/\/www.nexoinformativo.mx\/index.php\/2024\/09\/17\/inicia-el-uso-de-tarjetas-bancarias-en-el-transporte-publico-de-queretaro\/#breadcrumb\"},\"inLanguage\":\"es\",\"potentialAction\":[{\"@type\":\"ReadAction\",\"target\":[\"https:\/\/www.nexoinformativo.mx\/index.php\/2024\/09\/17\/inicia-el-uso-de-tarjetas-bancarias-en-el-transporte-publico-de-queretaro\/\"]}]},{\"@type\":\"ImageObject\",\"inLanguage\":\"es\",\"@id\":\"https:\/\/www.nexoinformativo.mx\/index.php\/2024\/09\/17\/inicia-el-uso-de-tarjetas-bancarias-en-el-transporte-publico-de-queretaro\/#primaryimage\",\"url\":\"https:\/\/www.nexoinformativo.mx\/wp-content\/uploads\/2024\/09\/PHOTO-2024-09-17-14-29-45.jpg\",\"contentUrl\":\"https:\/\/www.nexoinformativo.mx\/wp-content\/uploads\/2024\/09\/PHOTO-2024-09-17-14-29-45.jpg\",\"width\":687,\"height\":446},{\"@type\":\"BreadcrumbList\",\"@id\":\"https:\/\/www.nexoinformativo.mx\/index.php\/2024\/09\/17\/inicia-el-uso-de-tarjetas-bancarias-en-el-transporte-publico-de-queretaro\/#breadcrumb\",\"itemListElement\":[{\"@type\":\"ListItem\",\"position\":1,\"name\":\"Inicio\",\"item\":\"https:\/\/www.nexoinformativo.mx\/\"},{\"@type\":\"ListItem\",\"position\":2,\"name\":\"Inicia el uso de tarjetas bancarias en el transporte p\u00fablico de Quer\u00e9taro\"}]},{\"@type\":\"WebSite\",\"@id\":\"https:\/\/www.nexoinformativo.mx\/#website\",\"url\":\"https:\/\/www.nexoinformativo.mx\/\",\"name\":\"Nexo Informativo Santiago de Quer\u00e9taro\",\"description\":\"Explora NexoInformativo y convi\u00e9rtete en parte de una comunidad que valora el conocimiento y la verdad. Tu nexoinformativo es tu puente hacia una comprensi\u00f3n m\u00e1s profunda del mundo que te rodea.\",\"publisher\":{\"@id\":\"https:\/\/www.nexoinformativo.mx\/#organization\"},\"potentialAction\":[{\"@type\":\"SearchAction\",\"target\":{\"@type\":\"EntryPoint\",\"urlTemplate\":\"https:\/\/www.nexoinformativo.mx\/?s={search_term_string}\"},\"query-input\":{\"@type\":\"PropertyValueSpecification\",\"valueRequired\":true,\"valueName\":\"search_term_string\"}}],\"inLanguage\":\"es\"},{\"@type\":\"Organization\",\"@id\":\"https:\/\/www.nexoinformativo.mx\/#organization\",\"name\":\"Nexo Informativo Santiago de Quer\u00e9taro\",\"url\":\"https:\/\/www.nexoinformativo.mx\/\",\"logo\":{\"@type\":\"ImageObject\",\"inLanguage\":\"es\",\"@id\":\"https:\/\/www.nexoinformativo.mx\/#\/schema\/logo\/image\/\",\"url\":\"https:\/\/www.nexoinformativo.mx\/wp-content\/uploads\/2024\/07\/nexoi-trasparente-2.png\",\"contentUrl\":\"https:\/\/www.nexoinformativo.mx\/wp-content\/uploads\/2024\/07\/nexoi-trasparente-2.png\",\"width\":816,\"height\":339,\"caption\":\"Nexo Informativo Santiago de Quer\u00e9taro\"},\"image\":{\"@id\":\"https:\/\/www.nexoinformativo.mx\/#\/schema\/logo\/image\/\"},\"sameAs\":[\"https:\/\/www.facebook.com\/people\/Nexo-Informativo\/61564066885511\/\"]},{\"@type\":\"Person\",\"@id\":\"https:\/\/www.nexoinformativo.mx\/#\/schema\/person\/7749d380ba08c8ca00d7bc76fd907b7d\",\"name\":\"Nexo Informativo\",\"image\":{\"@type\":\"ImageObject\",\"inLanguage\":\"es\",\"@id\":\"https:\/\/www.nexoinformativo.mx\/#\/schema\/person\/image\/\",\"url\":\"https:\/\/secure.gravatar.com\/avatar\/dde2928154642a13d95f87ddf1ea9718fe2b46760a005c53e41ff5ad610704e6?s=96&d=mm&r=g\",\"contentUrl\":\"https:\/\/secure.gravatar.com\/avatar\/dde2928154642a13d95f87ddf1ea9718fe2b46760a005c53e41ff5ad610704e6?s=96&d=mm&r=g\",\"caption\":\"Nexo Informativo\"},\"url\":\"https:\/\/www.nexoinformativo.mx\/index.php\/author\/edicion\/\"}]}<\/script>\n<!-- \/ Yoast SEO plugin. -->","yoast_head_json":{"title":"Inicia el uso de tarjetas bancarias en el transporte p\u00fablico de Quer\u00e9taro | Nexo Informativo Santiago de Quer\u00e9taro","description":"Inicia el uso de tarjetas bancarias en el transporte p\u00fablico de Quer\u00e9taro","robots":{"index":"index","follow":"follow","max-snippet":"max-snippet:-1","max-image-preview":"max-image-preview:large","max-video-preview":"max-video-preview:-1"},"canonical":"https:\/\/www.nexoinformativo.mx\/index.php\/2024\/09\/17\/inicia-el-uso-de-tarjetas-bancarias-en-el-transporte-publico-de-queretaro\/","og_locale":"es_MX","og_type":"article","og_title":"Inicia el uso de tarjetas bancarias en el transporte p\u00fablico de Quer\u00e9taro | Nexo Informativo Santiago de Quer\u00e9taro","og_description":"Inicia el uso de tarjetas bancarias en el transporte p\u00fablico de Quer\u00e9taro","og_url":"https:\/\/www.nexoinformativo.mx\/index.php\/2024\/09\/17\/inicia-el-uso-de-tarjetas-bancarias-en-el-transporte-publico-de-queretaro\/","og_site_name":"Nexo Informativo Santiago de Quer\u00e9taro","article_publisher":"https:\/\/www.facebook.com\/people\/Nexo-Informativo\/61564066885511\/","article_published_time":"2024-09-17T18:00:40+00:00","article_modified_time":"2024-10-07T01:30:03+00:00","og_image":[{"width":687,"height":446,"url":"https:\/\/www.nexoinformativo.mx\/wp-content\/uploads\/2024\/09\/PHOTO-2024-09-17-14-29-45.jpg","type":"image\/jpeg"}],"author":"Nexo Informativo","twitter_card":"summary_large_image","twitter_misc":{"Escrito por":"Nexo Informativo","Tiempo de lectura":"2 minutos"},"schema":{"@context":"https:\/\/schema.org","@graph":[{"@type":"Article","@id":"https:\/\/www.nexoinformativo.mx\/index.php\/2024\/09\/17\/inicia-el-uso-de-tarjetas-bancarias-en-el-transporte-publico-de-queretaro\/#article","isPartOf":{"@id":"https:\/\/www.nexoinformativo.mx\/index.php\/2024\/09\/17\/inicia-el-uso-de-tarjetas-bancarias-en-el-transporte-publico-de-queretaro\/"},"author":{"name":"Nexo Informativo","@id":"https:\/\/www.nexoinformativo.mx\/#\/schema\/person\/7749d380ba08c8ca00d7bc76fd907b7d"},"headline":"Inicia el uso de tarjetas bancarias en el transporte p\u00fablico de Quer\u00e9taro","datePublished":"2024-09-17T18:00:40+00:00","dateModified":"2024-10-07T01:30:03+00:00","mainEntityOfPage":{"@id":"https:\/\/www.nexoinformativo.mx\/index.php\/2024\/09\/17\/inicia-el-uso-de-tarjetas-bancarias-en-el-transporte-publico-de-queretaro\/"},"wordCount":248,"commentCount":0,"publisher":{"@id":"https:\/\/www.nexoinformativo.mx\/#organization"},"image":{"@id":"https:\/\/www.nexoinformativo.mx\/index.php\/2024\/09\/17\/inicia-el-uso-de-tarjetas-bancarias-en-el-transporte-publico-de-queretaro\/#primaryimage"},"thumbnailUrl":"https:\/\/www.nexoinformativo.mx\/wp-content\/uploads\/2024\/09\/PHOTO-2024-09-17-14-29-45.jpg","keywords":["Innovaci\u00f3n","MovilidadUrbana","Quer\u00e9taro","TransporteP\u00fablico"],"articleSection":["Estado","\u00daltima Hora"],"inLanguage":"es","potentialAction":[{"@type":"CommentAction","name":"Comment","target":["https:\/\/www.nexoinformativo.mx\/index.php\/2024\/09\/17\/inicia-el-uso-de-tarjetas-bancarias-en-el-transporte-publico-de-queretaro\/#respond"]}]},{"@type":"WebPage","@id":"https:\/\/www.nexoinformativo.mx\/index.php\/2024\/09\/17\/inicia-el-uso-de-tarjetas-bancarias-en-el-transporte-publico-de-queretaro\/","url":"https:\/\/www.nexoinformativo.mx\/index.php\/2024\/09\/17\/inicia-el-uso-de-tarjetas-bancarias-en-el-transporte-publico-de-queretaro\/","name":"Inicia el uso de tarjetas bancarias en el transporte p\u00fablico de Quer\u00e9taro | Nexo Informativo Santiago de Quer\u00e9taro","isPartOf":{"@id":"https:\/\/www.nexoinformativo.mx\/#website"},"primaryImageOfPage":{"@id":"https:\/\/www.nexoinformativo.mx\/index.php\/2024\/09\/17\/inicia-el-uso-de-tarjetas-bancarias-en-el-transporte-publico-de-queretaro\/#primaryimage"},"image":{"@id":"https:\/\/www.nexoinformativo.mx\/index.php\/2024\/09\/17\/inicia-el-uso-de-tarjetas-bancarias-en-el-transporte-publico-de-queretaro\/#primaryimage"},"thumbnailUrl":"https:\/\/www.nexoinformativo.mx\/wp-content\/uploads\/2024\/09\/PHOTO-2024-09-17-14-29-45.jpg","datePublished":"2024-09-17T18:00:40+00:00","dateModified":"2024-10-07T01:30:03+00:00","description":"Inicia el uso de tarjetas bancarias en el transporte p\u00fablico de Quer\u00e9taro","breadcrumb":{"@id":"https:\/\/www.nexoinformativo.mx\/index.php\/2024\/09\/17\/inicia-el-uso-de-tarjetas-bancarias-en-el-transporte-publico-de-queretaro\/#breadcrumb"},"inLanguage":"es","potentialAction":[{"@type":"ReadAction","target":["https:\/\/www.nexoinformativo.mx\/index.php\/2024\/09\/17\/inicia-el-uso-de-tarjetas-bancarias-en-el-transporte-publico-de-queretaro\/"]}]},{"@type":"ImageObject","inLanguage":"es","@id":"https:\/\/www.nexoinformativo.mx\/index.php\/2024\/09\/17\/inicia-el-uso-de-tarjetas-bancarias-en-el-transporte-publico-de-queretaro\/#primaryimage","url":"https:\/\/www.nexoinformativo.mx\/wp-content\/uploads\/2024\/09\/PHOTO-2024-09-17-14-29-45.jpg","contentUrl":"https:\/\/www.nexoinformativo.mx\/wp-content\/uploads\/2024\/09\/PHOTO-2024-09-17-14-29-45.jpg","width":687,"height":446},{"@type":"BreadcrumbList","@id":"https:\/\/www.nexoinformativo.mx\/index.php\/2024\/09\/17\/inicia-el-uso-de-tarjetas-bancarias-en-el-transporte-publico-de-queretaro\/#breadcrumb","itemListElement":[{"@type":"ListItem","position":1,"name":"Inicio","item":"https:\/\/www.nexoinformativo.mx\/"},{"@type":"ListItem","position":2,"name":"Inicia el uso de tarjetas bancarias en el transporte p\u00fablico de Quer\u00e9taro"}]},{"@type":"WebSite","@id":"https:\/\/www.nexoinformativo.mx\/#website","url":"https:\/\/www.nexoinformativo.mx\/","name":"Nexo Informativo Santiago de Quer\u00e9taro","description":"Explora NexoInformativo y convi\u00e9rtete en parte de una comunidad que valora el conocimiento y la verdad. Tu nexoinformativo es tu puente hacia una comprensi\u00f3n m\u00e1s profunda del mundo que te rodea.","publisher":{"@id":"https:\/\/www.nexoinformativo.mx\/#organization"},"potentialAction":[{"@type":"SearchAction","target":{"@type":"EntryPoint","urlTemplate":"https:\/\/www.nexoinformativo.mx\/?s={search_term_string}"},"query-input":{"@type":"PropertyValueSpecification","valueRequired":true,"valueName":"search_term_string"}}],"inLanguage":"es"},{"@type":"Organization","@id":"https:\/\/www.nexoinformativo.mx\/#organization","name":"Nexo Informativo Santiago de Quer\u00e9taro","url":"https:\/\/www.nexoinformativo.mx\/","logo":{"@type":"ImageObject","inLanguage":"es","@id":"https:\/\/www.nexoinformativo.mx\/#\/schema\/logo\/image\/","url":"https:\/\/www.nexoinformativo.mx\/wp-content\/uploads\/2024\/07\/nexoi-trasparente-2.png","contentUrl":"https:\/\/www.nexoinformativo.mx\/wp-content\/uploads\/2024\/07\/nexoi-trasparente-2.png","width":816,"height":339,"caption":"Nexo Informativo Santiago de Quer\u00e9taro"},"image":{"@id":"https:\/\/www.nexoinformativo.mx\/#\/schema\/logo\/image\/"},"sameAs":["https:\/\/www.facebook.com\/people\/Nexo-Informativo\/61564066885511\/"]},{"@type":"Person","@id":"https:\/\/www.nexoinformativo.mx\/#\/schema\/person\/7749d380ba08c8ca00d7bc76fd907b7d","name":"Nexo Informativo","image":{"@type":"ImageObject","inLanguage":"es","@id":"https:\/\/www.nexoinformativo.mx\/#\/schema\/person\/image\/","url":"https:\/\/secure.gravatar.com\/avatar\/dde2928154642a13d95f87ddf1ea9718fe2b46760a005c53e41ff5ad610704e6?s=96&d=mm&r=g","contentUrl":"https:\/\/secure.gravatar.com\/avatar\/dde2928154642a13d95f87ddf1ea9718fe2b46760a005c53e41ff5ad610704e6?s=96&d=mm&r=g","caption":"Nexo Informativo"},"url":"https:\/\/www.nexoinformativo.mx\/index.php\/author\/edicion\/"}]}},"_links":{"self":[{"href":"https:\/\/www.nexoinformativo.mx\/index.php\/wp-json\/wp\/v2\/posts\/1989","targetHints":{"allow":["GET"]}}],"collection":[{"href":"https:\/\/www.nexoinformativo.mx\/index.php\/wp-json\/wp\/v2\/posts"}],"about":[{"href":"https:\/\/www.nexoinformativo.mx\/index.php\/wp-json\/wp\/v2\/types\/post"}],"author":[{"embeddable":true,"href":"https:\/\/www.nexoinformativo.mx\/index.php\/wp-json\/wp\/v2\/users\/3"}],"replies":[{"embeddable":true,"href":"https:\/\/www.nexoinformativo.mx\/index.php\/wp-json\/wp\/v2\/comments?post=1989"}],"version-history":[{"count":3,"href":"https:\/\/www.nexoinformativo.mx\/index.php\/wp-json\/wp\/v2\/posts\/1989\/revisions"}],"predecessor-version":[{"id":2798,"href":"https:\/\/www.nexoinformativo.mx\/index.php\/wp-json\/wp\/v2\/posts\/1989\/revisions\/2798"}],"wp:featuredmedia":[{"embeddable":true,"href":"https:\/\/www.nexoinformativo.mx\/index.php\/wp-json\/wp\/v2\/media\/1990"}],"wp:attachment":[{"href":"https:\/\/www.nexoinformativo.mx\/index.php\/wp-json\/wp\/v2\/media?parent=1989"}],"wp:term":[{"taxonomy":"category","embeddable":true,"href":"https:\/\/www.nexoinformativo.mx\/index.php\/wp-json\/wp\/v2\/categories?post=1989"},{"taxonomy":"post_tag","embeddable":true,"href":"https:\/\/www.nexoinformativo.mx\/index.php\/wp-json\/wp\/v2\/tags?post=1989"}],"curies":[{"name":"wp","href":"https:\/\/api.w.org\/{rel}","templated":true}]}}