{"id":1999,"date":"2024-09-17T13:00:10","date_gmt":"2024-09-17T19:00:10","guid":{"rendered":"https:\/\/www.nexoinformativo.mx\/?p=1999"},"modified":"2024-09-17T17:50:55","modified_gmt":"2024-09-17T23:50:55","slug":"la-cea-detecta-un-promedio-de-100-tomas-clandestinas-de-agua-al-mes-en-el-estado","status":"publish","type":"post","link":"https:\/\/www.nexoinformativo.mx\/index.php\/2024\/09\/17\/la-cea-detecta-un-promedio-de-100-tomas-clandestinas-de-agua-al-mes-en-el-estado\/","title":{"rendered":"La CEA detecta un promedio de 100 tomas clandestinas de agua al mes en el estado"},"content":{"rendered":"<div class=\"overflow-x-auto relative\">\n<div>\n<p style=\"text-align: justify;\">La Comisi\u00f3n Estatal del Agua <strong>(CEA<\/strong>) ha revelado que se detectan aproximadamente 100 tomas clandestinas de agua cada mes en diversas localidades del estado. Luis Alberto Vega Ricoy, vocal ejecutivo de la CEA, explic\u00f3 que estas irregularidades se presentan en domicilios particulares y en algunos negocios, que est\u00e1n robando este recurso vital.<\/p>\n<p><span style=\"text-align: justify;\">Destac\u00f3 la importancia de la colaboraci\u00f3n ciudadana en la lucha contra el clandestinaje del agua. <\/span><strong style=\"text-align: justify;\">\u201cPedimos a la poblaci\u00f3n que nos reporte este tipo de actividades\u201d<\/strong><span style=\"text-align: justify;\">, afirm\u00f3, subrayando que los operativos de vigilancia se llevan a cabo de manera constante. Un ejemplo de esto es la clausura de un autolavado que estaba conectado de manera ilegal a la red de agua.<\/span><\/p>\n<\/div>\n<\/div>\n<div class=\"overflow-x-auto relative\" style=\"text-align: justify;\">\n<div>\n<p>Las sanciones por estas infracciones pueden variar, alcanzando hasta los 4 mil pesos, adem\u00e1s de la clausura inmediata de los negocios involucrados. \u201c<strong>La ciudadan\u00eda nos ayuda mucho, ya que no les gusta que sus vecinos se est\u00e9n robando el agua\u201d<\/strong>, a\u00f1adi\u00f3 Vega Ricoy, resaltando la importancia del apoyo comunitario en esta problem\u00e1tica.<\/p>\n<\/div>\n<\/div>\n<div class=\"overflow-x-auto relative\" style=\"text-align: justify;\">\n<div>\n<p>La <strong>CEA<\/strong> contin\u00faa trabajando para erradicar estas pr\u00e1cticas y garantizar el acceso adecuado al agua para todos los ciudadanos. Es fundamental que cada uno de nosotros est\u00e9 atento y contribuya a cuidar este recurso esencial.<\/p>\n<\/div>\n<\/div>\n<div class=\"overflow-x-auto relative\">\n<div>\n<p style=\"text-align: justify;\">\n<\/div>\n<\/div>\n","protected":false},"excerpt":{"rendered":"<p>La Comisi\u00f3n Estatal del Agua (CEA) ha revelado que se detectan aproximadamente 100 tomas clandestinas de agua cada mes en diversas localidades del estado.<\/p>\n","protected":false},"author":3,"featured_media":2000,"comment_status":"open","ping_status":"open","sticky":false,"template":"","format":"standard","meta":{"footnotes":""},"categories":[42],"tags":[738,736,739,737],"class_list":["post-1999","post","type-post","status-publish","format-standard","has-post-thumbnail","hentry","category-estado","tag-comisionestataldelagua","tag-cuidadodelagua","tag-protegeelagua","tag-tomasclandestinas"],"yoast_head":"<!-- This site is optimized with the Yoast SEO plugin v25.0 - https:\/\/yoast.com\/wordpress\/plugins\/seo\/ -->\n<title>La CEA detecta un promedio de 100 tomas clandestinas de agua al mes en el estado | Nexo Informativo Santiago de Quer\u00e9taro<\/title>\n<meta name=\"description\" content=\"La CEA detecta un promedio de 100 tomas clandestinas de agua al mes en el estado\" \/>\n<meta name=\"robots\" content=\"index, follow, max-snippet:-1, max-image-preview:large, max-video-preview:-1\" \/>\n<link rel=\"canonical\" href=\"https:\/\/www.nexoinformativo.mx\/index.php\/2024\/09\/17\/la-cea-detecta-un-promedio-de-100-tomas-clandestinas-de-agua-al-mes-en-el-estado\/\" \/>\n<meta property=\"og:locale\" content=\"es_MX\" \/>\n<meta property=\"og:type\" content=\"article\" \/>\n<meta property=\"og:title\" content=\"La CEA detecta un promedio de 100 tomas clandestinas de agua al mes en el estado | Nexo Informativo Santiago de Quer\u00e9taro\" \/>\n<meta property=\"og:description\" content=\"La CEA detecta un promedio de 100 tomas clandestinas de agua al mes en el estado\" \/>\n<meta property=\"og:url\" content=\"https:\/\/www.nexoinformativo.mx\/index.php\/2024\/09\/17\/la-cea-detecta-un-promedio-de-100-tomas-clandestinas-de-agua-al-mes-en-el-estado\/\" \/>\n<meta property=\"og:site_name\" content=\"Nexo Informativo Santiago de Quer\u00e9taro\" \/>\n<meta property=\"article:publisher\" content=\"https:\/\/www.facebook.com\/people\/Nexo-Informativo\/61564066885511\/\" \/>\n<meta property=\"article:published_time\" content=\"2024-09-17T19:00:10+00:00\" \/>\n<meta property=\"article:modified_time\" content=\"2024-09-17T23:50:55+00:00\" \/>\n<meta property=\"og:image\" content=\"https:\/\/www.nexoinformativo.mx\/wp-content\/uploads\/2024\/09\/PHOTO-2024-09-17-14-30-06-e1726616042461.jpg\" \/>\n\t<meta property=\"og:image:width\" content=\"800\" \/>\n\t<meta property=\"og:image:height\" content=\"600\" \/>\n\t<meta property=\"og:image:type\" content=\"image\/jpeg\" \/>\n<meta name=\"author\" content=\"Nexo Informativo\" \/>\n<meta name=\"twitter:card\" content=\"summary_large_image\" \/>\n<meta name=\"twitter:label1\" content=\"Escrito por\" \/>\n\t<meta name=\"twitter:data1\" content=\"Nexo Informativo\" \/>\n\t<meta name=\"twitter:label2\" content=\"Tiempo de lectura\" \/>\n\t<meta name=\"twitter:data2\" content=\"2 minutos\" \/>\n<script type=\"application\/ld+json\" class=\"yoast-schema-graph\">{\"@context\":\"https:\/\/schema.org\",\"@graph\":[{\"@type\":\"Article\",\"@id\":\"https:\/\/www.nexoinformativo.mx\/index.php\/2024\/09\/17\/la-cea-detecta-un-promedio-de-100-tomas-clandestinas-de-agua-al-mes-en-el-estado\/#article\",\"isPartOf\":{\"@id\":\"https:\/\/www.nexoinformativo.mx\/index.php\/2024\/09\/17\/la-cea-detecta-un-promedio-de-100-tomas-clandestinas-de-agua-al-mes-en-el-estado\/\"},\"author\":{\"name\":\"Nexo Informativo\",\"@id\":\"https:\/\/www.nexoinformativo.mx\/#\/schema\/person\/7749d380ba08c8ca00d7bc76fd907b7d\"},\"headline\":\"La CEA detecta un promedio de 100 tomas clandestinas de agua al mes en el estado\",\"datePublished\":\"2024-09-17T19:00:10+00:00\",\"dateModified\":\"2024-09-17T23:50:55+00:00\",\"mainEntityOfPage\":{\"@id\":\"https:\/\/www.nexoinformativo.mx\/index.php\/2024\/09\/17\/la-cea-detecta-un-promedio-de-100-tomas-clandestinas-de-agua-al-mes-en-el-estado\/\"},\"wordCount\":224,\"commentCount\":0,\"publisher\":{\"@id\":\"https:\/\/www.nexoinformativo.mx\/#organization\"},\"image\":{\"@id\":\"https:\/\/www.nexoinformativo.mx\/index.php\/2024\/09\/17\/la-cea-detecta-un-promedio-de-100-tomas-clandestinas-de-agua-al-mes-en-el-estado\/#primaryimage\"},\"thumbnailUrl\":\"https:\/\/www.nexoinformativo.mx\/wp-content\/uploads\/2024\/09\/PHOTO-2024-09-17-14-30-06-e1726616042461.jpg\",\"keywords\":[\"Comisi\u00f3nEstatalDelAgua\",\"CuidadoDelAgua\",\"ProtegeElAgua\",\"TomasClandestinas\"],\"articleSection\":[\"Estado\"],\"inLanguage\":\"es\",\"potentialAction\":[{\"@type\":\"CommentAction\",\"name\":\"Comment\",\"target\":[\"https:\/\/www.nexoinformativo.mx\/index.php\/2024\/09\/17\/la-cea-detecta-un-promedio-de-100-tomas-clandestinas-de-agua-al-mes-en-el-estado\/#respond\"]}]},{\"@type\":\"WebPage\",\"@id\":\"https:\/\/www.nexoinformativo.mx\/index.php\/2024\/09\/17\/la-cea-detecta-un-promedio-de-100-tomas-clandestinas-de-agua-al-mes-en-el-estado\/\",\"url\":\"https:\/\/www.nexoinformativo.mx\/index.php\/2024\/09\/17\/la-cea-detecta-un-promedio-de-100-tomas-clandestinas-de-agua-al-mes-en-el-estado\/\",\"name\":\"La CEA detecta un promedio de 100 tomas clandestinas de agua al mes en el estado | Nexo Informativo Santiago de Quer\u00e9taro\",\"isPartOf\":{\"@id\":\"https:\/\/www.nexoinformativo.mx\/#website\"},\"primaryImageOfPage\":{\"@id\":\"https:\/\/www.nexoinformativo.mx\/index.php\/2024\/09\/17\/la-cea-detecta-un-promedio-de-100-tomas-clandestinas-de-agua-al-mes-en-el-estado\/#primaryimage\"},\"image\":{\"@id\":\"https:\/\/www.nexoinformativo.mx\/index.php\/2024\/09\/17\/la-cea-detecta-un-promedio-de-100-tomas-clandestinas-de-agua-al-mes-en-el-estado\/#primaryimage\"},\"thumbnailUrl\":\"https:\/\/www.nexoinformativo.mx\/wp-content\/uploads\/2024\/09\/PHOTO-2024-09-17-14-30-06-e1726616042461.jpg\",\"datePublished\":\"2024-09-17T19:00:10+00:00\",\"dateModified\":\"2024-09-17T23:50:55+00:00\",\"description\":\"La CEA detecta un promedio de 100 tomas clandestinas de agua al mes en el estado\",\"breadcrumb\":{\"@id\":\"https:\/\/www.nexoinformativo.mx\/index.php\/2024\/09\/17\/la-cea-detecta-un-promedio-de-100-tomas-clandestinas-de-agua-al-mes-en-el-estado\/#breadcrumb\"},\"inLanguage\":\"es\",\"potentialAction\":[{\"@type\":\"ReadAction\",\"target\":[\"https:\/\/www.nexoinformativo.mx\/index.php\/2024\/09\/17\/la-cea-detecta-un-promedio-de-100-tomas-clandestinas-de-agua-al-mes-en-el-estado\/\"]}]},{\"@type\":\"ImageObject\",\"inLanguage\":\"es\",\"@id\":\"https:\/\/www.nexoinformativo.mx\/index.php\/2024\/09\/17\/la-cea-detecta-un-promedio-de-100-tomas-clandestinas-de-agua-al-mes-en-el-estado\/#primaryimage\",\"url\":\"https:\/\/www.nexoinformativo.mx\/wp-content\/uploads\/2024\/09\/PHOTO-2024-09-17-14-30-06-e1726616042461.jpg\",\"contentUrl\":\"https:\/\/www.nexoinformativo.mx\/wp-content\/uploads\/2024\/09\/PHOTO-2024-09-17-14-30-06-e1726616042461.jpg\",\"width\":800,\"height\":600},{\"@type\":\"BreadcrumbList\",\"@id\":\"https:\/\/www.nexoinformativo.mx\/index.php\/2024\/09\/17\/la-cea-detecta-un-promedio-de-100-tomas-clandestinas-de-agua-al-mes-en-el-estado\/#breadcrumb\",\"itemListElement\":[{\"@type\":\"ListItem\",\"position\":1,\"name\":\"Inicio\",\"item\":\"https:\/\/www.nexoinformativo.mx\/\"},{\"@type\":\"ListItem\",\"position\":2,\"name\":\"La CEA detecta un promedio de 100 tomas clandestinas de agua al mes en el estado\"}]},{\"@type\":\"WebSite\",\"@id\":\"https:\/\/www.nexoinformativo.mx\/#website\",\"url\":\"https:\/\/www.nexoinformativo.mx\/\",\"name\":\"Nexo Informativo Santiago de Quer\u00e9taro\",\"description\":\"Explora NexoInformativo y convi\u00e9rtete en parte de una comunidad que valora el conocimiento y la verdad. Tu nexoinformativo es tu puente hacia una comprensi\u00f3n m\u00e1s profunda del mundo que te rodea.\",\"publisher\":{\"@id\":\"https:\/\/www.nexoinformativo.mx\/#organization\"},\"potentialAction\":[{\"@type\":\"SearchAction\",\"target\":{\"@type\":\"EntryPoint\",\"urlTemplate\":\"https:\/\/www.nexoinformativo.mx\/?s={search_term_string}\"},\"query-input\":{\"@type\":\"PropertyValueSpecification\",\"valueRequired\":true,\"valueName\":\"search_term_string\"}}],\"inLanguage\":\"es\"},{\"@type\":\"Organization\",\"@id\":\"https:\/\/www.nexoinformativo.mx\/#organization\",\"name\":\"Nexo Informativo Santiago de Quer\u00e9taro\",\"url\":\"https:\/\/www.nexoinformativo.mx\/\",\"logo\":{\"@type\":\"ImageObject\",\"inLanguage\":\"es\",\"@id\":\"https:\/\/www.nexoinformativo.mx\/#\/schema\/logo\/image\/\",\"url\":\"https:\/\/www.nexoinformativo.mx\/wp-content\/uploads\/2024\/07\/nexoi-trasparente-2.png\",\"contentUrl\":\"https:\/\/www.nexoinformativo.mx\/wp-content\/uploads\/2024\/07\/nexoi-trasparente-2.png\",\"width\":816,\"height\":339,\"caption\":\"Nexo Informativo Santiago de Quer\u00e9taro\"},\"image\":{\"@id\":\"https:\/\/www.nexoinformativo.mx\/#\/schema\/logo\/image\/\"},\"sameAs\":[\"https:\/\/www.facebook.com\/people\/Nexo-Informativo\/61564066885511\/\"]},{\"@type\":\"Person\",\"@id\":\"https:\/\/www.nexoinformativo.mx\/#\/schema\/person\/7749d380ba08c8ca00d7bc76fd907b7d\",\"name\":\"Nexo Informativo\",\"image\":{\"@type\":\"ImageObject\",\"inLanguage\":\"es\",\"@id\":\"https:\/\/www.nexoinformativo.mx\/#\/schema\/person\/image\/\",\"url\":\"https:\/\/secure.gravatar.com\/avatar\/dde2928154642a13d95f87ddf1ea9718fe2b46760a005c53e41ff5ad610704e6?s=96&d=mm&r=g\",\"contentUrl\":\"https:\/\/secure.gravatar.com\/avatar\/dde2928154642a13d95f87ddf1ea9718fe2b46760a005c53e41ff5ad610704e6?s=96&d=mm&r=g\",\"caption\":\"Nexo Informativo\"},\"url\":\"https:\/\/www.nexoinformativo.mx\/index.php\/author\/edicion\/\"}]}<\/script>\n<!-- \/ Yoast SEO plugin. -->","yoast_head_json":{"title":"La CEA detecta un promedio de 100 tomas clandestinas de agua al mes en el estado | Nexo Informativo Santiago de Quer\u00e9taro","description":"La CEA detecta un promedio de 100 tomas clandestinas de agua al mes en el estado","robots":{"index":"index","follow":"follow","max-snippet":"max-snippet:-1","max-image-preview":"max-image-preview:large","max-video-preview":"max-video-preview:-1"},"canonical":"https:\/\/www.nexoinformativo.mx\/index.php\/2024\/09\/17\/la-cea-detecta-un-promedio-de-100-tomas-clandestinas-de-agua-al-mes-en-el-estado\/","og_locale":"es_MX","og_type":"article","og_title":"La CEA detecta un promedio de 100 tomas clandestinas de agua al mes en el estado | Nexo Informativo Santiago de Quer\u00e9taro","og_description":"La CEA detecta un promedio de 100 tomas clandestinas de agua al mes en el estado","og_url":"https:\/\/www.nexoinformativo.mx\/index.php\/2024\/09\/17\/la-cea-detecta-un-promedio-de-100-tomas-clandestinas-de-agua-al-mes-en-el-estado\/","og_site_name":"Nexo Informativo Santiago de Quer\u00e9taro","article_publisher":"https:\/\/www.facebook.com\/people\/Nexo-Informativo\/61564066885511\/","article_published_time":"2024-09-17T19:00:10+00:00","article_modified_time":"2024-09-17T23:50:55+00:00","og_image":[{"width":800,"height":600,"url":"https:\/\/www.nexoinformativo.mx\/wp-content\/uploads\/2024\/09\/PHOTO-2024-09-17-14-30-06-e1726616042461.jpg","type":"image\/jpeg"}],"author":"Nexo Informativo","twitter_card":"summary_large_image","twitter_misc":{"Escrito por":"Nexo Informativo","Tiempo de lectura":"2 minutos"},"schema":{"@context":"https:\/\/schema.org","@graph":[{"@type":"Article","@id":"https:\/\/www.nexoinformativo.mx\/index.php\/2024\/09\/17\/la-cea-detecta-un-promedio-de-100-tomas-clandestinas-de-agua-al-mes-en-el-estado\/#article","isPartOf":{"@id":"https:\/\/www.nexoinformativo.mx\/index.php\/2024\/09\/17\/la-cea-detecta-un-promedio-de-100-tomas-clandestinas-de-agua-al-mes-en-el-estado\/"},"author":{"name":"Nexo Informativo","@id":"https:\/\/www.nexoinformativo.mx\/#\/schema\/person\/7749d380ba08c8ca00d7bc76fd907b7d"},"headline":"La CEA detecta un promedio de 100 tomas clandestinas de agua al mes en el estado","datePublished":"2024-09-17T19:00:10+00:00","dateModified":"2024-09-17T23:50:55+00:00","mainEntityOfPage":{"@id":"https:\/\/www.nexoinformativo.mx\/index.php\/2024\/09\/17\/la-cea-detecta-un-promedio-de-100-tomas-clandestinas-de-agua-al-mes-en-el-estado\/"},"wordCount":224,"commentCount":0,"publisher":{"@id":"https:\/\/www.nexoinformativo.mx\/#organization"},"image":{"@id":"https:\/\/www.nexoinformativo.mx\/index.php\/2024\/09\/17\/la-cea-detecta-un-promedio-de-100-tomas-clandestinas-de-agua-al-mes-en-el-estado\/#primaryimage"},"thumbnailUrl":"https:\/\/www.nexoinformativo.mx\/wp-content\/uploads\/2024\/09\/PHOTO-2024-09-17-14-30-06-e1726616042461.jpg","keywords":["Comisi\u00f3nEstatalDelAgua","CuidadoDelAgua","ProtegeElAgua","TomasClandestinas"],"articleSection":["Estado"],"inLanguage":"es","potentialAction":[{"@type":"CommentAction","name":"Comment","target":["https:\/\/www.nexoinformativo.mx\/index.php\/2024\/09\/17\/la-cea-detecta-un-promedio-de-100-tomas-clandestinas-de-agua-al-mes-en-el-estado\/#respond"]}]},{"@type":"WebPage","@id":"https:\/\/www.nexoinformativo.mx\/index.php\/2024\/09\/17\/la-cea-detecta-un-promedio-de-100-tomas-clandestinas-de-agua-al-mes-en-el-estado\/","url":"https:\/\/www.nexoinformativo.mx\/index.php\/2024\/09\/17\/la-cea-detecta-un-promedio-de-100-tomas-clandestinas-de-agua-al-mes-en-el-estado\/","name":"La CEA detecta un promedio de 100 tomas clandestinas de agua al mes en el estado | Nexo Informativo Santiago de Quer\u00e9taro","isPartOf":{"@id":"https:\/\/www.nexoinformativo.mx\/#website"},"primaryImageOfPage":{"@id":"https:\/\/www.nexoinformativo.mx\/index.php\/2024\/09\/17\/la-cea-detecta-un-promedio-de-100-tomas-clandestinas-de-agua-al-mes-en-el-estado\/#primaryimage"},"image":{"@id":"https:\/\/www.nexoinformativo.mx\/index.php\/2024\/09\/17\/la-cea-detecta-un-promedio-de-100-tomas-clandestinas-de-agua-al-mes-en-el-estado\/#primaryimage"},"thumbnailUrl":"https:\/\/www.nexoinformativo.mx\/wp-content\/uploads\/2024\/09\/PHOTO-2024-09-17-14-30-06-e1726616042461.jpg","datePublished":"2024-09-17T19:00:10+00:00","dateModified":"2024-09-17T23:50:55+00:00","description":"La CEA detecta un promedio de 100 tomas clandestinas de agua al mes en el estado","breadcrumb":{"@id":"https:\/\/www.nexoinformativo.mx\/index.php\/2024\/09\/17\/la-cea-detecta-un-promedio-de-100-tomas-clandestinas-de-agua-al-mes-en-el-estado\/#breadcrumb"},"inLanguage":"es","potentialAction":[{"@type":"ReadAction","target":["https:\/\/www.nexoinformativo.mx\/index.php\/2024\/09\/17\/la-cea-detecta-un-promedio-de-100-tomas-clandestinas-de-agua-al-mes-en-el-estado\/"]}]},{"@type":"ImageObject","inLanguage":"es","@id":"https:\/\/www.nexoinformativo.mx\/index.php\/2024\/09\/17\/la-cea-detecta-un-promedio-de-100-tomas-clandestinas-de-agua-al-mes-en-el-estado\/#primaryimage","url":"https:\/\/www.nexoinformativo.mx\/wp-content\/uploads\/2024\/09\/PHOTO-2024-09-17-14-30-06-e1726616042461.jpg","contentUrl":"https:\/\/www.nexoinformativo.mx\/wp-content\/uploads\/2024\/09\/PHOTO-2024-09-17-14-30-06-e1726616042461.jpg","width":800,"height":600},{"@type":"BreadcrumbList","@id":"https:\/\/www.nexoinformativo.mx\/index.php\/2024\/09\/17\/la-cea-detecta-un-promedio-de-100-tomas-clandestinas-de-agua-al-mes-en-el-estado\/#breadcrumb","itemListElement":[{"@type":"ListItem","position":1,"name":"Inicio","item":"https:\/\/www.nexoinformativo.mx\/"},{"@type":"ListItem","position":2,"name":"La CEA detecta un promedio de 100 tomas clandestinas de agua al mes en el estado"}]},{"@type":"WebSite","@id":"https:\/\/www.nexoinformativo.mx\/#website","url":"https:\/\/www.nexoinformativo.mx\/","name":"Nexo Informativo Santiago de Quer\u00e9taro","description":"Explora NexoInformativo y convi\u00e9rtete en parte de una comunidad que valora el conocimiento y la verdad. Tu nexoinformativo es tu puente hacia una comprensi\u00f3n m\u00e1s profunda del mundo que te rodea.","publisher":{"@id":"https:\/\/www.nexoinformativo.mx\/#organization"},"potentialAction":[{"@type":"SearchAction","target":{"@type":"EntryPoint","urlTemplate":"https:\/\/www.nexoinformativo.mx\/?s={search_term_string}"},"query-input":{"@type":"PropertyValueSpecification","valueRequired":true,"valueName":"search_term_string"}}],"inLanguage":"es"},{"@type":"Organization","@id":"https:\/\/www.nexoinformativo.mx\/#organization","name":"Nexo Informativo Santiago de Quer\u00e9taro","url":"https:\/\/www.nexoinformativo.mx\/","logo":{"@type":"ImageObject","inLanguage":"es","@id":"https:\/\/www.nexoinformativo.mx\/#\/schema\/logo\/image\/","url":"https:\/\/www.nexoinformativo.mx\/wp-content\/uploads\/2024\/07\/nexoi-trasparente-2.png","contentUrl":"https:\/\/www.nexoinformativo.mx\/wp-content\/uploads\/2024\/07\/nexoi-trasparente-2.png","width":816,"height":339,"caption":"Nexo Informativo Santiago de Quer\u00e9taro"},"image":{"@id":"https:\/\/www.nexoinformativo.mx\/#\/schema\/logo\/image\/"},"sameAs":["https:\/\/www.facebook.com\/people\/Nexo-Informativo\/61564066885511\/"]},{"@type":"Person","@id":"https:\/\/www.nexoinformativo.mx\/#\/schema\/person\/7749d380ba08c8ca00d7bc76fd907b7d","name":"Nexo Informativo","image":{"@type":"ImageObject","inLanguage":"es","@id":"https:\/\/www.nexoinformativo.mx\/#\/schema\/person\/image\/","url":"https:\/\/secure.gravatar.com\/avatar\/dde2928154642a13d95f87ddf1ea9718fe2b46760a005c53e41ff5ad610704e6?s=96&d=mm&r=g","contentUrl":"https:\/\/secure.gravatar.com\/avatar\/dde2928154642a13d95f87ddf1ea9718fe2b46760a005c53e41ff5ad610704e6?s=96&d=mm&r=g","caption":"Nexo Informativo"},"url":"https:\/\/www.nexoinformativo.mx\/index.php\/author\/edicion\/"}]}},"_links":{"self":[{"href":"https:\/\/www.nexoinformativo.mx\/index.php\/wp-json\/wp\/v2\/posts\/1999","targetHints":{"allow":["GET"]}}],"collection":[{"href":"https:\/\/www.nexoinformativo.mx\/index.php\/wp-json\/wp\/v2\/posts"}],"about":[{"href":"https:\/\/www.nexoinformativo.mx\/index.php\/wp-json\/wp\/v2\/types\/post"}],"author":[{"embeddable":true,"href":"https:\/\/www.nexoinformativo.mx\/index.php\/wp-json\/wp\/v2\/users\/3"}],"replies":[{"embeddable":true,"href":"https:\/\/www.nexoinformativo.mx\/index.php\/wp-json\/wp\/v2\/comments?post=1999"}],"version-history":[{"count":3,"href":"https:\/\/www.nexoinformativo.mx\/index.php\/wp-json\/wp\/v2\/posts\/1999\/revisions"}],"predecessor-version":[{"id":2009,"href":"https:\/\/www.nexoinformativo.mx\/index.php\/wp-json\/wp\/v2\/posts\/1999\/revisions\/2009"}],"wp:featuredmedia":[{"embeddable":true,"href":"https:\/\/www.nexoinformativo.mx\/index.php\/wp-json\/wp\/v2\/media\/2000"}],"wp:attachment":[{"href":"https:\/\/www.nexoinformativo.mx\/index.php\/wp-json\/wp\/v2\/media?parent=1999"}],"wp:term":[{"taxonomy":"category","embeddable":true,"href":"https:\/\/www.nexoinformativo.mx\/index.php\/wp-json\/wp\/v2\/categories?post=1999"},{"taxonomy":"post_tag","embeddable":true,"href":"https:\/\/www.nexoinformativo.mx\/index.php\/wp-json\/wp\/v2\/tags?post=1999"}],"curies":[{"name":"wp","href":"https:\/\/api.w.org\/{rel}","templated":true}]}}