{"id":2003,"date":"2024-09-17T17:46:57","date_gmt":"2024-09-17T23:46:57","guid":{"rendered":"https:\/\/www.nexoinformativo.mx\/?p=2003"},"modified":"2024-09-17T17:47:18","modified_gmt":"2024-09-17T23:47:18","slug":"la-carretera-a-pinal-de-amoles-sera-reabierta-el-jueves-tras-derrumbe","status":"publish","type":"post","link":"https:\/\/www.nexoinformativo.mx\/index.php\/2024\/09\/17\/la-carretera-a-pinal-de-amoles-sera-reabierta-el-jueves-tras-derrumbe\/","title":{"rendered":"La carretera a Pinal de Amoles ser\u00e1 reabierta el jueves tras derrumbe"},"content":{"rendered":"<div class=\"overflow-x-auto relative\">\n<div>\n<p style=\"text-align: justify;\">Las autoridades han confirmado que la carretera a Pinal de Amoles, que sufri\u00f3 un derrumbe recientemente, quedar\u00e1 abierta al p\u00fablico el pr\u00f3ximo jueves. Carlos Alcaraz, secretario de gobierno, asegur\u00f3 que los trabajos de limpieza y reparaci\u00f3n est\u00e1n en marcha gracias al esfuerzo de la Comisi\u00f3n Estatal de Infraestructura <strong>(CEI)<\/strong>, que contin\u00faa laborando en el lugar para retirar el escombro.<\/p>\n<\/div>\n<\/div>\n<div class=\"overflow-x-auto relative\" style=\"text-align: justify;\">\n<div>\n<p>Los trabajos son supervisados por personal de Protecci\u00f3n Civil Estatal, garantizando as\u00ed la seguridad en la zona y descartando cualquier riesgo para los usuarios de la carretera. <strong>\u201cLa CEI est\u00e1 trabajando bajo la supervisi\u00f3n de Protecci\u00f3n Civil Estatal y con el apoyo del municipio y la Guardia Nacional para crear los mecanismos de seguridad y abanderamiento necesarios hasta que se finalicen las reparaciones\u201d<\/strong>, explic\u00f3 Alcaraz.<\/p>\n<\/div>\n<\/div>\n<div class=\"overflow-x-auto relative\">\n<div>\n<p style=\"text-align: justify;\">El gobernador Mauricio Kuri ha tomado medidas para asegurar que la situaci\u00f3n se maneje de manera oportuna y eficiente. Con la reapertura de esta carretera, se espera facilitar el tr\u00e1nsito y el acceso a Pinal de Amoles, beneficiando a los habitantes y visitantes de la zona.<\/p>\n<\/div>\n<\/div>\n","protected":false},"excerpt":{"rendered":"<p>Las autoridades han confirmado que la carretera a Pinal de Amoles, que sufri\u00f3 un derrumbe recientemente, quedar\u00e1 abierta al p\u00fablico el pr\u00f3ximo jueves. Carlos Alcaraz, secretario de gobierno, asegur\u00f3 que los trabajos de limpieza y reparaci\u00f3n est\u00e1n en marcha gracias al esfuerzo de la Comisi\u00f3n Estatal de Infraestructura (CEI), que contin\u00faa laborando en el lugar [&hellip;]<\/p>\n","protected":false},"author":3,"featured_media":2004,"comment_status":"open","ping_status":"open","sticky":false,"template":"","format":"standard","meta":{"footnotes":""},"categories":[65],"tags":[710,740,741,151],"class_list":["post-2003","post","type-post","status-publish","format-standard","has-post-thumbnail","hentry","category-municipios","tag-carreterapinaldeamoles","tag-derrumbe","tag-nfraestructura","tag-seguridadvial"],"yoast_head":"<!-- This site is optimized with the Yoast SEO plugin v25.0 - https:\/\/yoast.com\/wordpress\/plugins\/seo\/ -->\n<title>La carretera a Pinal de Amoles ser\u00e1 reabierta el jueves tras derrumbe | Nexo Informativo Santiago de Quer\u00e9taro<\/title>\n<meta name=\"description\" content=\"La carretera a Pinal de Amoles ser\u00e1 reabierta el jueves tras derrumbe\" \/>\n<meta name=\"robots\" content=\"index, follow, max-snippet:-1, max-image-preview:large, max-video-preview:-1\" \/>\n<link rel=\"canonical\" href=\"https:\/\/www.nexoinformativo.mx\/index.php\/2024\/09\/17\/la-carretera-a-pinal-de-amoles-sera-reabierta-el-jueves-tras-derrumbe\/\" \/>\n<meta property=\"og:locale\" content=\"es_MX\" \/>\n<meta property=\"og:type\" content=\"article\" \/>\n<meta property=\"og:title\" content=\"La carretera a Pinal de Amoles ser\u00e1 reabierta el jueves tras derrumbe | Nexo Informativo Santiago de Quer\u00e9taro\" \/>\n<meta property=\"og:description\" content=\"La carretera a Pinal de Amoles ser\u00e1 reabierta el jueves tras derrumbe\" \/>\n<meta property=\"og:url\" content=\"https:\/\/www.nexoinformativo.mx\/index.php\/2024\/09\/17\/la-carretera-a-pinal-de-amoles-sera-reabierta-el-jueves-tras-derrumbe\/\" \/>\n<meta property=\"og:site_name\" content=\"Nexo Informativo Santiago de Quer\u00e9taro\" \/>\n<meta property=\"article:publisher\" content=\"https:\/\/www.facebook.com\/people\/Nexo-Informativo\/61564066885511\/\" \/>\n<meta property=\"article:published_time\" content=\"2024-09-17T23:46:57+00:00\" \/>\n<meta property=\"article:modified_time\" content=\"2024-09-17T23:47:18+00:00\" \/>\n<meta property=\"og:image\" content=\"https:\/\/www.nexoinformativo.mx\/wp-content\/uploads\/2024\/09\/PHOTO-2024-09-17-14-30-17-e1726616554302.jpg\" \/>\n\t<meta property=\"og:image:width\" content=\"800\" \/>\n\t<meta property=\"og:image:height\" content=\"600\" \/>\n\t<meta property=\"og:image:type\" content=\"image\/jpeg\" \/>\n<meta name=\"author\" content=\"Nexo Informativo\" \/>\n<meta name=\"twitter:card\" content=\"summary_large_image\" \/>\n<meta name=\"twitter:label1\" content=\"Escrito por\" \/>\n\t<meta name=\"twitter:data1\" content=\"Nexo Informativo\" \/>\n\t<meta name=\"twitter:label2\" content=\"Tiempo de lectura\" \/>\n\t<meta name=\"twitter:data2\" content=\"1 minuto\" \/>\n<script type=\"application\/ld+json\" class=\"yoast-schema-graph\">{\"@context\":\"https:\/\/schema.org\",\"@graph\":[{\"@type\":\"Article\",\"@id\":\"https:\/\/www.nexoinformativo.mx\/index.php\/2024\/09\/17\/la-carretera-a-pinal-de-amoles-sera-reabierta-el-jueves-tras-derrumbe\/#article\",\"isPartOf\":{\"@id\":\"https:\/\/www.nexoinformativo.mx\/index.php\/2024\/09\/17\/la-carretera-a-pinal-de-amoles-sera-reabierta-el-jueves-tras-derrumbe\/\"},\"author\":{\"name\":\"Nexo Informativo\",\"@id\":\"https:\/\/www.nexoinformativo.mx\/#\/schema\/person\/7749d380ba08c8ca00d7bc76fd907b7d\"},\"headline\":\"La carretera a Pinal de Amoles ser\u00e1 reabierta el jueves tras derrumbe\",\"datePublished\":\"2024-09-17T23:46:57+00:00\",\"dateModified\":\"2024-09-17T23:47:18+00:00\",\"mainEntityOfPage\":{\"@id\":\"https:\/\/www.nexoinformativo.mx\/index.php\/2024\/09\/17\/la-carretera-a-pinal-de-amoles-sera-reabierta-el-jueves-tras-derrumbe\/\"},\"wordCount\":193,\"commentCount\":0,\"publisher\":{\"@id\":\"https:\/\/www.nexoinformativo.mx\/#organization\"},\"image\":{\"@id\":\"https:\/\/www.nexoinformativo.mx\/index.php\/2024\/09\/17\/la-carretera-a-pinal-de-amoles-sera-reabierta-el-jueves-tras-derrumbe\/#primaryimage\"},\"thumbnailUrl\":\"https:\/\/www.nexoinformativo.mx\/wp-content\/uploads\/2024\/09\/PHOTO-2024-09-17-14-30-17-e1726616554302.jpg\",\"keywords\":[\"CarreteraPinalDeAmoles\",\"Derrumbe\",\"nfraestructura\",\"seguridadvial\"],\"articleSection\":[\"Municipios\"],\"inLanguage\":\"es\",\"potentialAction\":[{\"@type\":\"CommentAction\",\"name\":\"Comment\",\"target\":[\"https:\/\/www.nexoinformativo.mx\/index.php\/2024\/09\/17\/la-carretera-a-pinal-de-amoles-sera-reabierta-el-jueves-tras-derrumbe\/#respond\"]}]},{\"@type\":\"WebPage\",\"@id\":\"https:\/\/www.nexoinformativo.mx\/index.php\/2024\/09\/17\/la-carretera-a-pinal-de-amoles-sera-reabierta-el-jueves-tras-derrumbe\/\",\"url\":\"https:\/\/www.nexoinformativo.mx\/index.php\/2024\/09\/17\/la-carretera-a-pinal-de-amoles-sera-reabierta-el-jueves-tras-derrumbe\/\",\"name\":\"La carretera a Pinal de Amoles ser\u00e1 reabierta el jueves tras derrumbe | Nexo Informativo Santiago de Quer\u00e9taro\",\"isPartOf\":{\"@id\":\"https:\/\/www.nexoinformativo.mx\/#website\"},\"primaryImageOfPage\":{\"@id\":\"https:\/\/www.nexoinformativo.mx\/index.php\/2024\/09\/17\/la-carretera-a-pinal-de-amoles-sera-reabierta-el-jueves-tras-derrumbe\/#primaryimage\"},\"image\":{\"@id\":\"https:\/\/www.nexoinformativo.mx\/index.php\/2024\/09\/17\/la-carretera-a-pinal-de-amoles-sera-reabierta-el-jueves-tras-derrumbe\/#primaryimage\"},\"thumbnailUrl\":\"https:\/\/www.nexoinformativo.mx\/wp-content\/uploads\/2024\/09\/PHOTO-2024-09-17-14-30-17-e1726616554302.jpg\",\"datePublished\":\"2024-09-17T23:46:57+00:00\",\"dateModified\":\"2024-09-17T23:47:18+00:00\",\"description\":\"La carretera a Pinal de Amoles ser\u00e1 reabierta el jueves tras derrumbe\",\"breadcrumb\":{\"@id\":\"https:\/\/www.nexoinformativo.mx\/index.php\/2024\/09\/17\/la-carretera-a-pinal-de-amoles-sera-reabierta-el-jueves-tras-derrumbe\/#breadcrumb\"},\"inLanguage\":\"es\",\"potentialAction\":[{\"@type\":\"ReadAction\",\"target\":[\"https:\/\/www.nexoinformativo.mx\/index.php\/2024\/09\/17\/la-carretera-a-pinal-de-amoles-sera-reabierta-el-jueves-tras-derrumbe\/\"]}]},{\"@type\":\"ImageObject\",\"inLanguage\":\"es\",\"@id\":\"https:\/\/www.nexoinformativo.mx\/index.php\/2024\/09\/17\/la-carretera-a-pinal-de-amoles-sera-reabierta-el-jueves-tras-derrumbe\/#primaryimage\",\"url\":\"https:\/\/www.nexoinformativo.mx\/wp-content\/uploads\/2024\/09\/PHOTO-2024-09-17-14-30-17-e1726616554302.jpg\",\"contentUrl\":\"https:\/\/www.nexoinformativo.mx\/wp-content\/uploads\/2024\/09\/PHOTO-2024-09-17-14-30-17-e1726616554302.jpg\",\"width\":800,\"height\":600},{\"@type\":\"BreadcrumbList\",\"@id\":\"https:\/\/www.nexoinformativo.mx\/index.php\/2024\/09\/17\/la-carretera-a-pinal-de-amoles-sera-reabierta-el-jueves-tras-derrumbe\/#breadcrumb\",\"itemListElement\":[{\"@type\":\"ListItem\",\"position\":1,\"name\":\"Inicio\",\"item\":\"https:\/\/www.nexoinformativo.mx\/\"},{\"@type\":\"ListItem\",\"position\":2,\"name\":\"La carretera a Pinal de Amoles ser\u00e1 reabierta el jueves tras derrumbe\"}]},{\"@type\":\"WebSite\",\"@id\":\"https:\/\/www.nexoinformativo.mx\/#website\",\"url\":\"https:\/\/www.nexoinformativo.mx\/\",\"name\":\"Nexo Informativo Santiago de Quer\u00e9taro\",\"description\":\"Explora NexoInformativo y convi\u00e9rtete en parte de una comunidad que valora el conocimiento y la verdad. Tu nexoinformativo es tu puente hacia una comprensi\u00f3n m\u00e1s profunda del mundo que te rodea.\",\"publisher\":{\"@id\":\"https:\/\/www.nexoinformativo.mx\/#organization\"},\"potentialAction\":[{\"@type\":\"SearchAction\",\"target\":{\"@type\":\"EntryPoint\",\"urlTemplate\":\"https:\/\/www.nexoinformativo.mx\/?s={search_term_string}\"},\"query-input\":{\"@type\":\"PropertyValueSpecification\",\"valueRequired\":true,\"valueName\":\"search_term_string\"}}],\"inLanguage\":\"es\"},{\"@type\":\"Organization\",\"@id\":\"https:\/\/www.nexoinformativo.mx\/#organization\",\"name\":\"Nexo Informativo Santiago de Quer\u00e9taro\",\"url\":\"https:\/\/www.nexoinformativo.mx\/\",\"logo\":{\"@type\":\"ImageObject\",\"inLanguage\":\"es\",\"@id\":\"https:\/\/www.nexoinformativo.mx\/#\/schema\/logo\/image\/\",\"url\":\"https:\/\/www.nexoinformativo.mx\/wp-content\/uploads\/2024\/07\/nexoi-trasparente-2.png\",\"contentUrl\":\"https:\/\/www.nexoinformativo.mx\/wp-content\/uploads\/2024\/07\/nexoi-trasparente-2.png\",\"width\":816,\"height\":339,\"caption\":\"Nexo Informativo Santiago de Quer\u00e9taro\"},\"image\":{\"@id\":\"https:\/\/www.nexoinformativo.mx\/#\/schema\/logo\/image\/\"},\"sameAs\":[\"https:\/\/www.facebook.com\/people\/Nexo-Informativo\/61564066885511\/\"]},{\"@type\":\"Person\",\"@id\":\"https:\/\/www.nexoinformativo.mx\/#\/schema\/person\/7749d380ba08c8ca00d7bc76fd907b7d\",\"name\":\"Nexo Informativo\",\"image\":{\"@type\":\"ImageObject\",\"inLanguage\":\"es\",\"@id\":\"https:\/\/www.nexoinformativo.mx\/#\/schema\/person\/image\/\",\"url\":\"https:\/\/secure.gravatar.com\/avatar\/dde2928154642a13d95f87ddf1ea9718fe2b46760a005c53e41ff5ad610704e6?s=96&d=mm&r=g\",\"contentUrl\":\"https:\/\/secure.gravatar.com\/avatar\/dde2928154642a13d95f87ddf1ea9718fe2b46760a005c53e41ff5ad610704e6?s=96&d=mm&r=g\",\"caption\":\"Nexo Informativo\"},\"url\":\"https:\/\/www.nexoinformativo.mx\/index.php\/author\/edicion\/\"}]}<\/script>\n<!-- \/ Yoast SEO plugin. -->","yoast_head_json":{"title":"La carretera a Pinal de Amoles ser\u00e1 reabierta el jueves tras derrumbe | Nexo Informativo Santiago de Quer\u00e9taro","description":"La carretera a Pinal de Amoles ser\u00e1 reabierta el jueves tras derrumbe","robots":{"index":"index","follow":"follow","max-snippet":"max-snippet:-1","max-image-preview":"max-image-preview:large","max-video-preview":"max-video-preview:-1"},"canonical":"https:\/\/www.nexoinformativo.mx\/index.php\/2024\/09\/17\/la-carretera-a-pinal-de-amoles-sera-reabierta-el-jueves-tras-derrumbe\/","og_locale":"es_MX","og_type":"article","og_title":"La carretera a Pinal de Amoles ser\u00e1 reabierta el jueves tras derrumbe | Nexo Informativo Santiago de Quer\u00e9taro","og_description":"La carretera a Pinal de Amoles ser\u00e1 reabierta el jueves tras derrumbe","og_url":"https:\/\/www.nexoinformativo.mx\/index.php\/2024\/09\/17\/la-carretera-a-pinal-de-amoles-sera-reabierta-el-jueves-tras-derrumbe\/","og_site_name":"Nexo Informativo Santiago de Quer\u00e9taro","article_publisher":"https:\/\/www.facebook.com\/people\/Nexo-Informativo\/61564066885511\/","article_published_time":"2024-09-17T23:46:57+00:00","article_modified_time":"2024-09-17T23:47:18+00:00","og_image":[{"width":800,"height":600,"url":"https:\/\/www.nexoinformativo.mx\/wp-content\/uploads\/2024\/09\/PHOTO-2024-09-17-14-30-17-e1726616554302.jpg","type":"image\/jpeg"}],"author":"Nexo Informativo","twitter_card":"summary_large_image","twitter_misc":{"Escrito por":"Nexo Informativo","Tiempo de lectura":"1 minuto"},"schema":{"@context":"https:\/\/schema.org","@graph":[{"@type":"Article","@id":"https:\/\/www.nexoinformativo.mx\/index.php\/2024\/09\/17\/la-carretera-a-pinal-de-amoles-sera-reabierta-el-jueves-tras-derrumbe\/#article","isPartOf":{"@id":"https:\/\/www.nexoinformativo.mx\/index.php\/2024\/09\/17\/la-carretera-a-pinal-de-amoles-sera-reabierta-el-jueves-tras-derrumbe\/"},"author":{"name":"Nexo Informativo","@id":"https:\/\/www.nexoinformativo.mx\/#\/schema\/person\/7749d380ba08c8ca00d7bc76fd907b7d"},"headline":"La carretera a Pinal de Amoles ser\u00e1 reabierta el jueves tras derrumbe","datePublished":"2024-09-17T23:46:57+00:00","dateModified":"2024-09-17T23:47:18+00:00","mainEntityOfPage":{"@id":"https:\/\/www.nexoinformativo.mx\/index.php\/2024\/09\/17\/la-carretera-a-pinal-de-amoles-sera-reabierta-el-jueves-tras-derrumbe\/"},"wordCount":193,"commentCount":0,"publisher":{"@id":"https:\/\/www.nexoinformativo.mx\/#organization"},"image":{"@id":"https:\/\/www.nexoinformativo.mx\/index.php\/2024\/09\/17\/la-carretera-a-pinal-de-amoles-sera-reabierta-el-jueves-tras-derrumbe\/#primaryimage"},"thumbnailUrl":"https:\/\/www.nexoinformativo.mx\/wp-content\/uploads\/2024\/09\/PHOTO-2024-09-17-14-30-17-e1726616554302.jpg","keywords":["CarreteraPinalDeAmoles","Derrumbe","nfraestructura","seguridadvial"],"articleSection":["Municipios"],"inLanguage":"es","potentialAction":[{"@type":"CommentAction","name":"Comment","target":["https:\/\/www.nexoinformativo.mx\/index.php\/2024\/09\/17\/la-carretera-a-pinal-de-amoles-sera-reabierta-el-jueves-tras-derrumbe\/#respond"]}]},{"@type":"WebPage","@id":"https:\/\/www.nexoinformativo.mx\/index.php\/2024\/09\/17\/la-carretera-a-pinal-de-amoles-sera-reabierta-el-jueves-tras-derrumbe\/","url":"https:\/\/www.nexoinformativo.mx\/index.php\/2024\/09\/17\/la-carretera-a-pinal-de-amoles-sera-reabierta-el-jueves-tras-derrumbe\/","name":"La carretera a Pinal de Amoles ser\u00e1 reabierta el jueves tras derrumbe | Nexo Informativo Santiago de Quer\u00e9taro","isPartOf":{"@id":"https:\/\/www.nexoinformativo.mx\/#website"},"primaryImageOfPage":{"@id":"https:\/\/www.nexoinformativo.mx\/index.php\/2024\/09\/17\/la-carretera-a-pinal-de-amoles-sera-reabierta-el-jueves-tras-derrumbe\/#primaryimage"},"image":{"@id":"https:\/\/www.nexoinformativo.mx\/index.php\/2024\/09\/17\/la-carretera-a-pinal-de-amoles-sera-reabierta-el-jueves-tras-derrumbe\/#primaryimage"},"thumbnailUrl":"https:\/\/www.nexoinformativo.mx\/wp-content\/uploads\/2024\/09\/PHOTO-2024-09-17-14-30-17-e1726616554302.jpg","datePublished":"2024-09-17T23:46:57+00:00","dateModified":"2024-09-17T23:47:18+00:00","description":"La carretera a Pinal de Amoles ser\u00e1 reabierta el jueves tras derrumbe","breadcrumb":{"@id":"https:\/\/www.nexoinformativo.mx\/index.php\/2024\/09\/17\/la-carretera-a-pinal-de-amoles-sera-reabierta-el-jueves-tras-derrumbe\/#breadcrumb"},"inLanguage":"es","potentialAction":[{"@type":"ReadAction","target":["https:\/\/www.nexoinformativo.mx\/index.php\/2024\/09\/17\/la-carretera-a-pinal-de-amoles-sera-reabierta-el-jueves-tras-derrumbe\/"]}]},{"@type":"ImageObject","inLanguage":"es","@id":"https:\/\/www.nexoinformativo.mx\/index.php\/2024\/09\/17\/la-carretera-a-pinal-de-amoles-sera-reabierta-el-jueves-tras-derrumbe\/#primaryimage","url":"https:\/\/www.nexoinformativo.mx\/wp-content\/uploads\/2024\/09\/PHOTO-2024-09-17-14-30-17-e1726616554302.jpg","contentUrl":"https:\/\/www.nexoinformativo.mx\/wp-content\/uploads\/2024\/09\/PHOTO-2024-09-17-14-30-17-e1726616554302.jpg","width":800,"height":600},{"@type":"BreadcrumbList","@id":"https:\/\/www.nexoinformativo.mx\/index.php\/2024\/09\/17\/la-carretera-a-pinal-de-amoles-sera-reabierta-el-jueves-tras-derrumbe\/#breadcrumb","itemListElement":[{"@type":"ListItem","position":1,"name":"Inicio","item":"https:\/\/www.nexoinformativo.mx\/"},{"@type":"ListItem","position":2,"name":"La carretera a Pinal de Amoles ser\u00e1 reabierta el jueves tras derrumbe"}]},{"@type":"WebSite","@id":"https:\/\/www.nexoinformativo.mx\/#website","url":"https:\/\/www.nexoinformativo.mx\/","name":"Nexo Informativo Santiago de Quer\u00e9taro","description":"Explora NexoInformativo y convi\u00e9rtete en parte de una comunidad que valora el conocimiento y la verdad. Tu nexoinformativo es tu puente hacia una comprensi\u00f3n m\u00e1s profunda del mundo que te rodea.","publisher":{"@id":"https:\/\/www.nexoinformativo.mx\/#organization"},"potentialAction":[{"@type":"SearchAction","target":{"@type":"EntryPoint","urlTemplate":"https:\/\/www.nexoinformativo.mx\/?s={search_term_string}"},"query-input":{"@type":"PropertyValueSpecification","valueRequired":true,"valueName":"search_term_string"}}],"inLanguage":"es"},{"@type":"Organization","@id":"https:\/\/www.nexoinformativo.mx\/#organization","name":"Nexo Informativo Santiago de Quer\u00e9taro","url":"https:\/\/www.nexoinformativo.mx\/","logo":{"@type":"ImageObject","inLanguage":"es","@id":"https:\/\/www.nexoinformativo.mx\/#\/schema\/logo\/image\/","url":"https:\/\/www.nexoinformativo.mx\/wp-content\/uploads\/2024\/07\/nexoi-trasparente-2.png","contentUrl":"https:\/\/www.nexoinformativo.mx\/wp-content\/uploads\/2024\/07\/nexoi-trasparente-2.png","width":816,"height":339,"caption":"Nexo Informativo Santiago de Quer\u00e9taro"},"image":{"@id":"https:\/\/www.nexoinformativo.mx\/#\/schema\/logo\/image\/"},"sameAs":["https:\/\/www.facebook.com\/people\/Nexo-Informativo\/61564066885511\/"]},{"@type":"Person","@id":"https:\/\/www.nexoinformativo.mx\/#\/schema\/person\/7749d380ba08c8ca00d7bc76fd907b7d","name":"Nexo Informativo","image":{"@type":"ImageObject","inLanguage":"es","@id":"https:\/\/www.nexoinformativo.mx\/#\/schema\/person\/image\/","url":"https:\/\/secure.gravatar.com\/avatar\/dde2928154642a13d95f87ddf1ea9718fe2b46760a005c53e41ff5ad610704e6?s=96&d=mm&r=g","contentUrl":"https:\/\/secure.gravatar.com\/avatar\/dde2928154642a13d95f87ddf1ea9718fe2b46760a005c53e41ff5ad610704e6?s=96&d=mm&r=g","caption":"Nexo Informativo"},"url":"https:\/\/www.nexoinformativo.mx\/index.php\/author\/edicion\/"}]}},"_links":{"self":[{"href":"https:\/\/www.nexoinformativo.mx\/index.php\/wp-json\/wp\/v2\/posts\/2003","targetHints":{"allow":["GET"]}}],"collection":[{"href":"https:\/\/www.nexoinformativo.mx\/index.php\/wp-json\/wp\/v2\/posts"}],"about":[{"href":"https:\/\/www.nexoinformativo.mx\/index.php\/wp-json\/wp\/v2\/types\/post"}],"author":[{"embeddable":true,"href":"https:\/\/www.nexoinformativo.mx\/index.php\/wp-json\/wp\/v2\/users\/3"}],"replies":[{"embeddable":true,"href":"https:\/\/www.nexoinformativo.mx\/index.php\/wp-json\/wp\/v2\/comments?post=2003"}],"version-history":[{"count":3,"href":"https:\/\/www.nexoinformativo.mx\/index.php\/wp-json\/wp\/v2\/posts\/2003\/revisions"}],"predecessor-version":[{"id":2006,"href":"https:\/\/www.nexoinformativo.mx\/index.php\/wp-json\/wp\/v2\/posts\/2003\/revisions\/2006"}],"wp:featuredmedia":[{"embeddable":true,"href":"https:\/\/www.nexoinformativo.mx\/index.php\/wp-json\/wp\/v2\/media\/2004"}],"wp:attachment":[{"href":"https:\/\/www.nexoinformativo.mx\/index.php\/wp-json\/wp\/v2\/media?parent=2003"}],"wp:term":[{"taxonomy":"category","embeddable":true,"href":"https:\/\/www.nexoinformativo.mx\/index.php\/wp-json\/wp\/v2\/categories?post=2003"},{"taxonomy":"post_tag","embeddable":true,"href":"https:\/\/www.nexoinformativo.mx\/index.php\/wp-json\/wp\/v2\/tags?post=2003"}],"curies":[{"name":"wp","href":"https:\/\/api.w.org\/{rel}","templated":true}]}}