{"id":2045,"date":"2024-09-18T09:30:02","date_gmt":"2024-09-18T15:30:02","guid":{"rendered":"https:\/\/www.nexoinformativo.mx\/?p=2045"},"modified":"2024-09-18T12:26:29","modified_gmt":"2024-09-18T18:26:29","slug":"se-reabre-la-carretera-federal-120-san-juan-del-rio-xilitla","status":"publish","type":"post","link":"https:\/\/www.nexoinformativo.mx\/index.php\/2024\/09\/18\/se-reabre-la-carretera-federal-120-san-juan-del-rio-xilitla\/","title":{"rendered":"Se reabre la carretera federal 120 San Juan del R\u00edo \u2013 Xilitla"},"content":{"rendered":"<p style=\"text-align: justify;\" data-sourcepos=\"5:1-5:168\">Despu\u00e9s de varios d\u00edas de intenso trabajo, las autoridades de Quer\u00e9taro han logrado restablecer la circulaci\u00f3n vehicular en su totalidad sobre la carretera federal 120, que conecta San Juan del R\u00edo con Xilitla. El deslave ocasionado por las recientes lluvias, el cual obstru\u00eda el paso, ha sido completamente removido.<\/p>\n<p>&nbsp;<\/p>\n<p style=\"text-align: justify;\" data-sourcepos=\"7:1-7:92\">Gracias a la coordinaci\u00f3n de esfuerzos entre la Coordinaci\u00f3n Estatal de Protecci\u00f3n Civil, la Comisi\u00f3n Estatal de Infraestructura, autoridades municipales y cuerpos de seguridad, lograr\u00f3n retirar m\u00e1s de 6,800 metros c\u00fabicos de tierra y rocas que hab\u00edan obstruido la v\u00eda.<\/p>\n<p>&nbsp;<\/p>\n<p style=\"text-align: justify;\" data-sourcepos=\"16:1-16:41\">Recomendaciones para conductores:<\/p>\n<p data-sourcepos=\"16:1-16:41\">\n<ul style=\"text-align: justify;\" data-sourcepos=\"18:1-20:0\">\n<li data-sourcepos=\"18:1-18:167\">Conducir con precauci\u00f3n: A pesar de que la carretera ya est\u00e1 abierta, se recomienda a los conductores manejar a la defensiva y respetar los l\u00edmites de velocidad.<\/li>\n<li data-sourcepos=\"19:1-20:0\">Reportar cualquier incidente: En caso de observar alguna situaci\u00f3n de riesgo, comunicarse de inmediato al n\u00famero de emergencias 9-1-1.&nbsp;\n<p style=\"text-align: justify;\" data-sourcepos=\"21:1-21:59\">Con la reapertura de esta v\u00eda de comunicaci\u00f3n, se facilita la movilidad de personas y mercanc\u00edas entre las regiones de San Juan del R\u00edo y Xilitla, reactivando la econom\u00eda local.<\/p>\n<\/li>\n<\/ul>\n","protected":false},"excerpt":{"rendered":"<p>Despu\u00e9s de varios d\u00edas de intenso trabajo, las autoridades de Quer\u00e9taro han logrado restablecer la circulaci\u00f3n vehicular en su totalidad sobre la carretera federal 120, que conecta San Juan del R\u00edo con Xilitla.<\/p>\n","protected":false},"author":3,"featured_media":2047,"comment_status":"open","ping_status":"open","sticky":false,"template":"","format":"standard","meta":{"footnotes":""},"categories":[65,58],"tags":[757,154,133,151],"class_list":["post-2045","post","type-post","status-publish","format-standard","has-post-thumbnail","hentry","category-municipios","category-ultima-hora","tag-carreteraabierta","tag-proteccioncivil","tag-queretaro","tag-seguridadvial"],"yoast_head":"<!-- This site is optimized with the Yoast SEO plugin v25.0 - https:\/\/yoast.com\/wordpress\/plugins\/seo\/ -->\n<title>Se reabre la carretera federal 120 San Juan del R\u00edo \u2013 Xilitla | Nexo Informativo Santiago de Quer\u00e9taro<\/title>\n<meta name=\"description\" content=\"Se reabre la carretera federal 120 San Juan del R\u00edo \u2013 Xilitla\" \/>\n<meta name=\"robots\" content=\"index, follow, max-snippet:-1, max-image-preview:large, max-video-preview:-1\" \/>\n<link rel=\"canonical\" href=\"https:\/\/www.nexoinformativo.mx\/index.php\/2024\/09\/18\/se-reabre-la-carretera-federal-120-san-juan-del-rio-xilitla\/\" \/>\n<meta property=\"og:locale\" content=\"es_MX\" \/>\n<meta property=\"og:type\" content=\"article\" \/>\n<meta property=\"og:title\" content=\"Se reabre la carretera federal 120 San Juan del R\u00edo \u2013 Xilitla | Nexo Informativo Santiago de Quer\u00e9taro\" \/>\n<meta property=\"og:description\" content=\"Se reabre la carretera federal 120 San Juan del R\u00edo \u2013 Xilitla\" \/>\n<meta property=\"og:url\" content=\"https:\/\/www.nexoinformativo.mx\/index.php\/2024\/09\/18\/se-reabre-la-carretera-federal-120-san-juan-del-rio-xilitla\/\" \/>\n<meta property=\"og:site_name\" content=\"Nexo Informativo Santiago de Quer\u00e9taro\" \/>\n<meta property=\"article:publisher\" content=\"https:\/\/www.facebook.com\/people\/Nexo-Informativo\/61564066885511\/\" \/>\n<meta property=\"article:published_time\" content=\"2024-09-18T15:30:02+00:00\" \/>\n<meta property=\"article:modified_time\" content=\"2024-09-18T18:26:29+00:00\" \/>\n<meta property=\"og:image\" content=\"https:\/\/www.nexoinformativo.mx\/wp-content\/uploads\/2024\/09\/PHOTO-2024-09-18-11-34-05-e1726682808327.jpg\" \/>\n\t<meta property=\"og:image:width\" content=\"800\" \/>\n\t<meta property=\"og:image:height\" content=\"1063\" \/>\n\t<meta property=\"og:image:type\" content=\"image\/jpeg\" \/>\n<meta name=\"author\" content=\"Nexo Informativo\" \/>\n<meta name=\"twitter:card\" content=\"summary_large_image\" \/>\n<meta name=\"twitter:label1\" content=\"Escrito por\" \/>\n\t<meta name=\"twitter:data1\" content=\"Nexo Informativo\" \/>\n\t<meta name=\"twitter:label2\" content=\"Tiempo de lectura\" \/>\n\t<meta name=\"twitter:data2\" content=\"1 minuto\" \/>\n<script type=\"application\/ld+json\" class=\"yoast-schema-graph\">{\"@context\":\"https:\/\/schema.org\",\"@graph\":[{\"@type\":\"Article\",\"@id\":\"https:\/\/www.nexoinformativo.mx\/index.php\/2024\/09\/18\/se-reabre-la-carretera-federal-120-san-juan-del-rio-xilitla\/#article\",\"isPartOf\":{\"@id\":\"https:\/\/www.nexoinformativo.mx\/index.php\/2024\/09\/18\/se-reabre-la-carretera-federal-120-san-juan-del-rio-xilitla\/\"},\"author\":{\"name\":\"Nexo Informativo\",\"@id\":\"https:\/\/www.nexoinformativo.mx\/#\/schema\/person\/7749d380ba08c8ca00d7bc76fd907b7d\"},\"headline\":\"Se reabre la carretera federal 120 San Juan del R\u00edo \u2013 Xilitla\",\"datePublished\":\"2024-09-18T15:30:02+00:00\",\"dateModified\":\"2024-09-18T18:26:29+00:00\",\"mainEntityOfPage\":{\"@id\":\"https:\/\/www.nexoinformativo.mx\/index.php\/2024\/09\/18\/se-reabre-la-carretera-federal-120-san-juan-del-rio-xilitla\/\"},\"wordCount\":205,\"commentCount\":0,\"publisher\":{\"@id\":\"https:\/\/www.nexoinformativo.mx\/#organization\"},\"image\":{\"@id\":\"https:\/\/www.nexoinformativo.mx\/index.php\/2024\/09\/18\/se-reabre-la-carretera-federal-120-san-juan-del-rio-xilitla\/#primaryimage\"},\"thumbnailUrl\":\"https:\/\/www.nexoinformativo.mx\/wp-content\/uploads\/2024\/09\/PHOTO-2024-09-18-11-34-05-e1726682808327.jpg\",\"keywords\":[\"CarreteraAbierta\",\"proteccioncivil\",\"Quer\u00e9taro\",\"seguridadvial\"],\"articleSection\":[\"Municipios\",\"\u00daltima Hora\"],\"inLanguage\":\"es\",\"potentialAction\":[{\"@type\":\"CommentAction\",\"name\":\"Comment\",\"target\":[\"https:\/\/www.nexoinformativo.mx\/index.php\/2024\/09\/18\/se-reabre-la-carretera-federal-120-san-juan-del-rio-xilitla\/#respond\"]}]},{\"@type\":\"WebPage\",\"@id\":\"https:\/\/www.nexoinformativo.mx\/index.php\/2024\/09\/18\/se-reabre-la-carretera-federal-120-san-juan-del-rio-xilitla\/\",\"url\":\"https:\/\/www.nexoinformativo.mx\/index.php\/2024\/09\/18\/se-reabre-la-carretera-federal-120-san-juan-del-rio-xilitla\/\",\"name\":\"Se reabre la carretera federal 120 San Juan del R\u00edo \u2013 Xilitla | Nexo Informativo Santiago de Quer\u00e9taro\",\"isPartOf\":{\"@id\":\"https:\/\/www.nexoinformativo.mx\/#website\"},\"primaryImageOfPage\":{\"@id\":\"https:\/\/www.nexoinformativo.mx\/index.php\/2024\/09\/18\/se-reabre-la-carretera-federal-120-san-juan-del-rio-xilitla\/#primaryimage\"},\"image\":{\"@id\":\"https:\/\/www.nexoinformativo.mx\/index.php\/2024\/09\/18\/se-reabre-la-carretera-federal-120-san-juan-del-rio-xilitla\/#primaryimage\"},\"thumbnailUrl\":\"https:\/\/www.nexoinformativo.mx\/wp-content\/uploads\/2024\/09\/PHOTO-2024-09-18-11-34-05-e1726682808327.jpg\",\"datePublished\":\"2024-09-18T15:30:02+00:00\",\"dateModified\":\"2024-09-18T18:26:29+00:00\",\"description\":\"Se reabre la carretera federal 120 San Juan del R\u00edo \u2013 Xilitla\",\"breadcrumb\":{\"@id\":\"https:\/\/www.nexoinformativo.mx\/index.php\/2024\/09\/18\/se-reabre-la-carretera-federal-120-san-juan-del-rio-xilitla\/#breadcrumb\"},\"inLanguage\":\"es\",\"potentialAction\":[{\"@type\":\"ReadAction\",\"target\":[\"https:\/\/www.nexoinformativo.mx\/index.php\/2024\/09\/18\/se-reabre-la-carretera-federal-120-san-juan-del-rio-xilitla\/\"]}]},{\"@type\":\"ImageObject\",\"inLanguage\":\"es\",\"@id\":\"https:\/\/www.nexoinformativo.mx\/index.php\/2024\/09\/18\/se-reabre-la-carretera-federal-120-san-juan-del-rio-xilitla\/#primaryimage\",\"url\":\"https:\/\/www.nexoinformativo.mx\/wp-content\/uploads\/2024\/09\/PHOTO-2024-09-18-11-34-05-e1726682808327.jpg\",\"contentUrl\":\"https:\/\/www.nexoinformativo.mx\/wp-content\/uploads\/2024\/09\/PHOTO-2024-09-18-11-34-05-e1726682808327.jpg\",\"width\":800,\"height\":1063},{\"@type\":\"BreadcrumbList\",\"@id\":\"https:\/\/www.nexoinformativo.mx\/index.php\/2024\/09\/18\/se-reabre-la-carretera-federal-120-san-juan-del-rio-xilitla\/#breadcrumb\",\"itemListElement\":[{\"@type\":\"ListItem\",\"position\":1,\"name\":\"Inicio\",\"item\":\"https:\/\/www.nexoinformativo.mx\/\"},{\"@type\":\"ListItem\",\"position\":2,\"name\":\"Se reabre la carretera federal 120 San Juan del R\u00edo \u2013 Xilitla\"}]},{\"@type\":\"WebSite\",\"@id\":\"https:\/\/www.nexoinformativo.mx\/#website\",\"url\":\"https:\/\/www.nexoinformativo.mx\/\",\"name\":\"Nexo Informativo Santiago de Quer\u00e9taro\",\"description\":\"Explora NexoInformativo y convi\u00e9rtete en parte de una comunidad que valora el conocimiento y la verdad. Tu nexoinformativo es tu puente hacia una comprensi\u00f3n m\u00e1s profunda del mundo que te rodea.\",\"publisher\":{\"@id\":\"https:\/\/www.nexoinformativo.mx\/#organization\"},\"potentialAction\":[{\"@type\":\"SearchAction\",\"target\":{\"@type\":\"EntryPoint\",\"urlTemplate\":\"https:\/\/www.nexoinformativo.mx\/?s={search_term_string}\"},\"query-input\":{\"@type\":\"PropertyValueSpecification\",\"valueRequired\":true,\"valueName\":\"search_term_string\"}}],\"inLanguage\":\"es\"},{\"@type\":\"Organization\",\"@id\":\"https:\/\/www.nexoinformativo.mx\/#organization\",\"name\":\"Nexo Informativo Santiago de Quer\u00e9taro\",\"url\":\"https:\/\/www.nexoinformativo.mx\/\",\"logo\":{\"@type\":\"ImageObject\",\"inLanguage\":\"es\",\"@id\":\"https:\/\/www.nexoinformativo.mx\/#\/schema\/logo\/image\/\",\"url\":\"https:\/\/www.nexoinformativo.mx\/wp-content\/uploads\/2024\/07\/nexoi-trasparente-2.png\",\"contentUrl\":\"https:\/\/www.nexoinformativo.mx\/wp-content\/uploads\/2024\/07\/nexoi-trasparente-2.png\",\"width\":816,\"height\":339,\"caption\":\"Nexo Informativo Santiago de Quer\u00e9taro\"},\"image\":{\"@id\":\"https:\/\/www.nexoinformativo.mx\/#\/schema\/logo\/image\/\"},\"sameAs\":[\"https:\/\/www.facebook.com\/people\/Nexo-Informativo\/61564066885511\/\"]},{\"@type\":\"Person\",\"@id\":\"https:\/\/www.nexoinformativo.mx\/#\/schema\/person\/7749d380ba08c8ca00d7bc76fd907b7d\",\"name\":\"Nexo Informativo\",\"image\":{\"@type\":\"ImageObject\",\"inLanguage\":\"es\",\"@id\":\"https:\/\/www.nexoinformativo.mx\/#\/schema\/person\/image\/\",\"url\":\"https:\/\/secure.gravatar.com\/avatar\/dde2928154642a13d95f87ddf1ea9718fe2b46760a005c53e41ff5ad610704e6?s=96&d=mm&r=g\",\"contentUrl\":\"https:\/\/secure.gravatar.com\/avatar\/dde2928154642a13d95f87ddf1ea9718fe2b46760a005c53e41ff5ad610704e6?s=96&d=mm&r=g\",\"caption\":\"Nexo Informativo\"},\"url\":\"https:\/\/www.nexoinformativo.mx\/index.php\/author\/edicion\/\"}]}<\/script>\n<!-- \/ Yoast SEO plugin. -->","yoast_head_json":{"title":"Se reabre la carretera federal 120 San Juan del R\u00edo \u2013 Xilitla | Nexo Informativo Santiago de Quer\u00e9taro","description":"Se reabre la carretera federal 120 San Juan del R\u00edo \u2013 Xilitla","robots":{"index":"index","follow":"follow","max-snippet":"max-snippet:-1","max-image-preview":"max-image-preview:large","max-video-preview":"max-video-preview:-1"},"canonical":"https:\/\/www.nexoinformativo.mx\/index.php\/2024\/09\/18\/se-reabre-la-carretera-federal-120-san-juan-del-rio-xilitla\/","og_locale":"es_MX","og_type":"article","og_title":"Se reabre la carretera federal 120 San Juan del R\u00edo \u2013 Xilitla | Nexo Informativo Santiago de Quer\u00e9taro","og_description":"Se reabre la carretera federal 120 San Juan del R\u00edo \u2013 Xilitla","og_url":"https:\/\/www.nexoinformativo.mx\/index.php\/2024\/09\/18\/se-reabre-la-carretera-federal-120-san-juan-del-rio-xilitla\/","og_site_name":"Nexo Informativo Santiago de Quer\u00e9taro","article_publisher":"https:\/\/www.facebook.com\/people\/Nexo-Informativo\/61564066885511\/","article_published_time":"2024-09-18T15:30:02+00:00","article_modified_time":"2024-09-18T18:26:29+00:00","og_image":[{"width":800,"height":1063,"url":"https:\/\/www.nexoinformativo.mx\/wp-content\/uploads\/2024\/09\/PHOTO-2024-09-18-11-34-05-e1726682808327.jpg","type":"image\/jpeg"}],"author":"Nexo Informativo","twitter_card":"summary_large_image","twitter_misc":{"Escrito por":"Nexo Informativo","Tiempo de lectura":"1 minuto"},"schema":{"@context":"https:\/\/schema.org","@graph":[{"@type":"Article","@id":"https:\/\/www.nexoinformativo.mx\/index.php\/2024\/09\/18\/se-reabre-la-carretera-federal-120-san-juan-del-rio-xilitla\/#article","isPartOf":{"@id":"https:\/\/www.nexoinformativo.mx\/index.php\/2024\/09\/18\/se-reabre-la-carretera-federal-120-san-juan-del-rio-xilitla\/"},"author":{"name":"Nexo Informativo","@id":"https:\/\/www.nexoinformativo.mx\/#\/schema\/person\/7749d380ba08c8ca00d7bc76fd907b7d"},"headline":"Se reabre la carretera federal 120 San Juan del R\u00edo \u2013 Xilitla","datePublished":"2024-09-18T15:30:02+00:00","dateModified":"2024-09-18T18:26:29+00:00","mainEntityOfPage":{"@id":"https:\/\/www.nexoinformativo.mx\/index.php\/2024\/09\/18\/se-reabre-la-carretera-federal-120-san-juan-del-rio-xilitla\/"},"wordCount":205,"commentCount":0,"publisher":{"@id":"https:\/\/www.nexoinformativo.mx\/#organization"},"image":{"@id":"https:\/\/www.nexoinformativo.mx\/index.php\/2024\/09\/18\/se-reabre-la-carretera-federal-120-san-juan-del-rio-xilitla\/#primaryimage"},"thumbnailUrl":"https:\/\/www.nexoinformativo.mx\/wp-content\/uploads\/2024\/09\/PHOTO-2024-09-18-11-34-05-e1726682808327.jpg","keywords":["CarreteraAbierta","proteccioncivil","Quer\u00e9taro","seguridadvial"],"articleSection":["Municipios","\u00daltima Hora"],"inLanguage":"es","potentialAction":[{"@type":"CommentAction","name":"Comment","target":["https:\/\/www.nexoinformativo.mx\/index.php\/2024\/09\/18\/se-reabre-la-carretera-federal-120-san-juan-del-rio-xilitla\/#respond"]}]},{"@type":"WebPage","@id":"https:\/\/www.nexoinformativo.mx\/index.php\/2024\/09\/18\/se-reabre-la-carretera-federal-120-san-juan-del-rio-xilitla\/","url":"https:\/\/www.nexoinformativo.mx\/index.php\/2024\/09\/18\/se-reabre-la-carretera-federal-120-san-juan-del-rio-xilitla\/","name":"Se reabre la carretera federal 120 San Juan del R\u00edo \u2013 Xilitla | Nexo Informativo Santiago de Quer\u00e9taro","isPartOf":{"@id":"https:\/\/www.nexoinformativo.mx\/#website"},"primaryImageOfPage":{"@id":"https:\/\/www.nexoinformativo.mx\/index.php\/2024\/09\/18\/se-reabre-la-carretera-federal-120-san-juan-del-rio-xilitla\/#primaryimage"},"image":{"@id":"https:\/\/www.nexoinformativo.mx\/index.php\/2024\/09\/18\/se-reabre-la-carretera-federal-120-san-juan-del-rio-xilitla\/#primaryimage"},"thumbnailUrl":"https:\/\/www.nexoinformativo.mx\/wp-content\/uploads\/2024\/09\/PHOTO-2024-09-18-11-34-05-e1726682808327.jpg","datePublished":"2024-09-18T15:30:02+00:00","dateModified":"2024-09-18T18:26:29+00:00","description":"Se reabre la carretera federal 120 San Juan del R\u00edo \u2013 Xilitla","breadcrumb":{"@id":"https:\/\/www.nexoinformativo.mx\/index.php\/2024\/09\/18\/se-reabre-la-carretera-federal-120-san-juan-del-rio-xilitla\/#breadcrumb"},"inLanguage":"es","potentialAction":[{"@type":"ReadAction","target":["https:\/\/www.nexoinformativo.mx\/index.php\/2024\/09\/18\/se-reabre-la-carretera-federal-120-san-juan-del-rio-xilitla\/"]}]},{"@type":"ImageObject","inLanguage":"es","@id":"https:\/\/www.nexoinformativo.mx\/index.php\/2024\/09\/18\/se-reabre-la-carretera-federal-120-san-juan-del-rio-xilitla\/#primaryimage","url":"https:\/\/www.nexoinformativo.mx\/wp-content\/uploads\/2024\/09\/PHOTO-2024-09-18-11-34-05-e1726682808327.jpg","contentUrl":"https:\/\/www.nexoinformativo.mx\/wp-content\/uploads\/2024\/09\/PHOTO-2024-09-18-11-34-05-e1726682808327.jpg","width":800,"height":1063},{"@type":"BreadcrumbList","@id":"https:\/\/www.nexoinformativo.mx\/index.php\/2024\/09\/18\/se-reabre-la-carretera-federal-120-san-juan-del-rio-xilitla\/#breadcrumb","itemListElement":[{"@type":"ListItem","position":1,"name":"Inicio","item":"https:\/\/www.nexoinformativo.mx\/"},{"@type":"ListItem","position":2,"name":"Se reabre la carretera federal 120 San Juan del R\u00edo \u2013 Xilitla"}]},{"@type":"WebSite","@id":"https:\/\/www.nexoinformativo.mx\/#website","url":"https:\/\/www.nexoinformativo.mx\/","name":"Nexo Informativo Santiago de Quer\u00e9taro","description":"Explora NexoInformativo y convi\u00e9rtete en parte de una comunidad que valora el conocimiento y la verdad. Tu nexoinformativo es tu puente hacia una comprensi\u00f3n m\u00e1s profunda del mundo que te rodea.","publisher":{"@id":"https:\/\/www.nexoinformativo.mx\/#organization"},"potentialAction":[{"@type":"SearchAction","target":{"@type":"EntryPoint","urlTemplate":"https:\/\/www.nexoinformativo.mx\/?s={search_term_string}"},"query-input":{"@type":"PropertyValueSpecification","valueRequired":true,"valueName":"search_term_string"}}],"inLanguage":"es"},{"@type":"Organization","@id":"https:\/\/www.nexoinformativo.mx\/#organization","name":"Nexo Informativo Santiago de Quer\u00e9taro","url":"https:\/\/www.nexoinformativo.mx\/","logo":{"@type":"ImageObject","inLanguage":"es","@id":"https:\/\/www.nexoinformativo.mx\/#\/schema\/logo\/image\/","url":"https:\/\/www.nexoinformativo.mx\/wp-content\/uploads\/2024\/07\/nexoi-trasparente-2.png","contentUrl":"https:\/\/www.nexoinformativo.mx\/wp-content\/uploads\/2024\/07\/nexoi-trasparente-2.png","width":816,"height":339,"caption":"Nexo Informativo Santiago de Quer\u00e9taro"},"image":{"@id":"https:\/\/www.nexoinformativo.mx\/#\/schema\/logo\/image\/"},"sameAs":["https:\/\/www.facebook.com\/people\/Nexo-Informativo\/61564066885511\/"]},{"@type":"Person","@id":"https:\/\/www.nexoinformativo.mx\/#\/schema\/person\/7749d380ba08c8ca00d7bc76fd907b7d","name":"Nexo Informativo","image":{"@type":"ImageObject","inLanguage":"es","@id":"https:\/\/www.nexoinformativo.mx\/#\/schema\/person\/image\/","url":"https:\/\/secure.gravatar.com\/avatar\/dde2928154642a13d95f87ddf1ea9718fe2b46760a005c53e41ff5ad610704e6?s=96&d=mm&r=g","contentUrl":"https:\/\/secure.gravatar.com\/avatar\/dde2928154642a13d95f87ddf1ea9718fe2b46760a005c53e41ff5ad610704e6?s=96&d=mm&r=g","caption":"Nexo Informativo"},"url":"https:\/\/www.nexoinformativo.mx\/index.php\/author\/edicion\/"}]}},"_links":{"self":[{"href":"https:\/\/www.nexoinformativo.mx\/index.php\/wp-json\/wp\/v2\/posts\/2045","targetHints":{"allow":["GET"]}}],"collection":[{"href":"https:\/\/www.nexoinformativo.mx\/index.php\/wp-json\/wp\/v2\/posts"}],"about":[{"href":"https:\/\/www.nexoinformativo.mx\/index.php\/wp-json\/wp\/v2\/types\/post"}],"author":[{"embeddable":true,"href":"https:\/\/www.nexoinformativo.mx\/index.php\/wp-json\/wp\/v2\/users\/3"}],"replies":[{"embeddable":true,"href":"https:\/\/www.nexoinformativo.mx\/index.php\/wp-json\/wp\/v2\/comments?post=2045"}],"version-history":[{"count":11,"href":"https:\/\/www.nexoinformativo.mx\/index.php\/wp-json\/wp\/v2\/posts\/2045\/revisions"}],"predecessor-version":[{"id":2067,"href":"https:\/\/www.nexoinformativo.mx\/index.php\/wp-json\/wp\/v2\/posts\/2045\/revisions\/2067"}],"wp:featuredmedia":[{"embeddable":true,"href":"https:\/\/www.nexoinformativo.mx\/index.php\/wp-json\/wp\/v2\/media\/2047"}],"wp:attachment":[{"href":"https:\/\/www.nexoinformativo.mx\/index.php\/wp-json\/wp\/v2\/media?parent=2045"}],"wp:term":[{"taxonomy":"category","embeddable":true,"href":"https:\/\/www.nexoinformativo.mx\/index.php\/wp-json\/wp\/v2\/categories?post=2045"},{"taxonomy":"post_tag","embeddable":true,"href":"https:\/\/www.nexoinformativo.mx\/index.php\/wp-json\/wp\/v2\/tags?post=2045"}],"curies":[{"name":"wp","href":"https:\/\/api.w.org\/{rel}","templated":true}]}}