{"id":2077,"date":"2024-09-18T12:00:19","date_gmt":"2024-09-18T18:00:19","guid":{"rendered":"https:\/\/www.nexoinformativo.mx\/?p=2077"},"modified":"2024-09-18T13:24:22","modified_gmt":"2024-09-18T19:24:22","slug":"san-juan-del-rio-refuerza-coordinacion-para-manejar-emergencias-por-lluvias","status":"publish","type":"post","link":"https:\/\/www.nexoinformativo.mx\/index.php\/2024\/09\/18\/san-juan-del-rio-refuerza-coordinacion-para-manejar-emergencias-por-lluvias\/","title":{"rendered":"San Juan del R\u00edo Refuerza Coordinaci\u00f3n para Manejar Emergencias por Lluvias"},"content":{"rendered":"<p style=\"text-align: justify;\">El secretario de Seguridad P\u00fablica de San Juan del R\u00edo, \u00c1ngel Rangel Nieves, anunci\u00f3 una robusta coordinaci\u00f3n con autoridades estatales y federales para enfrentar posibles emergencias durante la temporada de lluvias. Este esfuerzo busca mitigar los riesgos asociados a los escurrimientos provenientes del Estado de M\u00e9xico e Hidalgo.<\/p>\n<p>&nbsp;<\/p>\n<p style=\"text-align: justify;\">Durante una reciente reuni\u00f3n, se discuti\u00f3 la creaci\u00f3n de un protocolo espec\u00edfico para la atenci\u00f3n de reportes relacionados con c\u00e1rcamos y cuerpos de agua. Adem\u00e1s, se planifica la habilitaci\u00f3n de albergues en caso de ser necesario evacuar familias afectadas. El municipio tambi\u00e9n cuenta con un espacio disponible para usar como refugio temporal y realiza recorridos en zonas de drenes para garantizar la seguridad de los residentes.<\/p>\n<p>&nbsp;<\/p>\n<p style=\"text-align: justify;\">El gobierno estatal ha proporcionado equipamiento adicional, como bombas extractoras, para apoyar la gesti\u00f3n de emergencias. Con estas medidas, San Juan del R\u00edo refuerza su capacidad para enfrentar cualquier contingencia relacionada con las lluvias, resguardando la seguridad y bienestar de los ciudadanos.<\/p>\n","protected":false},"excerpt":{"rendered":"<p>El secretario de Seguridad P\u00fablica de San Juan del R\u00edo, \u00c1ngel Rangel Nieves, anunci\u00f3 una robusta coordinaci\u00f3n con autoridades estatales y federales para enfrentar posibles emergencias durante la temporada de lluvias.<\/p>\n","protected":false},"author":3,"featured_media":2079,"comment_status":"open","ping_status":"open","sticky":false,"template":"","format":"standard","meta":{"footnotes":""},"categories":[65,58],"tags":[761,762,154,207],"class_list":["post-2077","post","type-post","status-publish","format-standard","has-post-thumbnail","hentry","category-municipios","category-ultima-hora","tag-coordinacionlluvias","tag-emergenciassanjuan","tag-proteccioncivil","tag-seguridadpublica"],"yoast_head":"<!-- This site is optimized with the Yoast SEO plugin v25.0 - https:\/\/yoast.com\/wordpress\/plugins\/seo\/ -->\n<title>San Juan del R\u00edo Refuerza Coordinaci\u00f3n para Manejar Emergencias por Lluvias | Nexo Informativo Santiago de Quer\u00e9taro<\/title>\n<meta name=\"description\" content=\"San Juan del R\u00edo Refuerza Coordinaci\u00f3n para Manejar Emergencias por Lluvias\" \/>\n<meta name=\"robots\" content=\"index, follow, max-snippet:-1, max-image-preview:large, max-video-preview:-1\" \/>\n<link rel=\"canonical\" href=\"https:\/\/www.nexoinformativo.mx\/index.php\/2024\/09\/18\/san-juan-del-rio-refuerza-coordinacion-para-manejar-emergencias-por-lluvias\/\" \/>\n<meta property=\"og:locale\" content=\"es_MX\" \/>\n<meta property=\"og:type\" content=\"article\" \/>\n<meta property=\"og:title\" content=\"San Juan del R\u00edo Refuerza Coordinaci\u00f3n para Manejar Emergencias por Lluvias | Nexo Informativo Santiago de Quer\u00e9taro\" \/>\n<meta property=\"og:description\" content=\"San Juan del R\u00edo Refuerza Coordinaci\u00f3n para Manejar Emergencias por Lluvias\" \/>\n<meta property=\"og:url\" content=\"https:\/\/www.nexoinformativo.mx\/index.php\/2024\/09\/18\/san-juan-del-rio-refuerza-coordinacion-para-manejar-emergencias-por-lluvias\/\" \/>\n<meta property=\"og:site_name\" content=\"Nexo Informativo Santiago de Quer\u00e9taro\" \/>\n<meta property=\"article:publisher\" content=\"https:\/\/www.facebook.com\/people\/Nexo-Informativo\/61564066885511\/\" \/>\n<meta property=\"article:published_time\" content=\"2024-09-18T18:00:19+00:00\" \/>\n<meta property=\"article:modified_time\" content=\"2024-09-18T19:24:22+00:00\" \/>\n<meta property=\"og:image\" content=\"https:\/\/www.nexoinformativo.mx\/wp-content\/uploads\/2024\/09\/unnamed-5-3-e1726687261841.jpg\" \/>\n\t<meta property=\"og:image:width\" content=\"800\" \/>\n\t<meta property=\"og:image:height\" content=\"1067\" \/>\n\t<meta property=\"og:image:type\" content=\"image\/jpeg\" \/>\n<meta name=\"author\" content=\"Nexo Informativo\" \/>\n<meta name=\"twitter:card\" content=\"summary_large_image\" \/>\n<meta name=\"twitter:label1\" content=\"Escrito por\" \/>\n\t<meta name=\"twitter:data1\" content=\"Nexo Informativo\" \/>\n\t<meta name=\"twitter:label2\" content=\"Tiempo de lectura\" \/>\n\t<meta name=\"twitter:data2\" content=\"1 minuto\" \/>\n<script type=\"application\/ld+json\" class=\"yoast-schema-graph\">{\"@context\":\"https:\/\/schema.org\",\"@graph\":[{\"@type\":\"Article\",\"@id\":\"https:\/\/www.nexoinformativo.mx\/index.php\/2024\/09\/18\/san-juan-del-rio-refuerza-coordinacion-para-manejar-emergencias-por-lluvias\/#article\",\"isPartOf\":{\"@id\":\"https:\/\/www.nexoinformativo.mx\/index.php\/2024\/09\/18\/san-juan-del-rio-refuerza-coordinacion-para-manejar-emergencias-por-lluvias\/\"},\"author\":{\"name\":\"Nexo Informativo\",\"@id\":\"https:\/\/www.nexoinformativo.mx\/#\/schema\/person\/7749d380ba08c8ca00d7bc76fd907b7d\"},\"headline\":\"San Juan del R\u00edo Refuerza Coordinaci\u00f3n para Manejar Emergencias por Lluvias\",\"datePublished\":\"2024-09-18T18:00:19+00:00\",\"dateModified\":\"2024-09-18T19:24:22+00:00\",\"mainEntityOfPage\":{\"@id\":\"https:\/\/www.nexoinformativo.mx\/index.php\/2024\/09\/18\/san-juan-del-rio-refuerza-coordinacion-para-manejar-emergencias-por-lluvias\/\"},\"wordCount\":185,\"commentCount\":0,\"publisher\":{\"@id\":\"https:\/\/www.nexoinformativo.mx\/#organization\"},\"image\":{\"@id\":\"https:\/\/www.nexoinformativo.mx\/index.php\/2024\/09\/18\/san-juan-del-rio-refuerza-coordinacion-para-manejar-emergencias-por-lluvias\/#primaryimage\"},\"thumbnailUrl\":\"https:\/\/www.nexoinformativo.mx\/wp-content\/uploads\/2024\/09\/unnamed-5-3-e1726687261841.jpg\",\"keywords\":[\"Coordinaci\u00f3nLluvias\",\"EmergenciasSanJuan\",\"proteccioncivil\",\"SeguridadP\u00fablica\"],\"articleSection\":[\"Municipios\",\"\u00daltima Hora\"],\"inLanguage\":\"es\",\"potentialAction\":[{\"@type\":\"CommentAction\",\"name\":\"Comment\",\"target\":[\"https:\/\/www.nexoinformativo.mx\/index.php\/2024\/09\/18\/san-juan-del-rio-refuerza-coordinacion-para-manejar-emergencias-por-lluvias\/#respond\"]}]},{\"@type\":\"WebPage\",\"@id\":\"https:\/\/www.nexoinformativo.mx\/index.php\/2024\/09\/18\/san-juan-del-rio-refuerza-coordinacion-para-manejar-emergencias-por-lluvias\/\",\"url\":\"https:\/\/www.nexoinformativo.mx\/index.php\/2024\/09\/18\/san-juan-del-rio-refuerza-coordinacion-para-manejar-emergencias-por-lluvias\/\",\"name\":\"San Juan del R\u00edo Refuerza Coordinaci\u00f3n para Manejar Emergencias por Lluvias | Nexo Informativo Santiago de Quer\u00e9taro\",\"isPartOf\":{\"@id\":\"https:\/\/www.nexoinformativo.mx\/#website\"},\"primaryImageOfPage\":{\"@id\":\"https:\/\/www.nexoinformativo.mx\/index.php\/2024\/09\/18\/san-juan-del-rio-refuerza-coordinacion-para-manejar-emergencias-por-lluvias\/#primaryimage\"},\"image\":{\"@id\":\"https:\/\/www.nexoinformativo.mx\/index.php\/2024\/09\/18\/san-juan-del-rio-refuerza-coordinacion-para-manejar-emergencias-por-lluvias\/#primaryimage\"},\"thumbnailUrl\":\"https:\/\/www.nexoinformativo.mx\/wp-content\/uploads\/2024\/09\/unnamed-5-3-e1726687261841.jpg\",\"datePublished\":\"2024-09-18T18:00:19+00:00\",\"dateModified\":\"2024-09-18T19:24:22+00:00\",\"description\":\"San Juan del R\u00edo Refuerza Coordinaci\u00f3n para Manejar Emergencias por Lluvias\",\"breadcrumb\":{\"@id\":\"https:\/\/www.nexoinformativo.mx\/index.php\/2024\/09\/18\/san-juan-del-rio-refuerza-coordinacion-para-manejar-emergencias-por-lluvias\/#breadcrumb\"},\"inLanguage\":\"es\",\"potentialAction\":[{\"@type\":\"ReadAction\",\"target\":[\"https:\/\/www.nexoinformativo.mx\/index.php\/2024\/09\/18\/san-juan-del-rio-refuerza-coordinacion-para-manejar-emergencias-por-lluvias\/\"]}]},{\"@type\":\"ImageObject\",\"inLanguage\":\"es\",\"@id\":\"https:\/\/www.nexoinformativo.mx\/index.php\/2024\/09\/18\/san-juan-del-rio-refuerza-coordinacion-para-manejar-emergencias-por-lluvias\/#primaryimage\",\"url\":\"https:\/\/www.nexoinformativo.mx\/wp-content\/uploads\/2024\/09\/unnamed-5-3-e1726687261841.jpg\",\"contentUrl\":\"https:\/\/www.nexoinformativo.mx\/wp-content\/uploads\/2024\/09\/unnamed-5-3-e1726687261841.jpg\",\"width\":800,\"height\":1067},{\"@type\":\"BreadcrumbList\",\"@id\":\"https:\/\/www.nexoinformativo.mx\/index.php\/2024\/09\/18\/san-juan-del-rio-refuerza-coordinacion-para-manejar-emergencias-por-lluvias\/#breadcrumb\",\"itemListElement\":[{\"@type\":\"ListItem\",\"position\":1,\"name\":\"Inicio\",\"item\":\"https:\/\/www.nexoinformativo.mx\/\"},{\"@type\":\"ListItem\",\"position\":2,\"name\":\"San Juan del R\u00edo Refuerza Coordinaci\u00f3n para Manejar Emergencias por Lluvias\"}]},{\"@type\":\"WebSite\",\"@id\":\"https:\/\/www.nexoinformativo.mx\/#website\",\"url\":\"https:\/\/www.nexoinformativo.mx\/\",\"name\":\"Nexo Informativo Santiago de Quer\u00e9taro\",\"description\":\"Explora NexoInformativo y convi\u00e9rtete en parte de una comunidad que valora el conocimiento y la verdad. Tu nexoinformativo es tu puente hacia una comprensi\u00f3n m\u00e1s profunda del mundo que te rodea.\",\"publisher\":{\"@id\":\"https:\/\/www.nexoinformativo.mx\/#organization\"},\"potentialAction\":[{\"@type\":\"SearchAction\",\"target\":{\"@type\":\"EntryPoint\",\"urlTemplate\":\"https:\/\/www.nexoinformativo.mx\/?s={search_term_string}\"},\"query-input\":{\"@type\":\"PropertyValueSpecification\",\"valueRequired\":true,\"valueName\":\"search_term_string\"}}],\"inLanguage\":\"es\"},{\"@type\":\"Organization\",\"@id\":\"https:\/\/www.nexoinformativo.mx\/#organization\",\"name\":\"Nexo Informativo Santiago de Quer\u00e9taro\",\"url\":\"https:\/\/www.nexoinformativo.mx\/\",\"logo\":{\"@type\":\"ImageObject\",\"inLanguage\":\"es\",\"@id\":\"https:\/\/www.nexoinformativo.mx\/#\/schema\/logo\/image\/\",\"url\":\"https:\/\/www.nexoinformativo.mx\/wp-content\/uploads\/2024\/07\/nexoi-trasparente-2.png\",\"contentUrl\":\"https:\/\/www.nexoinformativo.mx\/wp-content\/uploads\/2024\/07\/nexoi-trasparente-2.png\",\"width\":816,\"height\":339,\"caption\":\"Nexo Informativo Santiago de Quer\u00e9taro\"},\"image\":{\"@id\":\"https:\/\/www.nexoinformativo.mx\/#\/schema\/logo\/image\/\"},\"sameAs\":[\"https:\/\/www.facebook.com\/people\/Nexo-Informativo\/61564066885511\/\"]},{\"@type\":\"Person\",\"@id\":\"https:\/\/www.nexoinformativo.mx\/#\/schema\/person\/7749d380ba08c8ca00d7bc76fd907b7d\",\"name\":\"Nexo Informativo\",\"image\":{\"@type\":\"ImageObject\",\"inLanguage\":\"es\",\"@id\":\"https:\/\/www.nexoinformativo.mx\/#\/schema\/person\/image\/\",\"url\":\"https:\/\/secure.gravatar.com\/avatar\/dde2928154642a13d95f87ddf1ea9718fe2b46760a005c53e41ff5ad610704e6?s=96&d=mm&r=g\",\"contentUrl\":\"https:\/\/secure.gravatar.com\/avatar\/dde2928154642a13d95f87ddf1ea9718fe2b46760a005c53e41ff5ad610704e6?s=96&d=mm&r=g\",\"caption\":\"Nexo Informativo\"},\"url\":\"https:\/\/www.nexoinformativo.mx\/index.php\/author\/edicion\/\"}]}<\/script>\n<!-- \/ Yoast SEO plugin. -->","yoast_head_json":{"title":"San Juan del R\u00edo Refuerza Coordinaci\u00f3n para Manejar Emergencias por Lluvias | Nexo Informativo Santiago de Quer\u00e9taro","description":"San Juan del R\u00edo Refuerza Coordinaci\u00f3n para Manejar Emergencias por Lluvias","robots":{"index":"index","follow":"follow","max-snippet":"max-snippet:-1","max-image-preview":"max-image-preview:large","max-video-preview":"max-video-preview:-1"},"canonical":"https:\/\/www.nexoinformativo.mx\/index.php\/2024\/09\/18\/san-juan-del-rio-refuerza-coordinacion-para-manejar-emergencias-por-lluvias\/","og_locale":"es_MX","og_type":"article","og_title":"San Juan del R\u00edo Refuerza Coordinaci\u00f3n para Manejar Emergencias por Lluvias | Nexo Informativo Santiago de Quer\u00e9taro","og_description":"San Juan del R\u00edo Refuerza Coordinaci\u00f3n para Manejar Emergencias por Lluvias","og_url":"https:\/\/www.nexoinformativo.mx\/index.php\/2024\/09\/18\/san-juan-del-rio-refuerza-coordinacion-para-manejar-emergencias-por-lluvias\/","og_site_name":"Nexo Informativo Santiago de Quer\u00e9taro","article_publisher":"https:\/\/www.facebook.com\/people\/Nexo-Informativo\/61564066885511\/","article_published_time":"2024-09-18T18:00:19+00:00","article_modified_time":"2024-09-18T19:24:22+00:00","og_image":[{"width":800,"height":1067,"url":"https:\/\/www.nexoinformativo.mx\/wp-content\/uploads\/2024\/09\/unnamed-5-3-e1726687261841.jpg","type":"image\/jpeg"}],"author":"Nexo Informativo","twitter_card":"summary_large_image","twitter_misc":{"Escrito por":"Nexo Informativo","Tiempo de lectura":"1 minuto"},"schema":{"@context":"https:\/\/schema.org","@graph":[{"@type":"Article","@id":"https:\/\/www.nexoinformativo.mx\/index.php\/2024\/09\/18\/san-juan-del-rio-refuerza-coordinacion-para-manejar-emergencias-por-lluvias\/#article","isPartOf":{"@id":"https:\/\/www.nexoinformativo.mx\/index.php\/2024\/09\/18\/san-juan-del-rio-refuerza-coordinacion-para-manejar-emergencias-por-lluvias\/"},"author":{"name":"Nexo Informativo","@id":"https:\/\/www.nexoinformativo.mx\/#\/schema\/person\/7749d380ba08c8ca00d7bc76fd907b7d"},"headline":"San Juan del R\u00edo Refuerza Coordinaci\u00f3n para Manejar Emergencias por Lluvias","datePublished":"2024-09-18T18:00:19+00:00","dateModified":"2024-09-18T19:24:22+00:00","mainEntityOfPage":{"@id":"https:\/\/www.nexoinformativo.mx\/index.php\/2024\/09\/18\/san-juan-del-rio-refuerza-coordinacion-para-manejar-emergencias-por-lluvias\/"},"wordCount":185,"commentCount":0,"publisher":{"@id":"https:\/\/www.nexoinformativo.mx\/#organization"},"image":{"@id":"https:\/\/www.nexoinformativo.mx\/index.php\/2024\/09\/18\/san-juan-del-rio-refuerza-coordinacion-para-manejar-emergencias-por-lluvias\/#primaryimage"},"thumbnailUrl":"https:\/\/www.nexoinformativo.mx\/wp-content\/uploads\/2024\/09\/unnamed-5-3-e1726687261841.jpg","keywords":["Coordinaci\u00f3nLluvias","EmergenciasSanJuan","proteccioncivil","SeguridadP\u00fablica"],"articleSection":["Municipios","\u00daltima Hora"],"inLanguage":"es","potentialAction":[{"@type":"CommentAction","name":"Comment","target":["https:\/\/www.nexoinformativo.mx\/index.php\/2024\/09\/18\/san-juan-del-rio-refuerza-coordinacion-para-manejar-emergencias-por-lluvias\/#respond"]}]},{"@type":"WebPage","@id":"https:\/\/www.nexoinformativo.mx\/index.php\/2024\/09\/18\/san-juan-del-rio-refuerza-coordinacion-para-manejar-emergencias-por-lluvias\/","url":"https:\/\/www.nexoinformativo.mx\/index.php\/2024\/09\/18\/san-juan-del-rio-refuerza-coordinacion-para-manejar-emergencias-por-lluvias\/","name":"San Juan del R\u00edo Refuerza Coordinaci\u00f3n para Manejar Emergencias por Lluvias | Nexo Informativo Santiago de Quer\u00e9taro","isPartOf":{"@id":"https:\/\/www.nexoinformativo.mx\/#website"},"primaryImageOfPage":{"@id":"https:\/\/www.nexoinformativo.mx\/index.php\/2024\/09\/18\/san-juan-del-rio-refuerza-coordinacion-para-manejar-emergencias-por-lluvias\/#primaryimage"},"image":{"@id":"https:\/\/www.nexoinformativo.mx\/index.php\/2024\/09\/18\/san-juan-del-rio-refuerza-coordinacion-para-manejar-emergencias-por-lluvias\/#primaryimage"},"thumbnailUrl":"https:\/\/www.nexoinformativo.mx\/wp-content\/uploads\/2024\/09\/unnamed-5-3-e1726687261841.jpg","datePublished":"2024-09-18T18:00:19+00:00","dateModified":"2024-09-18T19:24:22+00:00","description":"San Juan del R\u00edo Refuerza Coordinaci\u00f3n para Manejar Emergencias por Lluvias","breadcrumb":{"@id":"https:\/\/www.nexoinformativo.mx\/index.php\/2024\/09\/18\/san-juan-del-rio-refuerza-coordinacion-para-manejar-emergencias-por-lluvias\/#breadcrumb"},"inLanguage":"es","potentialAction":[{"@type":"ReadAction","target":["https:\/\/www.nexoinformativo.mx\/index.php\/2024\/09\/18\/san-juan-del-rio-refuerza-coordinacion-para-manejar-emergencias-por-lluvias\/"]}]},{"@type":"ImageObject","inLanguage":"es","@id":"https:\/\/www.nexoinformativo.mx\/index.php\/2024\/09\/18\/san-juan-del-rio-refuerza-coordinacion-para-manejar-emergencias-por-lluvias\/#primaryimage","url":"https:\/\/www.nexoinformativo.mx\/wp-content\/uploads\/2024\/09\/unnamed-5-3-e1726687261841.jpg","contentUrl":"https:\/\/www.nexoinformativo.mx\/wp-content\/uploads\/2024\/09\/unnamed-5-3-e1726687261841.jpg","width":800,"height":1067},{"@type":"BreadcrumbList","@id":"https:\/\/www.nexoinformativo.mx\/index.php\/2024\/09\/18\/san-juan-del-rio-refuerza-coordinacion-para-manejar-emergencias-por-lluvias\/#breadcrumb","itemListElement":[{"@type":"ListItem","position":1,"name":"Inicio","item":"https:\/\/www.nexoinformativo.mx\/"},{"@type":"ListItem","position":2,"name":"San Juan del R\u00edo Refuerza Coordinaci\u00f3n para Manejar Emergencias por Lluvias"}]},{"@type":"WebSite","@id":"https:\/\/www.nexoinformativo.mx\/#website","url":"https:\/\/www.nexoinformativo.mx\/","name":"Nexo Informativo Santiago de Quer\u00e9taro","description":"Explora NexoInformativo y convi\u00e9rtete en parte de una comunidad que valora el conocimiento y la verdad. Tu nexoinformativo es tu puente hacia una comprensi\u00f3n m\u00e1s profunda del mundo que te rodea.","publisher":{"@id":"https:\/\/www.nexoinformativo.mx\/#organization"},"potentialAction":[{"@type":"SearchAction","target":{"@type":"EntryPoint","urlTemplate":"https:\/\/www.nexoinformativo.mx\/?s={search_term_string}"},"query-input":{"@type":"PropertyValueSpecification","valueRequired":true,"valueName":"search_term_string"}}],"inLanguage":"es"},{"@type":"Organization","@id":"https:\/\/www.nexoinformativo.mx\/#organization","name":"Nexo Informativo Santiago de Quer\u00e9taro","url":"https:\/\/www.nexoinformativo.mx\/","logo":{"@type":"ImageObject","inLanguage":"es","@id":"https:\/\/www.nexoinformativo.mx\/#\/schema\/logo\/image\/","url":"https:\/\/www.nexoinformativo.mx\/wp-content\/uploads\/2024\/07\/nexoi-trasparente-2.png","contentUrl":"https:\/\/www.nexoinformativo.mx\/wp-content\/uploads\/2024\/07\/nexoi-trasparente-2.png","width":816,"height":339,"caption":"Nexo Informativo Santiago de Quer\u00e9taro"},"image":{"@id":"https:\/\/www.nexoinformativo.mx\/#\/schema\/logo\/image\/"},"sameAs":["https:\/\/www.facebook.com\/people\/Nexo-Informativo\/61564066885511\/"]},{"@type":"Person","@id":"https:\/\/www.nexoinformativo.mx\/#\/schema\/person\/7749d380ba08c8ca00d7bc76fd907b7d","name":"Nexo Informativo","image":{"@type":"ImageObject","inLanguage":"es","@id":"https:\/\/www.nexoinformativo.mx\/#\/schema\/person\/image\/","url":"https:\/\/secure.gravatar.com\/avatar\/dde2928154642a13d95f87ddf1ea9718fe2b46760a005c53e41ff5ad610704e6?s=96&d=mm&r=g","contentUrl":"https:\/\/secure.gravatar.com\/avatar\/dde2928154642a13d95f87ddf1ea9718fe2b46760a005c53e41ff5ad610704e6?s=96&d=mm&r=g","caption":"Nexo Informativo"},"url":"https:\/\/www.nexoinformativo.mx\/index.php\/author\/edicion\/"}]}},"_links":{"self":[{"href":"https:\/\/www.nexoinformativo.mx\/index.php\/wp-json\/wp\/v2\/posts\/2077","targetHints":{"allow":["GET"]}}],"collection":[{"href":"https:\/\/www.nexoinformativo.mx\/index.php\/wp-json\/wp\/v2\/posts"}],"about":[{"href":"https:\/\/www.nexoinformativo.mx\/index.php\/wp-json\/wp\/v2\/types\/post"}],"author":[{"embeddable":true,"href":"https:\/\/www.nexoinformativo.mx\/index.php\/wp-json\/wp\/v2\/users\/3"}],"replies":[{"embeddable":true,"href":"https:\/\/www.nexoinformativo.mx\/index.php\/wp-json\/wp\/v2\/comments?post=2077"}],"version-history":[{"count":1,"href":"https:\/\/www.nexoinformativo.mx\/index.php\/wp-json\/wp\/v2\/posts\/2077\/revisions"}],"predecessor-version":[{"id":2080,"href":"https:\/\/www.nexoinformativo.mx\/index.php\/wp-json\/wp\/v2\/posts\/2077\/revisions\/2080"}],"wp:featuredmedia":[{"embeddable":true,"href":"https:\/\/www.nexoinformativo.mx\/index.php\/wp-json\/wp\/v2\/media\/2079"}],"wp:attachment":[{"href":"https:\/\/www.nexoinformativo.mx\/index.php\/wp-json\/wp\/v2\/media?parent=2077"}],"wp:term":[{"taxonomy":"category","embeddable":true,"href":"https:\/\/www.nexoinformativo.mx\/index.php\/wp-json\/wp\/v2\/categories?post=2077"},{"taxonomy":"post_tag","embeddable":true,"href":"https:\/\/www.nexoinformativo.mx\/index.php\/wp-json\/wp\/v2\/tags?post=2077"}],"curies":[{"name":"wp","href":"https:\/\/api.w.org\/{rel}","templated":true}]}}