{"id":2089,"date":"2024-09-18T17:00:13","date_gmt":"2024-09-18T23:00:13","guid":{"rendered":"https:\/\/www.nexoinformativo.mx\/?p=2089"},"modified":"2024-10-06T19:28:25","modified_gmt":"2024-10-07T01:28:25","slug":"presentacion-de-la-feria-internacional-ganadera-de-queretaro-2024-esta-lista","status":"publish","type":"post","link":"https:\/\/www.nexoinformativo.mx\/index.php\/2024\/09\/18\/presentacion-de-la-feria-internacional-ganadera-de-queretaro-2024-esta-lista\/","title":{"rendered":"Presentaci\u00f3n de La Feria Internacional Ganadera de Quer\u00e9taro 2024"},"content":{"rendered":"<p style=\"text-align: justify;\">La Feria Internacional Ganadera de Quer\u00e9taro regresa este a\u00f1o del 29 de noviembre al 15 de diciembre. Con un cartel de artistas de talla internacional y una amplia variedad de actividades para toda la familia.<\/p>\n<p>&nbsp;<\/p>\n<p>Se espera que la Feria de Quer\u00e9taro 2024 atraiga a m\u00e1s de 700 mil visitantes, generando una derrama econ\u00f3mica de 500 millones de pesos.<\/p>\n<p style=\"text-align: justify;\">El Teatro del Pueblo y el Palenque recibira a grandes exponentes de la m\u00fasica regional mexicana y pop, tales como Camilo, Banda MS, Gloria Trevi, Junior H y muchos m\u00e1s.<\/p>\n<p>&nbsp;<\/p>\n<p style=\"text-align: justify;\">Adem\u00e1s de los conciertos, la feria ofrecer\u00e1 una amplia gama de actividades para todas las edades:<\/p>\n<p>&nbsp;<\/p>\n<ul>\n<li style=\"text-align: justify;\">Zona de juegos mec\u00e1nicos: Con m\u00e1s de 30 juegos gratuitos los lunes, martes y mi\u00e9rcoles.<\/li>\n<li style=\"text-align: justify;\">Circo, casa del terror y zona infantil: Diversi\u00f3n asegurada para los m\u00e1s peque\u00f1os.<\/li>\n<li style=\"text-align: justify;\">Granja infantil: Los ni\u00f1os podr\u00e1n aprender sobre los animales y disfrutar de actividades relacionadas con la naturaleza.<\/li>\n<li style=\"text-align: justify;\">Zona comercial: Una gran variedad de productos y artesan\u00edas del estado.<\/li>\n<\/ul>\n<p>&nbsp;<\/p>\n<p style=\"text-align: justify;\">El acceso a los sanitarios ser\u00e1 gratuito y se han implementado nuevas rutas de transporte p\u00fablico para facilitar el traslado al lugar, el costo del acceso a la Feria para este a\u00f1o ser\u00e1 de $90 por persona y se podr\u00e1n adquirir en taquillas y en la plataforma <strong>boletiland.com<\/strong>, asi como el precio del\u00a0estacionamiento mantiene su precio en $100.<\/p>\n<p>&nbsp;<\/p>\n<p style=\"text-align: justify;\">Los boletos para los conciertos del Palenque de la Feria de Quer\u00e9taro 2024 estar\u00e1n a la venta a trav\u00e9s del sistema <strong>totalticket.com.mx<\/strong> con precios que var\u00edan dependiendo la ubicaci\u00f3n elegida.<\/p>\n<p>&nbsp;<\/p>\n<p style=\"text-align: justify;\">FECHAS TEATRO DEL PUEBLO<\/p>\n<p>&nbsp;<\/p>\n<ul>\n<li style=\"text-align: justify;\">29 de noviembre \u2013 Matisse<\/li>\n<li style=\"text-align: justify;\">30 de noviembre \u2013 Camilo<\/li>\n<li style=\"text-align: justify;\">01 de diciembre \u2013 Banda Cuisillos<\/li>\n<li style=\"text-align: justify;\">04 de diciembre \u2013 Tito Double P<\/li>\n<li style=\"text-align: justify;\">05 de diciembre \u2013 Conjunto Primavera<\/li>\n<li style=\"text-align: justify;\">06 de diciembre \u2013 La Arrolladora Banda El Lim\u00f3n<\/li>\n<li style=\"text-align: justify;\">07 de diciembre \u2013 Manuel Turizo<\/li>\n<li style=\"text-align: justify;\">08 de diciembre \u2013 Cardenales y Los Invasores de Nuevo Le\u00f3n<\/li>\n<li style=\"text-align: justify;\">11 de diciembre \u2013 Los Cadetes de Linares y Los \u00c1vila<\/li>\n<li style=\"text-align: justify;\">12 de diciembre \u2013 Los Alame\u00f1os de la Sierra<\/li>\n<li style=\"text-align: justify;\">13 de diciembre \u2013 Ed\u00e9n Mu\u00f1oz<\/li>\n<li style=\"text-align: justify;\">14 de diciembre \u2013 Wisin<\/li>\n<li style=\"text-align: justify;\">15 de diciembre \u2013 Los Aguilar<\/li>\n<\/ul>\n<p>&nbsp;<\/p>\n<p style=\"text-align: justify;\">FECHAS DEL PALENQUE<\/p>\n<p>&nbsp;<\/p>\n<ul>\n<li style=\"text-align: justify;\">29 de noviembre \u2013 Alejandro y Alex Fern\u00e1ndez<\/li>\n<li style=\"text-align: justify;\">30 de noviembre \u2013 Alejandro y Alex Fern\u00e1ndez<\/li>\n<li style=\"text-align: justify;\">01 de diciembre \u2013 Carin Le\u00f3n<\/li>\n<li style=\"text-align: justify;\">04 de diciembre \u2013 Junior H<\/li>\n<li style=\"text-align: justify;\">05 de diciembre \u2013 Grupo Frontera<\/li>\n<li style=\"text-align: justify;\">06 de diciembre \u2013 Alfredo Olivas<\/li>\n<li style=\"text-align: justify;\">07 de diciembre \u2013 Gloria Trevi<\/li>\n<li style=\"text-align: justify;\">08 de diciembre \u2013 Banda MS<\/li>\n<li style=\"text-align: justify;\">11 de diciembre \u2013 Natanael Cano<\/li>\n<li style=\"text-align: justify;\">12 de diciembre \u2013 Jorge Medina<\/li>\n<li style=\"text-align: justify;\">13 de diciembre \u2013 Yuridia<\/li>\n<li style=\"text-align: justify;\">14 de diciembre \u2013 Luis R. Conriquez<\/li>\n<li style=\"text-align: justify;\">15 de diciembre \u2013 Remmy Valenzuela<\/li>\n<\/ul>\n<p>&nbsp;<\/p>\n<p style=\"text-align: center;\"><strong><em>\u00a1Informaci\u00f3n que transforma!<\/em><\/strong><\/p>\n","protected":false},"excerpt":{"rendered":"<p>La Feria Internacional Ganadera de Quer\u00e9taro regresa este a\u00f1o del 29 de noviembre al 15 de diciembre.<\/p>\n","protected":false},"author":3,"featured_media":1174,"comment_status":"open","ping_status":"open","sticky":false,"template":"","format":"standard","meta":{"footnotes":""},"categories":[50,42,58],"tags":[772,771,770,133],"class_list":["post-2089","post","type-post","status-publish","format-standard","has-post-thumbnail","hentry","category-espectaculos","category-estado","category-ultima-hora","tag-diversionfamiliar","tag-feriaganadera","tag-feriaqueretaro2024","tag-queretaro"],"yoast_head":"<!-- This site is optimized with the Yoast SEO plugin v25.0 - https:\/\/yoast.com\/wordpress\/plugins\/seo\/ -->\n<title>Presentaci\u00f3n de La Feria Internacional Ganadera de Quer\u00e9taro 2024 | Nexo Informativo Santiago de Quer\u00e9taro<\/title>\n<meta name=\"description\" content=\"Presentaci\u00f3n de La Feria Internacional Ganadera de Quer\u00e9taro 2024\" \/>\n<meta name=\"robots\" content=\"index, follow, max-snippet:-1, max-image-preview:large, max-video-preview:-1\" \/>\n<link rel=\"canonical\" href=\"https:\/\/www.nexoinformativo.mx\/index.php\/2024\/09\/18\/presentacion-de-la-feria-internacional-ganadera-de-queretaro-2024-esta-lista\/\" \/>\n<meta property=\"og:locale\" content=\"es_MX\" \/>\n<meta property=\"og:type\" content=\"article\" \/>\n<meta property=\"og:title\" content=\"Presentaci\u00f3n de La Feria Internacional Ganadera de Quer\u00e9taro 2024 | Nexo Informativo Santiago de Quer\u00e9taro\" \/>\n<meta property=\"og:description\" content=\"Presentaci\u00f3n de La Feria Internacional Ganadera de Quer\u00e9taro 2024\" \/>\n<meta property=\"og:url\" content=\"https:\/\/www.nexoinformativo.mx\/index.php\/2024\/09\/18\/presentacion-de-la-feria-internacional-ganadera-de-queretaro-2024-esta-lista\/\" \/>\n<meta property=\"og:site_name\" content=\"Nexo Informativo Santiago de Quer\u00e9taro\" \/>\n<meta property=\"article:publisher\" content=\"https:\/\/www.facebook.com\/people\/Nexo-Informativo\/61564066885511\/\" \/>\n<meta property=\"article:published_time\" content=\"2024-09-18T23:00:13+00:00\" \/>\n<meta property=\"article:modified_time\" content=\"2024-10-07T01:28:25+00:00\" \/>\n<meta property=\"og:image\" content=\"https:\/\/www.nexoinformativo.mx\/wp-content\/uploads\/2024\/08\/PHOTO-2024-08-28-15-05-11.jpg\" \/>\n\t<meta property=\"og:image:width\" content=\"739\" \/>\n\t<meta property=\"og:image:height\" content=\"415\" \/>\n\t<meta property=\"og:image:type\" content=\"image\/jpeg\" \/>\n<meta name=\"author\" content=\"Nexo Informativo\" \/>\n<meta name=\"twitter:card\" content=\"summary_large_image\" \/>\n<meta name=\"twitter:label1\" content=\"Escrito por\" \/>\n\t<meta name=\"twitter:data1\" content=\"Nexo Informativo\" \/>\n\t<meta name=\"twitter:label2\" content=\"Tiempo de lectura\" \/>\n\t<meta name=\"twitter:data2\" content=\"3 minutos\" \/>\n<script type=\"application\/ld+json\" class=\"yoast-schema-graph\">{\"@context\":\"https:\/\/schema.org\",\"@graph\":[{\"@type\":\"Article\",\"@id\":\"https:\/\/www.nexoinformativo.mx\/index.php\/2024\/09\/18\/presentacion-de-la-feria-internacional-ganadera-de-queretaro-2024-esta-lista\/#article\",\"isPartOf\":{\"@id\":\"https:\/\/www.nexoinformativo.mx\/index.php\/2024\/09\/18\/presentacion-de-la-feria-internacional-ganadera-de-queretaro-2024-esta-lista\/\"},\"author\":{\"name\":\"Nexo Informativo\",\"@id\":\"https:\/\/www.nexoinformativo.mx\/#\/schema\/person\/7749d380ba08c8ca00d7bc76fd907b7d\"},\"headline\":\"Presentaci\u00f3n de La Feria Internacional Ganadera de Quer\u00e9taro 2024\",\"datePublished\":\"2024-09-18T23:00:13+00:00\",\"dateModified\":\"2024-10-07T01:28:25+00:00\",\"mainEntityOfPage\":{\"@id\":\"https:\/\/www.nexoinformativo.mx\/index.php\/2024\/09\/18\/presentacion-de-la-feria-internacional-ganadera-de-queretaro-2024-esta-lista\/\"},\"wordCount\":430,\"commentCount\":0,\"publisher\":{\"@id\":\"https:\/\/www.nexoinformativo.mx\/#organization\"},\"image\":{\"@id\":\"https:\/\/www.nexoinformativo.mx\/index.php\/2024\/09\/18\/presentacion-de-la-feria-internacional-ganadera-de-queretaro-2024-esta-lista\/#primaryimage\"},\"thumbnailUrl\":\"https:\/\/www.nexoinformativo.mx\/wp-content\/uploads\/2024\/08\/PHOTO-2024-08-28-15-05-11.jpg\",\"keywords\":[\"Diversi\u00f3nFamiliar\",\"FeriaGanadera\",\"FeriaQuer\u00e9taro2024\",\"Quer\u00e9taro\"],\"articleSection\":[\"Espect\u00e1culos\",\"Estado\",\"\u00daltima Hora\"],\"inLanguage\":\"es\",\"potentialAction\":[{\"@type\":\"CommentAction\",\"name\":\"Comment\",\"target\":[\"https:\/\/www.nexoinformativo.mx\/index.php\/2024\/09\/18\/presentacion-de-la-feria-internacional-ganadera-de-queretaro-2024-esta-lista\/#respond\"]}]},{\"@type\":\"WebPage\",\"@id\":\"https:\/\/www.nexoinformativo.mx\/index.php\/2024\/09\/18\/presentacion-de-la-feria-internacional-ganadera-de-queretaro-2024-esta-lista\/\",\"url\":\"https:\/\/www.nexoinformativo.mx\/index.php\/2024\/09\/18\/presentacion-de-la-feria-internacional-ganadera-de-queretaro-2024-esta-lista\/\",\"name\":\"Presentaci\u00f3n de La Feria Internacional Ganadera de Quer\u00e9taro 2024 | Nexo Informativo Santiago de Quer\u00e9taro\",\"isPartOf\":{\"@id\":\"https:\/\/www.nexoinformativo.mx\/#website\"},\"primaryImageOfPage\":{\"@id\":\"https:\/\/www.nexoinformativo.mx\/index.php\/2024\/09\/18\/presentacion-de-la-feria-internacional-ganadera-de-queretaro-2024-esta-lista\/#primaryimage\"},\"image\":{\"@id\":\"https:\/\/www.nexoinformativo.mx\/index.php\/2024\/09\/18\/presentacion-de-la-feria-internacional-ganadera-de-queretaro-2024-esta-lista\/#primaryimage\"},\"thumbnailUrl\":\"https:\/\/www.nexoinformativo.mx\/wp-content\/uploads\/2024\/08\/PHOTO-2024-08-28-15-05-11.jpg\",\"datePublished\":\"2024-09-18T23:00:13+00:00\",\"dateModified\":\"2024-10-07T01:28:25+00:00\",\"description\":\"Presentaci\u00f3n de La Feria Internacional Ganadera de Quer\u00e9taro 2024\",\"breadcrumb\":{\"@id\":\"https:\/\/www.nexoinformativo.mx\/index.php\/2024\/09\/18\/presentacion-de-la-feria-internacional-ganadera-de-queretaro-2024-esta-lista\/#breadcrumb\"},\"inLanguage\":\"es\",\"potentialAction\":[{\"@type\":\"ReadAction\",\"target\":[\"https:\/\/www.nexoinformativo.mx\/index.php\/2024\/09\/18\/presentacion-de-la-feria-internacional-ganadera-de-queretaro-2024-esta-lista\/\"]}]},{\"@type\":\"ImageObject\",\"inLanguage\":\"es\",\"@id\":\"https:\/\/www.nexoinformativo.mx\/index.php\/2024\/09\/18\/presentacion-de-la-feria-internacional-ganadera-de-queretaro-2024-esta-lista\/#primaryimage\",\"url\":\"https:\/\/www.nexoinformativo.mx\/wp-content\/uploads\/2024\/08\/PHOTO-2024-08-28-15-05-11.jpg\",\"contentUrl\":\"https:\/\/www.nexoinformativo.mx\/wp-content\/uploads\/2024\/08\/PHOTO-2024-08-28-15-05-11.jpg\",\"width\":739,\"height\":415},{\"@type\":\"BreadcrumbList\",\"@id\":\"https:\/\/www.nexoinformativo.mx\/index.php\/2024\/09\/18\/presentacion-de-la-feria-internacional-ganadera-de-queretaro-2024-esta-lista\/#breadcrumb\",\"itemListElement\":[{\"@type\":\"ListItem\",\"position\":1,\"name\":\"Inicio\",\"item\":\"https:\/\/www.nexoinformativo.mx\/\"},{\"@type\":\"ListItem\",\"position\":2,\"name\":\"Presentaci\u00f3n de La Feria Internacional Ganadera de Quer\u00e9taro 2024\"}]},{\"@type\":\"WebSite\",\"@id\":\"https:\/\/www.nexoinformativo.mx\/#website\",\"url\":\"https:\/\/www.nexoinformativo.mx\/\",\"name\":\"Nexo Informativo Santiago de Quer\u00e9taro\",\"description\":\"Explora NexoInformativo y convi\u00e9rtete en parte de una comunidad que valora el conocimiento y la verdad. Tu nexoinformativo es tu puente hacia una comprensi\u00f3n m\u00e1s profunda del mundo que te rodea.\",\"publisher\":{\"@id\":\"https:\/\/www.nexoinformativo.mx\/#organization\"},\"potentialAction\":[{\"@type\":\"SearchAction\",\"target\":{\"@type\":\"EntryPoint\",\"urlTemplate\":\"https:\/\/www.nexoinformativo.mx\/?s={search_term_string}\"},\"query-input\":{\"@type\":\"PropertyValueSpecification\",\"valueRequired\":true,\"valueName\":\"search_term_string\"}}],\"inLanguage\":\"es\"},{\"@type\":\"Organization\",\"@id\":\"https:\/\/www.nexoinformativo.mx\/#organization\",\"name\":\"Nexo Informativo Santiago de Quer\u00e9taro\",\"url\":\"https:\/\/www.nexoinformativo.mx\/\",\"logo\":{\"@type\":\"ImageObject\",\"inLanguage\":\"es\",\"@id\":\"https:\/\/www.nexoinformativo.mx\/#\/schema\/logo\/image\/\",\"url\":\"https:\/\/www.nexoinformativo.mx\/wp-content\/uploads\/2024\/07\/nexoi-trasparente-2.png\",\"contentUrl\":\"https:\/\/www.nexoinformativo.mx\/wp-content\/uploads\/2024\/07\/nexoi-trasparente-2.png\",\"width\":816,\"height\":339,\"caption\":\"Nexo Informativo Santiago de Quer\u00e9taro\"},\"image\":{\"@id\":\"https:\/\/www.nexoinformativo.mx\/#\/schema\/logo\/image\/\"},\"sameAs\":[\"https:\/\/www.facebook.com\/people\/Nexo-Informativo\/61564066885511\/\"]},{\"@type\":\"Person\",\"@id\":\"https:\/\/www.nexoinformativo.mx\/#\/schema\/person\/7749d380ba08c8ca00d7bc76fd907b7d\",\"name\":\"Nexo Informativo\",\"image\":{\"@type\":\"ImageObject\",\"inLanguage\":\"es\",\"@id\":\"https:\/\/www.nexoinformativo.mx\/#\/schema\/person\/image\/\",\"url\":\"https:\/\/secure.gravatar.com\/avatar\/dde2928154642a13d95f87ddf1ea9718fe2b46760a005c53e41ff5ad610704e6?s=96&d=mm&r=g\",\"contentUrl\":\"https:\/\/secure.gravatar.com\/avatar\/dde2928154642a13d95f87ddf1ea9718fe2b46760a005c53e41ff5ad610704e6?s=96&d=mm&r=g\",\"caption\":\"Nexo Informativo\"},\"url\":\"https:\/\/www.nexoinformativo.mx\/index.php\/author\/edicion\/\"}]}<\/script>\n<!-- \/ Yoast SEO plugin. -->","yoast_head_json":{"title":"Presentaci\u00f3n de La Feria Internacional Ganadera de Quer\u00e9taro 2024 | Nexo Informativo Santiago de Quer\u00e9taro","description":"Presentaci\u00f3n de La Feria Internacional Ganadera de Quer\u00e9taro 2024","robots":{"index":"index","follow":"follow","max-snippet":"max-snippet:-1","max-image-preview":"max-image-preview:large","max-video-preview":"max-video-preview:-1"},"canonical":"https:\/\/www.nexoinformativo.mx\/index.php\/2024\/09\/18\/presentacion-de-la-feria-internacional-ganadera-de-queretaro-2024-esta-lista\/","og_locale":"es_MX","og_type":"article","og_title":"Presentaci\u00f3n de La Feria Internacional Ganadera de Quer\u00e9taro 2024 | Nexo Informativo Santiago de Quer\u00e9taro","og_description":"Presentaci\u00f3n de La Feria Internacional Ganadera de Quer\u00e9taro 2024","og_url":"https:\/\/www.nexoinformativo.mx\/index.php\/2024\/09\/18\/presentacion-de-la-feria-internacional-ganadera-de-queretaro-2024-esta-lista\/","og_site_name":"Nexo Informativo Santiago de Quer\u00e9taro","article_publisher":"https:\/\/www.facebook.com\/people\/Nexo-Informativo\/61564066885511\/","article_published_time":"2024-09-18T23:00:13+00:00","article_modified_time":"2024-10-07T01:28:25+00:00","og_image":[{"width":739,"height":415,"url":"https:\/\/www.nexoinformativo.mx\/wp-content\/uploads\/2024\/08\/PHOTO-2024-08-28-15-05-11.jpg","type":"image\/jpeg"}],"author":"Nexo Informativo","twitter_card":"summary_large_image","twitter_misc":{"Escrito por":"Nexo Informativo","Tiempo de lectura":"3 minutos"},"schema":{"@context":"https:\/\/schema.org","@graph":[{"@type":"Article","@id":"https:\/\/www.nexoinformativo.mx\/index.php\/2024\/09\/18\/presentacion-de-la-feria-internacional-ganadera-de-queretaro-2024-esta-lista\/#article","isPartOf":{"@id":"https:\/\/www.nexoinformativo.mx\/index.php\/2024\/09\/18\/presentacion-de-la-feria-internacional-ganadera-de-queretaro-2024-esta-lista\/"},"author":{"name":"Nexo Informativo","@id":"https:\/\/www.nexoinformativo.mx\/#\/schema\/person\/7749d380ba08c8ca00d7bc76fd907b7d"},"headline":"Presentaci\u00f3n de La Feria Internacional Ganadera de Quer\u00e9taro 2024","datePublished":"2024-09-18T23:00:13+00:00","dateModified":"2024-10-07T01:28:25+00:00","mainEntityOfPage":{"@id":"https:\/\/www.nexoinformativo.mx\/index.php\/2024\/09\/18\/presentacion-de-la-feria-internacional-ganadera-de-queretaro-2024-esta-lista\/"},"wordCount":430,"commentCount":0,"publisher":{"@id":"https:\/\/www.nexoinformativo.mx\/#organization"},"image":{"@id":"https:\/\/www.nexoinformativo.mx\/index.php\/2024\/09\/18\/presentacion-de-la-feria-internacional-ganadera-de-queretaro-2024-esta-lista\/#primaryimage"},"thumbnailUrl":"https:\/\/www.nexoinformativo.mx\/wp-content\/uploads\/2024\/08\/PHOTO-2024-08-28-15-05-11.jpg","keywords":["Diversi\u00f3nFamiliar","FeriaGanadera","FeriaQuer\u00e9taro2024","Quer\u00e9taro"],"articleSection":["Espect\u00e1culos","Estado","\u00daltima Hora"],"inLanguage":"es","potentialAction":[{"@type":"CommentAction","name":"Comment","target":["https:\/\/www.nexoinformativo.mx\/index.php\/2024\/09\/18\/presentacion-de-la-feria-internacional-ganadera-de-queretaro-2024-esta-lista\/#respond"]}]},{"@type":"WebPage","@id":"https:\/\/www.nexoinformativo.mx\/index.php\/2024\/09\/18\/presentacion-de-la-feria-internacional-ganadera-de-queretaro-2024-esta-lista\/","url":"https:\/\/www.nexoinformativo.mx\/index.php\/2024\/09\/18\/presentacion-de-la-feria-internacional-ganadera-de-queretaro-2024-esta-lista\/","name":"Presentaci\u00f3n de La Feria Internacional Ganadera de Quer\u00e9taro 2024 | Nexo Informativo Santiago de Quer\u00e9taro","isPartOf":{"@id":"https:\/\/www.nexoinformativo.mx\/#website"},"primaryImageOfPage":{"@id":"https:\/\/www.nexoinformativo.mx\/index.php\/2024\/09\/18\/presentacion-de-la-feria-internacional-ganadera-de-queretaro-2024-esta-lista\/#primaryimage"},"image":{"@id":"https:\/\/www.nexoinformativo.mx\/index.php\/2024\/09\/18\/presentacion-de-la-feria-internacional-ganadera-de-queretaro-2024-esta-lista\/#primaryimage"},"thumbnailUrl":"https:\/\/www.nexoinformativo.mx\/wp-content\/uploads\/2024\/08\/PHOTO-2024-08-28-15-05-11.jpg","datePublished":"2024-09-18T23:00:13+00:00","dateModified":"2024-10-07T01:28:25+00:00","description":"Presentaci\u00f3n de La Feria Internacional Ganadera de Quer\u00e9taro 2024","breadcrumb":{"@id":"https:\/\/www.nexoinformativo.mx\/index.php\/2024\/09\/18\/presentacion-de-la-feria-internacional-ganadera-de-queretaro-2024-esta-lista\/#breadcrumb"},"inLanguage":"es","potentialAction":[{"@type":"ReadAction","target":["https:\/\/www.nexoinformativo.mx\/index.php\/2024\/09\/18\/presentacion-de-la-feria-internacional-ganadera-de-queretaro-2024-esta-lista\/"]}]},{"@type":"ImageObject","inLanguage":"es","@id":"https:\/\/www.nexoinformativo.mx\/index.php\/2024\/09\/18\/presentacion-de-la-feria-internacional-ganadera-de-queretaro-2024-esta-lista\/#primaryimage","url":"https:\/\/www.nexoinformativo.mx\/wp-content\/uploads\/2024\/08\/PHOTO-2024-08-28-15-05-11.jpg","contentUrl":"https:\/\/www.nexoinformativo.mx\/wp-content\/uploads\/2024\/08\/PHOTO-2024-08-28-15-05-11.jpg","width":739,"height":415},{"@type":"BreadcrumbList","@id":"https:\/\/www.nexoinformativo.mx\/index.php\/2024\/09\/18\/presentacion-de-la-feria-internacional-ganadera-de-queretaro-2024-esta-lista\/#breadcrumb","itemListElement":[{"@type":"ListItem","position":1,"name":"Inicio","item":"https:\/\/www.nexoinformativo.mx\/"},{"@type":"ListItem","position":2,"name":"Presentaci\u00f3n de La Feria Internacional Ganadera de Quer\u00e9taro 2024"}]},{"@type":"WebSite","@id":"https:\/\/www.nexoinformativo.mx\/#website","url":"https:\/\/www.nexoinformativo.mx\/","name":"Nexo Informativo Santiago de Quer\u00e9taro","description":"Explora NexoInformativo y convi\u00e9rtete en parte de una comunidad que valora el conocimiento y la verdad. Tu nexoinformativo es tu puente hacia una comprensi\u00f3n m\u00e1s profunda del mundo que te rodea.","publisher":{"@id":"https:\/\/www.nexoinformativo.mx\/#organization"},"potentialAction":[{"@type":"SearchAction","target":{"@type":"EntryPoint","urlTemplate":"https:\/\/www.nexoinformativo.mx\/?s={search_term_string}"},"query-input":{"@type":"PropertyValueSpecification","valueRequired":true,"valueName":"search_term_string"}}],"inLanguage":"es"},{"@type":"Organization","@id":"https:\/\/www.nexoinformativo.mx\/#organization","name":"Nexo Informativo Santiago de Quer\u00e9taro","url":"https:\/\/www.nexoinformativo.mx\/","logo":{"@type":"ImageObject","inLanguage":"es","@id":"https:\/\/www.nexoinformativo.mx\/#\/schema\/logo\/image\/","url":"https:\/\/www.nexoinformativo.mx\/wp-content\/uploads\/2024\/07\/nexoi-trasparente-2.png","contentUrl":"https:\/\/www.nexoinformativo.mx\/wp-content\/uploads\/2024\/07\/nexoi-trasparente-2.png","width":816,"height":339,"caption":"Nexo Informativo Santiago de Quer\u00e9taro"},"image":{"@id":"https:\/\/www.nexoinformativo.mx\/#\/schema\/logo\/image\/"},"sameAs":["https:\/\/www.facebook.com\/people\/Nexo-Informativo\/61564066885511\/"]},{"@type":"Person","@id":"https:\/\/www.nexoinformativo.mx\/#\/schema\/person\/7749d380ba08c8ca00d7bc76fd907b7d","name":"Nexo Informativo","image":{"@type":"ImageObject","inLanguage":"es","@id":"https:\/\/www.nexoinformativo.mx\/#\/schema\/person\/image\/","url":"https:\/\/secure.gravatar.com\/avatar\/dde2928154642a13d95f87ddf1ea9718fe2b46760a005c53e41ff5ad610704e6?s=96&d=mm&r=g","contentUrl":"https:\/\/secure.gravatar.com\/avatar\/dde2928154642a13d95f87ddf1ea9718fe2b46760a005c53e41ff5ad610704e6?s=96&d=mm&r=g","caption":"Nexo Informativo"},"url":"https:\/\/www.nexoinformativo.mx\/index.php\/author\/edicion\/"}]}},"_links":{"self":[{"href":"https:\/\/www.nexoinformativo.mx\/index.php\/wp-json\/wp\/v2\/posts\/2089","targetHints":{"allow":["GET"]}}],"collection":[{"href":"https:\/\/www.nexoinformativo.mx\/index.php\/wp-json\/wp\/v2\/posts"}],"about":[{"href":"https:\/\/www.nexoinformativo.mx\/index.php\/wp-json\/wp\/v2\/types\/post"}],"author":[{"embeddable":true,"href":"https:\/\/www.nexoinformativo.mx\/index.php\/wp-json\/wp\/v2\/users\/3"}],"replies":[{"embeddable":true,"href":"https:\/\/www.nexoinformativo.mx\/index.php\/wp-json\/wp\/v2\/comments?post=2089"}],"version-history":[{"count":9,"href":"https:\/\/www.nexoinformativo.mx\/index.php\/wp-json\/wp\/v2\/posts\/2089\/revisions"}],"predecessor-version":[{"id":2796,"href":"https:\/\/www.nexoinformativo.mx\/index.php\/wp-json\/wp\/v2\/posts\/2089\/revisions\/2796"}],"wp:featuredmedia":[{"embeddable":true,"href":"https:\/\/www.nexoinformativo.mx\/index.php\/wp-json\/wp\/v2\/media\/1174"}],"wp:attachment":[{"href":"https:\/\/www.nexoinformativo.mx\/index.php\/wp-json\/wp\/v2\/media?parent=2089"}],"wp:term":[{"taxonomy":"category","embeddable":true,"href":"https:\/\/www.nexoinformativo.mx\/index.php\/wp-json\/wp\/v2\/categories?post=2089"},{"taxonomy":"post_tag","embeddable":true,"href":"https:\/\/www.nexoinformativo.mx\/index.php\/wp-json\/wp\/v2\/tags?post=2089"}],"curies":[{"name":"wp","href":"https:\/\/api.w.org\/{rel}","templated":true}]}}