{"id":2098,"date":"2024-09-18T20:00:40","date_gmt":"2024-09-19T02:00:40","guid":{"rendered":"https:\/\/www.nexoinformativo.mx\/?p=2098"},"modified":"2024-09-18T22:34:41","modified_gmt":"2024-09-19T04:34:41","slug":"abigail-arredondo-propone-incluir-la-erradicacion-del-matrimonio-infantil-en-la-reforma-de-pueblos-indigenas","status":"publish","type":"post","link":"https:\/\/www.nexoinformativo.mx\/index.php\/2024\/09\/18\/abigail-arredondo-propone-incluir-la-erradicacion-del-matrimonio-infantil-en-la-reforma-de-pueblos-indigenas\/","title":{"rendered":"Abigail Arredondo propone incluir la erradicaci\u00f3n del matrimonio infantil en la reforma de pueblos ind\u00edgenas"},"content":{"rendered":"<p style=\"text-align: justify;\">La diputada federal del PRI, Abigail Arredondo Ramos, propuso incluir la erradicaci\u00f3n del matrimonio infantil en la reforma al art\u00edculo 2 Constitucional, que reconoce los derechos de los pueblos ind\u00edgenas y afromexicanos. La iniciativa busca proteger a m\u00e1s de 27 mil ind\u00edgenas de entre 12 y 17 a\u00f1os, quienes \u00a0son vulnerables a esta pr\u00e1ctica en muchas comunidades.<\/p>\n<p>&nbsp;<\/p>\n<p style=\"text-align: justify;\">Arredondo subray\u00f3 que, a pesar de la reforma al C\u00f3digo Civil en 2021 que prohibi\u00f3 el matrimonio en menores de 19 a\u00f1os, esta medida no ha sido suficiente. El matrimonio infantil sigue ocurriendo de manera informal y sin reconocimiento legal. La diputada cit\u00f3 el caso de Lupita, una ni\u00f1a ind\u00edgena de Quer\u00e9taro, que a los 13 a\u00f1os vive en uni\u00f3n con un hombre de 30, bajo el consentimiento de su familia. Este caso evidencian la urgencia de atender esta problem\u00e1tica.<\/p>\n<p>&nbsp;<\/p>\n<p style=\"text-align: justify;\">La diputada explic\u00f3 que la reforma no solo busca el reconocimiento de la identidad pluricultural de M\u00e9xico, sino tambi\u00e9n la eliminaci\u00f3n de pr\u00e1cticas como el matrimonio infantil. Su propuesta a\u00f1ade a la reforma del art\u00edculo 2 la necesidad de erradicar esta pr\u00e1ctica en pueblos ind\u00edgenas y afromexicanos, como parte de una pol\u00edtica de igualdad.<\/p>\n<p>&nbsp;<\/p>\n<p style=\"text-align: justify;\">Finalmente, Abigail Arredondo reafirm\u00f3 el compromiso del PRI para impulsar pol\u00edticas que protejan los derechos de los pueblos ind\u00edgenas, ampliando el espectro de derechos y combatiendo la discriminaci\u00f3n.<\/p>\n<p>&nbsp;<\/p>\n<p style=\"text-align: justify;\"><strong>\u201cEste dictamen es un claro ejemplo de que se pueden construir acuerdos en beneficio de M\u00e9xico y su diversidad cultural\u201d<\/strong>, se\u00f1al\u00f3 la diputada.<\/p>\n","protected":false},"excerpt":{"rendered":"<p>La diputada federal del PRI, Abigail Arredondo Ramos, propuso incluir la erradicaci\u00f3n del matrimonio infantil en la reforma al art\u00edculo 2 Constitucional, que reconoce los derechos de los pueblos ind\u00edgenas y afromexicanos.<\/p>\n","protected":false},"author":3,"featured_media":2100,"comment_status":"open","ping_status":"open","sticky":false,"template":"","format":"standard","meta":{"footnotes":""},"categories":[21],"tags":[587,774,773,775],"class_list":["post-2098","post","type-post","status-publish","format-standard","has-post-thumbnail","hentry","category-politica","tag-abigailarredondo","tag-derechosindigenas","tag-matrimonioinfantil","tag-reformaconstitucional"],"yoast_head":"<!-- This site is optimized with the Yoast SEO plugin v25.0 - https:\/\/yoast.com\/wordpress\/plugins\/seo\/ -->\n<title>Abigail Arredondo propone incluir la erradicaci\u00f3n del matrimonio infantil en la reforma de pueblos ind\u00edgenas | Nexo Informativo Santiago de Quer\u00e9taro<\/title>\n<meta name=\"description\" content=\"Abigail Arredondo propone incluir la erradicaci\u00f3n del matrimonio infantil en la reforma de pueblos ind\u00edgenas\" \/>\n<meta name=\"robots\" content=\"index, follow, max-snippet:-1, max-image-preview:large, max-video-preview:-1\" \/>\n<link rel=\"canonical\" href=\"https:\/\/www.nexoinformativo.mx\/index.php\/2024\/09\/18\/abigail-arredondo-propone-incluir-la-erradicacion-del-matrimonio-infantil-en-la-reforma-de-pueblos-indigenas\/\" \/>\n<meta property=\"og:locale\" content=\"es_MX\" \/>\n<meta property=\"og:type\" content=\"article\" \/>\n<meta property=\"og:title\" content=\"Abigail Arredondo propone incluir la erradicaci\u00f3n del matrimonio infantil en la reforma de pueblos ind\u00edgenas | Nexo Informativo Santiago de Quer\u00e9taro\" \/>\n<meta property=\"og:description\" content=\"Abigail Arredondo propone incluir la erradicaci\u00f3n del matrimonio infantil en la reforma de pueblos ind\u00edgenas\" \/>\n<meta property=\"og:url\" content=\"https:\/\/www.nexoinformativo.mx\/index.php\/2024\/09\/18\/abigail-arredondo-propone-incluir-la-erradicacion-del-matrimonio-infantil-en-la-reforma-de-pueblos-indigenas\/\" \/>\n<meta property=\"og:site_name\" content=\"Nexo Informativo Santiago de Quer\u00e9taro\" \/>\n<meta property=\"article:publisher\" content=\"https:\/\/www.facebook.com\/people\/Nexo-Informativo\/61564066885511\/\" \/>\n<meta property=\"article:published_time\" content=\"2024-09-19T02:00:40+00:00\" \/>\n<meta property=\"article:modified_time\" content=\"2024-09-19T04:34:41+00:00\" \/>\n<meta property=\"og:image\" content=\"https:\/\/www.nexoinformativo.mx\/wp-content\/uploads\/2024\/09\/PHOTO-2024-09-18-20-44-44-e1726720185151.jpg\" \/>\n\t<meta property=\"og:image:width\" content=\"800\" \/>\n\t<meta property=\"og:image:height\" content=\"1200\" \/>\n\t<meta property=\"og:image:type\" content=\"image\/jpeg\" \/>\n<meta name=\"author\" content=\"Nexo Informativo\" \/>\n<meta name=\"twitter:card\" content=\"summary_large_image\" \/>\n<meta name=\"twitter:label1\" content=\"Escrito por\" \/>\n\t<meta name=\"twitter:data1\" content=\"Nexo Informativo\" \/>\n\t<meta name=\"twitter:label2\" content=\"Tiempo de lectura\" \/>\n\t<meta name=\"twitter:data2\" content=\"2 minutos\" \/>\n<script type=\"application\/ld+json\" class=\"yoast-schema-graph\">{\"@context\":\"https:\/\/schema.org\",\"@graph\":[{\"@type\":\"Article\",\"@id\":\"https:\/\/www.nexoinformativo.mx\/index.php\/2024\/09\/18\/abigail-arredondo-propone-incluir-la-erradicacion-del-matrimonio-infantil-en-la-reforma-de-pueblos-indigenas\/#article\",\"isPartOf\":{\"@id\":\"https:\/\/www.nexoinformativo.mx\/index.php\/2024\/09\/18\/abigail-arredondo-propone-incluir-la-erradicacion-del-matrimonio-infantil-en-la-reforma-de-pueblos-indigenas\/\"},\"author\":{\"name\":\"Nexo Informativo\",\"@id\":\"https:\/\/www.nexoinformativo.mx\/#\/schema\/person\/7749d380ba08c8ca00d7bc76fd907b7d\"},\"headline\":\"Abigail Arredondo propone incluir la erradicaci\u00f3n del matrimonio infantil en la reforma de pueblos ind\u00edgenas\",\"datePublished\":\"2024-09-19T02:00:40+00:00\",\"dateModified\":\"2024-09-19T04:34:41+00:00\",\"mainEntityOfPage\":{\"@id\":\"https:\/\/www.nexoinformativo.mx\/index.php\/2024\/09\/18\/abigail-arredondo-propone-incluir-la-erradicacion-del-matrimonio-infantil-en-la-reforma-de-pueblos-indigenas\/\"},\"wordCount\":283,\"commentCount\":0,\"publisher\":{\"@id\":\"https:\/\/www.nexoinformativo.mx\/#organization\"},\"image\":{\"@id\":\"https:\/\/www.nexoinformativo.mx\/index.php\/2024\/09\/18\/abigail-arredondo-propone-incluir-la-erradicacion-del-matrimonio-infantil-en-la-reforma-de-pueblos-indigenas\/#primaryimage\"},\"thumbnailUrl\":\"https:\/\/www.nexoinformativo.mx\/wp-content\/uploads\/2024\/09\/PHOTO-2024-09-18-20-44-44-e1726720185151.jpg\",\"keywords\":[\"AbigailArredondo\",\"DerechosInd\u00edgenas\",\"MatrimonioInfantil\",\"ReformaConstitucional\"],\"articleSection\":[\"Pol\u00edtica\"],\"inLanguage\":\"es\",\"potentialAction\":[{\"@type\":\"CommentAction\",\"name\":\"Comment\",\"target\":[\"https:\/\/www.nexoinformativo.mx\/index.php\/2024\/09\/18\/abigail-arredondo-propone-incluir-la-erradicacion-del-matrimonio-infantil-en-la-reforma-de-pueblos-indigenas\/#respond\"]}]},{\"@type\":\"WebPage\",\"@id\":\"https:\/\/www.nexoinformativo.mx\/index.php\/2024\/09\/18\/abigail-arredondo-propone-incluir-la-erradicacion-del-matrimonio-infantil-en-la-reforma-de-pueblos-indigenas\/\",\"url\":\"https:\/\/www.nexoinformativo.mx\/index.php\/2024\/09\/18\/abigail-arredondo-propone-incluir-la-erradicacion-del-matrimonio-infantil-en-la-reforma-de-pueblos-indigenas\/\",\"name\":\"Abigail Arredondo propone incluir la erradicaci\u00f3n del matrimonio infantil en la reforma de pueblos ind\u00edgenas | Nexo Informativo Santiago de Quer\u00e9taro\",\"isPartOf\":{\"@id\":\"https:\/\/www.nexoinformativo.mx\/#website\"},\"primaryImageOfPage\":{\"@id\":\"https:\/\/www.nexoinformativo.mx\/index.php\/2024\/09\/18\/abigail-arredondo-propone-incluir-la-erradicacion-del-matrimonio-infantil-en-la-reforma-de-pueblos-indigenas\/#primaryimage\"},\"image\":{\"@id\":\"https:\/\/www.nexoinformativo.mx\/index.php\/2024\/09\/18\/abigail-arredondo-propone-incluir-la-erradicacion-del-matrimonio-infantil-en-la-reforma-de-pueblos-indigenas\/#primaryimage\"},\"thumbnailUrl\":\"https:\/\/www.nexoinformativo.mx\/wp-content\/uploads\/2024\/09\/PHOTO-2024-09-18-20-44-44-e1726720185151.jpg\",\"datePublished\":\"2024-09-19T02:00:40+00:00\",\"dateModified\":\"2024-09-19T04:34:41+00:00\",\"description\":\"Abigail Arredondo propone incluir la erradicaci\u00f3n del matrimonio infantil en la reforma de pueblos ind\u00edgenas\",\"breadcrumb\":{\"@id\":\"https:\/\/www.nexoinformativo.mx\/index.php\/2024\/09\/18\/abigail-arredondo-propone-incluir-la-erradicacion-del-matrimonio-infantil-en-la-reforma-de-pueblos-indigenas\/#breadcrumb\"},\"inLanguage\":\"es\",\"potentialAction\":[{\"@type\":\"ReadAction\",\"target\":[\"https:\/\/www.nexoinformativo.mx\/index.php\/2024\/09\/18\/abigail-arredondo-propone-incluir-la-erradicacion-del-matrimonio-infantil-en-la-reforma-de-pueblos-indigenas\/\"]}]},{\"@type\":\"ImageObject\",\"inLanguage\":\"es\",\"@id\":\"https:\/\/www.nexoinformativo.mx\/index.php\/2024\/09\/18\/abigail-arredondo-propone-incluir-la-erradicacion-del-matrimonio-infantil-en-la-reforma-de-pueblos-indigenas\/#primaryimage\",\"url\":\"https:\/\/www.nexoinformativo.mx\/wp-content\/uploads\/2024\/09\/PHOTO-2024-09-18-20-44-44-e1726720185151.jpg\",\"contentUrl\":\"https:\/\/www.nexoinformativo.mx\/wp-content\/uploads\/2024\/09\/PHOTO-2024-09-18-20-44-44-e1726720185151.jpg\",\"width\":800,\"height\":1200},{\"@type\":\"BreadcrumbList\",\"@id\":\"https:\/\/www.nexoinformativo.mx\/index.php\/2024\/09\/18\/abigail-arredondo-propone-incluir-la-erradicacion-del-matrimonio-infantil-en-la-reforma-de-pueblos-indigenas\/#breadcrumb\",\"itemListElement\":[{\"@type\":\"ListItem\",\"position\":1,\"name\":\"Inicio\",\"item\":\"https:\/\/www.nexoinformativo.mx\/\"},{\"@type\":\"ListItem\",\"position\":2,\"name\":\"Abigail Arredondo propone incluir la erradicaci\u00f3n del matrimonio infantil en la reforma de pueblos ind\u00edgenas\"}]},{\"@type\":\"WebSite\",\"@id\":\"https:\/\/www.nexoinformativo.mx\/#website\",\"url\":\"https:\/\/www.nexoinformativo.mx\/\",\"name\":\"Nexo Informativo Santiago de Quer\u00e9taro\",\"description\":\"Explora NexoInformativo y convi\u00e9rtete en parte de una comunidad que valora el conocimiento y la verdad. Tu nexoinformativo es tu puente hacia una comprensi\u00f3n m\u00e1s profunda del mundo que te rodea.\",\"publisher\":{\"@id\":\"https:\/\/www.nexoinformativo.mx\/#organization\"},\"potentialAction\":[{\"@type\":\"SearchAction\",\"target\":{\"@type\":\"EntryPoint\",\"urlTemplate\":\"https:\/\/www.nexoinformativo.mx\/?s={search_term_string}\"},\"query-input\":{\"@type\":\"PropertyValueSpecification\",\"valueRequired\":true,\"valueName\":\"search_term_string\"}}],\"inLanguage\":\"es\"},{\"@type\":\"Organization\",\"@id\":\"https:\/\/www.nexoinformativo.mx\/#organization\",\"name\":\"Nexo Informativo Santiago de Quer\u00e9taro\",\"url\":\"https:\/\/www.nexoinformativo.mx\/\",\"logo\":{\"@type\":\"ImageObject\",\"inLanguage\":\"es\",\"@id\":\"https:\/\/www.nexoinformativo.mx\/#\/schema\/logo\/image\/\",\"url\":\"https:\/\/www.nexoinformativo.mx\/wp-content\/uploads\/2024\/07\/nexoi-trasparente-2.png\",\"contentUrl\":\"https:\/\/www.nexoinformativo.mx\/wp-content\/uploads\/2024\/07\/nexoi-trasparente-2.png\",\"width\":816,\"height\":339,\"caption\":\"Nexo Informativo Santiago de Quer\u00e9taro\"},\"image\":{\"@id\":\"https:\/\/www.nexoinformativo.mx\/#\/schema\/logo\/image\/\"},\"sameAs\":[\"https:\/\/www.facebook.com\/people\/Nexo-Informativo\/61564066885511\/\"]},{\"@type\":\"Person\",\"@id\":\"https:\/\/www.nexoinformativo.mx\/#\/schema\/person\/7749d380ba08c8ca00d7bc76fd907b7d\",\"name\":\"Nexo Informativo\",\"image\":{\"@type\":\"ImageObject\",\"inLanguage\":\"es\",\"@id\":\"https:\/\/www.nexoinformativo.mx\/#\/schema\/person\/image\/\",\"url\":\"https:\/\/secure.gravatar.com\/avatar\/dde2928154642a13d95f87ddf1ea9718fe2b46760a005c53e41ff5ad610704e6?s=96&d=mm&r=g\",\"contentUrl\":\"https:\/\/secure.gravatar.com\/avatar\/dde2928154642a13d95f87ddf1ea9718fe2b46760a005c53e41ff5ad610704e6?s=96&d=mm&r=g\",\"caption\":\"Nexo Informativo\"},\"url\":\"https:\/\/www.nexoinformativo.mx\/index.php\/author\/edicion\/\"}]}<\/script>\n<!-- \/ Yoast SEO plugin. -->","yoast_head_json":{"title":"Abigail Arredondo propone incluir la erradicaci\u00f3n del matrimonio infantil en la reforma de pueblos ind\u00edgenas | Nexo Informativo Santiago de Quer\u00e9taro","description":"Abigail Arredondo propone incluir la erradicaci\u00f3n del matrimonio infantil en la reforma de pueblos ind\u00edgenas","robots":{"index":"index","follow":"follow","max-snippet":"max-snippet:-1","max-image-preview":"max-image-preview:large","max-video-preview":"max-video-preview:-1"},"canonical":"https:\/\/www.nexoinformativo.mx\/index.php\/2024\/09\/18\/abigail-arredondo-propone-incluir-la-erradicacion-del-matrimonio-infantil-en-la-reforma-de-pueblos-indigenas\/","og_locale":"es_MX","og_type":"article","og_title":"Abigail Arredondo propone incluir la erradicaci\u00f3n del matrimonio infantil en la reforma de pueblos ind\u00edgenas | Nexo Informativo Santiago de Quer\u00e9taro","og_description":"Abigail Arredondo propone incluir la erradicaci\u00f3n del matrimonio infantil en la reforma de pueblos ind\u00edgenas","og_url":"https:\/\/www.nexoinformativo.mx\/index.php\/2024\/09\/18\/abigail-arredondo-propone-incluir-la-erradicacion-del-matrimonio-infantil-en-la-reforma-de-pueblos-indigenas\/","og_site_name":"Nexo Informativo Santiago de Quer\u00e9taro","article_publisher":"https:\/\/www.facebook.com\/people\/Nexo-Informativo\/61564066885511\/","article_published_time":"2024-09-19T02:00:40+00:00","article_modified_time":"2024-09-19T04:34:41+00:00","og_image":[{"width":800,"height":1200,"url":"https:\/\/www.nexoinformativo.mx\/wp-content\/uploads\/2024\/09\/PHOTO-2024-09-18-20-44-44-e1726720185151.jpg","type":"image\/jpeg"}],"author":"Nexo Informativo","twitter_card":"summary_large_image","twitter_misc":{"Escrito por":"Nexo Informativo","Tiempo de lectura":"2 minutos"},"schema":{"@context":"https:\/\/schema.org","@graph":[{"@type":"Article","@id":"https:\/\/www.nexoinformativo.mx\/index.php\/2024\/09\/18\/abigail-arredondo-propone-incluir-la-erradicacion-del-matrimonio-infantil-en-la-reforma-de-pueblos-indigenas\/#article","isPartOf":{"@id":"https:\/\/www.nexoinformativo.mx\/index.php\/2024\/09\/18\/abigail-arredondo-propone-incluir-la-erradicacion-del-matrimonio-infantil-en-la-reforma-de-pueblos-indigenas\/"},"author":{"name":"Nexo Informativo","@id":"https:\/\/www.nexoinformativo.mx\/#\/schema\/person\/7749d380ba08c8ca00d7bc76fd907b7d"},"headline":"Abigail Arredondo propone incluir la erradicaci\u00f3n del matrimonio infantil en la reforma de pueblos ind\u00edgenas","datePublished":"2024-09-19T02:00:40+00:00","dateModified":"2024-09-19T04:34:41+00:00","mainEntityOfPage":{"@id":"https:\/\/www.nexoinformativo.mx\/index.php\/2024\/09\/18\/abigail-arredondo-propone-incluir-la-erradicacion-del-matrimonio-infantil-en-la-reforma-de-pueblos-indigenas\/"},"wordCount":283,"commentCount":0,"publisher":{"@id":"https:\/\/www.nexoinformativo.mx\/#organization"},"image":{"@id":"https:\/\/www.nexoinformativo.mx\/index.php\/2024\/09\/18\/abigail-arredondo-propone-incluir-la-erradicacion-del-matrimonio-infantil-en-la-reforma-de-pueblos-indigenas\/#primaryimage"},"thumbnailUrl":"https:\/\/www.nexoinformativo.mx\/wp-content\/uploads\/2024\/09\/PHOTO-2024-09-18-20-44-44-e1726720185151.jpg","keywords":["AbigailArredondo","DerechosInd\u00edgenas","MatrimonioInfantil","ReformaConstitucional"],"articleSection":["Pol\u00edtica"],"inLanguage":"es","potentialAction":[{"@type":"CommentAction","name":"Comment","target":["https:\/\/www.nexoinformativo.mx\/index.php\/2024\/09\/18\/abigail-arredondo-propone-incluir-la-erradicacion-del-matrimonio-infantil-en-la-reforma-de-pueblos-indigenas\/#respond"]}]},{"@type":"WebPage","@id":"https:\/\/www.nexoinformativo.mx\/index.php\/2024\/09\/18\/abigail-arredondo-propone-incluir-la-erradicacion-del-matrimonio-infantil-en-la-reforma-de-pueblos-indigenas\/","url":"https:\/\/www.nexoinformativo.mx\/index.php\/2024\/09\/18\/abigail-arredondo-propone-incluir-la-erradicacion-del-matrimonio-infantil-en-la-reforma-de-pueblos-indigenas\/","name":"Abigail Arredondo propone incluir la erradicaci\u00f3n del matrimonio infantil en la reforma de pueblos ind\u00edgenas | Nexo Informativo Santiago de Quer\u00e9taro","isPartOf":{"@id":"https:\/\/www.nexoinformativo.mx\/#website"},"primaryImageOfPage":{"@id":"https:\/\/www.nexoinformativo.mx\/index.php\/2024\/09\/18\/abigail-arredondo-propone-incluir-la-erradicacion-del-matrimonio-infantil-en-la-reforma-de-pueblos-indigenas\/#primaryimage"},"image":{"@id":"https:\/\/www.nexoinformativo.mx\/index.php\/2024\/09\/18\/abigail-arredondo-propone-incluir-la-erradicacion-del-matrimonio-infantil-en-la-reforma-de-pueblos-indigenas\/#primaryimage"},"thumbnailUrl":"https:\/\/www.nexoinformativo.mx\/wp-content\/uploads\/2024\/09\/PHOTO-2024-09-18-20-44-44-e1726720185151.jpg","datePublished":"2024-09-19T02:00:40+00:00","dateModified":"2024-09-19T04:34:41+00:00","description":"Abigail Arredondo propone incluir la erradicaci\u00f3n del matrimonio infantil en la reforma de pueblos ind\u00edgenas","breadcrumb":{"@id":"https:\/\/www.nexoinformativo.mx\/index.php\/2024\/09\/18\/abigail-arredondo-propone-incluir-la-erradicacion-del-matrimonio-infantil-en-la-reforma-de-pueblos-indigenas\/#breadcrumb"},"inLanguage":"es","potentialAction":[{"@type":"ReadAction","target":["https:\/\/www.nexoinformativo.mx\/index.php\/2024\/09\/18\/abigail-arredondo-propone-incluir-la-erradicacion-del-matrimonio-infantil-en-la-reforma-de-pueblos-indigenas\/"]}]},{"@type":"ImageObject","inLanguage":"es","@id":"https:\/\/www.nexoinformativo.mx\/index.php\/2024\/09\/18\/abigail-arredondo-propone-incluir-la-erradicacion-del-matrimonio-infantil-en-la-reforma-de-pueblos-indigenas\/#primaryimage","url":"https:\/\/www.nexoinformativo.mx\/wp-content\/uploads\/2024\/09\/PHOTO-2024-09-18-20-44-44-e1726720185151.jpg","contentUrl":"https:\/\/www.nexoinformativo.mx\/wp-content\/uploads\/2024\/09\/PHOTO-2024-09-18-20-44-44-e1726720185151.jpg","width":800,"height":1200},{"@type":"BreadcrumbList","@id":"https:\/\/www.nexoinformativo.mx\/index.php\/2024\/09\/18\/abigail-arredondo-propone-incluir-la-erradicacion-del-matrimonio-infantil-en-la-reforma-de-pueblos-indigenas\/#breadcrumb","itemListElement":[{"@type":"ListItem","position":1,"name":"Inicio","item":"https:\/\/www.nexoinformativo.mx\/"},{"@type":"ListItem","position":2,"name":"Abigail Arredondo propone incluir la erradicaci\u00f3n del matrimonio infantil en la reforma de pueblos ind\u00edgenas"}]},{"@type":"WebSite","@id":"https:\/\/www.nexoinformativo.mx\/#website","url":"https:\/\/www.nexoinformativo.mx\/","name":"Nexo Informativo Santiago de Quer\u00e9taro","description":"Explora NexoInformativo y convi\u00e9rtete en parte de una comunidad que valora el conocimiento y la verdad. Tu nexoinformativo es tu puente hacia una comprensi\u00f3n m\u00e1s profunda del mundo que te rodea.","publisher":{"@id":"https:\/\/www.nexoinformativo.mx\/#organization"},"potentialAction":[{"@type":"SearchAction","target":{"@type":"EntryPoint","urlTemplate":"https:\/\/www.nexoinformativo.mx\/?s={search_term_string}"},"query-input":{"@type":"PropertyValueSpecification","valueRequired":true,"valueName":"search_term_string"}}],"inLanguage":"es"},{"@type":"Organization","@id":"https:\/\/www.nexoinformativo.mx\/#organization","name":"Nexo Informativo Santiago de Quer\u00e9taro","url":"https:\/\/www.nexoinformativo.mx\/","logo":{"@type":"ImageObject","inLanguage":"es","@id":"https:\/\/www.nexoinformativo.mx\/#\/schema\/logo\/image\/","url":"https:\/\/www.nexoinformativo.mx\/wp-content\/uploads\/2024\/07\/nexoi-trasparente-2.png","contentUrl":"https:\/\/www.nexoinformativo.mx\/wp-content\/uploads\/2024\/07\/nexoi-trasparente-2.png","width":816,"height":339,"caption":"Nexo Informativo Santiago de Quer\u00e9taro"},"image":{"@id":"https:\/\/www.nexoinformativo.mx\/#\/schema\/logo\/image\/"},"sameAs":["https:\/\/www.facebook.com\/people\/Nexo-Informativo\/61564066885511\/"]},{"@type":"Person","@id":"https:\/\/www.nexoinformativo.mx\/#\/schema\/person\/7749d380ba08c8ca00d7bc76fd907b7d","name":"Nexo Informativo","image":{"@type":"ImageObject","inLanguage":"es","@id":"https:\/\/www.nexoinformativo.mx\/#\/schema\/person\/image\/","url":"https:\/\/secure.gravatar.com\/avatar\/dde2928154642a13d95f87ddf1ea9718fe2b46760a005c53e41ff5ad610704e6?s=96&d=mm&r=g","contentUrl":"https:\/\/secure.gravatar.com\/avatar\/dde2928154642a13d95f87ddf1ea9718fe2b46760a005c53e41ff5ad610704e6?s=96&d=mm&r=g","caption":"Nexo Informativo"},"url":"https:\/\/www.nexoinformativo.mx\/index.php\/author\/edicion\/"}]}},"_links":{"self":[{"href":"https:\/\/www.nexoinformativo.mx\/index.php\/wp-json\/wp\/v2\/posts\/2098","targetHints":{"allow":["GET"]}}],"collection":[{"href":"https:\/\/www.nexoinformativo.mx\/index.php\/wp-json\/wp\/v2\/posts"}],"about":[{"href":"https:\/\/www.nexoinformativo.mx\/index.php\/wp-json\/wp\/v2\/types\/post"}],"author":[{"embeddable":true,"href":"https:\/\/www.nexoinformativo.mx\/index.php\/wp-json\/wp\/v2\/users\/3"}],"replies":[{"embeddable":true,"href":"https:\/\/www.nexoinformativo.mx\/index.php\/wp-json\/wp\/v2\/comments?post=2098"}],"version-history":[{"count":4,"href":"https:\/\/www.nexoinformativo.mx\/index.php\/wp-json\/wp\/v2\/posts\/2098\/revisions"}],"predecessor-version":[{"id":2101,"href":"https:\/\/www.nexoinformativo.mx\/index.php\/wp-json\/wp\/v2\/posts\/2098\/revisions\/2101"}],"wp:featuredmedia":[{"embeddable":true,"href":"https:\/\/www.nexoinformativo.mx\/index.php\/wp-json\/wp\/v2\/media\/2100"}],"wp:attachment":[{"href":"https:\/\/www.nexoinformativo.mx\/index.php\/wp-json\/wp\/v2\/media?parent=2098"}],"wp:term":[{"taxonomy":"category","embeddable":true,"href":"https:\/\/www.nexoinformativo.mx\/index.php\/wp-json\/wp\/v2\/categories?post=2098"},{"taxonomy":"post_tag","embeddable":true,"href":"https:\/\/www.nexoinformativo.mx\/index.php\/wp-json\/wp\/v2\/tags?post=2098"}],"curies":[{"name":"wp","href":"https:\/\/api.w.org\/{rel}","templated":true}]}}