{"id":2104,"date":"2024-09-18T20:00:13","date_gmt":"2024-09-19T02:00:13","guid":{"rendered":"https:\/\/www.nexoinformativo.mx\/?p=2104"},"modified":"2024-09-18T22:43:29","modified_gmt":"2024-09-19T04:43:29","slug":"tepjf-ratifica-a-rodrigo-monsalvo-como-presidente-municipal-de-el-marques","status":"publish","type":"post","link":"https:\/\/www.nexoinformativo.mx\/index.php\/2024\/09\/18\/tepjf-ratifica-a-rodrigo-monsalvo-como-presidente-municipal-de-el-marques\/","title":{"rendered":"TEPJF ratifica a Rodrigo Monsalvo como presidente municipal de El Marqu\u00e9s"},"content":{"rendered":"<p style=\"text-align: justify;\">El Tribunal Electoral del Poder Judicial de la Federaci\u00f3n<strong> (TEPJF)<\/strong> ha ratificado a Rodrigo Monsalvo Castel\u00e1n como presidente municipal de El Marqu\u00e9s para el periodo 2024-2027, confirmando as\u00ed su triunfo en las elecciones municipales. En sesi\u00f3n p\u00fablica, la Sala Superior, desestimaron las acusaciones del partido Morena y su candidato, Jorge Arturo Lomel\u00ed Noriega, sobre supuestas irregularidades en la contienda electoral.<\/p>\n<p>&nbsp;<\/p>\n<p style=\"text-align: justify;\">El Partido Movimiento de Regeneraci\u00f3n Nacional <strong>(Morena)<\/strong> hab\u00eda presentado una demanda de nulidad electoral ante el Tribunal Electoral del Estado de Quer\u00e9taro <strong>(TEEQ)<\/strong>, argumentando irregularidades en la elecci\u00f3n. Sin embargo, el TEEQ ya hab\u00eda confirmado la validez de la elecci\u00f3n, respaldando el triunfo del candidato del Partido Acci\u00f3n Nacional (PAN).<\/p>\n<p>&nbsp;<\/p>\n<p style=\"text-align: justify;\">Finalmente, el 11 de septiembre, la Sala Superior del <strong>TEPJF<\/strong>, por decisi\u00f3n un\u00e1nime, desech\u00f3 el juicio presentado por Morena, al no encontrar pruebas suficientes para anular los resultados de la elecci\u00f3n. Con este fallo, las instancias judiciales locales y federales quedaron agotadas, ratificando la validez del triunfo de Rodrigo Monsalvo Castel\u00e1n como alcalde de El Marqu\u00e9s.<\/p>\n<p>&nbsp;<\/p>\n<p style=\"text-align: justify;\">La confirmaci\u00f3n del <strong>TEPJF<\/strong> cierra el proceso electoral en El Marqu\u00e9s, consolidando el liderazgo del PAN en la regi\u00f3n y ofreciendo certidumbre pol\u00edtica para el municipio durante los pr\u00f3ximos a\u00f1os.<\/p>\n","protected":false},"excerpt":{"rendered":"<p>El Tribunal Electoral del Poder Judicial de la Federaci\u00f3n (TEPJF) ha ratificado a Rodrigo Monsalvo Castel\u00e1n como presidente municipal de El Marqu\u00e9s para el periodo 2024-2027, confirmando as\u00ed su triunfo en las elecciones municipales.<\/p>\n","protected":false},"author":3,"featured_media":2106,"comment_status":"open","ping_status":"open","sticky":false,"template":"","format":"standard","meta":{"footnotes":""},"categories":[65,21],"tags":[386,776,778,777],"class_list":["post-2104","post","type-post","status-publish","format-standard","has-post-thumbnail","hentry","category-municipios","category-politica","tag-eleccionesqueretaro","tag-elmarques2024","tag-justiciaelectoral","tag-rodrigomonsalvo"],"yoast_head":"<!-- This site is optimized with the Yoast SEO plugin v25.0 - https:\/\/yoast.com\/wordpress\/plugins\/seo\/ -->\n<title>TEPJF ratifica a Rodrigo Monsalvo como presidente municipal de El Marqu\u00e9s | Nexo Informativo Santiago de Quer\u00e9taro<\/title>\n<meta name=\"description\" content=\"TEPJF ratifica a Rodrigo Monsalvo como presidente municipal de El Marqu\u00e9s\" \/>\n<meta name=\"robots\" content=\"index, follow, max-snippet:-1, max-image-preview:large, max-video-preview:-1\" \/>\n<link rel=\"canonical\" href=\"https:\/\/www.nexoinformativo.mx\/index.php\/2024\/09\/18\/tepjf-ratifica-a-rodrigo-monsalvo-como-presidente-municipal-de-el-marques\/\" \/>\n<meta property=\"og:locale\" content=\"es_MX\" \/>\n<meta property=\"og:type\" content=\"article\" \/>\n<meta property=\"og:title\" content=\"TEPJF ratifica a Rodrigo Monsalvo como presidente municipal de El Marqu\u00e9s | Nexo Informativo Santiago de Quer\u00e9taro\" \/>\n<meta property=\"og:description\" content=\"TEPJF ratifica a Rodrigo Monsalvo como presidente municipal de El Marqu\u00e9s\" \/>\n<meta property=\"og:url\" content=\"https:\/\/www.nexoinformativo.mx\/index.php\/2024\/09\/18\/tepjf-ratifica-a-rodrigo-monsalvo-como-presidente-municipal-de-el-marques\/\" \/>\n<meta property=\"og:site_name\" content=\"Nexo Informativo Santiago de Quer\u00e9taro\" \/>\n<meta property=\"article:publisher\" content=\"https:\/\/www.facebook.com\/people\/Nexo-Informativo\/61564066885511\/\" \/>\n<meta property=\"article:published_time\" content=\"2024-09-19T02:00:13+00:00\" \/>\n<meta property=\"article:modified_time\" content=\"2024-09-19T04:43:29+00:00\" \/>\n<meta property=\"og:image\" content=\"https:\/\/www.nexoinformativo.mx\/wp-content\/uploads\/2024\/09\/PHOTO-2024-09-18-20-44-44-2-e1726720812899.jpg\" \/>\n\t<meta property=\"og:image:width\" content=\"800\" \/>\n\t<meta property=\"og:image:height\" content=\"1366\" \/>\n\t<meta property=\"og:image:type\" content=\"image\/jpeg\" \/>\n<meta name=\"author\" content=\"Nexo Informativo\" \/>\n<meta name=\"twitter:card\" content=\"summary_large_image\" \/>\n<meta name=\"twitter:label1\" content=\"Escrito por\" \/>\n\t<meta name=\"twitter:data1\" content=\"Nexo Informativo\" \/>\n\t<meta name=\"twitter:label2\" content=\"Tiempo de lectura\" \/>\n\t<meta name=\"twitter:data2\" content=\"2 minutos\" \/>\n<script type=\"application\/ld+json\" class=\"yoast-schema-graph\">{\"@context\":\"https:\/\/schema.org\",\"@graph\":[{\"@type\":\"Article\",\"@id\":\"https:\/\/www.nexoinformativo.mx\/index.php\/2024\/09\/18\/tepjf-ratifica-a-rodrigo-monsalvo-como-presidente-municipal-de-el-marques\/#article\",\"isPartOf\":{\"@id\":\"https:\/\/www.nexoinformativo.mx\/index.php\/2024\/09\/18\/tepjf-ratifica-a-rodrigo-monsalvo-como-presidente-municipal-de-el-marques\/\"},\"author\":{\"name\":\"Nexo Informativo\",\"@id\":\"https:\/\/www.nexoinformativo.mx\/#\/schema\/person\/7749d380ba08c8ca00d7bc76fd907b7d\"},\"headline\":\"TEPJF ratifica a Rodrigo Monsalvo como presidente municipal de El Marqu\u00e9s\",\"datePublished\":\"2024-09-19T02:00:13+00:00\",\"dateModified\":\"2024-09-19T04:43:29+00:00\",\"mainEntityOfPage\":{\"@id\":\"https:\/\/www.nexoinformativo.mx\/index.php\/2024\/09\/18\/tepjf-ratifica-a-rodrigo-monsalvo-como-presidente-municipal-de-el-marques\/\"},\"wordCount\":233,\"commentCount\":0,\"publisher\":{\"@id\":\"https:\/\/www.nexoinformativo.mx\/#organization\"},\"image\":{\"@id\":\"https:\/\/www.nexoinformativo.mx\/index.php\/2024\/09\/18\/tepjf-ratifica-a-rodrigo-monsalvo-como-presidente-municipal-de-el-marques\/#primaryimage\"},\"thumbnailUrl\":\"https:\/\/www.nexoinformativo.mx\/wp-content\/uploads\/2024\/09\/PHOTO-2024-09-18-20-44-44-2-e1726720812899.jpg\",\"keywords\":[\"EleccionesQuer\u00e9taro\",\"ElMarqu\u00e9s2024\",\"JusticiaElectoral\",\"RodrigoMonsalvo\"],\"articleSection\":[\"Municipios\",\"Pol\u00edtica\"],\"inLanguage\":\"es\",\"potentialAction\":[{\"@type\":\"CommentAction\",\"name\":\"Comment\",\"target\":[\"https:\/\/www.nexoinformativo.mx\/index.php\/2024\/09\/18\/tepjf-ratifica-a-rodrigo-monsalvo-como-presidente-municipal-de-el-marques\/#respond\"]}]},{\"@type\":\"WebPage\",\"@id\":\"https:\/\/www.nexoinformativo.mx\/index.php\/2024\/09\/18\/tepjf-ratifica-a-rodrigo-monsalvo-como-presidente-municipal-de-el-marques\/\",\"url\":\"https:\/\/www.nexoinformativo.mx\/index.php\/2024\/09\/18\/tepjf-ratifica-a-rodrigo-monsalvo-como-presidente-municipal-de-el-marques\/\",\"name\":\"TEPJF ratifica a Rodrigo Monsalvo como presidente municipal de El Marqu\u00e9s | Nexo Informativo Santiago de Quer\u00e9taro\",\"isPartOf\":{\"@id\":\"https:\/\/www.nexoinformativo.mx\/#website\"},\"primaryImageOfPage\":{\"@id\":\"https:\/\/www.nexoinformativo.mx\/index.php\/2024\/09\/18\/tepjf-ratifica-a-rodrigo-monsalvo-como-presidente-municipal-de-el-marques\/#primaryimage\"},\"image\":{\"@id\":\"https:\/\/www.nexoinformativo.mx\/index.php\/2024\/09\/18\/tepjf-ratifica-a-rodrigo-monsalvo-como-presidente-municipal-de-el-marques\/#primaryimage\"},\"thumbnailUrl\":\"https:\/\/www.nexoinformativo.mx\/wp-content\/uploads\/2024\/09\/PHOTO-2024-09-18-20-44-44-2-e1726720812899.jpg\",\"datePublished\":\"2024-09-19T02:00:13+00:00\",\"dateModified\":\"2024-09-19T04:43:29+00:00\",\"description\":\"TEPJF ratifica a Rodrigo Monsalvo como presidente municipal de El Marqu\u00e9s\",\"breadcrumb\":{\"@id\":\"https:\/\/www.nexoinformativo.mx\/index.php\/2024\/09\/18\/tepjf-ratifica-a-rodrigo-monsalvo-como-presidente-municipal-de-el-marques\/#breadcrumb\"},\"inLanguage\":\"es\",\"potentialAction\":[{\"@type\":\"ReadAction\",\"target\":[\"https:\/\/www.nexoinformativo.mx\/index.php\/2024\/09\/18\/tepjf-ratifica-a-rodrigo-monsalvo-como-presidente-municipal-de-el-marques\/\"]}]},{\"@type\":\"ImageObject\",\"inLanguage\":\"es\",\"@id\":\"https:\/\/www.nexoinformativo.mx\/index.php\/2024\/09\/18\/tepjf-ratifica-a-rodrigo-monsalvo-como-presidente-municipal-de-el-marques\/#primaryimage\",\"url\":\"https:\/\/www.nexoinformativo.mx\/wp-content\/uploads\/2024\/09\/PHOTO-2024-09-18-20-44-44-2-e1726720812899.jpg\",\"contentUrl\":\"https:\/\/www.nexoinformativo.mx\/wp-content\/uploads\/2024\/09\/PHOTO-2024-09-18-20-44-44-2-e1726720812899.jpg\",\"width\":800,\"height\":1366},{\"@type\":\"BreadcrumbList\",\"@id\":\"https:\/\/www.nexoinformativo.mx\/index.php\/2024\/09\/18\/tepjf-ratifica-a-rodrigo-monsalvo-como-presidente-municipal-de-el-marques\/#breadcrumb\",\"itemListElement\":[{\"@type\":\"ListItem\",\"position\":1,\"name\":\"Inicio\",\"item\":\"https:\/\/www.nexoinformativo.mx\/\"},{\"@type\":\"ListItem\",\"position\":2,\"name\":\"TEPJF ratifica a Rodrigo Monsalvo como presidente municipal de El Marqu\u00e9s\"}]},{\"@type\":\"WebSite\",\"@id\":\"https:\/\/www.nexoinformativo.mx\/#website\",\"url\":\"https:\/\/www.nexoinformativo.mx\/\",\"name\":\"Nexo Informativo Santiago de Quer\u00e9taro\",\"description\":\"Explora NexoInformativo y convi\u00e9rtete en parte de una comunidad que valora el conocimiento y la verdad. Tu nexoinformativo es tu puente hacia una comprensi\u00f3n m\u00e1s profunda del mundo que te rodea.\",\"publisher\":{\"@id\":\"https:\/\/www.nexoinformativo.mx\/#organization\"},\"potentialAction\":[{\"@type\":\"SearchAction\",\"target\":{\"@type\":\"EntryPoint\",\"urlTemplate\":\"https:\/\/www.nexoinformativo.mx\/?s={search_term_string}\"},\"query-input\":{\"@type\":\"PropertyValueSpecification\",\"valueRequired\":true,\"valueName\":\"search_term_string\"}}],\"inLanguage\":\"es\"},{\"@type\":\"Organization\",\"@id\":\"https:\/\/www.nexoinformativo.mx\/#organization\",\"name\":\"Nexo Informativo Santiago de Quer\u00e9taro\",\"url\":\"https:\/\/www.nexoinformativo.mx\/\",\"logo\":{\"@type\":\"ImageObject\",\"inLanguage\":\"es\",\"@id\":\"https:\/\/www.nexoinformativo.mx\/#\/schema\/logo\/image\/\",\"url\":\"https:\/\/www.nexoinformativo.mx\/wp-content\/uploads\/2024\/07\/nexoi-trasparente-2.png\",\"contentUrl\":\"https:\/\/www.nexoinformativo.mx\/wp-content\/uploads\/2024\/07\/nexoi-trasparente-2.png\",\"width\":816,\"height\":339,\"caption\":\"Nexo Informativo Santiago de Quer\u00e9taro\"},\"image\":{\"@id\":\"https:\/\/www.nexoinformativo.mx\/#\/schema\/logo\/image\/\"},\"sameAs\":[\"https:\/\/www.facebook.com\/people\/Nexo-Informativo\/61564066885511\/\"]},{\"@type\":\"Person\",\"@id\":\"https:\/\/www.nexoinformativo.mx\/#\/schema\/person\/7749d380ba08c8ca00d7bc76fd907b7d\",\"name\":\"Nexo Informativo\",\"image\":{\"@type\":\"ImageObject\",\"inLanguage\":\"es\",\"@id\":\"https:\/\/www.nexoinformativo.mx\/#\/schema\/person\/image\/\",\"url\":\"https:\/\/secure.gravatar.com\/avatar\/dde2928154642a13d95f87ddf1ea9718fe2b46760a005c53e41ff5ad610704e6?s=96&d=mm&r=g\",\"contentUrl\":\"https:\/\/secure.gravatar.com\/avatar\/dde2928154642a13d95f87ddf1ea9718fe2b46760a005c53e41ff5ad610704e6?s=96&d=mm&r=g\",\"caption\":\"Nexo Informativo\"},\"url\":\"https:\/\/www.nexoinformativo.mx\/index.php\/author\/edicion\/\"}]}<\/script>\n<!-- \/ Yoast SEO plugin. -->","yoast_head_json":{"title":"TEPJF ratifica a Rodrigo Monsalvo como presidente municipal de El Marqu\u00e9s | Nexo Informativo Santiago de Quer\u00e9taro","description":"TEPJF ratifica a Rodrigo Monsalvo como presidente municipal de El Marqu\u00e9s","robots":{"index":"index","follow":"follow","max-snippet":"max-snippet:-1","max-image-preview":"max-image-preview:large","max-video-preview":"max-video-preview:-1"},"canonical":"https:\/\/www.nexoinformativo.mx\/index.php\/2024\/09\/18\/tepjf-ratifica-a-rodrigo-monsalvo-como-presidente-municipal-de-el-marques\/","og_locale":"es_MX","og_type":"article","og_title":"TEPJF ratifica a Rodrigo Monsalvo como presidente municipal de El Marqu\u00e9s | Nexo Informativo Santiago de Quer\u00e9taro","og_description":"TEPJF ratifica a Rodrigo Monsalvo como presidente municipal de El Marqu\u00e9s","og_url":"https:\/\/www.nexoinformativo.mx\/index.php\/2024\/09\/18\/tepjf-ratifica-a-rodrigo-monsalvo-como-presidente-municipal-de-el-marques\/","og_site_name":"Nexo Informativo Santiago de Quer\u00e9taro","article_publisher":"https:\/\/www.facebook.com\/people\/Nexo-Informativo\/61564066885511\/","article_published_time":"2024-09-19T02:00:13+00:00","article_modified_time":"2024-09-19T04:43:29+00:00","og_image":[{"width":800,"height":1366,"url":"https:\/\/www.nexoinformativo.mx\/wp-content\/uploads\/2024\/09\/PHOTO-2024-09-18-20-44-44-2-e1726720812899.jpg","type":"image\/jpeg"}],"author":"Nexo Informativo","twitter_card":"summary_large_image","twitter_misc":{"Escrito por":"Nexo Informativo","Tiempo de lectura":"2 minutos"},"schema":{"@context":"https:\/\/schema.org","@graph":[{"@type":"Article","@id":"https:\/\/www.nexoinformativo.mx\/index.php\/2024\/09\/18\/tepjf-ratifica-a-rodrigo-monsalvo-como-presidente-municipal-de-el-marques\/#article","isPartOf":{"@id":"https:\/\/www.nexoinformativo.mx\/index.php\/2024\/09\/18\/tepjf-ratifica-a-rodrigo-monsalvo-como-presidente-municipal-de-el-marques\/"},"author":{"name":"Nexo Informativo","@id":"https:\/\/www.nexoinformativo.mx\/#\/schema\/person\/7749d380ba08c8ca00d7bc76fd907b7d"},"headline":"TEPJF ratifica a Rodrigo Monsalvo como presidente municipal de El Marqu\u00e9s","datePublished":"2024-09-19T02:00:13+00:00","dateModified":"2024-09-19T04:43:29+00:00","mainEntityOfPage":{"@id":"https:\/\/www.nexoinformativo.mx\/index.php\/2024\/09\/18\/tepjf-ratifica-a-rodrigo-monsalvo-como-presidente-municipal-de-el-marques\/"},"wordCount":233,"commentCount":0,"publisher":{"@id":"https:\/\/www.nexoinformativo.mx\/#organization"},"image":{"@id":"https:\/\/www.nexoinformativo.mx\/index.php\/2024\/09\/18\/tepjf-ratifica-a-rodrigo-monsalvo-como-presidente-municipal-de-el-marques\/#primaryimage"},"thumbnailUrl":"https:\/\/www.nexoinformativo.mx\/wp-content\/uploads\/2024\/09\/PHOTO-2024-09-18-20-44-44-2-e1726720812899.jpg","keywords":["EleccionesQuer\u00e9taro","ElMarqu\u00e9s2024","JusticiaElectoral","RodrigoMonsalvo"],"articleSection":["Municipios","Pol\u00edtica"],"inLanguage":"es","potentialAction":[{"@type":"CommentAction","name":"Comment","target":["https:\/\/www.nexoinformativo.mx\/index.php\/2024\/09\/18\/tepjf-ratifica-a-rodrigo-monsalvo-como-presidente-municipal-de-el-marques\/#respond"]}]},{"@type":"WebPage","@id":"https:\/\/www.nexoinformativo.mx\/index.php\/2024\/09\/18\/tepjf-ratifica-a-rodrigo-monsalvo-como-presidente-municipal-de-el-marques\/","url":"https:\/\/www.nexoinformativo.mx\/index.php\/2024\/09\/18\/tepjf-ratifica-a-rodrigo-monsalvo-como-presidente-municipal-de-el-marques\/","name":"TEPJF ratifica a Rodrigo Monsalvo como presidente municipal de El Marqu\u00e9s | Nexo Informativo Santiago de Quer\u00e9taro","isPartOf":{"@id":"https:\/\/www.nexoinformativo.mx\/#website"},"primaryImageOfPage":{"@id":"https:\/\/www.nexoinformativo.mx\/index.php\/2024\/09\/18\/tepjf-ratifica-a-rodrigo-monsalvo-como-presidente-municipal-de-el-marques\/#primaryimage"},"image":{"@id":"https:\/\/www.nexoinformativo.mx\/index.php\/2024\/09\/18\/tepjf-ratifica-a-rodrigo-monsalvo-como-presidente-municipal-de-el-marques\/#primaryimage"},"thumbnailUrl":"https:\/\/www.nexoinformativo.mx\/wp-content\/uploads\/2024\/09\/PHOTO-2024-09-18-20-44-44-2-e1726720812899.jpg","datePublished":"2024-09-19T02:00:13+00:00","dateModified":"2024-09-19T04:43:29+00:00","description":"TEPJF ratifica a Rodrigo Monsalvo como presidente municipal de El Marqu\u00e9s","breadcrumb":{"@id":"https:\/\/www.nexoinformativo.mx\/index.php\/2024\/09\/18\/tepjf-ratifica-a-rodrigo-monsalvo-como-presidente-municipal-de-el-marques\/#breadcrumb"},"inLanguage":"es","potentialAction":[{"@type":"ReadAction","target":["https:\/\/www.nexoinformativo.mx\/index.php\/2024\/09\/18\/tepjf-ratifica-a-rodrigo-monsalvo-como-presidente-municipal-de-el-marques\/"]}]},{"@type":"ImageObject","inLanguage":"es","@id":"https:\/\/www.nexoinformativo.mx\/index.php\/2024\/09\/18\/tepjf-ratifica-a-rodrigo-monsalvo-como-presidente-municipal-de-el-marques\/#primaryimage","url":"https:\/\/www.nexoinformativo.mx\/wp-content\/uploads\/2024\/09\/PHOTO-2024-09-18-20-44-44-2-e1726720812899.jpg","contentUrl":"https:\/\/www.nexoinformativo.mx\/wp-content\/uploads\/2024\/09\/PHOTO-2024-09-18-20-44-44-2-e1726720812899.jpg","width":800,"height":1366},{"@type":"BreadcrumbList","@id":"https:\/\/www.nexoinformativo.mx\/index.php\/2024\/09\/18\/tepjf-ratifica-a-rodrigo-monsalvo-como-presidente-municipal-de-el-marques\/#breadcrumb","itemListElement":[{"@type":"ListItem","position":1,"name":"Inicio","item":"https:\/\/www.nexoinformativo.mx\/"},{"@type":"ListItem","position":2,"name":"TEPJF ratifica a Rodrigo Monsalvo como presidente municipal de El Marqu\u00e9s"}]},{"@type":"WebSite","@id":"https:\/\/www.nexoinformativo.mx\/#website","url":"https:\/\/www.nexoinformativo.mx\/","name":"Nexo Informativo Santiago de Quer\u00e9taro","description":"Explora NexoInformativo y convi\u00e9rtete en parte de una comunidad que valora el conocimiento y la verdad. Tu nexoinformativo es tu puente hacia una comprensi\u00f3n m\u00e1s profunda del mundo que te rodea.","publisher":{"@id":"https:\/\/www.nexoinformativo.mx\/#organization"},"potentialAction":[{"@type":"SearchAction","target":{"@type":"EntryPoint","urlTemplate":"https:\/\/www.nexoinformativo.mx\/?s={search_term_string}"},"query-input":{"@type":"PropertyValueSpecification","valueRequired":true,"valueName":"search_term_string"}}],"inLanguage":"es"},{"@type":"Organization","@id":"https:\/\/www.nexoinformativo.mx\/#organization","name":"Nexo Informativo Santiago de Quer\u00e9taro","url":"https:\/\/www.nexoinformativo.mx\/","logo":{"@type":"ImageObject","inLanguage":"es","@id":"https:\/\/www.nexoinformativo.mx\/#\/schema\/logo\/image\/","url":"https:\/\/www.nexoinformativo.mx\/wp-content\/uploads\/2024\/07\/nexoi-trasparente-2.png","contentUrl":"https:\/\/www.nexoinformativo.mx\/wp-content\/uploads\/2024\/07\/nexoi-trasparente-2.png","width":816,"height":339,"caption":"Nexo Informativo Santiago de Quer\u00e9taro"},"image":{"@id":"https:\/\/www.nexoinformativo.mx\/#\/schema\/logo\/image\/"},"sameAs":["https:\/\/www.facebook.com\/people\/Nexo-Informativo\/61564066885511\/"]},{"@type":"Person","@id":"https:\/\/www.nexoinformativo.mx\/#\/schema\/person\/7749d380ba08c8ca00d7bc76fd907b7d","name":"Nexo Informativo","image":{"@type":"ImageObject","inLanguage":"es","@id":"https:\/\/www.nexoinformativo.mx\/#\/schema\/person\/image\/","url":"https:\/\/secure.gravatar.com\/avatar\/dde2928154642a13d95f87ddf1ea9718fe2b46760a005c53e41ff5ad610704e6?s=96&d=mm&r=g","contentUrl":"https:\/\/secure.gravatar.com\/avatar\/dde2928154642a13d95f87ddf1ea9718fe2b46760a005c53e41ff5ad610704e6?s=96&d=mm&r=g","caption":"Nexo Informativo"},"url":"https:\/\/www.nexoinformativo.mx\/index.php\/author\/edicion\/"}]}},"_links":{"self":[{"href":"https:\/\/www.nexoinformativo.mx\/index.php\/wp-json\/wp\/v2\/posts\/2104","targetHints":{"allow":["GET"]}}],"collection":[{"href":"https:\/\/www.nexoinformativo.mx\/index.php\/wp-json\/wp\/v2\/posts"}],"about":[{"href":"https:\/\/www.nexoinformativo.mx\/index.php\/wp-json\/wp\/v2\/types\/post"}],"author":[{"embeddable":true,"href":"https:\/\/www.nexoinformativo.mx\/index.php\/wp-json\/wp\/v2\/users\/3"}],"replies":[{"embeddable":true,"href":"https:\/\/www.nexoinformativo.mx\/index.php\/wp-json\/wp\/v2\/comments?post=2104"}],"version-history":[{"count":3,"href":"https:\/\/www.nexoinformativo.mx\/index.php\/wp-json\/wp\/v2\/posts\/2104\/revisions"}],"predecessor-version":[{"id":2108,"href":"https:\/\/www.nexoinformativo.mx\/index.php\/wp-json\/wp\/v2\/posts\/2104\/revisions\/2108"}],"wp:featuredmedia":[{"embeddable":true,"href":"https:\/\/www.nexoinformativo.mx\/index.php\/wp-json\/wp\/v2\/media\/2106"}],"wp:attachment":[{"href":"https:\/\/www.nexoinformativo.mx\/index.php\/wp-json\/wp\/v2\/media?parent=2104"}],"wp:term":[{"taxonomy":"category","embeddable":true,"href":"https:\/\/www.nexoinformativo.mx\/index.php\/wp-json\/wp\/v2\/categories?post=2104"},{"taxonomy":"post_tag","embeddable":true,"href":"https:\/\/www.nexoinformativo.mx\/index.php\/wp-json\/wp\/v2\/tags?post=2104"}],"curies":[{"name":"wp","href":"https:\/\/api.w.org\/{rel}","templated":true}]}}