{"id":2112,"date":"2024-09-18T18:00:46","date_gmt":"2024-09-19T00:00:46","guid":{"rendered":"https:\/\/www.nexoinformativo.mx\/?p=2112"},"modified":"2024-09-18T23:39:03","modified_gmt":"2024-09-19T05:39:03","slug":"tepjf-ratifica-triunfo-de-roberto-cabrera-como-alcalde-de-san-juan-del-rio","status":"publish","type":"post","link":"https:\/\/www.nexoinformativo.mx\/index.php\/2024\/09\/18\/tepjf-ratifica-triunfo-de-roberto-cabrera-como-alcalde-de-san-juan-del-rio\/","title":{"rendered":"TEPJF ratifica triunfo de Roberto Cabrera como alcalde de San Juan del R\u00edo"},"content":{"rendered":"<p style=\"text-align: justify;\">La Sala Regional Toluca del Tribunal Electoral del Poder Judicial de la Federaci\u00f3n (TEPJF) ratific\u00f3 el triunfo de Roberto Cabrera Valencia, candidato del Partido Acci\u00f3n Nacional (PAN), como presidente municipal de San Juan del R\u00edo. La decisi\u00f3n respalda la resoluci\u00f3n del Tribunal Electoral del Estado de Quer\u00e9taro (TEEQ) y desestima el recurso presentado por Morena.<\/p>\n<p>&nbsp;<\/p>\n<p style=\"text-align: justify;\">Leonor Mej\u00eda Barraza, presidenta estatal del PAN, celebr\u00f3 el fallo y subray\u00f3 que la voluntad de los ciudadanos sanjuanenses se ha respetado. Mej\u00eda afirm\u00f3 que Cabrera seguir\u00e1 trabajando con determinaci\u00f3n por el bienestar de San Juan del R\u00edo, garantizando paz social y gobernabilidad.<\/p>\n<p>&nbsp;<\/p>\n<p style=\"text-align: justify;\">Este respaldo al gobierno de Cabrera permitir\u00e1 la continuidad de proyectos y resultados en favor de la comunidad, consolidando un rumbo claro para el municipio.<\/p>\n","protected":false},"excerpt":{"rendered":"<p>La Sala Regional Toluca del Tribunal Electoral del Poder Judicial de la Federaci\u00f3n (TEPJF) ratific\u00f3 el triunfo de Roberto Cabrera Valencia, candidato del Partido Acci\u00f3n Nacional (PAN), como presidente municipal de San Juan del R\u00edo.<\/p>\n","protected":false},"author":3,"featured_media":2113,"comment_status":"open","ping_status":"open","sticky":false,"template":"","format":"standard","meta":{"footnotes":""},"categories":[65,21,58],"tags":[236,780,382,779],"class_list":["post-2112","post","type-post","status-publish","format-standard","has-post-thumbnail","hentry","category-municipios","category-politica","category-ultima-hora","tag-gobiernomunicipal","tag-robertocabrera","tag-sanjuandelrio","tag-tepjf"],"yoast_head":"<!-- This site is optimized with the Yoast SEO plugin v25.0 - https:\/\/yoast.com\/wordpress\/plugins\/seo\/ -->\n<title>TEPJF ratifica triunfo de Roberto Cabrera como alcalde de San Juan del R\u00edo | Nexo Informativo Santiago de Quer\u00e9taro<\/title>\n<meta name=\"description\" content=\"TEPJF ratifica triunfo de Roberto Cabrera como alcalde de San Juan del R\u00edo\" \/>\n<meta name=\"robots\" content=\"index, follow, max-snippet:-1, max-image-preview:large, max-video-preview:-1\" \/>\n<link rel=\"canonical\" href=\"https:\/\/www.nexoinformativo.mx\/index.php\/2024\/09\/18\/tepjf-ratifica-triunfo-de-roberto-cabrera-como-alcalde-de-san-juan-del-rio\/\" \/>\n<meta property=\"og:locale\" content=\"es_MX\" \/>\n<meta property=\"og:type\" content=\"article\" \/>\n<meta property=\"og:title\" content=\"TEPJF ratifica triunfo de Roberto Cabrera como alcalde de San Juan del R\u00edo | Nexo Informativo Santiago de Quer\u00e9taro\" \/>\n<meta property=\"og:description\" content=\"TEPJF ratifica triunfo de Roberto Cabrera como alcalde de San Juan del R\u00edo\" \/>\n<meta property=\"og:url\" content=\"https:\/\/www.nexoinformativo.mx\/index.php\/2024\/09\/18\/tepjf-ratifica-triunfo-de-roberto-cabrera-como-alcalde-de-san-juan-del-rio\/\" \/>\n<meta property=\"og:site_name\" content=\"Nexo Informativo Santiago de Quer\u00e9taro\" \/>\n<meta property=\"article:publisher\" content=\"https:\/\/www.facebook.com\/people\/Nexo-Informativo\/61564066885511\/\" \/>\n<meta property=\"article:published_time\" content=\"2024-09-19T00:00:46+00:00\" \/>\n<meta property=\"article:modified_time\" content=\"2024-09-19T05:39:03+00:00\" \/>\n<meta property=\"og:image\" content=\"https:\/\/www.nexoinformativo.mx\/wp-content\/uploads\/2024\/09\/unnamed-6-1-e1726724166184.jpg\" \/>\n\t<meta property=\"og:image:width\" content=\"800\" \/>\n\t<meta property=\"og:image:height\" content=\"533\" \/>\n\t<meta property=\"og:image:type\" content=\"image\/jpeg\" \/>\n<meta name=\"author\" content=\"Nexo Informativo\" \/>\n<meta name=\"twitter:card\" content=\"summary_large_image\" \/>\n<meta name=\"twitter:label1\" content=\"Escrito por\" \/>\n\t<meta name=\"twitter:data1\" content=\"Nexo Informativo\" \/>\n\t<meta name=\"twitter:label2\" content=\"Tiempo de lectura\" \/>\n\t<meta name=\"twitter:data2\" content=\"1 minuto\" \/>\n<script type=\"application\/ld+json\" class=\"yoast-schema-graph\">{\"@context\":\"https:\/\/schema.org\",\"@graph\":[{\"@type\":\"Article\",\"@id\":\"https:\/\/www.nexoinformativo.mx\/index.php\/2024\/09\/18\/tepjf-ratifica-triunfo-de-roberto-cabrera-como-alcalde-de-san-juan-del-rio\/#article\",\"isPartOf\":{\"@id\":\"https:\/\/www.nexoinformativo.mx\/index.php\/2024\/09\/18\/tepjf-ratifica-triunfo-de-roberto-cabrera-como-alcalde-de-san-juan-del-rio\/\"},\"author\":{\"name\":\"Nexo Informativo\",\"@id\":\"https:\/\/www.nexoinformativo.mx\/#\/schema\/person\/7749d380ba08c8ca00d7bc76fd907b7d\"},\"headline\":\"TEPJF ratifica triunfo de Roberto Cabrera como alcalde de San Juan del R\u00edo\",\"datePublished\":\"2024-09-19T00:00:46+00:00\",\"dateModified\":\"2024-09-19T05:39:03+00:00\",\"mainEntityOfPage\":{\"@id\":\"https:\/\/www.nexoinformativo.mx\/index.php\/2024\/09\/18\/tepjf-ratifica-triunfo-de-roberto-cabrera-como-alcalde-de-san-juan-del-rio\/\"},\"wordCount\":149,\"commentCount\":0,\"publisher\":{\"@id\":\"https:\/\/www.nexoinformativo.mx\/#organization\"},\"image\":{\"@id\":\"https:\/\/www.nexoinformativo.mx\/index.php\/2024\/09\/18\/tepjf-ratifica-triunfo-de-roberto-cabrera-como-alcalde-de-san-juan-del-rio\/#primaryimage\"},\"thumbnailUrl\":\"https:\/\/www.nexoinformativo.mx\/wp-content\/uploads\/2024\/09\/unnamed-6-1-e1726724166184.jpg\",\"keywords\":[\"GobiernoMunicipal\",\"RobertoCabrera\",\"SanJuanDelR\u00edo\",\"TEPJF\"],\"articleSection\":[\"Municipios\",\"Pol\u00edtica\",\"\u00daltima Hora\"],\"inLanguage\":\"es\",\"potentialAction\":[{\"@type\":\"CommentAction\",\"name\":\"Comment\",\"target\":[\"https:\/\/www.nexoinformativo.mx\/index.php\/2024\/09\/18\/tepjf-ratifica-triunfo-de-roberto-cabrera-como-alcalde-de-san-juan-del-rio\/#respond\"]}]},{\"@type\":\"WebPage\",\"@id\":\"https:\/\/www.nexoinformativo.mx\/index.php\/2024\/09\/18\/tepjf-ratifica-triunfo-de-roberto-cabrera-como-alcalde-de-san-juan-del-rio\/\",\"url\":\"https:\/\/www.nexoinformativo.mx\/index.php\/2024\/09\/18\/tepjf-ratifica-triunfo-de-roberto-cabrera-como-alcalde-de-san-juan-del-rio\/\",\"name\":\"TEPJF ratifica triunfo de Roberto Cabrera como alcalde de San Juan del R\u00edo | Nexo Informativo Santiago de Quer\u00e9taro\",\"isPartOf\":{\"@id\":\"https:\/\/www.nexoinformativo.mx\/#website\"},\"primaryImageOfPage\":{\"@id\":\"https:\/\/www.nexoinformativo.mx\/index.php\/2024\/09\/18\/tepjf-ratifica-triunfo-de-roberto-cabrera-como-alcalde-de-san-juan-del-rio\/#primaryimage\"},\"image\":{\"@id\":\"https:\/\/www.nexoinformativo.mx\/index.php\/2024\/09\/18\/tepjf-ratifica-triunfo-de-roberto-cabrera-como-alcalde-de-san-juan-del-rio\/#primaryimage\"},\"thumbnailUrl\":\"https:\/\/www.nexoinformativo.mx\/wp-content\/uploads\/2024\/09\/unnamed-6-1-e1726724166184.jpg\",\"datePublished\":\"2024-09-19T00:00:46+00:00\",\"dateModified\":\"2024-09-19T05:39:03+00:00\",\"description\":\"TEPJF ratifica triunfo de Roberto Cabrera como alcalde de San Juan del R\u00edo\",\"breadcrumb\":{\"@id\":\"https:\/\/www.nexoinformativo.mx\/index.php\/2024\/09\/18\/tepjf-ratifica-triunfo-de-roberto-cabrera-como-alcalde-de-san-juan-del-rio\/#breadcrumb\"},\"inLanguage\":\"es\",\"potentialAction\":[{\"@type\":\"ReadAction\",\"target\":[\"https:\/\/www.nexoinformativo.mx\/index.php\/2024\/09\/18\/tepjf-ratifica-triunfo-de-roberto-cabrera-como-alcalde-de-san-juan-del-rio\/\"]}]},{\"@type\":\"ImageObject\",\"inLanguage\":\"es\",\"@id\":\"https:\/\/www.nexoinformativo.mx\/index.php\/2024\/09\/18\/tepjf-ratifica-triunfo-de-roberto-cabrera-como-alcalde-de-san-juan-del-rio\/#primaryimage\",\"url\":\"https:\/\/www.nexoinformativo.mx\/wp-content\/uploads\/2024\/09\/unnamed-6-1-e1726724166184.jpg\",\"contentUrl\":\"https:\/\/www.nexoinformativo.mx\/wp-content\/uploads\/2024\/09\/unnamed-6-1-e1726724166184.jpg\",\"width\":800,\"height\":533},{\"@type\":\"BreadcrumbList\",\"@id\":\"https:\/\/www.nexoinformativo.mx\/index.php\/2024\/09\/18\/tepjf-ratifica-triunfo-de-roberto-cabrera-como-alcalde-de-san-juan-del-rio\/#breadcrumb\",\"itemListElement\":[{\"@type\":\"ListItem\",\"position\":1,\"name\":\"Inicio\",\"item\":\"https:\/\/www.nexoinformativo.mx\/\"},{\"@type\":\"ListItem\",\"position\":2,\"name\":\"TEPJF ratifica triunfo de Roberto Cabrera como alcalde de San Juan del R\u00edo\"}]},{\"@type\":\"WebSite\",\"@id\":\"https:\/\/www.nexoinformativo.mx\/#website\",\"url\":\"https:\/\/www.nexoinformativo.mx\/\",\"name\":\"Nexo Informativo Santiago de Quer\u00e9taro\",\"description\":\"Explora NexoInformativo y convi\u00e9rtete en parte de una comunidad que valora el conocimiento y la verdad. Tu nexoinformativo es tu puente hacia una comprensi\u00f3n m\u00e1s profunda del mundo que te rodea.\",\"publisher\":{\"@id\":\"https:\/\/www.nexoinformativo.mx\/#organization\"},\"potentialAction\":[{\"@type\":\"SearchAction\",\"target\":{\"@type\":\"EntryPoint\",\"urlTemplate\":\"https:\/\/www.nexoinformativo.mx\/?s={search_term_string}\"},\"query-input\":{\"@type\":\"PropertyValueSpecification\",\"valueRequired\":true,\"valueName\":\"search_term_string\"}}],\"inLanguage\":\"es\"},{\"@type\":\"Organization\",\"@id\":\"https:\/\/www.nexoinformativo.mx\/#organization\",\"name\":\"Nexo Informativo Santiago de Quer\u00e9taro\",\"url\":\"https:\/\/www.nexoinformativo.mx\/\",\"logo\":{\"@type\":\"ImageObject\",\"inLanguage\":\"es\",\"@id\":\"https:\/\/www.nexoinformativo.mx\/#\/schema\/logo\/image\/\",\"url\":\"https:\/\/www.nexoinformativo.mx\/wp-content\/uploads\/2024\/07\/nexoi-trasparente-2.png\",\"contentUrl\":\"https:\/\/www.nexoinformativo.mx\/wp-content\/uploads\/2024\/07\/nexoi-trasparente-2.png\",\"width\":816,\"height\":339,\"caption\":\"Nexo Informativo Santiago de Quer\u00e9taro\"},\"image\":{\"@id\":\"https:\/\/www.nexoinformativo.mx\/#\/schema\/logo\/image\/\"},\"sameAs\":[\"https:\/\/www.facebook.com\/people\/Nexo-Informativo\/61564066885511\/\"]},{\"@type\":\"Person\",\"@id\":\"https:\/\/www.nexoinformativo.mx\/#\/schema\/person\/7749d380ba08c8ca00d7bc76fd907b7d\",\"name\":\"Nexo Informativo\",\"image\":{\"@type\":\"ImageObject\",\"inLanguage\":\"es\",\"@id\":\"https:\/\/www.nexoinformativo.mx\/#\/schema\/person\/image\/\",\"url\":\"https:\/\/secure.gravatar.com\/avatar\/dde2928154642a13d95f87ddf1ea9718fe2b46760a005c53e41ff5ad610704e6?s=96&d=mm&r=g\",\"contentUrl\":\"https:\/\/secure.gravatar.com\/avatar\/dde2928154642a13d95f87ddf1ea9718fe2b46760a005c53e41ff5ad610704e6?s=96&d=mm&r=g\",\"caption\":\"Nexo Informativo\"},\"url\":\"https:\/\/www.nexoinformativo.mx\/index.php\/author\/edicion\/\"}]}<\/script>\n<!-- \/ Yoast SEO plugin. -->","yoast_head_json":{"title":"TEPJF ratifica triunfo de Roberto Cabrera como alcalde de San Juan del R\u00edo | Nexo Informativo Santiago de Quer\u00e9taro","description":"TEPJF ratifica triunfo de Roberto Cabrera como alcalde de San Juan del R\u00edo","robots":{"index":"index","follow":"follow","max-snippet":"max-snippet:-1","max-image-preview":"max-image-preview:large","max-video-preview":"max-video-preview:-1"},"canonical":"https:\/\/www.nexoinformativo.mx\/index.php\/2024\/09\/18\/tepjf-ratifica-triunfo-de-roberto-cabrera-como-alcalde-de-san-juan-del-rio\/","og_locale":"es_MX","og_type":"article","og_title":"TEPJF ratifica triunfo de Roberto Cabrera como alcalde de San Juan del R\u00edo | Nexo Informativo Santiago de Quer\u00e9taro","og_description":"TEPJF ratifica triunfo de Roberto Cabrera como alcalde de San Juan del R\u00edo","og_url":"https:\/\/www.nexoinformativo.mx\/index.php\/2024\/09\/18\/tepjf-ratifica-triunfo-de-roberto-cabrera-como-alcalde-de-san-juan-del-rio\/","og_site_name":"Nexo Informativo Santiago de Quer\u00e9taro","article_publisher":"https:\/\/www.facebook.com\/people\/Nexo-Informativo\/61564066885511\/","article_published_time":"2024-09-19T00:00:46+00:00","article_modified_time":"2024-09-19T05:39:03+00:00","og_image":[{"width":800,"height":533,"url":"https:\/\/www.nexoinformativo.mx\/wp-content\/uploads\/2024\/09\/unnamed-6-1-e1726724166184.jpg","type":"image\/jpeg"}],"author":"Nexo Informativo","twitter_card":"summary_large_image","twitter_misc":{"Escrito por":"Nexo Informativo","Tiempo de lectura":"1 minuto"},"schema":{"@context":"https:\/\/schema.org","@graph":[{"@type":"Article","@id":"https:\/\/www.nexoinformativo.mx\/index.php\/2024\/09\/18\/tepjf-ratifica-triunfo-de-roberto-cabrera-como-alcalde-de-san-juan-del-rio\/#article","isPartOf":{"@id":"https:\/\/www.nexoinformativo.mx\/index.php\/2024\/09\/18\/tepjf-ratifica-triunfo-de-roberto-cabrera-como-alcalde-de-san-juan-del-rio\/"},"author":{"name":"Nexo Informativo","@id":"https:\/\/www.nexoinformativo.mx\/#\/schema\/person\/7749d380ba08c8ca00d7bc76fd907b7d"},"headline":"TEPJF ratifica triunfo de Roberto Cabrera como alcalde de San Juan del R\u00edo","datePublished":"2024-09-19T00:00:46+00:00","dateModified":"2024-09-19T05:39:03+00:00","mainEntityOfPage":{"@id":"https:\/\/www.nexoinformativo.mx\/index.php\/2024\/09\/18\/tepjf-ratifica-triunfo-de-roberto-cabrera-como-alcalde-de-san-juan-del-rio\/"},"wordCount":149,"commentCount":0,"publisher":{"@id":"https:\/\/www.nexoinformativo.mx\/#organization"},"image":{"@id":"https:\/\/www.nexoinformativo.mx\/index.php\/2024\/09\/18\/tepjf-ratifica-triunfo-de-roberto-cabrera-como-alcalde-de-san-juan-del-rio\/#primaryimage"},"thumbnailUrl":"https:\/\/www.nexoinformativo.mx\/wp-content\/uploads\/2024\/09\/unnamed-6-1-e1726724166184.jpg","keywords":["GobiernoMunicipal","RobertoCabrera","SanJuanDelR\u00edo","TEPJF"],"articleSection":["Municipios","Pol\u00edtica","\u00daltima Hora"],"inLanguage":"es","potentialAction":[{"@type":"CommentAction","name":"Comment","target":["https:\/\/www.nexoinformativo.mx\/index.php\/2024\/09\/18\/tepjf-ratifica-triunfo-de-roberto-cabrera-como-alcalde-de-san-juan-del-rio\/#respond"]}]},{"@type":"WebPage","@id":"https:\/\/www.nexoinformativo.mx\/index.php\/2024\/09\/18\/tepjf-ratifica-triunfo-de-roberto-cabrera-como-alcalde-de-san-juan-del-rio\/","url":"https:\/\/www.nexoinformativo.mx\/index.php\/2024\/09\/18\/tepjf-ratifica-triunfo-de-roberto-cabrera-como-alcalde-de-san-juan-del-rio\/","name":"TEPJF ratifica triunfo de Roberto Cabrera como alcalde de San Juan del R\u00edo | Nexo Informativo Santiago de Quer\u00e9taro","isPartOf":{"@id":"https:\/\/www.nexoinformativo.mx\/#website"},"primaryImageOfPage":{"@id":"https:\/\/www.nexoinformativo.mx\/index.php\/2024\/09\/18\/tepjf-ratifica-triunfo-de-roberto-cabrera-como-alcalde-de-san-juan-del-rio\/#primaryimage"},"image":{"@id":"https:\/\/www.nexoinformativo.mx\/index.php\/2024\/09\/18\/tepjf-ratifica-triunfo-de-roberto-cabrera-como-alcalde-de-san-juan-del-rio\/#primaryimage"},"thumbnailUrl":"https:\/\/www.nexoinformativo.mx\/wp-content\/uploads\/2024\/09\/unnamed-6-1-e1726724166184.jpg","datePublished":"2024-09-19T00:00:46+00:00","dateModified":"2024-09-19T05:39:03+00:00","description":"TEPJF ratifica triunfo de Roberto Cabrera como alcalde de San Juan del R\u00edo","breadcrumb":{"@id":"https:\/\/www.nexoinformativo.mx\/index.php\/2024\/09\/18\/tepjf-ratifica-triunfo-de-roberto-cabrera-como-alcalde-de-san-juan-del-rio\/#breadcrumb"},"inLanguage":"es","potentialAction":[{"@type":"ReadAction","target":["https:\/\/www.nexoinformativo.mx\/index.php\/2024\/09\/18\/tepjf-ratifica-triunfo-de-roberto-cabrera-como-alcalde-de-san-juan-del-rio\/"]}]},{"@type":"ImageObject","inLanguage":"es","@id":"https:\/\/www.nexoinformativo.mx\/index.php\/2024\/09\/18\/tepjf-ratifica-triunfo-de-roberto-cabrera-como-alcalde-de-san-juan-del-rio\/#primaryimage","url":"https:\/\/www.nexoinformativo.mx\/wp-content\/uploads\/2024\/09\/unnamed-6-1-e1726724166184.jpg","contentUrl":"https:\/\/www.nexoinformativo.mx\/wp-content\/uploads\/2024\/09\/unnamed-6-1-e1726724166184.jpg","width":800,"height":533},{"@type":"BreadcrumbList","@id":"https:\/\/www.nexoinformativo.mx\/index.php\/2024\/09\/18\/tepjf-ratifica-triunfo-de-roberto-cabrera-como-alcalde-de-san-juan-del-rio\/#breadcrumb","itemListElement":[{"@type":"ListItem","position":1,"name":"Inicio","item":"https:\/\/www.nexoinformativo.mx\/"},{"@type":"ListItem","position":2,"name":"TEPJF ratifica triunfo de Roberto Cabrera como alcalde de San Juan del R\u00edo"}]},{"@type":"WebSite","@id":"https:\/\/www.nexoinformativo.mx\/#website","url":"https:\/\/www.nexoinformativo.mx\/","name":"Nexo Informativo Santiago de Quer\u00e9taro","description":"Explora NexoInformativo y convi\u00e9rtete en parte de una comunidad que valora el conocimiento y la verdad. Tu nexoinformativo es tu puente hacia una comprensi\u00f3n m\u00e1s profunda del mundo que te rodea.","publisher":{"@id":"https:\/\/www.nexoinformativo.mx\/#organization"},"potentialAction":[{"@type":"SearchAction","target":{"@type":"EntryPoint","urlTemplate":"https:\/\/www.nexoinformativo.mx\/?s={search_term_string}"},"query-input":{"@type":"PropertyValueSpecification","valueRequired":true,"valueName":"search_term_string"}}],"inLanguage":"es"},{"@type":"Organization","@id":"https:\/\/www.nexoinformativo.mx\/#organization","name":"Nexo Informativo Santiago de Quer\u00e9taro","url":"https:\/\/www.nexoinformativo.mx\/","logo":{"@type":"ImageObject","inLanguage":"es","@id":"https:\/\/www.nexoinformativo.mx\/#\/schema\/logo\/image\/","url":"https:\/\/www.nexoinformativo.mx\/wp-content\/uploads\/2024\/07\/nexoi-trasparente-2.png","contentUrl":"https:\/\/www.nexoinformativo.mx\/wp-content\/uploads\/2024\/07\/nexoi-trasparente-2.png","width":816,"height":339,"caption":"Nexo Informativo Santiago de Quer\u00e9taro"},"image":{"@id":"https:\/\/www.nexoinformativo.mx\/#\/schema\/logo\/image\/"},"sameAs":["https:\/\/www.facebook.com\/people\/Nexo-Informativo\/61564066885511\/"]},{"@type":"Person","@id":"https:\/\/www.nexoinformativo.mx\/#\/schema\/person\/7749d380ba08c8ca00d7bc76fd907b7d","name":"Nexo Informativo","image":{"@type":"ImageObject","inLanguage":"es","@id":"https:\/\/www.nexoinformativo.mx\/#\/schema\/person\/image\/","url":"https:\/\/secure.gravatar.com\/avatar\/dde2928154642a13d95f87ddf1ea9718fe2b46760a005c53e41ff5ad610704e6?s=96&d=mm&r=g","contentUrl":"https:\/\/secure.gravatar.com\/avatar\/dde2928154642a13d95f87ddf1ea9718fe2b46760a005c53e41ff5ad610704e6?s=96&d=mm&r=g","caption":"Nexo Informativo"},"url":"https:\/\/www.nexoinformativo.mx\/index.php\/author\/edicion\/"}]}},"_links":{"self":[{"href":"https:\/\/www.nexoinformativo.mx\/index.php\/wp-json\/wp\/v2\/posts\/2112","targetHints":{"allow":["GET"]}}],"collection":[{"href":"https:\/\/www.nexoinformativo.mx\/index.php\/wp-json\/wp\/v2\/posts"}],"about":[{"href":"https:\/\/www.nexoinformativo.mx\/index.php\/wp-json\/wp\/v2\/types\/post"}],"author":[{"embeddable":true,"href":"https:\/\/www.nexoinformativo.mx\/index.php\/wp-json\/wp\/v2\/users\/3"}],"replies":[{"embeddable":true,"href":"https:\/\/www.nexoinformativo.mx\/index.php\/wp-json\/wp\/v2\/comments?post=2112"}],"version-history":[{"count":1,"href":"https:\/\/www.nexoinformativo.mx\/index.php\/wp-json\/wp\/v2\/posts\/2112\/revisions"}],"predecessor-version":[{"id":2114,"href":"https:\/\/www.nexoinformativo.mx\/index.php\/wp-json\/wp\/v2\/posts\/2112\/revisions\/2114"}],"wp:featuredmedia":[{"embeddable":true,"href":"https:\/\/www.nexoinformativo.mx\/index.php\/wp-json\/wp\/v2\/media\/2113"}],"wp:attachment":[{"href":"https:\/\/www.nexoinformativo.mx\/index.php\/wp-json\/wp\/v2\/media?parent=2112"}],"wp:term":[{"taxonomy":"category","embeddable":true,"href":"https:\/\/www.nexoinformativo.mx\/index.php\/wp-json\/wp\/v2\/categories?post=2112"},{"taxonomy":"post_tag","embeddable":true,"href":"https:\/\/www.nexoinformativo.mx\/index.php\/wp-json\/wp\/v2\/tags?post=2112"}],"curies":[{"name":"wp","href":"https:\/\/api.w.org\/{rel}","templated":true}]}}