{"id":2115,"date":"2024-09-18T18:00:06","date_gmt":"2024-09-19T00:00:06","guid":{"rendered":"https:\/\/www.nexoinformativo.mx\/?p=2115"},"modified":"2024-09-18T23:56:14","modified_gmt":"2024-09-19T05:56:14","slug":"antonio-mejia-lira-garantiza-transicion-transparente-en-tequisquiapan-sin-nombramiento-de-contralor","status":"publish","type":"post","link":"https:\/\/www.nexoinformativo.mx\/index.php\/2024\/09\/18\/antonio-mejia-lira-garantiza-transicion-transparente-en-tequisquiapan-sin-nombramiento-de-contralor\/","title":{"rendered":"Antonio Mej\u00eda Lira garantiza transici\u00f3n transparente en Tequisquiapan sin nombramiento de Contralor"},"content":{"rendered":"<p style=\"text-align: justify;\">En conferencia de prensa, el alcalde de Tequisquiapan, Antonio Mej\u00eda Lira, anunci\u00f3 que el Cabildo ha decidido no nombrar un Contralor interno como cortes\u00eda pol\u00edtica hacia la pr\u00f3xima administraci\u00f3n. Mej\u00eda asegur\u00f3 que esta decisi\u00f3n busca facilitar la transici\u00f3n y garantizar que el nuevo gobierno cumpla con sus responsabilidades, destacando que todas las acciones de su gobierno se han apegado a la legalidad.<\/p>\n<p>&nbsp;<\/p>\n<p style=\"text-align: justify;\">Acompa\u00f1ado por regidores y funcionarios municipales, Mej\u00eda enfatiz\u00f3 que su administraci\u00f3n ha mantenido un manejo transparente y eficiente de los recursos p\u00fablicos, logrando avances significativos en \u00e1reas como seguridad, infraestructura y turismo. Destac\u00f3 que recibi\u00f3 un municipio en abandono hace seis a\u00f1os y, a trav\u00e9s de esfuerzo, entrega un Tequisquiapan m\u00e1s seguro y con mayor desarrollo.<\/p>\n<p>&nbsp;<\/p>\n<p style=\"text-align: justify;\">El proceso de entrega-recepci\u00f3n comenzar\u00e1 formalmente el 1 de octubre, con el compromiso de asegurar una transici\u00f3n ordenada.<\/p>\n","protected":false},"excerpt":{"rendered":"<p>Acompa\u00f1ado por regidores y funcionarios municipales, Mej\u00eda enfatiz\u00f3 que su administraci\u00f3n ha mantenido un manejo transparente y eficiente de los recursos p\u00fablicos, logrando avances significativos en \u00e1reas como seguridad, infraestructura y turismo.<\/p>\n","protected":false},"author":3,"featured_media":2116,"comment_status":"open","ping_status":"open","sticky":false,"template":"","format":"standard","meta":{"footnotes":""},"categories":[65,21],"tags":[781,729,783,782],"class_list":["post-2115","post","type-post","status-publish","format-standard","has-post-thumbnail","hentry","category-municipios","category-politica","tag-desarrollomunicipal","tag-gobiernotransparente","tag-tequisquiapan","tag-transicionpolitica"],"yoast_head":"<!-- This site is optimized with the Yoast SEO plugin v25.0 - https:\/\/yoast.com\/wordpress\/plugins\/seo\/ -->\n<title>Antonio Mej\u00eda Lira garantiza transici\u00f3n transparente en Tequisquiapan sin nombramiento de Contralor | Nexo Informativo Santiago de Quer\u00e9taro<\/title>\n<meta name=\"description\" content=\"Antonio Mej\u00eda Lira garantiza transici\u00f3n transparente en Tequisquiapan sin nombramiento de Contralor\" \/>\n<meta name=\"robots\" content=\"index, follow, max-snippet:-1, max-image-preview:large, max-video-preview:-1\" \/>\n<link rel=\"canonical\" href=\"https:\/\/www.nexoinformativo.mx\/index.php\/2024\/09\/18\/antonio-mejia-lira-garantiza-transicion-transparente-en-tequisquiapan-sin-nombramiento-de-contralor\/\" \/>\n<meta property=\"og:locale\" content=\"es_MX\" \/>\n<meta property=\"og:type\" content=\"article\" \/>\n<meta property=\"og:title\" content=\"Antonio Mej\u00eda Lira garantiza transici\u00f3n transparente en Tequisquiapan sin nombramiento de Contralor | Nexo Informativo Santiago de Quer\u00e9taro\" \/>\n<meta property=\"og:description\" content=\"Antonio Mej\u00eda Lira garantiza transici\u00f3n transparente en Tequisquiapan sin nombramiento de Contralor\" \/>\n<meta property=\"og:url\" content=\"https:\/\/www.nexoinformativo.mx\/index.php\/2024\/09\/18\/antonio-mejia-lira-garantiza-transicion-transparente-en-tequisquiapan-sin-nombramiento-de-contralor\/\" \/>\n<meta property=\"og:site_name\" content=\"Nexo Informativo Santiago de Quer\u00e9taro\" \/>\n<meta property=\"article:publisher\" content=\"https:\/\/www.facebook.com\/people\/Nexo-Informativo\/61564066885511\/\" \/>\n<meta property=\"article:published_time\" content=\"2024-09-19T00:00:06+00:00\" \/>\n<meta property=\"article:modified_time\" content=\"2024-09-19T05:56:14+00:00\" \/>\n<meta property=\"og:image\" content=\"https:\/\/www.nexoinformativo.mx\/wp-content\/uploads\/2024\/09\/unnamed-22-e1726725237854.jpg\" \/>\n\t<meta property=\"og:image:width\" content=\"800\" \/>\n\t<meta property=\"og:image:height\" content=\"534\" \/>\n\t<meta property=\"og:image:type\" content=\"image\/jpeg\" \/>\n<meta name=\"author\" content=\"Nexo Informativo\" \/>\n<meta name=\"twitter:card\" content=\"summary_large_image\" \/>\n<meta name=\"twitter:label1\" content=\"Escrito por\" \/>\n\t<meta name=\"twitter:data1\" content=\"Nexo Informativo\" \/>\n\t<meta name=\"twitter:label2\" content=\"Tiempo de lectura\" \/>\n\t<meta name=\"twitter:data2\" content=\"1 minuto\" \/>\n<script type=\"application\/ld+json\" class=\"yoast-schema-graph\">{\"@context\":\"https:\/\/schema.org\",\"@graph\":[{\"@type\":\"Article\",\"@id\":\"https:\/\/www.nexoinformativo.mx\/index.php\/2024\/09\/18\/antonio-mejia-lira-garantiza-transicion-transparente-en-tequisquiapan-sin-nombramiento-de-contralor\/#article\",\"isPartOf\":{\"@id\":\"https:\/\/www.nexoinformativo.mx\/index.php\/2024\/09\/18\/antonio-mejia-lira-garantiza-transicion-transparente-en-tequisquiapan-sin-nombramiento-de-contralor\/\"},\"author\":{\"name\":\"Nexo Informativo\",\"@id\":\"https:\/\/www.nexoinformativo.mx\/#\/schema\/person\/7749d380ba08c8ca00d7bc76fd907b7d\"},\"headline\":\"Antonio Mej\u00eda Lira garantiza transici\u00f3n transparente en Tequisquiapan sin nombramiento de Contralor\",\"datePublished\":\"2024-09-19T00:00:06+00:00\",\"dateModified\":\"2024-09-19T05:56:14+00:00\",\"mainEntityOfPage\":{\"@id\":\"https:\/\/www.nexoinformativo.mx\/index.php\/2024\/09\/18\/antonio-mejia-lira-garantiza-transicion-transparente-en-tequisquiapan-sin-nombramiento-de-contralor\/\"},\"wordCount\":168,\"commentCount\":0,\"publisher\":{\"@id\":\"https:\/\/www.nexoinformativo.mx\/#organization\"},\"image\":{\"@id\":\"https:\/\/www.nexoinformativo.mx\/index.php\/2024\/09\/18\/antonio-mejia-lira-garantiza-transicion-transparente-en-tequisquiapan-sin-nombramiento-de-contralor\/#primaryimage\"},\"thumbnailUrl\":\"https:\/\/www.nexoinformativo.mx\/wp-content\/uploads\/2024\/09\/unnamed-22-e1726725237854.jpg\",\"keywords\":[\"DesarrolloMunicipal\",\"GobiernoTransparente\",\"Tequisquiapan\",\"Transici\u00f3nPol\u00edtica\"],\"articleSection\":[\"Municipios\",\"Pol\u00edtica\"],\"inLanguage\":\"es\",\"potentialAction\":[{\"@type\":\"CommentAction\",\"name\":\"Comment\",\"target\":[\"https:\/\/www.nexoinformativo.mx\/index.php\/2024\/09\/18\/antonio-mejia-lira-garantiza-transicion-transparente-en-tequisquiapan-sin-nombramiento-de-contralor\/#respond\"]}]},{\"@type\":\"WebPage\",\"@id\":\"https:\/\/www.nexoinformativo.mx\/index.php\/2024\/09\/18\/antonio-mejia-lira-garantiza-transicion-transparente-en-tequisquiapan-sin-nombramiento-de-contralor\/\",\"url\":\"https:\/\/www.nexoinformativo.mx\/index.php\/2024\/09\/18\/antonio-mejia-lira-garantiza-transicion-transparente-en-tequisquiapan-sin-nombramiento-de-contralor\/\",\"name\":\"Antonio Mej\u00eda Lira garantiza transici\u00f3n transparente en Tequisquiapan sin nombramiento de Contralor | Nexo Informativo Santiago de Quer\u00e9taro\",\"isPartOf\":{\"@id\":\"https:\/\/www.nexoinformativo.mx\/#website\"},\"primaryImageOfPage\":{\"@id\":\"https:\/\/www.nexoinformativo.mx\/index.php\/2024\/09\/18\/antonio-mejia-lira-garantiza-transicion-transparente-en-tequisquiapan-sin-nombramiento-de-contralor\/#primaryimage\"},\"image\":{\"@id\":\"https:\/\/www.nexoinformativo.mx\/index.php\/2024\/09\/18\/antonio-mejia-lira-garantiza-transicion-transparente-en-tequisquiapan-sin-nombramiento-de-contralor\/#primaryimage\"},\"thumbnailUrl\":\"https:\/\/www.nexoinformativo.mx\/wp-content\/uploads\/2024\/09\/unnamed-22-e1726725237854.jpg\",\"datePublished\":\"2024-09-19T00:00:06+00:00\",\"dateModified\":\"2024-09-19T05:56:14+00:00\",\"description\":\"Antonio Mej\u00eda Lira garantiza transici\u00f3n transparente en Tequisquiapan sin nombramiento de Contralor\",\"breadcrumb\":{\"@id\":\"https:\/\/www.nexoinformativo.mx\/index.php\/2024\/09\/18\/antonio-mejia-lira-garantiza-transicion-transparente-en-tequisquiapan-sin-nombramiento-de-contralor\/#breadcrumb\"},\"inLanguage\":\"es\",\"potentialAction\":[{\"@type\":\"ReadAction\",\"target\":[\"https:\/\/www.nexoinformativo.mx\/index.php\/2024\/09\/18\/antonio-mejia-lira-garantiza-transicion-transparente-en-tequisquiapan-sin-nombramiento-de-contralor\/\"]}]},{\"@type\":\"ImageObject\",\"inLanguage\":\"es\",\"@id\":\"https:\/\/www.nexoinformativo.mx\/index.php\/2024\/09\/18\/antonio-mejia-lira-garantiza-transicion-transparente-en-tequisquiapan-sin-nombramiento-de-contralor\/#primaryimage\",\"url\":\"https:\/\/www.nexoinformativo.mx\/wp-content\/uploads\/2024\/09\/unnamed-22-e1726725237854.jpg\",\"contentUrl\":\"https:\/\/www.nexoinformativo.mx\/wp-content\/uploads\/2024\/09\/unnamed-22-e1726725237854.jpg\",\"width\":800,\"height\":534},{\"@type\":\"BreadcrumbList\",\"@id\":\"https:\/\/www.nexoinformativo.mx\/index.php\/2024\/09\/18\/antonio-mejia-lira-garantiza-transicion-transparente-en-tequisquiapan-sin-nombramiento-de-contralor\/#breadcrumb\",\"itemListElement\":[{\"@type\":\"ListItem\",\"position\":1,\"name\":\"Inicio\",\"item\":\"https:\/\/www.nexoinformativo.mx\/\"},{\"@type\":\"ListItem\",\"position\":2,\"name\":\"Antonio Mej\u00eda Lira garantiza transici\u00f3n transparente en Tequisquiapan sin nombramiento de Contralor\"}]},{\"@type\":\"WebSite\",\"@id\":\"https:\/\/www.nexoinformativo.mx\/#website\",\"url\":\"https:\/\/www.nexoinformativo.mx\/\",\"name\":\"Nexo Informativo Santiago de Quer\u00e9taro\",\"description\":\"Explora NexoInformativo y convi\u00e9rtete en parte de una comunidad que valora el conocimiento y la verdad. Tu nexoinformativo es tu puente hacia una comprensi\u00f3n m\u00e1s profunda del mundo que te rodea.\",\"publisher\":{\"@id\":\"https:\/\/www.nexoinformativo.mx\/#organization\"},\"potentialAction\":[{\"@type\":\"SearchAction\",\"target\":{\"@type\":\"EntryPoint\",\"urlTemplate\":\"https:\/\/www.nexoinformativo.mx\/?s={search_term_string}\"},\"query-input\":{\"@type\":\"PropertyValueSpecification\",\"valueRequired\":true,\"valueName\":\"search_term_string\"}}],\"inLanguage\":\"es\"},{\"@type\":\"Organization\",\"@id\":\"https:\/\/www.nexoinformativo.mx\/#organization\",\"name\":\"Nexo Informativo Santiago de Quer\u00e9taro\",\"url\":\"https:\/\/www.nexoinformativo.mx\/\",\"logo\":{\"@type\":\"ImageObject\",\"inLanguage\":\"es\",\"@id\":\"https:\/\/www.nexoinformativo.mx\/#\/schema\/logo\/image\/\",\"url\":\"https:\/\/www.nexoinformativo.mx\/wp-content\/uploads\/2024\/07\/nexoi-trasparente-2.png\",\"contentUrl\":\"https:\/\/www.nexoinformativo.mx\/wp-content\/uploads\/2024\/07\/nexoi-trasparente-2.png\",\"width\":816,\"height\":339,\"caption\":\"Nexo Informativo Santiago de Quer\u00e9taro\"},\"image\":{\"@id\":\"https:\/\/www.nexoinformativo.mx\/#\/schema\/logo\/image\/\"},\"sameAs\":[\"https:\/\/www.facebook.com\/people\/Nexo-Informativo\/61564066885511\/\"]},{\"@type\":\"Person\",\"@id\":\"https:\/\/www.nexoinformativo.mx\/#\/schema\/person\/7749d380ba08c8ca00d7bc76fd907b7d\",\"name\":\"Nexo Informativo\",\"image\":{\"@type\":\"ImageObject\",\"inLanguage\":\"es\",\"@id\":\"https:\/\/www.nexoinformativo.mx\/#\/schema\/person\/image\/\",\"url\":\"https:\/\/secure.gravatar.com\/avatar\/dde2928154642a13d95f87ddf1ea9718fe2b46760a005c53e41ff5ad610704e6?s=96&d=mm&r=g\",\"contentUrl\":\"https:\/\/secure.gravatar.com\/avatar\/dde2928154642a13d95f87ddf1ea9718fe2b46760a005c53e41ff5ad610704e6?s=96&d=mm&r=g\",\"caption\":\"Nexo Informativo\"},\"url\":\"https:\/\/www.nexoinformativo.mx\/index.php\/author\/edicion\/\"}]}<\/script>\n<!-- \/ Yoast SEO plugin. -->","yoast_head_json":{"title":"Antonio Mej\u00eda Lira garantiza transici\u00f3n transparente en Tequisquiapan sin nombramiento de Contralor | Nexo Informativo Santiago de Quer\u00e9taro","description":"Antonio Mej\u00eda Lira garantiza transici\u00f3n transparente en Tequisquiapan sin nombramiento de Contralor","robots":{"index":"index","follow":"follow","max-snippet":"max-snippet:-1","max-image-preview":"max-image-preview:large","max-video-preview":"max-video-preview:-1"},"canonical":"https:\/\/www.nexoinformativo.mx\/index.php\/2024\/09\/18\/antonio-mejia-lira-garantiza-transicion-transparente-en-tequisquiapan-sin-nombramiento-de-contralor\/","og_locale":"es_MX","og_type":"article","og_title":"Antonio Mej\u00eda Lira garantiza transici\u00f3n transparente en Tequisquiapan sin nombramiento de Contralor | Nexo Informativo Santiago de Quer\u00e9taro","og_description":"Antonio Mej\u00eda Lira garantiza transici\u00f3n transparente en Tequisquiapan sin nombramiento de Contralor","og_url":"https:\/\/www.nexoinformativo.mx\/index.php\/2024\/09\/18\/antonio-mejia-lira-garantiza-transicion-transparente-en-tequisquiapan-sin-nombramiento-de-contralor\/","og_site_name":"Nexo Informativo Santiago de Quer\u00e9taro","article_publisher":"https:\/\/www.facebook.com\/people\/Nexo-Informativo\/61564066885511\/","article_published_time":"2024-09-19T00:00:06+00:00","article_modified_time":"2024-09-19T05:56:14+00:00","og_image":[{"width":800,"height":534,"url":"https:\/\/www.nexoinformativo.mx\/wp-content\/uploads\/2024\/09\/unnamed-22-e1726725237854.jpg","type":"image\/jpeg"}],"author":"Nexo Informativo","twitter_card":"summary_large_image","twitter_misc":{"Escrito por":"Nexo Informativo","Tiempo de lectura":"1 minuto"},"schema":{"@context":"https:\/\/schema.org","@graph":[{"@type":"Article","@id":"https:\/\/www.nexoinformativo.mx\/index.php\/2024\/09\/18\/antonio-mejia-lira-garantiza-transicion-transparente-en-tequisquiapan-sin-nombramiento-de-contralor\/#article","isPartOf":{"@id":"https:\/\/www.nexoinformativo.mx\/index.php\/2024\/09\/18\/antonio-mejia-lira-garantiza-transicion-transparente-en-tequisquiapan-sin-nombramiento-de-contralor\/"},"author":{"name":"Nexo Informativo","@id":"https:\/\/www.nexoinformativo.mx\/#\/schema\/person\/7749d380ba08c8ca00d7bc76fd907b7d"},"headline":"Antonio Mej\u00eda Lira garantiza transici\u00f3n transparente en Tequisquiapan sin nombramiento de Contralor","datePublished":"2024-09-19T00:00:06+00:00","dateModified":"2024-09-19T05:56:14+00:00","mainEntityOfPage":{"@id":"https:\/\/www.nexoinformativo.mx\/index.php\/2024\/09\/18\/antonio-mejia-lira-garantiza-transicion-transparente-en-tequisquiapan-sin-nombramiento-de-contralor\/"},"wordCount":168,"commentCount":0,"publisher":{"@id":"https:\/\/www.nexoinformativo.mx\/#organization"},"image":{"@id":"https:\/\/www.nexoinformativo.mx\/index.php\/2024\/09\/18\/antonio-mejia-lira-garantiza-transicion-transparente-en-tequisquiapan-sin-nombramiento-de-contralor\/#primaryimage"},"thumbnailUrl":"https:\/\/www.nexoinformativo.mx\/wp-content\/uploads\/2024\/09\/unnamed-22-e1726725237854.jpg","keywords":["DesarrolloMunicipal","GobiernoTransparente","Tequisquiapan","Transici\u00f3nPol\u00edtica"],"articleSection":["Municipios","Pol\u00edtica"],"inLanguage":"es","potentialAction":[{"@type":"CommentAction","name":"Comment","target":["https:\/\/www.nexoinformativo.mx\/index.php\/2024\/09\/18\/antonio-mejia-lira-garantiza-transicion-transparente-en-tequisquiapan-sin-nombramiento-de-contralor\/#respond"]}]},{"@type":"WebPage","@id":"https:\/\/www.nexoinformativo.mx\/index.php\/2024\/09\/18\/antonio-mejia-lira-garantiza-transicion-transparente-en-tequisquiapan-sin-nombramiento-de-contralor\/","url":"https:\/\/www.nexoinformativo.mx\/index.php\/2024\/09\/18\/antonio-mejia-lira-garantiza-transicion-transparente-en-tequisquiapan-sin-nombramiento-de-contralor\/","name":"Antonio Mej\u00eda Lira garantiza transici\u00f3n transparente en Tequisquiapan sin nombramiento de Contralor | Nexo Informativo Santiago de Quer\u00e9taro","isPartOf":{"@id":"https:\/\/www.nexoinformativo.mx\/#website"},"primaryImageOfPage":{"@id":"https:\/\/www.nexoinformativo.mx\/index.php\/2024\/09\/18\/antonio-mejia-lira-garantiza-transicion-transparente-en-tequisquiapan-sin-nombramiento-de-contralor\/#primaryimage"},"image":{"@id":"https:\/\/www.nexoinformativo.mx\/index.php\/2024\/09\/18\/antonio-mejia-lira-garantiza-transicion-transparente-en-tequisquiapan-sin-nombramiento-de-contralor\/#primaryimage"},"thumbnailUrl":"https:\/\/www.nexoinformativo.mx\/wp-content\/uploads\/2024\/09\/unnamed-22-e1726725237854.jpg","datePublished":"2024-09-19T00:00:06+00:00","dateModified":"2024-09-19T05:56:14+00:00","description":"Antonio Mej\u00eda Lira garantiza transici\u00f3n transparente en Tequisquiapan sin nombramiento de Contralor","breadcrumb":{"@id":"https:\/\/www.nexoinformativo.mx\/index.php\/2024\/09\/18\/antonio-mejia-lira-garantiza-transicion-transparente-en-tequisquiapan-sin-nombramiento-de-contralor\/#breadcrumb"},"inLanguage":"es","potentialAction":[{"@type":"ReadAction","target":["https:\/\/www.nexoinformativo.mx\/index.php\/2024\/09\/18\/antonio-mejia-lira-garantiza-transicion-transparente-en-tequisquiapan-sin-nombramiento-de-contralor\/"]}]},{"@type":"ImageObject","inLanguage":"es","@id":"https:\/\/www.nexoinformativo.mx\/index.php\/2024\/09\/18\/antonio-mejia-lira-garantiza-transicion-transparente-en-tequisquiapan-sin-nombramiento-de-contralor\/#primaryimage","url":"https:\/\/www.nexoinformativo.mx\/wp-content\/uploads\/2024\/09\/unnamed-22-e1726725237854.jpg","contentUrl":"https:\/\/www.nexoinformativo.mx\/wp-content\/uploads\/2024\/09\/unnamed-22-e1726725237854.jpg","width":800,"height":534},{"@type":"BreadcrumbList","@id":"https:\/\/www.nexoinformativo.mx\/index.php\/2024\/09\/18\/antonio-mejia-lira-garantiza-transicion-transparente-en-tequisquiapan-sin-nombramiento-de-contralor\/#breadcrumb","itemListElement":[{"@type":"ListItem","position":1,"name":"Inicio","item":"https:\/\/www.nexoinformativo.mx\/"},{"@type":"ListItem","position":2,"name":"Antonio Mej\u00eda Lira garantiza transici\u00f3n transparente en Tequisquiapan sin nombramiento de Contralor"}]},{"@type":"WebSite","@id":"https:\/\/www.nexoinformativo.mx\/#website","url":"https:\/\/www.nexoinformativo.mx\/","name":"Nexo Informativo Santiago de Quer\u00e9taro","description":"Explora NexoInformativo y convi\u00e9rtete en parte de una comunidad que valora el conocimiento y la verdad. Tu nexoinformativo es tu puente hacia una comprensi\u00f3n m\u00e1s profunda del mundo que te rodea.","publisher":{"@id":"https:\/\/www.nexoinformativo.mx\/#organization"},"potentialAction":[{"@type":"SearchAction","target":{"@type":"EntryPoint","urlTemplate":"https:\/\/www.nexoinformativo.mx\/?s={search_term_string}"},"query-input":{"@type":"PropertyValueSpecification","valueRequired":true,"valueName":"search_term_string"}}],"inLanguage":"es"},{"@type":"Organization","@id":"https:\/\/www.nexoinformativo.mx\/#organization","name":"Nexo Informativo Santiago de Quer\u00e9taro","url":"https:\/\/www.nexoinformativo.mx\/","logo":{"@type":"ImageObject","inLanguage":"es","@id":"https:\/\/www.nexoinformativo.mx\/#\/schema\/logo\/image\/","url":"https:\/\/www.nexoinformativo.mx\/wp-content\/uploads\/2024\/07\/nexoi-trasparente-2.png","contentUrl":"https:\/\/www.nexoinformativo.mx\/wp-content\/uploads\/2024\/07\/nexoi-trasparente-2.png","width":816,"height":339,"caption":"Nexo Informativo Santiago de Quer\u00e9taro"},"image":{"@id":"https:\/\/www.nexoinformativo.mx\/#\/schema\/logo\/image\/"},"sameAs":["https:\/\/www.facebook.com\/people\/Nexo-Informativo\/61564066885511\/"]},{"@type":"Person","@id":"https:\/\/www.nexoinformativo.mx\/#\/schema\/person\/7749d380ba08c8ca00d7bc76fd907b7d","name":"Nexo Informativo","image":{"@type":"ImageObject","inLanguage":"es","@id":"https:\/\/www.nexoinformativo.mx\/#\/schema\/person\/image\/","url":"https:\/\/secure.gravatar.com\/avatar\/dde2928154642a13d95f87ddf1ea9718fe2b46760a005c53e41ff5ad610704e6?s=96&d=mm&r=g","contentUrl":"https:\/\/secure.gravatar.com\/avatar\/dde2928154642a13d95f87ddf1ea9718fe2b46760a005c53e41ff5ad610704e6?s=96&d=mm&r=g","caption":"Nexo Informativo"},"url":"https:\/\/www.nexoinformativo.mx\/index.php\/author\/edicion\/"}]}},"_links":{"self":[{"href":"https:\/\/www.nexoinformativo.mx\/index.php\/wp-json\/wp\/v2\/posts\/2115","targetHints":{"allow":["GET"]}}],"collection":[{"href":"https:\/\/www.nexoinformativo.mx\/index.php\/wp-json\/wp\/v2\/posts"}],"about":[{"href":"https:\/\/www.nexoinformativo.mx\/index.php\/wp-json\/wp\/v2\/types\/post"}],"author":[{"embeddable":true,"href":"https:\/\/www.nexoinformativo.mx\/index.php\/wp-json\/wp\/v2\/users\/3"}],"replies":[{"embeddable":true,"href":"https:\/\/www.nexoinformativo.mx\/index.php\/wp-json\/wp\/v2\/comments?post=2115"}],"version-history":[{"count":1,"href":"https:\/\/www.nexoinformativo.mx\/index.php\/wp-json\/wp\/v2\/posts\/2115\/revisions"}],"predecessor-version":[{"id":2117,"href":"https:\/\/www.nexoinformativo.mx\/index.php\/wp-json\/wp\/v2\/posts\/2115\/revisions\/2117"}],"wp:featuredmedia":[{"embeddable":true,"href":"https:\/\/www.nexoinformativo.mx\/index.php\/wp-json\/wp\/v2\/media\/2116"}],"wp:attachment":[{"href":"https:\/\/www.nexoinformativo.mx\/index.php\/wp-json\/wp\/v2\/media?parent=2115"}],"wp:term":[{"taxonomy":"category","embeddable":true,"href":"https:\/\/www.nexoinformativo.mx\/index.php\/wp-json\/wp\/v2\/categories?post=2115"},{"taxonomy":"post_tag","embeddable":true,"href":"https:\/\/www.nexoinformativo.mx\/index.php\/wp-json\/wp\/v2\/tags?post=2115"}],"curies":[{"name":"wp","href":"https:\/\/api.w.org\/{rel}","templated":true}]}}