{"id":2129,"date":"2024-09-19T08:00:50","date_gmt":"2024-09-19T14:00:50","guid":{"rendered":"https:\/\/www.nexoinformativo.mx\/?p=2129"},"modified":"2024-09-19T12:23:06","modified_gmt":"2024-09-19T18:23:06","slug":"hallan-cuerpo-sin-vida-en-predio-abandonado-de-la-avenida-pasteur-queretaro","status":"publish","type":"post","link":"https:\/\/www.nexoinformativo.mx\/index.php\/2024\/09\/19\/hallan-cuerpo-sin-vida-en-predio-abandonado-de-la-avenida-pasteur-queretaro\/","title":{"rendered":"Hallan cuerpo sin vida en predio abandonado de la avenida Pasteur, Quer\u00e9taro"},"content":{"rendered":"<p style=\"text-align: justify;\">Esta ma\u00f1ana vecinos de la avenida Pasteur en Quer\u00e9taro descubrieron el cuerpo sin vida de una persona en un predio abandonado, lo que gener\u00f3 una r\u00e1pida movilizaci\u00f3n de las autoridades. Testigos en el lugar alertaron a la Polic\u00eda Municipal, informando que el cad\u00e1ver presentaba signos evidentes de violencia.<\/p>\n<p>&nbsp;<\/p>\n<p style=\"text-align: justify;\">Al recibir la denuncia, los elementos de seguridad se presentaron r\u00e1pidamente en la zona, acordonando el \u00e1rea para preservar la escena del crimen. Poco despu\u00e9s, la Fiscal\u00eda General del Estado acudi\u00f3 para llevar a cabo las primeras investigaciones periciales.<\/p>\n<p>&nbsp;<\/p>\n<p style=\"text-align: justify;\">De acuerdo con las autoridades, los primeros indicios se\u00f1alan que la v\u00edctima habr\u00eda sido agredida antes de su fallecimiento. Hasta el momento, las autoridades mantienen estricta reserva sobre los detalles del incidente, continuando con las investigaciones para esclarecer los hechos y encontrar a los posibles responsables.<\/p>\n<p>&nbsp;<\/p>\n<p style=\"text-align: justify;\">La presencia de elementos de la Fiscal\u00eda y la Polic\u00eda Municipal provoc\u00f3 expectaci\u00f3n entre los habitantes de la zona. Los vecinos esperan que se esclarezca el caso y se tomen las medidas necesarias para evitar situaciones similares en el futuro.<\/p>\n","protected":false},"excerpt":{"rendered":"<p>Esta ma\u00f1ana vecinos de la avenida Pasteur en Quer\u00e9taro descubrieron el cuerpo sin vida de una persona en un predio abandonado, lo que gener\u00f3 una r\u00e1pida movilizaci\u00f3n de las autoridades.<\/p>\n","protected":false},"author":3,"featured_media":2130,"comment_status":"open","ping_status":"open","sticky":false,"template":"","format":"standard","meta":{"footnotes":""},"categories":[137,58],"tags":[793,792,243,266],"class_list":["post-2129","post","type-post","status-publish","format-standard","has-post-thumbnail","hentry","category-sucesos","category-ultima-hora","tag-avenidapasteur","tag-investigacioncriminal","tag-justiciaqueretaro","tag-seguridadqueretaro"],"yoast_head":"<!-- This site is optimized with the Yoast SEO plugin v25.0 - https:\/\/yoast.com\/wordpress\/plugins\/seo\/ -->\n<title>Hallan cuerpo sin vida en predio abandonado de la avenida Pasteur, Quer\u00e9taro | Nexo Informativo Santiago de Quer\u00e9taro<\/title>\n<meta name=\"description\" content=\"Hallan cuerpo sin vida en predio abandonado de la avenida Pasteur, Quer\u00e9taro\" \/>\n<meta name=\"robots\" content=\"index, follow, max-snippet:-1, max-image-preview:large, max-video-preview:-1\" \/>\n<link rel=\"canonical\" href=\"https:\/\/www.nexoinformativo.mx\/index.php\/2024\/09\/19\/hallan-cuerpo-sin-vida-en-predio-abandonado-de-la-avenida-pasteur-queretaro\/\" \/>\n<meta property=\"og:locale\" content=\"es_MX\" \/>\n<meta property=\"og:type\" content=\"article\" \/>\n<meta property=\"og:title\" content=\"Hallan cuerpo sin vida en predio abandonado de la avenida Pasteur, Quer\u00e9taro | Nexo Informativo Santiago de Quer\u00e9taro\" \/>\n<meta property=\"og:description\" content=\"Hallan cuerpo sin vida en predio abandonado de la avenida Pasteur, Quer\u00e9taro\" \/>\n<meta property=\"og:url\" content=\"https:\/\/www.nexoinformativo.mx\/index.php\/2024\/09\/19\/hallan-cuerpo-sin-vida-en-predio-abandonado-de-la-avenida-pasteur-queretaro\/\" \/>\n<meta property=\"og:site_name\" content=\"Nexo Informativo Santiago de Quer\u00e9taro\" \/>\n<meta property=\"article:publisher\" content=\"https:\/\/www.facebook.com\/people\/Nexo-Informativo\/61564066885511\/\" \/>\n<meta property=\"article:published_time\" content=\"2024-09-19T14:00:50+00:00\" \/>\n<meta property=\"article:modified_time\" content=\"2024-09-19T18:23:06+00:00\" \/>\n<meta property=\"og:image\" content=\"https:\/\/www.nexoinformativo.mx\/wp-content\/uploads\/2024\/09\/PHOTO-2024-09-19-11-06-40-e1726770160852.jpg\" \/>\n\t<meta property=\"og:image:width\" content=\"800\" \/>\n\t<meta property=\"og:image:height\" content=\"450\" \/>\n\t<meta property=\"og:image:type\" content=\"image\/jpeg\" \/>\n<meta name=\"author\" content=\"Nexo Informativo\" \/>\n<meta name=\"twitter:card\" content=\"summary_large_image\" \/>\n<meta name=\"twitter:label1\" content=\"Escrito por\" \/>\n\t<meta name=\"twitter:data1\" content=\"Nexo Informativo\" \/>\n\t<meta name=\"twitter:label2\" content=\"Tiempo de lectura\" \/>\n\t<meta name=\"twitter:data2\" content=\"1 minuto\" \/>\n<script type=\"application\/ld+json\" class=\"yoast-schema-graph\">{\"@context\":\"https:\/\/schema.org\",\"@graph\":[{\"@type\":\"Article\",\"@id\":\"https:\/\/www.nexoinformativo.mx\/index.php\/2024\/09\/19\/hallan-cuerpo-sin-vida-en-predio-abandonado-de-la-avenida-pasteur-queretaro\/#article\",\"isPartOf\":{\"@id\":\"https:\/\/www.nexoinformativo.mx\/index.php\/2024\/09\/19\/hallan-cuerpo-sin-vida-en-predio-abandonado-de-la-avenida-pasteur-queretaro\/\"},\"author\":{\"name\":\"Nexo Informativo\",\"@id\":\"https:\/\/www.nexoinformativo.mx\/#\/schema\/person\/7749d380ba08c8ca00d7bc76fd907b7d\"},\"headline\":\"Hallan cuerpo sin vida en predio abandonado de la avenida Pasteur, Quer\u00e9taro\",\"datePublished\":\"2024-09-19T14:00:50+00:00\",\"dateModified\":\"2024-09-19T18:23:06+00:00\",\"mainEntityOfPage\":{\"@id\":\"https:\/\/www.nexoinformativo.mx\/index.php\/2024\/09\/19\/hallan-cuerpo-sin-vida-en-predio-abandonado-de-la-avenida-pasteur-queretaro\/\"},\"wordCount\":204,\"commentCount\":0,\"publisher\":{\"@id\":\"https:\/\/www.nexoinformativo.mx\/#organization\"},\"image\":{\"@id\":\"https:\/\/www.nexoinformativo.mx\/index.php\/2024\/09\/19\/hallan-cuerpo-sin-vida-en-predio-abandonado-de-la-avenida-pasteur-queretaro\/#primaryimage\"},\"thumbnailUrl\":\"https:\/\/www.nexoinformativo.mx\/wp-content\/uploads\/2024\/09\/PHOTO-2024-09-19-11-06-40-e1726770160852.jpg\",\"keywords\":[\"AvenidaPasteur\",\"Investigaci\u00f3nCriminal\",\"JusticiaQueretaro\",\"SeguridadQueretaro\"],\"articleSection\":[\"Sucesos\",\"\u00daltima Hora\"],\"inLanguage\":\"es\",\"potentialAction\":[{\"@type\":\"CommentAction\",\"name\":\"Comment\",\"target\":[\"https:\/\/www.nexoinformativo.mx\/index.php\/2024\/09\/19\/hallan-cuerpo-sin-vida-en-predio-abandonado-de-la-avenida-pasteur-queretaro\/#respond\"]}]},{\"@type\":\"WebPage\",\"@id\":\"https:\/\/www.nexoinformativo.mx\/index.php\/2024\/09\/19\/hallan-cuerpo-sin-vida-en-predio-abandonado-de-la-avenida-pasteur-queretaro\/\",\"url\":\"https:\/\/www.nexoinformativo.mx\/index.php\/2024\/09\/19\/hallan-cuerpo-sin-vida-en-predio-abandonado-de-la-avenida-pasteur-queretaro\/\",\"name\":\"Hallan cuerpo sin vida en predio abandonado de la avenida Pasteur, Quer\u00e9taro | Nexo Informativo Santiago de Quer\u00e9taro\",\"isPartOf\":{\"@id\":\"https:\/\/www.nexoinformativo.mx\/#website\"},\"primaryImageOfPage\":{\"@id\":\"https:\/\/www.nexoinformativo.mx\/index.php\/2024\/09\/19\/hallan-cuerpo-sin-vida-en-predio-abandonado-de-la-avenida-pasteur-queretaro\/#primaryimage\"},\"image\":{\"@id\":\"https:\/\/www.nexoinformativo.mx\/index.php\/2024\/09\/19\/hallan-cuerpo-sin-vida-en-predio-abandonado-de-la-avenida-pasteur-queretaro\/#primaryimage\"},\"thumbnailUrl\":\"https:\/\/www.nexoinformativo.mx\/wp-content\/uploads\/2024\/09\/PHOTO-2024-09-19-11-06-40-e1726770160852.jpg\",\"datePublished\":\"2024-09-19T14:00:50+00:00\",\"dateModified\":\"2024-09-19T18:23:06+00:00\",\"description\":\"Hallan cuerpo sin vida en predio abandonado de la avenida Pasteur, Quer\u00e9taro\",\"breadcrumb\":{\"@id\":\"https:\/\/www.nexoinformativo.mx\/index.php\/2024\/09\/19\/hallan-cuerpo-sin-vida-en-predio-abandonado-de-la-avenida-pasteur-queretaro\/#breadcrumb\"},\"inLanguage\":\"es\",\"potentialAction\":[{\"@type\":\"ReadAction\",\"target\":[\"https:\/\/www.nexoinformativo.mx\/index.php\/2024\/09\/19\/hallan-cuerpo-sin-vida-en-predio-abandonado-de-la-avenida-pasteur-queretaro\/\"]}]},{\"@type\":\"ImageObject\",\"inLanguage\":\"es\",\"@id\":\"https:\/\/www.nexoinformativo.mx\/index.php\/2024\/09\/19\/hallan-cuerpo-sin-vida-en-predio-abandonado-de-la-avenida-pasteur-queretaro\/#primaryimage\",\"url\":\"https:\/\/www.nexoinformativo.mx\/wp-content\/uploads\/2024\/09\/PHOTO-2024-09-19-11-06-40-e1726770160852.jpg\",\"contentUrl\":\"https:\/\/www.nexoinformativo.mx\/wp-content\/uploads\/2024\/09\/PHOTO-2024-09-19-11-06-40-e1726770160852.jpg\",\"width\":800,\"height\":450},{\"@type\":\"BreadcrumbList\",\"@id\":\"https:\/\/www.nexoinformativo.mx\/index.php\/2024\/09\/19\/hallan-cuerpo-sin-vida-en-predio-abandonado-de-la-avenida-pasteur-queretaro\/#breadcrumb\",\"itemListElement\":[{\"@type\":\"ListItem\",\"position\":1,\"name\":\"Inicio\",\"item\":\"https:\/\/www.nexoinformativo.mx\/\"},{\"@type\":\"ListItem\",\"position\":2,\"name\":\"Hallan cuerpo sin vida en predio abandonado de la avenida Pasteur, Quer\u00e9taro\"}]},{\"@type\":\"WebSite\",\"@id\":\"https:\/\/www.nexoinformativo.mx\/#website\",\"url\":\"https:\/\/www.nexoinformativo.mx\/\",\"name\":\"Nexo Informativo Santiago de Quer\u00e9taro\",\"description\":\"Explora NexoInformativo y convi\u00e9rtete en parte de una comunidad que valora el conocimiento y la verdad. Tu nexoinformativo es tu puente hacia una comprensi\u00f3n m\u00e1s profunda del mundo que te rodea.\",\"publisher\":{\"@id\":\"https:\/\/www.nexoinformativo.mx\/#organization\"},\"potentialAction\":[{\"@type\":\"SearchAction\",\"target\":{\"@type\":\"EntryPoint\",\"urlTemplate\":\"https:\/\/www.nexoinformativo.mx\/?s={search_term_string}\"},\"query-input\":{\"@type\":\"PropertyValueSpecification\",\"valueRequired\":true,\"valueName\":\"search_term_string\"}}],\"inLanguage\":\"es\"},{\"@type\":\"Organization\",\"@id\":\"https:\/\/www.nexoinformativo.mx\/#organization\",\"name\":\"Nexo Informativo Santiago de Quer\u00e9taro\",\"url\":\"https:\/\/www.nexoinformativo.mx\/\",\"logo\":{\"@type\":\"ImageObject\",\"inLanguage\":\"es\",\"@id\":\"https:\/\/www.nexoinformativo.mx\/#\/schema\/logo\/image\/\",\"url\":\"https:\/\/www.nexoinformativo.mx\/wp-content\/uploads\/2024\/07\/nexoi-trasparente-2.png\",\"contentUrl\":\"https:\/\/www.nexoinformativo.mx\/wp-content\/uploads\/2024\/07\/nexoi-trasparente-2.png\",\"width\":816,\"height\":339,\"caption\":\"Nexo Informativo Santiago de Quer\u00e9taro\"},\"image\":{\"@id\":\"https:\/\/www.nexoinformativo.mx\/#\/schema\/logo\/image\/\"},\"sameAs\":[\"https:\/\/www.facebook.com\/people\/Nexo-Informativo\/61564066885511\/\"]},{\"@type\":\"Person\",\"@id\":\"https:\/\/www.nexoinformativo.mx\/#\/schema\/person\/7749d380ba08c8ca00d7bc76fd907b7d\",\"name\":\"Nexo Informativo\",\"image\":{\"@type\":\"ImageObject\",\"inLanguage\":\"es\",\"@id\":\"https:\/\/www.nexoinformativo.mx\/#\/schema\/person\/image\/\",\"url\":\"https:\/\/secure.gravatar.com\/avatar\/dde2928154642a13d95f87ddf1ea9718fe2b46760a005c53e41ff5ad610704e6?s=96&d=mm&r=g\",\"contentUrl\":\"https:\/\/secure.gravatar.com\/avatar\/dde2928154642a13d95f87ddf1ea9718fe2b46760a005c53e41ff5ad610704e6?s=96&d=mm&r=g\",\"caption\":\"Nexo Informativo\"},\"url\":\"https:\/\/www.nexoinformativo.mx\/index.php\/author\/edicion\/\"}]}<\/script>\n<!-- \/ Yoast SEO plugin. -->","yoast_head_json":{"title":"Hallan cuerpo sin vida en predio abandonado de la avenida Pasteur, Quer\u00e9taro | Nexo Informativo Santiago de Quer\u00e9taro","description":"Hallan cuerpo sin vida en predio abandonado de la avenida Pasteur, Quer\u00e9taro","robots":{"index":"index","follow":"follow","max-snippet":"max-snippet:-1","max-image-preview":"max-image-preview:large","max-video-preview":"max-video-preview:-1"},"canonical":"https:\/\/www.nexoinformativo.mx\/index.php\/2024\/09\/19\/hallan-cuerpo-sin-vida-en-predio-abandonado-de-la-avenida-pasteur-queretaro\/","og_locale":"es_MX","og_type":"article","og_title":"Hallan cuerpo sin vida en predio abandonado de la avenida Pasteur, Quer\u00e9taro | Nexo Informativo Santiago de Quer\u00e9taro","og_description":"Hallan cuerpo sin vida en predio abandonado de la avenida Pasteur, Quer\u00e9taro","og_url":"https:\/\/www.nexoinformativo.mx\/index.php\/2024\/09\/19\/hallan-cuerpo-sin-vida-en-predio-abandonado-de-la-avenida-pasteur-queretaro\/","og_site_name":"Nexo Informativo Santiago de Quer\u00e9taro","article_publisher":"https:\/\/www.facebook.com\/people\/Nexo-Informativo\/61564066885511\/","article_published_time":"2024-09-19T14:00:50+00:00","article_modified_time":"2024-09-19T18:23:06+00:00","og_image":[{"width":800,"height":450,"url":"https:\/\/www.nexoinformativo.mx\/wp-content\/uploads\/2024\/09\/PHOTO-2024-09-19-11-06-40-e1726770160852.jpg","type":"image\/jpeg"}],"author":"Nexo Informativo","twitter_card":"summary_large_image","twitter_misc":{"Escrito por":"Nexo Informativo","Tiempo de lectura":"1 minuto"},"schema":{"@context":"https:\/\/schema.org","@graph":[{"@type":"Article","@id":"https:\/\/www.nexoinformativo.mx\/index.php\/2024\/09\/19\/hallan-cuerpo-sin-vida-en-predio-abandonado-de-la-avenida-pasteur-queretaro\/#article","isPartOf":{"@id":"https:\/\/www.nexoinformativo.mx\/index.php\/2024\/09\/19\/hallan-cuerpo-sin-vida-en-predio-abandonado-de-la-avenida-pasteur-queretaro\/"},"author":{"name":"Nexo Informativo","@id":"https:\/\/www.nexoinformativo.mx\/#\/schema\/person\/7749d380ba08c8ca00d7bc76fd907b7d"},"headline":"Hallan cuerpo sin vida en predio abandonado de la avenida Pasteur, Quer\u00e9taro","datePublished":"2024-09-19T14:00:50+00:00","dateModified":"2024-09-19T18:23:06+00:00","mainEntityOfPage":{"@id":"https:\/\/www.nexoinformativo.mx\/index.php\/2024\/09\/19\/hallan-cuerpo-sin-vida-en-predio-abandonado-de-la-avenida-pasteur-queretaro\/"},"wordCount":204,"commentCount":0,"publisher":{"@id":"https:\/\/www.nexoinformativo.mx\/#organization"},"image":{"@id":"https:\/\/www.nexoinformativo.mx\/index.php\/2024\/09\/19\/hallan-cuerpo-sin-vida-en-predio-abandonado-de-la-avenida-pasteur-queretaro\/#primaryimage"},"thumbnailUrl":"https:\/\/www.nexoinformativo.mx\/wp-content\/uploads\/2024\/09\/PHOTO-2024-09-19-11-06-40-e1726770160852.jpg","keywords":["AvenidaPasteur","Investigaci\u00f3nCriminal","JusticiaQueretaro","SeguridadQueretaro"],"articleSection":["Sucesos","\u00daltima Hora"],"inLanguage":"es","potentialAction":[{"@type":"CommentAction","name":"Comment","target":["https:\/\/www.nexoinformativo.mx\/index.php\/2024\/09\/19\/hallan-cuerpo-sin-vida-en-predio-abandonado-de-la-avenida-pasteur-queretaro\/#respond"]}]},{"@type":"WebPage","@id":"https:\/\/www.nexoinformativo.mx\/index.php\/2024\/09\/19\/hallan-cuerpo-sin-vida-en-predio-abandonado-de-la-avenida-pasteur-queretaro\/","url":"https:\/\/www.nexoinformativo.mx\/index.php\/2024\/09\/19\/hallan-cuerpo-sin-vida-en-predio-abandonado-de-la-avenida-pasteur-queretaro\/","name":"Hallan cuerpo sin vida en predio abandonado de la avenida Pasteur, Quer\u00e9taro | Nexo Informativo Santiago de Quer\u00e9taro","isPartOf":{"@id":"https:\/\/www.nexoinformativo.mx\/#website"},"primaryImageOfPage":{"@id":"https:\/\/www.nexoinformativo.mx\/index.php\/2024\/09\/19\/hallan-cuerpo-sin-vida-en-predio-abandonado-de-la-avenida-pasteur-queretaro\/#primaryimage"},"image":{"@id":"https:\/\/www.nexoinformativo.mx\/index.php\/2024\/09\/19\/hallan-cuerpo-sin-vida-en-predio-abandonado-de-la-avenida-pasteur-queretaro\/#primaryimage"},"thumbnailUrl":"https:\/\/www.nexoinformativo.mx\/wp-content\/uploads\/2024\/09\/PHOTO-2024-09-19-11-06-40-e1726770160852.jpg","datePublished":"2024-09-19T14:00:50+00:00","dateModified":"2024-09-19T18:23:06+00:00","description":"Hallan cuerpo sin vida en predio abandonado de la avenida Pasteur, Quer\u00e9taro","breadcrumb":{"@id":"https:\/\/www.nexoinformativo.mx\/index.php\/2024\/09\/19\/hallan-cuerpo-sin-vida-en-predio-abandonado-de-la-avenida-pasteur-queretaro\/#breadcrumb"},"inLanguage":"es","potentialAction":[{"@type":"ReadAction","target":["https:\/\/www.nexoinformativo.mx\/index.php\/2024\/09\/19\/hallan-cuerpo-sin-vida-en-predio-abandonado-de-la-avenida-pasteur-queretaro\/"]}]},{"@type":"ImageObject","inLanguage":"es","@id":"https:\/\/www.nexoinformativo.mx\/index.php\/2024\/09\/19\/hallan-cuerpo-sin-vida-en-predio-abandonado-de-la-avenida-pasteur-queretaro\/#primaryimage","url":"https:\/\/www.nexoinformativo.mx\/wp-content\/uploads\/2024\/09\/PHOTO-2024-09-19-11-06-40-e1726770160852.jpg","contentUrl":"https:\/\/www.nexoinformativo.mx\/wp-content\/uploads\/2024\/09\/PHOTO-2024-09-19-11-06-40-e1726770160852.jpg","width":800,"height":450},{"@type":"BreadcrumbList","@id":"https:\/\/www.nexoinformativo.mx\/index.php\/2024\/09\/19\/hallan-cuerpo-sin-vida-en-predio-abandonado-de-la-avenida-pasteur-queretaro\/#breadcrumb","itemListElement":[{"@type":"ListItem","position":1,"name":"Inicio","item":"https:\/\/www.nexoinformativo.mx\/"},{"@type":"ListItem","position":2,"name":"Hallan cuerpo sin vida en predio abandonado de la avenida Pasteur, Quer\u00e9taro"}]},{"@type":"WebSite","@id":"https:\/\/www.nexoinformativo.mx\/#website","url":"https:\/\/www.nexoinformativo.mx\/","name":"Nexo Informativo Santiago de Quer\u00e9taro","description":"Explora NexoInformativo y convi\u00e9rtete en parte de una comunidad que valora el conocimiento y la verdad. Tu nexoinformativo es tu puente hacia una comprensi\u00f3n m\u00e1s profunda del mundo que te rodea.","publisher":{"@id":"https:\/\/www.nexoinformativo.mx\/#organization"},"potentialAction":[{"@type":"SearchAction","target":{"@type":"EntryPoint","urlTemplate":"https:\/\/www.nexoinformativo.mx\/?s={search_term_string}"},"query-input":{"@type":"PropertyValueSpecification","valueRequired":true,"valueName":"search_term_string"}}],"inLanguage":"es"},{"@type":"Organization","@id":"https:\/\/www.nexoinformativo.mx\/#organization","name":"Nexo Informativo Santiago de Quer\u00e9taro","url":"https:\/\/www.nexoinformativo.mx\/","logo":{"@type":"ImageObject","inLanguage":"es","@id":"https:\/\/www.nexoinformativo.mx\/#\/schema\/logo\/image\/","url":"https:\/\/www.nexoinformativo.mx\/wp-content\/uploads\/2024\/07\/nexoi-trasparente-2.png","contentUrl":"https:\/\/www.nexoinformativo.mx\/wp-content\/uploads\/2024\/07\/nexoi-trasparente-2.png","width":816,"height":339,"caption":"Nexo Informativo Santiago de Quer\u00e9taro"},"image":{"@id":"https:\/\/www.nexoinformativo.mx\/#\/schema\/logo\/image\/"},"sameAs":["https:\/\/www.facebook.com\/people\/Nexo-Informativo\/61564066885511\/"]},{"@type":"Person","@id":"https:\/\/www.nexoinformativo.mx\/#\/schema\/person\/7749d380ba08c8ca00d7bc76fd907b7d","name":"Nexo Informativo","image":{"@type":"ImageObject","inLanguage":"es","@id":"https:\/\/www.nexoinformativo.mx\/#\/schema\/person\/image\/","url":"https:\/\/secure.gravatar.com\/avatar\/dde2928154642a13d95f87ddf1ea9718fe2b46760a005c53e41ff5ad610704e6?s=96&d=mm&r=g","contentUrl":"https:\/\/secure.gravatar.com\/avatar\/dde2928154642a13d95f87ddf1ea9718fe2b46760a005c53e41ff5ad610704e6?s=96&d=mm&r=g","caption":"Nexo Informativo"},"url":"https:\/\/www.nexoinformativo.mx\/index.php\/author\/edicion\/"}]}},"_links":{"self":[{"href":"https:\/\/www.nexoinformativo.mx\/index.php\/wp-json\/wp\/v2\/posts\/2129","targetHints":{"allow":["GET"]}}],"collection":[{"href":"https:\/\/www.nexoinformativo.mx\/index.php\/wp-json\/wp\/v2\/posts"}],"about":[{"href":"https:\/\/www.nexoinformativo.mx\/index.php\/wp-json\/wp\/v2\/types\/post"}],"author":[{"embeddable":true,"href":"https:\/\/www.nexoinformativo.mx\/index.php\/wp-json\/wp\/v2\/users\/3"}],"replies":[{"embeddable":true,"href":"https:\/\/www.nexoinformativo.mx\/index.php\/wp-json\/wp\/v2\/comments?post=2129"}],"version-history":[{"count":2,"href":"https:\/\/www.nexoinformativo.mx\/index.php\/wp-json\/wp\/v2\/posts\/2129\/revisions"}],"predecessor-version":[{"id":2132,"href":"https:\/\/www.nexoinformativo.mx\/index.php\/wp-json\/wp\/v2\/posts\/2129\/revisions\/2132"}],"wp:featuredmedia":[{"embeddable":true,"href":"https:\/\/www.nexoinformativo.mx\/index.php\/wp-json\/wp\/v2\/media\/2130"}],"wp:attachment":[{"href":"https:\/\/www.nexoinformativo.mx\/index.php\/wp-json\/wp\/v2\/media?parent=2129"}],"wp:term":[{"taxonomy":"category","embeddable":true,"href":"https:\/\/www.nexoinformativo.mx\/index.php\/wp-json\/wp\/v2\/categories?post=2129"},{"taxonomy":"post_tag","embeddable":true,"href":"https:\/\/www.nexoinformativo.mx\/index.php\/wp-json\/wp\/v2\/tags?post=2129"}],"curies":[{"name":"wp","href":"https:\/\/api.w.org\/{rel}","templated":true}]}}