{"id":2162,"date":"2024-09-20T10:00:11","date_gmt":"2024-09-20T16:00:11","guid":{"rendered":"https:\/\/www.nexoinformativo.mx\/?p=2162"},"modified":"2024-09-20T12:33:49","modified_gmt":"2024-09-20T18:33:49","slug":"gaspar-trueba-moncada-refuerza-compromisos-con-el-sistema-estatal-anticorrupcion-en-colon","status":"publish","type":"post","link":"https:\/\/www.nexoinformativo.mx\/index.php\/2024\/09\/20\/gaspar-trueba-moncada-refuerza-compromisos-con-el-sistema-estatal-anticorrupcion-en-colon\/","title":{"rendered":"Gaspar Trueba Moncada refuerza compromisos con el Sistema Estatal Anticorrupci\u00f3n en Col\u00f3n"},"content":{"rendered":"<p style=\"text-align: justify;\">El Presidente Municipal electo de Col\u00f3n, Gaspar Trueba Moncada, sostuvo una reuni\u00f3n con Jorge S\u00e1nchez Mart\u00ednez, Secretario T\u00e9cnico del Sistema Estatal Anticorrupci\u00f3n, para establecer acciones clave en materia de capacitaci\u00f3n, transparencia gubernamental y combate a la corrupci\u00f3n.<\/p>\n<p style=\"text-align: justify;\">\n<p>&nbsp;<\/p>\n<p style=\"text-align: justify;\">Trueba Moncada destac\u00f3 que su administraci\u00f3n se alinear\u00e1 completamente con estos objetivos, buscando convertir a Col\u00f3n en un referente estatal en estos temas.<\/p>\n<p style=\"text-align: justify;\">\n<p>&nbsp;<\/p>\n<p style=\"text-align: justify;\">Entre los compromisos se incluyen programas de capacitaci\u00f3n para funcionarios y ciudadanos, medidas para fortalecer la transparencia en la gesti\u00f3n p\u00fablica, y mecanismos robustos para prevenir y combatir la corrupci\u00f3n.<\/p>\n","protected":false},"excerpt":{"rendered":"<p>El Presidente Municipal electo de Col\u00f3n, Gaspar Trueba Moncada, sostuvo una reuni\u00f3n con Jorge S\u00e1nchez Mart\u00ednez, Secretario T\u00e9cnico del Sistema Estatal Anticorrupci\u00f3n, para establecer acciones clave en materia de capacitaci\u00f3n, transparencia gubernamental y combate a la corrupci\u00f3n.<\/p>\n","protected":false},"author":3,"featured_media":2163,"comment_status":"open","ping_status":"open","sticky":false,"template":"","format":"standard","meta":{"footnotes":""},"categories":[65,21,58],"tags":[818,817,599,816],"class_list":["post-2162","post","type-post","status-publish","format-standard","has-post-thumbnail","hentry","category-municipios","category-politica","category-ultima-hora","tag-capacitacioncolon","tag-combatealacorrupcion","tag-gobiernoresponsable","tag-transparenciagubernamental"],"yoast_head":"<!-- This site is optimized with the Yoast SEO plugin v25.0 - https:\/\/yoast.com\/wordpress\/plugins\/seo\/ -->\n<title>Gaspar Trueba Moncada refuerza compromisos con el Sistema Estatal Anticorrupci\u00f3n en Col\u00f3n | Nexo Informativo Santiago de Quer\u00e9taro<\/title>\n<meta name=\"description\" content=\"Gaspar Trueba Moncada refuerza compromisos con el Sistema Estatal Anticorrupci\u00f3n en Col\u00f3n\" \/>\n<meta name=\"robots\" content=\"index, follow, max-snippet:-1, max-image-preview:large, max-video-preview:-1\" \/>\n<link rel=\"canonical\" href=\"https:\/\/www.nexoinformativo.mx\/index.php\/2024\/09\/20\/gaspar-trueba-moncada-refuerza-compromisos-con-el-sistema-estatal-anticorrupcion-en-colon\/\" \/>\n<meta property=\"og:locale\" content=\"es_MX\" \/>\n<meta property=\"og:type\" content=\"article\" \/>\n<meta property=\"og:title\" content=\"Gaspar Trueba Moncada refuerza compromisos con el Sistema Estatal Anticorrupci\u00f3n en Col\u00f3n | Nexo Informativo Santiago de Quer\u00e9taro\" \/>\n<meta property=\"og:description\" content=\"Gaspar Trueba Moncada refuerza compromisos con el Sistema Estatal Anticorrupci\u00f3n en Col\u00f3n\" \/>\n<meta property=\"og:url\" content=\"https:\/\/www.nexoinformativo.mx\/index.php\/2024\/09\/20\/gaspar-trueba-moncada-refuerza-compromisos-con-el-sistema-estatal-anticorrupcion-en-colon\/\" \/>\n<meta property=\"og:site_name\" content=\"Nexo Informativo Santiago de Quer\u00e9taro\" \/>\n<meta property=\"article:publisher\" content=\"https:\/\/www.facebook.com\/people\/Nexo-Informativo\/61564066885511\/\" \/>\n<meta property=\"article:published_time\" content=\"2024-09-20T16:00:11+00:00\" \/>\n<meta property=\"article:modified_time\" content=\"2024-09-20T18:33:49+00:00\" \/>\n<meta property=\"og:image\" content=\"https:\/\/www.nexoinformativo.mx\/wp-content\/uploads\/2024\/09\/unnamed-23.jpg\" \/>\n\t<meta property=\"og:image:width\" content=\"653\" \/>\n\t<meta property=\"og:image:height\" content=\"896\" \/>\n\t<meta property=\"og:image:type\" content=\"image\/jpeg\" \/>\n<meta name=\"author\" content=\"Nexo Informativo\" \/>\n<meta name=\"twitter:card\" content=\"summary_large_image\" \/>\n<meta name=\"twitter:label1\" content=\"Escrito por\" \/>\n\t<meta name=\"twitter:data1\" content=\"Nexo Informativo\" \/>\n\t<meta name=\"twitter:label2\" content=\"Tiempo de lectura\" \/>\n\t<meta name=\"twitter:data2\" content=\"1 minuto\" \/>\n<script type=\"application\/ld+json\" class=\"yoast-schema-graph\">{\"@context\":\"https:\/\/schema.org\",\"@graph\":[{\"@type\":\"Article\",\"@id\":\"https:\/\/www.nexoinformativo.mx\/index.php\/2024\/09\/20\/gaspar-trueba-moncada-refuerza-compromisos-con-el-sistema-estatal-anticorrupcion-en-colon\/#article\",\"isPartOf\":{\"@id\":\"https:\/\/www.nexoinformativo.mx\/index.php\/2024\/09\/20\/gaspar-trueba-moncada-refuerza-compromisos-con-el-sistema-estatal-anticorrupcion-en-colon\/\"},\"author\":{\"name\":\"Nexo Informativo\",\"@id\":\"https:\/\/www.nexoinformativo.mx\/#\/schema\/person\/7749d380ba08c8ca00d7bc76fd907b7d\"},\"headline\":\"Gaspar Trueba Moncada refuerza compromisos con el Sistema Estatal Anticorrupci\u00f3n en Col\u00f3n\",\"datePublished\":\"2024-09-20T16:00:11+00:00\",\"dateModified\":\"2024-09-20T18:33:49+00:00\",\"mainEntityOfPage\":{\"@id\":\"https:\/\/www.nexoinformativo.mx\/index.php\/2024\/09\/20\/gaspar-trueba-moncada-refuerza-compromisos-con-el-sistema-estatal-anticorrupcion-en-colon\/\"},\"wordCount\":120,\"commentCount\":0,\"publisher\":{\"@id\":\"https:\/\/www.nexoinformativo.mx\/#organization\"},\"image\":{\"@id\":\"https:\/\/www.nexoinformativo.mx\/index.php\/2024\/09\/20\/gaspar-trueba-moncada-refuerza-compromisos-con-el-sistema-estatal-anticorrupcion-en-colon\/#primaryimage\"},\"thumbnailUrl\":\"https:\/\/www.nexoinformativo.mx\/wp-content\/uploads\/2024\/09\/unnamed-23.jpg\",\"keywords\":[\"Capacitaci\u00f3nCol\u00f3n\",\"CombateALaCorrupci\u00f3n\",\"GobiernoResponsable\",\"TransparenciaGubernamental\"],\"articleSection\":[\"Municipios\",\"Pol\u00edtica\",\"\u00daltima Hora\"],\"inLanguage\":\"es\",\"potentialAction\":[{\"@type\":\"CommentAction\",\"name\":\"Comment\",\"target\":[\"https:\/\/www.nexoinformativo.mx\/index.php\/2024\/09\/20\/gaspar-trueba-moncada-refuerza-compromisos-con-el-sistema-estatal-anticorrupcion-en-colon\/#respond\"]}]},{\"@type\":\"WebPage\",\"@id\":\"https:\/\/www.nexoinformativo.mx\/index.php\/2024\/09\/20\/gaspar-trueba-moncada-refuerza-compromisos-con-el-sistema-estatal-anticorrupcion-en-colon\/\",\"url\":\"https:\/\/www.nexoinformativo.mx\/index.php\/2024\/09\/20\/gaspar-trueba-moncada-refuerza-compromisos-con-el-sistema-estatal-anticorrupcion-en-colon\/\",\"name\":\"Gaspar Trueba Moncada refuerza compromisos con el Sistema Estatal Anticorrupci\u00f3n en Col\u00f3n | Nexo Informativo Santiago de Quer\u00e9taro\",\"isPartOf\":{\"@id\":\"https:\/\/www.nexoinformativo.mx\/#website\"},\"primaryImageOfPage\":{\"@id\":\"https:\/\/www.nexoinformativo.mx\/index.php\/2024\/09\/20\/gaspar-trueba-moncada-refuerza-compromisos-con-el-sistema-estatal-anticorrupcion-en-colon\/#primaryimage\"},\"image\":{\"@id\":\"https:\/\/www.nexoinformativo.mx\/index.php\/2024\/09\/20\/gaspar-trueba-moncada-refuerza-compromisos-con-el-sistema-estatal-anticorrupcion-en-colon\/#primaryimage\"},\"thumbnailUrl\":\"https:\/\/www.nexoinformativo.mx\/wp-content\/uploads\/2024\/09\/unnamed-23.jpg\",\"datePublished\":\"2024-09-20T16:00:11+00:00\",\"dateModified\":\"2024-09-20T18:33:49+00:00\",\"description\":\"Gaspar Trueba Moncada refuerza compromisos con el Sistema Estatal Anticorrupci\u00f3n en Col\u00f3n\",\"breadcrumb\":{\"@id\":\"https:\/\/www.nexoinformativo.mx\/index.php\/2024\/09\/20\/gaspar-trueba-moncada-refuerza-compromisos-con-el-sistema-estatal-anticorrupcion-en-colon\/#breadcrumb\"},\"inLanguage\":\"es\",\"potentialAction\":[{\"@type\":\"ReadAction\",\"target\":[\"https:\/\/www.nexoinformativo.mx\/index.php\/2024\/09\/20\/gaspar-trueba-moncada-refuerza-compromisos-con-el-sistema-estatal-anticorrupcion-en-colon\/\"]}]},{\"@type\":\"ImageObject\",\"inLanguage\":\"es\",\"@id\":\"https:\/\/www.nexoinformativo.mx\/index.php\/2024\/09\/20\/gaspar-trueba-moncada-refuerza-compromisos-con-el-sistema-estatal-anticorrupcion-en-colon\/#primaryimage\",\"url\":\"https:\/\/www.nexoinformativo.mx\/wp-content\/uploads\/2024\/09\/unnamed-23.jpg\",\"contentUrl\":\"https:\/\/www.nexoinformativo.mx\/wp-content\/uploads\/2024\/09\/unnamed-23.jpg\",\"width\":653,\"height\":896},{\"@type\":\"BreadcrumbList\",\"@id\":\"https:\/\/www.nexoinformativo.mx\/index.php\/2024\/09\/20\/gaspar-trueba-moncada-refuerza-compromisos-con-el-sistema-estatal-anticorrupcion-en-colon\/#breadcrumb\",\"itemListElement\":[{\"@type\":\"ListItem\",\"position\":1,\"name\":\"Inicio\",\"item\":\"https:\/\/www.nexoinformativo.mx\/\"},{\"@type\":\"ListItem\",\"position\":2,\"name\":\"Gaspar Trueba Moncada refuerza compromisos con el Sistema Estatal Anticorrupci\u00f3n en Col\u00f3n\"}]},{\"@type\":\"WebSite\",\"@id\":\"https:\/\/www.nexoinformativo.mx\/#website\",\"url\":\"https:\/\/www.nexoinformativo.mx\/\",\"name\":\"Nexo Informativo Santiago de Quer\u00e9taro\",\"description\":\"Explora NexoInformativo y convi\u00e9rtete en parte de una comunidad que valora el conocimiento y la verdad. Tu nexoinformativo es tu puente hacia una comprensi\u00f3n m\u00e1s profunda del mundo que te rodea.\",\"publisher\":{\"@id\":\"https:\/\/www.nexoinformativo.mx\/#organization\"},\"potentialAction\":[{\"@type\":\"SearchAction\",\"target\":{\"@type\":\"EntryPoint\",\"urlTemplate\":\"https:\/\/www.nexoinformativo.mx\/?s={search_term_string}\"},\"query-input\":{\"@type\":\"PropertyValueSpecification\",\"valueRequired\":true,\"valueName\":\"search_term_string\"}}],\"inLanguage\":\"es\"},{\"@type\":\"Organization\",\"@id\":\"https:\/\/www.nexoinformativo.mx\/#organization\",\"name\":\"Nexo Informativo Santiago de Quer\u00e9taro\",\"url\":\"https:\/\/www.nexoinformativo.mx\/\",\"logo\":{\"@type\":\"ImageObject\",\"inLanguage\":\"es\",\"@id\":\"https:\/\/www.nexoinformativo.mx\/#\/schema\/logo\/image\/\",\"url\":\"https:\/\/www.nexoinformativo.mx\/wp-content\/uploads\/2024\/07\/nexoi-trasparente-2.png\",\"contentUrl\":\"https:\/\/www.nexoinformativo.mx\/wp-content\/uploads\/2024\/07\/nexoi-trasparente-2.png\",\"width\":816,\"height\":339,\"caption\":\"Nexo Informativo Santiago de Quer\u00e9taro\"},\"image\":{\"@id\":\"https:\/\/www.nexoinformativo.mx\/#\/schema\/logo\/image\/\"},\"sameAs\":[\"https:\/\/www.facebook.com\/people\/Nexo-Informativo\/61564066885511\/\"]},{\"@type\":\"Person\",\"@id\":\"https:\/\/www.nexoinformativo.mx\/#\/schema\/person\/7749d380ba08c8ca00d7bc76fd907b7d\",\"name\":\"Nexo Informativo\",\"image\":{\"@type\":\"ImageObject\",\"inLanguage\":\"es\",\"@id\":\"https:\/\/www.nexoinformativo.mx\/#\/schema\/person\/image\/\",\"url\":\"https:\/\/secure.gravatar.com\/avatar\/dde2928154642a13d95f87ddf1ea9718fe2b46760a005c53e41ff5ad610704e6?s=96&d=mm&r=g\",\"contentUrl\":\"https:\/\/secure.gravatar.com\/avatar\/dde2928154642a13d95f87ddf1ea9718fe2b46760a005c53e41ff5ad610704e6?s=96&d=mm&r=g\",\"caption\":\"Nexo Informativo\"},\"url\":\"https:\/\/www.nexoinformativo.mx\/index.php\/author\/edicion\/\"}]}<\/script>\n<!-- \/ Yoast SEO plugin. -->","yoast_head_json":{"title":"Gaspar Trueba Moncada refuerza compromisos con el Sistema Estatal Anticorrupci\u00f3n en Col\u00f3n | Nexo Informativo Santiago de Quer\u00e9taro","description":"Gaspar Trueba Moncada refuerza compromisos con el Sistema Estatal Anticorrupci\u00f3n en Col\u00f3n","robots":{"index":"index","follow":"follow","max-snippet":"max-snippet:-1","max-image-preview":"max-image-preview:large","max-video-preview":"max-video-preview:-1"},"canonical":"https:\/\/www.nexoinformativo.mx\/index.php\/2024\/09\/20\/gaspar-trueba-moncada-refuerza-compromisos-con-el-sistema-estatal-anticorrupcion-en-colon\/","og_locale":"es_MX","og_type":"article","og_title":"Gaspar Trueba Moncada refuerza compromisos con el Sistema Estatal Anticorrupci\u00f3n en Col\u00f3n | Nexo Informativo Santiago de Quer\u00e9taro","og_description":"Gaspar Trueba Moncada refuerza compromisos con el Sistema Estatal Anticorrupci\u00f3n en Col\u00f3n","og_url":"https:\/\/www.nexoinformativo.mx\/index.php\/2024\/09\/20\/gaspar-trueba-moncada-refuerza-compromisos-con-el-sistema-estatal-anticorrupcion-en-colon\/","og_site_name":"Nexo Informativo Santiago de Quer\u00e9taro","article_publisher":"https:\/\/www.facebook.com\/people\/Nexo-Informativo\/61564066885511\/","article_published_time":"2024-09-20T16:00:11+00:00","article_modified_time":"2024-09-20T18:33:49+00:00","og_image":[{"width":653,"height":896,"url":"https:\/\/www.nexoinformativo.mx\/wp-content\/uploads\/2024\/09\/unnamed-23.jpg","type":"image\/jpeg"}],"author":"Nexo Informativo","twitter_card":"summary_large_image","twitter_misc":{"Escrito por":"Nexo Informativo","Tiempo de lectura":"1 minuto"},"schema":{"@context":"https:\/\/schema.org","@graph":[{"@type":"Article","@id":"https:\/\/www.nexoinformativo.mx\/index.php\/2024\/09\/20\/gaspar-trueba-moncada-refuerza-compromisos-con-el-sistema-estatal-anticorrupcion-en-colon\/#article","isPartOf":{"@id":"https:\/\/www.nexoinformativo.mx\/index.php\/2024\/09\/20\/gaspar-trueba-moncada-refuerza-compromisos-con-el-sistema-estatal-anticorrupcion-en-colon\/"},"author":{"name":"Nexo Informativo","@id":"https:\/\/www.nexoinformativo.mx\/#\/schema\/person\/7749d380ba08c8ca00d7bc76fd907b7d"},"headline":"Gaspar Trueba Moncada refuerza compromisos con el Sistema Estatal Anticorrupci\u00f3n en Col\u00f3n","datePublished":"2024-09-20T16:00:11+00:00","dateModified":"2024-09-20T18:33:49+00:00","mainEntityOfPage":{"@id":"https:\/\/www.nexoinformativo.mx\/index.php\/2024\/09\/20\/gaspar-trueba-moncada-refuerza-compromisos-con-el-sistema-estatal-anticorrupcion-en-colon\/"},"wordCount":120,"commentCount":0,"publisher":{"@id":"https:\/\/www.nexoinformativo.mx\/#organization"},"image":{"@id":"https:\/\/www.nexoinformativo.mx\/index.php\/2024\/09\/20\/gaspar-trueba-moncada-refuerza-compromisos-con-el-sistema-estatal-anticorrupcion-en-colon\/#primaryimage"},"thumbnailUrl":"https:\/\/www.nexoinformativo.mx\/wp-content\/uploads\/2024\/09\/unnamed-23.jpg","keywords":["Capacitaci\u00f3nCol\u00f3n","CombateALaCorrupci\u00f3n","GobiernoResponsable","TransparenciaGubernamental"],"articleSection":["Municipios","Pol\u00edtica","\u00daltima Hora"],"inLanguage":"es","potentialAction":[{"@type":"CommentAction","name":"Comment","target":["https:\/\/www.nexoinformativo.mx\/index.php\/2024\/09\/20\/gaspar-trueba-moncada-refuerza-compromisos-con-el-sistema-estatal-anticorrupcion-en-colon\/#respond"]}]},{"@type":"WebPage","@id":"https:\/\/www.nexoinformativo.mx\/index.php\/2024\/09\/20\/gaspar-trueba-moncada-refuerza-compromisos-con-el-sistema-estatal-anticorrupcion-en-colon\/","url":"https:\/\/www.nexoinformativo.mx\/index.php\/2024\/09\/20\/gaspar-trueba-moncada-refuerza-compromisos-con-el-sistema-estatal-anticorrupcion-en-colon\/","name":"Gaspar Trueba Moncada refuerza compromisos con el Sistema Estatal Anticorrupci\u00f3n en Col\u00f3n | Nexo Informativo Santiago de Quer\u00e9taro","isPartOf":{"@id":"https:\/\/www.nexoinformativo.mx\/#website"},"primaryImageOfPage":{"@id":"https:\/\/www.nexoinformativo.mx\/index.php\/2024\/09\/20\/gaspar-trueba-moncada-refuerza-compromisos-con-el-sistema-estatal-anticorrupcion-en-colon\/#primaryimage"},"image":{"@id":"https:\/\/www.nexoinformativo.mx\/index.php\/2024\/09\/20\/gaspar-trueba-moncada-refuerza-compromisos-con-el-sistema-estatal-anticorrupcion-en-colon\/#primaryimage"},"thumbnailUrl":"https:\/\/www.nexoinformativo.mx\/wp-content\/uploads\/2024\/09\/unnamed-23.jpg","datePublished":"2024-09-20T16:00:11+00:00","dateModified":"2024-09-20T18:33:49+00:00","description":"Gaspar Trueba Moncada refuerza compromisos con el Sistema Estatal Anticorrupci\u00f3n en Col\u00f3n","breadcrumb":{"@id":"https:\/\/www.nexoinformativo.mx\/index.php\/2024\/09\/20\/gaspar-trueba-moncada-refuerza-compromisos-con-el-sistema-estatal-anticorrupcion-en-colon\/#breadcrumb"},"inLanguage":"es","potentialAction":[{"@type":"ReadAction","target":["https:\/\/www.nexoinformativo.mx\/index.php\/2024\/09\/20\/gaspar-trueba-moncada-refuerza-compromisos-con-el-sistema-estatal-anticorrupcion-en-colon\/"]}]},{"@type":"ImageObject","inLanguage":"es","@id":"https:\/\/www.nexoinformativo.mx\/index.php\/2024\/09\/20\/gaspar-trueba-moncada-refuerza-compromisos-con-el-sistema-estatal-anticorrupcion-en-colon\/#primaryimage","url":"https:\/\/www.nexoinformativo.mx\/wp-content\/uploads\/2024\/09\/unnamed-23.jpg","contentUrl":"https:\/\/www.nexoinformativo.mx\/wp-content\/uploads\/2024\/09\/unnamed-23.jpg","width":653,"height":896},{"@type":"BreadcrumbList","@id":"https:\/\/www.nexoinformativo.mx\/index.php\/2024\/09\/20\/gaspar-trueba-moncada-refuerza-compromisos-con-el-sistema-estatal-anticorrupcion-en-colon\/#breadcrumb","itemListElement":[{"@type":"ListItem","position":1,"name":"Inicio","item":"https:\/\/www.nexoinformativo.mx\/"},{"@type":"ListItem","position":2,"name":"Gaspar Trueba Moncada refuerza compromisos con el Sistema Estatal Anticorrupci\u00f3n en Col\u00f3n"}]},{"@type":"WebSite","@id":"https:\/\/www.nexoinformativo.mx\/#website","url":"https:\/\/www.nexoinformativo.mx\/","name":"Nexo Informativo Santiago de Quer\u00e9taro","description":"Explora NexoInformativo y convi\u00e9rtete en parte de una comunidad que valora el conocimiento y la verdad. Tu nexoinformativo es tu puente hacia una comprensi\u00f3n m\u00e1s profunda del mundo que te rodea.","publisher":{"@id":"https:\/\/www.nexoinformativo.mx\/#organization"},"potentialAction":[{"@type":"SearchAction","target":{"@type":"EntryPoint","urlTemplate":"https:\/\/www.nexoinformativo.mx\/?s={search_term_string}"},"query-input":{"@type":"PropertyValueSpecification","valueRequired":true,"valueName":"search_term_string"}}],"inLanguage":"es"},{"@type":"Organization","@id":"https:\/\/www.nexoinformativo.mx\/#organization","name":"Nexo Informativo Santiago de Quer\u00e9taro","url":"https:\/\/www.nexoinformativo.mx\/","logo":{"@type":"ImageObject","inLanguage":"es","@id":"https:\/\/www.nexoinformativo.mx\/#\/schema\/logo\/image\/","url":"https:\/\/www.nexoinformativo.mx\/wp-content\/uploads\/2024\/07\/nexoi-trasparente-2.png","contentUrl":"https:\/\/www.nexoinformativo.mx\/wp-content\/uploads\/2024\/07\/nexoi-trasparente-2.png","width":816,"height":339,"caption":"Nexo Informativo Santiago de Quer\u00e9taro"},"image":{"@id":"https:\/\/www.nexoinformativo.mx\/#\/schema\/logo\/image\/"},"sameAs":["https:\/\/www.facebook.com\/people\/Nexo-Informativo\/61564066885511\/"]},{"@type":"Person","@id":"https:\/\/www.nexoinformativo.mx\/#\/schema\/person\/7749d380ba08c8ca00d7bc76fd907b7d","name":"Nexo Informativo","image":{"@type":"ImageObject","inLanguage":"es","@id":"https:\/\/www.nexoinformativo.mx\/#\/schema\/person\/image\/","url":"https:\/\/secure.gravatar.com\/avatar\/dde2928154642a13d95f87ddf1ea9718fe2b46760a005c53e41ff5ad610704e6?s=96&d=mm&r=g","contentUrl":"https:\/\/secure.gravatar.com\/avatar\/dde2928154642a13d95f87ddf1ea9718fe2b46760a005c53e41ff5ad610704e6?s=96&d=mm&r=g","caption":"Nexo Informativo"},"url":"https:\/\/www.nexoinformativo.mx\/index.php\/author\/edicion\/"}]}},"_links":{"self":[{"href":"https:\/\/www.nexoinformativo.mx\/index.php\/wp-json\/wp\/v2\/posts\/2162","targetHints":{"allow":["GET"]}}],"collection":[{"href":"https:\/\/www.nexoinformativo.mx\/index.php\/wp-json\/wp\/v2\/posts"}],"about":[{"href":"https:\/\/www.nexoinformativo.mx\/index.php\/wp-json\/wp\/v2\/types\/post"}],"author":[{"embeddable":true,"href":"https:\/\/www.nexoinformativo.mx\/index.php\/wp-json\/wp\/v2\/users\/3"}],"replies":[{"embeddable":true,"href":"https:\/\/www.nexoinformativo.mx\/index.php\/wp-json\/wp\/v2\/comments?post=2162"}],"version-history":[{"count":2,"href":"https:\/\/www.nexoinformativo.mx\/index.php\/wp-json\/wp\/v2\/posts\/2162\/revisions"}],"predecessor-version":[{"id":2165,"href":"https:\/\/www.nexoinformativo.mx\/index.php\/wp-json\/wp\/v2\/posts\/2162\/revisions\/2165"}],"wp:featuredmedia":[{"embeddable":true,"href":"https:\/\/www.nexoinformativo.mx\/index.php\/wp-json\/wp\/v2\/media\/2163"}],"wp:attachment":[{"href":"https:\/\/www.nexoinformativo.mx\/index.php\/wp-json\/wp\/v2\/media?parent=2162"}],"wp:term":[{"taxonomy":"category","embeddable":true,"href":"https:\/\/www.nexoinformativo.mx\/index.php\/wp-json\/wp\/v2\/categories?post=2162"},{"taxonomy":"post_tag","embeddable":true,"href":"https:\/\/www.nexoinformativo.mx\/index.php\/wp-json\/wp\/v2\/tags?post=2162"}],"curies":[{"name":"wp","href":"https:\/\/api.w.org\/{rel}","templated":true}]}}