{"id":2185,"date":"2024-09-20T20:00:33","date_gmt":"2024-09-21T02:00:33","guid":{"rendered":"https:\/\/www.nexoinformativo.mx\/?p=2185"},"modified":"2024-09-20T23:24:38","modified_gmt":"2024-09-21T05:24:38","slug":"queretaro-y-san-antonio-firman-convenio-de-amistad-para-fortalecer-lazos-culturales-turisticos-y-educativos","status":"publish","type":"post","link":"https:\/\/www.nexoinformativo.mx\/index.php\/2024\/09\/20\/queretaro-y-san-antonio-firman-convenio-de-amistad-para-fortalecer-lazos-culturales-turisticos-y-educativos\/","title":{"rendered":"Quer\u00e9taro y San Antonio firman convenio de amistad para fortalecer lazos culturales, tur\u00edsticos y educativos"},"content":{"rendered":"<p style=\"text-align: justify;\">En una nueva etapa de colaboraci\u00f3n internacional, el Presidente Municipal de Quer\u00e9taro, Luis Nava, firm\u00f3 un convenio de amistad con el Alcalde de San Antonio, Texas, Ron Nirenberg, para fomentar futuras colaboraciones en los \u00e1mbitos de cultura, turismo y educaci\u00f3n. Buscando fortalecer el v\u00ednculo entre ambas ciudades mediante el intercambio de experiencias.<\/p>\n<p>&nbsp;<\/p>\n<p style=\"text-align: justify;\">El convenio fue firmado en un evento en el que tambi\u00e9n particip\u00f3 el Gobernador de Quer\u00e9taro, Mauricio Kuri Gonz\u00e1lez. La alianza se enmarca en una serie de convenios estrat\u00e9gicos, que incluyen la colaboraci\u00f3n entre los Aeropuertos Internacionales de San Antonio y Quer\u00e9taro, as\u00ed como un acuerdo entre el \u00c1lamo Colleges y las Universidades Tecnol\u00f3gicas y Polit\u00e9cnicas de Quer\u00e9taro.<\/p>\n<p>&nbsp;<\/p>\n<p style=\"text-align: justify;\">El convenio fomenta la cooperaci\u00f3n en temas educativos, facilitando que estudiantes y acad\u00e9micos de ambas ciudades puedan beneficiarse de los programas de intercambio y las experiencias en las universidades tecnol\u00f3gicas y polit\u00e9cnicas de Quer\u00e9taro y el sistema \u00c1lamo Colleges en Texas.<\/p>\n<p>&nbsp;<\/p>\n<p style=\"text-align: justify;\">Otro de los puntos destacados fue la firma de la alianza entre los Aeropuertos Internacionales de Quer\u00e9taro y San Antonio, que tiene como objetivo promover la conectividad a\u00e9rea y mejorar las oportunidades de turismo y negocios entre ambas ciudades. Siendo parte de una estrategia integral para impulsar el intercambio comercial a nivel internacional.<\/p>\n<p>&nbsp;<\/p>\n<p style=\"text-align: justify;\">Este convenio refleja el compromiso de ambas ciudades por trabajar juntas en \u00e1reas clave como la educaci\u00f3n, la cultura y el turismo, beneficiando a sus ciudadanos y fortaleciendo sus lazos internacionales.<\/p>\n","protected":false},"excerpt":{"rendered":"<p>En una nueva etapa de colaboraci\u00f3n internacional, el Presidente Municipal de Quer\u00e9taro, Luis Nava, firm\u00f3 un convenio de amistad con el Alcalde de San Antonio, Texas, Ron Nirenberg, para fomentar futuras colaboraciones en los \u00e1mbitos de cultura, turismo y educaci\u00f3n.<\/p>\n","protected":false},"author":3,"featured_media":2186,"comment_status":"open","ping_status":"open","sticky":false,"template":"","format":"standard","meta":{"footnotes":""},"categories":[5,42],"tags":[829,393,830,828],"class_list":["post-2185","post","type-post","status-publish","format-standard","has-post-thumbnail","hentry","category-economia","category-estado","tag-conveniointernacional","tag-culturayturismo","tag-educacionglobal","tag-queretarosanantonio"],"yoast_head":"<!-- This site is optimized with the Yoast SEO plugin v25.0 - https:\/\/yoast.com\/wordpress\/plugins\/seo\/ -->\n<title>Quer\u00e9taro y San Antonio firman convenio de amistad para fortalecer lazos culturales, tur\u00edsticos y educativos | Nexo Informativo Santiago de Quer\u00e9taro<\/title>\n<meta name=\"description\" content=\"Quer\u00e9taro y San Antonio firman convenio de amistad para fortalecer lazos culturales, tur\u00edsticos y educativos\" \/>\n<meta name=\"robots\" content=\"index, follow, max-snippet:-1, max-image-preview:large, max-video-preview:-1\" \/>\n<link rel=\"canonical\" href=\"https:\/\/www.nexoinformativo.mx\/index.php\/2024\/09\/20\/queretaro-y-san-antonio-firman-convenio-de-amistad-para-fortalecer-lazos-culturales-turisticos-y-educativos\/\" \/>\n<meta property=\"og:locale\" content=\"es_MX\" \/>\n<meta property=\"og:type\" content=\"article\" \/>\n<meta property=\"og:title\" content=\"Quer\u00e9taro y San Antonio firman convenio de amistad para fortalecer lazos culturales, tur\u00edsticos y educativos | Nexo Informativo Santiago de Quer\u00e9taro\" \/>\n<meta property=\"og:description\" content=\"Quer\u00e9taro y San Antonio firman convenio de amistad para fortalecer lazos culturales, tur\u00edsticos y educativos\" \/>\n<meta property=\"og:url\" content=\"https:\/\/www.nexoinformativo.mx\/index.php\/2024\/09\/20\/queretaro-y-san-antonio-firman-convenio-de-amistad-para-fortalecer-lazos-culturales-turisticos-y-educativos\/\" \/>\n<meta property=\"og:site_name\" content=\"Nexo Informativo Santiago de Quer\u00e9taro\" \/>\n<meta property=\"article:publisher\" content=\"https:\/\/www.facebook.com\/people\/Nexo-Informativo\/61564066885511\/\" \/>\n<meta property=\"article:published_time\" content=\"2024-09-21T02:00:33+00:00\" \/>\n<meta property=\"article:modified_time\" content=\"2024-09-21T05:24:38+00:00\" \/>\n<meta property=\"og:image\" content=\"https:\/\/www.nexoinformativo.mx\/wp-content\/uploads\/2024\/09\/PHOTO-2024-09-20-20-29-27-e1726895983862.jpg\" \/>\n\t<meta property=\"og:image:width\" content=\"800\" \/>\n\t<meta property=\"og:image:height\" content=\"533\" \/>\n\t<meta property=\"og:image:type\" content=\"image\/jpeg\" \/>\n<meta name=\"author\" content=\"Nexo Informativo\" \/>\n<meta name=\"twitter:card\" content=\"summary_large_image\" \/>\n<meta name=\"twitter:label1\" content=\"Escrito por\" \/>\n\t<meta name=\"twitter:data1\" content=\"Nexo Informativo\" \/>\n\t<meta name=\"twitter:label2\" content=\"Tiempo de lectura\" \/>\n\t<meta name=\"twitter:data2\" content=\"2 minutos\" \/>\n<script type=\"application\/ld+json\" class=\"yoast-schema-graph\">{\"@context\":\"https:\/\/schema.org\",\"@graph\":[{\"@type\":\"Article\",\"@id\":\"https:\/\/www.nexoinformativo.mx\/index.php\/2024\/09\/20\/queretaro-y-san-antonio-firman-convenio-de-amistad-para-fortalecer-lazos-culturales-turisticos-y-educativos\/#article\",\"isPartOf\":{\"@id\":\"https:\/\/www.nexoinformativo.mx\/index.php\/2024\/09\/20\/queretaro-y-san-antonio-firman-convenio-de-amistad-para-fortalecer-lazos-culturales-turisticos-y-educativos\/\"},\"author\":{\"name\":\"Nexo Informativo\",\"@id\":\"https:\/\/www.nexoinformativo.mx\/#\/schema\/person\/7749d380ba08c8ca00d7bc76fd907b7d\"},\"headline\":\"Quer\u00e9taro y San Antonio firman convenio de amistad para fortalecer lazos culturales, tur\u00edsticos y educativos\",\"datePublished\":\"2024-09-21T02:00:33+00:00\",\"dateModified\":\"2024-09-21T05:24:38+00:00\",\"mainEntityOfPage\":{\"@id\":\"https:\/\/www.nexoinformativo.mx\/index.php\/2024\/09\/20\/queretaro-y-san-antonio-firman-convenio-de-amistad-para-fortalecer-lazos-culturales-turisticos-y-educativos\/\"},\"wordCount\":277,\"commentCount\":0,\"publisher\":{\"@id\":\"https:\/\/www.nexoinformativo.mx\/#organization\"},\"image\":{\"@id\":\"https:\/\/www.nexoinformativo.mx\/index.php\/2024\/09\/20\/queretaro-y-san-antonio-firman-convenio-de-amistad-para-fortalecer-lazos-culturales-turisticos-y-educativos\/#primaryimage\"},\"thumbnailUrl\":\"https:\/\/www.nexoinformativo.mx\/wp-content\/uploads\/2024\/09\/PHOTO-2024-09-20-20-29-27-e1726895983862.jpg\",\"keywords\":[\"ConvenioInternacional\",\"CulturaYTurismo\",\"Educaci\u00f3nGlobal\",\"Quer\u00e9taroSanAntonio\"],\"articleSection\":[\"Econom\u00eda\",\"Estado\"],\"inLanguage\":\"es\",\"potentialAction\":[{\"@type\":\"CommentAction\",\"name\":\"Comment\",\"target\":[\"https:\/\/www.nexoinformativo.mx\/index.php\/2024\/09\/20\/queretaro-y-san-antonio-firman-convenio-de-amistad-para-fortalecer-lazos-culturales-turisticos-y-educativos\/#respond\"]}]},{\"@type\":\"WebPage\",\"@id\":\"https:\/\/www.nexoinformativo.mx\/index.php\/2024\/09\/20\/queretaro-y-san-antonio-firman-convenio-de-amistad-para-fortalecer-lazos-culturales-turisticos-y-educativos\/\",\"url\":\"https:\/\/www.nexoinformativo.mx\/index.php\/2024\/09\/20\/queretaro-y-san-antonio-firman-convenio-de-amistad-para-fortalecer-lazos-culturales-turisticos-y-educativos\/\",\"name\":\"Quer\u00e9taro y San Antonio firman convenio de amistad para fortalecer lazos culturales, tur\u00edsticos y educativos | Nexo Informativo Santiago de Quer\u00e9taro\",\"isPartOf\":{\"@id\":\"https:\/\/www.nexoinformativo.mx\/#website\"},\"primaryImageOfPage\":{\"@id\":\"https:\/\/www.nexoinformativo.mx\/index.php\/2024\/09\/20\/queretaro-y-san-antonio-firman-convenio-de-amistad-para-fortalecer-lazos-culturales-turisticos-y-educativos\/#primaryimage\"},\"image\":{\"@id\":\"https:\/\/www.nexoinformativo.mx\/index.php\/2024\/09\/20\/queretaro-y-san-antonio-firman-convenio-de-amistad-para-fortalecer-lazos-culturales-turisticos-y-educativos\/#primaryimage\"},\"thumbnailUrl\":\"https:\/\/www.nexoinformativo.mx\/wp-content\/uploads\/2024\/09\/PHOTO-2024-09-20-20-29-27-e1726895983862.jpg\",\"datePublished\":\"2024-09-21T02:00:33+00:00\",\"dateModified\":\"2024-09-21T05:24:38+00:00\",\"description\":\"Quer\u00e9taro y San Antonio firman convenio de amistad para fortalecer lazos culturales, tur\u00edsticos y educativos\",\"breadcrumb\":{\"@id\":\"https:\/\/www.nexoinformativo.mx\/index.php\/2024\/09\/20\/queretaro-y-san-antonio-firman-convenio-de-amistad-para-fortalecer-lazos-culturales-turisticos-y-educativos\/#breadcrumb\"},\"inLanguage\":\"es\",\"potentialAction\":[{\"@type\":\"ReadAction\",\"target\":[\"https:\/\/www.nexoinformativo.mx\/index.php\/2024\/09\/20\/queretaro-y-san-antonio-firman-convenio-de-amistad-para-fortalecer-lazos-culturales-turisticos-y-educativos\/\"]}]},{\"@type\":\"ImageObject\",\"inLanguage\":\"es\",\"@id\":\"https:\/\/www.nexoinformativo.mx\/index.php\/2024\/09\/20\/queretaro-y-san-antonio-firman-convenio-de-amistad-para-fortalecer-lazos-culturales-turisticos-y-educativos\/#primaryimage\",\"url\":\"https:\/\/www.nexoinformativo.mx\/wp-content\/uploads\/2024\/09\/PHOTO-2024-09-20-20-29-27-e1726895983862.jpg\",\"contentUrl\":\"https:\/\/www.nexoinformativo.mx\/wp-content\/uploads\/2024\/09\/PHOTO-2024-09-20-20-29-27-e1726895983862.jpg\",\"width\":800,\"height\":533},{\"@type\":\"BreadcrumbList\",\"@id\":\"https:\/\/www.nexoinformativo.mx\/index.php\/2024\/09\/20\/queretaro-y-san-antonio-firman-convenio-de-amistad-para-fortalecer-lazos-culturales-turisticos-y-educativos\/#breadcrumb\",\"itemListElement\":[{\"@type\":\"ListItem\",\"position\":1,\"name\":\"Inicio\",\"item\":\"https:\/\/www.nexoinformativo.mx\/\"},{\"@type\":\"ListItem\",\"position\":2,\"name\":\"Quer\u00e9taro y San Antonio firman convenio de amistad para fortalecer lazos culturales, tur\u00edsticos y educativos\"}]},{\"@type\":\"WebSite\",\"@id\":\"https:\/\/www.nexoinformativo.mx\/#website\",\"url\":\"https:\/\/www.nexoinformativo.mx\/\",\"name\":\"Nexo Informativo Santiago de Quer\u00e9taro\",\"description\":\"Explora NexoInformativo y convi\u00e9rtete en parte de una comunidad que valora el conocimiento y la verdad. Tu nexoinformativo es tu puente hacia una comprensi\u00f3n m\u00e1s profunda del mundo que te rodea.\",\"publisher\":{\"@id\":\"https:\/\/www.nexoinformativo.mx\/#organization\"},\"potentialAction\":[{\"@type\":\"SearchAction\",\"target\":{\"@type\":\"EntryPoint\",\"urlTemplate\":\"https:\/\/www.nexoinformativo.mx\/?s={search_term_string}\"},\"query-input\":{\"@type\":\"PropertyValueSpecification\",\"valueRequired\":true,\"valueName\":\"search_term_string\"}}],\"inLanguage\":\"es\"},{\"@type\":\"Organization\",\"@id\":\"https:\/\/www.nexoinformativo.mx\/#organization\",\"name\":\"Nexo Informativo Santiago de Quer\u00e9taro\",\"url\":\"https:\/\/www.nexoinformativo.mx\/\",\"logo\":{\"@type\":\"ImageObject\",\"inLanguage\":\"es\",\"@id\":\"https:\/\/www.nexoinformativo.mx\/#\/schema\/logo\/image\/\",\"url\":\"https:\/\/www.nexoinformativo.mx\/wp-content\/uploads\/2024\/07\/nexoi-trasparente-2.png\",\"contentUrl\":\"https:\/\/www.nexoinformativo.mx\/wp-content\/uploads\/2024\/07\/nexoi-trasparente-2.png\",\"width\":816,\"height\":339,\"caption\":\"Nexo Informativo Santiago de Quer\u00e9taro\"},\"image\":{\"@id\":\"https:\/\/www.nexoinformativo.mx\/#\/schema\/logo\/image\/\"},\"sameAs\":[\"https:\/\/www.facebook.com\/people\/Nexo-Informativo\/61564066885511\/\"]},{\"@type\":\"Person\",\"@id\":\"https:\/\/www.nexoinformativo.mx\/#\/schema\/person\/7749d380ba08c8ca00d7bc76fd907b7d\",\"name\":\"Nexo Informativo\",\"image\":{\"@type\":\"ImageObject\",\"inLanguage\":\"es\",\"@id\":\"https:\/\/www.nexoinformativo.mx\/#\/schema\/person\/image\/\",\"url\":\"https:\/\/secure.gravatar.com\/avatar\/dde2928154642a13d95f87ddf1ea9718fe2b46760a005c53e41ff5ad610704e6?s=96&d=mm&r=g\",\"contentUrl\":\"https:\/\/secure.gravatar.com\/avatar\/dde2928154642a13d95f87ddf1ea9718fe2b46760a005c53e41ff5ad610704e6?s=96&d=mm&r=g\",\"caption\":\"Nexo Informativo\"},\"url\":\"https:\/\/www.nexoinformativo.mx\/index.php\/author\/edicion\/\"}]}<\/script>\n<!-- \/ Yoast SEO plugin. -->","yoast_head_json":{"title":"Quer\u00e9taro y San Antonio firman convenio de amistad para fortalecer lazos culturales, tur\u00edsticos y educativos | Nexo Informativo Santiago de Quer\u00e9taro","description":"Quer\u00e9taro y San Antonio firman convenio de amistad para fortalecer lazos culturales, tur\u00edsticos y educativos","robots":{"index":"index","follow":"follow","max-snippet":"max-snippet:-1","max-image-preview":"max-image-preview:large","max-video-preview":"max-video-preview:-1"},"canonical":"https:\/\/www.nexoinformativo.mx\/index.php\/2024\/09\/20\/queretaro-y-san-antonio-firman-convenio-de-amistad-para-fortalecer-lazos-culturales-turisticos-y-educativos\/","og_locale":"es_MX","og_type":"article","og_title":"Quer\u00e9taro y San Antonio firman convenio de amistad para fortalecer lazos culturales, tur\u00edsticos y educativos | Nexo Informativo Santiago de Quer\u00e9taro","og_description":"Quer\u00e9taro y San Antonio firman convenio de amistad para fortalecer lazos culturales, tur\u00edsticos y educativos","og_url":"https:\/\/www.nexoinformativo.mx\/index.php\/2024\/09\/20\/queretaro-y-san-antonio-firman-convenio-de-amistad-para-fortalecer-lazos-culturales-turisticos-y-educativos\/","og_site_name":"Nexo Informativo Santiago de Quer\u00e9taro","article_publisher":"https:\/\/www.facebook.com\/people\/Nexo-Informativo\/61564066885511\/","article_published_time":"2024-09-21T02:00:33+00:00","article_modified_time":"2024-09-21T05:24:38+00:00","og_image":[{"width":800,"height":533,"url":"https:\/\/www.nexoinformativo.mx\/wp-content\/uploads\/2024\/09\/PHOTO-2024-09-20-20-29-27-e1726895983862.jpg","type":"image\/jpeg"}],"author":"Nexo Informativo","twitter_card":"summary_large_image","twitter_misc":{"Escrito por":"Nexo Informativo","Tiempo de lectura":"2 minutos"},"schema":{"@context":"https:\/\/schema.org","@graph":[{"@type":"Article","@id":"https:\/\/www.nexoinformativo.mx\/index.php\/2024\/09\/20\/queretaro-y-san-antonio-firman-convenio-de-amistad-para-fortalecer-lazos-culturales-turisticos-y-educativos\/#article","isPartOf":{"@id":"https:\/\/www.nexoinformativo.mx\/index.php\/2024\/09\/20\/queretaro-y-san-antonio-firman-convenio-de-amistad-para-fortalecer-lazos-culturales-turisticos-y-educativos\/"},"author":{"name":"Nexo Informativo","@id":"https:\/\/www.nexoinformativo.mx\/#\/schema\/person\/7749d380ba08c8ca00d7bc76fd907b7d"},"headline":"Quer\u00e9taro y San Antonio firman convenio de amistad para fortalecer lazos culturales, tur\u00edsticos y educativos","datePublished":"2024-09-21T02:00:33+00:00","dateModified":"2024-09-21T05:24:38+00:00","mainEntityOfPage":{"@id":"https:\/\/www.nexoinformativo.mx\/index.php\/2024\/09\/20\/queretaro-y-san-antonio-firman-convenio-de-amistad-para-fortalecer-lazos-culturales-turisticos-y-educativos\/"},"wordCount":277,"commentCount":0,"publisher":{"@id":"https:\/\/www.nexoinformativo.mx\/#organization"},"image":{"@id":"https:\/\/www.nexoinformativo.mx\/index.php\/2024\/09\/20\/queretaro-y-san-antonio-firman-convenio-de-amistad-para-fortalecer-lazos-culturales-turisticos-y-educativos\/#primaryimage"},"thumbnailUrl":"https:\/\/www.nexoinformativo.mx\/wp-content\/uploads\/2024\/09\/PHOTO-2024-09-20-20-29-27-e1726895983862.jpg","keywords":["ConvenioInternacional","CulturaYTurismo","Educaci\u00f3nGlobal","Quer\u00e9taroSanAntonio"],"articleSection":["Econom\u00eda","Estado"],"inLanguage":"es","potentialAction":[{"@type":"CommentAction","name":"Comment","target":["https:\/\/www.nexoinformativo.mx\/index.php\/2024\/09\/20\/queretaro-y-san-antonio-firman-convenio-de-amistad-para-fortalecer-lazos-culturales-turisticos-y-educativos\/#respond"]}]},{"@type":"WebPage","@id":"https:\/\/www.nexoinformativo.mx\/index.php\/2024\/09\/20\/queretaro-y-san-antonio-firman-convenio-de-amistad-para-fortalecer-lazos-culturales-turisticos-y-educativos\/","url":"https:\/\/www.nexoinformativo.mx\/index.php\/2024\/09\/20\/queretaro-y-san-antonio-firman-convenio-de-amistad-para-fortalecer-lazos-culturales-turisticos-y-educativos\/","name":"Quer\u00e9taro y San Antonio firman convenio de amistad para fortalecer lazos culturales, tur\u00edsticos y educativos | Nexo Informativo Santiago de Quer\u00e9taro","isPartOf":{"@id":"https:\/\/www.nexoinformativo.mx\/#website"},"primaryImageOfPage":{"@id":"https:\/\/www.nexoinformativo.mx\/index.php\/2024\/09\/20\/queretaro-y-san-antonio-firman-convenio-de-amistad-para-fortalecer-lazos-culturales-turisticos-y-educativos\/#primaryimage"},"image":{"@id":"https:\/\/www.nexoinformativo.mx\/index.php\/2024\/09\/20\/queretaro-y-san-antonio-firman-convenio-de-amistad-para-fortalecer-lazos-culturales-turisticos-y-educativos\/#primaryimage"},"thumbnailUrl":"https:\/\/www.nexoinformativo.mx\/wp-content\/uploads\/2024\/09\/PHOTO-2024-09-20-20-29-27-e1726895983862.jpg","datePublished":"2024-09-21T02:00:33+00:00","dateModified":"2024-09-21T05:24:38+00:00","description":"Quer\u00e9taro y San Antonio firman convenio de amistad para fortalecer lazos culturales, tur\u00edsticos y educativos","breadcrumb":{"@id":"https:\/\/www.nexoinformativo.mx\/index.php\/2024\/09\/20\/queretaro-y-san-antonio-firman-convenio-de-amistad-para-fortalecer-lazos-culturales-turisticos-y-educativos\/#breadcrumb"},"inLanguage":"es","potentialAction":[{"@type":"ReadAction","target":["https:\/\/www.nexoinformativo.mx\/index.php\/2024\/09\/20\/queretaro-y-san-antonio-firman-convenio-de-amistad-para-fortalecer-lazos-culturales-turisticos-y-educativos\/"]}]},{"@type":"ImageObject","inLanguage":"es","@id":"https:\/\/www.nexoinformativo.mx\/index.php\/2024\/09\/20\/queretaro-y-san-antonio-firman-convenio-de-amistad-para-fortalecer-lazos-culturales-turisticos-y-educativos\/#primaryimage","url":"https:\/\/www.nexoinformativo.mx\/wp-content\/uploads\/2024\/09\/PHOTO-2024-09-20-20-29-27-e1726895983862.jpg","contentUrl":"https:\/\/www.nexoinformativo.mx\/wp-content\/uploads\/2024\/09\/PHOTO-2024-09-20-20-29-27-e1726895983862.jpg","width":800,"height":533},{"@type":"BreadcrumbList","@id":"https:\/\/www.nexoinformativo.mx\/index.php\/2024\/09\/20\/queretaro-y-san-antonio-firman-convenio-de-amistad-para-fortalecer-lazos-culturales-turisticos-y-educativos\/#breadcrumb","itemListElement":[{"@type":"ListItem","position":1,"name":"Inicio","item":"https:\/\/www.nexoinformativo.mx\/"},{"@type":"ListItem","position":2,"name":"Quer\u00e9taro y San Antonio firman convenio de amistad para fortalecer lazos culturales, tur\u00edsticos y educativos"}]},{"@type":"WebSite","@id":"https:\/\/www.nexoinformativo.mx\/#website","url":"https:\/\/www.nexoinformativo.mx\/","name":"Nexo Informativo Santiago de Quer\u00e9taro","description":"Explora NexoInformativo y convi\u00e9rtete en parte de una comunidad que valora el conocimiento y la verdad. Tu nexoinformativo es tu puente hacia una comprensi\u00f3n m\u00e1s profunda del mundo que te rodea.","publisher":{"@id":"https:\/\/www.nexoinformativo.mx\/#organization"},"potentialAction":[{"@type":"SearchAction","target":{"@type":"EntryPoint","urlTemplate":"https:\/\/www.nexoinformativo.mx\/?s={search_term_string}"},"query-input":{"@type":"PropertyValueSpecification","valueRequired":true,"valueName":"search_term_string"}}],"inLanguage":"es"},{"@type":"Organization","@id":"https:\/\/www.nexoinformativo.mx\/#organization","name":"Nexo Informativo Santiago de Quer\u00e9taro","url":"https:\/\/www.nexoinformativo.mx\/","logo":{"@type":"ImageObject","inLanguage":"es","@id":"https:\/\/www.nexoinformativo.mx\/#\/schema\/logo\/image\/","url":"https:\/\/www.nexoinformativo.mx\/wp-content\/uploads\/2024\/07\/nexoi-trasparente-2.png","contentUrl":"https:\/\/www.nexoinformativo.mx\/wp-content\/uploads\/2024\/07\/nexoi-trasparente-2.png","width":816,"height":339,"caption":"Nexo Informativo Santiago de Quer\u00e9taro"},"image":{"@id":"https:\/\/www.nexoinformativo.mx\/#\/schema\/logo\/image\/"},"sameAs":["https:\/\/www.facebook.com\/people\/Nexo-Informativo\/61564066885511\/"]},{"@type":"Person","@id":"https:\/\/www.nexoinformativo.mx\/#\/schema\/person\/7749d380ba08c8ca00d7bc76fd907b7d","name":"Nexo Informativo","image":{"@type":"ImageObject","inLanguage":"es","@id":"https:\/\/www.nexoinformativo.mx\/#\/schema\/person\/image\/","url":"https:\/\/secure.gravatar.com\/avatar\/dde2928154642a13d95f87ddf1ea9718fe2b46760a005c53e41ff5ad610704e6?s=96&d=mm&r=g","contentUrl":"https:\/\/secure.gravatar.com\/avatar\/dde2928154642a13d95f87ddf1ea9718fe2b46760a005c53e41ff5ad610704e6?s=96&d=mm&r=g","caption":"Nexo Informativo"},"url":"https:\/\/www.nexoinformativo.mx\/index.php\/author\/edicion\/"}]}},"_links":{"self":[{"href":"https:\/\/www.nexoinformativo.mx\/index.php\/wp-json\/wp\/v2\/posts\/2185","targetHints":{"allow":["GET"]}}],"collection":[{"href":"https:\/\/www.nexoinformativo.mx\/index.php\/wp-json\/wp\/v2\/posts"}],"about":[{"href":"https:\/\/www.nexoinformativo.mx\/index.php\/wp-json\/wp\/v2\/types\/post"}],"author":[{"embeddable":true,"href":"https:\/\/www.nexoinformativo.mx\/index.php\/wp-json\/wp\/v2\/users\/3"}],"replies":[{"embeddable":true,"href":"https:\/\/www.nexoinformativo.mx\/index.php\/wp-json\/wp\/v2\/comments?post=2185"}],"version-history":[{"count":7,"href":"https:\/\/www.nexoinformativo.mx\/index.php\/wp-json\/wp\/v2\/posts\/2185\/revisions"}],"predecessor-version":[{"id":2189,"href":"https:\/\/www.nexoinformativo.mx\/index.php\/wp-json\/wp\/v2\/posts\/2185\/revisions\/2189"}],"wp:featuredmedia":[{"embeddable":true,"href":"https:\/\/www.nexoinformativo.mx\/index.php\/wp-json\/wp\/v2\/media\/2186"}],"wp:attachment":[{"href":"https:\/\/www.nexoinformativo.mx\/index.php\/wp-json\/wp\/v2\/media?parent=2185"}],"wp:term":[{"taxonomy":"category","embeddable":true,"href":"https:\/\/www.nexoinformativo.mx\/index.php\/wp-json\/wp\/v2\/categories?post=2185"},{"taxonomy":"post_tag","embeddable":true,"href":"https:\/\/www.nexoinformativo.mx\/index.php\/wp-json\/wp\/v2\/tags?post=2185"}],"curies":[{"name":"wp","href":"https:\/\/api.w.org\/{rel}","templated":true}]}}