{"id":2199,"date":"2024-09-21T08:00:52","date_gmt":"2024-09-21T14:00:52","guid":{"rendered":"https:\/\/www.nexoinformativo.mx\/?p=2199"},"modified":"2024-09-21T11:06:35","modified_gmt":"2024-09-21T17:06:35","slug":"chepe-guerrero-se-une-a-jorge-romero-en-la-candidatura-a-la-presidencia-del-pan","status":"publish","type":"post","link":"https:\/\/www.nexoinformativo.mx\/index.php\/2024\/09\/21\/chepe-guerrero-se-une-a-jorge-romero-en-la-candidatura-a-la-presidencia-del-pan\/","title":{"rendered":"Chepe Guerrero se une a Jorge Romero en la candidatura a la presidencia del PAN"},"content":{"rendered":"<p style=\"text-align: justify;\">Chepe Guerrero, presidente municipal electo de Corregidora, se registr\u00f3 como parte de la f\u00f3rmula que acompa\u00f1a a Jorge Romero Herrera rumbo a la presidencia nacional del Partido Acci\u00f3n Nacional (PAN). En el acto reafirm\u00f3 su compromiso con la ciudadan\u00eda y destac\u00f3 la necesidad de que el PAN contin\u00fae siendo un partido de oposici\u00f3n responsable.<\/p>\n<p>&nbsp;<\/p>\n<p style=\"text-align: justify;\">Uno de los principales objetivos de Chepe Guerrero ser\u00e1 revitalizar los Comit\u00e9s Municipales del PAN, acercando el partido a la ciudadan\u00eda y llev\u00e1ndolo de vuelta a las calles. Con su experiencia en Acci\u00f3n Juvenil, expres\u00f3 que es un honor formar parte de un equipo liderado por un ex integrante juvenil, que refleja el enfoque renovador del proyecto.<\/p>\n<p>&nbsp;<\/p>\n<p style=\"text-align: justify;\">Por su parte, Jorge Romero destac\u00f3 la importancia para encabezar la renovaci\u00f3n y unidad del PAN a nivel nacional, con la intenci\u00f3n de conectar con los militantes en todo el pa\u00eds a trav\u00e9s de propuestas y di\u00e1logo. La campa\u00f1a oficial comenzar\u00e1 a partir del 26 de septiembre, despu\u00e9s de la validaci\u00f3n de su registro por parte de la Comisi\u00f3n Nacional de Elecciones del PAN.<\/p>\n<p>&nbsp;<\/p>\n<p style=\"text-align: justify;\">Guerrero finaliz\u00f3 su intervenci\u00f3n asegurando que esta f\u00f3rmula est\u00e1 preparada para afrontar los retos del futuro. <strong>&#8220;Vamos a regresarle la vida a los Comit\u00e9s Municipales, dar la batalla en la calle, abrirnos a la ciudadan\u00eda y decirle a todo M\u00e9xico que el PAN est\u00e1 m\u00e1s vivo que nunca&#8221;<\/strong>, concluy\u00f3.<\/p>\n","protected":false},"excerpt":{"rendered":"<p>Chepe Guerrero, presidente municipal electo de Corregidora, se registr\u00f3 como parte de la f\u00f3rmula que acompa\u00f1a a Jorge Romero Herrera rumbo a la presidencia nacional del Partido Acci\u00f3n Nacional (PAN).<\/p>\n","protected":false},"author":3,"featured_media":2200,"comment_status":"open","ping_status":"open","sticky":false,"template":"","format":"standard","meta":{"footnotes":""},"categories":[21,58],"tags":[383,237,834,835],"class_list":["post-2199","post","type-post","status-publish","format-standard","has-post-thumbnail","hentry","category-politica","category-ultima-hora","tag-accionnacional","tag-chepeguerrero","tag-renovacionpan","tag-unidadpan"],"yoast_head":"<!-- This site is optimized with the Yoast SEO plugin v25.0 - https:\/\/yoast.com\/wordpress\/plugins\/seo\/ -->\n<title>Chepe Guerrero se une a Jorge Romero en la candidatura a la presidencia del PAN | Nexo Informativo Santiago de Quer\u00e9taro<\/title>\n<meta name=\"description\" content=\"Chepe Guerrero se une a Jorge Romero en la candidatura a la presidencia del PAN\" \/>\n<meta name=\"robots\" content=\"index, follow, max-snippet:-1, max-image-preview:large, max-video-preview:-1\" \/>\n<link rel=\"canonical\" href=\"https:\/\/www.nexoinformativo.mx\/index.php\/2024\/09\/21\/chepe-guerrero-se-une-a-jorge-romero-en-la-candidatura-a-la-presidencia-del-pan\/\" \/>\n<meta property=\"og:locale\" content=\"es_MX\" \/>\n<meta property=\"og:type\" content=\"article\" \/>\n<meta property=\"og:title\" content=\"Chepe Guerrero se une a Jorge Romero en la candidatura a la presidencia del PAN | Nexo Informativo Santiago de Quer\u00e9taro\" \/>\n<meta property=\"og:description\" content=\"Chepe Guerrero se une a Jorge Romero en la candidatura a la presidencia del PAN\" \/>\n<meta property=\"og:url\" content=\"https:\/\/www.nexoinformativo.mx\/index.php\/2024\/09\/21\/chepe-guerrero-se-une-a-jorge-romero-en-la-candidatura-a-la-presidencia-del-pan\/\" \/>\n<meta property=\"og:site_name\" content=\"Nexo Informativo Santiago de Quer\u00e9taro\" \/>\n<meta property=\"article:publisher\" content=\"https:\/\/www.facebook.com\/people\/Nexo-Informativo\/61564066885511\/\" \/>\n<meta property=\"article:published_time\" content=\"2024-09-21T14:00:52+00:00\" \/>\n<meta property=\"article:modified_time\" content=\"2024-09-21T17:06:35+00:00\" \/>\n<meta property=\"og:image\" content=\"https:\/\/www.nexoinformativo.mx\/wp-content\/uploads\/2024\/09\/PHOTO-2024-09-21-09-57-29-e1726937703568.jpg\" \/>\n\t<meta property=\"og:image:width\" content=\"800\" \/>\n\t<meta property=\"og:image:height\" content=\"533\" \/>\n\t<meta property=\"og:image:type\" content=\"image\/jpeg\" \/>\n<meta name=\"author\" content=\"Nexo Informativo\" \/>\n<meta name=\"twitter:card\" content=\"summary_large_image\" \/>\n<meta name=\"twitter:label1\" content=\"Escrito por\" \/>\n\t<meta name=\"twitter:data1\" content=\"Nexo Informativo\" \/>\n\t<meta name=\"twitter:label2\" content=\"Tiempo de lectura\" \/>\n\t<meta name=\"twitter:data2\" content=\"2 minutos\" \/>\n<script type=\"application\/ld+json\" class=\"yoast-schema-graph\">{\"@context\":\"https:\/\/schema.org\",\"@graph\":[{\"@type\":\"Article\",\"@id\":\"https:\/\/www.nexoinformativo.mx\/index.php\/2024\/09\/21\/chepe-guerrero-se-une-a-jorge-romero-en-la-candidatura-a-la-presidencia-del-pan\/#article\",\"isPartOf\":{\"@id\":\"https:\/\/www.nexoinformativo.mx\/index.php\/2024\/09\/21\/chepe-guerrero-se-une-a-jorge-romero-en-la-candidatura-a-la-presidencia-del-pan\/\"},\"author\":{\"name\":\"Nexo Informativo\",\"@id\":\"https:\/\/www.nexoinformativo.mx\/#\/schema\/person\/7749d380ba08c8ca00d7bc76fd907b7d\"},\"headline\":\"Chepe Guerrero se une a Jorge Romero en la candidatura a la presidencia del PAN\",\"datePublished\":\"2024-09-21T14:00:52+00:00\",\"dateModified\":\"2024-09-21T17:06:35+00:00\",\"mainEntityOfPage\":{\"@id\":\"https:\/\/www.nexoinformativo.mx\/index.php\/2024\/09\/21\/chepe-guerrero-se-une-a-jorge-romero-en-la-candidatura-a-la-presidencia-del-pan\/\"},\"wordCount\":266,\"commentCount\":0,\"publisher\":{\"@id\":\"https:\/\/www.nexoinformativo.mx\/#organization\"},\"image\":{\"@id\":\"https:\/\/www.nexoinformativo.mx\/index.php\/2024\/09\/21\/chepe-guerrero-se-une-a-jorge-romero-en-la-candidatura-a-la-presidencia-del-pan\/#primaryimage\"},\"thumbnailUrl\":\"https:\/\/www.nexoinformativo.mx\/wp-content\/uploads\/2024\/09\/PHOTO-2024-09-21-09-57-29-e1726937703568.jpg\",\"keywords\":[\"Acci\u00f3nNacional\",\"ChepeGuerrero\",\"Renovaci\u00f3nPAN\",\"UnidadPAN\"],\"articleSection\":[\"Pol\u00edtica\",\"\u00daltima Hora\"],\"inLanguage\":\"es\",\"potentialAction\":[{\"@type\":\"CommentAction\",\"name\":\"Comment\",\"target\":[\"https:\/\/www.nexoinformativo.mx\/index.php\/2024\/09\/21\/chepe-guerrero-se-une-a-jorge-romero-en-la-candidatura-a-la-presidencia-del-pan\/#respond\"]}]},{\"@type\":\"WebPage\",\"@id\":\"https:\/\/www.nexoinformativo.mx\/index.php\/2024\/09\/21\/chepe-guerrero-se-une-a-jorge-romero-en-la-candidatura-a-la-presidencia-del-pan\/\",\"url\":\"https:\/\/www.nexoinformativo.mx\/index.php\/2024\/09\/21\/chepe-guerrero-se-une-a-jorge-romero-en-la-candidatura-a-la-presidencia-del-pan\/\",\"name\":\"Chepe Guerrero se une a Jorge Romero en la candidatura a la presidencia del PAN | Nexo Informativo Santiago de Quer\u00e9taro\",\"isPartOf\":{\"@id\":\"https:\/\/www.nexoinformativo.mx\/#website\"},\"primaryImageOfPage\":{\"@id\":\"https:\/\/www.nexoinformativo.mx\/index.php\/2024\/09\/21\/chepe-guerrero-se-une-a-jorge-romero-en-la-candidatura-a-la-presidencia-del-pan\/#primaryimage\"},\"image\":{\"@id\":\"https:\/\/www.nexoinformativo.mx\/index.php\/2024\/09\/21\/chepe-guerrero-se-une-a-jorge-romero-en-la-candidatura-a-la-presidencia-del-pan\/#primaryimage\"},\"thumbnailUrl\":\"https:\/\/www.nexoinformativo.mx\/wp-content\/uploads\/2024\/09\/PHOTO-2024-09-21-09-57-29-e1726937703568.jpg\",\"datePublished\":\"2024-09-21T14:00:52+00:00\",\"dateModified\":\"2024-09-21T17:06:35+00:00\",\"description\":\"Chepe Guerrero se une a Jorge Romero en la candidatura a la presidencia del PAN\",\"breadcrumb\":{\"@id\":\"https:\/\/www.nexoinformativo.mx\/index.php\/2024\/09\/21\/chepe-guerrero-se-une-a-jorge-romero-en-la-candidatura-a-la-presidencia-del-pan\/#breadcrumb\"},\"inLanguage\":\"es\",\"potentialAction\":[{\"@type\":\"ReadAction\",\"target\":[\"https:\/\/www.nexoinformativo.mx\/index.php\/2024\/09\/21\/chepe-guerrero-se-une-a-jorge-romero-en-la-candidatura-a-la-presidencia-del-pan\/\"]}]},{\"@type\":\"ImageObject\",\"inLanguage\":\"es\",\"@id\":\"https:\/\/www.nexoinformativo.mx\/index.php\/2024\/09\/21\/chepe-guerrero-se-une-a-jorge-romero-en-la-candidatura-a-la-presidencia-del-pan\/#primaryimage\",\"url\":\"https:\/\/www.nexoinformativo.mx\/wp-content\/uploads\/2024\/09\/PHOTO-2024-09-21-09-57-29-e1726937703568.jpg\",\"contentUrl\":\"https:\/\/www.nexoinformativo.mx\/wp-content\/uploads\/2024\/09\/PHOTO-2024-09-21-09-57-29-e1726937703568.jpg\",\"width\":800,\"height\":533},{\"@type\":\"BreadcrumbList\",\"@id\":\"https:\/\/www.nexoinformativo.mx\/index.php\/2024\/09\/21\/chepe-guerrero-se-une-a-jorge-romero-en-la-candidatura-a-la-presidencia-del-pan\/#breadcrumb\",\"itemListElement\":[{\"@type\":\"ListItem\",\"position\":1,\"name\":\"Inicio\",\"item\":\"https:\/\/www.nexoinformativo.mx\/\"},{\"@type\":\"ListItem\",\"position\":2,\"name\":\"Chepe Guerrero se une a Jorge Romero en la candidatura a la presidencia del PAN\"}]},{\"@type\":\"WebSite\",\"@id\":\"https:\/\/www.nexoinformativo.mx\/#website\",\"url\":\"https:\/\/www.nexoinformativo.mx\/\",\"name\":\"Nexo Informativo Santiago de Quer\u00e9taro\",\"description\":\"Explora NexoInformativo y convi\u00e9rtete en parte de una comunidad que valora el conocimiento y la verdad. Tu nexoinformativo es tu puente hacia una comprensi\u00f3n m\u00e1s profunda del mundo que te rodea.\",\"publisher\":{\"@id\":\"https:\/\/www.nexoinformativo.mx\/#organization\"},\"potentialAction\":[{\"@type\":\"SearchAction\",\"target\":{\"@type\":\"EntryPoint\",\"urlTemplate\":\"https:\/\/www.nexoinformativo.mx\/?s={search_term_string}\"},\"query-input\":{\"@type\":\"PropertyValueSpecification\",\"valueRequired\":true,\"valueName\":\"search_term_string\"}}],\"inLanguage\":\"es\"},{\"@type\":\"Organization\",\"@id\":\"https:\/\/www.nexoinformativo.mx\/#organization\",\"name\":\"Nexo Informativo Santiago de Quer\u00e9taro\",\"url\":\"https:\/\/www.nexoinformativo.mx\/\",\"logo\":{\"@type\":\"ImageObject\",\"inLanguage\":\"es\",\"@id\":\"https:\/\/www.nexoinformativo.mx\/#\/schema\/logo\/image\/\",\"url\":\"https:\/\/www.nexoinformativo.mx\/wp-content\/uploads\/2024\/07\/nexoi-trasparente-2.png\",\"contentUrl\":\"https:\/\/www.nexoinformativo.mx\/wp-content\/uploads\/2024\/07\/nexoi-trasparente-2.png\",\"width\":816,\"height\":339,\"caption\":\"Nexo Informativo Santiago de Quer\u00e9taro\"},\"image\":{\"@id\":\"https:\/\/www.nexoinformativo.mx\/#\/schema\/logo\/image\/\"},\"sameAs\":[\"https:\/\/www.facebook.com\/people\/Nexo-Informativo\/61564066885511\/\"]},{\"@type\":\"Person\",\"@id\":\"https:\/\/www.nexoinformativo.mx\/#\/schema\/person\/7749d380ba08c8ca00d7bc76fd907b7d\",\"name\":\"Nexo Informativo\",\"image\":{\"@type\":\"ImageObject\",\"inLanguage\":\"es\",\"@id\":\"https:\/\/www.nexoinformativo.mx\/#\/schema\/person\/image\/\",\"url\":\"https:\/\/secure.gravatar.com\/avatar\/dde2928154642a13d95f87ddf1ea9718fe2b46760a005c53e41ff5ad610704e6?s=96&d=mm&r=g\",\"contentUrl\":\"https:\/\/secure.gravatar.com\/avatar\/dde2928154642a13d95f87ddf1ea9718fe2b46760a005c53e41ff5ad610704e6?s=96&d=mm&r=g\",\"caption\":\"Nexo Informativo\"},\"url\":\"https:\/\/www.nexoinformativo.mx\/index.php\/author\/edicion\/\"}]}<\/script>\n<!-- \/ Yoast SEO plugin. -->","yoast_head_json":{"title":"Chepe Guerrero se une a Jorge Romero en la candidatura a la presidencia del PAN | Nexo Informativo Santiago de Quer\u00e9taro","description":"Chepe Guerrero se une a Jorge Romero en la candidatura a la presidencia del PAN","robots":{"index":"index","follow":"follow","max-snippet":"max-snippet:-1","max-image-preview":"max-image-preview:large","max-video-preview":"max-video-preview:-1"},"canonical":"https:\/\/www.nexoinformativo.mx\/index.php\/2024\/09\/21\/chepe-guerrero-se-une-a-jorge-romero-en-la-candidatura-a-la-presidencia-del-pan\/","og_locale":"es_MX","og_type":"article","og_title":"Chepe Guerrero se une a Jorge Romero en la candidatura a la presidencia del PAN | Nexo Informativo Santiago de Quer\u00e9taro","og_description":"Chepe Guerrero se une a Jorge Romero en la candidatura a la presidencia del PAN","og_url":"https:\/\/www.nexoinformativo.mx\/index.php\/2024\/09\/21\/chepe-guerrero-se-une-a-jorge-romero-en-la-candidatura-a-la-presidencia-del-pan\/","og_site_name":"Nexo Informativo Santiago de Quer\u00e9taro","article_publisher":"https:\/\/www.facebook.com\/people\/Nexo-Informativo\/61564066885511\/","article_published_time":"2024-09-21T14:00:52+00:00","article_modified_time":"2024-09-21T17:06:35+00:00","og_image":[{"width":800,"height":533,"url":"https:\/\/www.nexoinformativo.mx\/wp-content\/uploads\/2024\/09\/PHOTO-2024-09-21-09-57-29-e1726937703568.jpg","type":"image\/jpeg"}],"author":"Nexo Informativo","twitter_card":"summary_large_image","twitter_misc":{"Escrito por":"Nexo Informativo","Tiempo de lectura":"2 minutos"},"schema":{"@context":"https:\/\/schema.org","@graph":[{"@type":"Article","@id":"https:\/\/www.nexoinformativo.mx\/index.php\/2024\/09\/21\/chepe-guerrero-se-une-a-jorge-romero-en-la-candidatura-a-la-presidencia-del-pan\/#article","isPartOf":{"@id":"https:\/\/www.nexoinformativo.mx\/index.php\/2024\/09\/21\/chepe-guerrero-se-une-a-jorge-romero-en-la-candidatura-a-la-presidencia-del-pan\/"},"author":{"name":"Nexo Informativo","@id":"https:\/\/www.nexoinformativo.mx\/#\/schema\/person\/7749d380ba08c8ca00d7bc76fd907b7d"},"headline":"Chepe Guerrero se une a Jorge Romero en la candidatura a la presidencia del PAN","datePublished":"2024-09-21T14:00:52+00:00","dateModified":"2024-09-21T17:06:35+00:00","mainEntityOfPage":{"@id":"https:\/\/www.nexoinformativo.mx\/index.php\/2024\/09\/21\/chepe-guerrero-se-une-a-jorge-romero-en-la-candidatura-a-la-presidencia-del-pan\/"},"wordCount":266,"commentCount":0,"publisher":{"@id":"https:\/\/www.nexoinformativo.mx\/#organization"},"image":{"@id":"https:\/\/www.nexoinformativo.mx\/index.php\/2024\/09\/21\/chepe-guerrero-se-une-a-jorge-romero-en-la-candidatura-a-la-presidencia-del-pan\/#primaryimage"},"thumbnailUrl":"https:\/\/www.nexoinformativo.mx\/wp-content\/uploads\/2024\/09\/PHOTO-2024-09-21-09-57-29-e1726937703568.jpg","keywords":["Acci\u00f3nNacional","ChepeGuerrero","Renovaci\u00f3nPAN","UnidadPAN"],"articleSection":["Pol\u00edtica","\u00daltima Hora"],"inLanguage":"es","potentialAction":[{"@type":"CommentAction","name":"Comment","target":["https:\/\/www.nexoinformativo.mx\/index.php\/2024\/09\/21\/chepe-guerrero-se-une-a-jorge-romero-en-la-candidatura-a-la-presidencia-del-pan\/#respond"]}]},{"@type":"WebPage","@id":"https:\/\/www.nexoinformativo.mx\/index.php\/2024\/09\/21\/chepe-guerrero-se-une-a-jorge-romero-en-la-candidatura-a-la-presidencia-del-pan\/","url":"https:\/\/www.nexoinformativo.mx\/index.php\/2024\/09\/21\/chepe-guerrero-se-une-a-jorge-romero-en-la-candidatura-a-la-presidencia-del-pan\/","name":"Chepe Guerrero se une a Jorge Romero en la candidatura a la presidencia del PAN | Nexo Informativo Santiago de Quer\u00e9taro","isPartOf":{"@id":"https:\/\/www.nexoinformativo.mx\/#website"},"primaryImageOfPage":{"@id":"https:\/\/www.nexoinformativo.mx\/index.php\/2024\/09\/21\/chepe-guerrero-se-une-a-jorge-romero-en-la-candidatura-a-la-presidencia-del-pan\/#primaryimage"},"image":{"@id":"https:\/\/www.nexoinformativo.mx\/index.php\/2024\/09\/21\/chepe-guerrero-se-une-a-jorge-romero-en-la-candidatura-a-la-presidencia-del-pan\/#primaryimage"},"thumbnailUrl":"https:\/\/www.nexoinformativo.mx\/wp-content\/uploads\/2024\/09\/PHOTO-2024-09-21-09-57-29-e1726937703568.jpg","datePublished":"2024-09-21T14:00:52+00:00","dateModified":"2024-09-21T17:06:35+00:00","description":"Chepe Guerrero se une a Jorge Romero en la candidatura a la presidencia del PAN","breadcrumb":{"@id":"https:\/\/www.nexoinformativo.mx\/index.php\/2024\/09\/21\/chepe-guerrero-se-une-a-jorge-romero-en-la-candidatura-a-la-presidencia-del-pan\/#breadcrumb"},"inLanguage":"es","potentialAction":[{"@type":"ReadAction","target":["https:\/\/www.nexoinformativo.mx\/index.php\/2024\/09\/21\/chepe-guerrero-se-une-a-jorge-romero-en-la-candidatura-a-la-presidencia-del-pan\/"]}]},{"@type":"ImageObject","inLanguage":"es","@id":"https:\/\/www.nexoinformativo.mx\/index.php\/2024\/09\/21\/chepe-guerrero-se-une-a-jorge-romero-en-la-candidatura-a-la-presidencia-del-pan\/#primaryimage","url":"https:\/\/www.nexoinformativo.mx\/wp-content\/uploads\/2024\/09\/PHOTO-2024-09-21-09-57-29-e1726937703568.jpg","contentUrl":"https:\/\/www.nexoinformativo.mx\/wp-content\/uploads\/2024\/09\/PHOTO-2024-09-21-09-57-29-e1726937703568.jpg","width":800,"height":533},{"@type":"BreadcrumbList","@id":"https:\/\/www.nexoinformativo.mx\/index.php\/2024\/09\/21\/chepe-guerrero-se-une-a-jorge-romero-en-la-candidatura-a-la-presidencia-del-pan\/#breadcrumb","itemListElement":[{"@type":"ListItem","position":1,"name":"Inicio","item":"https:\/\/www.nexoinformativo.mx\/"},{"@type":"ListItem","position":2,"name":"Chepe Guerrero se une a Jorge Romero en la candidatura a la presidencia del PAN"}]},{"@type":"WebSite","@id":"https:\/\/www.nexoinformativo.mx\/#website","url":"https:\/\/www.nexoinformativo.mx\/","name":"Nexo Informativo Santiago de Quer\u00e9taro","description":"Explora NexoInformativo y convi\u00e9rtete en parte de una comunidad que valora el conocimiento y la verdad. Tu nexoinformativo es tu puente hacia una comprensi\u00f3n m\u00e1s profunda del mundo que te rodea.","publisher":{"@id":"https:\/\/www.nexoinformativo.mx\/#organization"},"potentialAction":[{"@type":"SearchAction","target":{"@type":"EntryPoint","urlTemplate":"https:\/\/www.nexoinformativo.mx\/?s={search_term_string}"},"query-input":{"@type":"PropertyValueSpecification","valueRequired":true,"valueName":"search_term_string"}}],"inLanguage":"es"},{"@type":"Organization","@id":"https:\/\/www.nexoinformativo.mx\/#organization","name":"Nexo Informativo Santiago de Quer\u00e9taro","url":"https:\/\/www.nexoinformativo.mx\/","logo":{"@type":"ImageObject","inLanguage":"es","@id":"https:\/\/www.nexoinformativo.mx\/#\/schema\/logo\/image\/","url":"https:\/\/www.nexoinformativo.mx\/wp-content\/uploads\/2024\/07\/nexoi-trasparente-2.png","contentUrl":"https:\/\/www.nexoinformativo.mx\/wp-content\/uploads\/2024\/07\/nexoi-trasparente-2.png","width":816,"height":339,"caption":"Nexo Informativo Santiago de Quer\u00e9taro"},"image":{"@id":"https:\/\/www.nexoinformativo.mx\/#\/schema\/logo\/image\/"},"sameAs":["https:\/\/www.facebook.com\/people\/Nexo-Informativo\/61564066885511\/"]},{"@type":"Person","@id":"https:\/\/www.nexoinformativo.mx\/#\/schema\/person\/7749d380ba08c8ca00d7bc76fd907b7d","name":"Nexo Informativo","image":{"@type":"ImageObject","inLanguage":"es","@id":"https:\/\/www.nexoinformativo.mx\/#\/schema\/person\/image\/","url":"https:\/\/secure.gravatar.com\/avatar\/dde2928154642a13d95f87ddf1ea9718fe2b46760a005c53e41ff5ad610704e6?s=96&d=mm&r=g","contentUrl":"https:\/\/secure.gravatar.com\/avatar\/dde2928154642a13d95f87ddf1ea9718fe2b46760a005c53e41ff5ad610704e6?s=96&d=mm&r=g","caption":"Nexo Informativo"},"url":"https:\/\/www.nexoinformativo.mx\/index.php\/author\/edicion\/"}]}},"_links":{"self":[{"href":"https:\/\/www.nexoinformativo.mx\/index.php\/wp-json\/wp\/v2\/posts\/2199","targetHints":{"allow":["GET"]}}],"collection":[{"href":"https:\/\/www.nexoinformativo.mx\/index.php\/wp-json\/wp\/v2\/posts"}],"about":[{"href":"https:\/\/www.nexoinformativo.mx\/index.php\/wp-json\/wp\/v2\/types\/post"}],"author":[{"embeddable":true,"href":"https:\/\/www.nexoinformativo.mx\/index.php\/wp-json\/wp\/v2\/users\/3"}],"replies":[{"embeddable":true,"href":"https:\/\/www.nexoinformativo.mx\/index.php\/wp-json\/wp\/v2\/comments?post=2199"}],"version-history":[{"count":3,"href":"https:\/\/www.nexoinformativo.mx\/index.php\/wp-json\/wp\/v2\/posts\/2199\/revisions"}],"predecessor-version":[{"id":2204,"href":"https:\/\/www.nexoinformativo.mx\/index.php\/wp-json\/wp\/v2\/posts\/2199\/revisions\/2204"}],"wp:featuredmedia":[{"embeddable":true,"href":"https:\/\/www.nexoinformativo.mx\/index.php\/wp-json\/wp\/v2\/media\/2200"}],"wp:attachment":[{"href":"https:\/\/www.nexoinformativo.mx\/index.php\/wp-json\/wp\/v2\/media?parent=2199"}],"wp:term":[{"taxonomy":"category","embeddable":true,"href":"https:\/\/www.nexoinformativo.mx\/index.php\/wp-json\/wp\/v2\/categories?post=2199"},{"taxonomy":"post_tag","embeddable":true,"href":"https:\/\/www.nexoinformativo.mx\/index.php\/wp-json\/wp\/v2\/tags?post=2199"}],"curies":[{"name":"wp","href":"https:\/\/api.w.org\/{rel}","templated":true}]}}