{"id":2205,"date":"2024-09-21T09:00:37","date_gmt":"2024-09-21T15:00:37","guid":{"rendered":"https:\/\/www.nexoinformativo.mx\/?p=2205"},"modified":"2024-09-21T11:06:03","modified_gmt":"2024-09-21T17:06:03","slug":"policias-de-queretaro-recuperan-automovil-robado-y-aseguran-a-responsable","status":"publish","type":"post","link":"https:\/\/www.nexoinformativo.mx\/index.php\/2024\/09\/21\/policias-de-queretaro-recuperan-automovil-robado-y-aseguran-a-responsable\/","title":{"rendered":"Polic\u00edas de Quer\u00e9taro recuperan autom\u00f3vil robado y aseguran a responsable"},"content":{"rendered":"<p style=\"text-align: justify;\">Gracias a la r\u00e1pida acci\u00f3n y al uso de herramientas tecnol\u00f3gicas del Centro de Comando, Control, Comunicaci\u00f3n y C\u00f3mputo <strong>(C4)<\/strong>, elementos de la Secretar\u00eda de Seguridad P\u00fablica del Municipio de Quer\u00e9taro <strong>(SSPMQ) <\/strong>recuperaron un veh\u00edculo robado en la comunidad de San Isidro El Viejo y detuvieron al presunto responsable.<\/p>\n<p>&nbsp;<\/p>\n<p style=\"text-align: justify;\">El operativo comenz\u00f3 tras un reporte oportuno a la L\u00ednea \u00danica de Emergencias 9-1-1, donde se alert\u00f3 sobre el robo de un autom\u00f3vil Nissan blanco. Las c\u00e1maras de videovigilancia de la SSPMQ detectaron el veh\u00edculo en movimiento y, de inmediato, las unidades se trasladaron al lugar.<\/p>\n<p>&nbsp;<\/p>\n<p style=\"text-align: justify;\">Al percatarse de la presencia de los polic\u00edas, el sospechoso intent\u00f3 huir, pero fue interceptado r\u00e1pidamente. Tras la captura, se le inform\u00f3 sobre su situaci\u00f3n jur\u00eddica por el delito de robo de veh\u00edculo. Fue trasladado a la Fiscal\u00eda General del Estado, donde se le dar\u00e1 seguimiento legal.<\/p>\n<p>&nbsp;<\/p>\n<p style=\"text-align: justify;\">Este tipo de acciones refuerzan la importancia de la colaboraci\u00f3n ciudadana y el uso de la tecnolog\u00eda en la lucha contra el delito, promoviendo la seguridad y tranquilidad en el municipio de Quer\u00e9taro.<\/p>\n","protected":false},"excerpt":{"rendered":"<p>Gracias a la r\u00e1pida acci\u00f3n y al uso de herramientas tecnol\u00f3gicas del Centro de Comando, Control, Comunicaci\u00f3n y C\u00f3mputo (C4), elementos de la Secretar\u00eda de Seguridad P\u00fablica del Municipio de Quer\u00e9taro<\/p>\n","protected":false},"author":3,"featured_media":2206,"comment_status":"open","ping_status":"open","sticky":false,"template":"","format":"standard","meta":{"footnotes":""},"categories":[137,58],"tags":[836,301,266,722],"class_list":["post-2205","post","type-post","status-publish","format-standard","has-post-thumbnail","hentry","category-sucesos","category-ultima-hora","tag-accionpolicia","tag-c4queretaro","tag-seguridadqueretaro","tag-sspmq"],"yoast_head":"<!-- This site is optimized with the Yoast SEO plugin v25.0 - https:\/\/yoast.com\/wordpress\/plugins\/seo\/ -->\n<title>Polic\u00edas de Quer\u00e9taro recuperan autom\u00f3vil robado y aseguran a responsable | Nexo Informativo Santiago de Quer\u00e9taro<\/title>\n<meta name=\"description\" content=\"Polic\u00edas de Quer\u00e9taro recuperan autom\u00f3vil robado y aseguran a responsable\" \/>\n<meta name=\"robots\" content=\"index, follow, max-snippet:-1, max-image-preview:large, max-video-preview:-1\" \/>\n<link rel=\"canonical\" href=\"https:\/\/www.nexoinformativo.mx\/index.php\/2024\/09\/21\/policias-de-queretaro-recuperan-automovil-robado-y-aseguran-a-responsable\/\" \/>\n<meta property=\"og:locale\" content=\"es_MX\" \/>\n<meta property=\"og:type\" content=\"article\" \/>\n<meta property=\"og:title\" content=\"Polic\u00edas de Quer\u00e9taro recuperan autom\u00f3vil robado y aseguran a responsable | Nexo Informativo Santiago de Quer\u00e9taro\" \/>\n<meta property=\"og:description\" content=\"Polic\u00edas de Quer\u00e9taro recuperan autom\u00f3vil robado y aseguran a responsable\" \/>\n<meta property=\"og:url\" content=\"https:\/\/www.nexoinformativo.mx\/index.php\/2024\/09\/21\/policias-de-queretaro-recuperan-automovil-robado-y-aseguran-a-responsable\/\" \/>\n<meta property=\"og:site_name\" content=\"Nexo Informativo Santiago de Quer\u00e9taro\" \/>\n<meta property=\"article:publisher\" content=\"https:\/\/www.facebook.com\/people\/Nexo-Informativo\/61564066885511\/\" \/>\n<meta property=\"article:published_time\" content=\"2024-09-21T15:00:37+00:00\" \/>\n<meta property=\"article:modified_time\" content=\"2024-09-21T17:06:03+00:00\" \/>\n<meta property=\"og:image\" content=\"https:\/\/www.nexoinformativo.mx\/wp-content\/uploads\/2024\/09\/PHOTO-2024-09-21-09-57-57-e1726938217776.jpg\" \/>\n\t<meta property=\"og:image:width\" content=\"800\" \/>\n\t<meta property=\"og:image:height\" content=\"1120\" \/>\n\t<meta property=\"og:image:type\" content=\"image\/jpeg\" \/>\n<meta name=\"author\" content=\"Nexo Informativo\" \/>\n<meta name=\"twitter:card\" content=\"summary_large_image\" \/>\n<meta name=\"twitter:label1\" content=\"Escrito por\" \/>\n\t<meta name=\"twitter:data1\" content=\"Nexo Informativo\" \/>\n\t<meta name=\"twitter:label2\" content=\"Tiempo de lectura\" \/>\n\t<meta name=\"twitter:data2\" content=\"2 minutos\" \/>\n<script type=\"application\/ld+json\" class=\"yoast-schema-graph\">{\"@context\":\"https:\/\/schema.org\",\"@graph\":[{\"@type\":\"Article\",\"@id\":\"https:\/\/www.nexoinformativo.mx\/index.php\/2024\/09\/21\/policias-de-queretaro-recuperan-automovil-robado-y-aseguran-a-responsable\/#article\",\"isPartOf\":{\"@id\":\"https:\/\/www.nexoinformativo.mx\/index.php\/2024\/09\/21\/policias-de-queretaro-recuperan-automovil-robado-y-aseguran-a-responsable\/\"},\"author\":{\"name\":\"Nexo Informativo\",\"@id\":\"https:\/\/www.nexoinformativo.mx\/#\/schema\/person\/7749d380ba08c8ca00d7bc76fd907b7d\"},\"headline\":\"Polic\u00edas de Quer\u00e9taro recuperan autom\u00f3vil robado y aseguran a responsable\",\"datePublished\":\"2024-09-21T15:00:37+00:00\",\"dateModified\":\"2024-09-21T17:06:03+00:00\",\"mainEntityOfPage\":{\"@id\":\"https:\/\/www.nexoinformativo.mx\/index.php\/2024\/09\/21\/policias-de-queretaro-recuperan-automovil-robado-y-aseguran-a-responsable\/\"},\"wordCount\":214,\"commentCount\":0,\"publisher\":{\"@id\":\"https:\/\/www.nexoinformativo.mx\/#organization\"},\"image\":{\"@id\":\"https:\/\/www.nexoinformativo.mx\/index.php\/2024\/09\/21\/policias-de-queretaro-recuperan-automovil-robado-y-aseguran-a-responsable\/#primaryimage\"},\"thumbnailUrl\":\"https:\/\/www.nexoinformativo.mx\/wp-content\/uploads\/2024\/09\/PHOTO-2024-09-21-09-57-57-e1726938217776.jpg\",\"keywords\":[\"Acci\u00f3nPolicia\",\"C4Queretaro\",\"SeguridadQueretaro\",\"SSPMQ\"],\"articleSection\":[\"Sucesos\",\"\u00daltima Hora\"],\"inLanguage\":\"es\",\"potentialAction\":[{\"@type\":\"CommentAction\",\"name\":\"Comment\",\"target\":[\"https:\/\/www.nexoinformativo.mx\/index.php\/2024\/09\/21\/policias-de-queretaro-recuperan-automovil-robado-y-aseguran-a-responsable\/#respond\"]}]},{\"@type\":\"WebPage\",\"@id\":\"https:\/\/www.nexoinformativo.mx\/index.php\/2024\/09\/21\/policias-de-queretaro-recuperan-automovil-robado-y-aseguran-a-responsable\/\",\"url\":\"https:\/\/www.nexoinformativo.mx\/index.php\/2024\/09\/21\/policias-de-queretaro-recuperan-automovil-robado-y-aseguran-a-responsable\/\",\"name\":\"Polic\u00edas de Quer\u00e9taro recuperan autom\u00f3vil robado y aseguran a responsable | Nexo Informativo Santiago de Quer\u00e9taro\",\"isPartOf\":{\"@id\":\"https:\/\/www.nexoinformativo.mx\/#website\"},\"primaryImageOfPage\":{\"@id\":\"https:\/\/www.nexoinformativo.mx\/index.php\/2024\/09\/21\/policias-de-queretaro-recuperan-automovil-robado-y-aseguran-a-responsable\/#primaryimage\"},\"image\":{\"@id\":\"https:\/\/www.nexoinformativo.mx\/index.php\/2024\/09\/21\/policias-de-queretaro-recuperan-automovil-robado-y-aseguran-a-responsable\/#primaryimage\"},\"thumbnailUrl\":\"https:\/\/www.nexoinformativo.mx\/wp-content\/uploads\/2024\/09\/PHOTO-2024-09-21-09-57-57-e1726938217776.jpg\",\"datePublished\":\"2024-09-21T15:00:37+00:00\",\"dateModified\":\"2024-09-21T17:06:03+00:00\",\"description\":\"Polic\u00edas de Quer\u00e9taro recuperan autom\u00f3vil robado y aseguran a responsable\",\"breadcrumb\":{\"@id\":\"https:\/\/www.nexoinformativo.mx\/index.php\/2024\/09\/21\/policias-de-queretaro-recuperan-automovil-robado-y-aseguran-a-responsable\/#breadcrumb\"},\"inLanguage\":\"es\",\"potentialAction\":[{\"@type\":\"ReadAction\",\"target\":[\"https:\/\/www.nexoinformativo.mx\/index.php\/2024\/09\/21\/policias-de-queretaro-recuperan-automovil-robado-y-aseguran-a-responsable\/\"]}]},{\"@type\":\"ImageObject\",\"inLanguage\":\"es\",\"@id\":\"https:\/\/www.nexoinformativo.mx\/index.php\/2024\/09\/21\/policias-de-queretaro-recuperan-automovil-robado-y-aseguran-a-responsable\/#primaryimage\",\"url\":\"https:\/\/www.nexoinformativo.mx\/wp-content\/uploads\/2024\/09\/PHOTO-2024-09-21-09-57-57-e1726938217776.jpg\",\"contentUrl\":\"https:\/\/www.nexoinformativo.mx\/wp-content\/uploads\/2024\/09\/PHOTO-2024-09-21-09-57-57-e1726938217776.jpg\",\"width\":800,\"height\":1120},{\"@type\":\"BreadcrumbList\",\"@id\":\"https:\/\/www.nexoinformativo.mx\/index.php\/2024\/09\/21\/policias-de-queretaro-recuperan-automovil-robado-y-aseguran-a-responsable\/#breadcrumb\",\"itemListElement\":[{\"@type\":\"ListItem\",\"position\":1,\"name\":\"Inicio\",\"item\":\"https:\/\/www.nexoinformativo.mx\/\"},{\"@type\":\"ListItem\",\"position\":2,\"name\":\"Polic\u00edas de Quer\u00e9taro recuperan autom\u00f3vil robado y aseguran a responsable\"}]},{\"@type\":\"WebSite\",\"@id\":\"https:\/\/www.nexoinformativo.mx\/#website\",\"url\":\"https:\/\/www.nexoinformativo.mx\/\",\"name\":\"Nexo Informativo Santiago de Quer\u00e9taro\",\"description\":\"Explora NexoInformativo y convi\u00e9rtete en parte de una comunidad que valora el conocimiento y la verdad. Tu nexoinformativo es tu puente hacia una comprensi\u00f3n m\u00e1s profunda del mundo que te rodea.\",\"publisher\":{\"@id\":\"https:\/\/www.nexoinformativo.mx\/#organization\"},\"potentialAction\":[{\"@type\":\"SearchAction\",\"target\":{\"@type\":\"EntryPoint\",\"urlTemplate\":\"https:\/\/www.nexoinformativo.mx\/?s={search_term_string}\"},\"query-input\":{\"@type\":\"PropertyValueSpecification\",\"valueRequired\":true,\"valueName\":\"search_term_string\"}}],\"inLanguage\":\"es\"},{\"@type\":\"Organization\",\"@id\":\"https:\/\/www.nexoinformativo.mx\/#organization\",\"name\":\"Nexo Informativo Santiago de Quer\u00e9taro\",\"url\":\"https:\/\/www.nexoinformativo.mx\/\",\"logo\":{\"@type\":\"ImageObject\",\"inLanguage\":\"es\",\"@id\":\"https:\/\/www.nexoinformativo.mx\/#\/schema\/logo\/image\/\",\"url\":\"https:\/\/www.nexoinformativo.mx\/wp-content\/uploads\/2024\/07\/nexoi-trasparente-2.png\",\"contentUrl\":\"https:\/\/www.nexoinformativo.mx\/wp-content\/uploads\/2024\/07\/nexoi-trasparente-2.png\",\"width\":816,\"height\":339,\"caption\":\"Nexo Informativo Santiago de Quer\u00e9taro\"},\"image\":{\"@id\":\"https:\/\/www.nexoinformativo.mx\/#\/schema\/logo\/image\/\"},\"sameAs\":[\"https:\/\/www.facebook.com\/people\/Nexo-Informativo\/61564066885511\/\"]},{\"@type\":\"Person\",\"@id\":\"https:\/\/www.nexoinformativo.mx\/#\/schema\/person\/7749d380ba08c8ca00d7bc76fd907b7d\",\"name\":\"Nexo Informativo\",\"image\":{\"@type\":\"ImageObject\",\"inLanguage\":\"es\",\"@id\":\"https:\/\/www.nexoinformativo.mx\/#\/schema\/person\/image\/\",\"url\":\"https:\/\/secure.gravatar.com\/avatar\/dde2928154642a13d95f87ddf1ea9718fe2b46760a005c53e41ff5ad610704e6?s=96&d=mm&r=g\",\"contentUrl\":\"https:\/\/secure.gravatar.com\/avatar\/dde2928154642a13d95f87ddf1ea9718fe2b46760a005c53e41ff5ad610704e6?s=96&d=mm&r=g\",\"caption\":\"Nexo Informativo\"},\"url\":\"https:\/\/www.nexoinformativo.mx\/index.php\/author\/edicion\/\"}]}<\/script>\n<!-- \/ Yoast SEO plugin. -->","yoast_head_json":{"title":"Polic\u00edas de Quer\u00e9taro recuperan autom\u00f3vil robado y aseguran a responsable | Nexo Informativo Santiago de Quer\u00e9taro","description":"Polic\u00edas de Quer\u00e9taro recuperan autom\u00f3vil robado y aseguran a responsable","robots":{"index":"index","follow":"follow","max-snippet":"max-snippet:-1","max-image-preview":"max-image-preview:large","max-video-preview":"max-video-preview:-1"},"canonical":"https:\/\/www.nexoinformativo.mx\/index.php\/2024\/09\/21\/policias-de-queretaro-recuperan-automovil-robado-y-aseguran-a-responsable\/","og_locale":"es_MX","og_type":"article","og_title":"Polic\u00edas de Quer\u00e9taro recuperan autom\u00f3vil robado y aseguran a responsable | Nexo Informativo Santiago de Quer\u00e9taro","og_description":"Polic\u00edas de Quer\u00e9taro recuperan autom\u00f3vil robado y aseguran a responsable","og_url":"https:\/\/www.nexoinformativo.mx\/index.php\/2024\/09\/21\/policias-de-queretaro-recuperan-automovil-robado-y-aseguran-a-responsable\/","og_site_name":"Nexo Informativo Santiago de Quer\u00e9taro","article_publisher":"https:\/\/www.facebook.com\/people\/Nexo-Informativo\/61564066885511\/","article_published_time":"2024-09-21T15:00:37+00:00","article_modified_time":"2024-09-21T17:06:03+00:00","og_image":[{"width":800,"height":1120,"url":"https:\/\/www.nexoinformativo.mx\/wp-content\/uploads\/2024\/09\/PHOTO-2024-09-21-09-57-57-e1726938217776.jpg","type":"image\/jpeg"}],"author":"Nexo Informativo","twitter_card":"summary_large_image","twitter_misc":{"Escrito por":"Nexo Informativo","Tiempo de lectura":"2 minutos"},"schema":{"@context":"https:\/\/schema.org","@graph":[{"@type":"Article","@id":"https:\/\/www.nexoinformativo.mx\/index.php\/2024\/09\/21\/policias-de-queretaro-recuperan-automovil-robado-y-aseguran-a-responsable\/#article","isPartOf":{"@id":"https:\/\/www.nexoinformativo.mx\/index.php\/2024\/09\/21\/policias-de-queretaro-recuperan-automovil-robado-y-aseguran-a-responsable\/"},"author":{"name":"Nexo Informativo","@id":"https:\/\/www.nexoinformativo.mx\/#\/schema\/person\/7749d380ba08c8ca00d7bc76fd907b7d"},"headline":"Polic\u00edas de Quer\u00e9taro recuperan autom\u00f3vil robado y aseguran a responsable","datePublished":"2024-09-21T15:00:37+00:00","dateModified":"2024-09-21T17:06:03+00:00","mainEntityOfPage":{"@id":"https:\/\/www.nexoinformativo.mx\/index.php\/2024\/09\/21\/policias-de-queretaro-recuperan-automovil-robado-y-aseguran-a-responsable\/"},"wordCount":214,"commentCount":0,"publisher":{"@id":"https:\/\/www.nexoinformativo.mx\/#organization"},"image":{"@id":"https:\/\/www.nexoinformativo.mx\/index.php\/2024\/09\/21\/policias-de-queretaro-recuperan-automovil-robado-y-aseguran-a-responsable\/#primaryimage"},"thumbnailUrl":"https:\/\/www.nexoinformativo.mx\/wp-content\/uploads\/2024\/09\/PHOTO-2024-09-21-09-57-57-e1726938217776.jpg","keywords":["Acci\u00f3nPolicia","C4Queretaro","SeguridadQueretaro","SSPMQ"],"articleSection":["Sucesos","\u00daltima Hora"],"inLanguage":"es","potentialAction":[{"@type":"CommentAction","name":"Comment","target":["https:\/\/www.nexoinformativo.mx\/index.php\/2024\/09\/21\/policias-de-queretaro-recuperan-automovil-robado-y-aseguran-a-responsable\/#respond"]}]},{"@type":"WebPage","@id":"https:\/\/www.nexoinformativo.mx\/index.php\/2024\/09\/21\/policias-de-queretaro-recuperan-automovil-robado-y-aseguran-a-responsable\/","url":"https:\/\/www.nexoinformativo.mx\/index.php\/2024\/09\/21\/policias-de-queretaro-recuperan-automovil-robado-y-aseguran-a-responsable\/","name":"Polic\u00edas de Quer\u00e9taro recuperan autom\u00f3vil robado y aseguran a responsable | Nexo Informativo Santiago de Quer\u00e9taro","isPartOf":{"@id":"https:\/\/www.nexoinformativo.mx\/#website"},"primaryImageOfPage":{"@id":"https:\/\/www.nexoinformativo.mx\/index.php\/2024\/09\/21\/policias-de-queretaro-recuperan-automovil-robado-y-aseguran-a-responsable\/#primaryimage"},"image":{"@id":"https:\/\/www.nexoinformativo.mx\/index.php\/2024\/09\/21\/policias-de-queretaro-recuperan-automovil-robado-y-aseguran-a-responsable\/#primaryimage"},"thumbnailUrl":"https:\/\/www.nexoinformativo.mx\/wp-content\/uploads\/2024\/09\/PHOTO-2024-09-21-09-57-57-e1726938217776.jpg","datePublished":"2024-09-21T15:00:37+00:00","dateModified":"2024-09-21T17:06:03+00:00","description":"Polic\u00edas de Quer\u00e9taro recuperan autom\u00f3vil robado y aseguran a responsable","breadcrumb":{"@id":"https:\/\/www.nexoinformativo.mx\/index.php\/2024\/09\/21\/policias-de-queretaro-recuperan-automovil-robado-y-aseguran-a-responsable\/#breadcrumb"},"inLanguage":"es","potentialAction":[{"@type":"ReadAction","target":["https:\/\/www.nexoinformativo.mx\/index.php\/2024\/09\/21\/policias-de-queretaro-recuperan-automovil-robado-y-aseguran-a-responsable\/"]}]},{"@type":"ImageObject","inLanguage":"es","@id":"https:\/\/www.nexoinformativo.mx\/index.php\/2024\/09\/21\/policias-de-queretaro-recuperan-automovil-robado-y-aseguran-a-responsable\/#primaryimage","url":"https:\/\/www.nexoinformativo.mx\/wp-content\/uploads\/2024\/09\/PHOTO-2024-09-21-09-57-57-e1726938217776.jpg","contentUrl":"https:\/\/www.nexoinformativo.mx\/wp-content\/uploads\/2024\/09\/PHOTO-2024-09-21-09-57-57-e1726938217776.jpg","width":800,"height":1120},{"@type":"BreadcrumbList","@id":"https:\/\/www.nexoinformativo.mx\/index.php\/2024\/09\/21\/policias-de-queretaro-recuperan-automovil-robado-y-aseguran-a-responsable\/#breadcrumb","itemListElement":[{"@type":"ListItem","position":1,"name":"Inicio","item":"https:\/\/www.nexoinformativo.mx\/"},{"@type":"ListItem","position":2,"name":"Polic\u00edas de Quer\u00e9taro recuperan autom\u00f3vil robado y aseguran a responsable"}]},{"@type":"WebSite","@id":"https:\/\/www.nexoinformativo.mx\/#website","url":"https:\/\/www.nexoinformativo.mx\/","name":"Nexo Informativo Santiago de Quer\u00e9taro","description":"Explora NexoInformativo y convi\u00e9rtete en parte de una comunidad que valora el conocimiento y la verdad. Tu nexoinformativo es tu puente hacia una comprensi\u00f3n m\u00e1s profunda del mundo que te rodea.","publisher":{"@id":"https:\/\/www.nexoinformativo.mx\/#organization"},"potentialAction":[{"@type":"SearchAction","target":{"@type":"EntryPoint","urlTemplate":"https:\/\/www.nexoinformativo.mx\/?s={search_term_string}"},"query-input":{"@type":"PropertyValueSpecification","valueRequired":true,"valueName":"search_term_string"}}],"inLanguage":"es"},{"@type":"Organization","@id":"https:\/\/www.nexoinformativo.mx\/#organization","name":"Nexo Informativo Santiago de Quer\u00e9taro","url":"https:\/\/www.nexoinformativo.mx\/","logo":{"@type":"ImageObject","inLanguage":"es","@id":"https:\/\/www.nexoinformativo.mx\/#\/schema\/logo\/image\/","url":"https:\/\/www.nexoinformativo.mx\/wp-content\/uploads\/2024\/07\/nexoi-trasparente-2.png","contentUrl":"https:\/\/www.nexoinformativo.mx\/wp-content\/uploads\/2024\/07\/nexoi-trasparente-2.png","width":816,"height":339,"caption":"Nexo Informativo Santiago de Quer\u00e9taro"},"image":{"@id":"https:\/\/www.nexoinformativo.mx\/#\/schema\/logo\/image\/"},"sameAs":["https:\/\/www.facebook.com\/people\/Nexo-Informativo\/61564066885511\/"]},{"@type":"Person","@id":"https:\/\/www.nexoinformativo.mx\/#\/schema\/person\/7749d380ba08c8ca00d7bc76fd907b7d","name":"Nexo Informativo","image":{"@type":"ImageObject","inLanguage":"es","@id":"https:\/\/www.nexoinformativo.mx\/#\/schema\/person\/image\/","url":"https:\/\/secure.gravatar.com\/avatar\/dde2928154642a13d95f87ddf1ea9718fe2b46760a005c53e41ff5ad610704e6?s=96&d=mm&r=g","contentUrl":"https:\/\/secure.gravatar.com\/avatar\/dde2928154642a13d95f87ddf1ea9718fe2b46760a005c53e41ff5ad610704e6?s=96&d=mm&r=g","caption":"Nexo Informativo"},"url":"https:\/\/www.nexoinformativo.mx\/index.php\/author\/edicion\/"}]}},"_links":{"self":[{"href":"https:\/\/www.nexoinformativo.mx\/index.php\/wp-json\/wp\/v2\/posts\/2205","targetHints":{"allow":["GET"]}}],"collection":[{"href":"https:\/\/www.nexoinformativo.mx\/index.php\/wp-json\/wp\/v2\/posts"}],"about":[{"href":"https:\/\/www.nexoinformativo.mx\/index.php\/wp-json\/wp\/v2\/types\/post"}],"author":[{"embeddable":true,"href":"https:\/\/www.nexoinformativo.mx\/index.php\/wp-json\/wp\/v2\/users\/3"}],"replies":[{"embeddable":true,"href":"https:\/\/www.nexoinformativo.mx\/index.php\/wp-json\/wp\/v2\/comments?post=2205"}],"version-history":[{"count":2,"href":"https:\/\/www.nexoinformativo.mx\/index.php\/wp-json\/wp\/v2\/posts\/2205\/revisions"}],"predecessor-version":[{"id":2208,"href":"https:\/\/www.nexoinformativo.mx\/index.php\/wp-json\/wp\/v2\/posts\/2205\/revisions\/2208"}],"wp:featuredmedia":[{"embeddable":true,"href":"https:\/\/www.nexoinformativo.mx\/index.php\/wp-json\/wp\/v2\/media\/2206"}],"wp:attachment":[{"href":"https:\/\/www.nexoinformativo.mx\/index.php\/wp-json\/wp\/v2\/media?parent=2205"}],"wp:term":[{"taxonomy":"category","embeddable":true,"href":"https:\/\/www.nexoinformativo.mx\/index.php\/wp-json\/wp\/v2\/categories?post=2205"},{"taxonomy":"post_tag","embeddable":true,"href":"https:\/\/www.nexoinformativo.mx\/index.php\/wp-json\/wp\/v2\/tags?post=2205"}],"curies":[{"name":"wp","href":"https:\/\/api.w.org\/{rel}","templated":true}]}}