{"id":2217,"date":"2024-09-21T12:00:23","date_gmt":"2024-09-21T18:00:23","guid":{"rendered":"https:\/\/www.nexoinformativo.mx\/?p=2217"},"modified":"2024-09-24T12:41:30","modified_gmt":"2024-09-24T18:41:30","slug":"luis-nava-recibe-reconocimiento-de-la-asociacion-de-militares-retirados-por-su-apoyo-a-la-institucion","status":"publish","type":"post","link":"https:\/\/www.nexoinformativo.mx\/index.php\/2024\/09\/21\/luis-nava-recibe-reconocimiento-de-la-asociacion-de-militares-retirados-por-su-apoyo-a-la-institucion\/","title":{"rendered":"Luis Nava recibe reconocimiento de la Asociaci\u00f3n de Militares Retirados por su apoyo a la instituci\u00f3n"},"content":{"rendered":"\r\n<p style=\"text-align: justify;\">El Presidente Municipal de Quer\u00e9taro, Luis Nava, fue homenajeado por la Asociaci\u00f3n de Militares Retirados durante la Gala Conmemorativa de la Gesta Hist\u00f3rica de los Ni\u00f1os H\u00e9roes de Chapultepec. Durante el evento, Nava recibi\u00f3 un espad\u00edn y un reconocimiento por su respaldo a la Asociaci\u00f3n, especialmente por el mejoramiento de sus instalaciones, mostrando as\u00ed el compromiso del gobierno municipal con quienes han servido a la naci\u00f3n.<\/p>\r\n<p style=\"text-align: justify;\"><br \/>El evento cont\u00f3 con la presencia del General de Brigada Vinicio Perea Alcaraz, Comandante de la D\u00e9cimo S\u00e9ptima Zona Militar, y el Comisario H\u00e9ctor Jim\u00e9nez B\u00e1ez, Coordinador Estatal de la Guardia Nacional en Quer\u00e9taro, reforzando el trabajo conjunto entre el municipio y las instituciones militares en beneficio de la seguridad y el bienestar de las familias queretanas.<\/p>\r\n","protected":false},"excerpt":{"rendered":"<p>El Presidente Municipal de Quer\u00e9taro, Luis Nava, fue homenajeado por la Asociaci\u00f3n de Militares Retirados durante la Gala Conmemorativa de la Gesta Hist\u00f3rica de los Ni\u00f1os H\u00e9roes de Chapultepec.<\/p>\n","protected":false},"author":2,"featured_media":2216,"comment_status":"open","ping_status":"open","sticky":false,"template":"","format":"standard","meta":{"footnotes":""},"categories":[65,58],"tags":[841,842,242,266],"class_list":["post-2217","post","type-post","status-publish","format-standard","has-post-thumbnail","hentry","category-municipios","category-ultima-hora","tag-luisnavareconocimiento","tag-militaresretirados","tag-queretaroseguro","tag-seguridadqueretaro"],"yoast_head":"<!-- This site is optimized with the Yoast SEO plugin v25.0 - https:\/\/yoast.com\/wordpress\/plugins\/seo\/ -->\n<title>Luis Nava recibe reconocimiento de la Asociaci\u00f3n de Militares Retirados por su apoyo a la instituci\u00f3n | Nexo Informativo Santiago de Quer\u00e9taro<\/title>\n<meta name=\"description\" content=\"Luis Nava recibe reconocimiento de la Asociaci\u00f3n de Militares Retirados por su apoyo a la instituci\u00f3n\" \/>\n<meta name=\"robots\" content=\"index, follow, max-snippet:-1, max-image-preview:large, max-video-preview:-1\" \/>\n<link rel=\"canonical\" href=\"https:\/\/www.nexoinformativo.mx\/index.php\/2024\/09\/21\/luis-nava-recibe-reconocimiento-de-la-asociacion-de-militares-retirados-por-su-apoyo-a-la-institucion\/\" \/>\n<meta property=\"og:locale\" content=\"es_MX\" \/>\n<meta property=\"og:type\" content=\"article\" \/>\n<meta property=\"og:title\" content=\"Luis Nava recibe reconocimiento de la Asociaci\u00f3n de Militares Retirados por su apoyo a la instituci\u00f3n | Nexo Informativo Santiago de Quer\u00e9taro\" \/>\n<meta property=\"og:description\" content=\"Luis Nava recibe reconocimiento de la Asociaci\u00f3n de Militares Retirados por su apoyo a la instituci\u00f3n\" \/>\n<meta property=\"og:url\" content=\"https:\/\/www.nexoinformativo.mx\/index.php\/2024\/09\/21\/luis-nava-recibe-reconocimiento-de-la-asociacion-de-militares-retirados-por-su-apoyo-a-la-institucion\/\" \/>\n<meta property=\"og:site_name\" content=\"Nexo Informativo Santiago de Quer\u00e9taro\" \/>\n<meta property=\"article:publisher\" content=\"https:\/\/www.facebook.com\/people\/Nexo-Informativo\/61564066885511\/\" \/>\n<meta property=\"article:published_time\" content=\"2024-09-21T18:00:23+00:00\" \/>\n<meta property=\"article:modified_time\" content=\"2024-09-24T18:41:30+00:00\" \/>\n<meta property=\"og:image\" content=\"https:\/\/www.nexoinformativo.mx\/wp-content\/uploads\/2024\/09\/IMG-20240923-WA0017-e1727200536278.jpg\" \/>\n\t<meta property=\"og:image:width\" content=\"800\" \/>\n\t<meta property=\"og:image:height\" content=\"533\" \/>\n\t<meta property=\"og:image:type\" content=\"image\/jpeg\" \/>\n<meta name=\"author\" content=\"admin\" \/>\n<meta name=\"twitter:card\" content=\"summary_large_image\" \/>\n<meta name=\"twitter:label1\" content=\"Escrito por\" \/>\n\t<meta name=\"twitter:data1\" content=\"admin\" \/>\n\t<meta name=\"twitter:label2\" content=\"Tiempo de lectura\" \/>\n\t<meta name=\"twitter:data2\" content=\"1 minuto\" \/>\n<script type=\"application\/ld+json\" class=\"yoast-schema-graph\">{\"@context\":\"https:\/\/schema.org\",\"@graph\":[{\"@type\":\"Article\",\"@id\":\"https:\/\/www.nexoinformativo.mx\/index.php\/2024\/09\/21\/luis-nava-recibe-reconocimiento-de-la-asociacion-de-militares-retirados-por-su-apoyo-a-la-institucion\/#article\",\"isPartOf\":{\"@id\":\"https:\/\/www.nexoinformativo.mx\/index.php\/2024\/09\/21\/luis-nava-recibe-reconocimiento-de-la-asociacion-de-militares-retirados-por-su-apoyo-a-la-institucion\/\"},\"author\":{\"name\":\"admin\",\"@id\":\"https:\/\/www.nexoinformativo.mx\/#\/schema\/person\/4beeb8fa2c46efc230191fd4030766b5\"},\"headline\":\"Luis Nava recibe reconocimiento de la Asociaci\u00f3n de Militares Retirados por su apoyo a la instituci\u00f3n\",\"datePublished\":\"2024-09-21T18:00:23+00:00\",\"dateModified\":\"2024-09-24T18:41:30+00:00\",\"mainEntityOfPage\":{\"@id\":\"https:\/\/www.nexoinformativo.mx\/index.php\/2024\/09\/21\/luis-nava-recibe-reconocimiento-de-la-asociacion-de-militares-retirados-por-su-apoyo-a-la-institucion\/\"},\"wordCount\":155,\"commentCount\":0,\"publisher\":{\"@id\":\"https:\/\/www.nexoinformativo.mx\/#organization\"},\"image\":{\"@id\":\"https:\/\/www.nexoinformativo.mx\/index.php\/2024\/09\/21\/luis-nava-recibe-reconocimiento-de-la-asociacion-de-militares-retirados-por-su-apoyo-a-la-institucion\/#primaryimage\"},\"thumbnailUrl\":\"https:\/\/www.nexoinformativo.mx\/wp-content\/uploads\/2024\/09\/IMG-20240923-WA0017-e1727200536278.jpg\",\"keywords\":[\"LuisNavaReconocimiento\",\"MilitaresRetirados\",\"QueretaroSeguro\",\"SeguridadQueretaro\"],\"articleSection\":[\"Municipios\",\"\u00daltima Hora\"],\"inLanguage\":\"es\",\"potentialAction\":[{\"@type\":\"CommentAction\",\"name\":\"Comment\",\"target\":[\"https:\/\/www.nexoinformativo.mx\/index.php\/2024\/09\/21\/luis-nava-recibe-reconocimiento-de-la-asociacion-de-militares-retirados-por-su-apoyo-a-la-institucion\/#respond\"]}]},{\"@type\":\"WebPage\",\"@id\":\"https:\/\/www.nexoinformativo.mx\/index.php\/2024\/09\/21\/luis-nava-recibe-reconocimiento-de-la-asociacion-de-militares-retirados-por-su-apoyo-a-la-institucion\/\",\"url\":\"https:\/\/www.nexoinformativo.mx\/index.php\/2024\/09\/21\/luis-nava-recibe-reconocimiento-de-la-asociacion-de-militares-retirados-por-su-apoyo-a-la-institucion\/\",\"name\":\"Luis Nava recibe reconocimiento de la Asociaci\u00f3n de Militares Retirados por su apoyo a la instituci\u00f3n | Nexo Informativo Santiago de Quer\u00e9taro\",\"isPartOf\":{\"@id\":\"https:\/\/www.nexoinformativo.mx\/#website\"},\"primaryImageOfPage\":{\"@id\":\"https:\/\/www.nexoinformativo.mx\/index.php\/2024\/09\/21\/luis-nava-recibe-reconocimiento-de-la-asociacion-de-militares-retirados-por-su-apoyo-a-la-institucion\/#primaryimage\"},\"image\":{\"@id\":\"https:\/\/www.nexoinformativo.mx\/index.php\/2024\/09\/21\/luis-nava-recibe-reconocimiento-de-la-asociacion-de-militares-retirados-por-su-apoyo-a-la-institucion\/#primaryimage\"},\"thumbnailUrl\":\"https:\/\/www.nexoinformativo.mx\/wp-content\/uploads\/2024\/09\/IMG-20240923-WA0017-e1727200536278.jpg\",\"datePublished\":\"2024-09-21T18:00:23+00:00\",\"dateModified\":\"2024-09-24T18:41:30+00:00\",\"description\":\"Luis Nava recibe reconocimiento de la Asociaci\u00f3n de Militares Retirados por su apoyo a la instituci\u00f3n\",\"breadcrumb\":{\"@id\":\"https:\/\/www.nexoinformativo.mx\/index.php\/2024\/09\/21\/luis-nava-recibe-reconocimiento-de-la-asociacion-de-militares-retirados-por-su-apoyo-a-la-institucion\/#breadcrumb\"},\"inLanguage\":\"es\",\"potentialAction\":[{\"@type\":\"ReadAction\",\"target\":[\"https:\/\/www.nexoinformativo.mx\/index.php\/2024\/09\/21\/luis-nava-recibe-reconocimiento-de-la-asociacion-de-militares-retirados-por-su-apoyo-a-la-institucion\/\"]}]},{\"@type\":\"ImageObject\",\"inLanguage\":\"es\",\"@id\":\"https:\/\/www.nexoinformativo.mx\/index.php\/2024\/09\/21\/luis-nava-recibe-reconocimiento-de-la-asociacion-de-militares-retirados-por-su-apoyo-a-la-institucion\/#primaryimage\",\"url\":\"https:\/\/www.nexoinformativo.mx\/wp-content\/uploads\/2024\/09\/IMG-20240923-WA0017-e1727200536278.jpg\",\"contentUrl\":\"https:\/\/www.nexoinformativo.mx\/wp-content\/uploads\/2024\/09\/IMG-20240923-WA0017-e1727200536278.jpg\",\"width\":800,\"height\":533},{\"@type\":\"BreadcrumbList\",\"@id\":\"https:\/\/www.nexoinformativo.mx\/index.php\/2024\/09\/21\/luis-nava-recibe-reconocimiento-de-la-asociacion-de-militares-retirados-por-su-apoyo-a-la-institucion\/#breadcrumb\",\"itemListElement\":[{\"@type\":\"ListItem\",\"position\":1,\"name\":\"Inicio\",\"item\":\"https:\/\/www.nexoinformativo.mx\/\"},{\"@type\":\"ListItem\",\"position\":2,\"name\":\"Luis Nava recibe reconocimiento de la Asociaci\u00f3n de Militares Retirados por su apoyo a la instituci\u00f3n\"}]},{\"@type\":\"WebSite\",\"@id\":\"https:\/\/www.nexoinformativo.mx\/#website\",\"url\":\"https:\/\/www.nexoinformativo.mx\/\",\"name\":\"Nexo Informativo Santiago de Quer\u00e9taro\",\"description\":\"Explora NexoInformativo y convi\u00e9rtete en parte de una comunidad que valora el conocimiento y la verdad. Tu nexoinformativo es tu puente hacia una comprensi\u00f3n m\u00e1s profunda del mundo que te rodea.\",\"publisher\":{\"@id\":\"https:\/\/www.nexoinformativo.mx\/#organization\"},\"potentialAction\":[{\"@type\":\"SearchAction\",\"target\":{\"@type\":\"EntryPoint\",\"urlTemplate\":\"https:\/\/www.nexoinformativo.mx\/?s={search_term_string}\"},\"query-input\":{\"@type\":\"PropertyValueSpecification\",\"valueRequired\":true,\"valueName\":\"search_term_string\"}}],\"inLanguage\":\"es\"},{\"@type\":\"Organization\",\"@id\":\"https:\/\/www.nexoinformativo.mx\/#organization\",\"name\":\"Nexo Informativo Santiago de Quer\u00e9taro\",\"url\":\"https:\/\/www.nexoinformativo.mx\/\",\"logo\":{\"@type\":\"ImageObject\",\"inLanguage\":\"es\",\"@id\":\"https:\/\/www.nexoinformativo.mx\/#\/schema\/logo\/image\/\",\"url\":\"https:\/\/www.nexoinformativo.mx\/wp-content\/uploads\/2024\/07\/nexoi-trasparente-2.png\",\"contentUrl\":\"https:\/\/www.nexoinformativo.mx\/wp-content\/uploads\/2024\/07\/nexoi-trasparente-2.png\",\"width\":816,\"height\":339,\"caption\":\"Nexo Informativo Santiago de Quer\u00e9taro\"},\"image\":{\"@id\":\"https:\/\/www.nexoinformativo.mx\/#\/schema\/logo\/image\/\"},\"sameAs\":[\"https:\/\/www.facebook.com\/people\/Nexo-Informativo\/61564066885511\/\"]},{\"@type\":\"Person\",\"@id\":\"https:\/\/www.nexoinformativo.mx\/#\/schema\/person\/4beeb8fa2c46efc230191fd4030766b5\",\"name\":\"admin\",\"image\":{\"@type\":\"ImageObject\",\"inLanguage\":\"es\",\"@id\":\"https:\/\/www.nexoinformativo.mx\/#\/schema\/person\/image\/\",\"url\":\"https:\/\/secure.gravatar.com\/avatar\/58054e91f5151d6a21f8409a1d615488226bb336a676ff34638f345cfb020b66?s=96&d=mm&r=g\",\"contentUrl\":\"https:\/\/secure.gravatar.com\/avatar\/58054e91f5151d6a21f8409a1d615488226bb336a676ff34638f345cfb020b66?s=96&d=mm&r=g\",\"caption\":\"admin\"},\"url\":\"https:\/\/www.nexoinformativo.mx\/index.php\/author\/admin\/\"}]}<\/script>\n<!-- \/ Yoast SEO plugin. -->","yoast_head_json":{"title":"Luis Nava recibe reconocimiento de la Asociaci\u00f3n de Militares Retirados por su apoyo a la instituci\u00f3n | Nexo Informativo Santiago de Quer\u00e9taro","description":"Luis Nava recibe reconocimiento de la Asociaci\u00f3n de Militares Retirados por su apoyo a la instituci\u00f3n","robots":{"index":"index","follow":"follow","max-snippet":"max-snippet:-1","max-image-preview":"max-image-preview:large","max-video-preview":"max-video-preview:-1"},"canonical":"https:\/\/www.nexoinformativo.mx\/index.php\/2024\/09\/21\/luis-nava-recibe-reconocimiento-de-la-asociacion-de-militares-retirados-por-su-apoyo-a-la-institucion\/","og_locale":"es_MX","og_type":"article","og_title":"Luis Nava recibe reconocimiento de la Asociaci\u00f3n de Militares Retirados por su apoyo a la instituci\u00f3n | Nexo Informativo Santiago de Quer\u00e9taro","og_description":"Luis Nava recibe reconocimiento de la Asociaci\u00f3n de Militares Retirados por su apoyo a la instituci\u00f3n","og_url":"https:\/\/www.nexoinformativo.mx\/index.php\/2024\/09\/21\/luis-nava-recibe-reconocimiento-de-la-asociacion-de-militares-retirados-por-su-apoyo-a-la-institucion\/","og_site_name":"Nexo Informativo Santiago de Quer\u00e9taro","article_publisher":"https:\/\/www.facebook.com\/people\/Nexo-Informativo\/61564066885511\/","article_published_time":"2024-09-21T18:00:23+00:00","article_modified_time":"2024-09-24T18:41:30+00:00","og_image":[{"width":800,"height":533,"url":"https:\/\/www.nexoinformativo.mx\/wp-content\/uploads\/2024\/09\/IMG-20240923-WA0017-e1727200536278.jpg","type":"image\/jpeg"}],"author":"admin","twitter_card":"summary_large_image","twitter_misc":{"Escrito por":"admin","Tiempo de lectura":"1 minuto"},"schema":{"@context":"https:\/\/schema.org","@graph":[{"@type":"Article","@id":"https:\/\/www.nexoinformativo.mx\/index.php\/2024\/09\/21\/luis-nava-recibe-reconocimiento-de-la-asociacion-de-militares-retirados-por-su-apoyo-a-la-institucion\/#article","isPartOf":{"@id":"https:\/\/www.nexoinformativo.mx\/index.php\/2024\/09\/21\/luis-nava-recibe-reconocimiento-de-la-asociacion-de-militares-retirados-por-su-apoyo-a-la-institucion\/"},"author":{"name":"admin","@id":"https:\/\/www.nexoinformativo.mx\/#\/schema\/person\/4beeb8fa2c46efc230191fd4030766b5"},"headline":"Luis Nava recibe reconocimiento de la Asociaci\u00f3n de Militares Retirados por su apoyo a la instituci\u00f3n","datePublished":"2024-09-21T18:00:23+00:00","dateModified":"2024-09-24T18:41:30+00:00","mainEntityOfPage":{"@id":"https:\/\/www.nexoinformativo.mx\/index.php\/2024\/09\/21\/luis-nava-recibe-reconocimiento-de-la-asociacion-de-militares-retirados-por-su-apoyo-a-la-institucion\/"},"wordCount":155,"commentCount":0,"publisher":{"@id":"https:\/\/www.nexoinformativo.mx\/#organization"},"image":{"@id":"https:\/\/www.nexoinformativo.mx\/index.php\/2024\/09\/21\/luis-nava-recibe-reconocimiento-de-la-asociacion-de-militares-retirados-por-su-apoyo-a-la-institucion\/#primaryimage"},"thumbnailUrl":"https:\/\/www.nexoinformativo.mx\/wp-content\/uploads\/2024\/09\/IMG-20240923-WA0017-e1727200536278.jpg","keywords":["LuisNavaReconocimiento","MilitaresRetirados","QueretaroSeguro","SeguridadQueretaro"],"articleSection":["Municipios","\u00daltima Hora"],"inLanguage":"es","potentialAction":[{"@type":"CommentAction","name":"Comment","target":["https:\/\/www.nexoinformativo.mx\/index.php\/2024\/09\/21\/luis-nava-recibe-reconocimiento-de-la-asociacion-de-militares-retirados-por-su-apoyo-a-la-institucion\/#respond"]}]},{"@type":"WebPage","@id":"https:\/\/www.nexoinformativo.mx\/index.php\/2024\/09\/21\/luis-nava-recibe-reconocimiento-de-la-asociacion-de-militares-retirados-por-su-apoyo-a-la-institucion\/","url":"https:\/\/www.nexoinformativo.mx\/index.php\/2024\/09\/21\/luis-nava-recibe-reconocimiento-de-la-asociacion-de-militares-retirados-por-su-apoyo-a-la-institucion\/","name":"Luis Nava recibe reconocimiento de la Asociaci\u00f3n de Militares Retirados por su apoyo a la instituci\u00f3n | Nexo Informativo Santiago de Quer\u00e9taro","isPartOf":{"@id":"https:\/\/www.nexoinformativo.mx\/#website"},"primaryImageOfPage":{"@id":"https:\/\/www.nexoinformativo.mx\/index.php\/2024\/09\/21\/luis-nava-recibe-reconocimiento-de-la-asociacion-de-militares-retirados-por-su-apoyo-a-la-institucion\/#primaryimage"},"image":{"@id":"https:\/\/www.nexoinformativo.mx\/index.php\/2024\/09\/21\/luis-nava-recibe-reconocimiento-de-la-asociacion-de-militares-retirados-por-su-apoyo-a-la-institucion\/#primaryimage"},"thumbnailUrl":"https:\/\/www.nexoinformativo.mx\/wp-content\/uploads\/2024\/09\/IMG-20240923-WA0017-e1727200536278.jpg","datePublished":"2024-09-21T18:00:23+00:00","dateModified":"2024-09-24T18:41:30+00:00","description":"Luis Nava recibe reconocimiento de la Asociaci\u00f3n de Militares Retirados por su apoyo a la instituci\u00f3n","breadcrumb":{"@id":"https:\/\/www.nexoinformativo.mx\/index.php\/2024\/09\/21\/luis-nava-recibe-reconocimiento-de-la-asociacion-de-militares-retirados-por-su-apoyo-a-la-institucion\/#breadcrumb"},"inLanguage":"es","potentialAction":[{"@type":"ReadAction","target":["https:\/\/www.nexoinformativo.mx\/index.php\/2024\/09\/21\/luis-nava-recibe-reconocimiento-de-la-asociacion-de-militares-retirados-por-su-apoyo-a-la-institucion\/"]}]},{"@type":"ImageObject","inLanguage":"es","@id":"https:\/\/www.nexoinformativo.mx\/index.php\/2024\/09\/21\/luis-nava-recibe-reconocimiento-de-la-asociacion-de-militares-retirados-por-su-apoyo-a-la-institucion\/#primaryimage","url":"https:\/\/www.nexoinformativo.mx\/wp-content\/uploads\/2024\/09\/IMG-20240923-WA0017-e1727200536278.jpg","contentUrl":"https:\/\/www.nexoinformativo.mx\/wp-content\/uploads\/2024\/09\/IMG-20240923-WA0017-e1727200536278.jpg","width":800,"height":533},{"@type":"BreadcrumbList","@id":"https:\/\/www.nexoinformativo.mx\/index.php\/2024\/09\/21\/luis-nava-recibe-reconocimiento-de-la-asociacion-de-militares-retirados-por-su-apoyo-a-la-institucion\/#breadcrumb","itemListElement":[{"@type":"ListItem","position":1,"name":"Inicio","item":"https:\/\/www.nexoinformativo.mx\/"},{"@type":"ListItem","position":2,"name":"Luis Nava recibe reconocimiento de la Asociaci\u00f3n de Militares Retirados por su apoyo a la instituci\u00f3n"}]},{"@type":"WebSite","@id":"https:\/\/www.nexoinformativo.mx\/#website","url":"https:\/\/www.nexoinformativo.mx\/","name":"Nexo Informativo Santiago de Quer\u00e9taro","description":"Explora NexoInformativo y convi\u00e9rtete en parte de una comunidad que valora el conocimiento y la verdad. Tu nexoinformativo es tu puente hacia una comprensi\u00f3n m\u00e1s profunda del mundo que te rodea.","publisher":{"@id":"https:\/\/www.nexoinformativo.mx\/#organization"},"potentialAction":[{"@type":"SearchAction","target":{"@type":"EntryPoint","urlTemplate":"https:\/\/www.nexoinformativo.mx\/?s={search_term_string}"},"query-input":{"@type":"PropertyValueSpecification","valueRequired":true,"valueName":"search_term_string"}}],"inLanguage":"es"},{"@type":"Organization","@id":"https:\/\/www.nexoinformativo.mx\/#organization","name":"Nexo Informativo Santiago de Quer\u00e9taro","url":"https:\/\/www.nexoinformativo.mx\/","logo":{"@type":"ImageObject","inLanguage":"es","@id":"https:\/\/www.nexoinformativo.mx\/#\/schema\/logo\/image\/","url":"https:\/\/www.nexoinformativo.mx\/wp-content\/uploads\/2024\/07\/nexoi-trasparente-2.png","contentUrl":"https:\/\/www.nexoinformativo.mx\/wp-content\/uploads\/2024\/07\/nexoi-trasparente-2.png","width":816,"height":339,"caption":"Nexo Informativo Santiago de Quer\u00e9taro"},"image":{"@id":"https:\/\/www.nexoinformativo.mx\/#\/schema\/logo\/image\/"},"sameAs":["https:\/\/www.facebook.com\/people\/Nexo-Informativo\/61564066885511\/"]},{"@type":"Person","@id":"https:\/\/www.nexoinformativo.mx\/#\/schema\/person\/4beeb8fa2c46efc230191fd4030766b5","name":"admin","image":{"@type":"ImageObject","inLanguage":"es","@id":"https:\/\/www.nexoinformativo.mx\/#\/schema\/person\/image\/","url":"https:\/\/secure.gravatar.com\/avatar\/58054e91f5151d6a21f8409a1d615488226bb336a676ff34638f345cfb020b66?s=96&d=mm&r=g","contentUrl":"https:\/\/secure.gravatar.com\/avatar\/58054e91f5151d6a21f8409a1d615488226bb336a676ff34638f345cfb020b66?s=96&d=mm&r=g","caption":"admin"},"url":"https:\/\/www.nexoinformativo.mx\/index.php\/author\/admin\/"}]}},"_links":{"self":[{"href":"https:\/\/www.nexoinformativo.mx\/index.php\/wp-json\/wp\/v2\/posts\/2217","targetHints":{"allow":["GET"]}}],"collection":[{"href":"https:\/\/www.nexoinformativo.mx\/index.php\/wp-json\/wp\/v2\/posts"}],"about":[{"href":"https:\/\/www.nexoinformativo.mx\/index.php\/wp-json\/wp\/v2\/types\/post"}],"author":[{"embeddable":true,"href":"https:\/\/www.nexoinformativo.mx\/index.php\/wp-json\/wp\/v2\/users\/2"}],"replies":[{"embeddable":true,"href":"https:\/\/www.nexoinformativo.mx\/index.php\/wp-json\/wp\/v2\/comments?post=2217"}],"version-history":[{"count":3,"href":"https:\/\/www.nexoinformativo.mx\/index.php\/wp-json\/wp\/v2\/posts\/2217\/revisions"}],"predecessor-version":[{"id":2250,"href":"https:\/\/www.nexoinformativo.mx\/index.php\/wp-json\/wp\/v2\/posts\/2217\/revisions\/2250"}],"wp:featuredmedia":[{"embeddable":true,"href":"https:\/\/www.nexoinformativo.mx\/index.php\/wp-json\/wp\/v2\/media\/2216"}],"wp:attachment":[{"href":"https:\/\/www.nexoinformativo.mx\/index.php\/wp-json\/wp\/v2\/media?parent=2217"}],"wp:term":[{"taxonomy":"category","embeddable":true,"href":"https:\/\/www.nexoinformativo.mx\/index.php\/wp-json\/wp\/v2\/categories?post=2217"},{"taxonomy":"post_tag","embeddable":true,"href":"https:\/\/www.nexoinformativo.mx\/index.php\/wp-json\/wp\/v2\/tags?post=2217"}],"curies":[{"name":"wp","href":"https:\/\/api.w.org\/{rel}","templated":true}]}}