{"id":2228,"date":"2024-09-23T12:00:07","date_gmt":"2024-09-23T18:00:07","guid":{"rendered":"https:\/\/www.nexoinformativo.mx\/?p=2228"},"modified":"2024-09-23T20:06:47","modified_gmt":"2024-09-24T02:06:47","slug":"comerciantes-de-queretaro-piden-reducir-fechas-de-la-feria-internacional-ganadera","status":"publish","type":"post","link":"https:\/\/www.nexoinformativo.mx\/index.php\/2024\/09\/23\/comerciantes-de-queretaro-piden-reducir-fechas-de-la-feria-internacional-ganadera\/","title":{"rendered":"Comerciantes de Quer\u00e9taro piden reducir fechas de la Feria Internacional Ganadera"},"content":{"rendered":"<p style=\"text-align: justify;\">Un grupo de comerciantes de plazas, tianguis y mercados de Quer\u00e9taro se manifest\u00f3 en la Plaza de Armas del Centro Hist\u00f3rico para exigir que no se extiendan las fechas de la Feria Internacional Ganadera de Quer\u00e9taro 2024, debido a que puede afectar sus ventas.<\/p>\n<p>&nbsp;<\/p>\n<p style=\"text-align: justify;\">Los manifestantes piden al Gobierno del Estado que solicite a los organizadores finalizar la feria el 12 de diciembre, en lugar del 15, para evitar que las ventas de m\u00e1s de 30 mil comercios establecidos disminuyan hasta en un 60%.<\/p>\n<p>&nbsp;<\/p>\n<p style=\"text-align: justify;\">Rafael Granados Guerrero, presidente de la Federaci\u00f3n de Uniones de Comerciantes Queretanos en Peque\u00f1o <strong>(FUCQ)<\/strong>, se\u00f1al\u00f3 que la extensi\u00f3n de la feria impacta negativamente el consumo local, especialmente durante las fechas clave de diciembre cuando se espera un incremento en ventas por el pago de aguinaldos.<\/p>\n<p>&nbsp;<\/p>\n<p style=\"text-align: justify;\">Granados advirti\u00f3 que, de no ser escuchados, los comerciantes podr\u00edan tomar medidas m\u00e1s dr\u00e1sticas, como el cierre de vialidades. La manifestaci\u00f3n busca proteger la econom\u00eda de los peque\u00f1os comercios de la ciudad y garantizar un equilibrio entre la feria y el comercio local.<\/p>\n","protected":false},"excerpt":{"rendered":"<p>Un grupo de comerciantes de plazas, tianguis y mercados de Quer\u00e9taro se manifest\u00f3 en la Plaza de Armas del Centro Hist\u00f3rico para exigir que no se extiendan las fechas de la Feria Internacional Ganadera de Quer\u00e9taro 2024, debido a que puede afectar sus ventas.<\/p>\n","protected":false},"author":3,"featured_media":2229,"comment_status":"open","ping_status":"open","sticky":false,"template":"","format":"standard","meta":{"footnotes":""},"categories":[65,58],"tags":[850,849,292,851],"class_list":["post-2228","post","type-post","status-publish","format-standard","has-post-thumbnail","hentry","category-municipios","category-ultima-hora","tag-apoyolocal","tag-comerciantesqueretaro","tag-feriaganaderaqueretaro","tag-ventasqueretaro"],"yoast_head":"<!-- This site is optimized with the Yoast SEO plugin v25.0 - https:\/\/yoast.com\/wordpress\/plugins\/seo\/ -->\n<title>Comerciantes de Quer\u00e9taro piden reducir fechas de la Feria Internacional Ganadera | Nexo Informativo Santiago de Quer\u00e9taro<\/title>\n<meta name=\"description\" content=\"Comerciantes de Quer\u00e9taro piden reducir fechas de la Feria Internacional Ganadera\" \/>\n<meta name=\"robots\" content=\"index, follow, max-snippet:-1, max-image-preview:large, max-video-preview:-1\" \/>\n<link rel=\"canonical\" href=\"https:\/\/www.nexoinformativo.mx\/index.php\/2024\/09\/23\/comerciantes-de-queretaro-piden-reducir-fechas-de-la-feria-internacional-ganadera\/\" \/>\n<meta property=\"og:locale\" content=\"es_MX\" \/>\n<meta property=\"og:type\" content=\"article\" \/>\n<meta property=\"og:title\" content=\"Comerciantes de Quer\u00e9taro piden reducir fechas de la Feria Internacional Ganadera | Nexo Informativo Santiago de Quer\u00e9taro\" \/>\n<meta property=\"og:description\" content=\"Comerciantes de Quer\u00e9taro piden reducir fechas de la Feria Internacional Ganadera\" \/>\n<meta property=\"og:url\" content=\"https:\/\/www.nexoinformativo.mx\/index.php\/2024\/09\/23\/comerciantes-de-queretaro-piden-reducir-fechas-de-la-feria-internacional-ganadera\/\" \/>\n<meta property=\"og:site_name\" content=\"Nexo Informativo Santiago de Quer\u00e9taro\" \/>\n<meta property=\"article:publisher\" content=\"https:\/\/www.facebook.com\/people\/Nexo-Informativo\/61564066885511\/\" \/>\n<meta property=\"article:published_time\" content=\"2024-09-23T18:00:07+00:00\" \/>\n<meta property=\"article:modified_time\" content=\"2024-09-24T02:06:47+00:00\" \/>\n<meta property=\"og:image\" content=\"https:\/\/www.nexoinformativo.mx\/wp-content\/uploads\/2024\/09\/PHOTO-2024-09-23-19-28-32-2-e1727143383707.jpg\" \/>\n\t<meta property=\"og:image:width\" content=\"800\" \/>\n\t<meta property=\"og:image:height\" content=\"1067\" \/>\n\t<meta property=\"og:image:type\" content=\"image\/jpeg\" \/>\n<meta name=\"author\" content=\"Nexo Informativo\" \/>\n<meta name=\"twitter:card\" content=\"summary_large_image\" \/>\n<meta name=\"twitter:label1\" content=\"Escrito por\" \/>\n\t<meta name=\"twitter:data1\" content=\"Nexo Informativo\" \/>\n\t<meta name=\"twitter:label2\" content=\"Tiempo de lectura\" \/>\n\t<meta name=\"twitter:data2\" content=\"1 minuto\" \/>\n<script type=\"application\/ld+json\" class=\"yoast-schema-graph\">{\"@context\":\"https:\/\/schema.org\",\"@graph\":[{\"@type\":\"Article\",\"@id\":\"https:\/\/www.nexoinformativo.mx\/index.php\/2024\/09\/23\/comerciantes-de-queretaro-piden-reducir-fechas-de-la-feria-internacional-ganadera\/#article\",\"isPartOf\":{\"@id\":\"https:\/\/www.nexoinformativo.mx\/index.php\/2024\/09\/23\/comerciantes-de-queretaro-piden-reducir-fechas-de-la-feria-internacional-ganadera\/\"},\"author\":{\"name\":\"Nexo Informativo\",\"@id\":\"https:\/\/www.nexoinformativo.mx\/#\/schema\/person\/7749d380ba08c8ca00d7bc76fd907b7d\"},\"headline\":\"Comerciantes de Quer\u00e9taro piden reducir fechas de la Feria Internacional Ganadera\",\"datePublished\":\"2024-09-23T18:00:07+00:00\",\"dateModified\":\"2024-09-24T02:06:47+00:00\",\"mainEntityOfPage\":{\"@id\":\"https:\/\/www.nexoinformativo.mx\/index.php\/2024\/09\/23\/comerciantes-de-queretaro-piden-reducir-fechas-de-la-feria-internacional-ganadera\/\"},\"wordCount\":197,\"commentCount\":0,\"publisher\":{\"@id\":\"https:\/\/www.nexoinformativo.mx\/#organization\"},\"image\":{\"@id\":\"https:\/\/www.nexoinformativo.mx\/index.php\/2024\/09\/23\/comerciantes-de-queretaro-piden-reducir-fechas-de-la-feria-internacional-ganadera\/#primaryimage\"},\"thumbnailUrl\":\"https:\/\/www.nexoinformativo.mx\/wp-content\/uploads\/2024\/09\/PHOTO-2024-09-23-19-28-32-2-e1727143383707.jpg\",\"keywords\":[\"ApoyoLocal\",\"ComerciantesQuer\u00e9taro\",\"FeriaGanaderaQuer\u00e9taro\",\"VentasQuer\u00e9taro\"],\"articleSection\":[\"Municipios\",\"\u00daltima Hora\"],\"inLanguage\":\"es\",\"potentialAction\":[{\"@type\":\"CommentAction\",\"name\":\"Comment\",\"target\":[\"https:\/\/www.nexoinformativo.mx\/index.php\/2024\/09\/23\/comerciantes-de-queretaro-piden-reducir-fechas-de-la-feria-internacional-ganadera\/#respond\"]}]},{\"@type\":\"WebPage\",\"@id\":\"https:\/\/www.nexoinformativo.mx\/index.php\/2024\/09\/23\/comerciantes-de-queretaro-piden-reducir-fechas-de-la-feria-internacional-ganadera\/\",\"url\":\"https:\/\/www.nexoinformativo.mx\/index.php\/2024\/09\/23\/comerciantes-de-queretaro-piden-reducir-fechas-de-la-feria-internacional-ganadera\/\",\"name\":\"Comerciantes de Quer\u00e9taro piden reducir fechas de la Feria Internacional Ganadera | Nexo Informativo Santiago de Quer\u00e9taro\",\"isPartOf\":{\"@id\":\"https:\/\/www.nexoinformativo.mx\/#website\"},\"primaryImageOfPage\":{\"@id\":\"https:\/\/www.nexoinformativo.mx\/index.php\/2024\/09\/23\/comerciantes-de-queretaro-piden-reducir-fechas-de-la-feria-internacional-ganadera\/#primaryimage\"},\"image\":{\"@id\":\"https:\/\/www.nexoinformativo.mx\/index.php\/2024\/09\/23\/comerciantes-de-queretaro-piden-reducir-fechas-de-la-feria-internacional-ganadera\/#primaryimage\"},\"thumbnailUrl\":\"https:\/\/www.nexoinformativo.mx\/wp-content\/uploads\/2024\/09\/PHOTO-2024-09-23-19-28-32-2-e1727143383707.jpg\",\"datePublished\":\"2024-09-23T18:00:07+00:00\",\"dateModified\":\"2024-09-24T02:06:47+00:00\",\"description\":\"Comerciantes de Quer\u00e9taro piden reducir fechas de la Feria Internacional Ganadera\",\"breadcrumb\":{\"@id\":\"https:\/\/www.nexoinformativo.mx\/index.php\/2024\/09\/23\/comerciantes-de-queretaro-piden-reducir-fechas-de-la-feria-internacional-ganadera\/#breadcrumb\"},\"inLanguage\":\"es\",\"potentialAction\":[{\"@type\":\"ReadAction\",\"target\":[\"https:\/\/www.nexoinformativo.mx\/index.php\/2024\/09\/23\/comerciantes-de-queretaro-piden-reducir-fechas-de-la-feria-internacional-ganadera\/\"]}]},{\"@type\":\"ImageObject\",\"inLanguage\":\"es\",\"@id\":\"https:\/\/www.nexoinformativo.mx\/index.php\/2024\/09\/23\/comerciantes-de-queretaro-piden-reducir-fechas-de-la-feria-internacional-ganadera\/#primaryimage\",\"url\":\"https:\/\/www.nexoinformativo.mx\/wp-content\/uploads\/2024\/09\/PHOTO-2024-09-23-19-28-32-2-e1727143383707.jpg\",\"contentUrl\":\"https:\/\/www.nexoinformativo.mx\/wp-content\/uploads\/2024\/09\/PHOTO-2024-09-23-19-28-32-2-e1727143383707.jpg\",\"width\":800,\"height\":1067},{\"@type\":\"BreadcrumbList\",\"@id\":\"https:\/\/www.nexoinformativo.mx\/index.php\/2024\/09\/23\/comerciantes-de-queretaro-piden-reducir-fechas-de-la-feria-internacional-ganadera\/#breadcrumb\",\"itemListElement\":[{\"@type\":\"ListItem\",\"position\":1,\"name\":\"Inicio\",\"item\":\"https:\/\/www.nexoinformativo.mx\/\"},{\"@type\":\"ListItem\",\"position\":2,\"name\":\"Comerciantes de Quer\u00e9taro piden reducir fechas de la Feria Internacional Ganadera\"}]},{\"@type\":\"WebSite\",\"@id\":\"https:\/\/www.nexoinformativo.mx\/#website\",\"url\":\"https:\/\/www.nexoinformativo.mx\/\",\"name\":\"Nexo Informativo Santiago de Quer\u00e9taro\",\"description\":\"Explora NexoInformativo y convi\u00e9rtete en parte de una comunidad que valora el conocimiento y la verdad. Tu nexoinformativo es tu puente hacia una comprensi\u00f3n m\u00e1s profunda del mundo que te rodea.\",\"publisher\":{\"@id\":\"https:\/\/www.nexoinformativo.mx\/#organization\"},\"potentialAction\":[{\"@type\":\"SearchAction\",\"target\":{\"@type\":\"EntryPoint\",\"urlTemplate\":\"https:\/\/www.nexoinformativo.mx\/?s={search_term_string}\"},\"query-input\":{\"@type\":\"PropertyValueSpecification\",\"valueRequired\":true,\"valueName\":\"search_term_string\"}}],\"inLanguage\":\"es\"},{\"@type\":\"Organization\",\"@id\":\"https:\/\/www.nexoinformativo.mx\/#organization\",\"name\":\"Nexo Informativo Santiago de Quer\u00e9taro\",\"url\":\"https:\/\/www.nexoinformativo.mx\/\",\"logo\":{\"@type\":\"ImageObject\",\"inLanguage\":\"es\",\"@id\":\"https:\/\/www.nexoinformativo.mx\/#\/schema\/logo\/image\/\",\"url\":\"https:\/\/www.nexoinformativo.mx\/wp-content\/uploads\/2024\/07\/nexoi-trasparente-2.png\",\"contentUrl\":\"https:\/\/www.nexoinformativo.mx\/wp-content\/uploads\/2024\/07\/nexoi-trasparente-2.png\",\"width\":816,\"height\":339,\"caption\":\"Nexo Informativo Santiago de Quer\u00e9taro\"},\"image\":{\"@id\":\"https:\/\/www.nexoinformativo.mx\/#\/schema\/logo\/image\/\"},\"sameAs\":[\"https:\/\/www.facebook.com\/people\/Nexo-Informativo\/61564066885511\/\"]},{\"@type\":\"Person\",\"@id\":\"https:\/\/www.nexoinformativo.mx\/#\/schema\/person\/7749d380ba08c8ca00d7bc76fd907b7d\",\"name\":\"Nexo Informativo\",\"image\":{\"@type\":\"ImageObject\",\"inLanguage\":\"es\",\"@id\":\"https:\/\/www.nexoinformativo.mx\/#\/schema\/person\/image\/\",\"url\":\"https:\/\/secure.gravatar.com\/avatar\/dde2928154642a13d95f87ddf1ea9718fe2b46760a005c53e41ff5ad610704e6?s=96&d=mm&r=g\",\"contentUrl\":\"https:\/\/secure.gravatar.com\/avatar\/dde2928154642a13d95f87ddf1ea9718fe2b46760a005c53e41ff5ad610704e6?s=96&d=mm&r=g\",\"caption\":\"Nexo Informativo\"},\"url\":\"https:\/\/www.nexoinformativo.mx\/index.php\/author\/edicion\/\"}]}<\/script>\n<!-- \/ Yoast SEO plugin. -->","yoast_head_json":{"title":"Comerciantes de Quer\u00e9taro piden reducir fechas de la Feria Internacional Ganadera | Nexo Informativo Santiago de Quer\u00e9taro","description":"Comerciantes de Quer\u00e9taro piden reducir fechas de la Feria Internacional Ganadera","robots":{"index":"index","follow":"follow","max-snippet":"max-snippet:-1","max-image-preview":"max-image-preview:large","max-video-preview":"max-video-preview:-1"},"canonical":"https:\/\/www.nexoinformativo.mx\/index.php\/2024\/09\/23\/comerciantes-de-queretaro-piden-reducir-fechas-de-la-feria-internacional-ganadera\/","og_locale":"es_MX","og_type":"article","og_title":"Comerciantes de Quer\u00e9taro piden reducir fechas de la Feria Internacional Ganadera | Nexo Informativo Santiago de Quer\u00e9taro","og_description":"Comerciantes de Quer\u00e9taro piden reducir fechas de la Feria Internacional Ganadera","og_url":"https:\/\/www.nexoinformativo.mx\/index.php\/2024\/09\/23\/comerciantes-de-queretaro-piden-reducir-fechas-de-la-feria-internacional-ganadera\/","og_site_name":"Nexo Informativo Santiago de Quer\u00e9taro","article_publisher":"https:\/\/www.facebook.com\/people\/Nexo-Informativo\/61564066885511\/","article_published_time":"2024-09-23T18:00:07+00:00","article_modified_time":"2024-09-24T02:06:47+00:00","og_image":[{"width":800,"height":1067,"url":"https:\/\/www.nexoinformativo.mx\/wp-content\/uploads\/2024\/09\/PHOTO-2024-09-23-19-28-32-2-e1727143383707.jpg","type":"image\/jpeg"}],"author":"Nexo Informativo","twitter_card":"summary_large_image","twitter_misc":{"Escrito por":"Nexo Informativo","Tiempo de lectura":"1 minuto"},"schema":{"@context":"https:\/\/schema.org","@graph":[{"@type":"Article","@id":"https:\/\/www.nexoinformativo.mx\/index.php\/2024\/09\/23\/comerciantes-de-queretaro-piden-reducir-fechas-de-la-feria-internacional-ganadera\/#article","isPartOf":{"@id":"https:\/\/www.nexoinformativo.mx\/index.php\/2024\/09\/23\/comerciantes-de-queretaro-piden-reducir-fechas-de-la-feria-internacional-ganadera\/"},"author":{"name":"Nexo Informativo","@id":"https:\/\/www.nexoinformativo.mx\/#\/schema\/person\/7749d380ba08c8ca00d7bc76fd907b7d"},"headline":"Comerciantes de Quer\u00e9taro piden reducir fechas de la Feria Internacional Ganadera","datePublished":"2024-09-23T18:00:07+00:00","dateModified":"2024-09-24T02:06:47+00:00","mainEntityOfPage":{"@id":"https:\/\/www.nexoinformativo.mx\/index.php\/2024\/09\/23\/comerciantes-de-queretaro-piden-reducir-fechas-de-la-feria-internacional-ganadera\/"},"wordCount":197,"commentCount":0,"publisher":{"@id":"https:\/\/www.nexoinformativo.mx\/#organization"},"image":{"@id":"https:\/\/www.nexoinformativo.mx\/index.php\/2024\/09\/23\/comerciantes-de-queretaro-piden-reducir-fechas-de-la-feria-internacional-ganadera\/#primaryimage"},"thumbnailUrl":"https:\/\/www.nexoinformativo.mx\/wp-content\/uploads\/2024\/09\/PHOTO-2024-09-23-19-28-32-2-e1727143383707.jpg","keywords":["ApoyoLocal","ComerciantesQuer\u00e9taro","FeriaGanaderaQuer\u00e9taro","VentasQuer\u00e9taro"],"articleSection":["Municipios","\u00daltima Hora"],"inLanguage":"es","potentialAction":[{"@type":"CommentAction","name":"Comment","target":["https:\/\/www.nexoinformativo.mx\/index.php\/2024\/09\/23\/comerciantes-de-queretaro-piden-reducir-fechas-de-la-feria-internacional-ganadera\/#respond"]}]},{"@type":"WebPage","@id":"https:\/\/www.nexoinformativo.mx\/index.php\/2024\/09\/23\/comerciantes-de-queretaro-piden-reducir-fechas-de-la-feria-internacional-ganadera\/","url":"https:\/\/www.nexoinformativo.mx\/index.php\/2024\/09\/23\/comerciantes-de-queretaro-piden-reducir-fechas-de-la-feria-internacional-ganadera\/","name":"Comerciantes de Quer\u00e9taro piden reducir fechas de la Feria Internacional Ganadera | Nexo Informativo Santiago de Quer\u00e9taro","isPartOf":{"@id":"https:\/\/www.nexoinformativo.mx\/#website"},"primaryImageOfPage":{"@id":"https:\/\/www.nexoinformativo.mx\/index.php\/2024\/09\/23\/comerciantes-de-queretaro-piden-reducir-fechas-de-la-feria-internacional-ganadera\/#primaryimage"},"image":{"@id":"https:\/\/www.nexoinformativo.mx\/index.php\/2024\/09\/23\/comerciantes-de-queretaro-piden-reducir-fechas-de-la-feria-internacional-ganadera\/#primaryimage"},"thumbnailUrl":"https:\/\/www.nexoinformativo.mx\/wp-content\/uploads\/2024\/09\/PHOTO-2024-09-23-19-28-32-2-e1727143383707.jpg","datePublished":"2024-09-23T18:00:07+00:00","dateModified":"2024-09-24T02:06:47+00:00","description":"Comerciantes de Quer\u00e9taro piden reducir fechas de la Feria Internacional Ganadera","breadcrumb":{"@id":"https:\/\/www.nexoinformativo.mx\/index.php\/2024\/09\/23\/comerciantes-de-queretaro-piden-reducir-fechas-de-la-feria-internacional-ganadera\/#breadcrumb"},"inLanguage":"es","potentialAction":[{"@type":"ReadAction","target":["https:\/\/www.nexoinformativo.mx\/index.php\/2024\/09\/23\/comerciantes-de-queretaro-piden-reducir-fechas-de-la-feria-internacional-ganadera\/"]}]},{"@type":"ImageObject","inLanguage":"es","@id":"https:\/\/www.nexoinformativo.mx\/index.php\/2024\/09\/23\/comerciantes-de-queretaro-piden-reducir-fechas-de-la-feria-internacional-ganadera\/#primaryimage","url":"https:\/\/www.nexoinformativo.mx\/wp-content\/uploads\/2024\/09\/PHOTO-2024-09-23-19-28-32-2-e1727143383707.jpg","contentUrl":"https:\/\/www.nexoinformativo.mx\/wp-content\/uploads\/2024\/09\/PHOTO-2024-09-23-19-28-32-2-e1727143383707.jpg","width":800,"height":1067},{"@type":"BreadcrumbList","@id":"https:\/\/www.nexoinformativo.mx\/index.php\/2024\/09\/23\/comerciantes-de-queretaro-piden-reducir-fechas-de-la-feria-internacional-ganadera\/#breadcrumb","itemListElement":[{"@type":"ListItem","position":1,"name":"Inicio","item":"https:\/\/www.nexoinformativo.mx\/"},{"@type":"ListItem","position":2,"name":"Comerciantes de Quer\u00e9taro piden reducir fechas de la Feria Internacional Ganadera"}]},{"@type":"WebSite","@id":"https:\/\/www.nexoinformativo.mx\/#website","url":"https:\/\/www.nexoinformativo.mx\/","name":"Nexo Informativo Santiago de Quer\u00e9taro","description":"Explora NexoInformativo y convi\u00e9rtete en parte de una comunidad que valora el conocimiento y la verdad. Tu nexoinformativo es tu puente hacia una comprensi\u00f3n m\u00e1s profunda del mundo que te rodea.","publisher":{"@id":"https:\/\/www.nexoinformativo.mx\/#organization"},"potentialAction":[{"@type":"SearchAction","target":{"@type":"EntryPoint","urlTemplate":"https:\/\/www.nexoinformativo.mx\/?s={search_term_string}"},"query-input":{"@type":"PropertyValueSpecification","valueRequired":true,"valueName":"search_term_string"}}],"inLanguage":"es"},{"@type":"Organization","@id":"https:\/\/www.nexoinformativo.mx\/#organization","name":"Nexo Informativo Santiago de Quer\u00e9taro","url":"https:\/\/www.nexoinformativo.mx\/","logo":{"@type":"ImageObject","inLanguage":"es","@id":"https:\/\/www.nexoinformativo.mx\/#\/schema\/logo\/image\/","url":"https:\/\/www.nexoinformativo.mx\/wp-content\/uploads\/2024\/07\/nexoi-trasparente-2.png","contentUrl":"https:\/\/www.nexoinformativo.mx\/wp-content\/uploads\/2024\/07\/nexoi-trasparente-2.png","width":816,"height":339,"caption":"Nexo Informativo Santiago de Quer\u00e9taro"},"image":{"@id":"https:\/\/www.nexoinformativo.mx\/#\/schema\/logo\/image\/"},"sameAs":["https:\/\/www.facebook.com\/people\/Nexo-Informativo\/61564066885511\/"]},{"@type":"Person","@id":"https:\/\/www.nexoinformativo.mx\/#\/schema\/person\/7749d380ba08c8ca00d7bc76fd907b7d","name":"Nexo Informativo","image":{"@type":"ImageObject","inLanguage":"es","@id":"https:\/\/www.nexoinformativo.mx\/#\/schema\/person\/image\/","url":"https:\/\/secure.gravatar.com\/avatar\/dde2928154642a13d95f87ddf1ea9718fe2b46760a005c53e41ff5ad610704e6?s=96&d=mm&r=g","contentUrl":"https:\/\/secure.gravatar.com\/avatar\/dde2928154642a13d95f87ddf1ea9718fe2b46760a005c53e41ff5ad610704e6?s=96&d=mm&r=g","caption":"Nexo Informativo"},"url":"https:\/\/www.nexoinformativo.mx\/index.php\/author\/edicion\/"}]}},"_links":{"self":[{"href":"https:\/\/www.nexoinformativo.mx\/index.php\/wp-json\/wp\/v2\/posts\/2228","targetHints":{"allow":["GET"]}}],"collection":[{"href":"https:\/\/www.nexoinformativo.mx\/index.php\/wp-json\/wp\/v2\/posts"}],"about":[{"href":"https:\/\/www.nexoinformativo.mx\/index.php\/wp-json\/wp\/v2\/types\/post"}],"author":[{"embeddable":true,"href":"https:\/\/www.nexoinformativo.mx\/index.php\/wp-json\/wp\/v2\/users\/3"}],"replies":[{"embeddable":true,"href":"https:\/\/www.nexoinformativo.mx\/index.php\/wp-json\/wp\/v2\/comments?post=2228"}],"version-history":[{"count":3,"href":"https:\/\/www.nexoinformativo.mx\/index.php\/wp-json\/wp\/v2\/posts\/2228\/revisions"}],"predecessor-version":[{"id":2233,"href":"https:\/\/www.nexoinformativo.mx\/index.php\/wp-json\/wp\/v2\/posts\/2228\/revisions\/2233"}],"wp:featuredmedia":[{"embeddable":true,"href":"https:\/\/www.nexoinformativo.mx\/index.php\/wp-json\/wp\/v2\/media\/2229"}],"wp:attachment":[{"href":"https:\/\/www.nexoinformativo.mx\/index.php\/wp-json\/wp\/v2\/media?parent=2228"}],"wp:term":[{"taxonomy":"category","embeddable":true,"href":"https:\/\/www.nexoinformativo.mx\/index.php\/wp-json\/wp\/v2\/categories?post=2228"},{"taxonomy":"post_tag","embeddable":true,"href":"https:\/\/www.nexoinformativo.mx\/index.php\/wp-json\/wp\/v2\/tags?post=2228"}],"curies":[{"name":"wp","href":"https:\/\/api.w.org\/{rel}","templated":true}]}}