{"id":2240,"date":"2024-09-23T12:00:42","date_gmt":"2024-09-23T18:00:42","guid":{"rendered":"https:\/\/www.nexoinformativo.mx\/?p=2240"},"modified":"2024-09-23T20:23:24","modified_gmt":"2024-09-24T02:23:24","slug":"detienen-a-hombre-en-pedro-escobedo-por-delitos-contra-la-salud-y-seguridad-publica","status":"publish","type":"post","link":"https:\/\/www.nexoinformativo.mx\/index.php\/2024\/09\/23\/detienen-a-hombre-en-pedro-escobedo-por-delitos-contra-la-salud-y-seguridad-publica\/","title":{"rendered":"Detienen a hombre en Pedro Escobedo por delitos contra la salud y seguridad p\u00fablica"},"content":{"rendered":"<p style=\"text-align: justify;\">Elementos de la Polic\u00eda Estatal de Quer\u00e9taro (<strong>POES)<\/strong> detuvieron a un hombre en la comunidad de El Chamizal, en Pedro Escobedo, tras una operatividad focalizada en la zona. El individuo fue sorprendido cuando intentaba huir al percatarse de la presencia de los oficiales, lo que motiv\u00f3 su detenci\u00f3n inmediata.<\/p>\n<p>&nbsp;<\/p>\n<p style=\"text-align: justify;\">Durante la revisi\u00f3n del veh\u00edculo en el que se trasladaba, los polic\u00edas encontraron una b\u00e1scula gramera, una bolsa con sustancia granulada cristalina con caracter\u00edsticas de narc\u00f3tico y tres r\u00e9plicas de armas. Debido a estos hallazgos, el sujeto fue asegurado por su posible participaci\u00f3n en delitos contra la salud y la seguridad p\u00fablica.<\/p>\n<p>&nbsp;<\/p>\n<p style=\"text-align: justify;\">El detenido fue informado de sus derechos y posteriormente puesto a disposici\u00f3n de la autoridad federal para continuar con las investigaciones correspondientes.<\/p>\n","protected":false},"excerpt":{"rendered":"<p>Elementos de la Polic\u00eda Estatal de Quer\u00e9taro (POES) detuvieron a un hombre en la comunidad de El Chamizal, en Pedro Escobedo, tras una operatividad focalizada en la zona.<\/p>\n","protected":false},"author":3,"featured_media":2241,"comment_status":"open","ping_status":"open","sticky":false,"template":"","format":"standard","meta":{"footnotes":""},"categories":[65,58],"tags":[857,856,591,266],"class_list":["post-2240","post","type-post","status-publish","format-standard","has-post-thumbnail","hentry","category-municipios","category-ultima-hora","tag-contraelcrimen","tag-justiciayorden","tag-poesenaccion","tag-seguridadqueretaro"],"yoast_head":"<!-- This site is optimized with the Yoast SEO plugin v25.0 - https:\/\/yoast.com\/wordpress\/plugins\/seo\/ -->\n<title>Detienen a hombre en Pedro Escobedo por delitos contra la salud y seguridad p\u00fablica | Nexo Informativo Santiago de Quer\u00e9taro<\/title>\n<meta name=\"description\" content=\"Detienen a hombre en Pedro Escobedo por delitos contra la salud y seguridad p\u00fablica\" \/>\n<meta name=\"robots\" content=\"index, follow, max-snippet:-1, max-image-preview:large, max-video-preview:-1\" \/>\n<link rel=\"canonical\" href=\"https:\/\/www.nexoinformativo.mx\/index.php\/2024\/09\/23\/detienen-a-hombre-en-pedro-escobedo-por-delitos-contra-la-salud-y-seguridad-publica\/\" \/>\n<meta property=\"og:locale\" content=\"es_MX\" \/>\n<meta property=\"og:type\" content=\"article\" \/>\n<meta property=\"og:title\" content=\"Detienen a hombre en Pedro Escobedo por delitos contra la salud y seguridad p\u00fablica | Nexo Informativo Santiago de Quer\u00e9taro\" \/>\n<meta property=\"og:description\" content=\"Detienen a hombre en Pedro Escobedo por delitos contra la salud y seguridad p\u00fablica\" \/>\n<meta property=\"og:url\" content=\"https:\/\/www.nexoinformativo.mx\/index.php\/2024\/09\/23\/detienen-a-hombre-en-pedro-escobedo-por-delitos-contra-la-salud-y-seguridad-publica\/\" \/>\n<meta property=\"og:site_name\" content=\"Nexo Informativo Santiago de Quer\u00e9taro\" \/>\n<meta property=\"article:publisher\" content=\"https:\/\/www.facebook.com\/people\/Nexo-Informativo\/61564066885511\/\" \/>\n<meta property=\"article:published_time\" content=\"2024-09-23T18:00:42+00:00\" \/>\n<meta property=\"article:modified_time\" content=\"2024-09-24T02:23:24+00:00\" \/>\n<meta property=\"og:image\" content=\"https:\/\/www.nexoinformativo.mx\/wp-content\/uploads\/2024\/09\/PHOTO-2024-09-23-19-28-33-e1727144305462.jpg\" \/>\n\t<meta property=\"og:image:width\" content=\"800\" \/>\n\t<meta property=\"og:image:height\" content=\"927\" \/>\n\t<meta property=\"og:image:type\" content=\"image\/jpeg\" \/>\n<meta name=\"author\" content=\"Nexo Informativo\" \/>\n<meta name=\"twitter:card\" content=\"summary_large_image\" \/>\n<meta name=\"twitter:label1\" content=\"Escrito por\" \/>\n\t<meta name=\"twitter:data1\" content=\"Nexo Informativo\" \/>\n\t<meta name=\"twitter:label2\" content=\"Tiempo de lectura\" \/>\n\t<meta name=\"twitter:data2\" content=\"1 minuto\" \/>\n<script type=\"application\/ld+json\" class=\"yoast-schema-graph\">{\"@context\":\"https:\/\/schema.org\",\"@graph\":[{\"@type\":\"Article\",\"@id\":\"https:\/\/www.nexoinformativo.mx\/index.php\/2024\/09\/23\/detienen-a-hombre-en-pedro-escobedo-por-delitos-contra-la-salud-y-seguridad-publica\/#article\",\"isPartOf\":{\"@id\":\"https:\/\/www.nexoinformativo.mx\/index.php\/2024\/09\/23\/detienen-a-hombre-en-pedro-escobedo-por-delitos-contra-la-salud-y-seguridad-publica\/\"},\"author\":{\"name\":\"Nexo Informativo\",\"@id\":\"https:\/\/www.nexoinformativo.mx\/#\/schema\/person\/7749d380ba08c8ca00d7bc76fd907b7d\"},\"headline\":\"Detienen a hombre en Pedro Escobedo por delitos contra la salud y seguridad p\u00fablica\",\"datePublished\":\"2024-09-23T18:00:42+00:00\",\"dateModified\":\"2024-09-24T02:23:24+00:00\",\"mainEntityOfPage\":{\"@id\":\"https:\/\/www.nexoinformativo.mx\/index.php\/2024\/09\/23\/detienen-a-hombre-en-pedro-escobedo-por-delitos-contra-la-salud-y-seguridad-publica\/\"},\"wordCount\":153,\"commentCount\":0,\"publisher\":{\"@id\":\"https:\/\/www.nexoinformativo.mx\/#organization\"},\"image\":{\"@id\":\"https:\/\/www.nexoinformativo.mx\/index.php\/2024\/09\/23\/detienen-a-hombre-en-pedro-escobedo-por-delitos-contra-la-salud-y-seguridad-publica\/#primaryimage\"},\"thumbnailUrl\":\"https:\/\/www.nexoinformativo.mx\/wp-content\/uploads\/2024\/09\/PHOTO-2024-09-23-19-28-33-e1727144305462.jpg\",\"keywords\":[\"ContraElCrimen\",\"JusticiaYOrden\",\"POESenAcci\u00f3n\",\"SeguridadQueretaro\"],\"articleSection\":[\"Municipios\",\"\u00daltima Hora\"],\"inLanguage\":\"es\",\"potentialAction\":[{\"@type\":\"CommentAction\",\"name\":\"Comment\",\"target\":[\"https:\/\/www.nexoinformativo.mx\/index.php\/2024\/09\/23\/detienen-a-hombre-en-pedro-escobedo-por-delitos-contra-la-salud-y-seguridad-publica\/#respond\"]}]},{\"@type\":\"WebPage\",\"@id\":\"https:\/\/www.nexoinformativo.mx\/index.php\/2024\/09\/23\/detienen-a-hombre-en-pedro-escobedo-por-delitos-contra-la-salud-y-seguridad-publica\/\",\"url\":\"https:\/\/www.nexoinformativo.mx\/index.php\/2024\/09\/23\/detienen-a-hombre-en-pedro-escobedo-por-delitos-contra-la-salud-y-seguridad-publica\/\",\"name\":\"Detienen a hombre en Pedro Escobedo por delitos contra la salud y seguridad p\u00fablica | Nexo Informativo Santiago de Quer\u00e9taro\",\"isPartOf\":{\"@id\":\"https:\/\/www.nexoinformativo.mx\/#website\"},\"primaryImageOfPage\":{\"@id\":\"https:\/\/www.nexoinformativo.mx\/index.php\/2024\/09\/23\/detienen-a-hombre-en-pedro-escobedo-por-delitos-contra-la-salud-y-seguridad-publica\/#primaryimage\"},\"image\":{\"@id\":\"https:\/\/www.nexoinformativo.mx\/index.php\/2024\/09\/23\/detienen-a-hombre-en-pedro-escobedo-por-delitos-contra-la-salud-y-seguridad-publica\/#primaryimage\"},\"thumbnailUrl\":\"https:\/\/www.nexoinformativo.mx\/wp-content\/uploads\/2024\/09\/PHOTO-2024-09-23-19-28-33-e1727144305462.jpg\",\"datePublished\":\"2024-09-23T18:00:42+00:00\",\"dateModified\":\"2024-09-24T02:23:24+00:00\",\"description\":\"Detienen a hombre en Pedro Escobedo por delitos contra la salud y seguridad p\u00fablica\",\"breadcrumb\":{\"@id\":\"https:\/\/www.nexoinformativo.mx\/index.php\/2024\/09\/23\/detienen-a-hombre-en-pedro-escobedo-por-delitos-contra-la-salud-y-seguridad-publica\/#breadcrumb\"},\"inLanguage\":\"es\",\"potentialAction\":[{\"@type\":\"ReadAction\",\"target\":[\"https:\/\/www.nexoinformativo.mx\/index.php\/2024\/09\/23\/detienen-a-hombre-en-pedro-escobedo-por-delitos-contra-la-salud-y-seguridad-publica\/\"]}]},{\"@type\":\"ImageObject\",\"inLanguage\":\"es\",\"@id\":\"https:\/\/www.nexoinformativo.mx\/index.php\/2024\/09\/23\/detienen-a-hombre-en-pedro-escobedo-por-delitos-contra-la-salud-y-seguridad-publica\/#primaryimage\",\"url\":\"https:\/\/www.nexoinformativo.mx\/wp-content\/uploads\/2024\/09\/PHOTO-2024-09-23-19-28-33-e1727144305462.jpg\",\"contentUrl\":\"https:\/\/www.nexoinformativo.mx\/wp-content\/uploads\/2024\/09\/PHOTO-2024-09-23-19-28-33-e1727144305462.jpg\",\"width\":800,\"height\":927},{\"@type\":\"BreadcrumbList\",\"@id\":\"https:\/\/www.nexoinformativo.mx\/index.php\/2024\/09\/23\/detienen-a-hombre-en-pedro-escobedo-por-delitos-contra-la-salud-y-seguridad-publica\/#breadcrumb\",\"itemListElement\":[{\"@type\":\"ListItem\",\"position\":1,\"name\":\"Inicio\",\"item\":\"https:\/\/www.nexoinformativo.mx\/\"},{\"@type\":\"ListItem\",\"position\":2,\"name\":\"Detienen a hombre en Pedro Escobedo por delitos contra la salud y seguridad p\u00fablica\"}]},{\"@type\":\"WebSite\",\"@id\":\"https:\/\/www.nexoinformativo.mx\/#website\",\"url\":\"https:\/\/www.nexoinformativo.mx\/\",\"name\":\"Nexo Informativo Santiago de Quer\u00e9taro\",\"description\":\"Explora NexoInformativo y convi\u00e9rtete en parte de una comunidad que valora el conocimiento y la verdad. Tu nexoinformativo es tu puente hacia una comprensi\u00f3n m\u00e1s profunda del mundo que te rodea.\",\"publisher\":{\"@id\":\"https:\/\/www.nexoinformativo.mx\/#organization\"},\"potentialAction\":[{\"@type\":\"SearchAction\",\"target\":{\"@type\":\"EntryPoint\",\"urlTemplate\":\"https:\/\/www.nexoinformativo.mx\/?s={search_term_string}\"},\"query-input\":{\"@type\":\"PropertyValueSpecification\",\"valueRequired\":true,\"valueName\":\"search_term_string\"}}],\"inLanguage\":\"es\"},{\"@type\":\"Organization\",\"@id\":\"https:\/\/www.nexoinformativo.mx\/#organization\",\"name\":\"Nexo Informativo Santiago de Quer\u00e9taro\",\"url\":\"https:\/\/www.nexoinformativo.mx\/\",\"logo\":{\"@type\":\"ImageObject\",\"inLanguage\":\"es\",\"@id\":\"https:\/\/www.nexoinformativo.mx\/#\/schema\/logo\/image\/\",\"url\":\"https:\/\/www.nexoinformativo.mx\/wp-content\/uploads\/2024\/07\/nexoi-trasparente-2.png\",\"contentUrl\":\"https:\/\/www.nexoinformativo.mx\/wp-content\/uploads\/2024\/07\/nexoi-trasparente-2.png\",\"width\":816,\"height\":339,\"caption\":\"Nexo Informativo Santiago de Quer\u00e9taro\"},\"image\":{\"@id\":\"https:\/\/www.nexoinformativo.mx\/#\/schema\/logo\/image\/\"},\"sameAs\":[\"https:\/\/www.facebook.com\/people\/Nexo-Informativo\/61564066885511\/\"]},{\"@type\":\"Person\",\"@id\":\"https:\/\/www.nexoinformativo.mx\/#\/schema\/person\/7749d380ba08c8ca00d7bc76fd907b7d\",\"name\":\"Nexo Informativo\",\"image\":{\"@type\":\"ImageObject\",\"inLanguage\":\"es\",\"@id\":\"https:\/\/www.nexoinformativo.mx\/#\/schema\/person\/image\/\",\"url\":\"https:\/\/secure.gravatar.com\/avatar\/dde2928154642a13d95f87ddf1ea9718fe2b46760a005c53e41ff5ad610704e6?s=96&d=mm&r=g\",\"contentUrl\":\"https:\/\/secure.gravatar.com\/avatar\/dde2928154642a13d95f87ddf1ea9718fe2b46760a005c53e41ff5ad610704e6?s=96&d=mm&r=g\",\"caption\":\"Nexo Informativo\"},\"url\":\"https:\/\/www.nexoinformativo.mx\/index.php\/author\/edicion\/\"}]}<\/script>\n<!-- \/ Yoast SEO plugin. -->","yoast_head_json":{"title":"Detienen a hombre en Pedro Escobedo por delitos contra la salud y seguridad p\u00fablica | Nexo Informativo Santiago de Quer\u00e9taro","description":"Detienen a hombre en Pedro Escobedo por delitos contra la salud y seguridad p\u00fablica","robots":{"index":"index","follow":"follow","max-snippet":"max-snippet:-1","max-image-preview":"max-image-preview:large","max-video-preview":"max-video-preview:-1"},"canonical":"https:\/\/www.nexoinformativo.mx\/index.php\/2024\/09\/23\/detienen-a-hombre-en-pedro-escobedo-por-delitos-contra-la-salud-y-seguridad-publica\/","og_locale":"es_MX","og_type":"article","og_title":"Detienen a hombre en Pedro Escobedo por delitos contra la salud y seguridad p\u00fablica | Nexo Informativo Santiago de Quer\u00e9taro","og_description":"Detienen a hombre en Pedro Escobedo por delitos contra la salud y seguridad p\u00fablica","og_url":"https:\/\/www.nexoinformativo.mx\/index.php\/2024\/09\/23\/detienen-a-hombre-en-pedro-escobedo-por-delitos-contra-la-salud-y-seguridad-publica\/","og_site_name":"Nexo Informativo Santiago de Quer\u00e9taro","article_publisher":"https:\/\/www.facebook.com\/people\/Nexo-Informativo\/61564066885511\/","article_published_time":"2024-09-23T18:00:42+00:00","article_modified_time":"2024-09-24T02:23:24+00:00","og_image":[{"width":800,"height":927,"url":"https:\/\/www.nexoinformativo.mx\/wp-content\/uploads\/2024\/09\/PHOTO-2024-09-23-19-28-33-e1727144305462.jpg","type":"image\/jpeg"}],"author":"Nexo Informativo","twitter_card":"summary_large_image","twitter_misc":{"Escrito por":"Nexo Informativo","Tiempo de lectura":"1 minuto"},"schema":{"@context":"https:\/\/schema.org","@graph":[{"@type":"Article","@id":"https:\/\/www.nexoinformativo.mx\/index.php\/2024\/09\/23\/detienen-a-hombre-en-pedro-escobedo-por-delitos-contra-la-salud-y-seguridad-publica\/#article","isPartOf":{"@id":"https:\/\/www.nexoinformativo.mx\/index.php\/2024\/09\/23\/detienen-a-hombre-en-pedro-escobedo-por-delitos-contra-la-salud-y-seguridad-publica\/"},"author":{"name":"Nexo Informativo","@id":"https:\/\/www.nexoinformativo.mx\/#\/schema\/person\/7749d380ba08c8ca00d7bc76fd907b7d"},"headline":"Detienen a hombre en Pedro Escobedo por delitos contra la salud y seguridad p\u00fablica","datePublished":"2024-09-23T18:00:42+00:00","dateModified":"2024-09-24T02:23:24+00:00","mainEntityOfPage":{"@id":"https:\/\/www.nexoinformativo.mx\/index.php\/2024\/09\/23\/detienen-a-hombre-en-pedro-escobedo-por-delitos-contra-la-salud-y-seguridad-publica\/"},"wordCount":153,"commentCount":0,"publisher":{"@id":"https:\/\/www.nexoinformativo.mx\/#organization"},"image":{"@id":"https:\/\/www.nexoinformativo.mx\/index.php\/2024\/09\/23\/detienen-a-hombre-en-pedro-escobedo-por-delitos-contra-la-salud-y-seguridad-publica\/#primaryimage"},"thumbnailUrl":"https:\/\/www.nexoinformativo.mx\/wp-content\/uploads\/2024\/09\/PHOTO-2024-09-23-19-28-33-e1727144305462.jpg","keywords":["ContraElCrimen","JusticiaYOrden","POESenAcci\u00f3n","SeguridadQueretaro"],"articleSection":["Municipios","\u00daltima Hora"],"inLanguage":"es","potentialAction":[{"@type":"CommentAction","name":"Comment","target":["https:\/\/www.nexoinformativo.mx\/index.php\/2024\/09\/23\/detienen-a-hombre-en-pedro-escobedo-por-delitos-contra-la-salud-y-seguridad-publica\/#respond"]}]},{"@type":"WebPage","@id":"https:\/\/www.nexoinformativo.mx\/index.php\/2024\/09\/23\/detienen-a-hombre-en-pedro-escobedo-por-delitos-contra-la-salud-y-seguridad-publica\/","url":"https:\/\/www.nexoinformativo.mx\/index.php\/2024\/09\/23\/detienen-a-hombre-en-pedro-escobedo-por-delitos-contra-la-salud-y-seguridad-publica\/","name":"Detienen a hombre en Pedro Escobedo por delitos contra la salud y seguridad p\u00fablica | Nexo Informativo Santiago de Quer\u00e9taro","isPartOf":{"@id":"https:\/\/www.nexoinformativo.mx\/#website"},"primaryImageOfPage":{"@id":"https:\/\/www.nexoinformativo.mx\/index.php\/2024\/09\/23\/detienen-a-hombre-en-pedro-escobedo-por-delitos-contra-la-salud-y-seguridad-publica\/#primaryimage"},"image":{"@id":"https:\/\/www.nexoinformativo.mx\/index.php\/2024\/09\/23\/detienen-a-hombre-en-pedro-escobedo-por-delitos-contra-la-salud-y-seguridad-publica\/#primaryimage"},"thumbnailUrl":"https:\/\/www.nexoinformativo.mx\/wp-content\/uploads\/2024\/09\/PHOTO-2024-09-23-19-28-33-e1727144305462.jpg","datePublished":"2024-09-23T18:00:42+00:00","dateModified":"2024-09-24T02:23:24+00:00","description":"Detienen a hombre en Pedro Escobedo por delitos contra la salud y seguridad p\u00fablica","breadcrumb":{"@id":"https:\/\/www.nexoinformativo.mx\/index.php\/2024\/09\/23\/detienen-a-hombre-en-pedro-escobedo-por-delitos-contra-la-salud-y-seguridad-publica\/#breadcrumb"},"inLanguage":"es","potentialAction":[{"@type":"ReadAction","target":["https:\/\/www.nexoinformativo.mx\/index.php\/2024\/09\/23\/detienen-a-hombre-en-pedro-escobedo-por-delitos-contra-la-salud-y-seguridad-publica\/"]}]},{"@type":"ImageObject","inLanguage":"es","@id":"https:\/\/www.nexoinformativo.mx\/index.php\/2024\/09\/23\/detienen-a-hombre-en-pedro-escobedo-por-delitos-contra-la-salud-y-seguridad-publica\/#primaryimage","url":"https:\/\/www.nexoinformativo.mx\/wp-content\/uploads\/2024\/09\/PHOTO-2024-09-23-19-28-33-e1727144305462.jpg","contentUrl":"https:\/\/www.nexoinformativo.mx\/wp-content\/uploads\/2024\/09\/PHOTO-2024-09-23-19-28-33-e1727144305462.jpg","width":800,"height":927},{"@type":"BreadcrumbList","@id":"https:\/\/www.nexoinformativo.mx\/index.php\/2024\/09\/23\/detienen-a-hombre-en-pedro-escobedo-por-delitos-contra-la-salud-y-seguridad-publica\/#breadcrumb","itemListElement":[{"@type":"ListItem","position":1,"name":"Inicio","item":"https:\/\/www.nexoinformativo.mx\/"},{"@type":"ListItem","position":2,"name":"Detienen a hombre en Pedro Escobedo por delitos contra la salud y seguridad p\u00fablica"}]},{"@type":"WebSite","@id":"https:\/\/www.nexoinformativo.mx\/#website","url":"https:\/\/www.nexoinformativo.mx\/","name":"Nexo Informativo Santiago de Quer\u00e9taro","description":"Explora NexoInformativo y convi\u00e9rtete en parte de una comunidad que valora el conocimiento y la verdad. Tu nexoinformativo es tu puente hacia una comprensi\u00f3n m\u00e1s profunda del mundo que te rodea.","publisher":{"@id":"https:\/\/www.nexoinformativo.mx\/#organization"},"potentialAction":[{"@type":"SearchAction","target":{"@type":"EntryPoint","urlTemplate":"https:\/\/www.nexoinformativo.mx\/?s={search_term_string}"},"query-input":{"@type":"PropertyValueSpecification","valueRequired":true,"valueName":"search_term_string"}}],"inLanguage":"es"},{"@type":"Organization","@id":"https:\/\/www.nexoinformativo.mx\/#organization","name":"Nexo Informativo Santiago de Quer\u00e9taro","url":"https:\/\/www.nexoinformativo.mx\/","logo":{"@type":"ImageObject","inLanguage":"es","@id":"https:\/\/www.nexoinformativo.mx\/#\/schema\/logo\/image\/","url":"https:\/\/www.nexoinformativo.mx\/wp-content\/uploads\/2024\/07\/nexoi-trasparente-2.png","contentUrl":"https:\/\/www.nexoinformativo.mx\/wp-content\/uploads\/2024\/07\/nexoi-trasparente-2.png","width":816,"height":339,"caption":"Nexo Informativo Santiago de Quer\u00e9taro"},"image":{"@id":"https:\/\/www.nexoinformativo.mx\/#\/schema\/logo\/image\/"},"sameAs":["https:\/\/www.facebook.com\/people\/Nexo-Informativo\/61564066885511\/"]},{"@type":"Person","@id":"https:\/\/www.nexoinformativo.mx\/#\/schema\/person\/7749d380ba08c8ca00d7bc76fd907b7d","name":"Nexo Informativo","image":{"@type":"ImageObject","inLanguage":"es","@id":"https:\/\/www.nexoinformativo.mx\/#\/schema\/person\/image\/","url":"https:\/\/secure.gravatar.com\/avatar\/dde2928154642a13d95f87ddf1ea9718fe2b46760a005c53e41ff5ad610704e6?s=96&d=mm&r=g","contentUrl":"https:\/\/secure.gravatar.com\/avatar\/dde2928154642a13d95f87ddf1ea9718fe2b46760a005c53e41ff5ad610704e6?s=96&d=mm&r=g","caption":"Nexo Informativo"},"url":"https:\/\/www.nexoinformativo.mx\/index.php\/author\/edicion\/"}]}},"_links":{"self":[{"href":"https:\/\/www.nexoinformativo.mx\/index.php\/wp-json\/wp\/v2\/posts\/2240","targetHints":{"allow":["GET"]}}],"collection":[{"href":"https:\/\/www.nexoinformativo.mx\/index.php\/wp-json\/wp\/v2\/posts"}],"about":[{"href":"https:\/\/www.nexoinformativo.mx\/index.php\/wp-json\/wp\/v2\/types\/post"}],"author":[{"embeddable":true,"href":"https:\/\/www.nexoinformativo.mx\/index.php\/wp-json\/wp\/v2\/users\/3"}],"replies":[{"embeddable":true,"href":"https:\/\/www.nexoinformativo.mx\/index.php\/wp-json\/wp\/v2\/comments?post=2240"}],"version-history":[{"count":3,"href":"https:\/\/www.nexoinformativo.mx\/index.php\/wp-json\/wp\/v2\/posts\/2240\/revisions"}],"predecessor-version":[{"id":2243,"href":"https:\/\/www.nexoinformativo.mx\/index.php\/wp-json\/wp\/v2\/posts\/2240\/revisions\/2243"}],"wp:featuredmedia":[{"embeddable":true,"href":"https:\/\/www.nexoinformativo.mx\/index.php\/wp-json\/wp\/v2\/media\/2241"}],"wp:attachment":[{"href":"https:\/\/www.nexoinformativo.mx\/index.php\/wp-json\/wp\/v2\/media?parent=2240"}],"wp:term":[{"taxonomy":"category","embeddable":true,"href":"https:\/\/www.nexoinformativo.mx\/index.php\/wp-json\/wp\/v2\/categories?post=2240"},{"taxonomy":"post_tag","embeddable":true,"href":"https:\/\/www.nexoinformativo.mx\/index.php\/wp-json\/wp\/v2\/tags?post=2240"}],"curies":[{"name":"wp","href":"https:\/\/api.w.org\/{rel}","templated":true}]}}