{"id":2252,"date":"2024-09-24T09:00:46","date_gmt":"2024-09-24T15:00:46","guid":{"rendered":"https:\/\/www.nexoinformativo.mx\/?p=2252"},"modified":"2024-09-24T12:14:21","modified_gmt":"2024-09-24T18:14:21","slug":"colectivo-feminista-defiende-a-menor-acusada-de-homicidio-tras-aborto-espontaneo-en-queretaro","status":"publish","type":"post","link":"https:\/\/www.nexoinformativo.mx\/index.php\/2024\/09\/24\/colectivo-feminista-defiende-a-menor-acusada-de-homicidio-tras-aborto-espontaneo-en-queretaro\/","title":{"rendered":"Colectivo feminista defiende a menor acusada de homicidio tras aborto espont\u00e1neo en Quer\u00e9taro"},"content":{"rendered":"<p style=\"text-align: justify;\">El colectivo feminista <strong>Adax Digitales<\/strong> ha tomado la defensa jur\u00eddica de una menor de 14 a\u00f1os, originaria de Huimilpan, quien enfrenta un proceso penal tras sufrir un aborto espont\u00e1neo. La Fiscal\u00eda General del Estado de Quer\u00e9taro la acusa de homicidio culposo, luego de que inicialmente la vinculara por homicidio doloso.<\/p>\n<p>&nbsp;<\/p>\n<p style=\"text-align: justify;\">La vocera de Adax Digitales, Mayra D\u00e1vila, se\u00f1al\u00f3 que la menor desconoc\u00eda que estaba embarazada de m\u00e1s de tres meses. El 6 de julio de 2024, la menor fue atendida por cuerpos de emergencia debido a un sangrado espont\u00e1neo, lo que llev\u00f3 a la intervenci\u00f3n de la Fiscal\u00eda. <strong>&#8220;Esta ni\u00f1a est\u00e1 en una situaci\u00f3n psicol\u00f3gica y emocional extremadamente delicada. La est\u00e1n presionando para que acepte un procedimiento abreviado y se declare culpable, lo cual es inadmisible&#8221;<\/strong>, afirm\u00f3 D\u00e1vila.<\/p>\n<p>&nbsp;<\/p>\n<p style=\"text-align: justify;\">El caso ha generado indignaci\u00f3n entre colectivos feministas y defensores de derechos humanos, quienes consideran que esta situaci\u00f3n es un ejemplo de criminalizaci\u00f3n hacia las mujeres en situaci\u00f3n de vulnerabilidad.<\/p>\n<p>&nbsp;<\/p>\n<p style=\"text-align: justify;\">El colectivo ha reiterado su compromiso de brindar apoyo legal y emocional a la menor, destacando la importancia de proteger sus derechos en un proceso que podr\u00eda tener graves repercusiones en su vida.<\/p>\n","protected":false},"excerpt":{"rendered":"<p>El colectivo feminista Adax Digitales ha tomado la defensa jur\u00eddica de una menor de 14 a\u00f1os, originaria de Huimilpan, quien enfrenta un proceso penal tras sufrir un aborto espont\u00e1neo.<\/p>\n","protected":false},"author":3,"featured_media":2253,"comment_status":"open","ping_status":"open","sticky":false,"template":"","format":"standard","meta":{"footnotes":""},"categories":[58],"tags":[864,499,862,863],"class_list":["post-2252","post","type-post","status-publish","format-standard","has-post-thumbnail","hentry","category-ultima-hora","tag-defensafeminista","tag-derechoshumanos","tag-justiciaparatodas","tag-nomascriminalizacion"],"yoast_head":"<!-- This site is optimized with the Yoast SEO plugin v25.0 - https:\/\/yoast.com\/wordpress\/plugins\/seo\/ -->\n<title>Colectivo feminista defiende a menor acusada de homicidio tras aborto espont\u00e1neo en Quer\u00e9taro | Nexo Informativo Santiago de Quer\u00e9taro<\/title>\n<meta name=\"description\" content=\"Colectivo feminista defiende a menor acusada de homicidio tras aborto espont\u00e1neo en Quer\u00e9taro\" \/>\n<meta name=\"robots\" content=\"index, follow, max-snippet:-1, max-image-preview:large, max-video-preview:-1\" \/>\n<link rel=\"canonical\" href=\"https:\/\/www.nexoinformativo.mx\/index.php\/2024\/09\/24\/colectivo-feminista-defiende-a-menor-acusada-de-homicidio-tras-aborto-espontaneo-en-queretaro\/\" \/>\n<meta property=\"og:locale\" content=\"es_MX\" \/>\n<meta property=\"og:type\" content=\"article\" \/>\n<meta property=\"og:title\" content=\"Colectivo feminista defiende a menor acusada de homicidio tras aborto espont\u00e1neo en Quer\u00e9taro | Nexo Informativo Santiago de Quer\u00e9taro\" \/>\n<meta property=\"og:description\" content=\"Colectivo feminista defiende a menor acusada de homicidio tras aborto espont\u00e1neo en Quer\u00e9taro\" \/>\n<meta property=\"og:url\" content=\"https:\/\/www.nexoinformativo.mx\/index.php\/2024\/09\/24\/colectivo-feminista-defiende-a-menor-acusada-de-homicidio-tras-aborto-espontaneo-en-queretaro\/\" \/>\n<meta property=\"og:site_name\" content=\"Nexo Informativo Santiago de Quer\u00e9taro\" \/>\n<meta property=\"article:publisher\" content=\"https:\/\/www.facebook.com\/people\/Nexo-Informativo\/61564066885511\/\" \/>\n<meta property=\"article:published_time\" content=\"2024-09-24T15:00:46+00:00\" \/>\n<meta property=\"article:modified_time\" content=\"2024-09-24T18:14:21+00:00\" \/>\n<meta property=\"og:image\" content=\"https:\/\/www.nexoinformativo.mx\/wp-content\/uploads\/2024\/09\/PHOTO-2024-09-24-09-42-24-e1727201492924.jpg\" \/>\n\t<meta property=\"og:image:width\" content=\"800\" \/>\n\t<meta property=\"og:image:height\" content=\"600\" \/>\n\t<meta property=\"og:image:type\" content=\"image\/jpeg\" \/>\n<meta name=\"author\" content=\"Nexo Informativo\" \/>\n<meta name=\"twitter:card\" content=\"summary_large_image\" \/>\n<meta name=\"twitter:label1\" content=\"Escrito por\" \/>\n\t<meta name=\"twitter:data1\" content=\"Nexo Informativo\" \/>\n\t<meta name=\"twitter:label2\" content=\"Tiempo de lectura\" \/>\n\t<meta name=\"twitter:data2\" content=\"2 minutos\" \/>\n<script type=\"application\/ld+json\" class=\"yoast-schema-graph\">{\"@context\":\"https:\/\/schema.org\",\"@graph\":[{\"@type\":\"Article\",\"@id\":\"https:\/\/www.nexoinformativo.mx\/index.php\/2024\/09\/24\/colectivo-feminista-defiende-a-menor-acusada-de-homicidio-tras-aborto-espontaneo-en-queretaro\/#article\",\"isPartOf\":{\"@id\":\"https:\/\/www.nexoinformativo.mx\/index.php\/2024\/09\/24\/colectivo-feminista-defiende-a-menor-acusada-de-homicidio-tras-aborto-espontaneo-en-queretaro\/\"},\"author\":{\"name\":\"Nexo Informativo\",\"@id\":\"https:\/\/www.nexoinformativo.mx\/#\/schema\/person\/7749d380ba08c8ca00d7bc76fd907b7d\"},\"headline\":\"Colectivo feminista defiende a menor acusada de homicidio tras aborto espont\u00e1neo en Quer\u00e9taro\",\"datePublished\":\"2024-09-24T15:00:46+00:00\",\"dateModified\":\"2024-09-24T18:14:21+00:00\",\"mainEntityOfPage\":{\"@id\":\"https:\/\/www.nexoinformativo.mx\/index.php\/2024\/09\/24\/colectivo-feminista-defiende-a-menor-acusada-de-homicidio-tras-aborto-espontaneo-en-queretaro\/\"},\"wordCount\":228,\"commentCount\":0,\"publisher\":{\"@id\":\"https:\/\/www.nexoinformativo.mx\/#organization\"},\"image\":{\"@id\":\"https:\/\/www.nexoinformativo.mx\/index.php\/2024\/09\/24\/colectivo-feminista-defiende-a-menor-acusada-de-homicidio-tras-aborto-espontaneo-en-queretaro\/#primaryimage\"},\"thumbnailUrl\":\"https:\/\/www.nexoinformativo.mx\/wp-content\/uploads\/2024\/09\/PHOTO-2024-09-24-09-42-24-e1727201492924.jpg\",\"keywords\":[\"DefensaFeminista\",\"DerechosHumanos\",\"JusticiaParaTodas\",\"NoM\u00e1sCriminalizaci\u00f3n\"],\"articleSection\":[\"\u00daltima Hora\"],\"inLanguage\":\"es\",\"potentialAction\":[{\"@type\":\"CommentAction\",\"name\":\"Comment\",\"target\":[\"https:\/\/www.nexoinformativo.mx\/index.php\/2024\/09\/24\/colectivo-feminista-defiende-a-menor-acusada-de-homicidio-tras-aborto-espontaneo-en-queretaro\/#respond\"]}]},{\"@type\":\"WebPage\",\"@id\":\"https:\/\/www.nexoinformativo.mx\/index.php\/2024\/09\/24\/colectivo-feminista-defiende-a-menor-acusada-de-homicidio-tras-aborto-espontaneo-en-queretaro\/\",\"url\":\"https:\/\/www.nexoinformativo.mx\/index.php\/2024\/09\/24\/colectivo-feminista-defiende-a-menor-acusada-de-homicidio-tras-aborto-espontaneo-en-queretaro\/\",\"name\":\"Colectivo feminista defiende a menor acusada de homicidio tras aborto espont\u00e1neo en Quer\u00e9taro | Nexo Informativo Santiago de Quer\u00e9taro\",\"isPartOf\":{\"@id\":\"https:\/\/www.nexoinformativo.mx\/#website\"},\"primaryImageOfPage\":{\"@id\":\"https:\/\/www.nexoinformativo.mx\/index.php\/2024\/09\/24\/colectivo-feminista-defiende-a-menor-acusada-de-homicidio-tras-aborto-espontaneo-en-queretaro\/#primaryimage\"},\"image\":{\"@id\":\"https:\/\/www.nexoinformativo.mx\/index.php\/2024\/09\/24\/colectivo-feminista-defiende-a-menor-acusada-de-homicidio-tras-aborto-espontaneo-en-queretaro\/#primaryimage\"},\"thumbnailUrl\":\"https:\/\/www.nexoinformativo.mx\/wp-content\/uploads\/2024\/09\/PHOTO-2024-09-24-09-42-24-e1727201492924.jpg\",\"datePublished\":\"2024-09-24T15:00:46+00:00\",\"dateModified\":\"2024-09-24T18:14:21+00:00\",\"description\":\"Colectivo feminista defiende a menor acusada de homicidio tras aborto espont\u00e1neo en Quer\u00e9taro\",\"breadcrumb\":{\"@id\":\"https:\/\/www.nexoinformativo.mx\/index.php\/2024\/09\/24\/colectivo-feminista-defiende-a-menor-acusada-de-homicidio-tras-aborto-espontaneo-en-queretaro\/#breadcrumb\"},\"inLanguage\":\"es\",\"potentialAction\":[{\"@type\":\"ReadAction\",\"target\":[\"https:\/\/www.nexoinformativo.mx\/index.php\/2024\/09\/24\/colectivo-feminista-defiende-a-menor-acusada-de-homicidio-tras-aborto-espontaneo-en-queretaro\/\"]}]},{\"@type\":\"ImageObject\",\"inLanguage\":\"es\",\"@id\":\"https:\/\/www.nexoinformativo.mx\/index.php\/2024\/09\/24\/colectivo-feminista-defiende-a-menor-acusada-de-homicidio-tras-aborto-espontaneo-en-queretaro\/#primaryimage\",\"url\":\"https:\/\/www.nexoinformativo.mx\/wp-content\/uploads\/2024\/09\/PHOTO-2024-09-24-09-42-24-e1727201492924.jpg\",\"contentUrl\":\"https:\/\/www.nexoinformativo.mx\/wp-content\/uploads\/2024\/09\/PHOTO-2024-09-24-09-42-24-e1727201492924.jpg\",\"width\":800,\"height\":600},{\"@type\":\"BreadcrumbList\",\"@id\":\"https:\/\/www.nexoinformativo.mx\/index.php\/2024\/09\/24\/colectivo-feminista-defiende-a-menor-acusada-de-homicidio-tras-aborto-espontaneo-en-queretaro\/#breadcrumb\",\"itemListElement\":[{\"@type\":\"ListItem\",\"position\":1,\"name\":\"Inicio\",\"item\":\"https:\/\/www.nexoinformativo.mx\/\"},{\"@type\":\"ListItem\",\"position\":2,\"name\":\"Colectivo feminista defiende a menor acusada de homicidio tras aborto espont\u00e1neo en Quer\u00e9taro\"}]},{\"@type\":\"WebSite\",\"@id\":\"https:\/\/www.nexoinformativo.mx\/#website\",\"url\":\"https:\/\/www.nexoinformativo.mx\/\",\"name\":\"Nexo Informativo Santiago de Quer\u00e9taro\",\"description\":\"Explora NexoInformativo y convi\u00e9rtete en parte de una comunidad que valora el conocimiento y la verdad. Tu nexoinformativo es tu puente hacia una comprensi\u00f3n m\u00e1s profunda del mundo que te rodea.\",\"publisher\":{\"@id\":\"https:\/\/www.nexoinformativo.mx\/#organization\"},\"potentialAction\":[{\"@type\":\"SearchAction\",\"target\":{\"@type\":\"EntryPoint\",\"urlTemplate\":\"https:\/\/www.nexoinformativo.mx\/?s={search_term_string}\"},\"query-input\":{\"@type\":\"PropertyValueSpecification\",\"valueRequired\":true,\"valueName\":\"search_term_string\"}}],\"inLanguage\":\"es\"},{\"@type\":\"Organization\",\"@id\":\"https:\/\/www.nexoinformativo.mx\/#organization\",\"name\":\"Nexo Informativo Santiago de Quer\u00e9taro\",\"url\":\"https:\/\/www.nexoinformativo.mx\/\",\"logo\":{\"@type\":\"ImageObject\",\"inLanguage\":\"es\",\"@id\":\"https:\/\/www.nexoinformativo.mx\/#\/schema\/logo\/image\/\",\"url\":\"https:\/\/www.nexoinformativo.mx\/wp-content\/uploads\/2024\/07\/nexoi-trasparente-2.png\",\"contentUrl\":\"https:\/\/www.nexoinformativo.mx\/wp-content\/uploads\/2024\/07\/nexoi-trasparente-2.png\",\"width\":816,\"height\":339,\"caption\":\"Nexo Informativo Santiago de Quer\u00e9taro\"},\"image\":{\"@id\":\"https:\/\/www.nexoinformativo.mx\/#\/schema\/logo\/image\/\"},\"sameAs\":[\"https:\/\/www.facebook.com\/people\/Nexo-Informativo\/61564066885511\/\"]},{\"@type\":\"Person\",\"@id\":\"https:\/\/www.nexoinformativo.mx\/#\/schema\/person\/7749d380ba08c8ca00d7bc76fd907b7d\",\"name\":\"Nexo Informativo\",\"image\":{\"@type\":\"ImageObject\",\"inLanguage\":\"es\",\"@id\":\"https:\/\/www.nexoinformativo.mx\/#\/schema\/person\/image\/\",\"url\":\"https:\/\/secure.gravatar.com\/avatar\/dde2928154642a13d95f87ddf1ea9718fe2b46760a005c53e41ff5ad610704e6?s=96&d=mm&r=g\",\"contentUrl\":\"https:\/\/secure.gravatar.com\/avatar\/dde2928154642a13d95f87ddf1ea9718fe2b46760a005c53e41ff5ad610704e6?s=96&d=mm&r=g\",\"caption\":\"Nexo Informativo\"},\"url\":\"https:\/\/www.nexoinformativo.mx\/index.php\/author\/edicion\/\"}]}<\/script>\n<!-- \/ Yoast SEO plugin. -->","yoast_head_json":{"title":"Colectivo feminista defiende a menor acusada de homicidio tras aborto espont\u00e1neo en Quer\u00e9taro | Nexo Informativo Santiago de Quer\u00e9taro","description":"Colectivo feminista defiende a menor acusada de homicidio tras aborto espont\u00e1neo en Quer\u00e9taro","robots":{"index":"index","follow":"follow","max-snippet":"max-snippet:-1","max-image-preview":"max-image-preview:large","max-video-preview":"max-video-preview:-1"},"canonical":"https:\/\/www.nexoinformativo.mx\/index.php\/2024\/09\/24\/colectivo-feminista-defiende-a-menor-acusada-de-homicidio-tras-aborto-espontaneo-en-queretaro\/","og_locale":"es_MX","og_type":"article","og_title":"Colectivo feminista defiende a menor acusada de homicidio tras aborto espont\u00e1neo en Quer\u00e9taro | Nexo Informativo Santiago de Quer\u00e9taro","og_description":"Colectivo feminista defiende a menor acusada de homicidio tras aborto espont\u00e1neo en Quer\u00e9taro","og_url":"https:\/\/www.nexoinformativo.mx\/index.php\/2024\/09\/24\/colectivo-feminista-defiende-a-menor-acusada-de-homicidio-tras-aborto-espontaneo-en-queretaro\/","og_site_name":"Nexo Informativo Santiago de Quer\u00e9taro","article_publisher":"https:\/\/www.facebook.com\/people\/Nexo-Informativo\/61564066885511\/","article_published_time":"2024-09-24T15:00:46+00:00","article_modified_time":"2024-09-24T18:14:21+00:00","og_image":[{"width":800,"height":600,"url":"https:\/\/www.nexoinformativo.mx\/wp-content\/uploads\/2024\/09\/PHOTO-2024-09-24-09-42-24-e1727201492924.jpg","type":"image\/jpeg"}],"author":"Nexo Informativo","twitter_card":"summary_large_image","twitter_misc":{"Escrito por":"Nexo Informativo","Tiempo de lectura":"2 minutos"},"schema":{"@context":"https:\/\/schema.org","@graph":[{"@type":"Article","@id":"https:\/\/www.nexoinformativo.mx\/index.php\/2024\/09\/24\/colectivo-feminista-defiende-a-menor-acusada-de-homicidio-tras-aborto-espontaneo-en-queretaro\/#article","isPartOf":{"@id":"https:\/\/www.nexoinformativo.mx\/index.php\/2024\/09\/24\/colectivo-feminista-defiende-a-menor-acusada-de-homicidio-tras-aborto-espontaneo-en-queretaro\/"},"author":{"name":"Nexo Informativo","@id":"https:\/\/www.nexoinformativo.mx\/#\/schema\/person\/7749d380ba08c8ca00d7bc76fd907b7d"},"headline":"Colectivo feminista defiende a menor acusada de homicidio tras aborto espont\u00e1neo en Quer\u00e9taro","datePublished":"2024-09-24T15:00:46+00:00","dateModified":"2024-09-24T18:14:21+00:00","mainEntityOfPage":{"@id":"https:\/\/www.nexoinformativo.mx\/index.php\/2024\/09\/24\/colectivo-feminista-defiende-a-menor-acusada-de-homicidio-tras-aborto-espontaneo-en-queretaro\/"},"wordCount":228,"commentCount":0,"publisher":{"@id":"https:\/\/www.nexoinformativo.mx\/#organization"},"image":{"@id":"https:\/\/www.nexoinformativo.mx\/index.php\/2024\/09\/24\/colectivo-feminista-defiende-a-menor-acusada-de-homicidio-tras-aborto-espontaneo-en-queretaro\/#primaryimage"},"thumbnailUrl":"https:\/\/www.nexoinformativo.mx\/wp-content\/uploads\/2024\/09\/PHOTO-2024-09-24-09-42-24-e1727201492924.jpg","keywords":["DefensaFeminista","DerechosHumanos","JusticiaParaTodas","NoM\u00e1sCriminalizaci\u00f3n"],"articleSection":["\u00daltima Hora"],"inLanguage":"es","potentialAction":[{"@type":"CommentAction","name":"Comment","target":["https:\/\/www.nexoinformativo.mx\/index.php\/2024\/09\/24\/colectivo-feminista-defiende-a-menor-acusada-de-homicidio-tras-aborto-espontaneo-en-queretaro\/#respond"]}]},{"@type":"WebPage","@id":"https:\/\/www.nexoinformativo.mx\/index.php\/2024\/09\/24\/colectivo-feminista-defiende-a-menor-acusada-de-homicidio-tras-aborto-espontaneo-en-queretaro\/","url":"https:\/\/www.nexoinformativo.mx\/index.php\/2024\/09\/24\/colectivo-feminista-defiende-a-menor-acusada-de-homicidio-tras-aborto-espontaneo-en-queretaro\/","name":"Colectivo feminista defiende a menor acusada de homicidio tras aborto espont\u00e1neo en Quer\u00e9taro | Nexo Informativo Santiago de Quer\u00e9taro","isPartOf":{"@id":"https:\/\/www.nexoinformativo.mx\/#website"},"primaryImageOfPage":{"@id":"https:\/\/www.nexoinformativo.mx\/index.php\/2024\/09\/24\/colectivo-feminista-defiende-a-menor-acusada-de-homicidio-tras-aborto-espontaneo-en-queretaro\/#primaryimage"},"image":{"@id":"https:\/\/www.nexoinformativo.mx\/index.php\/2024\/09\/24\/colectivo-feminista-defiende-a-menor-acusada-de-homicidio-tras-aborto-espontaneo-en-queretaro\/#primaryimage"},"thumbnailUrl":"https:\/\/www.nexoinformativo.mx\/wp-content\/uploads\/2024\/09\/PHOTO-2024-09-24-09-42-24-e1727201492924.jpg","datePublished":"2024-09-24T15:00:46+00:00","dateModified":"2024-09-24T18:14:21+00:00","description":"Colectivo feminista defiende a menor acusada de homicidio tras aborto espont\u00e1neo en Quer\u00e9taro","breadcrumb":{"@id":"https:\/\/www.nexoinformativo.mx\/index.php\/2024\/09\/24\/colectivo-feminista-defiende-a-menor-acusada-de-homicidio-tras-aborto-espontaneo-en-queretaro\/#breadcrumb"},"inLanguage":"es","potentialAction":[{"@type":"ReadAction","target":["https:\/\/www.nexoinformativo.mx\/index.php\/2024\/09\/24\/colectivo-feminista-defiende-a-menor-acusada-de-homicidio-tras-aborto-espontaneo-en-queretaro\/"]}]},{"@type":"ImageObject","inLanguage":"es","@id":"https:\/\/www.nexoinformativo.mx\/index.php\/2024\/09\/24\/colectivo-feminista-defiende-a-menor-acusada-de-homicidio-tras-aborto-espontaneo-en-queretaro\/#primaryimage","url":"https:\/\/www.nexoinformativo.mx\/wp-content\/uploads\/2024\/09\/PHOTO-2024-09-24-09-42-24-e1727201492924.jpg","contentUrl":"https:\/\/www.nexoinformativo.mx\/wp-content\/uploads\/2024\/09\/PHOTO-2024-09-24-09-42-24-e1727201492924.jpg","width":800,"height":600},{"@type":"BreadcrumbList","@id":"https:\/\/www.nexoinformativo.mx\/index.php\/2024\/09\/24\/colectivo-feminista-defiende-a-menor-acusada-de-homicidio-tras-aborto-espontaneo-en-queretaro\/#breadcrumb","itemListElement":[{"@type":"ListItem","position":1,"name":"Inicio","item":"https:\/\/www.nexoinformativo.mx\/"},{"@type":"ListItem","position":2,"name":"Colectivo feminista defiende a menor acusada de homicidio tras aborto espont\u00e1neo en Quer\u00e9taro"}]},{"@type":"WebSite","@id":"https:\/\/www.nexoinformativo.mx\/#website","url":"https:\/\/www.nexoinformativo.mx\/","name":"Nexo Informativo Santiago de Quer\u00e9taro","description":"Explora NexoInformativo y convi\u00e9rtete en parte de una comunidad que valora el conocimiento y la verdad. Tu nexoinformativo es tu puente hacia una comprensi\u00f3n m\u00e1s profunda del mundo que te rodea.","publisher":{"@id":"https:\/\/www.nexoinformativo.mx\/#organization"},"potentialAction":[{"@type":"SearchAction","target":{"@type":"EntryPoint","urlTemplate":"https:\/\/www.nexoinformativo.mx\/?s={search_term_string}"},"query-input":{"@type":"PropertyValueSpecification","valueRequired":true,"valueName":"search_term_string"}}],"inLanguage":"es"},{"@type":"Organization","@id":"https:\/\/www.nexoinformativo.mx\/#organization","name":"Nexo Informativo Santiago de Quer\u00e9taro","url":"https:\/\/www.nexoinformativo.mx\/","logo":{"@type":"ImageObject","inLanguage":"es","@id":"https:\/\/www.nexoinformativo.mx\/#\/schema\/logo\/image\/","url":"https:\/\/www.nexoinformativo.mx\/wp-content\/uploads\/2024\/07\/nexoi-trasparente-2.png","contentUrl":"https:\/\/www.nexoinformativo.mx\/wp-content\/uploads\/2024\/07\/nexoi-trasparente-2.png","width":816,"height":339,"caption":"Nexo Informativo Santiago de Quer\u00e9taro"},"image":{"@id":"https:\/\/www.nexoinformativo.mx\/#\/schema\/logo\/image\/"},"sameAs":["https:\/\/www.facebook.com\/people\/Nexo-Informativo\/61564066885511\/"]},{"@type":"Person","@id":"https:\/\/www.nexoinformativo.mx\/#\/schema\/person\/7749d380ba08c8ca00d7bc76fd907b7d","name":"Nexo Informativo","image":{"@type":"ImageObject","inLanguage":"es","@id":"https:\/\/www.nexoinformativo.mx\/#\/schema\/person\/image\/","url":"https:\/\/secure.gravatar.com\/avatar\/dde2928154642a13d95f87ddf1ea9718fe2b46760a005c53e41ff5ad610704e6?s=96&d=mm&r=g","contentUrl":"https:\/\/secure.gravatar.com\/avatar\/dde2928154642a13d95f87ddf1ea9718fe2b46760a005c53e41ff5ad610704e6?s=96&d=mm&r=g","caption":"Nexo Informativo"},"url":"https:\/\/www.nexoinformativo.mx\/index.php\/author\/edicion\/"}]}},"_links":{"self":[{"href":"https:\/\/www.nexoinformativo.mx\/index.php\/wp-json\/wp\/v2\/posts\/2252","targetHints":{"allow":["GET"]}}],"collection":[{"href":"https:\/\/www.nexoinformativo.mx\/index.php\/wp-json\/wp\/v2\/posts"}],"about":[{"href":"https:\/\/www.nexoinformativo.mx\/index.php\/wp-json\/wp\/v2\/types\/post"}],"author":[{"embeddable":true,"href":"https:\/\/www.nexoinformativo.mx\/index.php\/wp-json\/wp\/v2\/users\/3"}],"replies":[{"embeddable":true,"href":"https:\/\/www.nexoinformativo.mx\/index.php\/wp-json\/wp\/v2\/comments?post=2252"}],"version-history":[{"count":2,"href":"https:\/\/www.nexoinformativo.mx\/index.php\/wp-json\/wp\/v2\/posts\/2252\/revisions"}],"predecessor-version":[{"id":2255,"href":"https:\/\/www.nexoinformativo.mx\/index.php\/wp-json\/wp\/v2\/posts\/2252\/revisions\/2255"}],"wp:featuredmedia":[{"embeddable":true,"href":"https:\/\/www.nexoinformativo.mx\/index.php\/wp-json\/wp\/v2\/media\/2253"}],"wp:attachment":[{"href":"https:\/\/www.nexoinformativo.mx\/index.php\/wp-json\/wp\/v2\/media?parent=2252"}],"wp:term":[{"taxonomy":"category","embeddable":true,"href":"https:\/\/www.nexoinformativo.mx\/index.php\/wp-json\/wp\/v2\/categories?post=2252"},{"taxonomy":"post_tag","embeddable":true,"href":"https:\/\/www.nexoinformativo.mx\/index.php\/wp-json\/wp\/v2\/tags?post=2252"}],"curies":[{"name":"wp","href":"https:\/\/api.w.org\/{rel}","templated":true}]}}