{"id":2264,"date":"2024-09-24T12:00:30","date_gmt":"2024-09-24T18:00:30","guid":{"rendered":"https:\/\/www.nexoinformativo.mx\/?p=2264"},"modified":"2024-09-24T13:06:19","modified_gmt":"2024-09-24T19:06:19","slug":"gobierno-de-queretaro-refuerza-seguridad-con-apoyo-de-la-atf","status":"publish","type":"post","link":"https:\/\/www.nexoinformativo.mx\/index.php\/2024\/09\/24\/gobierno-de-queretaro-refuerza-seguridad-con-apoyo-de-la-atf\/","title":{"rendered":"Gobierno de Quer\u00e9taro refuerza seguridad con apoyo de la ATF"},"content":{"rendered":"<p style=\"text-align: justify;\">El gobernador, Mauricio Kuri Gonz\u00e1lez, firm\u00f3 un convenio de colaboraci\u00f3n con la Agencia de Alcohol, Tabaco, Armas de Fuego y Explosivos<strong> (ATF)<\/strong> de Washington, con el objetivo de fortalecer las acciones de seguridad en el estado. Este acuerdo se centrar\u00e1 en la profesionalizaci\u00f3n, intercambio de buenas pr\u00e1cticas y prevenci\u00f3n de delitos relacionados con el tr\u00e1fico de armas y explosivos.<\/p>\n<p>&nbsp;<\/p>\n<p style=\"text-align: justify;\">Durante la firma, Kuri destac\u00f3 la importancia de la seguridad para Quer\u00e9taro, mencionando que, en un contexto complejo para el pa\u00eds, es vital contar con la mejor inteligencia y tecnolog\u00eda para proteger a la poblaci\u00f3n. <strong>&#8220;Cerca, juntos, adelante&#8221;<\/strong>, expres\u00f3 el mandatario, subrayando la relevancia de los v\u00ednculos internacionales en la estrategia de seguridad del estado.<\/p>\n<p>&nbsp;<\/p>\n<p style=\"text-align: justify;\">Entre los participantes en el convenio se encontraron figuras clave como Eric D. Fox, director de la Oficina de Asuntos Internacionales de la ATF, Stephen Galloway, agregado de la ATF en M\u00e9xico, y el titular de la Secretar\u00eda de Seguridad Ciudadana de Quer\u00e9taro, Iov\u00e1n El\u00edas P\u00e9rez.<\/p>\n<p>&nbsp;<\/p>\n<p style=\"text-align: justify;\">El convenio incluye la capacitaci\u00f3n por parte de la ATF al personal del Gobierno de Quer\u00e9taro, as\u00ed como el intercambio de buenas pr\u00e1cticas en la prevenci\u00f3n y combate al tr\u00e1fico il\u00edcito de armas y el uso de explosivos por delincuencia organizada. Buscando elevar los est\u00e1ndares de seguridad y continuar protegiendo a los ciudadanos de Quer\u00e9taro.<\/p>\n","protected":false},"excerpt":{"rendered":"<p>El gobernador, Mauricio Kuri Gonz\u00e1lez, firm\u00f3 un convenio de colaboraci\u00f3n con la Agencia de Alcohol, Tabaco, Armas de Fuego y Explosivos (ATF) de Washington, con el objetivo de fortalecer las acciones de seguridad en el estado.<\/p>\n","protected":false},"author":3,"featured_media":2265,"comment_status":"open","ping_status":"open","sticky":false,"template":"","format":"standard","meta":{"footnotes":""},"categories":[58],"tags":[873,478,242,266],"class_list":["post-2264","post","type-post","status-publish","format-standard","has-post-thumbnail","hentry","category-ultima-hora","tag-atfqueretaro","tag-colaboracioninternacional","tag-queretaroseguro","tag-seguridadqueretaro"],"yoast_head":"<!-- This site is optimized with the Yoast SEO plugin v25.0 - https:\/\/yoast.com\/wordpress\/plugins\/seo\/ -->\n<title>Gobierno de Quer\u00e9taro refuerza seguridad con apoyo de la ATF | Nexo Informativo Santiago de Quer\u00e9taro<\/title>\n<meta name=\"description\" content=\"Gobierno de Quer\u00e9taro refuerza seguridad con apoyo de la ATF\" \/>\n<meta name=\"robots\" content=\"index, follow, max-snippet:-1, max-image-preview:large, max-video-preview:-1\" \/>\n<link rel=\"canonical\" href=\"https:\/\/www.nexoinformativo.mx\/index.php\/2024\/09\/24\/gobierno-de-queretaro-refuerza-seguridad-con-apoyo-de-la-atf\/\" \/>\n<meta property=\"og:locale\" content=\"es_MX\" \/>\n<meta property=\"og:type\" content=\"article\" \/>\n<meta property=\"og:title\" content=\"Gobierno de Quer\u00e9taro refuerza seguridad con apoyo de la ATF | Nexo Informativo Santiago de Quer\u00e9taro\" \/>\n<meta property=\"og:description\" content=\"Gobierno de Quer\u00e9taro refuerza seguridad con apoyo de la ATF\" \/>\n<meta property=\"og:url\" content=\"https:\/\/www.nexoinformativo.mx\/index.php\/2024\/09\/24\/gobierno-de-queretaro-refuerza-seguridad-con-apoyo-de-la-atf\/\" \/>\n<meta property=\"og:site_name\" content=\"Nexo Informativo Santiago de Quer\u00e9taro\" \/>\n<meta property=\"article:publisher\" content=\"https:\/\/www.facebook.com\/people\/Nexo-Informativo\/61564066885511\/\" \/>\n<meta property=\"article:published_time\" content=\"2024-09-24T18:00:30+00:00\" \/>\n<meta property=\"article:modified_time\" content=\"2024-09-24T19:06:19+00:00\" \/>\n<meta property=\"og:image\" content=\"https:\/\/www.nexoinformativo.mx\/wp-content\/uploads\/2024\/09\/PHOTO-2024-09-24-12-14-53-2-e1727204553387.jpg\" \/>\n\t<meta property=\"og:image:width\" content=\"800\" \/>\n\t<meta property=\"og:image:height\" content=\"534\" \/>\n\t<meta property=\"og:image:type\" content=\"image\/jpeg\" \/>\n<meta name=\"author\" content=\"Nexo Informativo\" \/>\n<meta name=\"twitter:card\" content=\"summary_large_image\" \/>\n<meta name=\"twitter:label1\" content=\"Escrito por\" \/>\n\t<meta name=\"twitter:data1\" content=\"Nexo Informativo\" \/>\n\t<meta name=\"twitter:label2\" content=\"Tiempo de lectura\" \/>\n\t<meta name=\"twitter:data2\" content=\"2 minutos\" \/>\n<script type=\"application\/ld+json\" class=\"yoast-schema-graph\">{\"@context\":\"https:\/\/schema.org\",\"@graph\":[{\"@type\":\"Article\",\"@id\":\"https:\/\/www.nexoinformativo.mx\/index.php\/2024\/09\/24\/gobierno-de-queretaro-refuerza-seguridad-con-apoyo-de-la-atf\/#article\",\"isPartOf\":{\"@id\":\"https:\/\/www.nexoinformativo.mx\/index.php\/2024\/09\/24\/gobierno-de-queretaro-refuerza-seguridad-con-apoyo-de-la-atf\/\"},\"author\":{\"name\":\"Nexo Informativo\",\"@id\":\"https:\/\/www.nexoinformativo.mx\/#\/schema\/person\/7749d380ba08c8ca00d7bc76fd907b7d\"},\"headline\":\"Gobierno de Quer\u00e9taro refuerza seguridad con apoyo de la ATF\",\"datePublished\":\"2024-09-24T18:00:30+00:00\",\"dateModified\":\"2024-09-24T19:06:19+00:00\",\"mainEntityOfPage\":{\"@id\":\"https:\/\/www.nexoinformativo.mx\/index.php\/2024\/09\/24\/gobierno-de-queretaro-refuerza-seguridad-con-apoyo-de-la-atf\/\"},\"wordCount\":254,\"commentCount\":0,\"publisher\":{\"@id\":\"https:\/\/www.nexoinformativo.mx\/#organization\"},\"image\":{\"@id\":\"https:\/\/www.nexoinformativo.mx\/index.php\/2024\/09\/24\/gobierno-de-queretaro-refuerza-seguridad-con-apoyo-de-la-atf\/#primaryimage\"},\"thumbnailUrl\":\"https:\/\/www.nexoinformativo.mx\/wp-content\/uploads\/2024\/09\/PHOTO-2024-09-24-12-14-53-2-e1727204553387.jpg\",\"keywords\":[\"ATFQuer\u00e9taro\",\"Colaboraci\u00f3nInternacional\",\"QueretaroSeguro\",\"SeguridadQueretaro\"],\"articleSection\":[\"\u00daltima Hora\"],\"inLanguage\":\"es\",\"potentialAction\":[{\"@type\":\"CommentAction\",\"name\":\"Comment\",\"target\":[\"https:\/\/www.nexoinformativo.mx\/index.php\/2024\/09\/24\/gobierno-de-queretaro-refuerza-seguridad-con-apoyo-de-la-atf\/#respond\"]}]},{\"@type\":\"WebPage\",\"@id\":\"https:\/\/www.nexoinformativo.mx\/index.php\/2024\/09\/24\/gobierno-de-queretaro-refuerza-seguridad-con-apoyo-de-la-atf\/\",\"url\":\"https:\/\/www.nexoinformativo.mx\/index.php\/2024\/09\/24\/gobierno-de-queretaro-refuerza-seguridad-con-apoyo-de-la-atf\/\",\"name\":\"Gobierno de Quer\u00e9taro refuerza seguridad con apoyo de la ATF | Nexo Informativo Santiago de Quer\u00e9taro\",\"isPartOf\":{\"@id\":\"https:\/\/www.nexoinformativo.mx\/#website\"},\"primaryImageOfPage\":{\"@id\":\"https:\/\/www.nexoinformativo.mx\/index.php\/2024\/09\/24\/gobierno-de-queretaro-refuerza-seguridad-con-apoyo-de-la-atf\/#primaryimage\"},\"image\":{\"@id\":\"https:\/\/www.nexoinformativo.mx\/index.php\/2024\/09\/24\/gobierno-de-queretaro-refuerza-seguridad-con-apoyo-de-la-atf\/#primaryimage\"},\"thumbnailUrl\":\"https:\/\/www.nexoinformativo.mx\/wp-content\/uploads\/2024\/09\/PHOTO-2024-09-24-12-14-53-2-e1727204553387.jpg\",\"datePublished\":\"2024-09-24T18:00:30+00:00\",\"dateModified\":\"2024-09-24T19:06:19+00:00\",\"description\":\"Gobierno de Quer\u00e9taro refuerza seguridad con apoyo de la ATF\",\"breadcrumb\":{\"@id\":\"https:\/\/www.nexoinformativo.mx\/index.php\/2024\/09\/24\/gobierno-de-queretaro-refuerza-seguridad-con-apoyo-de-la-atf\/#breadcrumb\"},\"inLanguage\":\"es\",\"potentialAction\":[{\"@type\":\"ReadAction\",\"target\":[\"https:\/\/www.nexoinformativo.mx\/index.php\/2024\/09\/24\/gobierno-de-queretaro-refuerza-seguridad-con-apoyo-de-la-atf\/\"]}]},{\"@type\":\"ImageObject\",\"inLanguage\":\"es\",\"@id\":\"https:\/\/www.nexoinformativo.mx\/index.php\/2024\/09\/24\/gobierno-de-queretaro-refuerza-seguridad-con-apoyo-de-la-atf\/#primaryimage\",\"url\":\"https:\/\/www.nexoinformativo.mx\/wp-content\/uploads\/2024\/09\/PHOTO-2024-09-24-12-14-53-2-e1727204553387.jpg\",\"contentUrl\":\"https:\/\/www.nexoinformativo.mx\/wp-content\/uploads\/2024\/09\/PHOTO-2024-09-24-12-14-53-2-e1727204553387.jpg\",\"width\":800,\"height\":534},{\"@type\":\"BreadcrumbList\",\"@id\":\"https:\/\/www.nexoinformativo.mx\/index.php\/2024\/09\/24\/gobierno-de-queretaro-refuerza-seguridad-con-apoyo-de-la-atf\/#breadcrumb\",\"itemListElement\":[{\"@type\":\"ListItem\",\"position\":1,\"name\":\"Inicio\",\"item\":\"https:\/\/www.nexoinformativo.mx\/\"},{\"@type\":\"ListItem\",\"position\":2,\"name\":\"Gobierno de Quer\u00e9taro refuerza seguridad con apoyo de la ATF\"}]},{\"@type\":\"WebSite\",\"@id\":\"https:\/\/www.nexoinformativo.mx\/#website\",\"url\":\"https:\/\/www.nexoinformativo.mx\/\",\"name\":\"Nexo Informativo Santiago de Quer\u00e9taro\",\"description\":\"Explora NexoInformativo y convi\u00e9rtete en parte de una comunidad que valora el conocimiento y la verdad. Tu nexoinformativo es tu puente hacia una comprensi\u00f3n m\u00e1s profunda del mundo que te rodea.\",\"publisher\":{\"@id\":\"https:\/\/www.nexoinformativo.mx\/#organization\"},\"potentialAction\":[{\"@type\":\"SearchAction\",\"target\":{\"@type\":\"EntryPoint\",\"urlTemplate\":\"https:\/\/www.nexoinformativo.mx\/?s={search_term_string}\"},\"query-input\":{\"@type\":\"PropertyValueSpecification\",\"valueRequired\":true,\"valueName\":\"search_term_string\"}}],\"inLanguage\":\"es\"},{\"@type\":\"Organization\",\"@id\":\"https:\/\/www.nexoinformativo.mx\/#organization\",\"name\":\"Nexo Informativo Santiago de Quer\u00e9taro\",\"url\":\"https:\/\/www.nexoinformativo.mx\/\",\"logo\":{\"@type\":\"ImageObject\",\"inLanguage\":\"es\",\"@id\":\"https:\/\/www.nexoinformativo.mx\/#\/schema\/logo\/image\/\",\"url\":\"https:\/\/www.nexoinformativo.mx\/wp-content\/uploads\/2024\/07\/nexoi-trasparente-2.png\",\"contentUrl\":\"https:\/\/www.nexoinformativo.mx\/wp-content\/uploads\/2024\/07\/nexoi-trasparente-2.png\",\"width\":816,\"height\":339,\"caption\":\"Nexo Informativo Santiago de Quer\u00e9taro\"},\"image\":{\"@id\":\"https:\/\/www.nexoinformativo.mx\/#\/schema\/logo\/image\/\"},\"sameAs\":[\"https:\/\/www.facebook.com\/people\/Nexo-Informativo\/61564066885511\/\"]},{\"@type\":\"Person\",\"@id\":\"https:\/\/www.nexoinformativo.mx\/#\/schema\/person\/7749d380ba08c8ca00d7bc76fd907b7d\",\"name\":\"Nexo Informativo\",\"image\":{\"@type\":\"ImageObject\",\"inLanguage\":\"es\",\"@id\":\"https:\/\/www.nexoinformativo.mx\/#\/schema\/person\/image\/\",\"url\":\"https:\/\/secure.gravatar.com\/avatar\/dde2928154642a13d95f87ddf1ea9718fe2b46760a005c53e41ff5ad610704e6?s=96&d=mm&r=g\",\"contentUrl\":\"https:\/\/secure.gravatar.com\/avatar\/dde2928154642a13d95f87ddf1ea9718fe2b46760a005c53e41ff5ad610704e6?s=96&d=mm&r=g\",\"caption\":\"Nexo Informativo\"},\"url\":\"https:\/\/www.nexoinformativo.mx\/index.php\/author\/edicion\/\"}]}<\/script>\n<!-- \/ Yoast SEO plugin. -->","yoast_head_json":{"title":"Gobierno de Quer\u00e9taro refuerza seguridad con apoyo de la ATF | Nexo Informativo Santiago de Quer\u00e9taro","description":"Gobierno de Quer\u00e9taro refuerza seguridad con apoyo de la ATF","robots":{"index":"index","follow":"follow","max-snippet":"max-snippet:-1","max-image-preview":"max-image-preview:large","max-video-preview":"max-video-preview:-1"},"canonical":"https:\/\/www.nexoinformativo.mx\/index.php\/2024\/09\/24\/gobierno-de-queretaro-refuerza-seguridad-con-apoyo-de-la-atf\/","og_locale":"es_MX","og_type":"article","og_title":"Gobierno de Quer\u00e9taro refuerza seguridad con apoyo de la ATF | Nexo Informativo Santiago de Quer\u00e9taro","og_description":"Gobierno de Quer\u00e9taro refuerza seguridad con apoyo de la ATF","og_url":"https:\/\/www.nexoinformativo.mx\/index.php\/2024\/09\/24\/gobierno-de-queretaro-refuerza-seguridad-con-apoyo-de-la-atf\/","og_site_name":"Nexo Informativo Santiago de Quer\u00e9taro","article_publisher":"https:\/\/www.facebook.com\/people\/Nexo-Informativo\/61564066885511\/","article_published_time":"2024-09-24T18:00:30+00:00","article_modified_time":"2024-09-24T19:06:19+00:00","og_image":[{"width":800,"height":534,"url":"https:\/\/www.nexoinformativo.mx\/wp-content\/uploads\/2024\/09\/PHOTO-2024-09-24-12-14-53-2-e1727204553387.jpg","type":"image\/jpeg"}],"author":"Nexo Informativo","twitter_card":"summary_large_image","twitter_misc":{"Escrito por":"Nexo Informativo","Tiempo de lectura":"2 minutos"},"schema":{"@context":"https:\/\/schema.org","@graph":[{"@type":"Article","@id":"https:\/\/www.nexoinformativo.mx\/index.php\/2024\/09\/24\/gobierno-de-queretaro-refuerza-seguridad-con-apoyo-de-la-atf\/#article","isPartOf":{"@id":"https:\/\/www.nexoinformativo.mx\/index.php\/2024\/09\/24\/gobierno-de-queretaro-refuerza-seguridad-con-apoyo-de-la-atf\/"},"author":{"name":"Nexo Informativo","@id":"https:\/\/www.nexoinformativo.mx\/#\/schema\/person\/7749d380ba08c8ca00d7bc76fd907b7d"},"headline":"Gobierno de Quer\u00e9taro refuerza seguridad con apoyo de la ATF","datePublished":"2024-09-24T18:00:30+00:00","dateModified":"2024-09-24T19:06:19+00:00","mainEntityOfPage":{"@id":"https:\/\/www.nexoinformativo.mx\/index.php\/2024\/09\/24\/gobierno-de-queretaro-refuerza-seguridad-con-apoyo-de-la-atf\/"},"wordCount":254,"commentCount":0,"publisher":{"@id":"https:\/\/www.nexoinformativo.mx\/#organization"},"image":{"@id":"https:\/\/www.nexoinformativo.mx\/index.php\/2024\/09\/24\/gobierno-de-queretaro-refuerza-seguridad-con-apoyo-de-la-atf\/#primaryimage"},"thumbnailUrl":"https:\/\/www.nexoinformativo.mx\/wp-content\/uploads\/2024\/09\/PHOTO-2024-09-24-12-14-53-2-e1727204553387.jpg","keywords":["ATFQuer\u00e9taro","Colaboraci\u00f3nInternacional","QueretaroSeguro","SeguridadQueretaro"],"articleSection":["\u00daltima Hora"],"inLanguage":"es","potentialAction":[{"@type":"CommentAction","name":"Comment","target":["https:\/\/www.nexoinformativo.mx\/index.php\/2024\/09\/24\/gobierno-de-queretaro-refuerza-seguridad-con-apoyo-de-la-atf\/#respond"]}]},{"@type":"WebPage","@id":"https:\/\/www.nexoinformativo.mx\/index.php\/2024\/09\/24\/gobierno-de-queretaro-refuerza-seguridad-con-apoyo-de-la-atf\/","url":"https:\/\/www.nexoinformativo.mx\/index.php\/2024\/09\/24\/gobierno-de-queretaro-refuerza-seguridad-con-apoyo-de-la-atf\/","name":"Gobierno de Quer\u00e9taro refuerza seguridad con apoyo de la ATF | Nexo Informativo Santiago de Quer\u00e9taro","isPartOf":{"@id":"https:\/\/www.nexoinformativo.mx\/#website"},"primaryImageOfPage":{"@id":"https:\/\/www.nexoinformativo.mx\/index.php\/2024\/09\/24\/gobierno-de-queretaro-refuerza-seguridad-con-apoyo-de-la-atf\/#primaryimage"},"image":{"@id":"https:\/\/www.nexoinformativo.mx\/index.php\/2024\/09\/24\/gobierno-de-queretaro-refuerza-seguridad-con-apoyo-de-la-atf\/#primaryimage"},"thumbnailUrl":"https:\/\/www.nexoinformativo.mx\/wp-content\/uploads\/2024\/09\/PHOTO-2024-09-24-12-14-53-2-e1727204553387.jpg","datePublished":"2024-09-24T18:00:30+00:00","dateModified":"2024-09-24T19:06:19+00:00","description":"Gobierno de Quer\u00e9taro refuerza seguridad con apoyo de la ATF","breadcrumb":{"@id":"https:\/\/www.nexoinformativo.mx\/index.php\/2024\/09\/24\/gobierno-de-queretaro-refuerza-seguridad-con-apoyo-de-la-atf\/#breadcrumb"},"inLanguage":"es","potentialAction":[{"@type":"ReadAction","target":["https:\/\/www.nexoinformativo.mx\/index.php\/2024\/09\/24\/gobierno-de-queretaro-refuerza-seguridad-con-apoyo-de-la-atf\/"]}]},{"@type":"ImageObject","inLanguage":"es","@id":"https:\/\/www.nexoinformativo.mx\/index.php\/2024\/09\/24\/gobierno-de-queretaro-refuerza-seguridad-con-apoyo-de-la-atf\/#primaryimage","url":"https:\/\/www.nexoinformativo.mx\/wp-content\/uploads\/2024\/09\/PHOTO-2024-09-24-12-14-53-2-e1727204553387.jpg","contentUrl":"https:\/\/www.nexoinformativo.mx\/wp-content\/uploads\/2024\/09\/PHOTO-2024-09-24-12-14-53-2-e1727204553387.jpg","width":800,"height":534},{"@type":"BreadcrumbList","@id":"https:\/\/www.nexoinformativo.mx\/index.php\/2024\/09\/24\/gobierno-de-queretaro-refuerza-seguridad-con-apoyo-de-la-atf\/#breadcrumb","itemListElement":[{"@type":"ListItem","position":1,"name":"Inicio","item":"https:\/\/www.nexoinformativo.mx\/"},{"@type":"ListItem","position":2,"name":"Gobierno de Quer\u00e9taro refuerza seguridad con apoyo de la ATF"}]},{"@type":"WebSite","@id":"https:\/\/www.nexoinformativo.mx\/#website","url":"https:\/\/www.nexoinformativo.mx\/","name":"Nexo Informativo Santiago de Quer\u00e9taro","description":"Explora NexoInformativo y convi\u00e9rtete en parte de una comunidad que valora el conocimiento y la verdad. Tu nexoinformativo es tu puente hacia una comprensi\u00f3n m\u00e1s profunda del mundo que te rodea.","publisher":{"@id":"https:\/\/www.nexoinformativo.mx\/#organization"},"potentialAction":[{"@type":"SearchAction","target":{"@type":"EntryPoint","urlTemplate":"https:\/\/www.nexoinformativo.mx\/?s={search_term_string}"},"query-input":{"@type":"PropertyValueSpecification","valueRequired":true,"valueName":"search_term_string"}}],"inLanguage":"es"},{"@type":"Organization","@id":"https:\/\/www.nexoinformativo.mx\/#organization","name":"Nexo Informativo Santiago de Quer\u00e9taro","url":"https:\/\/www.nexoinformativo.mx\/","logo":{"@type":"ImageObject","inLanguage":"es","@id":"https:\/\/www.nexoinformativo.mx\/#\/schema\/logo\/image\/","url":"https:\/\/www.nexoinformativo.mx\/wp-content\/uploads\/2024\/07\/nexoi-trasparente-2.png","contentUrl":"https:\/\/www.nexoinformativo.mx\/wp-content\/uploads\/2024\/07\/nexoi-trasparente-2.png","width":816,"height":339,"caption":"Nexo Informativo Santiago de Quer\u00e9taro"},"image":{"@id":"https:\/\/www.nexoinformativo.mx\/#\/schema\/logo\/image\/"},"sameAs":["https:\/\/www.facebook.com\/people\/Nexo-Informativo\/61564066885511\/"]},{"@type":"Person","@id":"https:\/\/www.nexoinformativo.mx\/#\/schema\/person\/7749d380ba08c8ca00d7bc76fd907b7d","name":"Nexo Informativo","image":{"@type":"ImageObject","inLanguage":"es","@id":"https:\/\/www.nexoinformativo.mx\/#\/schema\/person\/image\/","url":"https:\/\/secure.gravatar.com\/avatar\/dde2928154642a13d95f87ddf1ea9718fe2b46760a005c53e41ff5ad610704e6?s=96&d=mm&r=g","contentUrl":"https:\/\/secure.gravatar.com\/avatar\/dde2928154642a13d95f87ddf1ea9718fe2b46760a005c53e41ff5ad610704e6?s=96&d=mm&r=g","caption":"Nexo Informativo"},"url":"https:\/\/www.nexoinformativo.mx\/index.php\/author\/edicion\/"}]}},"_links":{"self":[{"href":"https:\/\/www.nexoinformativo.mx\/index.php\/wp-json\/wp\/v2\/posts\/2264","targetHints":{"allow":["GET"]}}],"collection":[{"href":"https:\/\/www.nexoinformativo.mx\/index.php\/wp-json\/wp\/v2\/posts"}],"about":[{"href":"https:\/\/www.nexoinformativo.mx\/index.php\/wp-json\/wp\/v2\/types\/post"}],"author":[{"embeddable":true,"href":"https:\/\/www.nexoinformativo.mx\/index.php\/wp-json\/wp\/v2\/users\/3"}],"replies":[{"embeddable":true,"href":"https:\/\/www.nexoinformativo.mx\/index.php\/wp-json\/wp\/v2\/comments?post=2264"}],"version-history":[{"count":3,"href":"https:\/\/www.nexoinformativo.mx\/index.php\/wp-json\/wp\/v2\/posts\/2264\/revisions"}],"predecessor-version":[{"id":2269,"href":"https:\/\/www.nexoinformativo.mx\/index.php\/wp-json\/wp\/v2\/posts\/2264\/revisions\/2269"}],"wp:featuredmedia":[{"embeddable":true,"href":"https:\/\/www.nexoinformativo.mx\/index.php\/wp-json\/wp\/v2\/media\/2265"}],"wp:attachment":[{"href":"https:\/\/www.nexoinformativo.mx\/index.php\/wp-json\/wp\/v2\/media?parent=2264"}],"wp:term":[{"taxonomy":"category","embeddable":true,"href":"https:\/\/www.nexoinformativo.mx\/index.php\/wp-json\/wp\/v2\/categories?post=2264"},{"taxonomy":"post_tag","embeddable":true,"href":"https:\/\/www.nexoinformativo.mx\/index.php\/wp-json\/wp\/v2\/tags?post=2264"}],"curies":[{"name":"wp","href":"https:\/\/api.w.org\/{rel}","templated":true}]}}