{"id":2270,"date":"2024-09-24T17:00:23","date_gmt":"2024-09-24T23:00:23","guid":{"rendered":"https:\/\/www.nexoinformativo.mx\/?p=2270"},"modified":"2024-09-24T18:49:51","modified_gmt":"2024-09-25T00:49:51","slug":"detienen-a-tres-personas-tras-agresion-a-oficial-y-danos-a-patrulla-en-queretaro","status":"publish","type":"post","link":"https:\/\/www.nexoinformativo.mx\/index.php\/2024\/09\/24\/detienen-a-tres-personas-tras-agresion-a-oficial-y-danos-a-patrulla-en-queretaro\/","title":{"rendered":"Detienen a tres personas tras agresi\u00f3n a oficial y da\u00f1os a patrulla en Quer\u00e9taro"},"content":{"rendered":"<p style=\"text-align: justify;\">En una aparente confrontaci\u00f3n en la plaza La Victoria, tres personas agredieron a un oficial de la Guardia Municipal y causaron da\u00f1os a una patrulla. El incidente ocurri\u00f3 cuando la polic\u00eda fue alertada sobre el comportamiento violento de estas personas en la zona comercial. Ciclo-polic\u00edas llegaron al lugar para intentar detener a los agresores, quienes respondieron de forma violenta, lesionando a uno de los oficiales en la cabeza.<\/p>\n<p>&nbsp;<\/p>\n<p style=\"text-align: justify;\">Adem\u00e1s de la agresi\u00f3n, los detenidos tambi\u00e9n causaron da\u00f1os a una de las patrullas presentes. Ante la situaci\u00f3n, los elementos de seguridad p\u00fablica utilizaron la fuerza legalmente permitida para someter a los tres individuos: un hombre, una mujer y una tercera persona cuya identidad a\u00fan no ha sido revelada.<\/p>\n<p>&nbsp;<\/p>\n<p style=\"text-align: justify;\">Param\u00e9dicos del CRUM atendieron tanto al oficial lesionado como a los detenidos, quienes presentaron golpes menores. Finalmente, los tres responsables fueron trasladados a la Fiscal\u00eda General del Estado <strong>(FGE)<\/strong> para determinar su situaci\u00f3n legal y continuar las investigaciones.<\/p>\n","protected":false},"excerpt":{"rendered":"<p>En una aparente confrontaci\u00f3n en la plaza La Victoria, tres personas agredieron a un oficial de la Guardia Municipal y causaron da\u00f1os a una patrulla.<\/p>\n","protected":false},"author":3,"featured_media":2271,"comment_status":"open","ping_status":"open","sticky":false,"template":"","format":"standard","meta":{"footnotes":""},"categories":[58],"tags":[874,243,875,266],"class_list":["post-2270","post","type-post","status-publish","format-standard","has-post-thumbnail","hentry","category-ultima-hora","tag-guardiamunicipal","tag-justiciaqueretaro","tag-prevenciondeldelito","tag-seguridadqueretaro"],"yoast_head":"<!-- This site is optimized with the Yoast SEO plugin v25.0 - https:\/\/yoast.com\/wordpress\/plugins\/seo\/ -->\n<title>Detienen a tres personas tras agresi\u00f3n a oficial y da\u00f1os a patrulla en Quer\u00e9taro | Nexo Informativo Santiago de Quer\u00e9taro<\/title>\n<meta name=\"description\" content=\"Detienen a tres personas tras agresi\u00f3n a oficial y da\u00f1os a patrulla en Quer\u00e9taro\" \/>\n<meta name=\"robots\" content=\"index, follow, max-snippet:-1, max-image-preview:large, max-video-preview:-1\" \/>\n<link rel=\"canonical\" href=\"https:\/\/www.nexoinformativo.mx\/index.php\/2024\/09\/24\/detienen-a-tres-personas-tras-agresion-a-oficial-y-danos-a-patrulla-en-queretaro\/\" \/>\n<meta property=\"og:locale\" content=\"es_MX\" \/>\n<meta property=\"og:type\" content=\"article\" \/>\n<meta property=\"og:title\" content=\"Detienen a tres personas tras agresi\u00f3n a oficial y da\u00f1os a patrulla en Quer\u00e9taro | Nexo Informativo Santiago de Quer\u00e9taro\" \/>\n<meta property=\"og:description\" content=\"Detienen a tres personas tras agresi\u00f3n a oficial y da\u00f1os a patrulla en Quer\u00e9taro\" \/>\n<meta property=\"og:url\" content=\"https:\/\/www.nexoinformativo.mx\/index.php\/2024\/09\/24\/detienen-a-tres-personas-tras-agresion-a-oficial-y-danos-a-patrulla-en-queretaro\/\" \/>\n<meta property=\"og:site_name\" content=\"Nexo Informativo Santiago de Quer\u00e9taro\" \/>\n<meta property=\"article:publisher\" content=\"https:\/\/www.facebook.com\/people\/Nexo-Informativo\/61564066885511\/\" \/>\n<meta property=\"article:published_time\" content=\"2024-09-24T23:00:23+00:00\" \/>\n<meta property=\"article:modified_time\" content=\"2024-09-25T00:49:51+00:00\" \/>\n<meta property=\"og:image\" content=\"https:\/\/www.nexoinformativo.mx\/wp-content\/uploads\/2024\/09\/PHOTO-2024-09-24-17-38-43-2-scaled-e1727225019511.jpg\" \/>\n\t<meta property=\"og:image:width\" content=\"800\" \/>\n\t<meta property=\"og:image:height\" content=\"600\" \/>\n\t<meta property=\"og:image:type\" content=\"image\/jpeg\" \/>\n<meta name=\"author\" content=\"Nexo Informativo\" \/>\n<meta name=\"twitter:card\" content=\"summary_large_image\" \/>\n<meta name=\"twitter:label1\" content=\"Escrito por\" \/>\n\t<meta name=\"twitter:data1\" content=\"Nexo Informativo\" \/>\n\t<meta name=\"twitter:label2\" content=\"Tiempo de lectura\" \/>\n\t<meta name=\"twitter:data2\" content=\"1 minuto\" \/>\n<script type=\"application\/ld+json\" class=\"yoast-schema-graph\">{\"@context\":\"https:\/\/schema.org\",\"@graph\":[{\"@type\":\"Article\",\"@id\":\"https:\/\/www.nexoinformativo.mx\/index.php\/2024\/09\/24\/detienen-a-tres-personas-tras-agresion-a-oficial-y-danos-a-patrulla-en-queretaro\/#article\",\"isPartOf\":{\"@id\":\"https:\/\/www.nexoinformativo.mx\/index.php\/2024\/09\/24\/detienen-a-tres-personas-tras-agresion-a-oficial-y-danos-a-patrulla-en-queretaro\/\"},\"author\":{\"name\":\"Nexo Informativo\",\"@id\":\"https:\/\/www.nexoinformativo.mx\/#\/schema\/person\/7749d380ba08c8ca00d7bc76fd907b7d\"},\"headline\":\"Detienen a tres personas tras agresi\u00f3n a oficial y da\u00f1os a patrulla en Quer\u00e9taro\",\"datePublished\":\"2024-09-24T23:00:23+00:00\",\"dateModified\":\"2024-09-25T00:49:51+00:00\",\"mainEntityOfPage\":{\"@id\":\"https:\/\/www.nexoinformativo.mx\/index.php\/2024\/09\/24\/detienen-a-tres-personas-tras-agresion-a-oficial-y-danos-a-patrulla-en-queretaro\/\"},\"wordCount\":188,\"commentCount\":0,\"publisher\":{\"@id\":\"https:\/\/www.nexoinformativo.mx\/#organization\"},\"image\":{\"@id\":\"https:\/\/www.nexoinformativo.mx\/index.php\/2024\/09\/24\/detienen-a-tres-personas-tras-agresion-a-oficial-y-danos-a-patrulla-en-queretaro\/#primaryimage\"},\"thumbnailUrl\":\"https:\/\/www.nexoinformativo.mx\/wp-content\/uploads\/2024\/09\/PHOTO-2024-09-24-17-38-43-2-scaled-e1727225019511.jpg\",\"keywords\":[\"GuardiaMunicipal\",\"JusticiaQueretaro\",\"Prevenci\u00f3nDelDelito\",\"SeguridadQueretaro\"],\"articleSection\":[\"\u00daltima Hora\"],\"inLanguage\":\"es\",\"potentialAction\":[{\"@type\":\"CommentAction\",\"name\":\"Comment\",\"target\":[\"https:\/\/www.nexoinformativo.mx\/index.php\/2024\/09\/24\/detienen-a-tres-personas-tras-agresion-a-oficial-y-danos-a-patrulla-en-queretaro\/#respond\"]}]},{\"@type\":\"WebPage\",\"@id\":\"https:\/\/www.nexoinformativo.mx\/index.php\/2024\/09\/24\/detienen-a-tres-personas-tras-agresion-a-oficial-y-danos-a-patrulla-en-queretaro\/\",\"url\":\"https:\/\/www.nexoinformativo.mx\/index.php\/2024\/09\/24\/detienen-a-tres-personas-tras-agresion-a-oficial-y-danos-a-patrulla-en-queretaro\/\",\"name\":\"Detienen a tres personas tras agresi\u00f3n a oficial y da\u00f1os a patrulla en Quer\u00e9taro | Nexo Informativo Santiago de Quer\u00e9taro\",\"isPartOf\":{\"@id\":\"https:\/\/www.nexoinformativo.mx\/#website\"},\"primaryImageOfPage\":{\"@id\":\"https:\/\/www.nexoinformativo.mx\/index.php\/2024\/09\/24\/detienen-a-tres-personas-tras-agresion-a-oficial-y-danos-a-patrulla-en-queretaro\/#primaryimage\"},\"image\":{\"@id\":\"https:\/\/www.nexoinformativo.mx\/index.php\/2024\/09\/24\/detienen-a-tres-personas-tras-agresion-a-oficial-y-danos-a-patrulla-en-queretaro\/#primaryimage\"},\"thumbnailUrl\":\"https:\/\/www.nexoinformativo.mx\/wp-content\/uploads\/2024\/09\/PHOTO-2024-09-24-17-38-43-2-scaled-e1727225019511.jpg\",\"datePublished\":\"2024-09-24T23:00:23+00:00\",\"dateModified\":\"2024-09-25T00:49:51+00:00\",\"description\":\"Detienen a tres personas tras agresi\u00f3n a oficial y da\u00f1os a patrulla en Quer\u00e9taro\",\"breadcrumb\":{\"@id\":\"https:\/\/www.nexoinformativo.mx\/index.php\/2024\/09\/24\/detienen-a-tres-personas-tras-agresion-a-oficial-y-danos-a-patrulla-en-queretaro\/#breadcrumb\"},\"inLanguage\":\"es\",\"potentialAction\":[{\"@type\":\"ReadAction\",\"target\":[\"https:\/\/www.nexoinformativo.mx\/index.php\/2024\/09\/24\/detienen-a-tres-personas-tras-agresion-a-oficial-y-danos-a-patrulla-en-queretaro\/\"]}]},{\"@type\":\"ImageObject\",\"inLanguage\":\"es\",\"@id\":\"https:\/\/www.nexoinformativo.mx\/index.php\/2024\/09\/24\/detienen-a-tres-personas-tras-agresion-a-oficial-y-danos-a-patrulla-en-queretaro\/#primaryimage\",\"url\":\"https:\/\/www.nexoinformativo.mx\/wp-content\/uploads\/2024\/09\/PHOTO-2024-09-24-17-38-43-2-scaled-e1727225019511.jpg\",\"contentUrl\":\"https:\/\/www.nexoinformativo.mx\/wp-content\/uploads\/2024\/09\/PHOTO-2024-09-24-17-38-43-2-scaled-e1727225019511.jpg\",\"width\":800,\"height\":600},{\"@type\":\"BreadcrumbList\",\"@id\":\"https:\/\/www.nexoinformativo.mx\/index.php\/2024\/09\/24\/detienen-a-tres-personas-tras-agresion-a-oficial-y-danos-a-patrulla-en-queretaro\/#breadcrumb\",\"itemListElement\":[{\"@type\":\"ListItem\",\"position\":1,\"name\":\"Inicio\",\"item\":\"https:\/\/www.nexoinformativo.mx\/\"},{\"@type\":\"ListItem\",\"position\":2,\"name\":\"Detienen a tres personas tras agresi\u00f3n a oficial y da\u00f1os a patrulla en Quer\u00e9taro\"}]},{\"@type\":\"WebSite\",\"@id\":\"https:\/\/www.nexoinformativo.mx\/#website\",\"url\":\"https:\/\/www.nexoinformativo.mx\/\",\"name\":\"Nexo Informativo Santiago de Quer\u00e9taro\",\"description\":\"Explora NexoInformativo y convi\u00e9rtete en parte de una comunidad que valora el conocimiento y la verdad. Tu nexoinformativo es tu puente hacia una comprensi\u00f3n m\u00e1s profunda del mundo que te rodea.\",\"publisher\":{\"@id\":\"https:\/\/www.nexoinformativo.mx\/#organization\"},\"potentialAction\":[{\"@type\":\"SearchAction\",\"target\":{\"@type\":\"EntryPoint\",\"urlTemplate\":\"https:\/\/www.nexoinformativo.mx\/?s={search_term_string}\"},\"query-input\":{\"@type\":\"PropertyValueSpecification\",\"valueRequired\":true,\"valueName\":\"search_term_string\"}}],\"inLanguage\":\"es\"},{\"@type\":\"Organization\",\"@id\":\"https:\/\/www.nexoinformativo.mx\/#organization\",\"name\":\"Nexo Informativo Santiago de Quer\u00e9taro\",\"url\":\"https:\/\/www.nexoinformativo.mx\/\",\"logo\":{\"@type\":\"ImageObject\",\"inLanguage\":\"es\",\"@id\":\"https:\/\/www.nexoinformativo.mx\/#\/schema\/logo\/image\/\",\"url\":\"https:\/\/www.nexoinformativo.mx\/wp-content\/uploads\/2024\/07\/nexoi-trasparente-2.png\",\"contentUrl\":\"https:\/\/www.nexoinformativo.mx\/wp-content\/uploads\/2024\/07\/nexoi-trasparente-2.png\",\"width\":816,\"height\":339,\"caption\":\"Nexo Informativo Santiago de Quer\u00e9taro\"},\"image\":{\"@id\":\"https:\/\/www.nexoinformativo.mx\/#\/schema\/logo\/image\/\"},\"sameAs\":[\"https:\/\/www.facebook.com\/people\/Nexo-Informativo\/61564066885511\/\"]},{\"@type\":\"Person\",\"@id\":\"https:\/\/www.nexoinformativo.mx\/#\/schema\/person\/7749d380ba08c8ca00d7bc76fd907b7d\",\"name\":\"Nexo Informativo\",\"image\":{\"@type\":\"ImageObject\",\"inLanguage\":\"es\",\"@id\":\"https:\/\/www.nexoinformativo.mx\/#\/schema\/person\/image\/\",\"url\":\"https:\/\/secure.gravatar.com\/avatar\/dde2928154642a13d95f87ddf1ea9718fe2b46760a005c53e41ff5ad610704e6?s=96&d=mm&r=g\",\"contentUrl\":\"https:\/\/secure.gravatar.com\/avatar\/dde2928154642a13d95f87ddf1ea9718fe2b46760a005c53e41ff5ad610704e6?s=96&d=mm&r=g\",\"caption\":\"Nexo Informativo\"},\"url\":\"https:\/\/www.nexoinformativo.mx\/index.php\/author\/edicion\/\"}]}<\/script>\n<!-- \/ Yoast SEO plugin. -->","yoast_head_json":{"title":"Detienen a tres personas tras agresi\u00f3n a oficial y da\u00f1os a patrulla en Quer\u00e9taro | Nexo Informativo Santiago de Quer\u00e9taro","description":"Detienen a tres personas tras agresi\u00f3n a oficial y da\u00f1os a patrulla en Quer\u00e9taro","robots":{"index":"index","follow":"follow","max-snippet":"max-snippet:-1","max-image-preview":"max-image-preview:large","max-video-preview":"max-video-preview:-1"},"canonical":"https:\/\/www.nexoinformativo.mx\/index.php\/2024\/09\/24\/detienen-a-tres-personas-tras-agresion-a-oficial-y-danos-a-patrulla-en-queretaro\/","og_locale":"es_MX","og_type":"article","og_title":"Detienen a tres personas tras agresi\u00f3n a oficial y da\u00f1os a patrulla en Quer\u00e9taro | Nexo Informativo Santiago de Quer\u00e9taro","og_description":"Detienen a tres personas tras agresi\u00f3n a oficial y da\u00f1os a patrulla en Quer\u00e9taro","og_url":"https:\/\/www.nexoinformativo.mx\/index.php\/2024\/09\/24\/detienen-a-tres-personas-tras-agresion-a-oficial-y-danos-a-patrulla-en-queretaro\/","og_site_name":"Nexo Informativo Santiago de Quer\u00e9taro","article_publisher":"https:\/\/www.facebook.com\/people\/Nexo-Informativo\/61564066885511\/","article_published_time":"2024-09-24T23:00:23+00:00","article_modified_time":"2024-09-25T00:49:51+00:00","og_image":[{"width":800,"height":600,"url":"https:\/\/www.nexoinformativo.mx\/wp-content\/uploads\/2024\/09\/PHOTO-2024-09-24-17-38-43-2-scaled-e1727225019511.jpg","type":"image\/jpeg"}],"author":"Nexo Informativo","twitter_card":"summary_large_image","twitter_misc":{"Escrito por":"Nexo Informativo","Tiempo de lectura":"1 minuto"},"schema":{"@context":"https:\/\/schema.org","@graph":[{"@type":"Article","@id":"https:\/\/www.nexoinformativo.mx\/index.php\/2024\/09\/24\/detienen-a-tres-personas-tras-agresion-a-oficial-y-danos-a-patrulla-en-queretaro\/#article","isPartOf":{"@id":"https:\/\/www.nexoinformativo.mx\/index.php\/2024\/09\/24\/detienen-a-tres-personas-tras-agresion-a-oficial-y-danos-a-patrulla-en-queretaro\/"},"author":{"name":"Nexo Informativo","@id":"https:\/\/www.nexoinformativo.mx\/#\/schema\/person\/7749d380ba08c8ca00d7bc76fd907b7d"},"headline":"Detienen a tres personas tras agresi\u00f3n a oficial y da\u00f1os a patrulla en Quer\u00e9taro","datePublished":"2024-09-24T23:00:23+00:00","dateModified":"2024-09-25T00:49:51+00:00","mainEntityOfPage":{"@id":"https:\/\/www.nexoinformativo.mx\/index.php\/2024\/09\/24\/detienen-a-tres-personas-tras-agresion-a-oficial-y-danos-a-patrulla-en-queretaro\/"},"wordCount":188,"commentCount":0,"publisher":{"@id":"https:\/\/www.nexoinformativo.mx\/#organization"},"image":{"@id":"https:\/\/www.nexoinformativo.mx\/index.php\/2024\/09\/24\/detienen-a-tres-personas-tras-agresion-a-oficial-y-danos-a-patrulla-en-queretaro\/#primaryimage"},"thumbnailUrl":"https:\/\/www.nexoinformativo.mx\/wp-content\/uploads\/2024\/09\/PHOTO-2024-09-24-17-38-43-2-scaled-e1727225019511.jpg","keywords":["GuardiaMunicipal","JusticiaQueretaro","Prevenci\u00f3nDelDelito","SeguridadQueretaro"],"articleSection":["\u00daltima Hora"],"inLanguage":"es","potentialAction":[{"@type":"CommentAction","name":"Comment","target":["https:\/\/www.nexoinformativo.mx\/index.php\/2024\/09\/24\/detienen-a-tres-personas-tras-agresion-a-oficial-y-danos-a-patrulla-en-queretaro\/#respond"]}]},{"@type":"WebPage","@id":"https:\/\/www.nexoinformativo.mx\/index.php\/2024\/09\/24\/detienen-a-tres-personas-tras-agresion-a-oficial-y-danos-a-patrulla-en-queretaro\/","url":"https:\/\/www.nexoinformativo.mx\/index.php\/2024\/09\/24\/detienen-a-tres-personas-tras-agresion-a-oficial-y-danos-a-patrulla-en-queretaro\/","name":"Detienen a tres personas tras agresi\u00f3n a oficial y da\u00f1os a patrulla en Quer\u00e9taro | Nexo Informativo Santiago de Quer\u00e9taro","isPartOf":{"@id":"https:\/\/www.nexoinformativo.mx\/#website"},"primaryImageOfPage":{"@id":"https:\/\/www.nexoinformativo.mx\/index.php\/2024\/09\/24\/detienen-a-tres-personas-tras-agresion-a-oficial-y-danos-a-patrulla-en-queretaro\/#primaryimage"},"image":{"@id":"https:\/\/www.nexoinformativo.mx\/index.php\/2024\/09\/24\/detienen-a-tres-personas-tras-agresion-a-oficial-y-danos-a-patrulla-en-queretaro\/#primaryimage"},"thumbnailUrl":"https:\/\/www.nexoinformativo.mx\/wp-content\/uploads\/2024\/09\/PHOTO-2024-09-24-17-38-43-2-scaled-e1727225019511.jpg","datePublished":"2024-09-24T23:00:23+00:00","dateModified":"2024-09-25T00:49:51+00:00","description":"Detienen a tres personas tras agresi\u00f3n a oficial y da\u00f1os a patrulla en Quer\u00e9taro","breadcrumb":{"@id":"https:\/\/www.nexoinformativo.mx\/index.php\/2024\/09\/24\/detienen-a-tres-personas-tras-agresion-a-oficial-y-danos-a-patrulla-en-queretaro\/#breadcrumb"},"inLanguage":"es","potentialAction":[{"@type":"ReadAction","target":["https:\/\/www.nexoinformativo.mx\/index.php\/2024\/09\/24\/detienen-a-tres-personas-tras-agresion-a-oficial-y-danos-a-patrulla-en-queretaro\/"]}]},{"@type":"ImageObject","inLanguage":"es","@id":"https:\/\/www.nexoinformativo.mx\/index.php\/2024\/09\/24\/detienen-a-tres-personas-tras-agresion-a-oficial-y-danos-a-patrulla-en-queretaro\/#primaryimage","url":"https:\/\/www.nexoinformativo.mx\/wp-content\/uploads\/2024\/09\/PHOTO-2024-09-24-17-38-43-2-scaled-e1727225019511.jpg","contentUrl":"https:\/\/www.nexoinformativo.mx\/wp-content\/uploads\/2024\/09\/PHOTO-2024-09-24-17-38-43-2-scaled-e1727225019511.jpg","width":800,"height":600},{"@type":"BreadcrumbList","@id":"https:\/\/www.nexoinformativo.mx\/index.php\/2024\/09\/24\/detienen-a-tres-personas-tras-agresion-a-oficial-y-danos-a-patrulla-en-queretaro\/#breadcrumb","itemListElement":[{"@type":"ListItem","position":1,"name":"Inicio","item":"https:\/\/www.nexoinformativo.mx\/"},{"@type":"ListItem","position":2,"name":"Detienen a tres personas tras agresi\u00f3n a oficial y da\u00f1os a patrulla en Quer\u00e9taro"}]},{"@type":"WebSite","@id":"https:\/\/www.nexoinformativo.mx\/#website","url":"https:\/\/www.nexoinformativo.mx\/","name":"Nexo Informativo Santiago de Quer\u00e9taro","description":"Explora NexoInformativo y convi\u00e9rtete en parte de una comunidad que valora el conocimiento y la verdad. Tu nexoinformativo es tu puente hacia una comprensi\u00f3n m\u00e1s profunda del mundo que te rodea.","publisher":{"@id":"https:\/\/www.nexoinformativo.mx\/#organization"},"potentialAction":[{"@type":"SearchAction","target":{"@type":"EntryPoint","urlTemplate":"https:\/\/www.nexoinformativo.mx\/?s={search_term_string}"},"query-input":{"@type":"PropertyValueSpecification","valueRequired":true,"valueName":"search_term_string"}}],"inLanguage":"es"},{"@type":"Organization","@id":"https:\/\/www.nexoinformativo.mx\/#organization","name":"Nexo Informativo Santiago de Quer\u00e9taro","url":"https:\/\/www.nexoinformativo.mx\/","logo":{"@type":"ImageObject","inLanguage":"es","@id":"https:\/\/www.nexoinformativo.mx\/#\/schema\/logo\/image\/","url":"https:\/\/www.nexoinformativo.mx\/wp-content\/uploads\/2024\/07\/nexoi-trasparente-2.png","contentUrl":"https:\/\/www.nexoinformativo.mx\/wp-content\/uploads\/2024\/07\/nexoi-trasparente-2.png","width":816,"height":339,"caption":"Nexo Informativo Santiago de Quer\u00e9taro"},"image":{"@id":"https:\/\/www.nexoinformativo.mx\/#\/schema\/logo\/image\/"},"sameAs":["https:\/\/www.facebook.com\/people\/Nexo-Informativo\/61564066885511\/"]},{"@type":"Person","@id":"https:\/\/www.nexoinformativo.mx\/#\/schema\/person\/7749d380ba08c8ca00d7bc76fd907b7d","name":"Nexo Informativo","image":{"@type":"ImageObject","inLanguage":"es","@id":"https:\/\/www.nexoinformativo.mx\/#\/schema\/person\/image\/","url":"https:\/\/secure.gravatar.com\/avatar\/dde2928154642a13d95f87ddf1ea9718fe2b46760a005c53e41ff5ad610704e6?s=96&d=mm&r=g","contentUrl":"https:\/\/secure.gravatar.com\/avatar\/dde2928154642a13d95f87ddf1ea9718fe2b46760a005c53e41ff5ad610704e6?s=96&d=mm&r=g","caption":"Nexo Informativo"},"url":"https:\/\/www.nexoinformativo.mx\/index.php\/author\/edicion\/"}]}},"_links":{"self":[{"href":"https:\/\/www.nexoinformativo.mx\/index.php\/wp-json\/wp\/v2\/posts\/2270","targetHints":{"allow":["GET"]}}],"collection":[{"href":"https:\/\/www.nexoinformativo.mx\/index.php\/wp-json\/wp\/v2\/posts"}],"about":[{"href":"https:\/\/www.nexoinformativo.mx\/index.php\/wp-json\/wp\/v2\/types\/post"}],"author":[{"embeddable":true,"href":"https:\/\/www.nexoinformativo.mx\/index.php\/wp-json\/wp\/v2\/users\/3"}],"replies":[{"embeddable":true,"href":"https:\/\/www.nexoinformativo.mx\/index.php\/wp-json\/wp\/v2\/comments?post=2270"}],"version-history":[{"count":2,"href":"https:\/\/www.nexoinformativo.mx\/index.php\/wp-json\/wp\/v2\/posts\/2270\/revisions"}],"predecessor-version":[{"id":2273,"href":"https:\/\/www.nexoinformativo.mx\/index.php\/wp-json\/wp\/v2\/posts\/2270\/revisions\/2273"}],"wp:featuredmedia":[{"embeddable":true,"href":"https:\/\/www.nexoinformativo.mx\/index.php\/wp-json\/wp\/v2\/media\/2271"}],"wp:attachment":[{"href":"https:\/\/www.nexoinformativo.mx\/index.php\/wp-json\/wp\/v2\/media?parent=2270"}],"wp:term":[{"taxonomy":"category","embeddable":true,"href":"https:\/\/www.nexoinformativo.mx\/index.php\/wp-json\/wp\/v2\/categories?post=2270"},{"taxonomy":"post_tag","embeddable":true,"href":"https:\/\/www.nexoinformativo.mx\/index.php\/wp-json\/wp\/v2\/tags?post=2270"}],"curies":[{"name":"wp","href":"https:\/\/api.w.org\/{rel}","templated":true}]}}