{"id":2284,"date":"2024-09-24T12:00:07","date_gmt":"2024-09-24T18:00:07","guid":{"rendered":"https:\/\/www.nexoinformativo.mx\/?p=2284"},"modified":"2024-09-24T20:16:38","modified_gmt":"2024-09-25T02:16:38","slug":"comienza-aplicacion-del-examen-nacional-de-residencias-medicas-en-seis-sedes-del-pais","status":"publish","type":"post","link":"https:\/\/www.nexoinformativo.mx\/index.php\/2024\/09\/24\/comienza-aplicacion-del-examen-nacional-de-residencias-medicas-en-seis-sedes-del-pais\/","title":{"rendered":"Comienza aplicaci\u00f3n del Examen Nacional de Residencias M\u00e9dicas en seis sedes del pa\u00eds"},"content":{"rendered":"<p style=\"text-align: justify;\">Este martes inici\u00f3 la aplicaci\u00f3n del Examen Nacional de Aspirantes a Residencias M\u00e9dicas (Enarm) en seis sedes del pa\u00eds, con la participaci\u00f3n de 50,635 m\u00e9dicas y m\u00e9dicos generales. Las sedes est\u00e1n ubicadas en Puebla, Le\u00f3n, Morelia y Quer\u00e9taro, donde los aspirantes buscan obtener un lugar en especialidades como pediatr\u00eda, ginecolog\u00eda, medicina interna y cirug\u00eda.<\/p>\n<p>&nbsp;<\/p>\n<p style=\"text-align: justify;\">La Secretar\u00eda de Salud, a trav\u00e9s de la Direcci\u00f3n General de Calidad y Educaci\u00f3n en Salud (DGCES), inform\u00f3 que en la edici\u00f3n XLVIII del Enarm se elaboraron 4,495 nuevos reactivos, validados en congruencia y calidad por 129 especialistas. Estos reactivos se suman a un banco de preguntas de 7,690 reactivos, resguardado por la Secretar\u00eda de la Defensa Nacional (Sedena) bajo estrictos protocolos de seguridad.<\/p>\n<p>&nbsp;<\/p>\n<p style=\"text-align: justify;\">El examen se realiza en dos turnos, de 8:00 a 14:00h y de 16:00 a 22:00h. Las plazas de residencia m\u00e9dica solo pueden ser obtenidas a trav\u00e9s del Enarm, por lo que se alerta a los aspirantes sobre posibles fraudes que ofrecen plazas sin necesidad de presentar el examen.<\/p>\n","protected":false},"excerpt":{"rendered":"<p>Este martes inici\u00f3 la aplicaci\u00f3n del Examen Nacional de Aspirantes a Residencias M\u00e9dicas (Enarm) en seis sedes del pa\u00eds, con la participaci\u00f3n de 50,635 m\u00e9dicas y m\u00e9dicos generales.<\/p>\n","protected":false},"author":3,"featured_media":2285,"comment_status":"open","ping_status":"open","sticky":false,"template":"","format":"standard","meta":{"footnotes":""},"categories":[88,58],"tags":[885,882,883,884],"class_list":["post-2284","post","type-post","status-publish","format-standard","has-post-thumbnail","hentry","category-nacional","category-ultima-hora","tag-aspirantesmedicos","tag-enarm2024","tag-residenciasmedicas","tag-saludmexico"],"yoast_head":"<!-- This site is optimized with the Yoast SEO plugin v25.0 - https:\/\/yoast.com\/wordpress\/plugins\/seo\/ -->\n<title>Comienza aplicaci\u00f3n del Examen Nacional de Residencias M\u00e9dicas en seis sedes del pa\u00eds | Nexo Informativo Santiago de Quer\u00e9taro<\/title>\n<meta name=\"description\" content=\"Comienza aplicaci\u00f3n del Examen Nacional de Residencias M\u00e9dicas en seis sedes del pa\u00eds\" \/>\n<meta name=\"robots\" content=\"index, follow, max-snippet:-1, max-image-preview:large, max-video-preview:-1\" \/>\n<link rel=\"canonical\" href=\"https:\/\/www.nexoinformativo.mx\/index.php\/2024\/09\/24\/comienza-aplicacion-del-examen-nacional-de-residencias-medicas-en-seis-sedes-del-pais\/\" \/>\n<meta property=\"og:locale\" content=\"es_MX\" \/>\n<meta property=\"og:type\" content=\"article\" \/>\n<meta property=\"og:title\" content=\"Comienza aplicaci\u00f3n del Examen Nacional de Residencias M\u00e9dicas en seis sedes del pa\u00eds | Nexo Informativo Santiago de Quer\u00e9taro\" \/>\n<meta property=\"og:description\" content=\"Comienza aplicaci\u00f3n del Examen Nacional de Residencias M\u00e9dicas en seis sedes del pa\u00eds\" \/>\n<meta property=\"og:url\" content=\"https:\/\/www.nexoinformativo.mx\/index.php\/2024\/09\/24\/comienza-aplicacion-del-examen-nacional-de-residencias-medicas-en-seis-sedes-del-pais\/\" \/>\n<meta property=\"og:site_name\" content=\"Nexo Informativo Santiago de Quer\u00e9taro\" \/>\n<meta property=\"article:publisher\" content=\"https:\/\/www.facebook.com\/people\/Nexo-Informativo\/61564066885511\/\" \/>\n<meta property=\"article:published_time\" content=\"2024-09-24T18:00:07+00:00\" \/>\n<meta property=\"article:modified_time\" content=\"2024-09-25T02:16:38+00:00\" \/>\n<meta property=\"og:image\" content=\"https:\/\/www.nexoinformativo.mx\/wp-content\/uploads\/2024\/09\/post_WhatsApp_Image_2024-09-24_at_14.02.47.jpeg\" \/>\n\t<meta property=\"og:image:width\" content=\"650\" \/>\n\t<meta property=\"og:image:height\" content=\"380\" \/>\n\t<meta property=\"og:image:type\" content=\"image\/jpeg\" \/>\n<meta name=\"author\" content=\"Nexo Informativo\" \/>\n<meta name=\"twitter:card\" content=\"summary_large_image\" \/>\n<meta name=\"twitter:label1\" content=\"Escrito por\" \/>\n\t<meta name=\"twitter:data1\" content=\"Nexo Informativo\" \/>\n\t<meta name=\"twitter:label2\" content=\"Tiempo de lectura\" \/>\n\t<meta name=\"twitter:data2\" content=\"1 minuto\" \/>\n<script type=\"application\/ld+json\" class=\"yoast-schema-graph\">{\"@context\":\"https:\/\/schema.org\",\"@graph\":[{\"@type\":\"Article\",\"@id\":\"https:\/\/www.nexoinformativo.mx\/index.php\/2024\/09\/24\/comienza-aplicacion-del-examen-nacional-de-residencias-medicas-en-seis-sedes-del-pais\/#article\",\"isPartOf\":{\"@id\":\"https:\/\/www.nexoinformativo.mx\/index.php\/2024\/09\/24\/comienza-aplicacion-del-examen-nacional-de-residencias-medicas-en-seis-sedes-del-pais\/\"},\"author\":{\"name\":\"Nexo Informativo\",\"@id\":\"https:\/\/www.nexoinformativo.mx\/#\/schema\/person\/7749d380ba08c8ca00d7bc76fd907b7d\"},\"headline\":\"Comienza aplicaci\u00f3n del Examen Nacional de Residencias M\u00e9dicas en seis sedes del pa\u00eds\",\"datePublished\":\"2024-09-24T18:00:07+00:00\",\"dateModified\":\"2024-09-25T02:16:38+00:00\",\"mainEntityOfPage\":{\"@id\":\"https:\/\/www.nexoinformativo.mx\/index.php\/2024\/09\/24\/comienza-aplicacion-del-examen-nacional-de-residencias-medicas-en-seis-sedes-del-pais\/\"},\"wordCount\":199,\"commentCount\":0,\"publisher\":{\"@id\":\"https:\/\/www.nexoinformativo.mx\/#organization\"},\"image\":{\"@id\":\"https:\/\/www.nexoinformativo.mx\/index.php\/2024\/09\/24\/comienza-aplicacion-del-examen-nacional-de-residencias-medicas-en-seis-sedes-del-pais\/#primaryimage\"},\"thumbnailUrl\":\"https:\/\/www.nexoinformativo.mx\/wp-content\/uploads\/2024\/09\/post_WhatsApp_Image_2024-09-24_at_14.02.47.jpeg\",\"keywords\":[\"AspirantesMedicos\",\"ENARM2024\",\"ResidenciasM\u00e9dicas\",\"SaludM\u00e9xico\"],\"articleSection\":[\"Nacional\",\"\u00daltima Hora\"],\"inLanguage\":\"es\",\"potentialAction\":[{\"@type\":\"CommentAction\",\"name\":\"Comment\",\"target\":[\"https:\/\/www.nexoinformativo.mx\/index.php\/2024\/09\/24\/comienza-aplicacion-del-examen-nacional-de-residencias-medicas-en-seis-sedes-del-pais\/#respond\"]}]},{\"@type\":\"WebPage\",\"@id\":\"https:\/\/www.nexoinformativo.mx\/index.php\/2024\/09\/24\/comienza-aplicacion-del-examen-nacional-de-residencias-medicas-en-seis-sedes-del-pais\/\",\"url\":\"https:\/\/www.nexoinformativo.mx\/index.php\/2024\/09\/24\/comienza-aplicacion-del-examen-nacional-de-residencias-medicas-en-seis-sedes-del-pais\/\",\"name\":\"Comienza aplicaci\u00f3n del Examen Nacional de Residencias M\u00e9dicas en seis sedes del pa\u00eds | Nexo Informativo Santiago de Quer\u00e9taro\",\"isPartOf\":{\"@id\":\"https:\/\/www.nexoinformativo.mx\/#website\"},\"primaryImageOfPage\":{\"@id\":\"https:\/\/www.nexoinformativo.mx\/index.php\/2024\/09\/24\/comienza-aplicacion-del-examen-nacional-de-residencias-medicas-en-seis-sedes-del-pais\/#primaryimage\"},\"image\":{\"@id\":\"https:\/\/www.nexoinformativo.mx\/index.php\/2024\/09\/24\/comienza-aplicacion-del-examen-nacional-de-residencias-medicas-en-seis-sedes-del-pais\/#primaryimage\"},\"thumbnailUrl\":\"https:\/\/www.nexoinformativo.mx\/wp-content\/uploads\/2024\/09\/post_WhatsApp_Image_2024-09-24_at_14.02.47.jpeg\",\"datePublished\":\"2024-09-24T18:00:07+00:00\",\"dateModified\":\"2024-09-25T02:16:38+00:00\",\"description\":\"Comienza aplicaci\u00f3n del Examen Nacional de Residencias M\u00e9dicas en seis sedes del pa\u00eds\",\"breadcrumb\":{\"@id\":\"https:\/\/www.nexoinformativo.mx\/index.php\/2024\/09\/24\/comienza-aplicacion-del-examen-nacional-de-residencias-medicas-en-seis-sedes-del-pais\/#breadcrumb\"},\"inLanguage\":\"es\",\"potentialAction\":[{\"@type\":\"ReadAction\",\"target\":[\"https:\/\/www.nexoinformativo.mx\/index.php\/2024\/09\/24\/comienza-aplicacion-del-examen-nacional-de-residencias-medicas-en-seis-sedes-del-pais\/\"]}]},{\"@type\":\"ImageObject\",\"inLanguage\":\"es\",\"@id\":\"https:\/\/www.nexoinformativo.mx\/index.php\/2024\/09\/24\/comienza-aplicacion-del-examen-nacional-de-residencias-medicas-en-seis-sedes-del-pais\/#primaryimage\",\"url\":\"https:\/\/www.nexoinformativo.mx\/wp-content\/uploads\/2024\/09\/post_WhatsApp_Image_2024-09-24_at_14.02.47.jpeg\",\"contentUrl\":\"https:\/\/www.nexoinformativo.mx\/wp-content\/uploads\/2024\/09\/post_WhatsApp_Image_2024-09-24_at_14.02.47.jpeg\",\"width\":650,\"height\":380},{\"@type\":\"BreadcrumbList\",\"@id\":\"https:\/\/www.nexoinformativo.mx\/index.php\/2024\/09\/24\/comienza-aplicacion-del-examen-nacional-de-residencias-medicas-en-seis-sedes-del-pais\/#breadcrumb\",\"itemListElement\":[{\"@type\":\"ListItem\",\"position\":1,\"name\":\"Inicio\",\"item\":\"https:\/\/www.nexoinformativo.mx\/\"},{\"@type\":\"ListItem\",\"position\":2,\"name\":\"Comienza aplicaci\u00f3n del Examen Nacional de Residencias M\u00e9dicas en seis sedes del pa\u00eds\"}]},{\"@type\":\"WebSite\",\"@id\":\"https:\/\/www.nexoinformativo.mx\/#website\",\"url\":\"https:\/\/www.nexoinformativo.mx\/\",\"name\":\"Nexo Informativo Santiago de Quer\u00e9taro\",\"description\":\"Explora NexoInformativo y convi\u00e9rtete en parte de una comunidad que valora el conocimiento y la verdad. Tu nexoinformativo es tu puente hacia una comprensi\u00f3n m\u00e1s profunda del mundo que te rodea.\",\"publisher\":{\"@id\":\"https:\/\/www.nexoinformativo.mx\/#organization\"},\"potentialAction\":[{\"@type\":\"SearchAction\",\"target\":{\"@type\":\"EntryPoint\",\"urlTemplate\":\"https:\/\/www.nexoinformativo.mx\/?s={search_term_string}\"},\"query-input\":{\"@type\":\"PropertyValueSpecification\",\"valueRequired\":true,\"valueName\":\"search_term_string\"}}],\"inLanguage\":\"es\"},{\"@type\":\"Organization\",\"@id\":\"https:\/\/www.nexoinformativo.mx\/#organization\",\"name\":\"Nexo Informativo Santiago de Quer\u00e9taro\",\"url\":\"https:\/\/www.nexoinformativo.mx\/\",\"logo\":{\"@type\":\"ImageObject\",\"inLanguage\":\"es\",\"@id\":\"https:\/\/www.nexoinformativo.mx\/#\/schema\/logo\/image\/\",\"url\":\"https:\/\/www.nexoinformativo.mx\/wp-content\/uploads\/2024\/07\/nexoi-trasparente-2.png\",\"contentUrl\":\"https:\/\/www.nexoinformativo.mx\/wp-content\/uploads\/2024\/07\/nexoi-trasparente-2.png\",\"width\":816,\"height\":339,\"caption\":\"Nexo Informativo Santiago de Quer\u00e9taro\"},\"image\":{\"@id\":\"https:\/\/www.nexoinformativo.mx\/#\/schema\/logo\/image\/\"},\"sameAs\":[\"https:\/\/www.facebook.com\/people\/Nexo-Informativo\/61564066885511\/\"]},{\"@type\":\"Person\",\"@id\":\"https:\/\/www.nexoinformativo.mx\/#\/schema\/person\/7749d380ba08c8ca00d7bc76fd907b7d\",\"name\":\"Nexo Informativo\",\"image\":{\"@type\":\"ImageObject\",\"inLanguage\":\"es\",\"@id\":\"https:\/\/www.nexoinformativo.mx\/#\/schema\/person\/image\/\",\"url\":\"https:\/\/secure.gravatar.com\/avatar\/dde2928154642a13d95f87ddf1ea9718fe2b46760a005c53e41ff5ad610704e6?s=96&d=mm&r=g\",\"contentUrl\":\"https:\/\/secure.gravatar.com\/avatar\/dde2928154642a13d95f87ddf1ea9718fe2b46760a005c53e41ff5ad610704e6?s=96&d=mm&r=g\",\"caption\":\"Nexo Informativo\"},\"url\":\"https:\/\/www.nexoinformativo.mx\/index.php\/author\/edicion\/\"}]}<\/script>\n<!-- \/ Yoast SEO plugin. -->","yoast_head_json":{"title":"Comienza aplicaci\u00f3n del Examen Nacional de Residencias M\u00e9dicas en seis sedes del pa\u00eds | Nexo Informativo Santiago de Quer\u00e9taro","description":"Comienza aplicaci\u00f3n del Examen Nacional de Residencias M\u00e9dicas en seis sedes del pa\u00eds","robots":{"index":"index","follow":"follow","max-snippet":"max-snippet:-1","max-image-preview":"max-image-preview:large","max-video-preview":"max-video-preview:-1"},"canonical":"https:\/\/www.nexoinformativo.mx\/index.php\/2024\/09\/24\/comienza-aplicacion-del-examen-nacional-de-residencias-medicas-en-seis-sedes-del-pais\/","og_locale":"es_MX","og_type":"article","og_title":"Comienza aplicaci\u00f3n del Examen Nacional de Residencias M\u00e9dicas en seis sedes del pa\u00eds | Nexo Informativo Santiago de Quer\u00e9taro","og_description":"Comienza aplicaci\u00f3n del Examen Nacional de Residencias M\u00e9dicas en seis sedes del pa\u00eds","og_url":"https:\/\/www.nexoinformativo.mx\/index.php\/2024\/09\/24\/comienza-aplicacion-del-examen-nacional-de-residencias-medicas-en-seis-sedes-del-pais\/","og_site_name":"Nexo Informativo Santiago de Quer\u00e9taro","article_publisher":"https:\/\/www.facebook.com\/people\/Nexo-Informativo\/61564066885511\/","article_published_time":"2024-09-24T18:00:07+00:00","article_modified_time":"2024-09-25T02:16:38+00:00","og_image":[{"width":650,"height":380,"url":"https:\/\/www.nexoinformativo.mx\/wp-content\/uploads\/2024\/09\/post_WhatsApp_Image_2024-09-24_at_14.02.47.jpeg","type":"image\/jpeg"}],"author":"Nexo Informativo","twitter_card":"summary_large_image","twitter_misc":{"Escrito por":"Nexo Informativo","Tiempo de lectura":"1 minuto"},"schema":{"@context":"https:\/\/schema.org","@graph":[{"@type":"Article","@id":"https:\/\/www.nexoinformativo.mx\/index.php\/2024\/09\/24\/comienza-aplicacion-del-examen-nacional-de-residencias-medicas-en-seis-sedes-del-pais\/#article","isPartOf":{"@id":"https:\/\/www.nexoinformativo.mx\/index.php\/2024\/09\/24\/comienza-aplicacion-del-examen-nacional-de-residencias-medicas-en-seis-sedes-del-pais\/"},"author":{"name":"Nexo Informativo","@id":"https:\/\/www.nexoinformativo.mx\/#\/schema\/person\/7749d380ba08c8ca00d7bc76fd907b7d"},"headline":"Comienza aplicaci\u00f3n del Examen Nacional de Residencias M\u00e9dicas en seis sedes del pa\u00eds","datePublished":"2024-09-24T18:00:07+00:00","dateModified":"2024-09-25T02:16:38+00:00","mainEntityOfPage":{"@id":"https:\/\/www.nexoinformativo.mx\/index.php\/2024\/09\/24\/comienza-aplicacion-del-examen-nacional-de-residencias-medicas-en-seis-sedes-del-pais\/"},"wordCount":199,"commentCount":0,"publisher":{"@id":"https:\/\/www.nexoinformativo.mx\/#organization"},"image":{"@id":"https:\/\/www.nexoinformativo.mx\/index.php\/2024\/09\/24\/comienza-aplicacion-del-examen-nacional-de-residencias-medicas-en-seis-sedes-del-pais\/#primaryimage"},"thumbnailUrl":"https:\/\/www.nexoinformativo.mx\/wp-content\/uploads\/2024\/09\/post_WhatsApp_Image_2024-09-24_at_14.02.47.jpeg","keywords":["AspirantesMedicos","ENARM2024","ResidenciasM\u00e9dicas","SaludM\u00e9xico"],"articleSection":["Nacional","\u00daltima Hora"],"inLanguage":"es","potentialAction":[{"@type":"CommentAction","name":"Comment","target":["https:\/\/www.nexoinformativo.mx\/index.php\/2024\/09\/24\/comienza-aplicacion-del-examen-nacional-de-residencias-medicas-en-seis-sedes-del-pais\/#respond"]}]},{"@type":"WebPage","@id":"https:\/\/www.nexoinformativo.mx\/index.php\/2024\/09\/24\/comienza-aplicacion-del-examen-nacional-de-residencias-medicas-en-seis-sedes-del-pais\/","url":"https:\/\/www.nexoinformativo.mx\/index.php\/2024\/09\/24\/comienza-aplicacion-del-examen-nacional-de-residencias-medicas-en-seis-sedes-del-pais\/","name":"Comienza aplicaci\u00f3n del Examen Nacional de Residencias M\u00e9dicas en seis sedes del pa\u00eds | Nexo Informativo Santiago de Quer\u00e9taro","isPartOf":{"@id":"https:\/\/www.nexoinformativo.mx\/#website"},"primaryImageOfPage":{"@id":"https:\/\/www.nexoinformativo.mx\/index.php\/2024\/09\/24\/comienza-aplicacion-del-examen-nacional-de-residencias-medicas-en-seis-sedes-del-pais\/#primaryimage"},"image":{"@id":"https:\/\/www.nexoinformativo.mx\/index.php\/2024\/09\/24\/comienza-aplicacion-del-examen-nacional-de-residencias-medicas-en-seis-sedes-del-pais\/#primaryimage"},"thumbnailUrl":"https:\/\/www.nexoinformativo.mx\/wp-content\/uploads\/2024\/09\/post_WhatsApp_Image_2024-09-24_at_14.02.47.jpeg","datePublished":"2024-09-24T18:00:07+00:00","dateModified":"2024-09-25T02:16:38+00:00","description":"Comienza aplicaci\u00f3n del Examen Nacional de Residencias M\u00e9dicas en seis sedes del pa\u00eds","breadcrumb":{"@id":"https:\/\/www.nexoinformativo.mx\/index.php\/2024\/09\/24\/comienza-aplicacion-del-examen-nacional-de-residencias-medicas-en-seis-sedes-del-pais\/#breadcrumb"},"inLanguage":"es","potentialAction":[{"@type":"ReadAction","target":["https:\/\/www.nexoinformativo.mx\/index.php\/2024\/09\/24\/comienza-aplicacion-del-examen-nacional-de-residencias-medicas-en-seis-sedes-del-pais\/"]}]},{"@type":"ImageObject","inLanguage":"es","@id":"https:\/\/www.nexoinformativo.mx\/index.php\/2024\/09\/24\/comienza-aplicacion-del-examen-nacional-de-residencias-medicas-en-seis-sedes-del-pais\/#primaryimage","url":"https:\/\/www.nexoinformativo.mx\/wp-content\/uploads\/2024\/09\/post_WhatsApp_Image_2024-09-24_at_14.02.47.jpeg","contentUrl":"https:\/\/www.nexoinformativo.mx\/wp-content\/uploads\/2024\/09\/post_WhatsApp_Image_2024-09-24_at_14.02.47.jpeg","width":650,"height":380},{"@type":"BreadcrumbList","@id":"https:\/\/www.nexoinformativo.mx\/index.php\/2024\/09\/24\/comienza-aplicacion-del-examen-nacional-de-residencias-medicas-en-seis-sedes-del-pais\/#breadcrumb","itemListElement":[{"@type":"ListItem","position":1,"name":"Inicio","item":"https:\/\/www.nexoinformativo.mx\/"},{"@type":"ListItem","position":2,"name":"Comienza aplicaci\u00f3n del Examen Nacional de Residencias M\u00e9dicas en seis sedes del pa\u00eds"}]},{"@type":"WebSite","@id":"https:\/\/www.nexoinformativo.mx\/#website","url":"https:\/\/www.nexoinformativo.mx\/","name":"Nexo Informativo Santiago de Quer\u00e9taro","description":"Explora NexoInformativo y convi\u00e9rtete en parte de una comunidad que valora el conocimiento y la verdad. Tu nexoinformativo es tu puente hacia una comprensi\u00f3n m\u00e1s profunda del mundo que te rodea.","publisher":{"@id":"https:\/\/www.nexoinformativo.mx\/#organization"},"potentialAction":[{"@type":"SearchAction","target":{"@type":"EntryPoint","urlTemplate":"https:\/\/www.nexoinformativo.mx\/?s={search_term_string}"},"query-input":{"@type":"PropertyValueSpecification","valueRequired":true,"valueName":"search_term_string"}}],"inLanguage":"es"},{"@type":"Organization","@id":"https:\/\/www.nexoinformativo.mx\/#organization","name":"Nexo Informativo Santiago de Quer\u00e9taro","url":"https:\/\/www.nexoinformativo.mx\/","logo":{"@type":"ImageObject","inLanguage":"es","@id":"https:\/\/www.nexoinformativo.mx\/#\/schema\/logo\/image\/","url":"https:\/\/www.nexoinformativo.mx\/wp-content\/uploads\/2024\/07\/nexoi-trasparente-2.png","contentUrl":"https:\/\/www.nexoinformativo.mx\/wp-content\/uploads\/2024\/07\/nexoi-trasparente-2.png","width":816,"height":339,"caption":"Nexo Informativo Santiago de Quer\u00e9taro"},"image":{"@id":"https:\/\/www.nexoinformativo.mx\/#\/schema\/logo\/image\/"},"sameAs":["https:\/\/www.facebook.com\/people\/Nexo-Informativo\/61564066885511\/"]},{"@type":"Person","@id":"https:\/\/www.nexoinformativo.mx\/#\/schema\/person\/7749d380ba08c8ca00d7bc76fd907b7d","name":"Nexo Informativo","image":{"@type":"ImageObject","inLanguage":"es","@id":"https:\/\/www.nexoinformativo.mx\/#\/schema\/person\/image\/","url":"https:\/\/secure.gravatar.com\/avatar\/dde2928154642a13d95f87ddf1ea9718fe2b46760a005c53e41ff5ad610704e6?s=96&d=mm&r=g","contentUrl":"https:\/\/secure.gravatar.com\/avatar\/dde2928154642a13d95f87ddf1ea9718fe2b46760a005c53e41ff5ad610704e6?s=96&d=mm&r=g","caption":"Nexo Informativo"},"url":"https:\/\/www.nexoinformativo.mx\/index.php\/author\/edicion\/"}]}},"_links":{"self":[{"href":"https:\/\/www.nexoinformativo.mx\/index.php\/wp-json\/wp\/v2\/posts\/2284","targetHints":{"allow":["GET"]}}],"collection":[{"href":"https:\/\/www.nexoinformativo.mx\/index.php\/wp-json\/wp\/v2\/posts"}],"about":[{"href":"https:\/\/www.nexoinformativo.mx\/index.php\/wp-json\/wp\/v2\/types\/post"}],"author":[{"embeddable":true,"href":"https:\/\/www.nexoinformativo.mx\/index.php\/wp-json\/wp\/v2\/users\/3"}],"replies":[{"embeddable":true,"href":"https:\/\/www.nexoinformativo.mx\/index.php\/wp-json\/wp\/v2\/comments?post=2284"}],"version-history":[{"count":1,"href":"https:\/\/www.nexoinformativo.mx\/index.php\/wp-json\/wp\/v2\/posts\/2284\/revisions"}],"predecessor-version":[{"id":2286,"href":"https:\/\/www.nexoinformativo.mx\/index.php\/wp-json\/wp\/v2\/posts\/2284\/revisions\/2286"}],"wp:featuredmedia":[{"embeddable":true,"href":"https:\/\/www.nexoinformativo.mx\/index.php\/wp-json\/wp\/v2\/media\/2285"}],"wp:attachment":[{"href":"https:\/\/www.nexoinformativo.mx\/index.php\/wp-json\/wp\/v2\/media?parent=2284"}],"wp:term":[{"taxonomy":"category","embeddable":true,"href":"https:\/\/www.nexoinformativo.mx\/index.php\/wp-json\/wp\/v2\/categories?post=2284"},{"taxonomy":"post_tag","embeddable":true,"href":"https:\/\/www.nexoinformativo.mx\/index.php\/wp-json\/wp\/v2\/tags?post=2284"}],"curies":[{"name":"wp","href":"https:\/\/api.w.org\/{rel}","templated":true}]}}