{"id":2290,"date":"2024-09-25T09:00:41","date_gmt":"2024-09-25T15:00:41","guid":{"rendered":"https:\/\/www.nexoinformativo.mx\/?p=2290"},"modified":"2024-09-25T11:19:42","modified_gmt":"2024-09-25T17:19:42","slug":"diputados-federales-piden-reforzar-la-seguridad-en-la-autopista-57","status":"publish","type":"post","link":"https:\/\/www.nexoinformativo.mx\/index.php\/2024\/09\/25\/diputados-federales-piden-reforzar-la-seguridad-en-la-autopista-57\/","title":{"rendered":"Diputados Federales piden reforzar la seguridad en la autopista 57"},"content":{"rendered":"<p style=\"text-align: justify;\">Ante el creciente n\u00famero de delitos, los diputados federales del PRI, Abigail Arredondo, Mario Calzada y Luis Gerardo S\u00e1nchez, presentaron un exhorto en la C\u00e1mara de Diputados para exigir mayor seguridad en la autopista 57.<\/p>\n<p>&nbsp;<\/p>\n<p style=\"text-align: justify;\">Considerada una de las m\u00e1s peligrosas del pa\u00eds, la propuesta busca implementar operativos de vigilancia permanentes y aumentar el n\u00famero de elementos de seguridad y patrullas, especialmente en los tramos correspondientes a Quer\u00e9taro y Guanajuato.<\/p>\n<p>&nbsp;<\/p>\n<p style=\"text-align: justify;\">Abigail Arredondo se\u00f1al\u00f3 que, seg\u00fan la Asociaci\u00f3n Nacional de Transporte Privado, durante los primeros dos meses de 2023, se registraron 2,209 carpetas de investigaci\u00f3n por robo a transporte de carga, lo que representa un incremento del 10.8% en comparaci\u00f3n con el mismo periodo de 2022. Las \u00e1reas m\u00e1s afectadas por la delincuencia se encuentran en Quer\u00e9taro y Guanajuato.<\/p>\n<p>&nbsp;<\/p>\n<p style=\"text-align: justify;\">Tambi\u00e9n destaca la actividad de grupos del crimen organizado, quienes adem\u00e1s de robar transporte de carga, est\u00e1n involucrados en delitos como tr\u00e1fico de personas y desapariciones.<\/p>\n","protected":false},"excerpt":{"rendered":"<p>Ante el creciente n\u00famero de delitos, los diputados federales del PRI, Abigail Arredondo, Mario Calzada y Luis Gerardo S\u00e1nchez, presentaron un exhorto en la C\u00e1mara de Diputados para exigir mayor seguridad en la autopista 57.<\/p>\n","protected":false},"author":3,"featured_media":2292,"comment_status":"open","ping_status":"open","sticky":false,"template":"","format":"standard","meta":{"footnotes":""},"categories":[58],"tags":[891,447,476,890],"class_list":["post-2290","post","type-post","status-publish","format-standard","has-post-thumbnail","hentry","category-ultima-hora","tag-diputadospri","tag-proteccionciudadana","tag-queretaroseguridad","tag-seguridadautopista57"],"yoast_head":"<!-- This site is optimized with the Yoast SEO plugin v25.0 - https:\/\/yoast.com\/wordpress\/plugins\/seo\/ -->\n<title>Diputados Federales piden reforzar la seguridad en la autopista 57 | Nexo Informativo Santiago de Quer\u00e9taro<\/title>\n<meta name=\"description\" content=\"Diputados Federales piden reforzar la seguridad en la autopista 57\" \/>\n<meta name=\"robots\" content=\"index, follow, max-snippet:-1, max-image-preview:large, max-video-preview:-1\" \/>\n<link rel=\"canonical\" href=\"https:\/\/www.nexoinformativo.mx\/index.php\/2024\/09\/25\/diputados-federales-piden-reforzar-la-seguridad-en-la-autopista-57\/\" \/>\n<meta property=\"og:locale\" content=\"es_MX\" \/>\n<meta property=\"og:type\" content=\"article\" \/>\n<meta property=\"og:title\" content=\"Diputados Federales piden reforzar la seguridad en la autopista 57 | Nexo Informativo Santiago de Quer\u00e9taro\" \/>\n<meta property=\"og:description\" content=\"Diputados Federales piden reforzar la seguridad en la autopista 57\" \/>\n<meta property=\"og:url\" content=\"https:\/\/www.nexoinformativo.mx\/index.php\/2024\/09\/25\/diputados-federales-piden-reforzar-la-seguridad-en-la-autopista-57\/\" \/>\n<meta property=\"og:site_name\" content=\"Nexo Informativo Santiago de Quer\u00e9taro\" \/>\n<meta property=\"article:publisher\" content=\"https:\/\/www.facebook.com\/people\/Nexo-Informativo\/61564066885511\/\" \/>\n<meta property=\"article:published_time\" content=\"2024-09-25T15:00:41+00:00\" \/>\n<meta property=\"article:modified_time\" content=\"2024-09-25T17:19:42+00:00\" \/>\n<meta property=\"og:image\" content=\"https:\/\/www.nexoinformativo.mx\/wp-content\/uploads\/2024\/09\/PHOTO-2024-09-25-09-54-45-e1727284641216.jpg\" \/>\n\t<meta property=\"og:image:width\" content=\"800\" \/>\n\t<meta property=\"og:image:height\" content=\"533\" \/>\n\t<meta property=\"og:image:type\" content=\"image\/jpeg\" \/>\n<meta name=\"author\" content=\"Nexo Informativo\" \/>\n<meta name=\"twitter:card\" content=\"summary_large_image\" \/>\n<meta name=\"twitter:label1\" content=\"Escrito por\" \/>\n\t<meta name=\"twitter:data1\" content=\"Nexo Informativo\" \/>\n\t<meta name=\"twitter:label2\" content=\"Tiempo de lectura\" \/>\n\t<meta name=\"twitter:data2\" content=\"1 minuto\" \/>\n<script type=\"application\/ld+json\" class=\"yoast-schema-graph\">{\"@context\":\"https:\/\/schema.org\",\"@graph\":[{\"@type\":\"Article\",\"@id\":\"https:\/\/www.nexoinformativo.mx\/index.php\/2024\/09\/25\/diputados-federales-piden-reforzar-la-seguridad-en-la-autopista-57\/#article\",\"isPartOf\":{\"@id\":\"https:\/\/www.nexoinformativo.mx\/index.php\/2024\/09\/25\/diputados-federales-piden-reforzar-la-seguridad-en-la-autopista-57\/\"},\"author\":{\"name\":\"Nexo Informativo\",\"@id\":\"https:\/\/www.nexoinformativo.mx\/#\/schema\/person\/7749d380ba08c8ca00d7bc76fd907b7d\"},\"headline\":\"Diputados Federales piden reforzar la seguridad en la autopista 57\",\"datePublished\":\"2024-09-25T15:00:41+00:00\",\"dateModified\":\"2024-09-25T17:19:42+00:00\",\"mainEntityOfPage\":{\"@id\":\"https:\/\/www.nexoinformativo.mx\/index.php\/2024\/09\/25\/diputados-federales-piden-reforzar-la-seguridad-en-la-autopista-57\/\"},\"wordCount\":179,\"commentCount\":0,\"publisher\":{\"@id\":\"https:\/\/www.nexoinformativo.mx\/#organization\"},\"image\":{\"@id\":\"https:\/\/www.nexoinformativo.mx\/index.php\/2024\/09\/25\/diputados-federales-piden-reforzar-la-seguridad-en-la-autopista-57\/#primaryimage\"},\"thumbnailUrl\":\"https:\/\/www.nexoinformativo.mx\/wp-content\/uploads\/2024\/09\/PHOTO-2024-09-25-09-54-45-e1727284641216.jpg\",\"keywords\":[\"DiputadosPRI\",\"Protecci\u00f3nCiudadana\",\"Quer\u00e9taroSeguridad\",\"SeguridadAutopista57\"],\"articleSection\":[\"\u00daltima Hora\"],\"inLanguage\":\"es\",\"potentialAction\":[{\"@type\":\"CommentAction\",\"name\":\"Comment\",\"target\":[\"https:\/\/www.nexoinformativo.mx\/index.php\/2024\/09\/25\/diputados-federales-piden-reforzar-la-seguridad-en-la-autopista-57\/#respond\"]}]},{\"@type\":\"WebPage\",\"@id\":\"https:\/\/www.nexoinformativo.mx\/index.php\/2024\/09\/25\/diputados-federales-piden-reforzar-la-seguridad-en-la-autopista-57\/\",\"url\":\"https:\/\/www.nexoinformativo.mx\/index.php\/2024\/09\/25\/diputados-federales-piden-reforzar-la-seguridad-en-la-autopista-57\/\",\"name\":\"Diputados Federales piden reforzar la seguridad en la autopista 57 | Nexo Informativo Santiago de Quer\u00e9taro\",\"isPartOf\":{\"@id\":\"https:\/\/www.nexoinformativo.mx\/#website\"},\"primaryImageOfPage\":{\"@id\":\"https:\/\/www.nexoinformativo.mx\/index.php\/2024\/09\/25\/diputados-federales-piden-reforzar-la-seguridad-en-la-autopista-57\/#primaryimage\"},\"image\":{\"@id\":\"https:\/\/www.nexoinformativo.mx\/index.php\/2024\/09\/25\/diputados-federales-piden-reforzar-la-seguridad-en-la-autopista-57\/#primaryimage\"},\"thumbnailUrl\":\"https:\/\/www.nexoinformativo.mx\/wp-content\/uploads\/2024\/09\/PHOTO-2024-09-25-09-54-45-e1727284641216.jpg\",\"datePublished\":\"2024-09-25T15:00:41+00:00\",\"dateModified\":\"2024-09-25T17:19:42+00:00\",\"description\":\"Diputados Federales piden reforzar la seguridad en la autopista 57\",\"breadcrumb\":{\"@id\":\"https:\/\/www.nexoinformativo.mx\/index.php\/2024\/09\/25\/diputados-federales-piden-reforzar-la-seguridad-en-la-autopista-57\/#breadcrumb\"},\"inLanguage\":\"es\",\"potentialAction\":[{\"@type\":\"ReadAction\",\"target\":[\"https:\/\/www.nexoinformativo.mx\/index.php\/2024\/09\/25\/diputados-federales-piden-reforzar-la-seguridad-en-la-autopista-57\/\"]}]},{\"@type\":\"ImageObject\",\"inLanguage\":\"es\",\"@id\":\"https:\/\/www.nexoinformativo.mx\/index.php\/2024\/09\/25\/diputados-federales-piden-reforzar-la-seguridad-en-la-autopista-57\/#primaryimage\",\"url\":\"https:\/\/www.nexoinformativo.mx\/wp-content\/uploads\/2024\/09\/PHOTO-2024-09-25-09-54-45-e1727284641216.jpg\",\"contentUrl\":\"https:\/\/www.nexoinformativo.mx\/wp-content\/uploads\/2024\/09\/PHOTO-2024-09-25-09-54-45-e1727284641216.jpg\",\"width\":800,\"height\":533},{\"@type\":\"BreadcrumbList\",\"@id\":\"https:\/\/www.nexoinformativo.mx\/index.php\/2024\/09\/25\/diputados-federales-piden-reforzar-la-seguridad-en-la-autopista-57\/#breadcrumb\",\"itemListElement\":[{\"@type\":\"ListItem\",\"position\":1,\"name\":\"Inicio\",\"item\":\"https:\/\/www.nexoinformativo.mx\/\"},{\"@type\":\"ListItem\",\"position\":2,\"name\":\"Diputados Federales piden reforzar la seguridad en la autopista 57\"}]},{\"@type\":\"WebSite\",\"@id\":\"https:\/\/www.nexoinformativo.mx\/#website\",\"url\":\"https:\/\/www.nexoinformativo.mx\/\",\"name\":\"Nexo Informativo Santiago de Quer\u00e9taro\",\"description\":\"Explora NexoInformativo y convi\u00e9rtete en parte de una comunidad que valora el conocimiento y la verdad. Tu nexoinformativo es tu puente hacia una comprensi\u00f3n m\u00e1s profunda del mundo que te rodea.\",\"publisher\":{\"@id\":\"https:\/\/www.nexoinformativo.mx\/#organization\"},\"potentialAction\":[{\"@type\":\"SearchAction\",\"target\":{\"@type\":\"EntryPoint\",\"urlTemplate\":\"https:\/\/www.nexoinformativo.mx\/?s={search_term_string}\"},\"query-input\":{\"@type\":\"PropertyValueSpecification\",\"valueRequired\":true,\"valueName\":\"search_term_string\"}}],\"inLanguage\":\"es\"},{\"@type\":\"Organization\",\"@id\":\"https:\/\/www.nexoinformativo.mx\/#organization\",\"name\":\"Nexo Informativo Santiago de Quer\u00e9taro\",\"url\":\"https:\/\/www.nexoinformativo.mx\/\",\"logo\":{\"@type\":\"ImageObject\",\"inLanguage\":\"es\",\"@id\":\"https:\/\/www.nexoinformativo.mx\/#\/schema\/logo\/image\/\",\"url\":\"https:\/\/www.nexoinformativo.mx\/wp-content\/uploads\/2024\/07\/nexoi-trasparente-2.png\",\"contentUrl\":\"https:\/\/www.nexoinformativo.mx\/wp-content\/uploads\/2024\/07\/nexoi-trasparente-2.png\",\"width\":816,\"height\":339,\"caption\":\"Nexo Informativo Santiago de Quer\u00e9taro\"},\"image\":{\"@id\":\"https:\/\/www.nexoinformativo.mx\/#\/schema\/logo\/image\/\"},\"sameAs\":[\"https:\/\/www.facebook.com\/people\/Nexo-Informativo\/61564066885511\/\"]},{\"@type\":\"Person\",\"@id\":\"https:\/\/www.nexoinformativo.mx\/#\/schema\/person\/7749d380ba08c8ca00d7bc76fd907b7d\",\"name\":\"Nexo Informativo\",\"image\":{\"@type\":\"ImageObject\",\"inLanguage\":\"es\",\"@id\":\"https:\/\/www.nexoinformativo.mx\/#\/schema\/person\/image\/\",\"url\":\"https:\/\/secure.gravatar.com\/avatar\/dde2928154642a13d95f87ddf1ea9718fe2b46760a005c53e41ff5ad610704e6?s=96&d=mm&r=g\",\"contentUrl\":\"https:\/\/secure.gravatar.com\/avatar\/dde2928154642a13d95f87ddf1ea9718fe2b46760a005c53e41ff5ad610704e6?s=96&d=mm&r=g\",\"caption\":\"Nexo Informativo\"},\"url\":\"https:\/\/www.nexoinformativo.mx\/index.php\/author\/edicion\/\"}]}<\/script>\n<!-- \/ Yoast SEO plugin. -->","yoast_head_json":{"title":"Diputados Federales piden reforzar la seguridad en la autopista 57 | Nexo Informativo Santiago de Quer\u00e9taro","description":"Diputados Federales piden reforzar la seguridad en la autopista 57","robots":{"index":"index","follow":"follow","max-snippet":"max-snippet:-1","max-image-preview":"max-image-preview:large","max-video-preview":"max-video-preview:-1"},"canonical":"https:\/\/www.nexoinformativo.mx\/index.php\/2024\/09\/25\/diputados-federales-piden-reforzar-la-seguridad-en-la-autopista-57\/","og_locale":"es_MX","og_type":"article","og_title":"Diputados Federales piden reforzar la seguridad en la autopista 57 | Nexo Informativo Santiago de Quer\u00e9taro","og_description":"Diputados Federales piden reforzar la seguridad en la autopista 57","og_url":"https:\/\/www.nexoinformativo.mx\/index.php\/2024\/09\/25\/diputados-federales-piden-reforzar-la-seguridad-en-la-autopista-57\/","og_site_name":"Nexo Informativo Santiago de Quer\u00e9taro","article_publisher":"https:\/\/www.facebook.com\/people\/Nexo-Informativo\/61564066885511\/","article_published_time":"2024-09-25T15:00:41+00:00","article_modified_time":"2024-09-25T17:19:42+00:00","og_image":[{"width":800,"height":533,"url":"https:\/\/www.nexoinformativo.mx\/wp-content\/uploads\/2024\/09\/PHOTO-2024-09-25-09-54-45-e1727284641216.jpg","type":"image\/jpeg"}],"author":"Nexo Informativo","twitter_card":"summary_large_image","twitter_misc":{"Escrito por":"Nexo Informativo","Tiempo de lectura":"1 minuto"},"schema":{"@context":"https:\/\/schema.org","@graph":[{"@type":"Article","@id":"https:\/\/www.nexoinformativo.mx\/index.php\/2024\/09\/25\/diputados-federales-piden-reforzar-la-seguridad-en-la-autopista-57\/#article","isPartOf":{"@id":"https:\/\/www.nexoinformativo.mx\/index.php\/2024\/09\/25\/diputados-federales-piden-reforzar-la-seguridad-en-la-autopista-57\/"},"author":{"name":"Nexo Informativo","@id":"https:\/\/www.nexoinformativo.mx\/#\/schema\/person\/7749d380ba08c8ca00d7bc76fd907b7d"},"headline":"Diputados Federales piden reforzar la seguridad en la autopista 57","datePublished":"2024-09-25T15:00:41+00:00","dateModified":"2024-09-25T17:19:42+00:00","mainEntityOfPage":{"@id":"https:\/\/www.nexoinformativo.mx\/index.php\/2024\/09\/25\/diputados-federales-piden-reforzar-la-seguridad-en-la-autopista-57\/"},"wordCount":179,"commentCount":0,"publisher":{"@id":"https:\/\/www.nexoinformativo.mx\/#organization"},"image":{"@id":"https:\/\/www.nexoinformativo.mx\/index.php\/2024\/09\/25\/diputados-federales-piden-reforzar-la-seguridad-en-la-autopista-57\/#primaryimage"},"thumbnailUrl":"https:\/\/www.nexoinformativo.mx\/wp-content\/uploads\/2024\/09\/PHOTO-2024-09-25-09-54-45-e1727284641216.jpg","keywords":["DiputadosPRI","Protecci\u00f3nCiudadana","Quer\u00e9taroSeguridad","SeguridadAutopista57"],"articleSection":["\u00daltima Hora"],"inLanguage":"es","potentialAction":[{"@type":"CommentAction","name":"Comment","target":["https:\/\/www.nexoinformativo.mx\/index.php\/2024\/09\/25\/diputados-federales-piden-reforzar-la-seguridad-en-la-autopista-57\/#respond"]}]},{"@type":"WebPage","@id":"https:\/\/www.nexoinformativo.mx\/index.php\/2024\/09\/25\/diputados-federales-piden-reforzar-la-seguridad-en-la-autopista-57\/","url":"https:\/\/www.nexoinformativo.mx\/index.php\/2024\/09\/25\/diputados-federales-piden-reforzar-la-seguridad-en-la-autopista-57\/","name":"Diputados Federales piden reforzar la seguridad en la autopista 57 | Nexo Informativo Santiago de Quer\u00e9taro","isPartOf":{"@id":"https:\/\/www.nexoinformativo.mx\/#website"},"primaryImageOfPage":{"@id":"https:\/\/www.nexoinformativo.mx\/index.php\/2024\/09\/25\/diputados-federales-piden-reforzar-la-seguridad-en-la-autopista-57\/#primaryimage"},"image":{"@id":"https:\/\/www.nexoinformativo.mx\/index.php\/2024\/09\/25\/diputados-federales-piden-reforzar-la-seguridad-en-la-autopista-57\/#primaryimage"},"thumbnailUrl":"https:\/\/www.nexoinformativo.mx\/wp-content\/uploads\/2024\/09\/PHOTO-2024-09-25-09-54-45-e1727284641216.jpg","datePublished":"2024-09-25T15:00:41+00:00","dateModified":"2024-09-25T17:19:42+00:00","description":"Diputados Federales piden reforzar la seguridad en la autopista 57","breadcrumb":{"@id":"https:\/\/www.nexoinformativo.mx\/index.php\/2024\/09\/25\/diputados-federales-piden-reforzar-la-seguridad-en-la-autopista-57\/#breadcrumb"},"inLanguage":"es","potentialAction":[{"@type":"ReadAction","target":["https:\/\/www.nexoinformativo.mx\/index.php\/2024\/09\/25\/diputados-federales-piden-reforzar-la-seguridad-en-la-autopista-57\/"]}]},{"@type":"ImageObject","inLanguage":"es","@id":"https:\/\/www.nexoinformativo.mx\/index.php\/2024\/09\/25\/diputados-federales-piden-reforzar-la-seguridad-en-la-autopista-57\/#primaryimage","url":"https:\/\/www.nexoinformativo.mx\/wp-content\/uploads\/2024\/09\/PHOTO-2024-09-25-09-54-45-e1727284641216.jpg","contentUrl":"https:\/\/www.nexoinformativo.mx\/wp-content\/uploads\/2024\/09\/PHOTO-2024-09-25-09-54-45-e1727284641216.jpg","width":800,"height":533},{"@type":"BreadcrumbList","@id":"https:\/\/www.nexoinformativo.mx\/index.php\/2024\/09\/25\/diputados-federales-piden-reforzar-la-seguridad-en-la-autopista-57\/#breadcrumb","itemListElement":[{"@type":"ListItem","position":1,"name":"Inicio","item":"https:\/\/www.nexoinformativo.mx\/"},{"@type":"ListItem","position":2,"name":"Diputados Federales piden reforzar la seguridad en la autopista 57"}]},{"@type":"WebSite","@id":"https:\/\/www.nexoinformativo.mx\/#website","url":"https:\/\/www.nexoinformativo.mx\/","name":"Nexo Informativo Santiago de Quer\u00e9taro","description":"Explora NexoInformativo y convi\u00e9rtete en parte de una comunidad que valora el conocimiento y la verdad. Tu nexoinformativo es tu puente hacia una comprensi\u00f3n m\u00e1s profunda del mundo que te rodea.","publisher":{"@id":"https:\/\/www.nexoinformativo.mx\/#organization"},"potentialAction":[{"@type":"SearchAction","target":{"@type":"EntryPoint","urlTemplate":"https:\/\/www.nexoinformativo.mx\/?s={search_term_string}"},"query-input":{"@type":"PropertyValueSpecification","valueRequired":true,"valueName":"search_term_string"}}],"inLanguage":"es"},{"@type":"Organization","@id":"https:\/\/www.nexoinformativo.mx\/#organization","name":"Nexo Informativo Santiago de Quer\u00e9taro","url":"https:\/\/www.nexoinformativo.mx\/","logo":{"@type":"ImageObject","inLanguage":"es","@id":"https:\/\/www.nexoinformativo.mx\/#\/schema\/logo\/image\/","url":"https:\/\/www.nexoinformativo.mx\/wp-content\/uploads\/2024\/07\/nexoi-trasparente-2.png","contentUrl":"https:\/\/www.nexoinformativo.mx\/wp-content\/uploads\/2024\/07\/nexoi-trasparente-2.png","width":816,"height":339,"caption":"Nexo Informativo Santiago de Quer\u00e9taro"},"image":{"@id":"https:\/\/www.nexoinformativo.mx\/#\/schema\/logo\/image\/"},"sameAs":["https:\/\/www.facebook.com\/people\/Nexo-Informativo\/61564066885511\/"]},{"@type":"Person","@id":"https:\/\/www.nexoinformativo.mx\/#\/schema\/person\/7749d380ba08c8ca00d7bc76fd907b7d","name":"Nexo Informativo","image":{"@type":"ImageObject","inLanguage":"es","@id":"https:\/\/www.nexoinformativo.mx\/#\/schema\/person\/image\/","url":"https:\/\/secure.gravatar.com\/avatar\/dde2928154642a13d95f87ddf1ea9718fe2b46760a005c53e41ff5ad610704e6?s=96&d=mm&r=g","contentUrl":"https:\/\/secure.gravatar.com\/avatar\/dde2928154642a13d95f87ddf1ea9718fe2b46760a005c53e41ff5ad610704e6?s=96&d=mm&r=g","caption":"Nexo Informativo"},"url":"https:\/\/www.nexoinformativo.mx\/index.php\/author\/edicion\/"}]}},"_links":{"self":[{"href":"https:\/\/www.nexoinformativo.mx\/index.php\/wp-json\/wp\/v2\/posts\/2290","targetHints":{"allow":["GET"]}}],"collection":[{"href":"https:\/\/www.nexoinformativo.mx\/index.php\/wp-json\/wp\/v2\/posts"}],"about":[{"href":"https:\/\/www.nexoinformativo.mx\/index.php\/wp-json\/wp\/v2\/types\/post"}],"author":[{"embeddable":true,"href":"https:\/\/www.nexoinformativo.mx\/index.php\/wp-json\/wp\/v2\/users\/3"}],"replies":[{"embeddable":true,"href":"https:\/\/www.nexoinformativo.mx\/index.php\/wp-json\/wp\/v2\/comments?post=2290"}],"version-history":[{"count":3,"href":"https:\/\/www.nexoinformativo.mx\/index.php\/wp-json\/wp\/v2\/posts\/2290\/revisions"}],"predecessor-version":[{"id":2294,"href":"https:\/\/www.nexoinformativo.mx\/index.php\/wp-json\/wp\/v2\/posts\/2290\/revisions\/2294"}],"wp:featuredmedia":[{"embeddable":true,"href":"https:\/\/www.nexoinformativo.mx\/index.php\/wp-json\/wp\/v2\/media\/2292"}],"wp:attachment":[{"href":"https:\/\/www.nexoinformativo.mx\/index.php\/wp-json\/wp\/v2\/media?parent=2290"}],"wp:term":[{"taxonomy":"category","embeddable":true,"href":"https:\/\/www.nexoinformativo.mx\/index.php\/wp-json\/wp\/v2\/categories?post=2290"},{"taxonomy":"post_tag","embeddable":true,"href":"https:\/\/www.nexoinformativo.mx\/index.php\/wp-json\/wp\/v2\/tags?post=2290"}],"curies":[{"name":"wp","href":"https:\/\/api.w.org\/{rel}","templated":true}]}}