{"id":2312,"date":"2024-09-25T12:00:58","date_gmt":"2024-09-25T18:00:58","guid":{"rendered":"https:\/\/www.nexoinformativo.mx\/?p=2312"},"modified":"2024-09-25T15:38:51","modified_gmt":"2024-09-25T21:38:51","slug":"exceso-de-velocidad-principal-causa-de-siniestros-viales-en-mexico-stconapra","status":"publish","type":"post","link":"https:\/\/www.nexoinformativo.mx\/index.php\/2024\/09\/25\/exceso-de-velocidad-principal-causa-de-siniestros-viales-en-mexico-stconapra\/","title":{"rendered":"Exceso de velocidad, principal causa de siniestros viales en M\u00e9xico: STConapra"},"content":{"rendered":"<p style=\"text-align: justify;\">La Secretar\u00eda T\u00e9cnica del Consejo Nacional para la Prevenci\u00f3n de Accidentes (STConapra) revel\u00f3 que el 66% de los conductores en M\u00e9xico no respeta los l\u00edmites de velocidad, lo que incrementa significativamente el riesgo de siniestros viales y lesiones graves. Durante la Semana de la Seguridad Vial 2024, el titular de STConapra, Ra\u00fal G\u00f3mez Torres, destac\u00f3 que el uso del m\u00f3vil mientras se conduce es otro factor de riesgo, presente en el 36.2% de los accidentes.<\/p>\n<p>&nbsp;<\/p>\n<p style=\"text-align: justify;\">G\u00f3mez Torres tambi\u00e9n subray\u00f3 la importancia de homologar la Ley General de Movilidad y Seguridad Vial, que establece l\u00edmites de velocidad de entre 20 y 30 km\/h en zonas escolares y hospitales, para prevenir accidentes. Adem\u00e1s, indic\u00f3 que el uso de sistemas de retenci\u00f3n infantil, cinturones de seguridad y cascos certificados sigue siendo bajo, agravando las consecuencias de los siniestros.<\/p>\n<p>&nbsp;<\/p>\n<p style=\"text-align: justify;\">La Semana de la Seguridad Vial busca generar conciencia sobre estos riesgos y promover la educaci\u00f3n vial para reducir las muertes y lesiones en accidentes de tr\u00e1nsito.<\/p>\n","protected":false},"excerpt":{"rendered":"<p>La Secretar\u00eda T\u00e9cnica del Consejo Nacional para la Prevenci\u00f3n de Accidentes (STConapra) revel\u00f3 que el 66% de los conductores en M\u00e9xico no respeta los l\u00edmites de velocidad, lo que incrementa significativamente el riesgo de siniestros viales y lesiones graves<\/p>\n","protected":false},"author":3,"featured_media":2313,"comment_status":"open","ping_status":"open","sticky":false,"template":"","format":"standard","meta":{"footnotes":""},"categories":[88,58],"tags":[903,901,151,902],"class_list":["post-2312","post","type-post","status-publish","format-standard","has-post-thumbnail","hentry","category-nacional","category-ultima-hora","tag-concienciavial","tag-prevencionaccidentes","tag-seguridadvial","tag-semanaseguridadvial"],"yoast_head":"<!-- This site is optimized with the Yoast SEO plugin v25.0 - https:\/\/yoast.com\/wordpress\/plugins\/seo\/ -->\n<title>Exceso de velocidad, principal causa de siniestros viales en M\u00e9xico: STConapra | Nexo Informativo Santiago de Quer\u00e9taro<\/title>\n<meta name=\"description\" content=\"Exceso de velocidad, principal causa de siniestros viales en M\u00e9xico: STConapra\" \/>\n<meta name=\"robots\" content=\"index, follow, max-snippet:-1, max-image-preview:large, max-video-preview:-1\" \/>\n<link rel=\"canonical\" href=\"https:\/\/www.nexoinformativo.mx\/index.php\/2024\/09\/25\/exceso-de-velocidad-principal-causa-de-siniestros-viales-en-mexico-stconapra\/\" \/>\n<meta property=\"og:locale\" content=\"es_MX\" \/>\n<meta property=\"og:type\" content=\"article\" \/>\n<meta property=\"og:title\" content=\"Exceso de velocidad, principal causa de siniestros viales en M\u00e9xico: STConapra | Nexo Informativo Santiago de Quer\u00e9taro\" \/>\n<meta property=\"og:description\" content=\"Exceso de velocidad, principal causa de siniestros viales en M\u00e9xico: STConapra\" \/>\n<meta property=\"og:url\" content=\"https:\/\/www.nexoinformativo.mx\/index.php\/2024\/09\/25\/exceso-de-velocidad-principal-causa-de-siniestros-viales-en-mexico-stconapra\/\" \/>\n<meta property=\"og:site_name\" content=\"Nexo Informativo Santiago de Quer\u00e9taro\" \/>\n<meta property=\"article:publisher\" content=\"https:\/\/www.facebook.com\/people\/Nexo-Informativo\/61564066885511\/\" \/>\n<meta property=\"article:published_time\" content=\"2024-09-25T18:00:58+00:00\" \/>\n<meta property=\"article:modified_time\" content=\"2024-09-25T21:38:51+00:00\" \/>\n<meta property=\"og:image\" content=\"https:\/\/www.nexoinformativo.mx\/wp-content\/uploads\/2024\/09\/pexels-mzw87-20186719-scaled-e1727300145330.jpg\" \/>\n\t<meta property=\"og:image:width\" content=\"800\" \/>\n\t<meta property=\"og:image:height\" content=\"533\" \/>\n\t<meta property=\"og:image:type\" content=\"image\/jpeg\" \/>\n<meta name=\"author\" content=\"Nexo Informativo\" \/>\n<meta name=\"twitter:card\" content=\"summary_large_image\" \/>\n<meta name=\"twitter:label1\" content=\"Escrito por\" \/>\n\t<meta name=\"twitter:data1\" content=\"Nexo Informativo\" \/>\n\t<meta name=\"twitter:label2\" content=\"Tiempo de lectura\" \/>\n\t<meta name=\"twitter:data2\" content=\"1 minuto\" \/>\n<script type=\"application\/ld+json\" class=\"yoast-schema-graph\">{\"@context\":\"https:\/\/schema.org\",\"@graph\":[{\"@type\":\"Article\",\"@id\":\"https:\/\/www.nexoinformativo.mx\/index.php\/2024\/09\/25\/exceso-de-velocidad-principal-causa-de-siniestros-viales-en-mexico-stconapra\/#article\",\"isPartOf\":{\"@id\":\"https:\/\/www.nexoinformativo.mx\/index.php\/2024\/09\/25\/exceso-de-velocidad-principal-causa-de-siniestros-viales-en-mexico-stconapra\/\"},\"author\":{\"name\":\"Nexo Informativo\",\"@id\":\"https:\/\/www.nexoinformativo.mx\/#\/schema\/person\/7749d380ba08c8ca00d7bc76fd907b7d\"},\"headline\":\"Exceso de velocidad, principal causa de siniestros viales en M\u00e9xico: STConapra\",\"datePublished\":\"2024-09-25T18:00:58+00:00\",\"dateModified\":\"2024-09-25T21:38:51+00:00\",\"mainEntityOfPage\":{\"@id\":\"https:\/\/www.nexoinformativo.mx\/index.php\/2024\/09\/25\/exceso-de-velocidad-principal-causa-de-siniestros-viales-en-mexico-stconapra\/\"},\"wordCount\":187,\"commentCount\":0,\"publisher\":{\"@id\":\"https:\/\/www.nexoinformativo.mx\/#organization\"},\"image\":{\"@id\":\"https:\/\/www.nexoinformativo.mx\/index.php\/2024\/09\/25\/exceso-de-velocidad-principal-causa-de-siniestros-viales-en-mexico-stconapra\/#primaryimage\"},\"thumbnailUrl\":\"https:\/\/www.nexoinformativo.mx\/wp-content\/uploads\/2024\/09\/pexels-mzw87-20186719-scaled-e1727300145330.jpg\",\"keywords\":[\"ConcienciaVial\",\"Prevenci\u00f3nAccidentes\",\"seguridadvial\",\"SemanaSeguridadVial\"],\"articleSection\":[\"Nacional\",\"\u00daltima Hora\"],\"inLanguage\":\"es\",\"potentialAction\":[{\"@type\":\"CommentAction\",\"name\":\"Comment\",\"target\":[\"https:\/\/www.nexoinformativo.mx\/index.php\/2024\/09\/25\/exceso-de-velocidad-principal-causa-de-siniestros-viales-en-mexico-stconapra\/#respond\"]}]},{\"@type\":\"WebPage\",\"@id\":\"https:\/\/www.nexoinformativo.mx\/index.php\/2024\/09\/25\/exceso-de-velocidad-principal-causa-de-siniestros-viales-en-mexico-stconapra\/\",\"url\":\"https:\/\/www.nexoinformativo.mx\/index.php\/2024\/09\/25\/exceso-de-velocidad-principal-causa-de-siniestros-viales-en-mexico-stconapra\/\",\"name\":\"Exceso de velocidad, principal causa de siniestros viales en M\u00e9xico: STConapra | Nexo Informativo Santiago de Quer\u00e9taro\",\"isPartOf\":{\"@id\":\"https:\/\/www.nexoinformativo.mx\/#website\"},\"primaryImageOfPage\":{\"@id\":\"https:\/\/www.nexoinformativo.mx\/index.php\/2024\/09\/25\/exceso-de-velocidad-principal-causa-de-siniestros-viales-en-mexico-stconapra\/#primaryimage\"},\"image\":{\"@id\":\"https:\/\/www.nexoinformativo.mx\/index.php\/2024\/09\/25\/exceso-de-velocidad-principal-causa-de-siniestros-viales-en-mexico-stconapra\/#primaryimage\"},\"thumbnailUrl\":\"https:\/\/www.nexoinformativo.mx\/wp-content\/uploads\/2024\/09\/pexels-mzw87-20186719-scaled-e1727300145330.jpg\",\"datePublished\":\"2024-09-25T18:00:58+00:00\",\"dateModified\":\"2024-09-25T21:38:51+00:00\",\"description\":\"Exceso de velocidad, principal causa de siniestros viales en M\u00e9xico: STConapra\",\"breadcrumb\":{\"@id\":\"https:\/\/www.nexoinformativo.mx\/index.php\/2024\/09\/25\/exceso-de-velocidad-principal-causa-de-siniestros-viales-en-mexico-stconapra\/#breadcrumb\"},\"inLanguage\":\"es\",\"potentialAction\":[{\"@type\":\"ReadAction\",\"target\":[\"https:\/\/www.nexoinformativo.mx\/index.php\/2024\/09\/25\/exceso-de-velocidad-principal-causa-de-siniestros-viales-en-mexico-stconapra\/\"]}]},{\"@type\":\"ImageObject\",\"inLanguage\":\"es\",\"@id\":\"https:\/\/www.nexoinformativo.mx\/index.php\/2024\/09\/25\/exceso-de-velocidad-principal-causa-de-siniestros-viales-en-mexico-stconapra\/#primaryimage\",\"url\":\"https:\/\/www.nexoinformativo.mx\/wp-content\/uploads\/2024\/09\/pexels-mzw87-20186719-scaled-e1727300145330.jpg\",\"contentUrl\":\"https:\/\/www.nexoinformativo.mx\/wp-content\/uploads\/2024\/09\/pexels-mzw87-20186719-scaled-e1727300145330.jpg\",\"width\":800,\"height\":533},{\"@type\":\"BreadcrumbList\",\"@id\":\"https:\/\/www.nexoinformativo.mx\/index.php\/2024\/09\/25\/exceso-de-velocidad-principal-causa-de-siniestros-viales-en-mexico-stconapra\/#breadcrumb\",\"itemListElement\":[{\"@type\":\"ListItem\",\"position\":1,\"name\":\"Inicio\",\"item\":\"https:\/\/www.nexoinformativo.mx\/\"},{\"@type\":\"ListItem\",\"position\":2,\"name\":\"Exceso de velocidad, principal causa de siniestros viales en M\u00e9xico: STConapra\"}]},{\"@type\":\"WebSite\",\"@id\":\"https:\/\/www.nexoinformativo.mx\/#website\",\"url\":\"https:\/\/www.nexoinformativo.mx\/\",\"name\":\"Nexo Informativo Santiago de Quer\u00e9taro\",\"description\":\"Explora NexoInformativo y convi\u00e9rtete en parte de una comunidad que valora el conocimiento y la verdad. Tu nexoinformativo es tu puente hacia una comprensi\u00f3n m\u00e1s profunda del mundo que te rodea.\",\"publisher\":{\"@id\":\"https:\/\/www.nexoinformativo.mx\/#organization\"},\"potentialAction\":[{\"@type\":\"SearchAction\",\"target\":{\"@type\":\"EntryPoint\",\"urlTemplate\":\"https:\/\/www.nexoinformativo.mx\/?s={search_term_string}\"},\"query-input\":{\"@type\":\"PropertyValueSpecification\",\"valueRequired\":true,\"valueName\":\"search_term_string\"}}],\"inLanguage\":\"es\"},{\"@type\":\"Organization\",\"@id\":\"https:\/\/www.nexoinformativo.mx\/#organization\",\"name\":\"Nexo Informativo Santiago de Quer\u00e9taro\",\"url\":\"https:\/\/www.nexoinformativo.mx\/\",\"logo\":{\"@type\":\"ImageObject\",\"inLanguage\":\"es\",\"@id\":\"https:\/\/www.nexoinformativo.mx\/#\/schema\/logo\/image\/\",\"url\":\"https:\/\/www.nexoinformativo.mx\/wp-content\/uploads\/2024\/07\/nexoi-trasparente-2.png\",\"contentUrl\":\"https:\/\/www.nexoinformativo.mx\/wp-content\/uploads\/2024\/07\/nexoi-trasparente-2.png\",\"width\":816,\"height\":339,\"caption\":\"Nexo Informativo Santiago de Quer\u00e9taro\"},\"image\":{\"@id\":\"https:\/\/www.nexoinformativo.mx\/#\/schema\/logo\/image\/\"},\"sameAs\":[\"https:\/\/www.facebook.com\/people\/Nexo-Informativo\/61564066885511\/\"]},{\"@type\":\"Person\",\"@id\":\"https:\/\/www.nexoinformativo.mx\/#\/schema\/person\/7749d380ba08c8ca00d7bc76fd907b7d\",\"name\":\"Nexo Informativo\",\"image\":{\"@type\":\"ImageObject\",\"inLanguage\":\"es\",\"@id\":\"https:\/\/www.nexoinformativo.mx\/#\/schema\/person\/image\/\",\"url\":\"https:\/\/secure.gravatar.com\/avatar\/dde2928154642a13d95f87ddf1ea9718fe2b46760a005c53e41ff5ad610704e6?s=96&d=mm&r=g\",\"contentUrl\":\"https:\/\/secure.gravatar.com\/avatar\/dde2928154642a13d95f87ddf1ea9718fe2b46760a005c53e41ff5ad610704e6?s=96&d=mm&r=g\",\"caption\":\"Nexo Informativo\"},\"url\":\"https:\/\/www.nexoinformativo.mx\/index.php\/author\/edicion\/\"}]}<\/script>\n<!-- \/ Yoast SEO plugin. -->","yoast_head_json":{"title":"Exceso de velocidad, principal causa de siniestros viales en M\u00e9xico: STConapra | Nexo Informativo Santiago de Quer\u00e9taro","description":"Exceso de velocidad, principal causa de siniestros viales en M\u00e9xico: STConapra","robots":{"index":"index","follow":"follow","max-snippet":"max-snippet:-1","max-image-preview":"max-image-preview:large","max-video-preview":"max-video-preview:-1"},"canonical":"https:\/\/www.nexoinformativo.mx\/index.php\/2024\/09\/25\/exceso-de-velocidad-principal-causa-de-siniestros-viales-en-mexico-stconapra\/","og_locale":"es_MX","og_type":"article","og_title":"Exceso de velocidad, principal causa de siniestros viales en M\u00e9xico: STConapra | Nexo Informativo Santiago de Quer\u00e9taro","og_description":"Exceso de velocidad, principal causa de siniestros viales en M\u00e9xico: STConapra","og_url":"https:\/\/www.nexoinformativo.mx\/index.php\/2024\/09\/25\/exceso-de-velocidad-principal-causa-de-siniestros-viales-en-mexico-stconapra\/","og_site_name":"Nexo Informativo Santiago de Quer\u00e9taro","article_publisher":"https:\/\/www.facebook.com\/people\/Nexo-Informativo\/61564066885511\/","article_published_time":"2024-09-25T18:00:58+00:00","article_modified_time":"2024-09-25T21:38:51+00:00","og_image":[{"width":800,"height":533,"url":"https:\/\/www.nexoinformativo.mx\/wp-content\/uploads\/2024\/09\/pexels-mzw87-20186719-scaled-e1727300145330.jpg","type":"image\/jpeg"}],"author":"Nexo Informativo","twitter_card":"summary_large_image","twitter_misc":{"Escrito por":"Nexo Informativo","Tiempo de lectura":"1 minuto"},"schema":{"@context":"https:\/\/schema.org","@graph":[{"@type":"Article","@id":"https:\/\/www.nexoinformativo.mx\/index.php\/2024\/09\/25\/exceso-de-velocidad-principal-causa-de-siniestros-viales-en-mexico-stconapra\/#article","isPartOf":{"@id":"https:\/\/www.nexoinformativo.mx\/index.php\/2024\/09\/25\/exceso-de-velocidad-principal-causa-de-siniestros-viales-en-mexico-stconapra\/"},"author":{"name":"Nexo Informativo","@id":"https:\/\/www.nexoinformativo.mx\/#\/schema\/person\/7749d380ba08c8ca00d7bc76fd907b7d"},"headline":"Exceso de velocidad, principal causa de siniestros viales en M\u00e9xico: STConapra","datePublished":"2024-09-25T18:00:58+00:00","dateModified":"2024-09-25T21:38:51+00:00","mainEntityOfPage":{"@id":"https:\/\/www.nexoinformativo.mx\/index.php\/2024\/09\/25\/exceso-de-velocidad-principal-causa-de-siniestros-viales-en-mexico-stconapra\/"},"wordCount":187,"commentCount":0,"publisher":{"@id":"https:\/\/www.nexoinformativo.mx\/#organization"},"image":{"@id":"https:\/\/www.nexoinformativo.mx\/index.php\/2024\/09\/25\/exceso-de-velocidad-principal-causa-de-siniestros-viales-en-mexico-stconapra\/#primaryimage"},"thumbnailUrl":"https:\/\/www.nexoinformativo.mx\/wp-content\/uploads\/2024\/09\/pexels-mzw87-20186719-scaled-e1727300145330.jpg","keywords":["ConcienciaVial","Prevenci\u00f3nAccidentes","seguridadvial","SemanaSeguridadVial"],"articleSection":["Nacional","\u00daltima Hora"],"inLanguage":"es","potentialAction":[{"@type":"CommentAction","name":"Comment","target":["https:\/\/www.nexoinformativo.mx\/index.php\/2024\/09\/25\/exceso-de-velocidad-principal-causa-de-siniestros-viales-en-mexico-stconapra\/#respond"]}]},{"@type":"WebPage","@id":"https:\/\/www.nexoinformativo.mx\/index.php\/2024\/09\/25\/exceso-de-velocidad-principal-causa-de-siniestros-viales-en-mexico-stconapra\/","url":"https:\/\/www.nexoinformativo.mx\/index.php\/2024\/09\/25\/exceso-de-velocidad-principal-causa-de-siniestros-viales-en-mexico-stconapra\/","name":"Exceso de velocidad, principal causa de siniestros viales en M\u00e9xico: STConapra | Nexo Informativo Santiago de Quer\u00e9taro","isPartOf":{"@id":"https:\/\/www.nexoinformativo.mx\/#website"},"primaryImageOfPage":{"@id":"https:\/\/www.nexoinformativo.mx\/index.php\/2024\/09\/25\/exceso-de-velocidad-principal-causa-de-siniestros-viales-en-mexico-stconapra\/#primaryimage"},"image":{"@id":"https:\/\/www.nexoinformativo.mx\/index.php\/2024\/09\/25\/exceso-de-velocidad-principal-causa-de-siniestros-viales-en-mexico-stconapra\/#primaryimage"},"thumbnailUrl":"https:\/\/www.nexoinformativo.mx\/wp-content\/uploads\/2024\/09\/pexels-mzw87-20186719-scaled-e1727300145330.jpg","datePublished":"2024-09-25T18:00:58+00:00","dateModified":"2024-09-25T21:38:51+00:00","description":"Exceso de velocidad, principal causa de siniestros viales en M\u00e9xico: STConapra","breadcrumb":{"@id":"https:\/\/www.nexoinformativo.mx\/index.php\/2024\/09\/25\/exceso-de-velocidad-principal-causa-de-siniestros-viales-en-mexico-stconapra\/#breadcrumb"},"inLanguage":"es","potentialAction":[{"@type":"ReadAction","target":["https:\/\/www.nexoinformativo.mx\/index.php\/2024\/09\/25\/exceso-de-velocidad-principal-causa-de-siniestros-viales-en-mexico-stconapra\/"]}]},{"@type":"ImageObject","inLanguage":"es","@id":"https:\/\/www.nexoinformativo.mx\/index.php\/2024\/09\/25\/exceso-de-velocidad-principal-causa-de-siniestros-viales-en-mexico-stconapra\/#primaryimage","url":"https:\/\/www.nexoinformativo.mx\/wp-content\/uploads\/2024\/09\/pexels-mzw87-20186719-scaled-e1727300145330.jpg","contentUrl":"https:\/\/www.nexoinformativo.mx\/wp-content\/uploads\/2024\/09\/pexels-mzw87-20186719-scaled-e1727300145330.jpg","width":800,"height":533},{"@type":"BreadcrumbList","@id":"https:\/\/www.nexoinformativo.mx\/index.php\/2024\/09\/25\/exceso-de-velocidad-principal-causa-de-siniestros-viales-en-mexico-stconapra\/#breadcrumb","itemListElement":[{"@type":"ListItem","position":1,"name":"Inicio","item":"https:\/\/www.nexoinformativo.mx\/"},{"@type":"ListItem","position":2,"name":"Exceso de velocidad, principal causa de siniestros viales en M\u00e9xico: STConapra"}]},{"@type":"WebSite","@id":"https:\/\/www.nexoinformativo.mx\/#website","url":"https:\/\/www.nexoinformativo.mx\/","name":"Nexo Informativo Santiago de Quer\u00e9taro","description":"Explora NexoInformativo y convi\u00e9rtete en parte de una comunidad que valora el conocimiento y la verdad. Tu nexoinformativo es tu puente hacia una comprensi\u00f3n m\u00e1s profunda del mundo que te rodea.","publisher":{"@id":"https:\/\/www.nexoinformativo.mx\/#organization"},"potentialAction":[{"@type":"SearchAction","target":{"@type":"EntryPoint","urlTemplate":"https:\/\/www.nexoinformativo.mx\/?s={search_term_string}"},"query-input":{"@type":"PropertyValueSpecification","valueRequired":true,"valueName":"search_term_string"}}],"inLanguage":"es"},{"@type":"Organization","@id":"https:\/\/www.nexoinformativo.mx\/#organization","name":"Nexo Informativo Santiago de Quer\u00e9taro","url":"https:\/\/www.nexoinformativo.mx\/","logo":{"@type":"ImageObject","inLanguage":"es","@id":"https:\/\/www.nexoinformativo.mx\/#\/schema\/logo\/image\/","url":"https:\/\/www.nexoinformativo.mx\/wp-content\/uploads\/2024\/07\/nexoi-trasparente-2.png","contentUrl":"https:\/\/www.nexoinformativo.mx\/wp-content\/uploads\/2024\/07\/nexoi-trasparente-2.png","width":816,"height":339,"caption":"Nexo Informativo Santiago de Quer\u00e9taro"},"image":{"@id":"https:\/\/www.nexoinformativo.mx\/#\/schema\/logo\/image\/"},"sameAs":["https:\/\/www.facebook.com\/people\/Nexo-Informativo\/61564066885511\/"]},{"@type":"Person","@id":"https:\/\/www.nexoinformativo.mx\/#\/schema\/person\/7749d380ba08c8ca00d7bc76fd907b7d","name":"Nexo Informativo","image":{"@type":"ImageObject","inLanguage":"es","@id":"https:\/\/www.nexoinformativo.mx\/#\/schema\/person\/image\/","url":"https:\/\/secure.gravatar.com\/avatar\/dde2928154642a13d95f87ddf1ea9718fe2b46760a005c53e41ff5ad610704e6?s=96&d=mm&r=g","contentUrl":"https:\/\/secure.gravatar.com\/avatar\/dde2928154642a13d95f87ddf1ea9718fe2b46760a005c53e41ff5ad610704e6?s=96&d=mm&r=g","caption":"Nexo Informativo"},"url":"https:\/\/www.nexoinformativo.mx\/index.php\/author\/edicion\/"}]}},"_links":{"self":[{"href":"https:\/\/www.nexoinformativo.mx\/index.php\/wp-json\/wp\/v2\/posts\/2312","targetHints":{"allow":["GET"]}}],"collection":[{"href":"https:\/\/www.nexoinformativo.mx\/index.php\/wp-json\/wp\/v2\/posts"}],"about":[{"href":"https:\/\/www.nexoinformativo.mx\/index.php\/wp-json\/wp\/v2\/types\/post"}],"author":[{"embeddable":true,"href":"https:\/\/www.nexoinformativo.mx\/index.php\/wp-json\/wp\/v2\/users\/3"}],"replies":[{"embeddable":true,"href":"https:\/\/www.nexoinformativo.mx\/index.php\/wp-json\/wp\/v2\/comments?post=2312"}],"version-history":[{"count":2,"href":"https:\/\/www.nexoinformativo.mx\/index.php\/wp-json\/wp\/v2\/posts\/2312\/revisions"}],"predecessor-version":[{"id":2315,"href":"https:\/\/www.nexoinformativo.mx\/index.php\/wp-json\/wp\/v2\/posts\/2312\/revisions\/2315"}],"wp:featuredmedia":[{"embeddable":true,"href":"https:\/\/www.nexoinformativo.mx\/index.php\/wp-json\/wp\/v2\/media\/2313"}],"wp:attachment":[{"href":"https:\/\/www.nexoinformativo.mx\/index.php\/wp-json\/wp\/v2\/media?parent=2312"}],"wp:term":[{"taxonomy":"category","embeddable":true,"href":"https:\/\/www.nexoinformativo.mx\/index.php\/wp-json\/wp\/v2\/categories?post=2312"},{"taxonomy":"post_tag","embeddable":true,"href":"https:\/\/www.nexoinformativo.mx\/index.php\/wp-json\/wp\/v2\/tags?post=2312"}],"curies":[{"name":"wp","href":"https:\/\/api.w.org\/{rel}","templated":true}]}}