{"id":2316,"date":"2024-09-25T17:00:13","date_gmt":"2024-09-25T23:00:13","guid":{"rendered":"https:\/\/www.nexoinformativo.mx\/?p=2316"},"modified":"2024-09-25T18:40:21","modified_gmt":"2024-09-26T00:40:21","slug":"ex-alcalde-de-colon-sentenciado-por-corrupcion-debera-reparar-dano-y-cumplir-prision","status":"publish","type":"post","link":"https:\/\/www.nexoinformativo.mx\/index.php\/2024\/09\/25\/ex-alcalde-de-colon-sentenciado-por-corrupcion-debera-reparar-dano-y-cumplir-prision\/","title":{"rendered":"Ex alcalde de Col\u00f3n sentenciado por corrupci\u00f3n: deber\u00e1 reparar da\u00f1o y cumplir prisi\u00f3n"},"content":{"rendered":"<p style=\"text-align: justify;\">Un ex presidente municipal de Col\u00f3n ha sido sentenciado por el delito de corrupci\u00f3n, espec\u00edficamente por tr\u00e1fico de influencias. La Fiscal\u00eda Especializada en el Combate a la Corrupci\u00f3n inform\u00f3 que la sentencia incluye cuatro a\u00f1os y nueve meses de prisi\u00f3n, adem\u00e1s de una reparaci\u00f3n del da\u00f1o de m\u00e1s de 42 millones de pesos a favor del municipio.<\/p>\n<p>&nbsp;<\/p>\n<p style=\"text-align: justify;\">Los hechos datan de 2017, cuando el acusado acept\u00f3 un pago en efectivo por un terreno destinado al equipamiento municipal, muy por debajo de su valor real. Esta sentencia tambi\u00e9n inhabilita al ex alcalde para ocupar cargos p\u00fablicos durante el tiempo que dure su condena.<\/p>\n","protected":false},"excerpt":{"rendered":"<p>Un ex presidente municipal de Col\u00f3n ha sido sentenciado por el delito de corrupci\u00f3n, espec\u00edficamente por tr\u00e1fico de influencias.<\/p>\n","protected":false},"author":3,"featured_media":2317,"comment_status":"open","ping_status":"open","sticky":false,"template":"","format":"standard","meta":{"footnotes":""},"categories":[65,58],"tags":[904,905,907,906],"class_list":["post-2316","post","type-post","status-publish","format-standard","has-post-thumbnail","hentry","category-municipios","category-ultima-hora","tag-corrupcioncero","tag-justiciaencolon","tag-sentenciahistorica","tag-transparenciapublica"],"yoast_head":"<!-- This site is optimized with the Yoast SEO plugin v25.0 - https:\/\/yoast.com\/wordpress\/plugins\/seo\/ -->\n<title>Ex alcalde de Col\u00f3n sentenciado por corrupci\u00f3n: deber\u00e1 reparar da\u00f1o y cumplir prisi\u00f3n | Nexo Informativo Santiago de Quer\u00e9taro<\/title>\n<meta name=\"description\" content=\"Ex alcalde de Col\u00f3n sentenciado por corrupci\u00f3n: deber\u00e1 reparar da\u00f1o y cumplir prisi\u00f3n\" \/>\n<meta name=\"robots\" content=\"index, follow, max-snippet:-1, max-image-preview:large, max-video-preview:-1\" \/>\n<link rel=\"canonical\" href=\"https:\/\/www.nexoinformativo.mx\/index.php\/2024\/09\/25\/ex-alcalde-de-colon-sentenciado-por-corrupcion-debera-reparar-dano-y-cumplir-prision\/\" \/>\n<meta property=\"og:locale\" content=\"es_MX\" \/>\n<meta property=\"og:type\" content=\"article\" \/>\n<meta property=\"og:title\" content=\"Ex alcalde de Col\u00f3n sentenciado por corrupci\u00f3n: deber\u00e1 reparar da\u00f1o y cumplir prisi\u00f3n | Nexo Informativo Santiago de Quer\u00e9taro\" \/>\n<meta property=\"og:description\" content=\"Ex alcalde de Col\u00f3n sentenciado por corrupci\u00f3n: deber\u00e1 reparar da\u00f1o y cumplir prisi\u00f3n\" \/>\n<meta property=\"og:url\" content=\"https:\/\/www.nexoinformativo.mx\/index.php\/2024\/09\/25\/ex-alcalde-de-colon-sentenciado-por-corrupcion-debera-reparar-dano-y-cumplir-prision\/\" \/>\n<meta property=\"og:site_name\" content=\"Nexo Informativo Santiago de Quer\u00e9taro\" \/>\n<meta property=\"article:publisher\" content=\"https:\/\/www.facebook.com\/people\/Nexo-Informativo\/61564066885511\/\" \/>\n<meta property=\"article:published_time\" content=\"2024-09-25T23:00:13+00:00\" \/>\n<meta property=\"article:modified_time\" content=\"2024-09-26T00:40:21+00:00\" \/>\n<meta property=\"og:image\" content=\"https:\/\/www.nexoinformativo.mx\/wp-content\/uploads\/2024\/09\/PHOTO-2024-09-25-17-43-55-e1727311088846.jpg\" \/>\n\t<meta property=\"og:image:width\" content=\"800\" \/>\n\t<meta property=\"og:image:height\" content=\"533\" \/>\n\t<meta property=\"og:image:type\" content=\"image\/jpeg\" \/>\n<meta name=\"author\" content=\"Nexo Informativo\" \/>\n<meta name=\"twitter:card\" content=\"summary_large_image\" \/>\n<meta name=\"twitter:label1\" content=\"Escrito por\" \/>\n\t<meta name=\"twitter:data1\" content=\"Nexo Informativo\" \/>\n\t<meta name=\"twitter:label2\" content=\"Tiempo de lectura\" \/>\n\t<meta name=\"twitter:data2\" content=\"1 minuto\" \/>\n<script type=\"application\/ld+json\" class=\"yoast-schema-graph\">{\"@context\":\"https:\/\/schema.org\",\"@graph\":[{\"@type\":\"Article\",\"@id\":\"https:\/\/www.nexoinformativo.mx\/index.php\/2024\/09\/25\/ex-alcalde-de-colon-sentenciado-por-corrupcion-debera-reparar-dano-y-cumplir-prision\/#article\",\"isPartOf\":{\"@id\":\"https:\/\/www.nexoinformativo.mx\/index.php\/2024\/09\/25\/ex-alcalde-de-colon-sentenciado-por-corrupcion-debera-reparar-dano-y-cumplir-prision\/\"},\"author\":{\"name\":\"Nexo Informativo\",\"@id\":\"https:\/\/www.nexoinformativo.mx\/#\/schema\/person\/7749d380ba08c8ca00d7bc76fd907b7d\"},\"headline\":\"Ex alcalde de Col\u00f3n sentenciado por corrupci\u00f3n: deber\u00e1 reparar da\u00f1o y cumplir prisi\u00f3n\",\"datePublished\":\"2024-09-25T23:00:13+00:00\",\"dateModified\":\"2024-09-26T00:40:21+00:00\",\"mainEntityOfPage\":{\"@id\":\"https:\/\/www.nexoinformativo.mx\/index.php\/2024\/09\/25\/ex-alcalde-de-colon-sentenciado-por-corrupcion-debera-reparar-dano-y-cumplir-prision\/\"},\"wordCount\":132,\"commentCount\":0,\"publisher\":{\"@id\":\"https:\/\/www.nexoinformativo.mx\/#organization\"},\"image\":{\"@id\":\"https:\/\/www.nexoinformativo.mx\/index.php\/2024\/09\/25\/ex-alcalde-de-colon-sentenciado-por-corrupcion-debera-reparar-dano-y-cumplir-prision\/#primaryimage\"},\"thumbnailUrl\":\"https:\/\/www.nexoinformativo.mx\/wp-content\/uploads\/2024\/09\/PHOTO-2024-09-25-17-43-55-e1727311088846.jpg\",\"keywords\":[\"Corrupci\u00f3nCero\",\"JusticiaEnCol\u00f3n\",\"SentenciaHist\u00f3rica\",\"TransparenciaP\u00fablica\"],\"articleSection\":[\"Municipios\",\"\u00daltima Hora\"],\"inLanguage\":\"es\",\"potentialAction\":[{\"@type\":\"CommentAction\",\"name\":\"Comment\",\"target\":[\"https:\/\/www.nexoinformativo.mx\/index.php\/2024\/09\/25\/ex-alcalde-de-colon-sentenciado-por-corrupcion-debera-reparar-dano-y-cumplir-prision\/#respond\"]}]},{\"@type\":\"WebPage\",\"@id\":\"https:\/\/www.nexoinformativo.mx\/index.php\/2024\/09\/25\/ex-alcalde-de-colon-sentenciado-por-corrupcion-debera-reparar-dano-y-cumplir-prision\/\",\"url\":\"https:\/\/www.nexoinformativo.mx\/index.php\/2024\/09\/25\/ex-alcalde-de-colon-sentenciado-por-corrupcion-debera-reparar-dano-y-cumplir-prision\/\",\"name\":\"Ex alcalde de Col\u00f3n sentenciado por corrupci\u00f3n: deber\u00e1 reparar da\u00f1o y cumplir prisi\u00f3n | Nexo Informativo Santiago de Quer\u00e9taro\",\"isPartOf\":{\"@id\":\"https:\/\/www.nexoinformativo.mx\/#website\"},\"primaryImageOfPage\":{\"@id\":\"https:\/\/www.nexoinformativo.mx\/index.php\/2024\/09\/25\/ex-alcalde-de-colon-sentenciado-por-corrupcion-debera-reparar-dano-y-cumplir-prision\/#primaryimage\"},\"image\":{\"@id\":\"https:\/\/www.nexoinformativo.mx\/index.php\/2024\/09\/25\/ex-alcalde-de-colon-sentenciado-por-corrupcion-debera-reparar-dano-y-cumplir-prision\/#primaryimage\"},\"thumbnailUrl\":\"https:\/\/www.nexoinformativo.mx\/wp-content\/uploads\/2024\/09\/PHOTO-2024-09-25-17-43-55-e1727311088846.jpg\",\"datePublished\":\"2024-09-25T23:00:13+00:00\",\"dateModified\":\"2024-09-26T00:40:21+00:00\",\"description\":\"Ex alcalde de Col\u00f3n sentenciado por corrupci\u00f3n: deber\u00e1 reparar da\u00f1o y cumplir prisi\u00f3n\",\"breadcrumb\":{\"@id\":\"https:\/\/www.nexoinformativo.mx\/index.php\/2024\/09\/25\/ex-alcalde-de-colon-sentenciado-por-corrupcion-debera-reparar-dano-y-cumplir-prision\/#breadcrumb\"},\"inLanguage\":\"es\",\"potentialAction\":[{\"@type\":\"ReadAction\",\"target\":[\"https:\/\/www.nexoinformativo.mx\/index.php\/2024\/09\/25\/ex-alcalde-de-colon-sentenciado-por-corrupcion-debera-reparar-dano-y-cumplir-prision\/\"]}]},{\"@type\":\"ImageObject\",\"inLanguage\":\"es\",\"@id\":\"https:\/\/www.nexoinformativo.mx\/index.php\/2024\/09\/25\/ex-alcalde-de-colon-sentenciado-por-corrupcion-debera-reparar-dano-y-cumplir-prision\/#primaryimage\",\"url\":\"https:\/\/www.nexoinformativo.mx\/wp-content\/uploads\/2024\/09\/PHOTO-2024-09-25-17-43-55-e1727311088846.jpg\",\"contentUrl\":\"https:\/\/www.nexoinformativo.mx\/wp-content\/uploads\/2024\/09\/PHOTO-2024-09-25-17-43-55-e1727311088846.jpg\",\"width\":800,\"height\":533},{\"@type\":\"BreadcrumbList\",\"@id\":\"https:\/\/www.nexoinformativo.mx\/index.php\/2024\/09\/25\/ex-alcalde-de-colon-sentenciado-por-corrupcion-debera-reparar-dano-y-cumplir-prision\/#breadcrumb\",\"itemListElement\":[{\"@type\":\"ListItem\",\"position\":1,\"name\":\"Inicio\",\"item\":\"https:\/\/www.nexoinformativo.mx\/\"},{\"@type\":\"ListItem\",\"position\":2,\"name\":\"Ex alcalde de Col\u00f3n sentenciado por corrupci\u00f3n: deber\u00e1 reparar da\u00f1o y cumplir prisi\u00f3n\"}]},{\"@type\":\"WebSite\",\"@id\":\"https:\/\/www.nexoinformativo.mx\/#website\",\"url\":\"https:\/\/www.nexoinformativo.mx\/\",\"name\":\"Nexo Informativo Santiago de Quer\u00e9taro\",\"description\":\"Explora NexoInformativo y convi\u00e9rtete en parte de una comunidad que valora el conocimiento y la verdad. Tu nexoinformativo es tu puente hacia una comprensi\u00f3n m\u00e1s profunda del mundo que te rodea.\",\"publisher\":{\"@id\":\"https:\/\/www.nexoinformativo.mx\/#organization\"},\"potentialAction\":[{\"@type\":\"SearchAction\",\"target\":{\"@type\":\"EntryPoint\",\"urlTemplate\":\"https:\/\/www.nexoinformativo.mx\/?s={search_term_string}\"},\"query-input\":{\"@type\":\"PropertyValueSpecification\",\"valueRequired\":true,\"valueName\":\"search_term_string\"}}],\"inLanguage\":\"es\"},{\"@type\":\"Organization\",\"@id\":\"https:\/\/www.nexoinformativo.mx\/#organization\",\"name\":\"Nexo Informativo Santiago de Quer\u00e9taro\",\"url\":\"https:\/\/www.nexoinformativo.mx\/\",\"logo\":{\"@type\":\"ImageObject\",\"inLanguage\":\"es\",\"@id\":\"https:\/\/www.nexoinformativo.mx\/#\/schema\/logo\/image\/\",\"url\":\"https:\/\/www.nexoinformativo.mx\/wp-content\/uploads\/2024\/07\/nexoi-trasparente-2.png\",\"contentUrl\":\"https:\/\/www.nexoinformativo.mx\/wp-content\/uploads\/2024\/07\/nexoi-trasparente-2.png\",\"width\":816,\"height\":339,\"caption\":\"Nexo Informativo Santiago de Quer\u00e9taro\"},\"image\":{\"@id\":\"https:\/\/www.nexoinformativo.mx\/#\/schema\/logo\/image\/\"},\"sameAs\":[\"https:\/\/www.facebook.com\/people\/Nexo-Informativo\/61564066885511\/\"]},{\"@type\":\"Person\",\"@id\":\"https:\/\/www.nexoinformativo.mx\/#\/schema\/person\/7749d380ba08c8ca00d7bc76fd907b7d\",\"name\":\"Nexo Informativo\",\"image\":{\"@type\":\"ImageObject\",\"inLanguage\":\"es\",\"@id\":\"https:\/\/www.nexoinformativo.mx\/#\/schema\/person\/image\/\",\"url\":\"https:\/\/secure.gravatar.com\/avatar\/dde2928154642a13d95f87ddf1ea9718fe2b46760a005c53e41ff5ad610704e6?s=96&d=mm&r=g\",\"contentUrl\":\"https:\/\/secure.gravatar.com\/avatar\/dde2928154642a13d95f87ddf1ea9718fe2b46760a005c53e41ff5ad610704e6?s=96&d=mm&r=g\",\"caption\":\"Nexo Informativo\"},\"url\":\"https:\/\/www.nexoinformativo.mx\/index.php\/author\/edicion\/\"}]}<\/script>\n<!-- \/ Yoast SEO plugin. -->","yoast_head_json":{"title":"Ex alcalde de Col\u00f3n sentenciado por corrupci\u00f3n: deber\u00e1 reparar da\u00f1o y cumplir prisi\u00f3n | Nexo Informativo Santiago de Quer\u00e9taro","description":"Ex alcalde de Col\u00f3n sentenciado por corrupci\u00f3n: deber\u00e1 reparar da\u00f1o y cumplir prisi\u00f3n","robots":{"index":"index","follow":"follow","max-snippet":"max-snippet:-1","max-image-preview":"max-image-preview:large","max-video-preview":"max-video-preview:-1"},"canonical":"https:\/\/www.nexoinformativo.mx\/index.php\/2024\/09\/25\/ex-alcalde-de-colon-sentenciado-por-corrupcion-debera-reparar-dano-y-cumplir-prision\/","og_locale":"es_MX","og_type":"article","og_title":"Ex alcalde de Col\u00f3n sentenciado por corrupci\u00f3n: deber\u00e1 reparar da\u00f1o y cumplir prisi\u00f3n | Nexo Informativo Santiago de Quer\u00e9taro","og_description":"Ex alcalde de Col\u00f3n sentenciado por corrupci\u00f3n: deber\u00e1 reparar da\u00f1o y cumplir prisi\u00f3n","og_url":"https:\/\/www.nexoinformativo.mx\/index.php\/2024\/09\/25\/ex-alcalde-de-colon-sentenciado-por-corrupcion-debera-reparar-dano-y-cumplir-prision\/","og_site_name":"Nexo Informativo Santiago de Quer\u00e9taro","article_publisher":"https:\/\/www.facebook.com\/people\/Nexo-Informativo\/61564066885511\/","article_published_time":"2024-09-25T23:00:13+00:00","article_modified_time":"2024-09-26T00:40:21+00:00","og_image":[{"width":800,"height":533,"url":"https:\/\/www.nexoinformativo.mx\/wp-content\/uploads\/2024\/09\/PHOTO-2024-09-25-17-43-55-e1727311088846.jpg","type":"image\/jpeg"}],"author":"Nexo Informativo","twitter_card":"summary_large_image","twitter_misc":{"Escrito por":"Nexo Informativo","Tiempo de lectura":"1 minuto"},"schema":{"@context":"https:\/\/schema.org","@graph":[{"@type":"Article","@id":"https:\/\/www.nexoinformativo.mx\/index.php\/2024\/09\/25\/ex-alcalde-de-colon-sentenciado-por-corrupcion-debera-reparar-dano-y-cumplir-prision\/#article","isPartOf":{"@id":"https:\/\/www.nexoinformativo.mx\/index.php\/2024\/09\/25\/ex-alcalde-de-colon-sentenciado-por-corrupcion-debera-reparar-dano-y-cumplir-prision\/"},"author":{"name":"Nexo Informativo","@id":"https:\/\/www.nexoinformativo.mx\/#\/schema\/person\/7749d380ba08c8ca00d7bc76fd907b7d"},"headline":"Ex alcalde de Col\u00f3n sentenciado por corrupci\u00f3n: deber\u00e1 reparar da\u00f1o y cumplir prisi\u00f3n","datePublished":"2024-09-25T23:00:13+00:00","dateModified":"2024-09-26T00:40:21+00:00","mainEntityOfPage":{"@id":"https:\/\/www.nexoinformativo.mx\/index.php\/2024\/09\/25\/ex-alcalde-de-colon-sentenciado-por-corrupcion-debera-reparar-dano-y-cumplir-prision\/"},"wordCount":132,"commentCount":0,"publisher":{"@id":"https:\/\/www.nexoinformativo.mx\/#organization"},"image":{"@id":"https:\/\/www.nexoinformativo.mx\/index.php\/2024\/09\/25\/ex-alcalde-de-colon-sentenciado-por-corrupcion-debera-reparar-dano-y-cumplir-prision\/#primaryimage"},"thumbnailUrl":"https:\/\/www.nexoinformativo.mx\/wp-content\/uploads\/2024\/09\/PHOTO-2024-09-25-17-43-55-e1727311088846.jpg","keywords":["Corrupci\u00f3nCero","JusticiaEnCol\u00f3n","SentenciaHist\u00f3rica","TransparenciaP\u00fablica"],"articleSection":["Municipios","\u00daltima Hora"],"inLanguage":"es","potentialAction":[{"@type":"CommentAction","name":"Comment","target":["https:\/\/www.nexoinformativo.mx\/index.php\/2024\/09\/25\/ex-alcalde-de-colon-sentenciado-por-corrupcion-debera-reparar-dano-y-cumplir-prision\/#respond"]}]},{"@type":"WebPage","@id":"https:\/\/www.nexoinformativo.mx\/index.php\/2024\/09\/25\/ex-alcalde-de-colon-sentenciado-por-corrupcion-debera-reparar-dano-y-cumplir-prision\/","url":"https:\/\/www.nexoinformativo.mx\/index.php\/2024\/09\/25\/ex-alcalde-de-colon-sentenciado-por-corrupcion-debera-reparar-dano-y-cumplir-prision\/","name":"Ex alcalde de Col\u00f3n sentenciado por corrupci\u00f3n: deber\u00e1 reparar da\u00f1o y cumplir prisi\u00f3n | Nexo Informativo Santiago de Quer\u00e9taro","isPartOf":{"@id":"https:\/\/www.nexoinformativo.mx\/#website"},"primaryImageOfPage":{"@id":"https:\/\/www.nexoinformativo.mx\/index.php\/2024\/09\/25\/ex-alcalde-de-colon-sentenciado-por-corrupcion-debera-reparar-dano-y-cumplir-prision\/#primaryimage"},"image":{"@id":"https:\/\/www.nexoinformativo.mx\/index.php\/2024\/09\/25\/ex-alcalde-de-colon-sentenciado-por-corrupcion-debera-reparar-dano-y-cumplir-prision\/#primaryimage"},"thumbnailUrl":"https:\/\/www.nexoinformativo.mx\/wp-content\/uploads\/2024\/09\/PHOTO-2024-09-25-17-43-55-e1727311088846.jpg","datePublished":"2024-09-25T23:00:13+00:00","dateModified":"2024-09-26T00:40:21+00:00","description":"Ex alcalde de Col\u00f3n sentenciado por corrupci\u00f3n: deber\u00e1 reparar da\u00f1o y cumplir prisi\u00f3n","breadcrumb":{"@id":"https:\/\/www.nexoinformativo.mx\/index.php\/2024\/09\/25\/ex-alcalde-de-colon-sentenciado-por-corrupcion-debera-reparar-dano-y-cumplir-prision\/#breadcrumb"},"inLanguage":"es","potentialAction":[{"@type":"ReadAction","target":["https:\/\/www.nexoinformativo.mx\/index.php\/2024\/09\/25\/ex-alcalde-de-colon-sentenciado-por-corrupcion-debera-reparar-dano-y-cumplir-prision\/"]}]},{"@type":"ImageObject","inLanguage":"es","@id":"https:\/\/www.nexoinformativo.mx\/index.php\/2024\/09\/25\/ex-alcalde-de-colon-sentenciado-por-corrupcion-debera-reparar-dano-y-cumplir-prision\/#primaryimage","url":"https:\/\/www.nexoinformativo.mx\/wp-content\/uploads\/2024\/09\/PHOTO-2024-09-25-17-43-55-e1727311088846.jpg","contentUrl":"https:\/\/www.nexoinformativo.mx\/wp-content\/uploads\/2024\/09\/PHOTO-2024-09-25-17-43-55-e1727311088846.jpg","width":800,"height":533},{"@type":"BreadcrumbList","@id":"https:\/\/www.nexoinformativo.mx\/index.php\/2024\/09\/25\/ex-alcalde-de-colon-sentenciado-por-corrupcion-debera-reparar-dano-y-cumplir-prision\/#breadcrumb","itemListElement":[{"@type":"ListItem","position":1,"name":"Inicio","item":"https:\/\/www.nexoinformativo.mx\/"},{"@type":"ListItem","position":2,"name":"Ex alcalde de Col\u00f3n sentenciado por corrupci\u00f3n: deber\u00e1 reparar da\u00f1o y cumplir prisi\u00f3n"}]},{"@type":"WebSite","@id":"https:\/\/www.nexoinformativo.mx\/#website","url":"https:\/\/www.nexoinformativo.mx\/","name":"Nexo Informativo Santiago de Quer\u00e9taro","description":"Explora NexoInformativo y convi\u00e9rtete en parte de una comunidad que valora el conocimiento y la verdad. Tu nexoinformativo es tu puente hacia una comprensi\u00f3n m\u00e1s profunda del mundo que te rodea.","publisher":{"@id":"https:\/\/www.nexoinformativo.mx\/#organization"},"potentialAction":[{"@type":"SearchAction","target":{"@type":"EntryPoint","urlTemplate":"https:\/\/www.nexoinformativo.mx\/?s={search_term_string}"},"query-input":{"@type":"PropertyValueSpecification","valueRequired":true,"valueName":"search_term_string"}}],"inLanguage":"es"},{"@type":"Organization","@id":"https:\/\/www.nexoinformativo.mx\/#organization","name":"Nexo Informativo Santiago de Quer\u00e9taro","url":"https:\/\/www.nexoinformativo.mx\/","logo":{"@type":"ImageObject","inLanguage":"es","@id":"https:\/\/www.nexoinformativo.mx\/#\/schema\/logo\/image\/","url":"https:\/\/www.nexoinformativo.mx\/wp-content\/uploads\/2024\/07\/nexoi-trasparente-2.png","contentUrl":"https:\/\/www.nexoinformativo.mx\/wp-content\/uploads\/2024\/07\/nexoi-trasparente-2.png","width":816,"height":339,"caption":"Nexo Informativo Santiago de Quer\u00e9taro"},"image":{"@id":"https:\/\/www.nexoinformativo.mx\/#\/schema\/logo\/image\/"},"sameAs":["https:\/\/www.facebook.com\/people\/Nexo-Informativo\/61564066885511\/"]},{"@type":"Person","@id":"https:\/\/www.nexoinformativo.mx\/#\/schema\/person\/7749d380ba08c8ca00d7bc76fd907b7d","name":"Nexo Informativo","image":{"@type":"ImageObject","inLanguage":"es","@id":"https:\/\/www.nexoinformativo.mx\/#\/schema\/person\/image\/","url":"https:\/\/secure.gravatar.com\/avatar\/dde2928154642a13d95f87ddf1ea9718fe2b46760a005c53e41ff5ad610704e6?s=96&d=mm&r=g","contentUrl":"https:\/\/secure.gravatar.com\/avatar\/dde2928154642a13d95f87ddf1ea9718fe2b46760a005c53e41ff5ad610704e6?s=96&d=mm&r=g","caption":"Nexo Informativo"},"url":"https:\/\/www.nexoinformativo.mx\/index.php\/author\/edicion\/"}]}},"_links":{"self":[{"href":"https:\/\/www.nexoinformativo.mx\/index.php\/wp-json\/wp\/v2\/posts\/2316","targetHints":{"allow":["GET"]}}],"collection":[{"href":"https:\/\/www.nexoinformativo.mx\/index.php\/wp-json\/wp\/v2\/posts"}],"about":[{"href":"https:\/\/www.nexoinformativo.mx\/index.php\/wp-json\/wp\/v2\/types\/post"}],"author":[{"embeddable":true,"href":"https:\/\/www.nexoinformativo.mx\/index.php\/wp-json\/wp\/v2\/users\/3"}],"replies":[{"embeddable":true,"href":"https:\/\/www.nexoinformativo.mx\/index.php\/wp-json\/wp\/v2\/comments?post=2316"}],"version-history":[{"count":4,"href":"https:\/\/www.nexoinformativo.mx\/index.php\/wp-json\/wp\/v2\/posts\/2316\/revisions"}],"predecessor-version":[{"id":2320,"href":"https:\/\/www.nexoinformativo.mx\/index.php\/wp-json\/wp\/v2\/posts\/2316\/revisions\/2320"}],"wp:featuredmedia":[{"embeddable":true,"href":"https:\/\/www.nexoinformativo.mx\/index.php\/wp-json\/wp\/v2\/media\/2317"}],"wp:attachment":[{"href":"https:\/\/www.nexoinformativo.mx\/index.php\/wp-json\/wp\/v2\/media?parent=2316"}],"wp:term":[{"taxonomy":"category","embeddable":true,"href":"https:\/\/www.nexoinformativo.mx\/index.php\/wp-json\/wp\/v2\/categories?post=2316"},{"taxonomy":"post_tag","embeddable":true,"href":"https:\/\/www.nexoinformativo.mx\/index.php\/wp-json\/wp\/v2\/tags?post=2316"}],"curies":[{"name":"wp","href":"https:\/\/api.w.org\/{rel}","templated":true}]}}