{"id":2337,"date":"2024-09-26T12:30:23","date_gmt":"2024-09-26T18:30:23","guid":{"rendered":"https:\/\/www.nexoinformativo.mx\/?p=2337"},"modified":"2024-09-26T16:26:09","modified_gmt":"2024-09-26T22:26:09","slug":"proteccion-civil-de-queretaro-preve-efectos-minimos-por-huracanes-john-y-helene","status":"publish","type":"post","link":"https:\/\/www.nexoinformativo.mx\/index.php\/2024\/09\/26\/proteccion-civil-de-queretaro-preve-efectos-minimos-por-huracanes-john-y-helene\/","title":{"rendered":"Protecci\u00f3n Civil de Quer\u00e9taro prev\u00e9 efectos m\u00ednimos por huracanes John y Helene"},"content":{"rendered":"<p style=\"text-align: justify;\">La Coordinaci\u00f3n de Protecci\u00f3n Civil de Quer\u00e9taro inform\u00f3 que los huracanes John y Helene, que actualmente se encuentran en las costas del Pac\u00edfico y Atl\u00e1ntico, respectivamente, tendr\u00e1n efectos m\u00ednimos en el estado.<\/p>\n<p>&nbsp;<\/p>\n<p style=\"text-align: justify;\">El director de Protecci\u00f3n Civil, Javier Amaya, se\u00f1al\u00f3 que se espera lluvia ligera a moderada durante las pr\u00f3ximas 24 horas, sin impacto significativo.<\/p>\n<p>&nbsp;<\/p>\n<p style=\"text-align: justify;\">Pidi\u00f3 a la poblaci\u00f3n estar atenta a los comunicados oficiales y resalt\u00f3 que los fen\u00f3menos est\u00e1n bajo constante monitoreo para garantizar la seguridad.<\/p>\n","protected":false},"excerpt":{"rendered":"<p>La Coordinaci\u00f3n de Protecci\u00f3n Civil de Quer\u00e9taro inform\u00f3 que los huracanes John y Helene, que actualmente se encuentran en las costas del Pac\u00edfico y Atl\u00e1ntico, respectivamente, tendr\u00e1n efectos m\u00ednimos en el estado.<\/p>\n","protected":false},"author":3,"featured_media":2338,"comment_status":"open","ping_status":"open","sticky":false,"template":"","format":"standard","meta":{"footnotes":""},"categories":[58],"tags":[919,918,154,242],"class_list":["post-2337","post","type-post","status-publish","format-standard","has-post-thumbnail","hentry","category-ultima-hora","tag-huracanhelene","tag-huracanjohn","tag-proteccioncivil","tag-queretaroseguro"],"yoast_head":"<!-- This site is optimized with the Yoast SEO plugin v25.0 - https:\/\/yoast.com\/wordpress\/plugins\/seo\/ -->\n<title>Protecci\u00f3n Civil de Quer\u00e9taro prev\u00e9 efectos m\u00ednimos por huracanes John y Helene | Nexo Informativo Santiago de Quer\u00e9taro<\/title>\n<meta name=\"description\" content=\"Protecci\u00f3n Civil de Quer\u00e9taro prev\u00e9 efectos m\u00ednimos por huracanes John y Helene\" \/>\n<meta name=\"robots\" content=\"index, follow, max-snippet:-1, max-image-preview:large, max-video-preview:-1\" \/>\n<link rel=\"canonical\" href=\"https:\/\/www.nexoinformativo.mx\/index.php\/2024\/09\/26\/proteccion-civil-de-queretaro-preve-efectos-minimos-por-huracanes-john-y-helene\/\" \/>\n<meta property=\"og:locale\" content=\"es_MX\" \/>\n<meta property=\"og:type\" content=\"article\" \/>\n<meta property=\"og:title\" content=\"Protecci\u00f3n Civil de Quer\u00e9taro prev\u00e9 efectos m\u00ednimos por huracanes John y Helene | Nexo Informativo Santiago de Quer\u00e9taro\" \/>\n<meta property=\"og:description\" content=\"Protecci\u00f3n Civil de Quer\u00e9taro prev\u00e9 efectos m\u00ednimos por huracanes John y Helene\" \/>\n<meta property=\"og:url\" content=\"https:\/\/www.nexoinformativo.mx\/index.php\/2024\/09\/26\/proteccion-civil-de-queretaro-preve-efectos-minimos-por-huracanes-john-y-helene\/\" \/>\n<meta property=\"og:site_name\" content=\"Nexo Informativo Santiago de Quer\u00e9taro\" \/>\n<meta property=\"article:publisher\" content=\"https:\/\/www.facebook.com\/people\/Nexo-Informativo\/61564066885511\/\" \/>\n<meta property=\"article:published_time\" content=\"2024-09-26T18:30:23+00:00\" \/>\n<meta property=\"article:modified_time\" content=\"2024-09-26T22:26:09+00:00\" \/>\n<meta property=\"og:image\" content=\"https:\/\/www.nexoinformativo.mx\/wp-content\/uploads\/2024\/09\/PHOTO-2024-09-26-15-24-53-e1727389298837.jpg\" \/>\n\t<meta property=\"og:image:width\" content=\"800\" \/>\n\t<meta property=\"og:image:height\" content=\"466\" \/>\n\t<meta property=\"og:image:type\" content=\"image\/jpeg\" \/>\n<meta name=\"author\" content=\"Nexo Informativo\" \/>\n<meta name=\"twitter:card\" content=\"summary_large_image\" \/>\n<meta name=\"twitter:label1\" content=\"Escrito por\" \/>\n\t<meta name=\"twitter:data1\" content=\"Nexo Informativo\" \/>\n\t<meta name=\"twitter:label2\" content=\"Tiempo de lectura\" \/>\n\t<meta name=\"twitter:data2\" content=\"1 minuto\" \/>\n<script type=\"application\/ld+json\" class=\"yoast-schema-graph\">{\"@context\":\"https:\/\/schema.org\",\"@graph\":[{\"@type\":\"Article\",\"@id\":\"https:\/\/www.nexoinformativo.mx\/index.php\/2024\/09\/26\/proteccion-civil-de-queretaro-preve-efectos-minimos-por-huracanes-john-y-helene\/#article\",\"isPartOf\":{\"@id\":\"https:\/\/www.nexoinformativo.mx\/index.php\/2024\/09\/26\/proteccion-civil-de-queretaro-preve-efectos-minimos-por-huracanes-john-y-helene\/\"},\"author\":{\"name\":\"Nexo Informativo\",\"@id\":\"https:\/\/www.nexoinformativo.mx\/#\/schema\/person\/7749d380ba08c8ca00d7bc76fd907b7d\"},\"headline\":\"Protecci\u00f3n Civil de Quer\u00e9taro prev\u00e9 efectos m\u00ednimos por huracanes John y Helene\",\"datePublished\":\"2024-09-26T18:30:23+00:00\",\"dateModified\":\"2024-09-26T22:26:09+00:00\",\"mainEntityOfPage\":{\"@id\":\"https:\/\/www.nexoinformativo.mx\/index.php\/2024\/09\/26\/proteccion-civil-de-queretaro-preve-efectos-minimos-por-huracanes-john-y-helene\/\"},\"wordCount\":107,\"commentCount\":0,\"publisher\":{\"@id\":\"https:\/\/www.nexoinformativo.mx\/#organization\"},\"image\":{\"@id\":\"https:\/\/www.nexoinformativo.mx\/index.php\/2024\/09\/26\/proteccion-civil-de-queretaro-preve-efectos-minimos-por-huracanes-john-y-helene\/#primaryimage\"},\"thumbnailUrl\":\"https:\/\/www.nexoinformativo.mx\/wp-content\/uploads\/2024\/09\/PHOTO-2024-09-26-15-24-53-e1727389298837.jpg\",\"keywords\":[\"Hurac\u00e1nHelene\",\"Hurac\u00e1nJohn\",\"proteccioncivil\",\"QueretaroSeguro\"],\"articleSection\":[\"\u00daltima Hora\"],\"inLanguage\":\"es\",\"potentialAction\":[{\"@type\":\"CommentAction\",\"name\":\"Comment\",\"target\":[\"https:\/\/www.nexoinformativo.mx\/index.php\/2024\/09\/26\/proteccion-civil-de-queretaro-preve-efectos-minimos-por-huracanes-john-y-helene\/#respond\"]}]},{\"@type\":\"WebPage\",\"@id\":\"https:\/\/www.nexoinformativo.mx\/index.php\/2024\/09\/26\/proteccion-civil-de-queretaro-preve-efectos-minimos-por-huracanes-john-y-helene\/\",\"url\":\"https:\/\/www.nexoinformativo.mx\/index.php\/2024\/09\/26\/proteccion-civil-de-queretaro-preve-efectos-minimos-por-huracanes-john-y-helene\/\",\"name\":\"Protecci\u00f3n Civil de Quer\u00e9taro prev\u00e9 efectos m\u00ednimos por huracanes John y Helene | Nexo Informativo Santiago de Quer\u00e9taro\",\"isPartOf\":{\"@id\":\"https:\/\/www.nexoinformativo.mx\/#website\"},\"primaryImageOfPage\":{\"@id\":\"https:\/\/www.nexoinformativo.mx\/index.php\/2024\/09\/26\/proteccion-civil-de-queretaro-preve-efectos-minimos-por-huracanes-john-y-helene\/#primaryimage\"},\"image\":{\"@id\":\"https:\/\/www.nexoinformativo.mx\/index.php\/2024\/09\/26\/proteccion-civil-de-queretaro-preve-efectos-minimos-por-huracanes-john-y-helene\/#primaryimage\"},\"thumbnailUrl\":\"https:\/\/www.nexoinformativo.mx\/wp-content\/uploads\/2024\/09\/PHOTO-2024-09-26-15-24-53-e1727389298837.jpg\",\"datePublished\":\"2024-09-26T18:30:23+00:00\",\"dateModified\":\"2024-09-26T22:26:09+00:00\",\"description\":\"Protecci\u00f3n Civil de Quer\u00e9taro prev\u00e9 efectos m\u00ednimos por huracanes John y Helene\",\"breadcrumb\":{\"@id\":\"https:\/\/www.nexoinformativo.mx\/index.php\/2024\/09\/26\/proteccion-civil-de-queretaro-preve-efectos-minimos-por-huracanes-john-y-helene\/#breadcrumb\"},\"inLanguage\":\"es\",\"potentialAction\":[{\"@type\":\"ReadAction\",\"target\":[\"https:\/\/www.nexoinformativo.mx\/index.php\/2024\/09\/26\/proteccion-civil-de-queretaro-preve-efectos-minimos-por-huracanes-john-y-helene\/\"]}]},{\"@type\":\"ImageObject\",\"inLanguage\":\"es\",\"@id\":\"https:\/\/www.nexoinformativo.mx\/index.php\/2024\/09\/26\/proteccion-civil-de-queretaro-preve-efectos-minimos-por-huracanes-john-y-helene\/#primaryimage\",\"url\":\"https:\/\/www.nexoinformativo.mx\/wp-content\/uploads\/2024\/09\/PHOTO-2024-09-26-15-24-53-e1727389298837.jpg\",\"contentUrl\":\"https:\/\/www.nexoinformativo.mx\/wp-content\/uploads\/2024\/09\/PHOTO-2024-09-26-15-24-53-e1727389298837.jpg\",\"width\":800,\"height\":466},{\"@type\":\"BreadcrumbList\",\"@id\":\"https:\/\/www.nexoinformativo.mx\/index.php\/2024\/09\/26\/proteccion-civil-de-queretaro-preve-efectos-minimos-por-huracanes-john-y-helene\/#breadcrumb\",\"itemListElement\":[{\"@type\":\"ListItem\",\"position\":1,\"name\":\"Inicio\",\"item\":\"https:\/\/www.nexoinformativo.mx\/\"},{\"@type\":\"ListItem\",\"position\":2,\"name\":\"Protecci\u00f3n Civil de Quer\u00e9taro prev\u00e9 efectos m\u00ednimos por huracanes John y Helene\"}]},{\"@type\":\"WebSite\",\"@id\":\"https:\/\/www.nexoinformativo.mx\/#website\",\"url\":\"https:\/\/www.nexoinformativo.mx\/\",\"name\":\"Nexo Informativo Santiago de Quer\u00e9taro\",\"description\":\"Explora NexoInformativo y convi\u00e9rtete en parte de una comunidad que valora el conocimiento y la verdad. Tu nexoinformativo es tu puente hacia una comprensi\u00f3n m\u00e1s profunda del mundo que te rodea.\",\"publisher\":{\"@id\":\"https:\/\/www.nexoinformativo.mx\/#organization\"},\"potentialAction\":[{\"@type\":\"SearchAction\",\"target\":{\"@type\":\"EntryPoint\",\"urlTemplate\":\"https:\/\/www.nexoinformativo.mx\/?s={search_term_string}\"},\"query-input\":{\"@type\":\"PropertyValueSpecification\",\"valueRequired\":true,\"valueName\":\"search_term_string\"}}],\"inLanguage\":\"es\"},{\"@type\":\"Organization\",\"@id\":\"https:\/\/www.nexoinformativo.mx\/#organization\",\"name\":\"Nexo Informativo Santiago de Quer\u00e9taro\",\"url\":\"https:\/\/www.nexoinformativo.mx\/\",\"logo\":{\"@type\":\"ImageObject\",\"inLanguage\":\"es\",\"@id\":\"https:\/\/www.nexoinformativo.mx\/#\/schema\/logo\/image\/\",\"url\":\"https:\/\/www.nexoinformativo.mx\/wp-content\/uploads\/2024\/07\/nexoi-trasparente-2.png\",\"contentUrl\":\"https:\/\/www.nexoinformativo.mx\/wp-content\/uploads\/2024\/07\/nexoi-trasparente-2.png\",\"width\":816,\"height\":339,\"caption\":\"Nexo Informativo Santiago de Quer\u00e9taro\"},\"image\":{\"@id\":\"https:\/\/www.nexoinformativo.mx\/#\/schema\/logo\/image\/\"},\"sameAs\":[\"https:\/\/www.facebook.com\/people\/Nexo-Informativo\/61564066885511\/\"]},{\"@type\":\"Person\",\"@id\":\"https:\/\/www.nexoinformativo.mx\/#\/schema\/person\/7749d380ba08c8ca00d7bc76fd907b7d\",\"name\":\"Nexo Informativo\",\"image\":{\"@type\":\"ImageObject\",\"inLanguage\":\"es\",\"@id\":\"https:\/\/www.nexoinformativo.mx\/#\/schema\/person\/image\/\",\"url\":\"https:\/\/secure.gravatar.com\/avatar\/dde2928154642a13d95f87ddf1ea9718fe2b46760a005c53e41ff5ad610704e6?s=96&d=mm&r=g\",\"contentUrl\":\"https:\/\/secure.gravatar.com\/avatar\/dde2928154642a13d95f87ddf1ea9718fe2b46760a005c53e41ff5ad610704e6?s=96&d=mm&r=g\",\"caption\":\"Nexo Informativo\"},\"url\":\"https:\/\/www.nexoinformativo.mx\/index.php\/author\/edicion\/\"}]}<\/script>\n<!-- \/ Yoast SEO plugin. -->","yoast_head_json":{"title":"Protecci\u00f3n Civil de Quer\u00e9taro prev\u00e9 efectos m\u00ednimos por huracanes John y Helene | Nexo Informativo Santiago de Quer\u00e9taro","description":"Protecci\u00f3n Civil de Quer\u00e9taro prev\u00e9 efectos m\u00ednimos por huracanes John y Helene","robots":{"index":"index","follow":"follow","max-snippet":"max-snippet:-1","max-image-preview":"max-image-preview:large","max-video-preview":"max-video-preview:-1"},"canonical":"https:\/\/www.nexoinformativo.mx\/index.php\/2024\/09\/26\/proteccion-civil-de-queretaro-preve-efectos-minimos-por-huracanes-john-y-helene\/","og_locale":"es_MX","og_type":"article","og_title":"Protecci\u00f3n Civil de Quer\u00e9taro prev\u00e9 efectos m\u00ednimos por huracanes John y Helene | Nexo Informativo Santiago de Quer\u00e9taro","og_description":"Protecci\u00f3n Civil de Quer\u00e9taro prev\u00e9 efectos m\u00ednimos por huracanes John y Helene","og_url":"https:\/\/www.nexoinformativo.mx\/index.php\/2024\/09\/26\/proteccion-civil-de-queretaro-preve-efectos-minimos-por-huracanes-john-y-helene\/","og_site_name":"Nexo Informativo Santiago de Quer\u00e9taro","article_publisher":"https:\/\/www.facebook.com\/people\/Nexo-Informativo\/61564066885511\/","article_published_time":"2024-09-26T18:30:23+00:00","article_modified_time":"2024-09-26T22:26:09+00:00","og_image":[{"width":800,"height":466,"url":"https:\/\/www.nexoinformativo.mx\/wp-content\/uploads\/2024\/09\/PHOTO-2024-09-26-15-24-53-e1727389298837.jpg","type":"image\/jpeg"}],"author":"Nexo Informativo","twitter_card":"summary_large_image","twitter_misc":{"Escrito por":"Nexo Informativo","Tiempo de lectura":"1 minuto"},"schema":{"@context":"https:\/\/schema.org","@graph":[{"@type":"Article","@id":"https:\/\/www.nexoinformativo.mx\/index.php\/2024\/09\/26\/proteccion-civil-de-queretaro-preve-efectos-minimos-por-huracanes-john-y-helene\/#article","isPartOf":{"@id":"https:\/\/www.nexoinformativo.mx\/index.php\/2024\/09\/26\/proteccion-civil-de-queretaro-preve-efectos-minimos-por-huracanes-john-y-helene\/"},"author":{"name":"Nexo Informativo","@id":"https:\/\/www.nexoinformativo.mx\/#\/schema\/person\/7749d380ba08c8ca00d7bc76fd907b7d"},"headline":"Protecci\u00f3n Civil de Quer\u00e9taro prev\u00e9 efectos m\u00ednimos por huracanes John y Helene","datePublished":"2024-09-26T18:30:23+00:00","dateModified":"2024-09-26T22:26:09+00:00","mainEntityOfPage":{"@id":"https:\/\/www.nexoinformativo.mx\/index.php\/2024\/09\/26\/proteccion-civil-de-queretaro-preve-efectos-minimos-por-huracanes-john-y-helene\/"},"wordCount":107,"commentCount":0,"publisher":{"@id":"https:\/\/www.nexoinformativo.mx\/#organization"},"image":{"@id":"https:\/\/www.nexoinformativo.mx\/index.php\/2024\/09\/26\/proteccion-civil-de-queretaro-preve-efectos-minimos-por-huracanes-john-y-helene\/#primaryimage"},"thumbnailUrl":"https:\/\/www.nexoinformativo.mx\/wp-content\/uploads\/2024\/09\/PHOTO-2024-09-26-15-24-53-e1727389298837.jpg","keywords":["Hurac\u00e1nHelene","Hurac\u00e1nJohn","proteccioncivil","QueretaroSeguro"],"articleSection":["\u00daltima Hora"],"inLanguage":"es","potentialAction":[{"@type":"CommentAction","name":"Comment","target":["https:\/\/www.nexoinformativo.mx\/index.php\/2024\/09\/26\/proteccion-civil-de-queretaro-preve-efectos-minimos-por-huracanes-john-y-helene\/#respond"]}]},{"@type":"WebPage","@id":"https:\/\/www.nexoinformativo.mx\/index.php\/2024\/09\/26\/proteccion-civil-de-queretaro-preve-efectos-minimos-por-huracanes-john-y-helene\/","url":"https:\/\/www.nexoinformativo.mx\/index.php\/2024\/09\/26\/proteccion-civil-de-queretaro-preve-efectos-minimos-por-huracanes-john-y-helene\/","name":"Protecci\u00f3n Civil de Quer\u00e9taro prev\u00e9 efectos m\u00ednimos por huracanes John y Helene | Nexo Informativo Santiago de Quer\u00e9taro","isPartOf":{"@id":"https:\/\/www.nexoinformativo.mx\/#website"},"primaryImageOfPage":{"@id":"https:\/\/www.nexoinformativo.mx\/index.php\/2024\/09\/26\/proteccion-civil-de-queretaro-preve-efectos-minimos-por-huracanes-john-y-helene\/#primaryimage"},"image":{"@id":"https:\/\/www.nexoinformativo.mx\/index.php\/2024\/09\/26\/proteccion-civil-de-queretaro-preve-efectos-minimos-por-huracanes-john-y-helene\/#primaryimage"},"thumbnailUrl":"https:\/\/www.nexoinformativo.mx\/wp-content\/uploads\/2024\/09\/PHOTO-2024-09-26-15-24-53-e1727389298837.jpg","datePublished":"2024-09-26T18:30:23+00:00","dateModified":"2024-09-26T22:26:09+00:00","description":"Protecci\u00f3n Civil de Quer\u00e9taro prev\u00e9 efectos m\u00ednimos por huracanes John y Helene","breadcrumb":{"@id":"https:\/\/www.nexoinformativo.mx\/index.php\/2024\/09\/26\/proteccion-civil-de-queretaro-preve-efectos-minimos-por-huracanes-john-y-helene\/#breadcrumb"},"inLanguage":"es","potentialAction":[{"@type":"ReadAction","target":["https:\/\/www.nexoinformativo.mx\/index.php\/2024\/09\/26\/proteccion-civil-de-queretaro-preve-efectos-minimos-por-huracanes-john-y-helene\/"]}]},{"@type":"ImageObject","inLanguage":"es","@id":"https:\/\/www.nexoinformativo.mx\/index.php\/2024\/09\/26\/proteccion-civil-de-queretaro-preve-efectos-minimos-por-huracanes-john-y-helene\/#primaryimage","url":"https:\/\/www.nexoinformativo.mx\/wp-content\/uploads\/2024\/09\/PHOTO-2024-09-26-15-24-53-e1727389298837.jpg","contentUrl":"https:\/\/www.nexoinformativo.mx\/wp-content\/uploads\/2024\/09\/PHOTO-2024-09-26-15-24-53-e1727389298837.jpg","width":800,"height":466},{"@type":"BreadcrumbList","@id":"https:\/\/www.nexoinformativo.mx\/index.php\/2024\/09\/26\/proteccion-civil-de-queretaro-preve-efectos-minimos-por-huracanes-john-y-helene\/#breadcrumb","itemListElement":[{"@type":"ListItem","position":1,"name":"Inicio","item":"https:\/\/www.nexoinformativo.mx\/"},{"@type":"ListItem","position":2,"name":"Protecci\u00f3n Civil de Quer\u00e9taro prev\u00e9 efectos m\u00ednimos por huracanes John y Helene"}]},{"@type":"WebSite","@id":"https:\/\/www.nexoinformativo.mx\/#website","url":"https:\/\/www.nexoinformativo.mx\/","name":"Nexo Informativo Santiago de Quer\u00e9taro","description":"Explora NexoInformativo y convi\u00e9rtete en parte de una comunidad que valora el conocimiento y la verdad. Tu nexoinformativo es tu puente hacia una comprensi\u00f3n m\u00e1s profunda del mundo que te rodea.","publisher":{"@id":"https:\/\/www.nexoinformativo.mx\/#organization"},"potentialAction":[{"@type":"SearchAction","target":{"@type":"EntryPoint","urlTemplate":"https:\/\/www.nexoinformativo.mx\/?s={search_term_string}"},"query-input":{"@type":"PropertyValueSpecification","valueRequired":true,"valueName":"search_term_string"}}],"inLanguage":"es"},{"@type":"Organization","@id":"https:\/\/www.nexoinformativo.mx\/#organization","name":"Nexo Informativo Santiago de Quer\u00e9taro","url":"https:\/\/www.nexoinformativo.mx\/","logo":{"@type":"ImageObject","inLanguage":"es","@id":"https:\/\/www.nexoinformativo.mx\/#\/schema\/logo\/image\/","url":"https:\/\/www.nexoinformativo.mx\/wp-content\/uploads\/2024\/07\/nexoi-trasparente-2.png","contentUrl":"https:\/\/www.nexoinformativo.mx\/wp-content\/uploads\/2024\/07\/nexoi-trasparente-2.png","width":816,"height":339,"caption":"Nexo Informativo Santiago de Quer\u00e9taro"},"image":{"@id":"https:\/\/www.nexoinformativo.mx\/#\/schema\/logo\/image\/"},"sameAs":["https:\/\/www.facebook.com\/people\/Nexo-Informativo\/61564066885511\/"]},{"@type":"Person","@id":"https:\/\/www.nexoinformativo.mx\/#\/schema\/person\/7749d380ba08c8ca00d7bc76fd907b7d","name":"Nexo Informativo","image":{"@type":"ImageObject","inLanguage":"es","@id":"https:\/\/www.nexoinformativo.mx\/#\/schema\/person\/image\/","url":"https:\/\/secure.gravatar.com\/avatar\/dde2928154642a13d95f87ddf1ea9718fe2b46760a005c53e41ff5ad610704e6?s=96&d=mm&r=g","contentUrl":"https:\/\/secure.gravatar.com\/avatar\/dde2928154642a13d95f87ddf1ea9718fe2b46760a005c53e41ff5ad610704e6?s=96&d=mm&r=g","caption":"Nexo Informativo"},"url":"https:\/\/www.nexoinformativo.mx\/index.php\/author\/edicion\/"}]}},"_links":{"self":[{"href":"https:\/\/www.nexoinformativo.mx\/index.php\/wp-json\/wp\/v2\/posts\/2337","targetHints":{"allow":["GET"]}}],"collection":[{"href":"https:\/\/www.nexoinformativo.mx\/index.php\/wp-json\/wp\/v2\/posts"}],"about":[{"href":"https:\/\/www.nexoinformativo.mx\/index.php\/wp-json\/wp\/v2\/types\/post"}],"author":[{"embeddable":true,"href":"https:\/\/www.nexoinformativo.mx\/index.php\/wp-json\/wp\/v2\/users\/3"}],"replies":[{"embeddable":true,"href":"https:\/\/www.nexoinformativo.mx\/index.php\/wp-json\/wp\/v2\/comments?post=2337"}],"version-history":[{"count":2,"href":"https:\/\/www.nexoinformativo.mx\/index.php\/wp-json\/wp\/v2\/posts\/2337\/revisions"}],"predecessor-version":[{"id":2341,"href":"https:\/\/www.nexoinformativo.mx\/index.php\/wp-json\/wp\/v2\/posts\/2337\/revisions\/2341"}],"wp:featuredmedia":[{"embeddable":true,"href":"https:\/\/www.nexoinformativo.mx\/index.php\/wp-json\/wp\/v2\/media\/2338"}],"wp:attachment":[{"href":"https:\/\/www.nexoinformativo.mx\/index.php\/wp-json\/wp\/v2\/media?parent=2337"}],"wp:term":[{"taxonomy":"category","embeddable":true,"href":"https:\/\/www.nexoinformativo.mx\/index.php\/wp-json\/wp\/v2\/categories?post=2337"},{"taxonomy":"post_tag","embeddable":true,"href":"https:\/\/www.nexoinformativo.mx\/index.php\/wp-json\/wp\/v2\/tags?post=2337"}],"curies":[{"name":"wp","href":"https:\/\/api.w.org\/{rel}","templated":true}]}}