{"id":2358,"date":"2024-09-27T12:00:37","date_gmt":"2024-09-27T18:00:37","guid":{"rendered":"https:\/\/www.nexoinformativo.mx\/?p=2358"},"modified":"2024-09-27T14:17:43","modified_gmt":"2024-09-27T20:17:43","slug":"la-secretaria-de-economia-lanza-nueva-seccion-en-datamexico-sobre-mipymes","status":"publish","type":"post","link":"https:\/\/www.nexoinformativo.mx\/index.php\/2024\/09\/27\/la-secretaria-de-economia-lanza-nueva-seccion-en-datamexico-sobre-mipymes\/","title":{"rendered":"La Secretar\u00eda de Econom\u00eda lanza nueva secci\u00f3n en DataM\u00e9xico sobre mipymes"},"content":{"rendered":"<p style=\"text-align: justify;\">La Secretar\u00eda de Econom\u00eda de M\u00e9xico ha lanzado una nueva secci\u00f3n en su plataforma <strong>&#8220;DataM\u00e9xico&#8221;<\/strong>, dedicada a brindar informaci\u00f3n detallada sobre las micro, peque\u00f1as y medianas empresas (mipymes) del pa\u00eds.<\/p>\n<p>&nbsp;<\/p>\n<p style=\"text-align: justify;\">Las mipymes representan m\u00e1s del 99% del total de empresas mexicanas y son esenciales para la econom\u00eda nacional. La plataforma permite conocer la distribuci\u00f3n de estas empresas por sectores econ\u00f3micos y regiones, destacando que el comercio predomina en el sur y la industria en el norte,\u00a0adem\u00e1s de mostrar los sectores m\u00e1s significativos de la actividad econ\u00f3mica en los que se desarrollan.<\/p>\n<p>&nbsp;<\/p>\n<p style=\"text-align: justify;\">Aunado a ello, se muestra su distribuci\u00f3n a lo largo del territorio nacional, por ejemplo: en la regi\u00f3n sur se concentran principalmente las mipymes dedicadas al comercio y en la regi\u00f3n norte las de tipo industrial.<\/p>\n<p>&nbsp;<\/p>\n<p style=\"text-align: justify;\">La Secretar\u00eda de Econom\u00eda est\u00e1 comprometida con seguir otorgando herramientas que permiten a la poblaci\u00f3n contar con informaci\u00f3n relevante, con esta herramienta, el gobierno busca impulsar el desarrollo econ\u00f3mico fortaleciendo la participaci\u00f3n de las mipymes en el mercado interno y el comercio exterior.<\/p>\n<p>&nbsp;<\/p>\n<p>Consulta todas sus secciones a trav\u00e9s del siguiente enlace:<\/p>\n<p><strong><u><a href=\"https:\/\/www.economia.gob.mx\/datamexico\/es\/profile\/geo\/mexico#section-1067\">https:\/\/www.economia.gob.mx\/datamexico\/es\/profile\/geo\/mexico#section-1067<\/a><\/u><\/strong><\/p>\n","protected":false},"excerpt":{"rendered":"<p>La Secretar\u00eda de Econom\u00eda de M\u00e9xico ha lanzado una nueva secci\u00f3n en su plataforma &#8220;DataM\u00e9xico&#8221;, dedicada a brindar informaci\u00f3n detallada sobre las micro, peque\u00f1as y medianas empresas (mipymes) del pa\u00eds.<\/p>\n","protected":false},"author":3,"featured_media":2362,"comment_status":"open","ping_status":"open","sticky":false,"template":"","format":"standard","meta":{"footnotes":""},"categories":[88,58],"tags":[929,352,930,928],"class_list":["post-2358","post","type-post","status-publish","format-standard","has-post-thumbnail","hentry","category-nacional","category-ultima-hora","tag-datamexico","tag-desarrolloeconomico","tag-fortalecimientomipymes","tag-mipymesmexico"],"yoast_head":"<!-- This site is optimized with the Yoast SEO plugin v25.0 - https:\/\/yoast.com\/wordpress\/plugins\/seo\/ -->\n<title>La Secretar\u00eda de Econom\u00eda lanza nueva secci\u00f3n en DataM\u00e9xico sobre mipymes | Nexo Informativo Santiago de Quer\u00e9taro<\/title>\n<meta name=\"description\" content=\"La Secretar\u00eda de Econom\u00eda lanza nueva secci\u00f3n en DataM\u00e9xico sobre mipymes\" \/>\n<meta name=\"robots\" content=\"index, follow, max-snippet:-1, max-image-preview:large, max-video-preview:-1\" \/>\n<link rel=\"canonical\" href=\"https:\/\/www.nexoinformativo.mx\/index.php\/2024\/09\/27\/la-secretaria-de-economia-lanza-nueva-seccion-en-datamexico-sobre-mipymes\/\" \/>\n<meta property=\"og:locale\" content=\"es_MX\" \/>\n<meta property=\"og:type\" content=\"article\" \/>\n<meta property=\"og:title\" content=\"La Secretar\u00eda de Econom\u00eda lanza nueva secci\u00f3n en DataM\u00e9xico sobre mipymes | Nexo Informativo Santiago de Quer\u00e9taro\" \/>\n<meta property=\"og:description\" content=\"La Secretar\u00eda de Econom\u00eda lanza nueva secci\u00f3n en DataM\u00e9xico sobre mipymes\" \/>\n<meta property=\"og:url\" content=\"https:\/\/www.nexoinformativo.mx\/index.php\/2024\/09\/27\/la-secretaria-de-economia-lanza-nueva-seccion-en-datamexico-sobre-mipymes\/\" \/>\n<meta property=\"og:site_name\" content=\"Nexo Informativo Santiago de Quer\u00e9taro\" \/>\n<meta property=\"article:publisher\" content=\"https:\/\/www.facebook.com\/people\/Nexo-Informativo\/61564066885511\/\" \/>\n<meta property=\"article:published_time\" content=\"2024-09-27T18:00:37+00:00\" \/>\n<meta property=\"article:modified_time\" content=\"2024-09-27T20:17:43+00:00\" \/>\n<meta property=\"og:image\" content=\"https:\/\/www.nexoinformativo.mx\/wp-content\/uploads\/2024\/09\/IMG_6614-2-e1727468074777.jpg\" \/>\n\t<meta property=\"og:image:width\" content=\"800\" \/>\n\t<meta property=\"og:image:height\" content=\"932\" \/>\n\t<meta property=\"og:image:type\" content=\"image\/jpeg\" \/>\n<meta name=\"author\" content=\"Nexo Informativo\" \/>\n<meta name=\"twitter:card\" content=\"summary_large_image\" \/>\n<meta name=\"twitter:label1\" content=\"Escrito por\" \/>\n\t<meta name=\"twitter:data1\" content=\"Nexo Informativo\" \/>\n\t<meta name=\"twitter:label2\" content=\"Tiempo de lectura\" \/>\n\t<meta name=\"twitter:data2\" content=\"2 minutos\" \/>\n<script type=\"application\/ld+json\" class=\"yoast-schema-graph\">{\"@context\":\"https:\/\/schema.org\",\"@graph\":[{\"@type\":\"Article\",\"@id\":\"https:\/\/www.nexoinformativo.mx\/index.php\/2024\/09\/27\/la-secretaria-de-economia-lanza-nueva-seccion-en-datamexico-sobre-mipymes\/#article\",\"isPartOf\":{\"@id\":\"https:\/\/www.nexoinformativo.mx\/index.php\/2024\/09\/27\/la-secretaria-de-economia-lanza-nueva-seccion-en-datamexico-sobre-mipymes\/\"},\"author\":{\"name\":\"Nexo Informativo\",\"@id\":\"https:\/\/www.nexoinformativo.mx\/#\/schema\/person\/7749d380ba08c8ca00d7bc76fd907b7d\"},\"headline\":\"La Secretar\u00eda de Econom\u00eda lanza nueva secci\u00f3n en DataM\u00e9xico sobre mipymes\",\"datePublished\":\"2024-09-27T18:00:37+00:00\",\"dateModified\":\"2024-09-27T20:17:43+00:00\",\"mainEntityOfPage\":{\"@id\":\"https:\/\/www.nexoinformativo.mx\/index.php\/2024\/09\/27\/la-secretaria-de-economia-lanza-nueva-seccion-en-datamexico-sobre-mipymes\/\"},\"wordCount\":234,\"commentCount\":0,\"publisher\":{\"@id\":\"https:\/\/www.nexoinformativo.mx\/#organization\"},\"image\":{\"@id\":\"https:\/\/www.nexoinformativo.mx\/index.php\/2024\/09\/27\/la-secretaria-de-economia-lanza-nueva-seccion-en-datamexico-sobre-mipymes\/#primaryimage\"},\"thumbnailUrl\":\"https:\/\/www.nexoinformativo.mx\/wp-content\/uploads\/2024\/09\/IMG_6614-2-e1727468074777.jpg\",\"keywords\":[\"DataM\u00e9xico\",\"DesarrolloEcon\u00f3mico\",\"FortalecimientoMipymes\",\"MipymesM\u00e9xico\"],\"articleSection\":[\"Nacional\",\"\u00daltima Hora\"],\"inLanguage\":\"es\",\"potentialAction\":[{\"@type\":\"CommentAction\",\"name\":\"Comment\",\"target\":[\"https:\/\/www.nexoinformativo.mx\/index.php\/2024\/09\/27\/la-secretaria-de-economia-lanza-nueva-seccion-en-datamexico-sobre-mipymes\/#respond\"]}]},{\"@type\":\"WebPage\",\"@id\":\"https:\/\/www.nexoinformativo.mx\/index.php\/2024\/09\/27\/la-secretaria-de-economia-lanza-nueva-seccion-en-datamexico-sobre-mipymes\/\",\"url\":\"https:\/\/www.nexoinformativo.mx\/index.php\/2024\/09\/27\/la-secretaria-de-economia-lanza-nueva-seccion-en-datamexico-sobre-mipymes\/\",\"name\":\"La Secretar\u00eda de Econom\u00eda lanza nueva secci\u00f3n en DataM\u00e9xico sobre mipymes | Nexo Informativo Santiago de Quer\u00e9taro\",\"isPartOf\":{\"@id\":\"https:\/\/www.nexoinformativo.mx\/#website\"},\"primaryImageOfPage\":{\"@id\":\"https:\/\/www.nexoinformativo.mx\/index.php\/2024\/09\/27\/la-secretaria-de-economia-lanza-nueva-seccion-en-datamexico-sobre-mipymes\/#primaryimage\"},\"image\":{\"@id\":\"https:\/\/www.nexoinformativo.mx\/index.php\/2024\/09\/27\/la-secretaria-de-economia-lanza-nueva-seccion-en-datamexico-sobre-mipymes\/#primaryimage\"},\"thumbnailUrl\":\"https:\/\/www.nexoinformativo.mx\/wp-content\/uploads\/2024\/09\/IMG_6614-2-e1727468074777.jpg\",\"datePublished\":\"2024-09-27T18:00:37+00:00\",\"dateModified\":\"2024-09-27T20:17:43+00:00\",\"description\":\"La Secretar\u00eda de Econom\u00eda lanza nueva secci\u00f3n en DataM\u00e9xico sobre mipymes\",\"breadcrumb\":{\"@id\":\"https:\/\/www.nexoinformativo.mx\/index.php\/2024\/09\/27\/la-secretaria-de-economia-lanza-nueva-seccion-en-datamexico-sobre-mipymes\/#breadcrumb\"},\"inLanguage\":\"es\",\"potentialAction\":[{\"@type\":\"ReadAction\",\"target\":[\"https:\/\/www.nexoinformativo.mx\/index.php\/2024\/09\/27\/la-secretaria-de-economia-lanza-nueva-seccion-en-datamexico-sobre-mipymes\/\"]}]},{\"@type\":\"ImageObject\",\"inLanguage\":\"es\",\"@id\":\"https:\/\/www.nexoinformativo.mx\/index.php\/2024\/09\/27\/la-secretaria-de-economia-lanza-nueva-seccion-en-datamexico-sobre-mipymes\/#primaryimage\",\"url\":\"https:\/\/www.nexoinformativo.mx\/wp-content\/uploads\/2024\/09\/IMG_6614-2-e1727468074777.jpg\",\"contentUrl\":\"https:\/\/www.nexoinformativo.mx\/wp-content\/uploads\/2024\/09\/IMG_6614-2-e1727468074777.jpg\",\"width\":800,\"height\":932,\"caption\":\"Screenshot\"},{\"@type\":\"BreadcrumbList\",\"@id\":\"https:\/\/www.nexoinformativo.mx\/index.php\/2024\/09\/27\/la-secretaria-de-economia-lanza-nueva-seccion-en-datamexico-sobre-mipymes\/#breadcrumb\",\"itemListElement\":[{\"@type\":\"ListItem\",\"position\":1,\"name\":\"Inicio\",\"item\":\"https:\/\/www.nexoinformativo.mx\/\"},{\"@type\":\"ListItem\",\"position\":2,\"name\":\"La Secretar\u00eda de Econom\u00eda lanza nueva secci\u00f3n en DataM\u00e9xico sobre mipymes\"}]},{\"@type\":\"WebSite\",\"@id\":\"https:\/\/www.nexoinformativo.mx\/#website\",\"url\":\"https:\/\/www.nexoinformativo.mx\/\",\"name\":\"Nexo Informativo Santiago de Quer\u00e9taro\",\"description\":\"Explora NexoInformativo y convi\u00e9rtete en parte de una comunidad que valora el conocimiento y la verdad. Tu nexoinformativo es tu puente hacia una comprensi\u00f3n m\u00e1s profunda del mundo que te rodea.\",\"publisher\":{\"@id\":\"https:\/\/www.nexoinformativo.mx\/#organization\"},\"potentialAction\":[{\"@type\":\"SearchAction\",\"target\":{\"@type\":\"EntryPoint\",\"urlTemplate\":\"https:\/\/www.nexoinformativo.mx\/?s={search_term_string}\"},\"query-input\":{\"@type\":\"PropertyValueSpecification\",\"valueRequired\":true,\"valueName\":\"search_term_string\"}}],\"inLanguage\":\"es\"},{\"@type\":\"Organization\",\"@id\":\"https:\/\/www.nexoinformativo.mx\/#organization\",\"name\":\"Nexo Informativo Santiago de Quer\u00e9taro\",\"url\":\"https:\/\/www.nexoinformativo.mx\/\",\"logo\":{\"@type\":\"ImageObject\",\"inLanguage\":\"es\",\"@id\":\"https:\/\/www.nexoinformativo.mx\/#\/schema\/logo\/image\/\",\"url\":\"https:\/\/www.nexoinformativo.mx\/wp-content\/uploads\/2024\/07\/nexoi-trasparente-2.png\",\"contentUrl\":\"https:\/\/www.nexoinformativo.mx\/wp-content\/uploads\/2024\/07\/nexoi-trasparente-2.png\",\"width\":816,\"height\":339,\"caption\":\"Nexo Informativo Santiago de Quer\u00e9taro\"},\"image\":{\"@id\":\"https:\/\/www.nexoinformativo.mx\/#\/schema\/logo\/image\/\"},\"sameAs\":[\"https:\/\/www.facebook.com\/people\/Nexo-Informativo\/61564066885511\/\"]},{\"@type\":\"Person\",\"@id\":\"https:\/\/www.nexoinformativo.mx\/#\/schema\/person\/7749d380ba08c8ca00d7bc76fd907b7d\",\"name\":\"Nexo Informativo\",\"image\":{\"@type\":\"ImageObject\",\"inLanguage\":\"es\",\"@id\":\"https:\/\/www.nexoinformativo.mx\/#\/schema\/person\/image\/\",\"url\":\"https:\/\/secure.gravatar.com\/avatar\/dde2928154642a13d95f87ddf1ea9718fe2b46760a005c53e41ff5ad610704e6?s=96&d=mm&r=g\",\"contentUrl\":\"https:\/\/secure.gravatar.com\/avatar\/dde2928154642a13d95f87ddf1ea9718fe2b46760a005c53e41ff5ad610704e6?s=96&d=mm&r=g\",\"caption\":\"Nexo Informativo\"},\"url\":\"https:\/\/www.nexoinformativo.mx\/index.php\/author\/edicion\/\"}]}<\/script>\n<!-- \/ Yoast SEO plugin. -->","yoast_head_json":{"title":"La Secretar\u00eda de Econom\u00eda lanza nueva secci\u00f3n en DataM\u00e9xico sobre mipymes | Nexo Informativo Santiago de Quer\u00e9taro","description":"La Secretar\u00eda de Econom\u00eda lanza nueva secci\u00f3n en DataM\u00e9xico sobre mipymes","robots":{"index":"index","follow":"follow","max-snippet":"max-snippet:-1","max-image-preview":"max-image-preview:large","max-video-preview":"max-video-preview:-1"},"canonical":"https:\/\/www.nexoinformativo.mx\/index.php\/2024\/09\/27\/la-secretaria-de-economia-lanza-nueva-seccion-en-datamexico-sobre-mipymes\/","og_locale":"es_MX","og_type":"article","og_title":"La Secretar\u00eda de Econom\u00eda lanza nueva secci\u00f3n en DataM\u00e9xico sobre mipymes | Nexo Informativo Santiago de Quer\u00e9taro","og_description":"La Secretar\u00eda de Econom\u00eda lanza nueva secci\u00f3n en DataM\u00e9xico sobre mipymes","og_url":"https:\/\/www.nexoinformativo.mx\/index.php\/2024\/09\/27\/la-secretaria-de-economia-lanza-nueva-seccion-en-datamexico-sobre-mipymes\/","og_site_name":"Nexo Informativo Santiago de Quer\u00e9taro","article_publisher":"https:\/\/www.facebook.com\/people\/Nexo-Informativo\/61564066885511\/","article_published_time":"2024-09-27T18:00:37+00:00","article_modified_time":"2024-09-27T20:17:43+00:00","og_image":[{"width":800,"height":932,"url":"https:\/\/www.nexoinformativo.mx\/wp-content\/uploads\/2024\/09\/IMG_6614-2-e1727468074777.jpg","type":"image\/jpeg"}],"author":"Nexo Informativo","twitter_card":"summary_large_image","twitter_misc":{"Escrito por":"Nexo Informativo","Tiempo de lectura":"2 minutos"},"schema":{"@context":"https:\/\/schema.org","@graph":[{"@type":"Article","@id":"https:\/\/www.nexoinformativo.mx\/index.php\/2024\/09\/27\/la-secretaria-de-economia-lanza-nueva-seccion-en-datamexico-sobre-mipymes\/#article","isPartOf":{"@id":"https:\/\/www.nexoinformativo.mx\/index.php\/2024\/09\/27\/la-secretaria-de-economia-lanza-nueva-seccion-en-datamexico-sobre-mipymes\/"},"author":{"name":"Nexo Informativo","@id":"https:\/\/www.nexoinformativo.mx\/#\/schema\/person\/7749d380ba08c8ca00d7bc76fd907b7d"},"headline":"La Secretar\u00eda de Econom\u00eda lanza nueva secci\u00f3n en DataM\u00e9xico sobre mipymes","datePublished":"2024-09-27T18:00:37+00:00","dateModified":"2024-09-27T20:17:43+00:00","mainEntityOfPage":{"@id":"https:\/\/www.nexoinformativo.mx\/index.php\/2024\/09\/27\/la-secretaria-de-economia-lanza-nueva-seccion-en-datamexico-sobre-mipymes\/"},"wordCount":234,"commentCount":0,"publisher":{"@id":"https:\/\/www.nexoinformativo.mx\/#organization"},"image":{"@id":"https:\/\/www.nexoinformativo.mx\/index.php\/2024\/09\/27\/la-secretaria-de-economia-lanza-nueva-seccion-en-datamexico-sobre-mipymes\/#primaryimage"},"thumbnailUrl":"https:\/\/www.nexoinformativo.mx\/wp-content\/uploads\/2024\/09\/IMG_6614-2-e1727468074777.jpg","keywords":["DataM\u00e9xico","DesarrolloEcon\u00f3mico","FortalecimientoMipymes","MipymesM\u00e9xico"],"articleSection":["Nacional","\u00daltima Hora"],"inLanguage":"es","potentialAction":[{"@type":"CommentAction","name":"Comment","target":["https:\/\/www.nexoinformativo.mx\/index.php\/2024\/09\/27\/la-secretaria-de-economia-lanza-nueva-seccion-en-datamexico-sobre-mipymes\/#respond"]}]},{"@type":"WebPage","@id":"https:\/\/www.nexoinformativo.mx\/index.php\/2024\/09\/27\/la-secretaria-de-economia-lanza-nueva-seccion-en-datamexico-sobre-mipymes\/","url":"https:\/\/www.nexoinformativo.mx\/index.php\/2024\/09\/27\/la-secretaria-de-economia-lanza-nueva-seccion-en-datamexico-sobre-mipymes\/","name":"La Secretar\u00eda de Econom\u00eda lanza nueva secci\u00f3n en DataM\u00e9xico sobre mipymes | Nexo Informativo Santiago de Quer\u00e9taro","isPartOf":{"@id":"https:\/\/www.nexoinformativo.mx\/#website"},"primaryImageOfPage":{"@id":"https:\/\/www.nexoinformativo.mx\/index.php\/2024\/09\/27\/la-secretaria-de-economia-lanza-nueva-seccion-en-datamexico-sobre-mipymes\/#primaryimage"},"image":{"@id":"https:\/\/www.nexoinformativo.mx\/index.php\/2024\/09\/27\/la-secretaria-de-economia-lanza-nueva-seccion-en-datamexico-sobre-mipymes\/#primaryimage"},"thumbnailUrl":"https:\/\/www.nexoinformativo.mx\/wp-content\/uploads\/2024\/09\/IMG_6614-2-e1727468074777.jpg","datePublished":"2024-09-27T18:00:37+00:00","dateModified":"2024-09-27T20:17:43+00:00","description":"La Secretar\u00eda de Econom\u00eda lanza nueva secci\u00f3n en DataM\u00e9xico sobre mipymes","breadcrumb":{"@id":"https:\/\/www.nexoinformativo.mx\/index.php\/2024\/09\/27\/la-secretaria-de-economia-lanza-nueva-seccion-en-datamexico-sobre-mipymes\/#breadcrumb"},"inLanguage":"es","potentialAction":[{"@type":"ReadAction","target":["https:\/\/www.nexoinformativo.mx\/index.php\/2024\/09\/27\/la-secretaria-de-economia-lanza-nueva-seccion-en-datamexico-sobre-mipymes\/"]}]},{"@type":"ImageObject","inLanguage":"es","@id":"https:\/\/www.nexoinformativo.mx\/index.php\/2024\/09\/27\/la-secretaria-de-economia-lanza-nueva-seccion-en-datamexico-sobre-mipymes\/#primaryimage","url":"https:\/\/www.nexoinformativo.mx\/wp-content\/uploads\/2024\/09\/IMG_6614-2-e1727468074777.jpg","contentUrl":"https:\/\/www.nexoinformativo.mx\/wp-content\/uploads\/2024\/09\/IMG_6614-2-e1727468074777.jpg","width":800,"height":932,"caption":"Screenshot"},{"@type":"BreadcrumbList","@id":"https:\/\/www.nexoinformativo.mx\/index.php\/2024\/09\/27\/la-secretaria-de-economia-lanza-nueva-seccion-en-datamexico-sobre-mipymes\/#breadcrumb","itemListElement":[{"@type":"ListItem","position":1,"name":"Inicio","item":"https:\/\/www.nexoinformativo.mx\/"},{"@type":"ListItem","position":2,"name":"La Secretar\u00eda de Econom\u00eda lanza nueva secci\u00f3n en DataM\u00e9xico sobre mipymes"}]},{"@type":"WebSite","@id":"https:\/\/www.nexoinformativo.mx\/#website","url":"https:\/\/www.nexoinformativo.mx\/","name":"Nexo Informativo Santiago de Quer\u00e9taro","description":"Explora NexoInformativo y convi\u00e9rtete en parte de una comunidad que valora el conocimiento y la verdad. Tu nexoinformativo es tu puente hacia una comprensi\u00f3n m\u00e1s profunda del mundo que te rodea.","publisher":{"@id":"https:\/\/www.nexoinformativo.mx\/#organization"},"potentialAction":[{"@type":"SearchAction","target":{"@type":"EntryPoint","urlTemplate":"https:\/\/www.nexoinformativo.mx\/?s={search_term_string}"},"query-input":{"@type":"PropertyValueSpecification","valueRequired":true,"valueName":"search_term_string"}}],"inLanguage":"es"},{"@type":"Organization","@id":"https:\/\/www.nexoinformativo.mx\/#organization","name":"Nexo Informativo Santiago de Quer\u00e9taro","url":"https:\/\/www.nexoinformativo.mx\/","logo":{"@type":"ImageObject","inLanguage":"es","@id":"https:\/\/www.nexoinformativo.mx\/#\/schema\/logo\/image\/","url":"https:\/\/www.nexoinformativo.mx\/wp-content\/uploads\/2024\/07\/nexoi-trasparente-2.png","contentUrl":"https:\/\/www.nexoinformativo.mx\/wp-content\/uploads\/2024\/07\/nexoi-trasparente-2.png","width":816,"height":339,"caption":"Nexo Informativo Santiago de Quer\u00e9taro"},"image":{"@id":"https:\/\/www.nexoinformativo.mx\/#\/schema\/logo\/image\/"},"sameAs":["https:\/\/www.facebook.com\/people\/Nexo-Informativo\/61564066885511\/"]},{"@type":"Person","@id":"https:\/\/www.nexoinformativo.mx\/#\/schema\/person\/7749d380ba08c8ca00d7bc76fd907b7d","name":"Nexo Informativo","image":{"@type":"ImageObject","inLanguage":"es","@id":"https:\/\/www.nexoinformativo.mx\/#\/schema\/person\/image\/","url":"https:\/\/secure.gravatar.com\/avatar\/dde2928154642a13d95f87ddf1ea9718fe2b46760a005c53e41ff5ad610704e6?s=96&d=mm&r=g","contentUrl":"https:\/\/secure.gravatar.com\/avatar\/dde2928154642a13d95f87ddf1ea9718fe2b46760a005c53e41ff5ad610704e6?s=96&d=mm&r=g","caption":"Nexo Informativo"},"url":"https:\/\/www.nexoinformativo.mx\/index.php\/author\/edicion\/"}]}},"_links":{"self":[{"href":"https:\/\/www.nexoinformativo.mx\/index.php\/wp-json\/wp\/v2\/posts\/2358","targetHints":{"allow":["GET"]}}],"collection":[{"href":"https:\/\/www.nexoinformativo.mx\/index.php\/wp-json\/wp\/v2\/posts"}],"about":[{"href":"https:\/\/www.nexoinformativo.mx\/index.php\/wp-json\/wp\/v2\/types\/post"}],"author":[{"embeddable":true,"href":"https:\/\/www.nexoinformativo.mx\/index.php\/wp-json\/wp\/v2\/users\/3"}],"replies":[{"embeddable":true,"href":"https:\/\/www.nexoinformativo.mx\/index.php\/wp-json\/wp\/v2\/comments?post=2358"}],"version-history":[{"count":4,"href":"https:\/\/www.nexoinformativo.mx\/index.php\/wp-json\/wp\/v2\/posts\/2358\/revisions"}],"predecessor-version":[{"id":2361,"href":"https:\/\/www.nexoinformativo.mx\/index.php\/wp-json\/wp\/v2\/posts\/2358\/revisions\/2361"}],"wp:featuredmedia":[{"embeddable":true,"href":"https:\/\/www.nexoinformativo.mx\/index.php\/wp-json\/wp\/v2\/media\/2362"}],"wp:attachment":[{"href":"https:\/\/www.nexoinformativo.mx\/index.php\/wp-json\/wp\/v2\/media?parent=2358"}],"wp:term":[{"taxonomy":"category","embeddable":true,"href":"https:\/\/www.nexoinformativo.mx\/index.php\/wp-json\/wp\/v2\/categories?post=2358"},{"taxonomy":"post_tag","embeddable":true,"href":"https:\/\/www.nexoinformativo.mx\/index.php\/wp-json\/wp\/v2\/tags?post=2358"}],"curies":[{"name":"wp","href":"https:\/\/api.w.org\/{rel}","templated":true}]}}