{"id":2367,"date":"2024-09-27T12:30:11","date_gmt":"2024-09-27T18:30:11","guid":{"rendered":"https:\/\/www.nexoinformativo.mx\/?p=2367"},"modified":"2024-09-27T14:32:33","modified_gmt":"2024-09-27T20:32:33","slug":"jornada-nacional-de-vacunacion-antirrabica-canina-y-felina-en-mexico","status":"publish","type":"post","link":"https:\/\/www.nexoinformativo.mx\/index.php\/2024\/09\/27\/jornada-nacional-de-vacunacion-antirrabica-canina-y-felina-en-mexico\/","title":{"rendered":"Jornada Nacional de Vacunaci\u00f3n antirr\u00e1bica canina y felina en M\u00e9xico"},"content":{"rendered":"<p style=\"text-align: justify;\">Inicia del <strong>22 al 28 de septiembre<\/strong>, la Secretar\u00eda de Salud, a trav\u00e9s del Cenaprece, lanza la Jornada Nacional de Reforzamiento de Vacunaci\u00f3n Antirr\u00e1bica Canina y Felina. Esta campa\u00f1a tiene como objetivo mantener controlada la rabia, una enfermedad viral y mortal que afecta a m\u00e1s de 150 pa\u00edses.<\/p>\n<p>&nbsp;<\/p>\n<p style=\"text-align: justify;\">La Organizaci\u00f3n Mundial de la Salud <strong>(OMS)<\/strong> define a la rabia c\u00f3mo una virosis zoon\u00f3tica que afecta al sistema nervioso; infecta a mam\u00edferos como perros, gatos, ganado y fauna silvestre.\u00a0La v\u00eda de propagaci\u00f3n a personas y animales es por medio de la saliva, la cual entra en contacto a trav\u00e9s de mordeduras etc.<\/p>\n<p>&nbsp;<\/p>\n<p style=\"text-align: justify;\">Vacunar a perros y gatos no solo protege a las mascotas, sino tambi\u00e9n a sus due\u00f1os. Desde 1990, M\u00e9xico ha trabajado para erradicar la rabia humana transmitida por perros, logrando en 2019 un reconocimiento de la OMS. Durante esta jornada, la poblaci\u00f3n es invitada a llevar a sus mascotas para recibir la inmunizaci\u00f3n, reforzando el compromiso de salud p\u00fablica del pa\u00eds.<\/p>\n<p>&nbsp;<\/p>\n<p>Se hace un llamado a la poblaci\u00f3n a aprovechar la jornada nacional para llevar a inmunizar a perros y gatos contra la rabia, ya que esta medida repercute en el cuidado de la salud.<\/p>\n<p>Para m\u00e1s informaci\u00f3n sigue las redes sociales y mantente informado.<\/p>\n<p>X:\u00a0<strong><a href=\"https:\/\/twitter.com\/ssalud_mx\" target=\"_blank\" rel=\"noopener\" data-saferedirecturl=\"https:\/\/www.google.com\/url?q=https:\/\/twitter.com\/ssalud_mx&amp;source=gmail&amp;ust=1727555365300000&amp;usg=AOvVaw1WcqojQSatbpD9xs1YK7i_\">@SSalud_mx\u00a0<\/a>\u00a0<\/strong><\/p>\n<p>Facebook:<a href=\"https:\/\/www.facebook.com\/SecretariadeSaludMX\" target=\"_blank\" rel=\"noopener\" data-saferedirecturl=\"https:\/\/www.google.com\/url?q=https:\/\/www.facebook.com\/SecretariadeSaludMX&amp;source=gmail&amp;ust=1727555365300000&amp;usg=AOvVaw1_aKrN_cckzvbXL2JYTE3x\"><strong>\u00a0facebook.com\/<wbr \/>SecretariadeSaludMX<\/strong><\/a><strong>\u00a0<\/strong><\/p>\n<p>Instagram:\u00a0<a href=\"https:\/\/www.instagram.com\/ssalud_mx\/\" target=\"_blank\" rel=\"noopener\" data-saferedirecturl=\"https:\/\/www.google.com\/url?q=https:\/\/www.instagram.com\/ssalud_mx\/&amp;source=gmail&amp;ust=1727555365300000&amp;usg=AOvVaw2mGq8Erj8cAho55ebjeSr6\"><strong>ssalud_mx<\/strong><\/a><\/p>\n<p>YouTube:<strong>\u00a0<\/strong><a href=\"https:\/\/www.youtube.com\/channel\/UCu2Uc7YeJmE9mvGG9OK-zbQ\" target=\"_blank\" rel=\"noopener\" data-saferedirecturl=\"https:\/\/www.google.com\/url?q=https:\/\/www.youtube.com\/channel\/UCu2Uc7YeJmE9mvGG9OK-zbQ&amp;source=gmail&amp;ust=1727555365300000&amp;usg=AOvVaw0dCiP2wTkfAfkqINgG5Ozn\"><strong>Secretar\u00eda de Salud M\u00e9xico<\/strong><\/a><\/p>\n<blockquote><p>&nbsp;<\/p><\/blockquote>\n","protected":false},"excerpt":{"rendered":"<p>Inicia del 22 al 28 de septiembre, la Secretar\u00eda de Salud, a trav\u00e9s del Cenaprece, lanza la Jornada Nacional de Reforzamiento de Vacunaci\u00f3n Antirr\u00e1bica Canina y Felina.<\/p>\n","protected":false},"author":3,"featured_media":2370,"comment_status":"open","ping_status":"open","sticky":false,"template":"","format":"standard","meta":{"footnotes":""},"categories":[88,58],"tags":[932,933,319,931],"class_list":["post-2367","post","type-post","status-publish","format-standard","has-post-thumbnail","hentry","category-nacional","category-ultima-hora","tag-cuidadodemascotas","tag-protegeatufamilia","tag-saludpublica","tag-vacunacionantirrabica"],"yoast_head":"<!-- This site is optimized with the Yoast SEO plugin v25.0 - https:\/\/yoast.com\/wordpress\/plugins\/seo\/ -->\n<title>Jornada Nacional de Vacunaci\u00f3n antirr\u00e1bica canina y felina en M\u00e9xico | Nexo Informativo Santiago de Quer\u00e9taro<\/title>\n<meta name=\"description\" content=\"Jornada Nacional de Vacunaci\u00f3n antirr\u00e1bica canina y felina en M\u00e9xico\" \/>\n<meta name=\"robots\" content=\"index, follow, max-snippet:-1, max-image-preview:large, max-video-preview:-1\" \/>\n<link rel=\"canonical\" href=\"https:\/\/www.nexoinformativo.mx\/index.php\/2024\/09\/27\/jornada-nacional-de-vacunacion-antirrabica-canina-y-felina-en-mexico\/\" \/>\n<meta property=\"og:locale\" content=\"es_MX\" \/>\n<meta property=\"og:type\" content=\"article\" \/>\n<meta property=\"og:title\" content=\"Jornada Nacional de Vacunaci\u00f3n antirr\u00e1bica canina y felina en M\u00e9xico | Nexo Informativo Santiago de Quer\u00e9taro\" \/>\n<meta property=\"og:description\" content=\"Jornada Nacional de Vacunaci\u00f3n antirr\u00e1bica canina y felina en M\u00e9xico\" \/>\n<meta property=\"og:url\" content=\"https:\/\/www.nexoinformativo.mx\/index.php\/2024\/09\/27\/jornada-nacional-de-vacunacion-antirrabica-canina-y-felina-en-mexico\/\" \/>\n<meta property=\"og:site_name\" content=\"Nexo Informativo Santiago de Quer\u00e9taro\" \/>\n<meta property=\"article:publisher\" content=\"https:\/\/www.facebook.com\/people\/Nexo-Informativo\/61564066885511\/\" \/>\n<meta property=\"article:published_time\" content=\"2024-09-27T18:30:11+00:00\" \/>\n<meta property=\"article:modified_time\" content=\"2024-09-27T20:32:33+00:00\" \/>\n<meta property=\"og:image\" content=\"https:\/\/www.nexoinformativo.mx\/wp-content\/uploads\/2024\/09\/image_123650291-2.jpg\" \/>\n\t<meta property=\"og:image:width\" content=\"650\" \/>\n\t<meta property=\"og:image:height\" content=\"380\" \/>\n\t<meta property=\"og:image:type\" content=\"image\/jpeg\" \/>\n<meta name=\"author\" content=\"Nexo Informativo\" \/>\n<meta name=\"twitter:card\" content=\"summary_large_image\" \/>\n<meta name=\"twitter:label1\" content=\"Escrito por\" \/>\n\t<meta name=\"twitter:data1\" content=\"Nexo Informativo\" \/>\n\t<meta name=\"twitter:label2\" content=\"Tiempo de lectura\" \/>\n\t<meta name=\"twitter:data2\" content=\"2 minutos\" \/>\n<script type=\"application\/ld+json\" class=\"yoast-schema-graph\">{\"@context\":\"https:\/\/schema.org\",\"@graph\":[{\"@type\":\"Article\",\"@id\":\"https:\/\/www.nexoinformativo.mx\/index.php\/2024\/09\/27\/jornada-nacional-de-vacunacion-antirrabica-canina-y-felina-en-mexico\/#article\",\"isPartOf\":{\"@id\":\"https:\/\/www.nexoinformativo.mx\/index.php\/2024\/09\/27\/jornada-nacional-de-vacunacion-antirrabica-canina-y-felina-en-mexico\/\"},\"author\":{\"name\":\"Nexo Informativo\",\"@id\":\"https:\/\/www.nexoinformativo.mx\/#\/schema\/person\/7749d380ba08c8ca00d7bc76fd907b7d\"},\"headline\":\"Jornada Nacional de Vacunaci\u00f3n antirr\u00e1bica canina y felina en M\u00e9xico\",\"datePublished\":\"2024-09-27T18:30:11+00:00\",\"dateModified\":\"2024-09-27T20:32:33+00:00\",\"mainEntityOfPage\":{\"@id\":\"https:\/\/www.nexoinformativo.mx\/index.php\/2024\/09\/27\/jornada-nacional-de-vacunacion-antirrabica-canina-y-felina-en-mexico\/\"},\"wordCount\":260,\"commentCount\":0,\"publisher\":{\"@id\":\"https:\/\/www.nexoinformativo.mx\/#organization\"},\"image\":{\"@id\":\"https:\/\/www.nexoinformativo.mx\/index.php\/2024\/09\/27\/jornada-nacional-de-vacunacion-antirrabica-canina-y-felina-en-mexico\/#primaryimage\"},\"thumbnailUrl\":\"https:\/\/www.nexoinformativo.mx\/wp-content\/uploads\/2024\/09\/image_123650291-2.jpg\",\"keywords\":[\"CuidadoDeMascotas\",\"ProtegeATuFamilia\",\"SaludP\u00fablica\",\"Vacunaci\u00f3nAntirr\u00e1bica\"],\"articleSection\":[\"Nacional\",\"\u00daltima Hora\"],\"inLanguage\":\"es\",\"potentialAction\":[{\"@type\":\"CommentAction\",\"name\":\"Comment\",\"target\":[\"https:\/\/www.nexoinformativo.mx\/index.php\/2024\/09\/27\/jornada-nacional-de-vacunacion-antirrabica-canina-y-felina-en-mexico\/#respond\"]}]},{\"@type\":\"WebPage\",\"@id\":\"https:\/\/www.nexoinformativo.mx\/index.php\/2024\/09\/27\/jornada-nacional-de-vacunacion-antirrabica-canina-y-felina-en-mexico\/\",\"url\":\"https:\/\/www.nexoinformativo.mx\/index.php\/2024\/09\/27\/jornada-nacional-de-vacunacion-antirrabica-canina-y-felina-en-mexico\/\",\"name\":\"Jornada Nacional de Vacunaci\u00f3n antirr\u00e1bica canina y felina en M\u00e9xico | Nexo Informativo Santiago de Quer\u00e9taro\",\"isPartOf\":{\"@id\":\"https:\/\/www.nexoinformativo.mx\/#website\"},\"primaryImageOfPage\":{\"@id\":\"https:\/\/www.nexoinformativo.mx\/index.php\/2024\/09\/27\/jornada-nacional-de-vacunacion-antirrabica-canina-y-felina-en-mexico\/#primaryimage\"},\"image\":{\"@id\":\"https:\/\/www.nexoinformativo.mx\/index.php\/2024\/09\/27\/jornada-nacional-de-vacunacion-antirrabica-canina-y-felina-en-mexico\/#primaryimage\"},\"thumbnailUrl\":\"https:\/\/www.nexoinformativo.mx\/wp-content\/uploads\/2024\/09\/image_123650291-2.jpg\",\"datePublished\":\"2024-09-27T18:30:11+00:00\",\"dateModified\":\"2024-09-27T20:32:33+00:00\",\"description\":\"Jornada Nacional de Vacunaci\u00f3n antirr\u00e1bica canina y felina en M\u00e9xico\",\"breadcrumb\":{\"@id\":\"https:\/\/www.nexoinformativo.mx\/index.php\/2024\/09\/27\/jornada-nacional-de-vacunacion-antirrabica-canina-y-felina-en-mexico\/#breadcrumb\"},\"inLanguage\":\"es\",\"potentialAction\":[{\"@type\":\"ReadAction\",\"target\":[\"https:\/\/www.nexoinformativo.mx\/index.php\/2024\/09\/27\/jornada-nacional-de-vacunacion-antirrabica-canina-y-felina-en-mexico\/\"]}]},{\"@type\":\"ImageObject\",\"inLanguage\":\"es\",\"@id\":\"https:\/\/www.nexoinformativo.mx\/index.php\/2024\/09\/27\/jornada-nacional-de-vacunacion-antirrabica-canina-y-felina-en-mexico\/#primaryimage\",\"url\":\"https:\/\/www.nexoinformativo.mx\/wp-content\/uploads\/2024\/09\/image_123650291-2.jpg\",\"contentUrl\":\"https:\/\/www.nexoinformativo.mx\/wp-content\/uploads\/2024\/09\/image_123650291-2.jpg\",\"width\":650,\"height\":380},{\"@type\":\"BreadcrumbList\",\"@id\":\"https:\/\/www.nexoinformativo.mx\/index.php\/2024\/09\/27\/jornada-nacional-de-vacunacion-antirrabica-canina-y-felina-en-mexico\/#breadcrumb\",\"itemListElement\":[{\"@type\":\"ListItem\",\"position\":1,\"name\":\"Inicio\",\"item\":\"https:\/\/www.nexoinformativo.mx\/\"},{\"@type\":\"ListItem\",\"position\":2,\"name\":\"Jornada Nacional de Vacunaci\u00f3n antirr\u00e1bica canina y felina en M\u00e9xico\"}]},{\"@type\":\"WebSite\",\"@id\":\"https:\/\/www.nexoinformativo.mx\/#website\",\"url\":\"https:\/\/www.nexoinformativo.mx\/\",\"name\":\"Nexo Informativo Santiago de Quer\u00e9taro\",\"description\":\"Explora NexoInformativo y convi\u00e9rtete en parte de una comunidad que valora el conocimiento y la verdad. Tu nexoinformativo es tu puente hacia una comprensi\u00f3n m\u00e1s profunda del mundo que te rodea.\",\"publisher\":{\"@id\":\"https:\/\/www.nexoinformativo.mx\/#organization\"},\"potentialAction\":[{\"@type\":\"SearchAction\",\"target\":{\"@type\":\"EntryPoint\",\"urlTemplate\":\"https:\/\/www.nexoinformativo.mx\/?s={search_term_string}\"},\"query-input\":{\"@type\":\"PropertyValueSpecification\",\"valueRequired\":true,\"valueName\":\"search_term_string\"}}],\"inLanguage\":\"es\"},{\"@type\":\"Organization\",\"@id\":\"https:\/\/www.nexoinformativo.mx\/#organization\",\"name\":\"Nexo Informativo Santiago de Quer\u00e9taro\",\"url\":\"https:\/\/www.nexoinformativo.mx\/\",\"logo\":{\"@type\":\"ImageObject\",\"inLanguage\":\"es\",\"@id\":\"https:\/\/www.nexoinformativo.mx\/#\/schema\/logo\/image\/\",\"url\":\"https:\/\/www.nexoinformativo.mx\/wp-content\/uploads\/2024\/07\/nexoi-trasparente-2.png\",\"contentUrl\":\"https:\/\/www.nexoinformativo.mx\/wp-content\/uploads\/2024\/07\/nexoi-trasparente-2.png\",\"width\":816,\"height\":339,\"caption\":\"Nexo Informativo Santiago de Quer\u00e9taro\"},\"image\":{\"@id\":\"https:\/\/www.nexoinformativo.mx\/#\/schema\/logo\/image\/\"},\"sameAs\":[\"https:\/\/www.facebook.com\/people\/Nexo-Informativo\/61564066885511\/\"]},{\"@type\":\"Person\",\"@id\":\"https:\/\/www.nexoinformativo.mx\/#\/schema\/person\/7749d380ba08c8ca00d7bc76fd907b7d\",\"name\":\"Nexo Informativo\",\"image\":{\"@type\":\"ImageObject\",\"inLanguage\":\"es\",\"@id\":\"https:\/\/www.nexoinformativo.mx\/#\/schema\/person\/image\/\",\"url\":\"https:\/\/secure.gravatar.com\/avatar\/dde2928154642a13d95f87ddf1ea9718fe2b46760a005c53e41ff5ad610704e6?s=96&d=mm&r=g\",\"contentUrl\":\"https:\/\/secure.gravatar.com\/avatar\/dde2928154642a13d95f87ddf1ea9718fe2b46760a005c53e41ff5ad610704e6?s=96&d=mm&r=g\",\"caption\":\"Nexo Informativo\"},\"url\":\"https:\/\/www.nexoinformativo.mx\/index.php\/author\/edicion\/\"}]}<\/script>\n<!-- \/ Yoast SEO plugin. -->","yoast_head_json":{"title":"Jornada Nacional de Vacunaci\u00f3n antirr\u00e1bica canina y felina en M\u00e9xico | Nexo Informativo Santiago de Quer\u00e9taro","description":"Jornada Nacional de Vacunaci\u00f3n antirr\u00e1bica canina y felina en M\u00e9xico","robots":{"index":"index","follow":"follow","max-snippet":"max-snippet:-1","max-image-preview":"max-image-preview:large","max-video-preview":"max-video-preview:-1"},"canonical":"https:\/\/www.nexoinformativo.mx\/index.php\/2024\/09\/27\/jornada-nacional-de-vacunacion-antirrabica-canina-y-felina-en-mexico\/","og_locale":"es_MX","og_type":"article","og_title":"Jornada Nacional de Vacunaci\u00f3n antirr\u00e1bica canina y felina en M\u00e9xico | Nexo Informativo Santiago de Quer\u00e9taro","og_description":"Jornada Nacional de Vacunaci\u00f3n antirr\u00e1bica canina y felina en M\u00e9xico","og_url":"https:\/\/www.nexoinformativo.mx\/index.php\/2024\/09\/27\/jornada-nacional-de-vacunacion-antirrabica-canina-y-felina-en-mexico\/","og_site_name":"Nexo Informativo Santiago de Quer\u00e9taro","article_publisher":"https:\/\/www.facebook.com\/people\/Nexo-Informativo\/61564066885511\/","article_published_time":"2024-09-27T18:30:11+00:00","article_modified_time":"2024-09-27T20:32:33+00:00","og_image":[{"width":650,"height":380,"url":"https:\/\/www.nexoinformativo.mx\/wp-content\/uploads\/2024\/09\/image_123650291-2.jpg","type":"image\/jpeg"}],"author":"Nexo Informativo","twitter_card":"summary_large_image","twitter_misc":{"Escrito por":"Nexo Informativo","Tiempo de lectura":"2 minutos"},"schema":{"@context":"https:\/\/schema.org","@graph":[{"@type":"Article","@id":"https:\/\/www.nexoinformativo.mx\/index.php\/2024\/09\/27\/jornada-nacional-de-vacunacion-antirrabica-canina-y-felina-en-mexico\/#article","isPartOf":{"@id":"https:\/\/www.nexoinformativo.mx\/index.php\/2024\/09\/27\/jornada-nacional-de-vacunacion-antirrabica-canina-y-felina-en-mexico\/"},"author":{"name":"Nexo Informativo","@id":"https:\/\/www.nexoinformativo.mx\/#\/schema\/person\/7749d380ba08c8ca00d7bc76fd907b7d"},"headline":"Jornada Nacional de Vacunaci\u00f3n antirr\u00e1bica canina y felina en M\u00e9xico","datePublished":"2024-09-27T18:30:11+00:00","dateModified":"2024-09-27T20:32:33+00:00","mainEntityOfPage":{"@id":"https:\/\/www.nexoinformativo.mx\/index.php\/2024\/09\/27\/jornada-nacional-de-vacunacion-antirrabica-canina-y-felina-en-mexico\/"},"wordCount":260,"commentCount":0,"publisher":{"@id":"https:\/\/www.nexoinformativo.mx\/#organization"},"image":{"@id":"https:\/\/www.nexoinformativo.mx\/index.php\/2024\/09\/27\/jornada-nacional-de-vacunacion-antirrabica-canina-y-felina-en-mexico\/#primaryimage"},"thumbnailUrl":"https:\/\/www.nexoinformativo.mx\/wp-content\/uploads\/2024\/09\/image_123650291-2.jpg","keywords":["CuidadoDeMascotas","ProtegeATuFamilia","SaludP\u00fablica","Vacunaci\u00f3nAntirr\u00e1bica"],"articleSection":["Nacional","\u00daltima Hora"],"inLanguage":"es","potentialAction":[{"@type":"CommentAction","name":"Comment","target":["https:\/\/www.nexoinformativo.mx\/index.php\/2024\/09\/27\/jornada-nacional-de-vacunacion-antirrabica-canina-y-felina-en-mexico\/#respond"]}]},{"@type":"WebPage","@id":"https:\/\/www.nexoinformativo.mx\/index.php\/2024\/09\/27\/jornada-nacional-de-vacunacion-antirrabica-canina-y-felina-en-mexico\/","url":"https:\/\/www.nexoinformativo.mx\/index.php\/2024\/09\/27\/jornada-nacional-de-vacunacion-antirrabica-canina-y-felina-en-mexico\/","name":"Jornada Nacional de Vacunaci\u00f3n antirr\u00e1bica canina y felina en M\u00e9xico | Nexo Informativo Santiago de Quer\u00e9taro","isPartOf":{"@id":"https:\/\/www.nexoinformativo.mx\/#website"},"primaryImageOfPage":{"@id":"https:\/\/www.nexoinformativo.mx\/index.php\/2024\/09\/27\/jornada-nacional-de-vacunacion-antirrabica-canina-y-felina-en-mexico\/#primaryimage"},"image":{"@id":"https:\/\/www.nexoinformativo.mx\/index.php\/2024\/09\/27\/jornada-nacional-de-vacunacion-antirrabica-canina-y-felina-en-mexico\/#primaryimage"},"thumbnailUrl":"https:\/\/www.nexoinformativo.mx\/wp-content\/uploads\/2024\/09\/image_123650291-2.jpg","datePublished":"2024-09-27T18:30:11+00:00","dateModified":"2024-09-27T20:32:33+00:00","description":"Jornada Nacional de Vacunaci\u00f3n antirr\u00e1bica canina y felina en M\u00e9xico","breadcrumb":{"@id":"https:\/\/www.nexoinformativo.mx\/index.php\/2024\/09\/27\/jornada-nacional-de-vacunacion-antirrabica-canina-y-felina-en-mexico\/#breadcrumb"},"inLanguage":"es","potentialAction":[{"@type":"ReadAction","target":["https:\/\/www.nexoinformativo.mx\/index.php\/2024\/09\/27\/jornada-nacional-de-vacunacion-antirrabica-canina-y-felina-en-mexico\/"]}]},{"@type":"ImageObject","inLanguage":"es","@id":"https:\/\/www.nexoinformativo.mx\/index.php\/2024\/09\/27\/jornada-nacional-de-vacunacion-antirrabica-canina-y-felina-en-mexico\/#primaryimage","url":"https:\/\/www.nexoinformativo.mx\/wp-content\/uploads\/2024\/09\/image_123650291-2.jpg","contentUrl":"https:\/\/www.nexoinformativo.mx\/wp-content\/uploads\/2024\/09\/image_123650291-2.jpg","width":650,"height":380},{"@type":"BreadcrumbList","@id":"https:\/\/www.nexoinformativo.mx\/index.php\/2024\/09\/27\/jornada-nacional-de-vacunacion-antirrabica-canina-y-felina-en-mexico\/#breadcrumb","itemListElement":[{"@type":"ListItem","position":1,"name":"Inicio","item":"https:\/\/www.nexoinformativo.mx\/"},{"@type":"ListItem","position":2,"name":"Jornada Nacional de Vacunaci\u00f3n antirr\u00e1bica canina y felina en M\u00e9xico"}]},{"@type":"WebSite","@id":"https:\/\/www.nexoinformativo.mx\/#website","url":"https:\/\/www.nexoinformativo.mx\/","name":"Nexo Informativo Santiago de Quer\u00e9taro","description":"Explora NexoInformativo y convi\u00e9rtete en parte de una comunidad que valora el conocimiento y la verdad. Tu nexoinformativo es tu puente hacia una comprensi\u00f3n m\u00e1s profunda del mundo que te rodea.","publisher":{"@id":"https:\/\/www.nexoinformativo.mx\/#organization"},"potentialAction":[{"@type":"SearchAction","target":{"@type":"EntryPoint","urlTemplate":"https:\/\/www.nexoinformativo.mx\/?s={search_term_string}"},"query-input":{"@type":"PropertyValueSpecification","valueRequired":true,"valueName":"search_term_string"}}],"inLanguage":"es"},{"@type":"Organization","@id":"https:\/\/www.nexoinformativo.mx\/#organization","name":"Nexo Informativo Santiago de Quer\u00e9taro","url":"https:\/\/www.nexoinformativo.mx\/","logo":{"@type":"ImageObject","inLanguage":"es","@id":"https:\/\/www.nexoinformativo.mx\/#\/schema\/logo\/image\/","url":"https:\/\/www.nexoinformativo.mx\/wp-content\/uploads\/2024\/07\/nexoi-trasparente-2.png","contentUrl":"https:\/\/www.nexoinformativo.mx\/wp-content\/uploads\/2024\/07\/nexoi-trasparente-2.png","width":816,"height":339,"caption":"Nexo Informativo Santiago de Quer\u00e9taro"},"image":{"@id":"https:\/\/www.nexoinformativo.mx\/#\/schema\/logo\/image\/"},"sameAs":["https:\/\/www.facebook.com\/people\/Nexo-Informativo\/61564066885511\/"]},{"@type":"Person","@id":"https:\/\/www.nexoinformativo.mx\/#\/schema\/person\/7749d380ba08c8ca00d7bc76fd907b7d","name":"Nexo Informativo","image":{"@type":"ImageObject","inLanguage":"es","@id":"https:\/\/www.nexoinformativo.mx\/#\/schema\/person\/image\/","url":"https:\/\/secure.gravatar.com\/avatar\/dde2928154642a13d95f87ddf1ea9718fe2b46760a005c53e41ff5ad610704e6?s=96&d=mm&r=g","contentUrl":"https:\/\/secure.gravatar.com\/avatar\/dde2928154642a13d95f87ddf1ea9718fe2b46760a005c53e41ff5ad610704e6?s=96&d=mm&r=g","caption":"Nexo Informativo"},"url":"https:\/\/www.nexoinformativo.mx\/index.php\/author\/edicion\/"}]}},"_links":{"self":[{"href":"https:\/\/www.nexoinformativo.mx\/index.php\/wp-json\/wp\/v2\/posts\/2367","targetHints":{"allow":["GET"]}}],"collection":[{"href":"https:\/\/www.nexoinformativo.mx\/index.php\/wp-json\/wp\/v2\/posts"}],"about":[{"href":"https:\/\/www.nexoinformativo.mx\/index.php\/wp-json\/wp\/v2\/types\/post"}],"author":[{"embeddable":true,"href":"https:\/\/www.nexoinformativo.mx\/index.php\/wp-json\/wp\/v2\/users\/3"}],"replies":[{"embeddable":true,"href":"https:\/\/www.nexoinformativo.mx\/index.php\/wp-json\/wp\/v2\/comments?post=2367"}],"version-history":[{"count":3,"href":"https:\/\/www.nexoinformativo.mx\/index.php\/wp-json\/wp\/v2\/posts\/2367\/revisions"}],"predecessor-version":[{"id":2369,"href":"https:\/\/www.nexoinformativo.mx\/index.php\/wp-json\/wp\/v2\/posts\/2367\/revisions\/2369"}],"wp:featuredmedia":[{"embeddable":true,"href":"https:\/\/www.nexoinformativo.mx\/index.php\/wp-json\/wp\/v2\/media\/2370"}],"wp:attachment":[{"href":"https:\/\/www.nexoinformativo.mx\/index.php\/wp-json\/wp\/v2\/media?parent=2367"}],"wp:term":[{"taxonomy":"category","embeddable":true,"href":"https:\/\/www.nexoinformativo.mx\/index.php\/wp-json\/wp\/v2\/categories?post=2367"},{"taxonomy":"post_tag","embeddable":true,"href":"https:\/\/www.nexoinformativo.mx\/index.php\/wp-json\/wp\/v2\/tags?post=2367"}],"curies":[{"name":"wp","href":"https:\/\/api.w.org\/{rel}","templated":true}]}}