{"id":2385,"date":"2024-09-27T12:00:37","date_gmt":"2024-09-27T18:00:37","guid":{"rendered":"https:\/\/www.nexoinformativo.mx\/?p=2385"},"modified":"2024-09-28T15:18:01","modified_gmt":"2024-09-28T21:18:01","slug":"oxxo-sanciona-a-tienda-por-negarse-a-realizar-recargas-de-qrobus-ameq","status":"publish","type":"post","link":"https:\/\/www.nexoinformativo.mx\/index.php\/2024\/09\/27\/oxxo-sanciona-a-tienda-por-negarse-a-realizar-recargas-de-qrobus-ameq\/","title":{"rendered":"Oxxo sanciona a tienda por negarse a realizar recargas de Qrob\u00fas: AMEQ"},"content":{"rendered":"<p style=\"text-align: justify;\">La Agencia de Movilidad del Estado de Quer\u00e9taro (AMEQ) dio a conocer que la empresa Oxxo aplic\u00f3 una sanci\u00f3n interna a una de sus tiendas por negarse a realizar recargas de la tarjeta Qrob\u00fas. El incidente ocurri\u00f3 en la sucursal ubicada en Corregidora Norte, en la colonia Arboledas, donde los empleados colocaron un anuncio indicando que no ofrec\u00edan el servicio de recargas.<\/p>\n<p>&nbsp;<\/p>\n<p style=\"text-align: justify;\">Gerardo Cuanalo, director de la AMEQ, explic\u00f3 que, tras recibir comentarios y quejas por parte de los usuarios, la empresa tom\u00f3 acciones inmediatas y sancion\u00f3 a la tienda en cuesti\u00f3n. &#8220;En un caso espec\u00edfico, donde incluso se colocaron cartulinas indicando que no hab\u00eda servicio, la empresa aplic\u00f3 una sanci\u00f3n interna, y ya se ha restablecido el servicio con normalidad&#8221;, declar\u00f3.<\/p>\n<p>&nbsp;<\/p>\n<p style=\"text-align: justify;\">Cuanalo tambi\u00e9n pidi\u00f3 a los ciudadanos que reporten cualquier problema que afecte el uso de la tarjeta de prepago Qrob\u00fas, especialmente en tiendas que deber\u00edan brindar este servicio. A\u00f1adi\u00f3 que m\u00e1s del 95% de los usuarios del sistema de transporte p\u00fablico de Quer\u00e9taro utiliza esta tarjeta de prepago, lo que hace fundamental que el servicio de recargas est\u00e9 disponible en todas las tiendas autorizadas.<\/p>\n<p>&nbsp;<\/p>\n<p style=\"text-align: justify;\">Este tipo de acciones buscan garantizar que los usuarios del transporte p\u00fablico cuenten con todas las facilidades para recargar sus tarjetas y utilizar el servicio sin interrupciones.<\/p>\n","protected":false},"excerpt":{"rendered":"<p>La Agencia de Movilidad del Estado de Quer\u00e9taro (AMEQ) dio a conocer que la empresa Oxxo aplic\u00f3 una sanci\u00f3n interna a una de sus tiendas por negarse a realizar recargas de la tarjeta Qrob\u00fas.<\/p>\n","protected":false},"author":3,"featured_media":2386,"comment_status":"open","ping_status":"open","sticky":false,"template":"","format":"standard","meta":{"footnotes":""},"categories":[42,65,58],"tags":[358,944,945,943],"class_list":["post-2385","post","type-post","status-publish","format-standard","has-post-thumbnail","hentry","category-estado","category-municipios","category-ultima-hora","tag-movilidadqueretaro","tag-oxxoqueretaro","tag-recargasqrobus","tag-transportepublicoqro"],"yoast_head":"<!-- This site is optimized with the Yoast SEO plugin v25.0 - https:\/\/yoast.com\/wordpress\/plugins\/seo\/ -->\n<title>Oxxo sanciona a tienda por negarse a realizar recargas de Qrob\u00fas: AMEQ | Nexo Informativo Santiago de Quer\u00e9taro<\/title>\n<meta name=\"description\" content=\"Oxxo sanciona a tienda por negarse a realizar recargas de Qrob\u00fas: AMEQ\" \/>\n<meta name=\"robots\" content=\"index, follow, max-snippet:-1, max-image-preview:large, max-video-preview:-1\" \/>\n<link rel=\"canonical\" href=\"https:\/\/www.nexoinformativo.mx\/index.php\/2024\/09\/27\/oxxo-sanciona-a-tienda-por-negarse-a-realizar-recargas-de-qrobus-ameq\/\" \/>\n<meta property=\"og:locale\" content=\"es_MX\" \/>\n<meta property=\"og:type\" content=\"article\" \/>\n<meta property=\"og:title\" content=\"Oxxo sanciona a tienda por negarse a realizar recargas de Qrob\u00fas: AMEQ | Nexo Informativo Santiago de Quer\u00e9taro\" \/>\n<meta property=\"og:description\" content=\"Oxxo sanciona a tienda por negarse a realizar recargas de Qrob\u00fas: AMEQ\" \/>\n<meta property=\"og:url\" content=\"https:\/\/www.nexoinformativo.mx\/index.php\/2024\/09\/27\/oxxo-sanciona-a-tienda-por-negarse-a-realizar-recargas-de-qrobus-ameq\/\" \/>\n<meta property=\"og:site_name\" content=\"Nexo Informativo Santiago de Quer\u00e9taro\" \/>\n<meta property=\"article:publisher\" content=\"https:\/\/www.facebook.com\/people\/Nexo-Informativo\/61564066885511\/\" \/>\n<meta property=\"article:published_time\" content=\"2024-09-27T18:00:37+00:00\" \/>\n<meta property=\"article:modified_time\" content=\"2024-09-28T21:18:01+00:00\" \/>\n<meta property=\"og:image\" content=\"https:\/\/www.nexoinformativo.mx\/wp-content\/uploads\/2024\/09\/unnamed-3-4-e1727558231674.jpg\" \/>\n\t<meta property=\"og:image:width\" content=\"800\" \/>\n\t<meta property=\"og:image:height\" content=\"600\" \/>\n\t<meta property=\"og:image:type\" content=\"image\/jpeg\" \/>\n<meta name=\"author\" content=\"Nexo Informativo\" \/>\n<meta name=\"twitter:card\" content=\"summary_large_image\" \/>\n<meta name=\"twitter:label1\" content=\"Escrito por\" \/>\n\t<meta name=\"twitter:data1\" content=\"Nexo Informativo\" \/>\n\t<meta name=\"twitter:label2\" content=\"Tiempo de lectura\" \/>\n\t<meta name=\"twitter:data2\" content=\"2 minutos\" \/>\n<script type=\"application\/ld+json\" class=\"yoast-schema-graph\">{\"@context\":\"https:\/\/schema.org\",\"@graph\":[{\"@type\":\"Article\",\"@id\":\"https:\/\/www.nexoinformativo.mx\/index.php\/2024\/09\/27\/oxxo-sanciona-a-tienda-por-negarse-a-realizar-recargas-de-qrobus-ameq\/#article\",\"isPartOf\":{\"@id\":\"https:\/\/www.nexoinformativo.mx\/index.php\/2024\/09\/27\/oxxo-sanciona-a-tienda-por-negarse-a-realizar-recargas-de-qrobus-ameq\/\"},\"author\":{\"name\":\"Nexo Informativo\",\"@id\":\"https:\/\/www.nexoinformativo.mx\/#\/schema\/person\/7749d380ba08c8ca00d7bc76fd907b7d\"},\"headline\":\"Oxxo sanciona a tienda por negarse a realizar recargas de Qrob\u00fas: AMEQ\",\"datePublished\":\"2024-09-27T18:00:37+00:00\",\"dateModified\":\"2024-09-28T21:18:01+00:00\",\"mainEntityOfPage\":{\"@id\":\"https:\/\/www.nexoinformativo.mx\/index.php\/2024\/09\/27\/oxxo-sanciona-a-tienda-por-negarse-a-realizar-recargas-de-qrobus-ameq\/\"},\"wordCount\":244,\"commentCount\":0,\"publisher\":{\"@id\":\"https:\/\/www.nexoinformativo.mx\/#organization\"},\"image\":{\"@id\":\"https:\/\/www.nexoinformativo.mx\/index.php\/2024\/09\/27\/oxxo-sanciona-a-tienda-por-negarse-a-realizar-recargas-de-qrobus-ameq\/#primaryimage\"},\"thumbnailUrl\":\"https:\/\/www.nexoinformativo.mx\/wp-content\/uploads\/2024\/09\/unnamed-3-4-e1727558231674.jpg\",\"keywords\":[\"MovilidadQuer\u00e9taro\",\"OxxoQuer\u00e9taro\",\"RecargasQrob\u00fas\",\"TransporteP\u00fablicoQRO\"],\"articleSection\":[\"Estado\",\"Municipios\",\"\u00daltima Hora\"],\"inLanguage\":\"es\",\"potentialAction\":[{\"@type\":\"CommentAction\",\"name\":\"Comment\",\"target\":[\"https:\/\/www.nexoinformativo.mx\/index.php\/2024\/09\/27\/oxxo-sanciona-a-tienda-por-negarse-a-realizar-recargas-de-qrobus-ameq\/#respond\"]}]},{\"@type\":\"WebPage\",\"@id\":\"https:\/\/www.nexoinformativo.mx\/index.php\/2024\/09\/27\/oxxo-sanciona-a-tienda-por-negarse-a-realizar-recargas-de-qrobus-ameq\/\",\"url\":\"https:\/\/www.nexoinformativo.mx\/index.php\/2024\/09\/27\/oxxo-sanciona-a-tienda-por-negarse-a-realizar-recargas-de-qrobus-ameq\/\",\"name\":\"Oxxo sanciona a tienda por negarse a realizar recargas de Qrob\u00fas: AMEQ | Nexo Informativo Santiago de Quer\u00e9taro\",\"isPartOf\":{\"@id\":\"https:\/\/www.nexoinformativo.mx\/#website\"},\"primaryImageOfPage\":{\"@id\":\"https:\/\/www.nexoinformativo.mx\/index.php\/2024\/09\/27\/oxxo-sanciona-a-tienda-por-negarse-a-realizar-recargas-de-qrobus-ameq\/#primaryimage\"},\"image\":{\"@id\":\"https:\/\/www.nexoinformativo.mx\/index.php\/2024\/09\/27\/oxxo-sanciona-a-tienda-por-negarse-a-realizar-recargas-de-qrobus-ameq\/#primaryimage\"},\"thumbnailUrl\":\"https:\/\/www.nexoinformativo.mx\/wp-content\/uploads\/2024\/09\/unnamed-3-4-e1727558231674.jpg\",\"datePublished\":\"2024-09-27T18:00:37+00:00\",\"dateModified\":\"2024-09-28T21:18:01+00:00\",\"description\":\"Oxxo sanciona a tienda por negarse a realizar recargas de Qrob\u00fas: AMEQ\",\"breadcrumb\":{\"@id\":\"https:\/\/www.nexoinformativo.mx\/index.php\/2024\/09\/27\/oxxo-sanciona-a-tienda-por-negarse-a-realizar-recargas-de-qrobus-ameq\/#breadcrumb\"},\"inLanguage\":\"es\",\"potentialAction\":[{\"@type\":\"ReadAction\",\"target\":[\"https:\/\/www.nexoinformativo.mx\/index.php\/2024\/09\/27\/oxxo-sanciona-a-tienda-por-negarse-a-realizar-recargas-de-qrobus-ameq\/\"]}]},{\"@type\":\"ImageObject\",\"inLanguage\":\"es\",\"@id\":\"https:\/\/www.nexoinformativo.mx\/index.php\/2024\/09\/27\/oxxo-sanciona-a-tienda-por-negarse-a-realizar-recargas-de-qrobus-ameq\/#primaryimage\",\"url\":\"https:\/\/www.nexoinformativo.mx\/wp-content\/uploads\/2024\/09\/unnamed-3-4-e1727558231674.jpg\",\"contentUrl\":\"https:\/\/www.nexoinformativo.mx\/wp-content\/uploads\/2024\/09\/unnamed-3-4-e1727558231674.jpg\",\"width\":800,\"height\":600},{\"@type\":\"BreadcrumbList\",\"@id\":\"https:\/\/www.nexoinformativo.mx\/index.php\/2024\/09\/27\/oxxo-sanciona-a-tienda-por-negarse-a-realizar-recargas-de-qrobus-ameq\/#breadcrumb\",\"itemListElement\":[{\"@type\":\"ListItem\",\"position\":1,\"name\":\"Inicio\",\"item\":\"https:\/\/www.nexoinformativo.mx\/\"},{\"@type\":\"ListItem\",\"position\":2,\"name\":\"Oxxo sanciona a tienda por negarse a realizar recargas de Qrob\u00fas: AMEQ\"}]},{\"@type\":\"WebSite\",\"@id\":\"https:\/\/www.nexoinformativo.mx\/#website\",\"url\":\"https:\/\/www.nexoinformativo.mx\/\",\"name\":\"Nexo Informativo Santiago de Quer\u00e9taro\",\"description\":\"Explora NexoInformativo y convi\u00e9rtete en parte de una comunidad que valora el conocimiento y la verdad. Tu nexoinformativo es tu puente hacia una comprensi\u00f3n m\u00e1s profunda del mundo que te rodea.\",\"publisher\":{\"@id\":\"https:\/\/www.nexoinformativo.mx\/#organization\"},\"potentialAction\":[{\"@type\":\"SearchAction\",\"target\":{\"@type\":\"EntryPoint\",\"urlTemplate\":\"https:\/\/www.nexoinformativo.mx\/?s={search_term_string}\"},\"query-input\":{\"@type\":\"PropertyValueSpecification\",\"valueRequired\":true,\"valueName\":\"search_term_string\"}}],\"inLanguage\":\"es\"},{\"@type\":\"Organization\",\"@id\":\"https:\/\/www.nexoinformativo.mx\/#organization\",\"name\":\"Nexo Informativo Santiago de Quer\u00e9taro\",\"url\":\"https:\/\/www.nexoinformativo.mx\/\",\"logo\":{\"@type\":\"ImageObject\",\"inLanguage\":\"es\",\"@id\":\"https:\/\/www.nexoinformativo.mx\/#\/schema\/logo\/image\/\",\"url\":\"https:\/\/www.nexoinformativo.mx\/wp-content\/uploads\/2024\/07\/nexoi-trasparente-2.png\",\"contentUrl\":\"https:\/\/www.nexoinformativo.mx\/wp-content\/uploads\/2024\/07\/nexoi-trasparente-2.png\",\"width\":816,\"height\":339,\"caption\":\"Nexo Informativo Santiago de Quer\u00e9taro\"},\"image\":{\"@id\":\"https:\/\/www.nexoinformativo.mx\/#\/schema\/logo\/image\/\"},\"sameAs\":[\"https:\/\/www.facebook.com\/people\/Nexo-Informativo\/61564066885511\/\"]},{\"@type\":\"Person\",\"@id\":\"https:\/\/www.nexoinformativo.mx\/#\/schema\/person\/7749d380ba08c8ca00d7bc76fd907b7d\",\"name\":\"Nexo Informativo\",\"image\":{\"@type\":\"ImageObject\",\"inLanguage\":\"es\",\"@id\":\"https:\/\/www.nexoinformativo.mx\/#\/schema\/person\/image\/\",\"url\":\"https:\/\/secure.gravatar.com\/avatar\/dde2928154642a13d95f87ddf1ea9718fe2b46760a005c53e41ff5ad610704e6?s=96&d=mm&r=g\",\"contentUrl\":\"https:\/\/secure.gravatar.com\/avatar\/dde2928154642a13d95f87ddf1ea9718fe2b46760a005c53e41ff5ad610704e6?s=96&d=mm&r=g\",\"caption\":\"Nexo Informativo\"},\"url\":\"https:\/\/www.nexoinformativo.mx\/index.php\/author\/edicion\/\"}]}<\/script>\n<!-- \/ Yoast SEO plugin. -->","yoast_head_json":{"title":"Oxxo sanciona a tienda por negarse a realizar recargas de Qrob\u00fas: AMEQ | Nexo Informativo Santiago de Quer\u00e9taro","description":"Oxxo sanciona a tienda por negarse a realizar recargas de Qrob\u00fas: AMEQ","robots":{"index":"index","follow":"follow","max-snippet":"max-snippet:-1","max-image-preview":"max-image-preview:large","max-video-preview":"max-video-preview:-1"},"canonical":"https:\/\/www.nexoinformativo.mx\/index.php\/2024\/09\/27\/oxxo-sanciona-a-tienda-por-negarse-a-realizar-recargas-de-qrobus-ameq\/","og_locale":"es_MX","og_type":"article","og_title":"Oxxo sanciona a tienda por negarse a realizar recargas de Qrob\u00fas: AMEQ | Nexo Informativo Santiago de Quer\u00e9taro","og_description":"Oxxo sanciona a tienda por negarse a realizar recargas de Qrob\u00fas: AMEQ","og_url":"https:\/\/www.nexoinformativo.mx\/index.php\/2024\/09\/27\/oxxo-sanciona-a-tienda-por-negarse-a-realizar-recargas-de-qrobus-ameq\/","og_site_name":"Nexo Informativo Santiago de Quer\u00e9taro","article_publisher":"https:\/\/www.facebook.com\/people\/Nexo-Informativo\/61564066885511\/","article_published_time":"2024-09-27T18:00:37+00:00","article_modified_time":"2024-09-28T21:18:01+00:00","og_image":[{"width":800,"height":600,"url":"https:\/\/www.nexoinformativo.mx\/wp-content\/uploads\/2024\/09\/unnamed-3-4-e1727558231674.jpg","type":"image\/jpeg"}],"author":"Nexo Informativo","twitter_card":"summary_large_image","twitter_misc":{"Escrito por":"Nexo Informativo","Tiempo de lectura":"2 minutos"},"schema":{"@context":"https:\/\/schema.org","@graph":[{"@type":"Article","@id":"https:\/\/www.nexoinformativo.mx\/index.php\/2024\/09\/27\/oxxo-sanciona-a-tienda-por-negarse-a-realizar-recargas-de-qrobus-ameq\/#article","isPartOf":{"@id":"https:\/\/www.nexoinformativo.mx\/index.php\/2024\/09\/27\/oxxo-sanciona-a-tienda-por-negarse-a-realizar-recargas-de-qrobus-ameq\/"},"author":{"name":"Nexo Informativo","@id":"https:\/\/www.nexoinformativo.mx\/#\/schema\/person\/7749d380ba08c8ca00d7bc76fd907b7d"},"headline":"Oxxo sanciona a tienda por negarse a realizar recargas de Qrob\u00fas: AMEQ","datePublished":"2024-09-27T18:00:37+00:00","dateModified":"2024-09-28T21:18:01+00:00","mainEntityOfPage":{"@id":"https:\/\/www.nexoinformativo.mx\/index.php\/2024\/09\/27\/oxxo-sanciona-a-tienda-por-negarse-a-realizar-recargas-de-qrobus-ameq\/"},"wordCount":244,"commentCount":0,"publisher":{"@id":"https:\/\/www.nexoinformativo.mx\/#organization"},"image":{"@id":"https:\/\/www.nexoinformativo.mx\/index.php\/2024\/09\/27\/oxxo-sanciona-a-tienda-por-negarse-a-realizar-recargas-de-qrobus-ameq\/#primaryimage"},"thumbnailUrl":"https:\/\/www.nexoinformativo.mx\/wp-content\/uploads\/2024\/09\/unnamed-3-4-e1727558231674.jpg","keywords":["MovilidadQuer\u00e9taro","OxxoQuer\u00e9taro","RecargasQrob\u00fas","TransporteP\u00fablicoQRO"],"articleSection":["Estado","Municipios","\u00daltima Hora"],"inLanguage":"es","potentialAction":[{"@type":"CommentAction","name":"Comment","target":["https:\/\/www.nexoinformativo.mx\/index.php\/2024\/09\/27\/oxxo-sanciona-a-tienda-por-negarse-a-realizar-recargas-de-qrobus-ameq\/#respond"]}]},{"@type":"WebPage","@id":"https:\/\/www.nexoinformativo.mx\/index.php\/2024\/09\/27\/oxxo-sanciona-a-tienda-por-negarse-a-realizar-recargas-de-qrobus-ameq\/","url":"https:\/\/www.nexoinformativo.mx\/index.php\/2024\/09\/27\/oxxo-sanciona-a-tienda-por-negarse-a-realizar-recargas-de-qrobus-ameq\/","name":"Oxxo sanciona a tienda por negarse a realizar recargas de Qrob\u00fas: AMEQ | Nexo Informativo Santiago de Quer\u00e9taro","isPartOf":{"@id":"https:\/\/www.nexoinformativo.mx\/#website"},"primaryImageOfPage":{"@id":"https:\/\/www.nexoinformativo.mx\/index.php\/2024\/09\/27\/oxxo-sanciona-a-tienda-por-negarse-a-realizar-recargas-de-qrobus-ameq\/#primaryimage"},"image":{"@id":"https:\/\/www.nexoinformativo.mx\/index.php\/2024\/09\/27\/oxxo-sanciona-a-tienda-por-negarse-a-realizar-recargas-de-qrobus-ameq\/#primaryimage"},"thumbnailUrl":"https:\/\/www.nexoinformativo.mx\/wp-content\/uploads\/2024\/09\/unnamed-3-4-e1727558231674.jpg","datePublished":"2024-09-27T18:00:37+00:00","dateModified":"2024-09-28T21:18:01+00:00","description":"Oxxo sanciona a tienda por negarse a realizar recargas de Qrob\u00fas: AMEQ","breadcrumb":{"@id":"https:\/\/www.nexoinformativo.mx\/index.php\/2024\/09\/27\/oxxo-sanciona-a-tienda-por-negarse-a-realizar-recargas-de-qrobus-ameq\/#breadcrumb"},"inLanguage":"es","potentialAction":[{"@type":"ReadAction","target":["https:\/\/www.nexoinformativo.mx\/index.php\/2024\/09\/27\/oxxo-sanciona-a-tienda-por-negarse-a-realizar-recargas-de-qrobus-ameq\/"]}]},{"@type":"ImageObject","inLanguage":"es","@id":"https:\/\/www.nexoinformativo.mx\/index.php\/2024\/09\/27\/oxxo-sanciona-a-tienda-por-negarse-a-realizar-recargas-de-qrobus-ameq\/#primaryimage","url":"https:\/\/www.nexoinformativo.mx\/wp-content\/uploads\/2024\/09\/unnamed-3-4-e1727558231674.jpg","contentUrl":"https:\/\/www.nexoinformativo.mx\/wp-content\/uploads\/2024\/09\/unnamed-3-4-e1727558231674.jpg","width":800,"height":600},{"@type":"BreadcrumbList","@id":"https:\/\/www.nexoinformativo.mx\/index.php\/2024\/09\/27\/oxxo-sanciona-a-tienda-por-negarse-a-realizar-recargas-de-qrobus-ameq\/#breadcrumb","itemListElement":[{"@type":"ListItem","position":1,"name":"Inicio","item":"https:\/\/www.nexoinformativo.mx\/"},{"@type":"ListItem","position":2,"name":"Oxxo sanciona a tienda por negarse a realizar recargas de Qrob\u00fas: AMEQ"}]},{"@type":"WebSite","@id":"https:\/\/www.nexoinformativo.mx\/#website","url":"https:\/\/www.nexoinformativo.mx\/","name":"Nexo Informativo Santiago de Quer\u00e9taro","description":"Explora NexoInformativo y convi\u00e9rtete en parte de una comunidad que valora el conocimiento y la verdad. Tu nexoinformativo es tu puente hacia una comprensi\u00f3n m\u00e1s profunda del mundo que te rodea.","publisher":{"@id":"https:\/\/www.nexoinformativo.mx\/#organization"},"potentialAction":[{"@type":"SearchAction","target":{"@type":"EntryPoint","urlTemplate":"https:\/\/www.nexoinformativo.mx\/?s={search_term_string}"},"query-input":{"@type":"PropertyValueSpecification","valueRequired":true,"valueName":"search_term_string"}}],"inLanguage":"es"},{"@type":"Organization","@id":"https:\/\/www.nexoinformativo.mx\/#organization","name":"Nexo Informativo Santiago de Quer\u00e9taro","url":"https:\/\/www.nexoinformativo.mx\/","logo":{"@type":"ImageObject","inLanguage":"es","@id":"https:\/\/www.nexoinformativo.mx\/#\/schema\/logo\/image\/","url":"https:\/\/www.nexoinformativo.mx\/wp-content\/uploads\/2024\/07\/nexoi-trasparente-2.png","contentUrl":"https:\/\/www.nexoinformativo.mx\/wp-content\/uploads\/2024\/07\/nexoi-trasparente-2.png","width":816,"height":339,"caption":"Nexo Informativo Santiago de Quer\u00e9taro"},"image":{"@id":"https:\/\/www.nexoinformativo.mx\/#\/schema\/logo\/image\/"},"sameAs":["https:\/\/www.facebook.com\/people\/Nexo-Informativo\/61564066885511\/"]},{"@type":"Person","@id":"https:\/\/www.nexoinformativo.mx\/#\/schema\/person\/7749d380ba08c8ca00d7bc76fd907b7d","name":"Nexo Informativo","image":{"@type":"ImageObject","inLanguage":"es","@id":"https:\/\/www.nexoinformativo.mx\/#\/schema\/person\/image\/","url":"https:\/\/secure.gravatar.com\/avatar\/dde2928154642a13d95f87ddf1ea9718fe2b46760a005c53e41ff5ad610704e6?s=96&d=mm&r=g","contentUrl":"https:\/\/secure.gravatar.com\/avatar\/dde2928154642a13d95f87ddf1ea9718fe2b46760a005c53e41ff5ad610704e6?s=96&d=mm&r=g","caption":"Nexo Informativo"},"url":"https:\/\/www.nexoinformativo.mx\/index.php\/author\/edicion\/"}]}},"_links":{"self":[{"href":"https:\/\/www.nexoinformativo.mx\/index.php\/wp-json\/wp\/v2\/posts\/2385","targetHints":{"allow":["GET"]}}],"collection":[{"href":"https:\/\/www.nexoinformativo.mx\/index.php\/wp-json\/wp\/v2\/posts"}],"about":[{"href":"https:\/\/www.nexoinformativo.mx\/index.php\/wp-json\/wp\/v2\/types\/post"}],"author":[{"embeddable":true,"href":"https:\/\/www.nexoinformativo.mx\/index.php\/wp-json\/wp\/v2\/users\/3"}],"replies":[{"embeddable":true,"href":"https:\/\/www.nexoinformativo.mx\/index.php\/wp-json\/wp\/v2\/comments?post=2385"}],"version-history":[{"count":1,"href":"https:\/\/www.nexoinformativo.mx\/index.php\/wp-json\/wp\/v2\/posts\/2385\/revisions"}],"predecessor-version":[{"id":2387,"href":"https:\/\/www.nexoinformativo.mx\/index.php\/wp-json\/wp\/v2\/posts\/2385\/revisions\/2387"}],"wp:featuredmedia":[{"embeddable":true,"href":"https:\/\/www.nexoinformativo.mx\/index.php\/wp-json\/wp\/v2\/media\/2386"}],"wp:attachment":[{"href":"https:\/\/www.nexoinformativo.mx\/index.php\/wp-json\/wp\/v2\/media?parent=2385"}],"wp:term":[{"taxonomy":"category","embeddable":true,"href":"https:\/\/www.nexoinformativo.mx\/index.php\/wp-json\/wp\/v2\/categories?post=2385"},{"taxonomy":"post_tag","embeddable":true,"href":"https:\/\/www.nexoinformativo.mx\/index.php\/wp-json\/wp\/v2\/tags?post=2385"}],"curies":[{"name":"wp","href":"https:\/\/api.w.org\/{rel}","templated":true}]}}