{"id":2388,"date":"2024-09-27T12:00:36","date_gmt":"2024-09-27T18:00:36","guid":{"rendered":"https:\/\/www.nexoinformativo.mx\/?p=2388"},"modified":"2024-09-28T15:53:40","modified_gmt":"2024-09-28T21:53:40","slug":"martha-soto-obregon-secretaria-de-educacion-asegura-que-no-existen-brotes-de-dengue-en-escuelas-de-queretaro","status":"publish","type":"post","link":"https:\/\/www.nexoinformativo.mx\/index.php\/2024\/09\/27\/martha-soto-obregon-secretaria-de-educacion-asegura-que-no-existen-brotes-de-dengue-en-escuelas-de-queretaro\/","title":{"rendered":"Martha Soto Obreg\u00f3n, Secretaria de Educaci\u00f3n asegura que no existen brotes de dengue en escuelas de Quer\u00e9taro"},"content":{"rendered":"<p style=\"text-align: justify;\">La secretaria de educaci\u00f3n del estado de Quer\u00e9taro, Martha Elena Soto Obreg\u00f3n, inform\u00f3 que no se han registrado brotes de dengue en las instituciones educativas. Sin embargo, destac\u00f3 que tanto alumnos como profesores han recibido capacitaci\u00f3n para prevenir la propagaci\u00f3n del mosquito transmisor y trabajan activamente en su erradicaci\u00f3n.<\/p>\n<p>&nbsp;<\/p>\n<p style=\"text-align: justify;\">Soto Obreg\u00f3n se\u00f1al\u00f3 que, en coordinaci\u00f3n con las autoridades de salud, se est\u00e1n llevando a cabo fumigaciones en las escuelas donde se han reportado incrementos en casos de dengue. Adem\u00e1s, hizo un llamado a los padres de familia para que est\u00e9n atentos a la salud de sus hijos y cooperen con las medidas preventivas.<\/p>\n<p>&nbsp;<\/p>\n<p style=\"text-align: justify;\">La Secretar\u00eda de Educaci\u00f3n ha sostenido reuniones con los 19 organismos que la integran, junto con la Secretar\u00eda de Salud, para coordinar esfuerzos y continuar las labores de prevenci\u00f3n en las zonas m\u00e1s afectadas.<\/p>\n","protected":false},"excerpt":{"rendered":"<p>La secretaria de educaci\u00f3n del estado de Quer\u00e9taro, Martha Elena Soto Obreg\u00f3n, inform\u00f3 que no se han registrado brotes de dengue en las instituciones educativas.<\/p>\n","protected":false},"author":3,"featured_media":2389,"comment_status":"open","ping_status":"open","sticky":false,"template":"","format":"standard","meta":{"footnotes":""},"categories":[42,58],"tags":[318,946,948,947],"class_list":["post-2388","post","type-post","status-publish","format-standard","has-post-thumbnail","hentry","category-estado","category-ultima-hora","tag-denguequeretaro","tag-fumigacionescuelas","tag-prevenciondengue","tag-saludescolar"],"yoast_head":"<!-- This site is optimized with the Yoast SEO plugin v25.0 - https:\/\/yoast.com\/wordpress\/plugins\/seo\/ -->\n<title>Martha Soto Obreg\u00f3n, Secretaria de Educaci\u00f3n asegura que no existen brotes de dengue en escuelas de Quer\u00e9taro | Nexo Informativo Santiago de Quer\u00e9taro<\/title>\n<meta name=\"description\" content=\"Martha Soto Obreg\u00f3n, Secretaria de Educaci\u00f3n asegura que no existen brotes de dengue en escuelas de Quer\u00e9taro\" \/>\n<meta name=\"robots\" content=\"index, follow, max-snippet:-1, max-image-preview:large, max-video-preview:-1\" \/>\n<link rel=\"canonical\" href=\"https:\/\/www.nexoinformativo.mx\/index.php\/2024\/09\/27\/martha-soto-obregon-secretaria-de-educacion-asegura-que-no-existen-brotes-de-dengue-en-escuelas-de-queretaro\/\" \/>\n<meta property=\"og:locale\" content=\"es_MX\" \/>\n<meta property=\"og:type\" content=\"article\" \/>\n<meta property=\"og:title\" content=\"Martha Soto Obreg\u00f3n, Secretaria de Educaci\u00f3n asegura que no existen brotes de dengue en escuelas de Quer\u00e9taro | Nexo Informativo Santiago de Quer\u00e9taro\" \/>\n<meta property=\"og:description\" content=\"Martha Soto Obreg\u00f3n, Secretaria de Educaci\u00f3n asegura que no existen brotes de dengue en escuelas de Quer\u00e9taro\" \/>\n<meta property=\"og:url\" content=\"https:\/\/www.nexoinformativo.mx\/index.php\/2024\/09\/27\/martha-soto-obregon-secretaria-de-educacion-asegura-que-no-existen-brotes-de-dengue-en-escuelas-de-queretaro\/\" \/>\n<meta property=\"og:site_name\" content=\"Nexo Informativo Santiago de Quer\u00e9taro\" \/>\n<meta property=\"article:publisher\" content=\"https:\/\/www.facebook.com\/people\/Nexo-Informativo\/61564066885511\/\" \/>\n<meta property=\"article:published_time\" content=\"2024-09-27T18:00:36+00:00\" \/>\n<meta property=\"article:modified_time\" content=\"2024-09-28T21:53:40+00:00\" \/>\n<meta property=\"og:image\" content=\"https:\/\/www.nexoinformativo.mx\/wp-content\/uploads\/2024\/09\/unnamed-5-4-e1727560321771.jpg\" \/>\n\t<meta property=\"og:image:width\" content=\"800\" \/>\n\t<meta property=\"og:image:height\" content=\"1067\" \/>\n\t<meta property=\"og:image:type\" content=\"image\/jpeg\" \/>\n<meta name=\"author\" content=\"Nexo Informativo\" \/>\n<meta name=\"twitter:card\" content=\"summary_large_image\" \/>\n<meta name=\"twitter:label1\" content=\"Escrito por\" \/>\n\t<meta name=\"twitter:data1\" content=\"Nexo Informativo\" \/>\n\t<meta name=\"twitter:label2\" content=\"Tiempo de lectura\" \/>\n\t<meta name=\"twitter:data2\" content=\"1 minuto\" \/>\n<script type=\"application\/ld+json\" class=\"yoast-schema-graph\">{\"@context\":\"https:\/\/schema.org\",\"@graph\":[{\"@type\":\"Article\",\"@id\":\"https:\/\/www.nexoinformativo.mx\/index.php\/2024\/09\/27\/martha-soto-obregon-secretaria-de-educacion-asegura-que-no-existen-brotes-de-dengue-en-escuelas-de-queretaro\/#article\",\"isPartOf\":{\"@id\":\"https:\/\/www.nexoinformativo.mx\/index.php\/2024\/09\/27\/martha-soto-obregon-secretaria-de-educacion-asegura-que-no-existen-brotes-de-dengue-en-escuelas-de-queretaro\/\"},\"author\":{\"name\":\"Nexo Informativo\",\"@id\":\"https:\/\/www.nexoinformativo.mx\/#\/schema\/person\/7749d380ba08c8ca00d7bc76fd907b7d\"},\"headline\":\"Martha Soto Obreg\u00f3n, Secretaria de Educaci\u00f3n asegura que no existen brotes de dengue en escuelas de Quer\u00e9taro\",\"datePublished\":\"2024-09-27T18:00:36+00:00\",\"dateModified\":\"2024-09-28T21:53:40+00:00\",\"mainEntityOfPage\":{\"@id\":\"https:\/\/www.nexoinformativo.mx\/index.php\/2024\/09\/27\/martha-soto-obregon-secretaria-de-educacion-asegura-que-no-existen-brotes-de-dengue-en-escuelas-de-queretaro\/\"},\"wordCount\":175,\"commentCount\":0,\"publisher\":{\"@id\":\"https:\/\/www.nexoinformativo.mx\/#organization\"},\"image\":{\"@id\":\"https:\/\/www.nexoinformativo.mx\/index.php\/2024\/09\/27\/martha-soto-obregon-secretaria-de-educacion-asegura-que-no-existen-brotes-de-dengue-en-escuelas-de-queretaro\/#primaryimage\"},\"thumbnailUrl\":\"https:\/\/www.nexoinformativo.mx\/wp-content\/uploads\/2024\/09\/unnamed-5-4-e1727560321771.jpg\",\"keywords\":[\"DengueQuer\u00e9taro\",\"Fumigaci\u00f3nEscuelas\",\"Prevenci\u00f3nDengue\",\"SaludEscolar\"],\"articleSection\":[\"Estado\",\"\u00daltima Hora\"],\"inLanguage\":\"es\",\"potentialAction\":[{\"@type\":\"CommentAction\",\"name\":\"Comment\",\"target\":[\"https:\/\/www.nexoinformativo.mx\/index.php\/2024\/09\/27\/martha-soto-obregon-secretaria-de-educacion-asegura-que-no-existen-brotes-de-dengue-en-escuelas-de-queretaro\/#respond\"]}]},{\"@type\":\"WebPage\",\"@id\":\"https:\/\/www.nexoinformativo.mx\/index.php\/2024\/09\/27\/martha-soto-obregon-secretaria-de-educacion-asegura-que-no-existen-brotes-de-dengue-en-escuelas-de-queretaro\/\",\"url\":\"https:\/\/www.nexoinformativo.mx\/index.php\/2024\/09\/27\/martha-soto-obregon-secretaria-de-educacion-asegura-que-no-existen-brotes-de-dengue-en-escuelas-de-queretaro\/\",\"name\":\"Martha Soto Obreg\u00f3n, Secretaria de Educaci\u00f3n asegura que no existen brotes de dengue en escuelas de Quer\u00e9taro | Nexo Informativo Santiago de Quer\u00e9taro\",\"isPartOf\":{\"@id\":\"https:\/\/www.nexoinformativo.mx\/#website\"},\"primaryImageOfPage\":{\"@id\":\"https:\/\/www.nexoinformativo.mx\/index.php\/2024\/09\/27\/martha-soto-obregon-secretaria-de-educacion-asegura-que-no-existen-brotes-de-dengue-en-escuelas-de-queretaro\/#primaryimage\"},\"image\":{\"@id\":\"https:\/\/www.nexoinformativo.mx\/index.php\/2024\/09\/27\/martha-soto-obregon-secretaria-de-educacion-asegura-que-no-existen-brotes-de-dengue-en-escuelas-de-queretaro\/#primaryimage\"},\"thumbnailUrl\":\"https:\/\/www.nexoinformativo.mx\/wp-content\/uploads\/2024\/09\/unnamed-5-4-e1727560321771.jpg\",\"datePublished\":\"2024-09-27T18:00:36+00:00\",\"dateModified\":\"2024-09-28T21:53:40+00:00\",\"description\":\"Martha Soto Obreg\u00f3n, Secretaria de Educaci\u00f3n asegura que no existen brotes de dengue en escuelas de Quer\u00e9taro\",\"breadcrumb\":{\"@id\":\"https:\/\/www.nexoinformativo.mx\/index.php\/2024\/09\/27\/martha-soto-obregon-secretaria-de-educacion-asegura-que-no-existen-brotes-de-dengue-en-escuelas-de-queretaro\/#breadcrumb\"},\"inLanguage\":\"es\",\"potentialAction\":[{\"@type\":\"ReadAction\",\"target\":[\"https:\/\/www.nexoinformativo.mx\/index.php\/2024\/09\/27\/martha-soto-obregon-secretaria-de-educacion-asegura-que-no-existen-brotes-de-dengue-en-escuelas-de-queretaro\/\"]}]},{\"@type\":\"ImageObject\",\"inLanguage\":\"es\",\"@id\":\"https:\/\/www.nexoinformativo.mx\/index.php\/2024\/09\/27\/martha-soto-obregon-secretaria-de-educacion-asegura-que-no-existen-brotes-de-dengue-en-escuelas-de-queretaro\/#primaryimage\",\"url\":\"https:\/\/www.nexoinformativo.mx\/wp-content\/uploads\/2024\/09\/unnamed-5-4-e1727560321771.jpg\",\"contentUrl\":\"https:\/\/www.nexoinformativo.mx\/wp-content\/uploads\/2024\/09\/unnamed-5-4-e1727560321771.jpg\",\"width\":800,\"height\":1067},{\"@type\":\"BreadcrumbList\",\"@id\":\"https:\/\/www.nexoinformativo.mx\/index.php\/2024\/09\/27\/martha-soto-obregon-secretaria-de-educacion-asegura-que-no-existen-brotes-de-dengue-en-escuelas-de-queretaro\/#breadcrumb\",\"itemListElement\":[{\"@type\":\"ListItem\",\"position\":1,\"name\":\"Inicio\",\"item\":\"https:\/\/www.nexoinformativo.mx\/\"},{\"@type\":\"ListItem\",\"position\":2,\"name\":\"Martha Soto Obreg\u00f3n, Secretaria de Educaci\u00f3n asegura que no existen brotes de dengue en escuelas de Quer\u00e9taro\"}]},{\"@type\":\"WebSite\",\"@id\":\"https:\/\/www.nexoinformativo.mx\/#website\",\"url\":\"https:\/\/www.nexoinformativo.mx\/\",\"name\":\"Nexo Informativo Santiago de Quer\u00e9taro\",\"description\":\"Explora NexoInformativo y convi\u00e9rtete en parte de una comunidad que valora el conocimiento y la verdad. Tu nexoinformativo es tu puente hacia una comprensi\u00f3n m\u00e1s profunda del mundo que te rodea.\",\"publisher\":{\"@id\":\"https:\/\/www.nexoinformativo.mx\/#organization\"},\"potentialAction\":[{\"@type\":\"SearchAction\",\"target\":{\"@type\":\"EntryPoint\",\"urlTemplate\":\"https:\/\/www.nexoinformativo.mx\/?s={search_term_string}\"},\"query-input\":{\"@type\":\"PropertyValueSpecification\",\"valueRequired\":true,\"valueName\":\"search_term_string\"}}],\"inLanguage\":\"es\"},{\"@type\":\"Organization\",\"@id\":\"https:\/\/www.nexoinformativo.mx\/#organization\",\"name\":\"Nexo Informativo Santiago de Quer\u00e9taro\",\"url\":\"https:\/\/www.nexoinformativo.mx\/\",\"logo\":{\"@type\":\"ImageObject\",\"inLanguage\":\"es\",\"@id\":\"https:\/\/www.nexoinformativo.mx\/#\/schema\/logo\/image\/\",\"url\":\"https:\/\/www.nexoinformativo.mx\/wp-content\/uploads\/2024\/07\/nexoi-trasparente-2.png\",\"contentUrl\":\"https:\/\/www.nexoinformativo.mx\/wp-content\/uploads\/2024\/07\/nexoi-trasparente-2.png\",\"width\":816,\"height\":339,\"caption\":\"Nexo Informativo Santiago de Quer\u00e9taro\"},\"image\":{\"@id\":\"https:\/\/www.nexoinformativo.mx\/#\/schema\/logo\/image\/\"},\"sameAs\":[\"https:\/\/www.facebook.com\/people\/Nexo-Informativo\/61564066885511\/\"]},{\"@type\":\"Person\",\"@id\":\"https:\/\/www.nexoinformativo.mx\/#\/schema\/person\/7749d380ba08c8ca00d7bc76fd907b7d\",\"name\":\"Nexo Informativo\",\"image\":{\"@type\":\"ImageObject\",\"inLanguage\":\"es\",\"@id\":\"https:\/\/www.nexoinformativo.mx\/#\/schema\/person\/image\/\",\"url\":\"https:\/\/secure.gravatar.com\/avatar\/dde2928154642a13d95f87ddf1ea9718fe2b46760a005c53e41ff5ad610704e6?s=96&d=mm&r=g\",\"contentUrl\":\"https:\/\/secure.gravatar.com\/avatar\/dde2928154642a13d95f87ddf1ea9718fe2b46760a005c53e41ff5ad610704e6?s=96&d=mm&r=g\",\"caption\":\"Nexo Informativo\"},\"url\":\"https:\/\/www.nexoinformativo.mx\/index.php\/author\/edicion\/\"}]}<\/script>\n<!-- \/ Yoast SEO plugin. -->","yoast_head_json":{"title":"Martha Soto Obreg\u00f3n, Secretaria de Educaci\u00f3n asegura que no existen brotes de dengue en escuelas de Quer\u00e9taro | Nexo Informativo Santiago de Quer\u00e9taro","description":"Martha Soto Obreg\u00f3n, Secretaria de Educaci\u00f3n asegura que no existen brotes de dengue en escuelas de Quer\u00e9taro","robots":{"index":"index","follow":"follow","max-snippet":"max-snippet:-1","max-image-preview":"max-image-preview:large","max-video-preview":"max-video-preview:-1"},"canonical":"https:\/\/www.nexoinformativo.mx\/index.php\/2024\/09\/27\/martha-soto-obregon-secretaria-de-educacion-asegura-que-no-existen-brotes-de-dengue-en-escuelas-de-queretaro\/","og_locale":"es_MX","og_type":"article","og_title":"Martha Soto Obreg\u00f3n, Secretaria de Educaci\u00f3n asegura que no existen brotes de dengue en escuelas de Quer\u00e9taro | Nexo Informativo Santiago de Quer\u00e9taro","og_description":"Martha Soto Obreg\u00f3n, Secretaria de Educaci\u00f3n asegura que no existen brotes de dengue en escuelas de Quer\u00e9taro","og_url":"https:\/\/www.nexoinformativo.mx\/index.php\/2024\/09\/27\/martha-soto-obregon-secretaria-de-educacion-asegura-que-no-existen-brotes-de-dengue-en-escuelas-de-queretaro\/","og_site_name":"Nexo Informativo Santiago de Quer\u00e9taro","article_publisher":"https:\/\/www.facebook.com\/people\/Nexo-Informativo\/61564066885511\/","article_published_time":"2024-09-27T18:00:36+00:00","article_modified_time":"2024-09-28T21:53:40+00:00","og_image":[{"width":800,"height":1067,"url":"https:\/\/www.nexoinformativo.mx\/wp-content\/uploads\/2024\/09\/unnamed-5-4-e1727560321771.jpg","type":"image\/jpeg"}],"author":"Nexo Informativo","twitter_card":"summary_large_image","twitter_misc":{"Escrito por":"Nexo Informativo","Tiempo de lectura":"1 minuto"},"schema":{"@context":"https:\/\/schema.org","@graph":[{"@type":"Article","@id":"https:\/\/www.nexoinformativo.mx\/index.php\/2024\/09\/27\/martha-soto-obregon-secretaria-de-educacion-asegura-que-no-existen-brotes-de-dengue-en-escuelas-de-queretaro\/#article","isPartOf":{"@id":"https:\/\/www.nexoinformativo.mx\/index.php\/2024\/09\/27\/martha-soto-obregon-secretaria-de-educacion-asegura-que-no-existen-brotes-de-dengue-en-escuelas-de-queretaro\/"},"author":{"name":"Nexo Informativo","@id":"https:\/\/www.nexoinformativo.mx\/#\/schema\/person\/7749d380ba08c8ca00d7bc76fd907b7d"},"headline":"Martha Soto Obreg\u00f3n, Secretaria de Educaci\u00f3n asegura que no existen brotes de dengue en escuelas de Quer\u00e9taro","datePublished":"2024-09-27T18:00:36+00:00","dateModified":"2024-09-28T21:53:40+00:00","mainEntityOfPage":{"@id":"https:\/\/www.nexoinformativo.mx\/index.php\/2024\/09\/27\/martha-soto-obregon-secretaria-de-educacion-asegura-que-no-existen-brotes-de-dengue-en-escuelas-de-queretaro\/"},"wordCount":175,"commentCount":0,"publisher":{"@id":"https:\/\/www.nexoinformativo.mx\/#organization"},"image":{"@id":"https:\/\/www.nexoinformativo.mx\/index.php\/2024\/09\/27\/martha-soto-obregon-secretaria-de-educacion-asegura-que-no-existen-brotes-de-dengue-en-escuelas-de-queretaro\/#primaryimage"},"thumbnailUrl":"https:\/\/www.nexoinformativo.mx\/wp-content\/uploads\/2024\/09\/unnamed-5-4-e1727560321771.jpg","keywords":["DengueQuer\u00e9taro","Fumigaci\u00f3nEscuelas","Prevenci\u00f3nDengue","SaludEscolar"],"articleSection":["Estado","\u00daltima Hora"],"inLanguage":"es","potentialAction":[{"@type":"CommentAction","name":"Comment","target":["https:\/\/www.nexoinformativo.mx\/index.php\/2024\/09\/27\/martha-soto-obregon-secretaria-de-educacion-asegura-que-no-existen-brotes-de-dengue-en-escuelas-de-queretaro\/#respond"]}]},{"@type":"WebPage","@id":"https:\/\/www.nexoinformativo.mx\/index.php\/2024\/09\/27\/martha-soto-obregon-secretaria-de-educacion-asegura-que-no-existen-brotes-de-dengue-en-escuelas-de-queretaro\/","url":"https:\/\/www.nexoinformativo.mx\/index.php\/2024\/09\/27\/martha-soto-obregon-secretaria-de-educacion-asegura-que-no-existen-brotes-de-dengue-en-escuelas-de-queretaro\/","name":"Martha Soto Obreg\u00f3n, Secretaria de Educaci\u00f3n asegura que no existen brotes de dengue en escuelas de Quer\u00e9taro | Nexo Informativo Santiago de Quer\u00e9taro","isPartOf":{"@id":"https:\/\/www.nexoinformativo.mx\/#website"},"primaryImageOfPage":{"@id":"https:\/\/www.nexoinformativo.mx\/index.php\/2024\/09\/27\/martha-soto-obregon-secretaria-de-educacion-asegura-que-no-existen-brotes-de-dengue-en-escuelas-de-queretaro\/#primaryimage"},"image":{"@id":"https:\/\/www.nexoinformativo.mx\/index.php\/2024\/09\/27\/martha-soto-obregon-secretaria-de-educacion-asegura-que-no-existen-brotes-de-dengue-en-escuelas-de-queretaro\/#primaryimage"},"thumbnailUrl":"https:\/\/www.nexoinformativo.mx\/wp-content\/uploads\/2024\/09\/unnamed-5-4-e1727560321771.jpg","datePublished":"2024-09-27T18:00:36+00:00","dateModified":"2024-09-28T21:53:40+00:00","description":"Martha Soto Obreg\u00f3n, Secretaria de Educaci\u00f3n asegura que no existen brotes de dengue en escuelas de Quer\u00e9taro","breadcrumb":{"@id":"https:\/\/www.nexoinformativo.mx\/index.php\/2024\/09\/27\/martha-soto-obregon-secretaria-de-educacion-asegura-que-no-existen-brotes-de-dengue-en-escuelas-de-queretaro\/#breadcrumb"},"inLanguage":"es","potentialAction":[{"@type":"ReadAction","target":["https:\/\/www.nexoinformativo.mx\/index.php\/2024\/09\/27\/martha-soto-obregon-secretaria-de-educacion-asegura-que-no-existen-brotes-de-dengue-en-escuelas-de-queretaro\/"]}]},{"@type":"ImageObject","inLanguage":"es","@id":"https:\/\/www.nexoinformativo.mx\/index.php\/2024\/09\/27\/martha-soto-obregon-secretaria-de-educacion-asegura-que-no-existen-brotes-de-dengue-en-escuelas-de-queretaro\/#primaryimage","url":"https:\/\/www.nexoinformativo.mx\/wp-content\/uploads\/2024\/09\/unnamed-5-4-e1727560321771.jpg","contentUrl":"https:\/\/www.nexoinformativo.mx\/wp-content\/uploads\/2024\/09\/unnamed-5-4-e1727560321771.jpg","width":800,"height":1067},{"@type":"BreadcrumbList","@id":"https:\/\/www.nexoinformativo.mx\/index.php\/2024\/09\/27\/martha-soto-obregon-secretaria-de-educacion-asegura-que-no-existen-brotes-de-dengue-en-escuelas-de-queretaro\/#breadcrumb","itemListElement":[{"@type":"ListItem","position":1,"name":"Inicio","item":"https:\/\/www.nexoinformativo.mx\/"},{"@type":"ListItem","position":2,"name":"Martha Soto Obreg\u00f3n, Secretaria de Educaci\u00f3n asegura que no existen brotes de dengue en escuelas de Quer\u00e9taro"}]},{"@type":"WebSite","@id":"https:\/\/www.nexoinformativo.mx\/#website","url":"https:\/\/www.nexoinformativo.mx\/","name":"Nexo Informativo Santiago de Quer\u00e9taro","description":"Explora NexoInformativo y convi\u00e9rtete en parte de una comunidad que valora el conocimiento y la verdad. Tu nexoinformativo es tu puente hacia una comprensi\u00f3n m\u00e1s profunda del mundo que te rodea.","publisher":{"@id":"https:\/\/www.nexoinformativo.mx\/#organization"},"potentialAction":[{"@type":"SearchAction","target":{"@type":"EntryPoint","urlTemplate":"https:\/\/www.nexoinformativo.mx\/?s={search_term_string}"},"query-input":{"@type":"PropertyValueSpecification","valueRequired":true,"valueName":"search_term_string"}}],"inLanguage":"es"},{"@type":"Organization","@id":"https:\/\/www.nexoinformativo.mx\/#organization","name":"Nexo Informativo Santiago de Quer\u00e9taro","url":"https:\/\/www.nexoinformativo.mx\/","logo":{"@type":"ImageObject","inLanguage":"es","@id":"https:\/\/www.nexoinformativo.mx\/#\/schema\/logo\/image\/","url":"https:\/\/www.nexoinformativo.mx\/wp-content\/uploads\/2024\/07\/nexoi-trasparente-2.png","contentUrl":"https:\/\/www.nexoinformativo.mx\/wp-content\/uploads\/2024\/07\/nexoi-trasparente-2.png","width":816,"height":339,"caption":"Nexo Informativo Santiago de Quer\u00e9taro"},"image":{"@id":"https:\/\/www.nexoinformativo.mx\/#\/schema\/logo\/image\/"},"sameAs":["https:\/\/www.facebook.com\/people\/Nexo-Informativo\/61564066885511\/"]},{"@type":"Person","@id":"https:\/\/www.nexoinformativo.mx\/#\/schema\/person\/7749d380ba08c8ca00d7bc76fd907b7d","name":"Nexo Informativo","image":{"@type":"ImageObject","inLanguage":"es","@id":"https:\/\/www.nexoinformativo.mx\/#\/schema\/person\/image\/","url":"https:\/\/secure.gravatar.com\/avatar\/dde2928154642a13d95f87ddf1ea9718fe2b46760a005c53e41ff5ad610704e6?s=96&d=mm&r=g","contentUrl":"https:\/\/secure.gravatar.com\/avatar\/dde2928154642a13d95f87ddf1ea9718fe2b46760a005c53e41ff5ad610704e6?s=96&d=mm&r=g","caption":"Nexo Informativo"},"url":"https:\/\/www.nexoinformativo.mx\/index.php\/author\/edicion\/"}]}},"_links":{"self":[{"href":"https:\/\/www.nexoinformativo.mx\/index.php\/wp-json\/wp\/v2\/posts\/2388","targetHints":{"allow":["GET"]}}],"collection":[{"href":"https:\/\/www.nexoinformativo.mx\/index.php\/wp-json\/wp\/v2\/posts"}],"about":[{"href":"https:\/\/www.nexoinformativo.mx\/index.php\/wp-json\/wp\/v2\/types\/post"}],"author":[{"embeddable":true,"href":"https:\/\/www.nexoinformativo.mx\/index.php\/wp-json\/wp\/v2\/users\/3"}],"replies":[{"embeddable":true,"href":"https:\/\/www.nexoinformativo.mx\/index.php\/wp-json\/wp\/v2\/comments?post=2388"}],"version-history":[{"count":1,"href":"https:\/\/www.nexoinformativo.mx\/index.php\/wp-json\/wp\/v2\/posts\/2388\/revisions"}],"predecessor-version":[{"id":2390,"href":"https:\/\/www.nexoinformativo.mx\/index.php\/wp-json\/wp\/v2\/posts\/2388\/revisions\/2390"}],"wp:featuredmedia":[{"embeddable":true,"href":"https:\/\/www.nexoinformativo.mx\/index.php\/wp-json\/wp\/v2\/media\/2389"}],"wp:attachment":[{"href":"https:\/\/www.nexoinformativo.mx\/index.php\/wp-json\/wp\/v2\/media?parent=2388"}],"wp:term":[{"taxonomy":"category","embeddable":true,"href":"https:\/\/www.nexoinformativo.mx\/index.php\/wp-json\/wp\/v2\/categories?post=2388"},{"taxonomy":"post_tag","embeddable":true,"href":"https:\/\/www.nexoinformativo.mx\/index.php\/wp-json\/wp\/v2\/tags?post=2388"}],"curies":[{"name":"wp","href":"https:\/\/api.w.org\/{rel}","templated":true}]}}