{"id":2393,"date":"2024-09-29T09:00:45","date_gmt":"2024-09-29T15:00:45","guid":{"rendered":"https:\/\/www.nexoinformativo.mx\/?p=2393"},"modified":"2024-09-29T14:53:48","modified_gmt":"2024-09-29T20:53:48","slug":"secretaria-de-economia-publica-segunda-edicion-del-dossier-invierte-en-mexico-el-momento-mexicano","status":"publish","type":"post","link":"https:\/\/www.nexoinformativo.mx\/index.php\/2024\/09\/29\/secretaria-de-economia-publica-segunda-edicion-del-dossier-invierte-en-mexico-el-momento-mexicano\/","title":{"rendered":"Secretar\u00eda de Econom\u00eda publica Segunda Edici\u00f3n del dossier &#8220;Invierte en M\u00e9xico, el momento mexicano"},"content":{"rendered":"<p style=\"text-align: justify;\">La Secretar\u00eda de Econom\u00eda ha lanzado la Segunda Edici\u00f3n del dossier <strong>\u201cInvierte en M\u00e9xico: El Momento Mexicano\u201d<\/strong>, un documento que destaca el posicionamiento de M\u00e9xico como un actor estrat\u00e9gico en la econom\u00eda global. Este informe, publicado bajo la administraci\u00f3n del presidente AMLO, resalta c\u00f3mo M\u00e9xico ha logrado consolidar una econom\u00eda estable, con un ecosistema industrial en expansi\u00f3n que lo convierte en un destino atractivo para la inversi\u00f3n extranjera.<\/p>\n<p>&nbsp;<\/p>\n<p style=\"text-align: justify;\">El dossier ofrece una visi\u00f3n detallada de las pol\u00edticas y estrategias que impulsan el crecimiento en sectores clave, como la agroindustria, la industria el\u00e9ctrica-electr\u00f3nica, automotriz, electromovilidad, dispositivos m\u00e9dicos, farmac\u00e9utica y semiconductores. Adem\u00e1s, destaca los incentivos fiscales dise\u00f1ados para atraer capital extranjero y promover la innovaci\u00f3n en diversas \u00e1reas.<\/p>\n<p>&nbsp;<\/p>\n<p style=\"text-align: justify;\">Un aspecto relevante que aborda esta edici\u00f3n es el impulso de las <strong>inversiones sostenibles<\/strong>, que no solo estimulan el crecimiento econ\u00f3mico, sino que tambi\u00e9n promueven la creaci\u00f3n de empleos dignos, el cuidado del medio ambiente y la responsabilidad empresarial. Estas acciones aseguran que M\u00e9xico contin\u00fae avanzando hacia un desarrollo equilibrado y respetuoso con los recursos naturales.<\/p>\n<p>&nbsp;<\/p>\n<p>Para mas informaci\u00f3n consulta el dossier en el siguiente enlace:<\/p>\n<p><strong><a href=\"https:\/\/cutt.ly\/GeIqN9Cn\" target=\"_blank\" rel=\"noopener\" data-saferedirecturl=\"https:\/\/www.google.com\/url?q=https:\/\/cutt.ly\/GeIqN9Cn&amp;source=gmail&amp;ust=1727729173982000&amp;usg=AOvVaw2wSNL7Awf7zegz81ArLD7t\">https:\/\/cutt.ly\/GeIqN9Cn<\/a><\/strong><\/p>\n","protected":false},"excerpt":{"rendered":"<p>La Secretar\u00eda de Econom\u00eda ha lanzado la Segunda Edici\u00f3n del dossier \u201cInvierte en M\u00e9xico: El Momento Mexicano\u201d, un documento que destaca el posicionamiento de M\u00e9xico como un actor estrat\u00e9gico en la econom\u00eda global.<\/p>\n","protected":false},"author":3,"featured_media":2394,"comment_status":"open","ping_status":"open","sticky":false,"template":"","format":"standard","meta":{"footnotes":""},"categories":[88,58],"tags":[950,951,952,949],"class_list":["post-2393","post","type-post","status-publish","format-standard","has-post-thumbnail","hentry","category-nacional","category-ultima-hora","tag-crecimientosostenible","tag-economiamexicana","tag-innovacionydesarrollo","tag-invierteenmexico"],"yoast_head":"<!-- This site is optimized with the Yoast SEO plugin v25.0 - https:\/\/yoast.com\/wordpress\/plugins\/seo\/ -->\n<title>Secretar\u00eda de Econom\u00eda publica Segunda Edici\u00f3n del dossier &quot;Invierte en M\u00e9xico, el momento mexicano | Nexo Informativo Santiago de Quer\u00e9taro<\/title>\n<meta name=\"description\" content=\"Secretar\u00eda de Econom\u00eda publica Segunda Edici\u00f3n del dossier &quot;Invierte en M\u00e9xico, el momento mexicano\" \/>\n<meta name=\"robots\" content=\"index, follow, max-snippet:-1, max-image-preview:large, max-video-preview:-1\" \/>\n<link rel=\"canonical\" href=\"https:\/\/www.nexoinformativo.mx\/index.php\/2024\/09\/29\/secretaria-de-economia-publica-segunda-edicion-del-dossier-invierte-en-mexico-el-momento-mexicano\/\" \/>\n<meta property=\"og:locale\" content=\"es_MX\" \/>\n<meta property=\"og:type\" content=\"article\" \/>\n<meta property=\"og:title\" content=\"Secretar\u00eda de Econom\u00eda publica Segunda Edici\u00f3n del dossier &quot;Invierte en M\u00e9xico, el momento mexicano | Nexo Informativo Santiago de Quer\u00e9taro\" \/>\n<meta property=\"og:description\" content=\"Secretar\u00eda de Econom\u00eda publica Segunda Edici\u00f3n del dossier &quot;Invierte en M\u00e9xico, el momento mexicano\" \/>\n<meta property=\"og:url\" content=\"https:\/\/www.nexoinformativo.mx\/index.php\/2024\/09\/29\/secretaria-de-economia-publica-segunda-edicion-del-dossier-invierte-en-mexico-el-momento-mexicano\/\" \/>\n<meta property=\"og:site_name\" content=\"Nexo Informativo Santiago de Quer\u00e9taro\" \/>\n<meta property=\"article:publisher\" content=\"https:\/\/www.facebook.com\/people\/Nexo-Informativo\/61564066885511\/\" \/>\n<meta property=\"article:published_time\" content=\"2024-09-29T15:00:45+00:00\" \/>\n<meta property=\"article:modified_time\" content=\"2024-09-29T20:53:48+00:00\" \/>\n<meta property=\"og:image\" content=\"https:\/\/www.nexoinformativo.mx\/wp-content\/uploads\/2024\/09\/IMG_6619.jpg\" \/>\n\t<meta property=\"og:image:width\" content=\"791\" \/>\n\t<meta property=\"og:image:height\" content=\"606\" \/>\n\t<meta property=\"og:image:type\" content=\"image\/jpeg\" \/>\n<meta name=\"author\" content=\"Nexo Informativo\" \/>\n<meta name=\"twitter:card\" content=\"summary_large_image\" \/>\n<meta name=\"twitter:label1\" content=\"Escrito por\" \/>\n\t<meta name=\"twitter:data1\" content=\"Nexo Informativo\" \/>\n\t<meta name=\"twitter:label2\" content=\"Tiempo de lectura\" \/>\n\t<meta name=\"twitter:data2\" content=\"2 minutos\" \/>\n<script type=\"application\/ld+json\" class=\"yoast-schema-graph\">{\"@context\":\"https:\/\/schema.org\",\"@graph\":[{\"@type\":\"Article\",\"@id\":\"https:\/\/www.nexoinformativo.mx\/index.php\/2024\/09\/29\/secretaria-de-economia-publica-segunda-edicion-del-dossier-invierte-en-mexico-el-momento-mexicano\/#article\",\"isPartOf\":{\"@id\":\"https:\/\/www.nexoinformativo.mx\/index.php\/2024\/09\/29\/secretaria-de-economia-publica-segunda-edicion-del-dossier-invierte-en-mexico-el-momento-mexicano\/\"},\"author\":{\"name\":\"Nexo Informativo\",\"@id\":\"https:\/\/www.nexoinformativo.mx\/#\/schema\/person\/7749d380ba08c8ca00d7bc76fd907b7d\"},\"headline\":\"Secretar\u00eda de Econom\u00eda publica Segunda Edici\u00f3n del dossier &#8220;Invierte en M\u00e9xico, el momento mexicano\",\"datePublished\":\"2024-09-29T15:00:45+00:00\",\"dateModified\":\"2024-09-29T20:53:48+00:00\",\"mainEntityOfPage\":{\"@id\":\"https:\/\/www.nexoinformativo.mx\/index.php\/2024\/09\/29\/secretaria-de-economia-publica-segunda-edicion-del-dossier-invierte-en-mexico-el-momento-mexicano\/\"},\"wordCount\":237,\"commentCount\":0,\"publisher\":{\"@id\":\"https:\/\/www.nexoinformativo.mx\/#organization\"},\"image\":{\"@id\":\"https:\/\/www.nexoinformativo.mx\/index.php\/2024\/09\/29\/secretaria-de-economia-publica-segunda-edicion-del-dossier-invierte-en-mexico-el-momento-mexicano\/#primaryimage\"},\"thumbnailUrl\":\"https:\/\/www.nexoinformativo.mx\/wp-content\/uploads\/2024\/09\/IMG_6619.jpg\",\"keywords\":[\"CrecimientoSostenible\",\"Econom\u00edaMexicana\",\"Innovaci\u00f3nYDesarrollo\",\"InvierteEnM\u00e9xico\"],\"articleSection\":[\"Nacional\",\"\u00daltima Hora\"],\"inLanguage\":\"es\",\"potentialAction\":[{\"@type\":\"CommentAction\",\"name\":\"Comment\",\"target\":[\"https:\/\/www.nexoinformativo.mx\/index.php\/2024\/09\/29\/secretaria-de-economia-publica-segunda-edicion-del-dossier-invierte-en-mexico-el-momento-mexicano\/#respond\"]}]},{\"@type\":\"WebPage\",\"@id\":\"https:\/\/www.nexoinformativo.mx\/index.php\/2024\/09\/29\/secretaria-de-economia-publica-segunda-edicion-del-dossier-invierte-en-mexico-el-momento-mexicano\/\",\"url\":\"https:\/\/www.nexoinformativo.mx\/index.php\/2024\/09\/29\/secretaria-de-economia-publica-segunda-edicion-del-dossier-invierte-en-mexico-el-momento-mexicano\/\",\"name\":\"Secretar\u00eda de Econom\u00eda publica Segunda Edici\u00f3n del dossier \\\"Invierte en M\u00e9xico, el momento mexicano | Nexo Informativo Santiago de Quer\u00e9taro\",\"isPartOf\":{\"@id\":\"https:\/\/www.nexoinformativo.mx\/#website\"},\"primaryImageOfPage\":{\"@id\":\"https:\/\/www.nexoinformativo.mx\/index.php\/2024\/09\/29\/secretaria-de-economia-publica-segunda-edicion-del-dossier-invierte-en-mexico-el-momento-mexicano\/#primaryimage\"},\"image\":{\"@id\":\"https:\/\/www.nexoinformativo.mx\/index.php\/2024\/09\/29\/secretaria-de-economia-publica-segunda-edicion-del-dossier-invierte-en-mexico-el-momento-mexicano\/#primaryimage\"},\"thumbnailUrl\":\"https:\/\/www.nexoinformativo.mx\/wp-content\/uploads\/2024\/09\/IMG_6619.jpg\",\"datePublished\":\"2024-09-29T15:00:45+00:00\",\"dateModified\":\"2024-09-29T20:53:48+00:00\",\"description\":\"Secretar\u00eda de Econom\u00eda publica Segunda Edici\u00f3n del dossier \\\"Invierte en M\u00e9xico, el momento mexicano\",\"breadcrumb\":{\"@id\":\"https:\/\/www.nexoinformativo.mx\/index.php\/2024\/09\/29\/secretaria-de-economia-publica-segunda-edicion-del-dossier-invierte-en-mexico-el-momento-mexicano\/#breadcrumb\"},\"inLanguage\":\"es\",\"potentialAction\":[{\"@type\":\"ReadAction\",\"target\":[\"https:\/\/www.nexoinformativo.mx\/index.php\/2024\/09\/29\/secretaria-de-economia-publica-segunda-edicion-del-dossier-invierte-en-mexico-el-momento-mexicano\/\"]}]},{\"@type\":\"ImageObject\",\"inLanguage\":\"es\",\"@id\":\"https:\/\/www.nexoinformativo.mx\/index.php\/2024\/09\/29\/secretaria-de-economia-publica-segunda-edicion-del-dossier-invierte-en-mexico-el-momento-mexicano\/#primaryimage\",\"url\":\"https:\/\/www.nexoinformativo.mx\/wp-content\/uploads\/2024\/09\/IMG_6619.jpg\",\"contentUrl\":\"https:\/\/www.nexoinformativo.mx\/wp-content\/uploads\/2024\/09\/IMG_6619.jpg\",\"width\":791,\"height\":606,\"caption\":\"Screenshot\"},{\"@type\":\"BreadcrumbList\",\"@id\":\"https:\/\/www.nexoinformativo.mx\/index.php\/2024\/09\/29\/secretaria-de-economia-publica-segunda-edicion-del-dossier-invierte-en-mexico-el-momento-mexicano\/#breadcrumb\",\"itemListElement\":[{\"@type\":\"ListItem\",\"position\":1,\"name\":\"Inicio\",\"item\":\"https:\/\/www.nexoinformativo.mx\/\"},{\"@type\":\"ListItem\",\"position\":2,\"name\":\"Secretar\u00eda de Econom\u00eda publica Segunda Edici\u00f3n del dossier &#8220;Invierte en M\u00e9xico, el momento mexicano\"}]},{\"@type\":\"WebSite\",\"@id\":\"https:\/\/www.nexoinformativo.mx\/#website\",\"url\":\"https:\/\/www.nexoinformativo.mx\/\",\"name\":\"Nexo Informativo Santiago de Quer\u00e9taro\",\"description\":\"Explora NexoInformativo y convi\u00e9rtete en parte de una comunidad que valora el conocimiento y la verdad. Tu nexoinformativo es tu puente hacia una comprensi\u00f3n m\u00e1s profunda del mundo que te rodea.\",\"publisher\":{\"@id\":\"https:\/\/www.nexoinformativo.mx\/#organization\"},\"potentialAction\":[{\"@type\":\"SearchAction\",\"target\":{\"@type\":\"EntryPoint\",\"urlTemplate\":\"https:\/\/www.nexoinformativo.mx\/?s={search_term_string}\"},\"query-input\":{\"@type\":\"PropertyValueSpecification\",\"valueRequired\":true,\"valueName\":\"search_term_string\"}}],\"inLanguage\":\"es\"},{\"@type\":\"Organization\",\"@id\":\"https:\/\/www.nexoinformativo.mx\/#organization\",\"name\":\"Nexo Informativo Santiago de Quer\u00e9taro\",\"url\":\"https:\/\/www.nexoinformativo.mx\/\",\"logo\":{\"@type\":\"ImageObject\",\"inLanguage\":\"es\",\"@id\":\"https:\/\/www.nexoinformativo.mx\/#\/schema\/logo\/image\/\",\"url\":\"https:\/\/www.nexoinformativo.mx\/wp-content\/uploads\/2024\/07\/nexoi-trasparente-2.png\",\"contentUrl\":\"https:\/\/www.nexoinformativo.mx\/wp-content\/uploads\/2024\/07\/nexoi-trasparente-2.png\",\"width\":816,\"height\":339,\"caption\":\"Nexo Informativo Santiago de Quer\u00e9taro\"},\"image\":{\"@id\":\"https:\/\/www.nexoinformativo.mx\/#\/schema\/logo\/image\/\"},\"sameAs\":[\"https:\/\/www.facebook.com\/people\/Nexo-Informativo\/61564066885511\/\"]},{\"@type\":\"Person\",\"@id\":\"https:\/\/www.nexoinformativo.mx\/#\/schema\/person\/7749d380ba08c8ca00d7bc76fd907b7d\",\"name\":\"Nexo Informativo\",\"image\":{\"@type\":\"ImageObject\",\"inLanguage\":\"es\",\"@id\":\"https:\/\/www.nexoinformativo.mx\/#\/schema\/person\/image\/\",\"url\":\"https:\/\/secure.gravatar.com\/avatar\/dde2928154642a13d95f87ddf1ea9718fe2b46760a005c53e41ff5ad610704e6?s=96&d=mm&r=g\",\"contentUrl\":\"https:\/\/secure.gravatar.com\/avatar\/dde2928154642a13d95f87ddf1ea9718fe2b46760a005c53e41ff5ad610704e6?s=96&d=mm&r=g\",\"caption\":\"Nexo Informativo\"},\"url\":\"https:\/\/www.nexoinformativo.mx\/index.php\/author\/edicion\/\"}]}<\/script>\n<!-- \/ Yoast SEO plugin. -->","yoast_head_json":{"title":"Secretar\u00eda de Econom\u00eda publica Segunda Edici\u00f3n del dossier \"Invierte en M\u00e9xico, el momento mexicano | Nexo Informativo Santiago de Quer\u00e9taro","description":"Secretar\u00eda de Econom\u00eda publica Segunda Edici\u00f3n del dossier \"Invierte en M\u00e9xico, el momento mexicano","robots":{"index":"index","follow":"follow","max-snippet":"max-snippet:-1","max-image-preview":"max-image-preview:large","max-video-preview":"max-video-preview:-1"},"canonical":"https:\/\/www.nexoinformativo.mx\/index.php\/2024\/09\/29\/secretaria-de-economia-publica-segunda-edicion-del-dossier-invierte-en-mexico-el-momento-mexicano\/","og_locale":"es_MX","og_type":"article","og_title":"Secretar\u00eda de Econom\u00eda publica Segunda Edici\u00f3n del dossier \"Invierte en M\u00e9xico, el momento mexicano | Nexo Informativo Santiago de Quer\u00e9taro","og_description":"Secretar\u00eda de Econom\u00eda publica Segunda Edici\u00f3n del dossier \"Invierte en M\u00e9xico, el momento mexicano","og_url":"https:\/\/www.nexoinformativo.mx\/index.php\/2024\/09\/29\/secretaria-de-economia-publica-segunda-edicion-del-dossier-invierte-en-mexico-el-momento-mexicano\/","og_site_name":"Nexo Informativo Santiago de Quer\u00e9taro","article_publisher":"https:\/\/www.facebook.com\/people\/Nexo-Informativo\/61564066885511\/","article_published_time":"2024-09-29T15:00:45+00:00","article_modified_time":"2024-09-29T20:53:48+00:00","og_image":[{"width":791,"height":606,"url":"https:\/\/www.nexoinformativo.mx\/wp-content\/uploads\/2024\/09\/IMG_6619.jpg","type":"image\/jpeg"}],"author":"Nexo Informativo","twitter_card":"summary_large_image","twitter_misc":{"Escrito por":"Nexo Informativo","Tiempo de lectura":"2 minutos"},"schema":{"@context":"https:\/\/schema.org","@graph":[{"@type":"Article","@id":"https:\/\/www.nexoinformativo.mx\/index.php\/2024\/09\/29\/secretaria-de-economia-publica-segunda-edicion-del-dossier-invierte-en-mexico-el-momento-mexicano\/#article","isPartOf":{"@id":"https:\/\/www.nexoinformativo.mx\/index.php\/2024\/09\/29\/secretaria-de-economia-publica-segunda-edicion-del-dossier-invierte-en-mexico-el-momento-mexicano\/"},"author":{"name":"Nexo Informativo","@id":"https:\/\/www.nexoinformativo.mx\/#\/schema\/person\/7749d380ba08c8ca00d7bc76fd907b7d"},"headline":"Secretar\u00eda de Econom\u00eda publica Segunda Edici\u00f3n del dossier &#8220;Invierte en M\u00e9xico, el momento mexicano","datePublished":"2024-09-29T15:00:45+00:00","dateModified":"2024-09-29T20:53:48+00:00","mainEntityOfPage":{"@id":"https:\/\/www.nexoinformativo.mx\/index.php\/2024\/09\/29\/secretaria-de-economia-publica-segunda-edicion-del-dossier-invierte-en-mexico-el-momento-mexicano\/"},"wordCount":237,"commentCount":0,"publisher":{"@id":"https:\/\/www.nexoinformativo.mx\/#organization"},"image":{"@id":"https:\/\/www.nexoinformativo.mx\/index.php\/2024\/09\/29\/secretaria-de-economia-publica-segunda-edicion-del-dossier-invierte-en-mexico-el-momento-mexicano\/#primaryimage"},"thumbnailUrl":"https:\/\/www.nexoinformativo.mx\/wp-content\/uploads\/2024\/09\/IMG_6619.jpg","keywords":["CrecimientoSostenible","Econom\u00edaMexicana","Innovaci\u00f3nYDesarrollo","InvierteEnM\u00e9xico"],"articleSection":["Nacional","\u00daltima Hora"],"inLanguage":"es","potentialAction":[{"@type":"CommentAction","name":"Comment","target":["https:\/\/www.nexoinformativo.mx\/index.php\/2024\/09\/29\/secretaria-de-economia-publica-segunda-edicion-del-dossier-invierte-en-mexico-el-momento-mexicano\/#respond"]}]},{"@type":"WebPage","@id":"https:\/\/www.nexoinformativo.mx\/index.php\/2024\/09\/29\/secretaria-de-economia-publica-segunda-edicion-del-dossier-invierte-en-mexico-el-momento-mexicano\/","url":"https:\/\/www.nexoinformativo.mx\/index.php\/2024\/09\/29\/secretaria-de-economia-publica-segunda-edicion-del-dossier-invierte-en-mexico-el-momento-mexicano\/","name":"Secretar\u00eda de Econom\u00eda publica Segunda Edici\u00f3n del dossier \"Invierte en M\u00e9xico, el momento mexicano | Nexo Informativo Santiago de Quer\u00e9taro","isPartOf":{"@id":"https:\/\/www.nexoinformativo.mx\/#website"},"primaryImageOfPage":{"@id":"https:\/\/www.nexoinformativo.mx\/index.php\/2024\/09\/29\/secretaria-de-economia-publica-segunda-edicion-del-dossier-invierte-en-mexico-el-momento-mexicano\/#primaryimage"},"image":{"@id":"https:\/\/www.nexoinformativo.mx\/index.php\/2024\/09\/29\/secretaria-de-economia-publica-segunda-edicion-del-dossier-invierte-en-mexico-el-momento-mexicano\/#primaryimage"},"thumbnailUrl":"https:\/\/www.nexoinformativo.mx\/wp-content\/uploads\/2024\/09\/IMG_6619.jpg","datePublished":"2024-09-29T15:00:45+00:00","dateModified":"2024-09-29T20:53:48+00:00","description":"Secretar\u00eda de Econom\u00eda publica Segunda Edici\u00f3n del dossier \"Invierte en M\u00e9xico, el momento mexicano","breadcrumb":{"@id":"https:\/\/www.nexoinformativo.mx\/index.php\/2024\/09\/29\/secretaria-de-economia-publica-segunda-edicion-del-dossier-invierte-en-mexico-el-momento-mexicano\/#breadcrumb"},"inLanguage":"es","potentialAction":[{"@type":"ReadAction","target":["https:\/\/www.nexoinformativo.mx\/index.php\/2024\/09\/29\/secretaria-de-economia-publica-segunda-edicion-del-dossier-invierte-en-mexico-el-momento-mexicano\/"]}]},{"@type":"ImageObject","inLanguage":"es","@id":"https:\/\/www.nexoinformativo.mx\/index.php\/2024\/09\/29\/secretaria-de-economia-publica-segunda-edicion-del-dossier-invierte-en-mexico-el-momento-mexicano\/#primaryimage","url":"https:\/\/www.nexoinformativo.mx\/wp-content\/uploads\/2024\/09\/IMG_6619.jpg","contentUrl":"https:\/\/www.nexoinformativo.mx\/wp-content\/uploads\/2024\/09\/IMG_6619.jpg","width":791,"height":606,"caption":"Screenshot"},{"@type":"BreadcrumbList","@id":"https:\/\/www.nexoinformativo.mx\/index.php\/2024\/09\/29\/secretaria-de-economia-publica-segunda-edicion-del-dossier-invierte-en-mexico-el-momento-mexicano\/#breadcrumb","itemListElement":[{"@type":"ListItem","position":1,"name":"Inicio","item":"https:\/\/www.nexoinformativo.mx\/"},{"@type":"ListItem","position":2,"name":"Secretar\u00eda de Econom\u00eda publica Segunda Edici\u00f3n del dossier &#8220;Invierte en M\u00e9xico, el momento mexicano"}]},{"@type":"WebSite","@id":"https:\/\/www.nexoinformativo.mx\/#website","url":"https:\/\/www.nexoinformativo.mx\/","name":"Nexo Informativo Santiago de Quer\u00e9taro","description":"Explora NexoInformativo y convi\u00e9rtete en parte de una comunidad que valora el conocimiento y la verdad. Tu nexoinformativo es tu puente hacia una comprensi\u00f3n m\u00e1s profunda del mundo que te rodea.","publisher":{"@id":"https:\/\/www.nexoinformativo.mx\/#organization"},"potentialAction":[{"@type":"SearchAction","target":{"@type":"EntryPoint","urlTemplate":"https:\/\/www.nexoinformativo.mx\/?s={search_term_string}"},"query-input":{"@type":"PropertyValueSpecification","valueRequired":true,"valueName":"search_term_string"}}],"inLanguage":"es"},{"@type":"Organization","@id":"https:\/\/www.nexoinformativo.mx\/#organization","name":"Nexo Informativo Santiago de Quer\u00e9taro","url":"https:\/\/www.nexoinformativo.mx\/","logo":{"@type":"ImageObject","inLanguage":"es","@id":"https:\/\/www.nexoinformativo.mx\/#\/schema\/logo\/image\/","url":"https:\/\/www.nexoinformativo.mx\/wp-content\/uploads\/2024\/07\/nexoi-trasparente-2.png","contentUrl":"https:\/\/www.nexoinformativo.mx\/wp-content\/uploads\/2024\/07\/nexoi-trasparente-2.png","width":816,"height":339,"caption":"Nexo Informativo Santiago de Quer\u00e9taro"},"image":{"@id":"https:\/\/www.nexoinformativo.mx\/#\/schema\/logo\/image\/"},"sameAs":["https:\/\/www.facebook.com\/people\/Nexo-Informativo\/61564066885511\/"]},{"@type":"Person","@id":"https:\/\/www.nexoinformativo.mx\/#\/schema\/person\/7749d380ba08c8ca00d7bc76fd907b7d","name":"Nexo Informativo","image":{"@type":"ImageObject","inLanguage":"es","@id":"https:\/\/www.nexoinformativo.mx\/#\/schema\/person\/image\/","url":"https:\/\/secure.gravatar.com\/avatar\/dde2928154642a13d95f87ddf1ea9718fe2b46760a005c53e41ff5ad610704e6?s=96&d=mm&r=g","contentUrl":"https:\/\/secure.gravatar.com\/avatar\/dde2928154642a13d95f87ddf1ea9718fe2b46760a005c53e41ff5ad610704e6?s=96&d=mm&r=g","caption":"Nexo Informativo"},"url":"https:\/\/www.nexoinformativo.mx\/index.php\/author\/edicion\/"}]}},"_links":{"self":[{"href":"https:\/\/www.nexoinformativo.mx\/index.php\/wp-json\/wp\/v2\/posts\/2393","targetHints":{"allow":["GET"]}}],"collection":[{"href":"https:\/\/www.nexoinformativo.mx\/index.php\/wp-json\/wp\/v2\/posts"}],"about":[{"href":"https:\/\/www.nexoinformativo.mx\/index.php\/wp-json\/wp\/v2\/types\/post"}],"author":[{"embeddable":true,"href":"https:\/\/www.nexoinformativo.mx\/index.php\/wp-json\/wp\/v2\/users\/3"}],"replies":[{"embeddable":true,"href":"https:\/\/www.nexoinformativo.mx\/index.php\/wp-json\/wp\/v2\/comments?post=2393"}],"version-history":[{"count":7,"href":"https:\/\/www.nexoinformativo.mx\/index.php\/wp-json\/wp\/v2\/posts\/2393\/revisions"}],"predecessor-version":[{"id":2396,"href":"https:\/\/www.nexoinformativo.mx\/index.php\/wp-json\/wp\/v2\/posts\/2393\/revisions\/2396"}],"wp:featuredmedia":[{"embeddable":true,"href":"https:\/\/www.nexoinformativo.mx\/index.php\/wp-json\/wp\/v2\/media\/2394"}],"wp:attachment":[{"href":"https:\/\/www.nexoinformativo.mx\/index.php\/wp-json\/wp\/v2\/media?parent=2393"}],"wp:term":[{"taxonomy":"category","embeddable":true,"href":"https:\/\/www.nexoinformativo.mx\/index.php\/wp-json\/wp\/v2\/categories?post=2393"},{"taxonomy":"post_tag","embeddable":true,"href":"https:\/\/www.nexoinformativo.mx\/index.php\/wp-json\/wp\/v2\/tags?post=2393"}],"curies":[{"name":"wp","href":"https:\/\/api.w.org\/{rel}","templated":true}]}}