{"id":2415,"date":"2024-09-29T12:00:37","date_gmt":"2024-09-29T18:00:37","guid":{"rendered":"https:\/\/www.nexoinformativo.mx\/?p=2415"},"modified":"2024-09-30T10:02:43","modified_gmt":"2024-09-30T16:02:43","slug":"el-parque-la-queretana-recibe-el-sello-de-biodiversidad-por-su-compromiso-con-la-flora-y-fauna","status":"publish","type":"post","link":"https:\/\/www.nexoinformativo.mx\/index.php\/2024\/09\/29\/el-parque-la-queretana-recibe-el-sello-de-biodiversidad-por-su-compromiso-con-la-flora-y-fauna\/","title":{"rendered":"El Parque la Queretana recibe el Sello de Biodiversidad por su compromiso con la flora y fauna"},"content":{"rendered":"<p style=\"text-align: justify;\">El Presidente Municipal de Quer\u00e9taro, Luis Nava, encabez\u00f3 un recorrido por el Parque Intraurbano Jurica Poniente &#8220;La Queretana&#8221;, un nuevo espacio de 47 hect\u00e1reas dise\u00f1ado para la conservaci\u00f3n de la biodiversidad y el disfrute de las familias queretanas. El parque ha sido reconocido con el Sello de Biodiversidad por sus esfuerzos en la preservaci\u00f3n de la flora y fauna nativa.<\/p>\n<p>&nbsp;<\/p>\n<p style=\"text-align: justify;\">Este parque, que fue anteriormente tierras de cultivo, ahora ofrece un pulm\u00f3n verde en la ciudad, con \u00e1reas para hacer deporte, convivir en familia y disfrutar de la naturaleza. Adem\u00e1s, cuenta con infraestructura para la regulaci\u00f3n pluvial que ayudar\u00e1 a mitigar inundaciones en la zona de Santa Mar\u00eda Magdalena, as\u00ed como estanques de agua tratada que mantienen las \u00e1reas verdes.<\/p>\n<p>&nbsp;<\/p>\n<p style=\"text-align: justify;\">La Queretana ofrece senderos, zonas recreativas y \u00e1reas verdes reforestadas con especies end\u00e9micas, proporcionando un espacio ideal para el esparcimiento y la protecci\u00f3n del medio ambiente.<\/p>\n","protected":false},"excerpt":{"rendered":"<p>El Presidente Municipal de Quer\u00e9taro, Luis Nava, encabez\u00f3 un recorrido por el Parque Intraurbano Jurica Poniente &#8220;La Queretana&#8221;, un nuevo espacio de 47 hect\u00e1reas dise\u00f1ado para la conservaci\u00f3n de la biodiversidad y el disfrute de las familias queretanas.<\/p>\n","protected":false},"author":3,"featured_media":2417,"comment_status":"open","ping_status":"open","sticky":false,"template":"","format":"standard","meta":{"footnotes":""},"categories":[65,58],"tags":[957,960,958,959],"class_list":["post-2415","post","type-post","status-publish","format-standard","has-post-thumbnail","hentry","category-municipios","category-ultima-hora","tag-conservacionflorafauna","tag-parquelaqueretana","tag-queretaroverde","tag-sellodebiodiversidad"],"yoast_head":"<!-- This site is optimized with the Yoast SEO plugin v25.0 - https:\/\/yoast.com\/wordpress\/plugins\/seo\/ -->\n<title>El Parque la Queretana recibe el Sello de Biodiversidad por su compromiso con la flora y fauna | Nexo Informativo Santiago de Quer\u00e9taro<\/title>\n<meta name=\"description\" content=\"El Parque la Queretana recibe el Sello de Biodiversidad por su compromiso con la flora y fauna\" \/>\n<meta name=\"robots\" content=\"index, follow, max-snippet:-1, max-image-preview:large, max-video-preview:-1\" \/>\n<link rel=\"canonical\" href=\"https:\/\/www.nexoinformativo.mx\/index.php\/2024\/09\/29\/el-parque-la-queretana-recibe-el-sello-de-biodiversidad-por-su-compromiso-con-la-flora-y-fauna\/\" \/>\n<meta property=\"og:locale\" content=\"es_MX\" \/>\n<meta property=\"og:type\" content=\"article\" \/>\n<meta property=\"og:title\" content=\"El Parque la Queretana recibe el Sello de Biodiversidad por su compromiso con la flora y fauna | Nexo Informativo Santiago de Quer\u00e9taro\" \/>\n<meta property=\"og:description\" content=\"El Parque la Queretana recibe el Sello de Biodiversidad por su compromiso con la flora y fauna\" \/>\n<meta property=\"og:url\" content=\"https:\/\/www.nexoinformativo.mx\/index.php\/2024\/09\/29\/el-parque-la-queretana-recibe-el-sello-de-biodiversidad-por-su-compromiso-con-la-flora-y-fauna\/\" \/>\n<meta property=\"og:site_name\" content=\"Nexo Informativo Santiago de Quer\u00e9taro\" \/>\n<meta property=\"article:publisher\" content=\"https:\/\/www.facebook.com\/people\/Nexo-Informativo\/61564066885511\/\" \/>\n<meta property=\"article:published_time\" content=\"2024-09-29T18:00:37+00:00\" \/>\n<meta property=\"article:modified_time\" content=\"2024-09-30T16:02:43+00:00\" \/>\n<meta property=\"og:image\" content=\"https:\/\/www.nexoinformativo.mx\/wp-content\/uploads\/2024\/09\/unnamed-25-e1727712142316.jpg\" \/>\n\t<meta property=\"og:image:width\" content=\"800\" \/>\n\t<meta property=\"og:image:height\" content=\"533\" \/>\n\t<meta property=\"og:image:type\" content=\"image\/jpeg\" \/>\n<meta name=\"author\" content=\"Nexo Informativo\" \/>\n<meta name=\"twitter:card\" content=\"summary_large_image\" \/>\n<meta name=\"twitter:label1\" content=\"Escrito por\" \/>\n\t<meta name=\"twitter:data1\" content=\"Nexo Informativo\" \/>\n\t<meta name=\"twitter:label2\" content=\"Tiempo de lectura\" \/>\n\t<meta name=\"twitter:data2\" content=\"1 minuto\" \/>\n<script type=\"application\/ld+json\" class=\"yoast-schema-graph\">{\"@context\":\"https:\/\/schema.org\",\"@graph\":[{\"@type\":\"Article\",\"@id\":\"https:\/\/www.nexoinformativo.mx\/index.php\/2024\/09\/29\/el-parque-la-queretana-recibe-el-sello-de-biodiversidad-por-su-compromiso-con-la-flora-y-fauna\/#article\",\"isPartOf\":{\"@id\":\"https:\/\/www.nexoinformativo.mx\/index.php\/2024\/09\/29\/el-parque-la-queretana-recibe-el-sello-de-biodiversidad-por-su-compromiso-con-la-flora-y-fauna\/\"},\"author\":{\"name\":\"Nexo Informativo\",\"@id\":\"https:\/\/www.nexoinformativo.mx\/#\/schema\/person\/7749d380ba08c8ca00d7bc76fd907b7d\"},\"headline\":\"El Parque la Queretana recibe el Sello de Biodiversidad por su compromiso con la flora y fauna\",\"datePublished\":\"2024-09-29T18:00:37+00:00\",\"dateModified\":\"2024-09-30T16:02:43+00:00\",\"mainEntityOfPage\":{\"@id\":\"https:\/\/www.nexoinformativo.mx\/index.php\/2024\/09\/29\/el-parque-la-queretana-recibe-el-sello-de-biodiversidad-por-su-compromiso-con-la-flora-y-fauna\/\"},\"wordCount\":175,\"commentCount\":0,\"publisher\":{\"@id\":\"https:\/\/www.nexoinformativo.mx\/#organization\"},\"image\":{\"@id\":\"https:\/\/www.nexoinformativo.mx\/index.php\/2024\/09\/29\/el-parque-la-queretana-recibe-el-sello-de-biodiversidad-por-su-compromiso-con-la-flora-y-fauna\/#primaryimage\"},\"thumbnailUrl\":\"https:\/\/www.nexoinformativo.mx\/wp-content\/uploads\/2024\/09\/unnamed-25-e1727712142316.jpg\",\"keywords\":[\"Conservaci\u00f3nFloraFauna\",\"ParqueLaQueretana\",\"Quer\u00e9taroVerde\",\"SelloDeBiodiversidad\"],\"articleSection\":[\"Municipios\",\"\u00daltima Hora\"],\"inLanguage\":\"es\",\"potentialAction\":[{\"@type\":\"CommentAction\",\"name\":\"Comment\",\"target\":[\"https:\/\/www.nexoinformativo.mx\/index.php\/2024\/09\/29\/el-parque-la-queretana-recibe-el-sello-de-biodiversidad-por-su-compromiso-con-la-flora-y-fauna\/#respond\"]}]},{\"@type\":\"WebPage\",\"@id\":\"https:\/\/www.nexoinformativo.mx\/index.php\/2024\/09\/29\/el-parque-la-queretana-recibe-el-sello-de-biodiversidad-por-su-compromiso-con-la-flora-y-fauna\/\",\"url\":\"https:\/\/www.nexoinformativo.mx\/index.php\/2024\/09\/29\/el-parque-la-queretana-recibe-el-sello-de-biodiversidad-por-su-compromiso-con-la-flora-y-fauna\/\",\"name\":\"El Parque la Queretana recibe el Sello de Biodiversidad por su compromiso con la flora y fauna | Nexo Informativo Santiago de Quer\u00e9taro\",\"isPartOf\":{\"@id\":\"https:\/\/www.nexoinformativo.mx\/#website\"},\"primaryImageOfPage\":{\"@id\":\"https:\/\/www.nexoinformativo.mx\/index.php\/2024\/09\/29\/el-parque-la-queretana-recibe-el-sello-de-biodiversidad-por-su-compromiso-con-la-flora-y-fauna\/#primaryimage\"},\"image\":{\"@id\":\"https:\/\/www.nexoinformativo.mx\/index.php\/2024\/09\/29\/el-parque-la-queretana-recibe-el-sello-de-biodiversidad-por-su-compromiso-con-la-flora-y-fauna\/#primaryimage\"},\"thumbnailUrl\":\"https:\/\/www.nexoinformativo.mx\/wp-content\/uploads\/2024\/09\/unnamed-25-e1727712142316.jpg\",\"datePublished\":\"2024-09-29T18:00:37+00:00\",\"dateModified\":\"2024-09-30T16:02:43+00:00\",\"description\":\"El Parque la Queretana recibe el Sello de Biodiversidad por su compromiso con la flora y fauna\",\"breadcrumb\":{\"@id\":\"https:\/\/www.nexoinformativo.mx\/index.php\/2024\/09\/29\/el-parque-la-queretana-recibe-el-sello-de-biodiversidad-por-su-compromiso-con-la-flora-y-fauna\/#breadcrumb\"},\"inLanguage\":\"es\",\"potentialAction\":[{\"@type\":\"ReadAction\",\"target\":[\"https:\/\/www.nexoinformativo.mx\/index.php\/2024\/09\/29\/el-parque-la-queretana-recibe-el-sello-de-biodiversidad-por-su-compromiso-con-la-flora-y-fauna\/\"]}]},{\"@type\":\"ImageObject\",\"inLanguage\":\"es\",\"@id\":\"https:\/\/www.nexoinformativo.mx\/index.php\/2024\/09\/29\/el-parque-la-queretana-recibe-el-sello-de-biodiversidad-por-su-compromiso-con-la-flora-y-fauna\/#primaryimage\",\"url\":\"https:\/\/www.nexoinformativo.mx\/wp-content\/uploads\/2024\/09\/unnamed-25-e1727712142316.jpg\",\"contentUrl\":\"https:\/\/www.nexoinformativo.mx\/wp-content\/uploads\/2024\/09\/unnamed-25-e1727712142316.jpg\",\"width\":800,\"height\":533},{\"@type\":\"BreadcrumbList\",\"@id\":\"https:\/\/www.nexoinformativo.mx\/index.php\/2024\/09\/29\/el-parque-la-queretana-recibe-el-sello-de-biodiversidad-por-su-compromiso-con-la-flora-y-fauna\/#breadcrumb\",\"itemListElement\":[{\"@type\":\"ListItem\",\"position\":1,\"name\":\"Inicio\",\"item\":\"https:\/\/www.nexoinformativo.mx\/\"},{\"@type\":\"ListItem\",\"position\":2,\"name\":\"El Parque la Queretana recibe el Sello de Biodiversidad por su compromiso con la flora y fauna\"}]},{\"@type\":\"WebSite\",\"@id\":\"https:\/\/www.nexoinformativo.mx\/#website\",\"url\":\"https:\/\/www.nexoinformativo.mx\/\",\"name\":\"Nexo Informativo Santiago de Quer\u00e9taro\",\"description\":\"Explora NexoInformativo y convi\u00e9rtete en parte de una comunidad que valora el conocimiento y la verdad. Tu nexoinformativo es tu puente hacia una comprensi\u00f3n m\u00e1s profunda del mundo que te rodea.\",\"publisher\":{\"@id\":\"https:\/\/www.nexoinformativo.mx\/#organization\"},\"potentialAction\":[{\"@type\":\"SearchAction\",\"target\":{\"@type\":\"EntryPoint\",\"urlTemplate\":\"https:\/\/www.nexoinformativo.mx\/?s={search_term_string}\"},\"query-input\":{\"@type\":\"PropertyValueSpecification\",\"valueRequired\":true,\"valueName\":\"search_term_string\"}}],\"inLanguage\":\"es\"},{\"@type\":\"Organization\",\"@id\":\"https:\/\/www.nexoinformativo.mx\/#organization\",\"name\":\"Nexo Informativo Santiago de Quer\u00e9taro\",\"url\":\"https:\/\/www.nexoinformativo.mx\/\",\"logo\":{\"@type\":\"ImageObject\",\"inLanguage\":\"es\",\"@id\":\"https:\/\/www.nexoinformativo.mx\/#\/schema\/logo\/image\/\",\"url\":\"https:\/\/www.nexoinformativo.mx\/wp-content\/uploads\/2024\/07\/nexoi-trasparente-2.png\",\"contentUrl\":\"https:\/\/www.nexoinformativo.mx\/wp-content\/uploads\/2024\/07\/nexoi-trasparente-2.png\",\"width\":816,\"height\":339,\"caption\":\"Nexo Informativo Santiago de Quer\u00e9taro\"},\"image\":{\"@id\":\"https:\/\/www.nexoinformativo.mx\/#\/schema\/logo\/image\/\"},\"sameAs\":[\"https:\/\/www.facebook.com\/people\/Nexo-Informativo\/61564066885511\/\"]},{\"@type\":\"Person\",\"@id\":\"https:\/\/www.nexoinformativo.mx\/#\/schema\/person\/7749d380ba08c8ca00d7bc76fd907b7d\",\"name\":\"Nexo Informativo\",\"image\":{\"@type\":\"ImageObject\",\"inLanguage\":\"es\",\"@id\":\"https:\/\/www.nexoinformativo.mx\/#\/schema\/person\/image\/\",\"url\":\"https:\/\/secure.gravatar.com\/avatar\/dde2928154642a13d95f87ddf1ea9718fe2b46760a005c53e41ff5ad610704e6?s=96&d=mm&r=g\",\"contentUrl\":\"https:\/\/secure.gravatar.com\/avatar\/dde2928154642a13d95f87ddf1ea9718fe2b46760a005c53e41ff5ad610704e6?s=96&d=mm&r=g\",\"caption\":\"Nexo Informativo\"},\"url\":\"https:\/\/www.nexoinformativo.mx\/index.php\/author\/edicion\/\"}]}<\/script>\n<!-- \/ Yoast SEO plugin. -->","yoast_head_json":{"title":"El Parque la Queretana recibe el Sello de Biodiversidad por su compromiso con la flora y fauna | Nexo Informativo Santiago de Quer\u00e9taro","description":"El Parque la Queretana recibe el Sello de Biodiversidad por su compromiso con la flora y fauna","robots":{"index":"index","follow":"follow","max-snippet":"max-snippet:-1","max-image-preview":"max-image-preview:large","max-video-preview":"max-video-preview:-1"},"canonical":"https:\/\/www.nexoinformativo.mx\/index.php\/2024\/09\/29\/el-parque-la-queretana-recibe-el-sello-de-biodiversidad-por-su-compromiso-con-la-flora-y-fauna\/","og_locale":"es_MX","og_type":"article","og_title":"El Parque la Queretana recibe el Sello de Biodiversidad por su compromiso con la flora y fauna | Nexo Informativo Santiago de Quer\u00e9taro","og_description":"El Parque la Queretana recibe el Sello de Biodiversidad por su compromiso con la flora y fauna","og_url":"https:\/\/www.nexoinformativo.mx\/index.php\/2024\/09\/29\/el-parque-la-queretana-recibe-el-sello-de-biodiversidad-por-su-compromiso-con-la-flora-y-fauna\/","og_site_name":"Nexo Informativo Santiago de Quer\u00e9taro","article_publisher":"https:\/\/www.facebook.com\/people\/Nexo-Informativo\/61564066885511\/","article_published_time":"2024-09-29T18:00:37+00:00","article_modified_time":"2024-09-30T16:02:43+00:00","og_image":[{"width":800,"height":533,"url":"https:\/\/www.nexoinformativo.mx\/wp-content\/uploads\/2024\/09\/unnamed-25-e1727712142316.jpg","type":"image\/jpeg"}],"author":"Nexo Informativo","twitter_card":"summary_large_image","twitter_misc":{"Escrito por":"Nexo Informativo","Tiempo de lectura":"1 minuto"},"schema":{"@context":"https:\/\/schema.org","@graph":[{"@type":"Article","@id":"https:\/\/www.nexoinformativo.mx\/index.php\/2024\/09\/29\/el-parque-la-queretana-recibe-el-sello-de-biodiversidad-por-su-compromiso-con-la-flora-y-fauna\/#article","isPartOf":{"@id":"https:\/\/www.nexoinformativo.mx\/index.php\/2024\/09\/29\/el-parque-la-queretana-recibe-el-sello-de-biodiversidad-por-su-compromiso-con-la-flora-y-fauna\/"},"author":{"name":"Nexo Informativo","@id":"https:\/\/www.nexoinformativo.mx\/#\/schema\/person\/7749d380ba08c8ca00d7bc76fd907b7d"},"headline":"El Parque la Queretana recibe el Sello de Biodiversidad por su compromiso con la flora y fauna","datePublished":"2024-09-29T18:00:37+00:00","dateModified":"2024-09-30T16:02:43+00:00","mainEntityOfPage":{"@id":"https:\/\/www.nexoinformativo.mx\/index.php\/2024\/09\/29\/el-parque-la-queretana-recibe-el-sello-de-biodiversidad-por-su-compromiso-con-la-flora-y-fauna\/"},"wordCount":175,"commentCount":0,"publisher":{"@id":"https:\/\/www.nexoinformativo.mx\/#organization"},"image":{"@id":"https:\/\/www.nexoinformativo.mx\/index.php\/2024\/09\/29\/el-parque-la-queretana-recibe-el-sello-de-biodiversidad-por-su-compromiso-con-la-flora-y-fauna\/#primaryimage"},"thumbnailUrl":"https:\/\/www.nexoinformativo.mx\/wp-content\/uploads\/2024\/09\/unnamed-25-e1727712142316.jpg","keywords":["Conservaci\u00f3nFloraFauna","ParqueLaQueretana","Quer\u00e9taroVerde","SelloDeBiodiversidad"],"articleSection":["Municipios","\u00daltima Hora"],"inLanguage":"es","potentialAction":[{"@type":"CommentAction","name":"Comment","target":["https:\/\/www.nexoinformativo.mx\/index.php\/2024\/09\/29\/el-parque-la-queretana-recibe-el-sello-de-biodiversidad-por-su-compromiso-con-la-flora-y-fauna\/#respond"]}]},{"@type":"WebPage","@id":"https:\/\/www.nexoinformativo.mx\/index.php\/2024\/09\/29\/el-parque-la-queretana-recibe-el-sello-de-biodiversidad-por-su-compromiso-con-la-flora-y-fauna\/","url":"https:\/\/www.nexoinformativo.mx\/index.php\/2024\/09\/29\/el-parque-la-queretana-recibe-el-sello-de-biodiversidad-por-su-compromiso-con-la-flora-y-fauna\/","name":"El Parque la Queretana recibe el Sello de Biodiversidad por su compromiso con la flora y fauna | Nexo Informativo Santiago de Quer\u00e9taro","isPartOf":{"@id":"https:\/\/www.nexoinformativo.mx\/#website"},"primaryImageOfPage":{"@id":"https:\/\/www.nexoinformativo.mx\/index.php\/2024\/09\/29\/el-parque-la-queretana-recibe-el-sello-de-biodiversidad-por-su-compromiso-con-la-flora-y-fauna\/#primaryimage"},"image":{"@id":"https:\/\/www.nexoinformativo.mx\/index.php\/2024\/09\/29\/el-parque-la-queretana-recibe-el-sello-de-biodiversidad-por-su-compromiso-con-la-flora-y-fauna\/#primaryimage"},"thumbnailUrl":"https:\/\/www.nexoinformativo.mx\/wp-content\/uploads\/2024\/09\/unnamed-25-e1727712142316.jpg","datePublished":"2024-09-29T18:00:37+00:00","dateModified":"2024-09-30T16:02:43+00:00","description":"El Parque la Queretana recibe el Sello de Biodiversidad por su compromiso con la flora y fauna","breadcrumb":{"@id":"https:\/\/www.nexoinformativo.mx\/index.php\/2024\/09\/29\/el-parque-la-queretana-recibe-el-sello-de-biodiversidad-por-su-compromiso-con-la-flora-y-fauna\/#breadcrumb"},"inLanguage":"es","potentialAction":[{"@type":"ReadAction","target":["https:\/\/www.nexoinformativo.mx\/index.php\/2024\/09\/29\/el-parque-la-queretana-recibe-el-sello-de-biodiversidad-por-su-compromiso-con-la-flora-y-fauna\/"]}]},{"@type":"ImageObject","inLanguage":"es","@id":"https:\/\/www.nexoinformativo.mx\/index.php\/2024\/09\/29\/el-parque-la-queretana-recibe-el-sello-de-biodiversidad-por-su-compromiso-con-la-flora-y-fauna\/#primaryimage","url":"https:\/\/www.nexoinformativo.mx\/wp-content\/uploads\/2024\/09\/unnamed-25-e1727712142316.jpg","contentUrl":"https:\/\/www.nexoinformativo.mx\/wp-content\/uploads\/2024\/09\/unnamed-25-e1727712142316.jpg","width":800,"height":533},{"@type":"BreadcrumbList","@id":"https:\/\/www.nexoinformativo.mx\/index.php\/2024\/09\/29\/el-parque-la-queretana-recibe-el-sello-de-biodiversidad-por-su-compromiso-con-la-flora-y-fauna\/#breadcrumb","itemListElement":[{"@type":"ListItem","position":1,"name":"Inicio","item":"https:\/\/www.nexoinformativo.mx\/"},{"@type":"ListItem","position":2,"name":"El Parque la Queretana recibe el Sello de Biodiversidad por su compromiso con la flora y fauna"}]},{"@type":"WebSite","@id":"https:\/\/www.nexoinformativo.mx\/#website","url":"https:\/\/www.nexoinformativo.mx\/","name":"Nexo Informativo Santiago de Quer\u00e9taro","description":"Explora NexoInformativo y convi\u00e9rtete en parte de una comunidad que valora el conocimiento y la verdad. Tu nexoinformativo es tu puente hacia una comprensi\u00f3n m\u00e1s profunda del mundo que te rodea.","publisher":{"@id":"https:\/\/www.nexoinformativo.mx\/#organization"},"potentialAction":[{"@type":"SearchAction","target":{"@type":"EntryPoint","urlTemplate":"https:\/\/www.nexoinformativo.mx\/?s={search_term_string}"},"query-input":{"@type":"PropertyValueSpecification","valueRequired":true,"valueName":"search_term_string"}}],"inLanguage":"es"},{"@type":"Organization","@id":"https:\/\/www.nexoinformativo.mx\/#organization","name":"Nexo Informativo Santiago de Quer\u00e9taro","url":"https:\/\/www.nexoinformativo.mx\/","logo":{"@type":"ImageObject","inLanguage":"es","@id":"https:\/\/www.nexoinformativo.mx\/#\/schema\/logo\/image\/","url":"https:\/\/www.nexoinformativo.mx\/wp-content\/uploads\/2024\/07\/nexoi-trasparente-2.png","contentUrl":"https:\/\/www.nexoinformativo.mx\/wp-content\/uploads\/2024\/07\/nexoi-trasparente-2.png","width":816,"height":339,"caption":"Nexo Informativo Santiago de Quer\u00e9taro"},"image":{"@id":"https:\/\/www.nexoinformativo.mx\/#\/schema\/logo\/image\/"},"sameAs":["https:\/\/www.facebook.com\/people\/Nexo-Informativo\/61564066885511\/"]},{"@type":"Person","@id":"https:\/\/www.nexoinformativo.mx\/#\/schema\/person\/7749d380ba08c8ca00d7bc76fd907b7d","name":"Nexo Informativo","image":{"@type":"ImageObject","inLanguage":"es","@id":"https:\/\/www.nexoinformativo.mx\/#\/schema\/person\/image\/","url":"https:\/\/secure.gravatar.com\/avatar\/dde2928154642a13d95f87ddf1ea9718fe2b46760a005c53e41ff5ad610704e6?s=96&d=mm&r=g","contentUrl":"https:\/\/secure.gravatar.com\/avatar\/dde2928154642a13d95f87ddf1ea9718fe2b46760a005c53e41ff5ad610704e6?s=96&d=mm&r=g","caption":"Nexo Informativo"},"url":"https:\/\/www.nexoinformativo.mx\/index.php\/author\/edicion\/"}]}},"_links":{"self":[{"href":"https:\/\/www.nexoinformativo.mx\/index.php\/wp-json\/wp\/v2\/posts\/2415","targetHints":{"allow":["GET"]}}],"collection":[{"href":"https:\/\/www.nexoinformativo.mx\/index.php\/wp-json\/wp\/v2\/posts"}],"about":[{"href":"https:\/\/www.nexoinformativo.mx\/index.php\/wp-json\/wp\/v2\/types\/post"}],"author":[{"embeddable":true,"href":"https:\/\/www.nexoinformativo.mx\/index.php\/wp-json\/wp\/v2\/users\/3"}],"replies":[{"embeddable":true,"href":"https:\/\/www.nexoinformativo.mx\/index.php\/wp-json\/wp\/v2\/comments?post=2415"}],"version-history":[{"count":1,"href":"https:\/\/www.nexoinformativo.mx\/index.php\/wp-json\/wp\/v2\/posts\/2415\/revisions"}],"predecessor-version":[{"id":2416,"href":"https:\/\/www.nexoinformativo.mx\/index.php\/wp-json\/wp\/v2\/posts\/2415\/revisions\/2416"}],"wp:featuredmedia":[{"embeddable":true,"href":"https:\/\/www.nexoinformativo.mx\/index.php\/wp-json\/wp\/v2\/media\/2417"}],"wp:attachment":[{"href":"https:\/\/www.nexoinformativo.mx\/index.php\/wp-json\/wp\/v2\/media?parent=2415"}],"wp:term":[{"taxonomy":"category","embeddable":true,"href":"https:\/\/www.nexoinformativo.mx\/index.php\/wp-json\/wp\/v2\/categories?post=2415"},{"taxonomy":"post_tag","embeddable":true,"href":"https:\/\/www.nexoinformativo.mx\/index.php\/wp-json\/wp\/v2\/tags?post=2415"}],"curies":[{"name":"wp","href":"https:\/\/api.w.org\/{rel}","templated":true}]}}