{"id":2418,"date":"2024-09-29T13:00:21","date_gmt":"2024-09-29T19:00:21","guid":{"rendered":"https:\/\/www.nexoinformativo.mx\/?p=2418"},"modified":"2024-09-30T10:42:32","modified_gmt":"2024-09-30T16:42:32","slug":"luis-nava-presenta-la-subcomandancia-del-centro-historico-para-reforzar-la-seguridad","status":"publish","type":"post","link":"https:\/\/www.nexoinformativo.mx\/index.php\/2024\/09\/29\/luis-nava-presenta-la-subcomandancia-del-centro-historico-para-reforzar-la-seguridad\/","title":{"rendered":"Luis Nava presenta la Subcomandancia del Centro Hist\u00f3rico para reforzar la seguridad"},"content":{"rendered":"<p style=\"text-align: justify;\">El Presidente Municipal de Quer\u00e9taro, Luis Nava, present\u00f3 las nuevas instalaciones de la Subcomandancia Centro, que albergar\u00e1n la Regi\u00f3n I de la Guardia Municipal y la Direcci\u00f3n de Atenci\u00f3n a V\u00edctimas de Violencia Familiar y de G\u00e9nero. Con una inversi\u00f3n superior a los 100 millones de pesos para la construcci\u00f3n y 9 millones para el equipamiento, esta infraestructura mejorar\u00e1 la seguridad y calidad de vida en el Centro Hist\u00f3rico.<\/p>\n<p>&nbsp;<\/p>\n<p style=\"text-align: justify;\">Con m\u00e1s de 60 polic\u00edas y 29 veh\u00edculos asignados, la Subcomandancia permitir\u00e1 una respuesta m\u00e1s r\u00e1pida ante emergencias. Luis Nava destac\u00f3 que este proyecto es parte de una estrategia integral que deja una mejor infraestructura, tecnolog\u00eda de vanguardia y cuerpos policiales m\u00e1s capacitados.<\/p>\n<p>&nbsp;<\/p>\n<p style=\"text-align: justify;\">El Secretario de Seguridad P\u00fablica Municipal, Juan Luis Ferrusca Ortiz, se\u00f1al\u00f3 que estas instalaciones son reflejo del esfuerzo por mantener la paz y asegurar un entorno donde las familias puedan vivir tranquilamente.<\/p>\n<p>&nbsp;<\/p>\n<p style=\"text-align: justify;\">La Secretaria de Obras P\u00fablicas, Oriana L\u00f3pez Castillo, detall\u00f3 que el complejo cuenta con 3 niveles, incluyendo \u00e1reas de atenci\u00f3n especializada para v\u00edctimas de violencia, \u00e1reas m\u00e9dicas y l\u00fadicas, as\u00ed como espacios para la Guardia Municipal.<\/p>\n","protected":false},"excerpt":{"rendered":"<p>El Presidente Municipal de Quer\u00e9taro, Luis Nava, present\u00f3 las nuevas instalaciones de la Subcomandancia Centro, que albergar\u00e1n la Regi\u00f3n I de la Guardia Municipal y la Direcci\u00f3n de Atenci\u00f3n a V\u00edctimas de Violencia Familiar y de G\u00e9nero.<\/p>\n","protected":false},"author":3,"featured_media":2419,"comment_status":"open","ping_status":"open","sticky":false,"template":"","format":"standard","meta":{"footnotes":""},"categories":[65,58],"tags":[361,687,397,266],"class_list":["post-2418","post","type-post","status-publish","format-standard","has-post-thumbnail","hentry","category-municipios","category-ultima-hora","tag-atencionavictimas","tag-centrohistoricoqueretaro","tag-luisnava","tag-seguridadqueretaro"],"yoast_head":"<!-- This site is optimized with the Yoast SEO plugin v25.0 - https:\/\/yoast.com\/wordpress\/plugins\/seo\/ -->\n<title>Luis Nava presenta la Subcomandancia del Centro Hist\u00f3rico para reforzar la seguridad | Nexo Informativo Santiago de Quer\u00e9taro<\/title>\n<meta name=\"description\" content=\"Luis Nava presenta la Subcomandancia del Centro Hist\u00f3rico para reforzar la seguridad\" \/>\n<meta name=\"robots\" content=\"index, follow, max-snippet:-1, max-image-preview:large, max-video-preview:-1\" \/>\n<link rel=\"canonical\" href=\"https:\/\/www.nexoinformativo.mx\/index.php\/2024\/09\/29\/luis-nava-presenta-la-subcomandancia-del-centro-historico-para-reforzar-la-seguridad\/\" \/>\n<meta property=\"og:locale\" content=\"es_MX\" \/>\n<meta property=\"og:type\" content=\"article\" \/>\n<meta property=\"og:title\" content=\"Luis Nava presenta la Subcomandancia del Centro Hist\u00f3rico para reforzar la seguridad | Nexo Informativo Santiago de Quer\u00e9taro\" \/>\n<meta property=\"og:description\" content=\"Luis Nava presenta la Subcomandancia del Centro Hist\u00f3rico para reforzar la seguridad\" \/>\n<meta property=\"og:url\" content=\"https:\/\/www.nexoinformativo.mx\/index.php\/2024\/09\/29\/luis-nava-presenta-la-subcomandancia-del-centro-historico-para-reforzar-la-seguridad\/\" \/>\n<meta property=\"og:site_name\" content=\"Nexo Informativo Santiago de Quer\u00e9taro\" \/>\n<meta property=\"article:publisher\" content=\"https:\/\/www.facebook.com\/people\/Nexo-Informativo\/61564066885511\/\" \/>\n<meta property=\"article:published_time\" content=\"2024-09-29T19:00:21+00:00\" \/>\n<meta property=\"article:modified_time\" content=\"2024-09-30T16:42:32+00:00\" \/>\n<meta property=\"og:image\" content=\"https:\/\/www.nexoinformativo.mx\/wp-content\/uploads\/2024\/09\/unnamed-2-5-e1727714503882.jpg\" \/>\n\t<meta property=\"og:image:width\" content=\"800\" \/>\n\t<meta property=\"og:image:height\" content=\"533\" \/>\n\t<meta property=\"og:image:type\" content=\"image\/jpeg\" \/>\n<meta name=\"author\" content=\"Nexo Informativo\" \/>\n<meta name=\"twitter:card\" content=\"summary_large_image\" \/>\n<meta name=\"twitter:label1\" content=\"Escrito por\" \/>\n\t<meta name=\"twitter:data1\" content=\"Nexo Informativo\" \/>\n\t<meta name=\"twitter:label2\" content=\"Tiempo de lectura\" \/>\n\t<meta name=\"twitter:data2\" content=\"2 minutos\" \/>\n<script type=\"application\/ld+json\" class=\"yoast-schema-graph\">{\"@context\":\"https:\/\/schema.org\",\"@graph\":[{\"@type\":\"Article\",\"@id\":\"https:\/\/www.nexoinformativo.mx\/index.php\/2024\/09\/29\/luis-nava-presenta-la-subcomandancia-del-centro-historico-para-reforzar-la-seguridad\/#article\",\"isPartOf\":{\"@id\":\"https:\/\/www.nexoinformativo.mx\/index.php\/2024\/09\/29\/luis-nava-presenta-la-subcomandancia-del-centro-historico-para-reforzar-la-seguridad\/\"},\"author\":{\"name\":\"Nexo Informativo\",\"@id\":\"https:\/\/www.nexoinformativo.mx\/#\/schema\/person\/7749d380ba08c8ca00d7bc76fd907b7d\"},\"headline\":\"Luis Nava presenta la Subcomandancia del Centro Hist\u00f3rico para reforzar la seguridad\",\"datePublished\":\"2024-09-29T19:00:21+00:00\",\"dateModified\":\"2024-09-30T16:42:32+00:00\",\"mainEntityOfPage\":{\"@id\":\"https:\/\/www.nexoinformativo.mx\/index.php\/2024\/09\/29\/luis-nava-presenta-la-subcomandancia-del-centro-historico-para-reforzar-la-seguridad\/\"},\"wordCount\":216,\"commentCount\":0,\"publisher\":{\"@id\":\"https:\/\/www.nexoinformativo.mx\/#organization\"},\"image\":{\"@id\":\"https:\/\/www.nexoinformativo.mx\/index.php\/2024\/09\/29\/luis-nava-presenta-la-subcomandancia-del-centro-historico-para-reforzar-la-seguridad\/#primaryimage\"},\"thumbnailUrl\":\"https:\/\/www.nexoinformativo.mx\/wp-content\/uploads\/2024\/09\/unnamed-2-5-e1727714503882.jpg\",\"keywords\":[\"Atenci\u00f3nAV\u00edctimas\",\"CentroHist\u00f3ricoQuer\u00e9taro\",\"LuisNava\",\"SeguridadQueretaro\"],\"articleSection\":[\"Municipios\",\"\u00daltima Hora\"],\"inLanguage\":\"es\",\"potentialAction\":[{\"@type\":\"CommentAction\",\"name\":\"Comment\",\"target\":[\"https:\/\/www.nexoinformativo.mx\/index.php\/2024\/09\/29\/luis-nava-presenta-la-subcomandancia-del-centro-historico-para-reforzar-la-seguridad\/#respond\"]}]},{\"@type\":\"WebPage\",\"@id\":\"https:\/\/www.nexoinformativo.mx\/index.php\/2024\/09\/29\/luis-nava-presenta-la-subcomandancia-del-centro-historico-para-reforzar-la-seguridad\/\",\"url\":\"https:\/\/www.nexoinformativo.mx\/index.php\/2024\/09\/29\/luis-nava-presenta-la-subcomandancia-del-centro-historico-para-reforzar-la-seguridad\/\",\"name\":\"Luis Nava presenta la Subcomandancia del Centro Hist\u00f3rico para reforzar la seguridad | Nexo Informativo Santiago de Quer\u00e9taro\",\"isPartOf\":{\"@id\":\"https:\/\/www.nexoinformativo.mx\/#website\"},\"primaryImageOfPage\":{\"@id\":\"https:\/\/www.nexoinformativo.mx\/index.php\/2024\/09\/29\/luis-nava-presenta-la-subcomandancia-del-centro-historico-para-reforzar-la-seguridad\/#primaryimage\"},\"image\":{\"@id\":\"https:\/\/www.nexoinformativo.mx\/index.php\/2024\/09\/29\/luis-nava-presenta-la-subcomandancia-del-centro-historico-para-reforzar-la-seguridad\/#primaryimage\"},\"thumbnailUrl\":\"https:\/\/www.nexoinformativo.mx\/wp-content\/uploads\/2024\/09\/unnamed-2-5-e1727714503882.jpg\",\"datePublished\":\"2024-09-29T19:00:21+00:00\",\"dateModified\":\"2024-09-30T16:42:32+00:00\",\"description\":\"Luis Nava presenta la Subcomandancia del Centro Hist\u00f3rico para reforzar la seguridad\",\"breadcrumb\":{\"@id\":\"https:\/\/www.nexoinformativo.mx\/index.php\/2024\/09\/29\/luis-nava-presenta-la-subcomandancia-del-centro-historico-para-reforzar-la-seguridad\/#breadcrumb\"},\"inLanguage\":\"es\",\"potentialAction\":[{\"@type\":\"ReadAction\",\"target\":[\"https:\/\/www.nexoinformativo.mx\/index.php\/2024\/09\/29\/luis-nava-presenta-la-subcomandancia-del-centro-historico-para-reforzar-la-seguridad\/\"]}]},{\"@type\":\"ImageObject\",\"inLanguage\":\"es\",\"@id\":\"https:\/\/www.nexoinformativo.mx\/index.php\/2024\/09\/29\/luis-nava-presenta-la-subcomandancia-del-centro-historico-para-reforzar-la-seguridad\/#primaryimage\",\"url\":\"https:\/\/www.nexoinformativo.mx\/wp-content\/uploads\/2024\/09\/unnamed-2-5-e1727714503882.jpg\",\"contentUrl\":\"https:\/\/www.nexoinformativo.mx\/wp-content\/uploads\/2024\/09\/unnamed-2-5-e1727714503882.jpg\",\"width\":800,\"height\":533},{\"@type\":\"BreadcrumbList\",\"@id\":\"https:\/\/www.nexoinformativo.mx\/index.php\/2024\/09\/29\/luis-nava-presenta-la-subcomandancia-del-centro-historico-para-reforzar-la-seguridad\/#breadcrumb\",\"itemListElement\":[{\"@type\":\"ListItem\",\"position\":1,\"name\":\"Inicio\",\"item\":\"https:\/\/www.nexoinformativo.mx\/\"},{\"@type\":\"ListItem\",\"position\":2,\"name\":\"Luis Nava presenta la Subcomandancia del Centro Hist\u00f3rico para reforzar la seguridad\"}]},{\"@type\":\"WebSite\",\"@id\":\"https:\/\/www.nexoinformativo.mx\/#website\",\"url\":\"https:\/\/www.nexoinformativo.mx\/\",\"name\":\"Nexo Informativo Santiago de Quer\u00e9taro\",\"description\":\"Explora NexoInformativo y convi\u00e9rtete en parte de una comunidad que valora el conocimiento y la verdad. Tu nexoinformativo es tu puente hacia una comprensi\u00f3n m\u00e1s profunda del mundo que te rodea.\",\"publisher\":{\"@id\":\"https:\/\/www.nexoinformativo.mx\/#organization\"},\"potentialAction\":[{\"@type\":\"SearchAction\",\"target\":{\"@type\":\"EntryPoint\",\"urlTemplate\":\"https:\/\/www.nexoinformativo.mx\/?s={search_term_string}\"},\"query-input\":{\"@type\":\"PropertyValueSpecification\",\"valueRequired\":true,\"valueName\":\"search_term_string\"}}],\"inLanguage\":\"es\"},{\"@type\":\"Organization\",\"@id\":\"https:\/\/www.nexoinformativo.mx\/#organization\",\"name\":\"Nexo Informativo Santiago de Quer\u00e9taro\",\"url\":\"https:\/\/www.nexoinformativo.mx\/\",\"logo\":{\"@type\":\"ImageObject\",\"inLanguage\":\"es\",\"@id\":\"https:\/\/www.nexoinformativo.mx\/#\/schema\/logo\/image\/\",\"url\":\"https:\/\/www.nexoinformativo.mx\/wp-content\/uploads\/2024\/07\/nexoi-trasparente-2.png\",\"contentUrl\":\"https:\/\/www.nexoinformativo.mx\/wp-content\/uploads\/2024\/07\/nexoi-trasparente-2.png\",\"width\":816,\"height\":339,\"caption\":\"Nexo Informativo Santiago de Quer\u00e9taro\"},\"image\":{\"@id\":\"https:\/\/www.nexoinformativo.mx\/#\/schema\/logo\/image\/\"},\"sameAs\":[\"https:\/\/www.facebook.com\/people\/Nexo-Informativo\/61564066885511\/\"]},{\"@type\":\"Person\",\"@id\":\"https:\/\/www.nexoinformativo.mx\/#\/schema\/person\/7749d380ba08c8ca00d7bc76fd907b7d\",\"name\":\"Nexo Informativo\",\"image\":{\"@type\":\"ImageObject\",\"inLanguage\":\"es\",\"@id\":\"https:\/\/www.nexoinformativo.mx\/#\/schema\/person\/image\/\",\"url\":\"https:\/\/secure.gravatar.com\/avatar\/dde2928154642a13d95f87ddf1ea9718fe2b46760a005c53e41ff5ad610704e6?s=96&d=mm&r=g\",\"contentUrl\":\"https:\/\/secure.gravatar.com\/avatar\/dde2928154642a13d95f87ddf1ea9718fe2b46760a005c53e41ff5ad610704e6?s=96&d=mm&r=g\",\"caption\":\"Nexo Informativo\"},\"url\":\"https:\/\/www.nexoinformativo.mx\/index.php\/author\/edicion\/\"}]}<\/script>\n<!-- \/ Yoast SEO plugin. -->","yoast_head_json":{"title":"Luis Nava presenta la Subcomandancia del Centro Hist\u00f3rico para reforzar la seguridad | Nexo Informativo Santiago de Quer\u00e9taro","description":"Luis Nava presenta la Subcomandancia del Centro Hist\u00f3rico para reforzar la seguridad","robots":{"index":"index","follow":"follow","max-snippet":"max-snippet:-1","max-image-preview":"max-image-preview:large","max-video-preview":"max-video-preview:-1"},"canonical":"https:\/\/www.nexoinformativo.mx\/index.php\/2024\/09\/29\/luis-nava-presenta-la-subcomandancia-del-centro-historico-para-reforzar-la-seguridad\/","og_locale":"es_MX","og_type":"article","og_title":"Luis Nava presenta la Subcomandancia del Centro Hist\u00f3rico para reforzar la seguridad | Nexo Informativo Santiago de Quer\u00e9taro","og_description":"Luis Nava presenta la Subcomandancia del Centro Hist\u00f3rico para reforzar la seguridad","og_url":"https:\/\/www.nexoinformativo.mx\/index.php\/2024\/09\/29\/luis-nava-presenta-la-subcomandancia-del-centro-historico-para-reforzar-la-seguridad\/","og_site_name":"Nexo Informativo Santiago de Quer\u00e9taro","article_publisher":"https:\/\/www.facebook.com\/people\/Nexo-Informativo\/61564066885511\/","article_published_time":"2024-09-29T19:00:21+00:00","article_modified_time":"2024-09-30T16:42:32+00:00","og_image":[{"width":800,"height":533,"url":"https:\/\/www.nexoinformativo.mx\/wp-content\/uploads\/2024\/09\/unnamed-2-5-e1727714503882.jpg","type":"image\/jpeg"}],"author":"Nexo Informativo","twitter_card":"summary_large_image","twitter_misc":{"Escrito por":"Nexo Informativo","Tiempo de lectura":"2 minutos"},"schema":{"@context":"https:\/\/schema.org","@graph":[{"@type":"Article","@id":"https:\/\/www.nexoinformativo.mx\/index.php\/2024\/09\/29\/luis-nava-presenta-la-subcomandancia-del-centro-historico-para-reforzar-la-seguridad\/#article","isPartOf":{"@id":"https:\/\/www.nexoinformativo.mx\/index.php\/2024\/09\/29\/luis-nava-presenta-la-subcomandancia-del-centro-historico-para-reforzar-la-seguridad\/"},"author":{"name":"Nexo Informativo","@id":"https:\/\/www.nexoinformativo.mx\/#\/schema\/person\/7749d380ba08c8ca00d7bc76fd907b7d"},"headline":"Luis Nava presenta la Subcomandancia del Centro Hist\u00f3rico para reforzar la seguridad","datePublished":"2024-09-29T19:00:21+00:00","dateModified":"2024-09-30T16:42:32+00:00","mainEntityOfPage":{"@id":"https:\/\/www.nexoinformativo.mx\/index.php\/2024\/09\/29\/luis-nava-presenta-la-subcomandancia-del-centro-historico-para-reforzar-la-seguridad\/"},"wordCount":216,"commentCount":0,"publisher":{"@id":"https:\/\/www.nexoinformativo.mx\/#organization"},"image":{"@id":"https:\/\/www.nexoinformativo.mx\/index.php\/2024\/09\/29\/luis-nava-presenta-la-subcomandancia-del-centro-historico-para-reforzar-la-seguridad\/#primaryimage"},"thumbnailUrl":"https:\/\/www.nexoinformativo.mx\/wp-content\/uploads\/2024\/09\/unnamed-2-5-e1727714503882.jpg","keywords":["Atenci\u00f3nAV\u00edctimas","CentroHist\u00f3ricoQuer\u00e9taro","LuisNava","SeguridadQueretaro"],"articleSection":["Municipios","\u00daltima Hora"],"inLanguage":"es","potentialAction":[{"@type":"CommentAction","name":"Comment","target":["https:\/\/www.nexoinformativo.mx\/index.php\/2024\/09\/29\/luis-nava-presenta-la-subcomandancia-del-centro-historico-para-reforzar-la-seguridad\/#respond"]}]},{"@type":"WebPage","@id":"https:\/\/www.nexoinformativo.mx\/index.php\/2024\/09\/29\/luis-nava-presenta-la-subcomandancia-del-centro-historico-para-reforzar-la-seguridad\/","url":"https:\/\/www.nexoinformativo.mx\/index.php\/2024\/09\/29\/luis-nava-presenta-la-subcomandancia-del-centro-historico-para-reforzar-la-seguridad\/","name":"Luis Nava presenta la Subcomandancia del Centro Hist\u00f3rico para reforzar la seguridad | Nexo Informativo Santiago de Quer\u00e9taro","isPartOf":{"@id":"https:\/\/www.nexoinformativo.mx\/#website"},"primaryImageOfPage":{"@id":"https:\/\/www.nexoinformativo.mx\/index.php\/2024\/09\/29\/luis-nava-presenta-la-subcomandancia-del-centro-historico-para-reforzar-la-seguridad\/#primaryimage"},"image":{"@id":"https:\/\/www.nexoinformativo.mx\/index.php\/2024\/09\/29\/luis-nava-presenta-la-subcomandancia-del-centro-historico-para-reforzar-la-seguridad\/#primaryimage"},"thumbnailUrl":"https:\/\/www.nexoinformativo.mx\/wp-content\/uploads\/2024\/09\/unnamed-2-5-e1727714503882.jpg","datePublished":"2024-09-29T19:00:21+00:00","dateModified":"2024-09-30T16:42:32+00:00","description":"Luis Nava presenta la Subcomandancia del Centro Hist\u00f3rico para reforzar la seguridad","breadcrumb":{"@id":"https:\/\/www.nexoinformativo.mx\/index.php\/2024\/09\/29\/luis-nava-presenta-la-subcomandancia-del-centro-historico-para-reforzar-la-seguridad\/#breadcrumb"},"inLanguage":"es","potentialAction":[{"@type":"ReadAction","target":["https:\/\/www.nexoinformativo.mx\/index.php\/2024\/09\/29\/luis-nava-presenta-la-subcomandancia-del-centro-historico-para-reforzar-la-seguridad\/"]}]},{"@type":"ImageObject","inLanguage":"es","@id":"https:\/\/www.nexoinformativo.mx\/index.php\/2024\/09\/29\/luis-nava-presenta-la-subcomandancia-del-centro-historico-para-reforzar-la-seguridad\/#primaryimage","url":"https:\/\/www.nexoinformativo.mx\/wp-content\/uploads\/2024\/09\/unnamed-2-5-e1727714503882.jpg","contentUrl":"https:\/\/www.nexoinformativo.mx\/wp-content\/uploads\/2024\/09\/unnamed-2-5-e1727714503882.jpg","width":800,"height":533},{"@type":"BreadcrumbList","@id":"https:\/\/www.nexoinformativo.mx\/index.php\/2024\/09\/29\/luis-nava-presenta-la-subcomandancia-del-centro-historico-para-reforzar-la-seguridad\/#breadcrumb","itemListElement":[{"@type":"ListItem","position":1,"name":"Inicio","item":"https:\/\/www.nexoinformativo.mx\/"},{"@type":"ListItem","position":2,"name":"Luis Nava presenta la Subcomandancia del Centro Hist\u00f3rico para reforzar la seguridad"}]},{"@type":"WebSite","@id":"https:\/\/www.nexoinformativo.mx\/#website","url":"https:\/\/www.nexoinformativo.mx\/","name":"Nexo Informativo Santiago de Quer\u00e9taro","description":"Explora NexoInformativo y convi\u00e9rtete en parte de una comunidad que valora el conocimiento y la verdad. Tu nexoinformativo es tu puente hacia una comprensi\u00f3n m\u00e1s profunda del mundo que te rodea.","publisher":{"@id":"https:\/\/www.nexoinformativo.mx\/#organization"},"potentialAction":[{"@type":"SearchAction","target":{"@type":"EntryPoint","urlTemplate":"https:\/\/www.nexoinformativo.mx\/?s={search_term_string}"},"query-input":{"@type":"PropertyValueSpecification","valueRequired":true,"valueName":"search_term_string"}}],"inLanguage":"es"},{"@type":"Organization","@id":"https:\/\/www.nexoinformativo.mx\/#organization","name":"Nexo Informativo Santiago de Quer\u00e9taro","url":"https:\/\/www.nexoinformativo.mx\/","logo":{"@type":"ImageObject","inLanguage":"es","@id":"https:\/\/www.nexoinformativo.mx\/#\/schema\/logo\/image\/","url":"https:\/\/www.nexoinformativo.mx\/wp-content\/uploads\/2024\/07\/nexoi-trasparente-2.png","contentUrl":"https:\/\/www.nexoinformativo.mx\/wp-content\/uploads\/2024\/07\/nexoi-trasparente-2.png","width":816,"height":339,"caption":"Nexo Informativo Santiago de Quer\u00e9taro"},"image":{"@id":"https:\/\/www.nexoinformativo.mx\/#\/schema\/logo\/image\/"},"sameAs":["https:\/\/www.facebook.com\/people\/Nexo-Informativo\/61564066885511\/"]},{"@type":"Person","@id":"https:\/\/www.nexoinformativo.mx\/#\/schema\/person\/7749d380ba08c8ca00d7bc76fd907b7d","name":"Nexo Informativo","image":{"@type":"ImageObject","inLanguage":"es","@id":"https:\/\/www.nexoinformativo.mx\/#\/schema\/person\/image\/","url":"https:\/\/secure.gravatar.com\/avatar\/dde2928154642a13d95f87ddf1ea9718fe2b46760a005c53e41ff5ad610704e6?s=96&d=mm&r=g","contentUrl":"https:\/\/secure.gravatar.com\/avatar\/dde2928154642a13d95f87ddf1ea9718fe2b46760a005c53e41ff5ad610704e6?s=96&d=mm&r=g","caption":"Nexo Informativo"},"url":"https:\/\/www.nexoinformativo.mx\/index.php\/author\/edicion\/"}]}},"_links":{"self":[{"href":"https:\/\/www.nexoinformativo.mx\/index.php\/wp-json\/wp\/v2\/posts\/2418","targetHints":{"allow":["GET"]}}],"collection":[{"href":"https:\/\/www.nexoinformativo.mx\/index.php\/wp-json\/wp\/v2\/posts"}],"about":[{"href":"https:\/\/www.nexoinformativo.mx\/index.php\/wp-json\/wp\/v2\/types\/post"}],"author":[{"embeddable":true,"href":"https:\/\/www.nexoinformativo.mx\/index.php\/wp-json\/wp\/v2\/users\/3"}],"replies":[{"embeddable":true,"href":"https:\/\/www.nexoinformativo.mx\/index.php\/wp-json\/wp\/v2\/comments?post=2418"}],"version-history":[{"count":1,"href":"https:\/\/www.nexoinformativo.mx\/index.php\/wp-json\/wp\/v2\/posts\/2418\/revisions"}],"predecessor-version":[{"id":2420,"href":"https:\/\/www.nexoinformativo.mx\/index.php\/wp-json\/wp\/v2\/posts\/2418\/revisions\/2420"}],"wp:featuredmedia":[{"embeddable":true,"href":"https:\/\/www.nexoinformativo.mx\/index.php\/wp-json\/wp\/v2\/media\/2419"}],"wp:attachment":[{"href":"https:\/\/www.nexoinformativo.mx\/index.php\/wp-json\/wp\/v2\/media?parent=2418"}],"wp:term":[{"taxonomy":"category","embeddable":true,"href":"https:\/\/www.nexoinformativo.mx\/index.php\/wp-json\/wp\/v2\/categories?post=2418"},{"taxonomy":"post_tag","embeddable":true,"href":"https:\/\/www.nexoinformativo.mx\/index.php\/wp-json\/wp\/v2\/tags?post=2418"}],"curies":[{"name":"wp","href":"https:\/\/api.w.org\/{rel}","templated":true}]}}