{"id":2425,"date":"2024-09-30T10:00:35","date_gmt":"2024-09-30T16:00:35","guid":{"rendered":"https:\/\/www.nexoinformativo.mx\/?p=2425"},"modified":"2024-09-30T11:17:01","modified_gmt":"2024-09-30T17:17:01","slug":"claudia-martinez-supervisa-el-proyecto-de-videovigilancia-confianza-escolar-en-el-marques","status":"publish","type":"post","link":"https:\/\/www.nexoinformativo.mx\/index.php\/2024\/09\/30\/claudia-martinez-supervisa-el-proyecto-de-videovigilancia-confianza-escolar-en-el-marques\/","title":{"rendered":"Claudia Mart\u00ednez supervisa el proyecto de videovigilancia &#8220;Confianza Escolar&#8221; en El Marqu\u00e9s"},"content":{"rendered":"<p style=\"text-align: justify;\">La presidenta municipal de El Marqu\u00e9s, Claudia Mart\u00ednez Guevara, supervis\u00f3 el proyecto &#8220;Confianza Escolar&#8221;, que busca mejorar la seguridad en las escuelas de la localidad. Este plan ha implementado 30 sitios de monitoreo inteligente conectados directamente al C4, brindando vigilancia constante, comunicaci\u00f3n en dos v\u00edas y herramientas para inhibir delitos. Adem\u00e1s, el municipio cuenta con ocho arcos de seguridad digital y m\u00e1s de 100 lectores de placas, reforzando su capacidad para recuperar veh\u00edculos robados.<\/p>\n<p>&nbsp;<\/p>\n<p style=\"text-align: justify;\">Durante el recorrido por el Cobaq 31 en La Griega, Claudia Mart\u00ednez destac\u00f3 el compromiso de su administraci\u00f3n por mejorar la seguridad a trav\u00e9s de tecnolog\u00eda avanzada, en colaboraci\u00f3n con la Secretar\u00eda de Seguridad P\u00fablica y Tr\u00e1nsito Municipal (SSPyTM). Tambi\u00e9n se revis\u00f3 el Arco de Seguridad Digital Ciudad Maderas, conectado al C4, con lectores de placas y c\u00e1maras de videovigilancia para emitir alertas de b\u00fasqueda de personas.<\/p>\n<p>&nbsp;<\/p>\n<p style=\"text-align: justify;\">Mart\u00ednez subray\u00f3 que estas acciones contribuyen a mantener entornos seguros para las comunidades educativas y fortalecer la prevenci\u00f3n del delito en El Marqu\u00e9s.<\/p>\n","protected":false},"excerpt":{"rendered":"<p>La presidenta municipal de El Marqu\u00e9s, Claudia Mart\u00ednez Guevara, supervis\u00f3 el proyecto &#8220;Confianza Escolar&#8221;, que busca mejorar la seguridad en las escuelas de la localidad.<\/p>\n","protected":false},"author":3,"featured_media":2426,"comment_status":"open","ping_status":"open","sticky":false,"template":"","format":"standard","meta":{"footnotes":""},"categories":[65,58],"tags":[962,963,673,964],"class_list":["post-2425","post","type-post","status-publish","format-standard","has-post-thumbnail","hentry","category-municipios","category-ultima-hora","tag-claudiamartinez","tag-confianzaescolar","tag-seguridadescolar","tag-videovigilanciaelmarques"],"yoast_head":"<!-- This site is optimized with the Yoast SEO plugin v25.0 - https:\/\/yoast.com\/wordpress\/plugins\/seo\/ -->\n<title>Claudia Mart\u00ednez supervisa el proyecto de videovigilancia &quot;Confianza Escolar&quot; en El Marqu\u00e9s | Nexo Informativo Santiago de Quer\u00e9taro<\/title>\n<meta name=\"description\" content=\"Claudia Mart\u00ednez supervisa el proyecto de videovigilancia &quot;Confianza Escolar&quot; en El Marqu\u00e9s\" \/>\n<meta name=\"robots\" content=\"index, follow, max-snippet:-1, max-image-preview:large, max-video-preview:-1\" \/>\n<link rel=\"canonical\" href=\"https:\/\/www.nexoinformativo.mx\/index.php\/2024\/09\/30\/claudia-martinez-supervisa-el-proyecto-de-videovigilancia-confianza-escolar-en-el-marques\/\" \/>\n<meta property=\"og:locale\" content=\"es_MX\" \/>\n<meta property=\"og:type\" content=\"article\" \/>\n<meta property=\"og:title\" content=\"Claudia Mart\u00ednez supervisa el proyecto de videovigilancia &quot;Confianza Escolar&quot; en El Marqu\u00e9s | Nexo Informativo Santiago de Quer\u00e9taro\" \/>\n<meta property=\"og:description\" content=\"Claudia Mart\u00ednez supervisa el proyecto de videovigilancia &quot;Confianza Escolar&quot; en El Marqu\u00e9s\" \/>\n<meta property=\"og:url\" content=\"https:\/\/www.nexoinformativo.mx\/index.php\/2024\/09\/30\/claudia-martinez-supervisa-el-proyecto-de-videovigilancia-confianza-escolar-en-el-marques\/\" \/>\n<meta property=\"og:site_name\" content=\"Nexo Informativo Santiago de Quer\u00e9taro\" \/>\n<meta property=\"article:publisher\" content=\"https:\/\/www.facebook.com\/people\/Nexo-Informativo\/61564066885511\/\" \/>\n<meta property=\"article:published_time\" content=\"2024-09-30T16:00:35+00:00\" \/>\n<meta property=\"article:modified_time\" content=\"2024-09-30T17:17:01+00:00\" \/>\n<meta property=\"og:image\" content=\"https:\/\/www.nexoinformativo.mx\/wp-content\/uploads\/2024\/09\/unnamed-4-3-e1727716592685.jpg\" \/>\n\t<meta property=\"og:image:width\" content=\"800\" \/>\n\t<meta property=\"og:image:height\" content=\"534\" \/>\n\t<meta property=\"og:image:type\" content=\"image\/jpeg\" \/>\n<meta name=\"author\" content=\"Nexo Informativo\" \/>\n<meta name=\"twitter:card\" content=\"summary_large_image\" \/>\n<meta name=\"twitter:label1\" content=\"Escrito por\" \/>\n\t<meta name=\"twitter:data1\" content=\"Nexo Informativo\" \/>\n\t<meta name=\"twitter:label2\" content=\"Tiempo de lectura\" \/>\n\t<meta name=\"twitter:data2\" content=\"1 minuto\" \/>\n<script type=\"application\/ld+json\" class=\"yoast-schema-graph\">{\"@context\":\"https:\/\/schema.org\",\"@graph\":[{\"@type\":\"Article\",\"@id\":\"https:\/\/www.nexoinformativo.mx\/index.php\/2024\/09\/30\/claudia-martinez-supervisa-el-proyecto-de-videovigilancia-confianza-escolar-en-el-marques\/#article\",\"isPartOf\":{\"@id\":\"https:\/\/www.nexoinformativo.mx\/index.php\/2024\/09\/30\/claudia-martinez-supervisa-el-proyecto-de-videovigilancia-confianza-escolar-en-el-marques\/\"},\"author\":{\"name\":\"Nexo Informativo\",\"@id\":\"https:\/\/www.nexoinformativo.mx\/#\/schema\/person\/7749d380ba08c8ca00d7bc76fd907b7d\"},\"headline\":\"Claudia Mart\u00ednez supervisa el proyecto de videovigilancia &#8220;Confianza Escolar&#8221; en El Marqu\u00e9s\",\"datePublished\":\"2024-09-30T16:00:35+00:00\",\"dateModified\":\"2024-09-30T17:17:01+00:00\",\"mainEntityOfPage\":{\"@id\":\"https:\/\/www.nexoinformativo.mx\/index.php\/2024\/09\/30\/claudia-martinez-supervisa-el-proyecto-de-videovigilancia-confianza-escolar-en-el-marques\/\"},\"wordCount\":198,\"commentCount\":0,\"publisher\":{\"@id\":\"https:\/\/www.nexoinformativo.mx\/#organization\"},\"image\":{\"@id\":\"https:\/\/www.nexoinformativo.mx\/index.php\/2024\/09\/30\/claudia-martinez-supervisa-el-proyecto-de-videovigilancia-confianza-escolar-en-el-marques\/#primaryimage\"},\"thumbnailUrl\":\"https:\/\/www.nexoinformativo.mx\/wp-content\/uploads\/2024\/09\/unnamed-4-3-e1727716592685.jpg\",\"keywords\":[\"ClaudiaMart\u00ednez\",\"ConfianzaEscolar\",\"SeguridadEscolar\",\"VideovigilanciaElMarqu\u00e9s\"],\"articleSection\":[\"Municipios\",\"\u00daltima Hora\"],\"inLanguage\":\"es\",\"potentialAction\":[{\"@type\":\"CommentAction\",\"name\":\"Comment\",\"target\":[\"https:\/\/www.nexoinformativo.mx\/index.php\/2024\/09\/30\/claudia-martinez-supervisa-el-proyecto-de-videovigilancia-confianza-escolar-en-el-marques\/#respond\"]}]},{\"@type\":\"WebPage\",\"@id\":\"https:\/\/www.nexoinformativo.mx\/index.php\/2024\/09\/30\/claudia-martinez-supervisa-el-proyecto-de-videovigilancia-confianza-escolar-en-el-marques\/\",\"url\":\"https:\/\/www.nexoinformativo.mx\/index.php\/2024\/09\/30\/claudia-martinez-supervisa-el-proyecto-de-videovigilancia-confianza-escolar-en-el-marques\/\",\"name\":\"Claudia Mart\u00ednez supervisa el proyecto de videovigilancia \\\"Confianza Escolar\\\" en El Marqu\u00e9s | Nexo Informativo Santiago de Quer\u00e9taro\",\"isPartOf\":{\"@id\":\"https:\/\/www.nexoinformativo.mx\/#website\"},\"primaryImageOfPage\":{\"@id\":\"https:\/\/www.nexoinformativo.mx\/index.php\/2024\/09\/30\/claudia-martinez-supervisa-el-proyecto-de-videovigilancia-confianza-escolar-en-el-marques\/#primaryimage\"},\"image\":{\"@id\":\"https:\/\/www.nexoinformativo.mx\/index.php\/2024\/09\/30\/claudia-martinez-supervisa-el-proyecto-de-videovigilancia-confianza-escolar-en-el-marques\/#primaryimage\"},\"thumbnailUrl\":\"https:\/\/www.nexoinformativo.mx\/wp-content\/uploads\/2024\/09\/unnamed-4-3-e1727716592685.jpg\",\"datePublished\":\"2024-09-30T16:00:35+00:00\",\"dateModified\":\"2024-09-30T17:17:01+00:00\",\"description\":\"Claudia Mart\u00ednez supervisa el proyecto de videovigilancia \\\"Confianza Escolar\\\" en El Marqu\u00e9s\",\"breadcrumb\":{\"@id\":\"https:\/\/www.nexoinformativo.mx\/index.php\/2024\/09\/30\/claudia-martinez-supervisa-el-proyecto-de-videovigilancia-confianza-escolar-en-el-marques\/#breadcrumb\"},\"inLanguage\":\"es\",\"potentialAction\":[{\"@type\":\"ReadAction\",\"target\":[\"https:\/\/www.nexoinformativo.mx\/index.php\/2024\/09\/30\/claudia-martinez-supervisa-el-proyecto-de-videovigilancia-confianza-escolar-en-el-marques\/\"]}]},{\"@type\":\"ImageObject\",\"inLanguage\":\"es\",\"@id\":\"https:\/\/www.nexoinformativo.mx\/index.php\/2024\/09\/30\/claudia-martinez-supervisa-el-proyecto-de-videovigilancia-confianza-escolar-en-el-marques\/#primaryimage\",\"url\":\"https:\/\/www.nexoinformativo.mx\/wp-content\/uploads\/2024\/09\/unnamed-4-3-e1727716592685.jpg\",\"contentUrl\":\"https:\/\/www.nexoinformativo.mx\/wp-content\/uploads\/2024\/09\/unnamed-4-3-e1727716592685.jpg\",\"width\":800,\"height\":534},{\"@type\":\"BreadcrumbList\",\"@id\":\"https:\/\/www.nexoinformativo.mx\/index.php\/2024\/09\/30\/claudia-martinez-supervisa-el-proyecto-de-videovigilancia-confianza-escolar-en-el-marques\/#breadcrumb\",\"itemListElement\":[{\"@type\":\"ListItem\",\"position\":1,\"name\":\"Inicio\",\"item\":\"https:\/\/www.nexoinformativo.mx\/\"},{\"@type\":\"ListItem\",\"position\":2,\"name\":\"Claudia Mart\u00ednez supervisa el proyecto de videovigilancia &#8220;Confianza Escolar&#8221; en El Marqu\u00e9s\"}]},{\"@type\":\"WebSite\",\"@id\":\"https:\/\/www.nexoinformativo.mx\/#website\",\"url\":\"https:\/\/www.nexoinformativo.mx\/\",\"name\":\"Nexo Informativo Santiago de Quer\u00e9taro\",\"description\":\"Explora NexoInformativo y convi\u00e9rtete en parte de una comunidad que valora el conocimiento y la verdad. Tu nexoinformativo es tu puente hacia una comprensi\u00f3n m\u00e1s profunda del mundo que te rodea.\",\"publisher\":{\"@id\":\"https:\/\/www.nexoinformativo.mx\/#organization\"},\"potentialAction\":[{\"@type\":\"SearchAction\",\"target\":{\"@type\":\"EntryPoint\",\"urlTemplate\":\"https:\/\/www.nexoinformativo.mx\/?s={search_term_string}\"},\"query-input\":{\"@type\":\"PropertyValueSpecification\",\"valueRequired\":true,\"valueName\":\"search_term_string\"}}],\"inLanguage\":\"es\"},{\"@type\":\"Organization\",\"@id\":\"https:\/\/www.nexoinformativo.mx\/#organization\",\"name\":\"Nexo Informativo Santiago de Quer\u00e9taro\",\"url\":\"https:\/\/www.nexoinformativo.mx\/\",\"logo\":{\"@type\":\"ImageObject\",\"inLanguage\":\"es\",\"@id\":\"https:\/\/www.nexoinformativo.mx\/#\/schema\/logo\/image\/\",\"url\":\"https:\/\/www.nexoinformativo.mx\/wp-content\/uploads\/2024\/07\/nexoi-trasparente-2.png\",\"contentUrl\":\"https:\/\/www.nexoinformativo.mx\/wp-content\/uploads\/2024\/07\/nexoi-trasparente-2.png\",\"width\":816,\"height\":339,\"caption\":\"Nexo Informativo Santiago de Quer\u00e9taro\"},\"image\":{\"@id\":\"https:\/\/www.nexoinformativo.mx\/#\/schema\/logo\/image\/\"},\"sameAs\":[\"https:\/\/www.facebook.com\/people\/Nexo-Informativo\/61564066885511\/\"]},{\"@type\":\"Person\",\"@id\":\"https:\/\/www.nexoinformativo.mx\/#\/schema\/person\/7749d380ba08c8ca00d7bc76fd907b7d\",\"name\":\"Nexo Informativo\",\"image\":{\"@type\":\"ImageObject\",\"inLanguage\":\"es\",\"@id\":\"https:\/\/www.nexoinformativo.mx\/#\/schema\/person\/image\/\",\"url\":\"https:\/\/secure.gravatar.com\/avatar\/dde2928154642a13d95f87ddf1ea9718fe2b46760a005c53e41ff5ad610704e6?s=96&d=mm&r=g\",\"contentUrl\":\"https:\/\/secure.gravatar.com\/avatar\/dde2928154642a13d95f87ddf1ea9718fe2b46760a005c53e41ff5ad610704e6?s=96&d=mm&r=g\",\"caption\":\"Nexo Informativo\"},\"url\":\"https:\/\/www.nexoinformativo.mx\/index.php\/author\/edicion\/\"}]}<\/script>\n<!-- \/ Yoast SEO plugin. -->","yoast_head_json":{"title":"Claudia Mart\u00ednez supervisa el proyecto de videovigilancia \"Confianza Escolar\" en El Marqu\u00e9s | Nexo Informativo Santiago de Quer\u00e9taro","description":"Claudia Mart\u00ednez supervisa el proyecto de videovigilancia \"Confianza Escolar\" en El Marqu\u00e9s","robots":{"index":"index","follow":"follow","max-snippet":"max-snippet:-1","max-image-preview":"max-image-preview:large","max-video-preview":"max-video-preview:-1"},"canonical":"https:\/\/www.nexoinformativo.mx\/index.php\/2024\/09\/30\/claudia-martinez-supervisa-el-proyecto-de-videovigilancia-confianza-escolar-en-el-marques\/","og_locale":"es_MX","og_type":"article","og_title":"Claudia Mart\u00ednez supervisa el proyecto de videovigilancia \"Confianza Escolar\" en El Marqu\u00e9s | Nexo Informativo Santiago de Quer\u00e9taro","og_description":"Claudia Mart\u00ednez supervisa el proyecto de videovigilancia \"Confianza Escolar\" en El Marqu\u00e9s","og_url":"https:\/\/www.nexoinformativo.mx\/index.php\/2024\/09\/30\/claudia-martinez-supervisa-el-proyecto-de-videovigilancia-confianza-escolar-en-el-marques\/","og_site_name":"Nexo Informativo Santiago de Quer\u00e9taro","article_publisher":"https:\/\/www.facebook.com\/people\/Nexo-Informativo\/61564066885511\/","article_published_time":"2024-09-30T16:00:35+00:00","article_modified_time":"2024-09-30T17:17:01+00:00","og_image":[{"width":800,"height":534,"url":"https:\/\/www.nexoinformativo.mx\/wp-content\/uploads\/2024\/09\/unnamed-4-3-e1727716592685.jpg","type":"image\/jpeg"}],"author":"Nexo Informativo","twitter_card":"summary_large_image","twitter_misc":{"Escrito por":"Nexo Informativo","Tiempo de lectura":"1 minuto"},"schema":{"@context":"https:\/\/schema.org","@graph":[{"@type":"Article","@id":"https:\/\/www.nexoinformativo.mx\/index.php\/2024\/09\/30\/claudia-martinez-supervisa-el-proyecto-de-videovigilancia-confianza-escolar-en-el-marques\/#article","isPartOf":{"@id":"https:\/\/www.nexoinformativo.mx\/index.php\/2024\/09\/30\/claudia-martinez-supervisa-el-proyecto-de-videovigilancia-confianza-escolar-en-el-marques\/"},"author":{"name":"Nexo Informativo","@id":"https:\/\/www.nexoinformativo.mx\/#\/schema\/person\/7749d380ba08c8ca00d7bc76fd907b7d"},"headline":"Claudia Mart\u00ednez supervisa el proyecto de videovigilancia &#8220;Confianza Escolar&#8221; en El Marqu\u00e9s","datePublished":"2024-09-30T16:00:35+00:00","dateModified":"2024-09-30T17:17:01+00:00","mainEntityOfPage":{"@id":"https:\/\/www.nexoinformativo.mx\/index.php\/2024\/09\/30\/claudia-martinez-supervisa-el-proyecto-de-videovigilancia-confianza-escolar-en-el-marques\/"},"wordCount":198,"commentCount":0,"publisher":{"@id":"https:\/\/www.nexoinformativo.mx\/#organization"},"image":{"@id":"https:\/\/www.nexoinformativo.mx\/index.php\/2024\/09\/30\/claudia-martinez-supervisa-el-proyecto-de-videovigilancia-confianza-escolar-en-el-marques\/#primaryimage"},"thumbnailUrl":"https:\/\/www.nexoinformativo.mx\/wp-content\/uploads\/2024\/09\/unnamed-4-3-e1727716592685.jpg","keywords":["ClaudiaMart\u00ednez","ConfianzaEscolar","SeguridadEscolar","VideovigilanciaElMarqu\u00e9s"],"articleSection":["Municipios","\u00daltima Hora"],"inLanguage":"es","potentialAction":[{"@type":"CommentAction","name":"Comment","target":["https:\/\/www.nexoinformativo.mx\/index.php\/2024\/09\/30\/claudia-martinez-supervisa-el-proyecto-de-videovigilancia-confianza-escolar-en-el-marques\/#respond"]}]},{"@type":"WebPage","@id":"https:\/\/www.nexoinformativo.mx\/index.php\/2024\/09\/30\/claudia-martinez-supervisa-el-proyecto-de-videovigilancia-confianza-escolar-en-el-marques\/","url":"https:\/\/www.nexoinformativo.mx\/index.php\/2024\/09\/30\/claudia-martinez-supervisa-el-proyecto-de-videovigilancia-confianza-escolar-en-el-marques\/","name":"Claudia Mart\u00ednez supervisa el proyecto de videovigilancia \"Confianza Escolar\" en El Marqu\u00e9s | Nexo Informativo Santiago de Quer\u00e9taro","isPartOf":{"@id":"https:\/\/www.nexoinformativo.mx\/#website"},"primaryImageOfPage":{"@id":"https:\/\/www.nexoinformativo.mx\/index.php\/2024\/09\/30\/claudia-martinez-supervisa-el-proyecto-de-videovigilancia-confianza-escolar-en-el-marques\/#primaryimage"},"image":{"@id":"https:\/\/www.nexoinformativo.mx\/index.php\/2024\/09\/30\/claudia-martinez-supervisa-el-proyecto-de-videovigilancia-confianza-escolar-en-el-marques\/#primaryimage"},"thumbnailUrl":"https:\/\/www.nexoinformativo.mx\/wp-content\/uploads\/2024\/09\/unnamed-4-3-e1727716592685.jpg","datePublished":"2024-09-30T16:00:35+00:00","dateModified":"2024-09-30T17:17:01+00:00","description":"Claudia Mart\u00ednez supervisa el proyecto de videovigilancia \"Confianza Escolar\" en El Marqu\u00e9s","breadcrumb":{"@id":"https:\/\/www.nexoinformativo.mx\/index.php\/2024\/09\/30\/claudia-martinez-supervisa-el-proyecto-de-videovigilancia-confianza-escolar-en-el-marques\/#breadcrumb"},"inLanguage":"es","potentialAction":[{"@type":"ReadAction","target":["https:\/\/www.nexoinformativo.mx\/index.php\/2024\/09\/30\/claudia-martinez-supervisa-el-proyecto-de-videovigilancia-confianza-escolar-en-el-marques\/"]}]},{"@type":"ImageObject","inLanguage":"es","@id":"https:\/\/www.nexoinformativo.mx\/index.php\/2024\/09\/30\/claudia-martinez-supervisa-el-proyecto-de-videovigilancia-confianza-escolar-en-el-marques\/#primaryimage","url":"https:\/\/www.nexoinformativo.mx\/wp-content\/uploads\/2024\/09\/unnamed-4-3-e1727716592685.jpg","contentUrl":"https:\/\/www.nexoinformativo.mx\/wp-content\/uploads\/2024\/09\/unnamed-4-3-e1727716592685.jpg","width":800,"height":534},{"@type":"BreadcrumbList","@id":"https:\/\/www.nexoinformativo.mx\/index.php\/2024\/09\/30\/claudia-martinez-supervisa-el-proyecto-de-videovigilancia-confianza-escolar-en-el-marques\/#breadcrumb","itemListElement":[{"@type":"ListItem","position":1,"name":"Inicio","item":"https:\/\/www.nexoinformativo.mx\/"},{"@type":"ListItem","position":2,"name":"Claudia Mart\u00ednez supervisa el proyecto de videovigilancia &#8220;Confianza Escolar&#8221; en El Marqu\u00e9s"}]},{"@type":"WebSite","@id":"https:\/\/www.nexoinformativo.mx\/#website","url":"https:\/\/www.nexoinformativo.mx\/","name":"Nexo Informativo Santiago de Quer\u00e9taro","description":"Explora NexoInformativo y convi\u00e9rtete en parte de una comunidad que valora el conocimiento y la verdad. Tu nexoinformativo es tu puente hacia una comprensi\u00f3n m\u00e1s profunda del mundo que te rodea.","publisher":{"@id":"https:\/\/www.nexoinformativo.mx\/#organization"},"potentialAction":[{"@type":"SearchAction","target":{"@type":"EntryPoint","urlTemplate":"https:\/\/www.nexoinformativo.mx\/?s={search_term_string}"},"query-input":{"@type":"PropertyValueSpecification","valueRequired":true,"valueName":"search_term_string"}}],"inLanguage":"es"},{"@type":"Organization","@id":"https:\/\/www.nexoinformativo.mx\/#organization","name":"Nexo Informativo Santiago de Quer\u00e9taro","url":"https:\/\/www.nexoinformativo.mx\/","logo":{"@type":"ImageObject","inLanguage":"es","@id":"https:\/\/www.nexoinformativo.mx\/#\/schema\/logo\/image\/","url":"https:\/\/www.nexoinformativo.mx\/wp-content\/uploads\/2024\/07\/nexoi-trasparente-2.png","contentUrl":"https:\/\/www.nexoinformativo.mx\/wp-content\/uploads\/2024\/07\/nexoi-trasparente-2.png","width":816,"height":339,"caption":"Nexo Informativo Santiago de Quer\u00e9taro"},"image":{"@id":"https:\/\/www.nexoinformativo.mx\/#\/schema\/logo\/image\/"},"sameAs":["https:\/\/www.facebook.com\/people\/Nexo-Informativo\/61564066885511\/"]},{"@type":"Person","@id":"https:\/\/www.nexoinformativo.mx\/#\/schema\/person\/7749d380ba08c8ca00d7bc76fd907b7d","name":"Nexo Informativo","image":{"@type":"ImageObject","inLanguage":"es","@id":"https:\/\/www.nexoinformativo.mx\/#\/schema\/person\/image\/","url":"https:\/\/secure.gravatar.com\/avatar\/dde2928154642a13d95f87ddf1ea9718fe2b46760a005c53e41ff5ad610704e6?s=96&d=mm&r=g","contentUrl":"https:\/\/secure.gravatar.com\/avatar\/dde2928154642a13d95f87ddf1ea9718fe2b46760a005c53e41ff5ad610704e6?s=96&d=mm&r=g","caption":"Nexo Informativo"},"url":"https:\/\/www.nexoinformativo.mx\/index.php\/author\/edicion\/"}]}},"_links":{"self":[{"href":"https:\/\/www.nexoinformativo.mx\/index.php\/wp-json\/wp\/v2\/posts\/2425","targetHints":{"allow":["GET"]}}],"collection":[{"href":"https:\/\/www.nexoinformativo.mx\/index.php\/wp-json\/wp\/v2\/posts"}],"about":[{"href":"https:\/\/www.nexoinformativo.mx\/index.php\/wp-json\/wp\/v2\/types\/post"}],"author":[{"embeddable":true,"href":"https:\/\/www.nexoinformativo.mx\/index.php\/wp-json\/wp\/v2\/users\/3"}],"replies":[{"embeddable":true,"href":"https:\/\/www.nexoinformativo.mx\/index.php\/wp-json\/wp\/v2\/comments?post=2425"}],"version-history":[{"count":1,"href":"https:\/\/www.nexoinformativo.mx\/index.php\/wp-json\/wp\/v2\/posts\/2425\/revisions"}],"predecessor-version":[{"id":2427,"href":"https:\/\/www.nexoinformativo.mx\/index.php\/wp-json\/wp\/v2\/posts\/2425\/revisions\/2427"}],"wp:featuredmedia":[{"embeddable":true,"href":"https:\/\/www.nexoinformativo.mx\/index.php\/wp-json\/wp\/v2\/media\/2426"}],"wp:attachment":[{"href":"https:\/\/www.nexoinformativo.mx\/index.php\/wp-json\/wp\/v2\/media?parent=2425"}],"wp:term":[{"taxonomy":"category","embeddable":true,"href":"https:\/\/www.nexoinformativo.mx\/index.php\/wp-json\/wp\/v2\/categories?post=2425"},{"taxonomy":"post_tag","embeddable":true,"href":"https:\/\/www.nexoinformativo.mx\/index.php\/wp-json\/wp\/v2\/tags?post=2425"}],"curies":[{"name":"wp","href":"https:\/\/api.w.org\/{rel}","templated":true}]}}