{"id":2429,"date":"2024-09-30T09:00:53","date_gmt":"2024-09-30T15:00:53","guid":{"rendered":"https:\/\/www.nexoinformativo.mx\/?p=2429"},"modified":"2024-09-30T12:50:03","modified_gmt":"2024-09-30T18:50:03","slug":"queretaro-fortalece-combate-contra-el-trafico-de-armas-con-cooperacion-internacional","status":"publish","type":"post","link":"https:\/\/www.nexoinformativo.mx\/index.php\/2024\/09\/30\/queretaro-fortalece-combate-contra-el-trafico-de-armas-con-cooperacion-internacional\/","title":{"rendered":"Quer\u00e9taro fortalece combate contra el tr\u00e1fico de armas con cooperaci\u00f3n internacional"},"content":{"rendered":"<p style=\"text-align: justify;\">El gobernador de Quer\u00e9taro, Mauricio Kuri, subray\u00f3 la importancia de combatir el tr\u00e1fico de armas y drogas a trav\u00e9s de una estrategia conjunta con otros pa\u00edses. Durante una reuni\u00f3n con medios de comunicaci\u00f3n, destac\u00f3 la necesidad de actuar desde la fabricaci\u00f3n, distribuci\u00f3n, compra y venta de armamento, estableciendo alianzas con agencias internacionales de seguridad para mejorar la eficacia contra estos delitos.<\/p>\n<p>&nbsp;<\/p>\n<p style=\"text-align: justify;\">En su reciente gira de trabajo a Washington, D.C., Kuri se reuni\u00f3 con representantes de la Agencia de Alcohol, Tabaco, Armas de Fuego y Explosivos <strong>(ATF)<\/strong> de Estados Unidos. Durante el encuentro, intercambiaron informaci\u00f3n y mejores pr\u00e1cticas para reforzar la seguridad en Quer\u00e9taro.<\/p>\n<p>&nbsp;<\/p>\n<p style=\"text-align: justify;\">La operaci\u00f3n resultante abarc\u00f3 seis estados de M\u00e9xico y permiti\u00f3 la detenci\u00f3n de 12 personas, tres de ellas en Quer\u00e9taro, as\u00ed como el aseguramiento de 179 armas. Este esfuerzo consolid\u00f3 la relaci\u00f3n entre el Gobierno de Quer\u00e9taro y la ATF, quienes reconocieron la labor del estado en la lucha contra el tr\u00e1fico de armas, catalog\u00e1ndolo como un aliado estrat\u00e9gico.<\/p>\n<p>&nbsp;<\/p>\n<p style=\"text-align: justify;\">Como resultado, se formaliz\u00f3 un convenio de colaboraci\u00f3n con la ATF que abarca el intercambio de informaci\u00f3n, equipo, buenas pr\u00e1cticas y la profesionalizaci\u00f3n del personal de seguridad. Adem\u00e1s, se anunci\u00f3 la realizaci\u00f3n del Congreso Internacional de Grupos T\u00e1cticos en Quer\u00e9taro el pr\u00f3ximo 7 de octubre, un evento al que asistir\u00e1n agencias de seguridad internacionales y funcionarios de 17 estados para discutir temas de capacitaci\u00f3n.<\/p>\n","protected":false},"excerpt":{"rendered":"<p>El gobernador de Quer\u00e9taro, Mauricio Kuri, subray\u00f3 la importancia de combatir el tr\u00e1fico de armas y drogas a trav\u00e9s de una estrategia conjunta con otros pa\u00edses.<\/p>\n","protected":false},"author":3,"featured_media":2432,"comment_status":"open","ping_status":"open","sticky":false,"template":"","format":"standard","meta":{"footnotes":""},"categories":[42,58],"tags":[478,966,965,266],"class_list":["post-2429","post","type-post","status-publish","format-standard","has-post-thumbnail","hentry","category-estado","category-ultima-hora","tag-colaboracioninternacional","tag-congresogrupostacticos","tag-luchacontraeltraficodearmas","tag-seguridadqueretaro"],"yoast_head":"<!-- This site is optimized with the Yoast SEO plugin v25.0 - https:\/\/yoast.com\/wordpress\/plugins\/seo\/ -->\n<title>Quer\u00e9taro fortalece combate contra el tr\u00e1fico de armas con cooperaci\u00f3n internacional | Nexo Informativo Santiago de Quer\u00e9taro<\/title>\n<meta name=\"description\" content=\"Quer\u00e9taro fortalece combate contra el tr\u00e1fico de armas con cooperaci\u00f3n internacional\" \/>\n<meta name=\"robots\" content=\"index, follow, max-snippet:-1, max-image-preview:large, max-video-preview:-1\" \/>\n<link rel=\"canonical\" href=\"https:\/\/www.nexoinformativo.mx\/index.php\/2024\/09\/30\/queretaro-fortalece-combate-contra-el-trafico-de-armas-con-cooperacion-internacional\/\" \/>\n<meta property=\"og:locale\" content=\"es_MX\" \/>\n<meta property=\"og:type\" content=\"article\" \/>\n<meta property=\"og:title\" content=\"Quer\u00e9taro fortalece combate contra el tr\u00e1fico de armas con cooperaci\u00f3n internacional | Nexo Informativo Santiago de Quer\u00e9taro\" \/>\n<meta property=\"og:description\" content=\"Quer\u00e9taro fortalece combate contra el tr\u00e1fico de armas con cooperaci\u00f3n internacional\" \/>\n<meta property=\"og:url\" content=\"https:\/\/www.nexoinformativo.mx\/index.php\/2024\/09\/30\/queretaro-fortalece-combate-contra-el-trafico-de-armas-con-cooperacion-internacional\/\" \/>\n<meta property=\"og:site_name\" content=\"Nexo Informativo Santiago de Quer\u00e9taro\" \/>\n<meta property=\"article:publisher\" content=\"https:\/\/www.facebook.com\/people\/Nexo-Informativo\/61564066885511\/\" \/>\n<meta property=\"article:published_time\" content=\"2024-09-30T15:00:53+00:00\" \/>\n<meta property=\"article:modified_time\" content=\"2024-09-30T18:50:03+00:00\" \/>\n<meta property=\"og:image\" content=\"https:\/\/www.nexoinformativo.mx\/wp-content\/uploads\/2024\/09\/IMG-20240930-WA0080-e1727722190122.jpg\" \/>\n\t<meta property=\"og:image:width\" content=\"800\" \/>\n\t<meta property=\"og:image:height\" content=\"600\" \/>\n\t<meta property=\"og:image:type\" content=\"image\/jpeg\" \/>\n<meta name=\"author\" content=\"Nexo Informativo\" \/>\n<meta name=\"twitter:card\" content=\"summary_large_image\" \/>\n<meta name=\"twitter:label1\" content=\"Escrito por\" \/>\n\t<meta name=\"twitter:data1\" content=\"Nexo Informativo\" \/>\n\t<meta name=\"twitter:label2\" content=\"Tiempo de lectura\" \/>\n\t<meta name=\"twitter:data2\" content=\"2 minutos\" \/>\n<script type=\"application\/ld+json\" class=\"yoast-schema-graph\">{\"@context\":\"https:\/\/schema.org\",\"@graph\":[{\"@type\":\"Article\",\"@id\":\"https:\/\/www.nexoinformativo.mx\/index.php\/2024\/09\/30\/queretaro-fortalece-combate-contra-el-trafico-de-armas-con-cooperacion-internacional\/#article\",\"isPartOf\":{\"@id\":\"https:\/\/www.nexoinformativo.mx\/index.php\/2024\/09\/30\/queretaro-fortalece-combate-contra-el-trafico-de-armas-con-cooperacion-internacional\/\"},\"author\":{\"name\":\"Nexo Informativo\",\"@id\":\"https:\/\/www.nexoinformativo.mx\/#\/schema\/person\/7749d380ba08c8ca00d7bc76fd907b7d\"},\"headline\":\"Quer\u00e9taro fortalece combate contra el tr\u00e1fico de armas con cooperaci\u00f3n internacional\",\"datePublished\":\"2024-09-30T15:00:53+00:00\",\"dateModified\":\"2024-09-30T18:50:03+00:00\",\"mainEntityOfPage\":{\"@id\":\"https:\/\/www.nexoinformativo.mx\/index.php\/2024\/09\/30\/queretaro-fortalece-combate-contra-el-trafico-de-armas-con-cooperacion-internacional\/\"},\"wordCount\":272,\"commentCount\":0,\"publisher\":{\"@id\":\"https:\/\/www.nexoinformativo.mx\/#organization\"},\"image\":{\"@id\":\"https:\/\/www.nexoinformativo.mx\/index.php\/2024\/09\/30\/queretaro-fortalece-combate-contra-el-trafico-de-armas-con-cooperacion-internacional\/#primaryimage\"},\"thumbnailUrl\":\"https:\/\/www.nexoinformativo.mx\/wp-content\/uploads\/2024\/09\/IMG-20240930-WA0080-e1727722190122.jpg\",\"keywords\":[\"Colaboraci\u00f3nInternacional\",\"CongresoGruposT\u00e1cticos\",\"LuchaContraElTr\u00e1ficoDeArmas\",\"SeguridadQueretaro\"],\"articleSection\":[\"Estado\",\"\u00daltima Hora\"],\"inLanguage\":\"es\",\"potentialAction\":[{\"@type\":\"CommentAction\",\"name\":\"Comment\",\"target\":[\"https:\/\/www.nexoinformativo.mx\/index.php\/2024\/09\/30\/queretaro-fortalece-combate-contra-el-trafico-de-armas-con-cooperacion-internacional\/#respond\"]}]},{\"@type\":\"WebPage\",\"@id\":\"https:\/\/www.nexoinformativo.mx\/index.php\/2024\/09\/30\/queretaro-fortalece-combate-contra-el-trafico-de-armas-con-cooperacion-internacional\/\",\"url\":\"https:\/\/www.nexoinformativo.mx\/index.php\/2024\/09\/30\/queretaro-fortalece-combate-contra-el-trafico-de-armas-con-cooperacion-internacional\/\",\"name\":\"Quer\u00e9taro fortalece combate contra el tr\u00e1fico de armas con cooperaci\u00f3n internacional | Nexo Informativo Santiago de Quer\u00e9taro\",\"isPartOf\":{\"@id\":\"https:\/\/www.nexoinformativo.mx\/#website\"},\"primaryImageOfPage\":{\"@id\":\"https:\/\/www.nexoinformativo.mx\/index.php\/2024\/09\/30\/queretaro-fortalece-combate-contra-el-trafico-de-armas-con-cooperacion-internacional\/#primaryimage\"},\"image\":{\"@id\":\"https:\/\/www.nexoinformativo.mx\/index.php\/2024\/09\/30\/queretaro-fortalece-combate-contra-el-trafico-de-armas-con-cooperacion-internacional\/#primaryimage\"},\"thumbnailUrl\":\"https:\/\/www.nexoinformativo.mx\/wp-content\/uploads\/2024\/09\/IMG-20240930-WA0080-e1727722190122.jpg\",\"datePublished\":\"2024-09-30T15:00:53+00:00\",\"dateModified\":\"2024-09-30T18:50:03+00:00\",\"description\":\"Quer\u00e9taro fortalece combate contra el tr\u00e1fico de armas con cooperaci\u00f3n internacional\",\"breadcrumb\":{\"@id\":\"https:\/\/www.nexoinformativo.mx\/index.php\/2024\/09\/30\/queretaro-fortalece-combate-contra-el-trafico-de-armas-con-cooperacion-internacional\/#breadcrumb\"},\"inLanguage\":\"es\",\"potentialAction\":[{\"@type\":\"ReadAction\",\"target\":[\"https:\/\/www.nexoinformativo.mx\/index.php\/2024\/09\/30\/queretaro-fortalece-combate-contra-el-trafico-de-armas-con-cooperacion-internacional\/\"]}]},{\"@type\":\"ImageObject\",\"inLanguage\":\"es\",\"@id\":\"https:\/\/www.nexoinformativo.mx\/index.php\/2024\/09\/30\/queretaro-fortalece-combate-contra-el-trafico-de-armas-con-cooperacion-internacional\/#primaryimage\",\"url\":\"https:\/\/www.nexoinformativo.mx\/wp-content\/uploads\/2024\/09\/IMG-20240930-WA0080-e1727722190122.jpg\",\"contentUrl\":\"https:\/\/www.nexoinformativo.mx\/wp-content\/uploads\/2024\/09\/IMG-20240930-WA0080-e1727722190122.jpg\",\"width\":800,\"height\":600},{\"@type\":\"BreadcrumbList\",\"@id\":\"https:\/\/www.nexoinformativo.mx\/index.php\/2024\/09\/30\/queretaro-fortalece-combate-contra-el-trafico-de-armas-con-cooperacion-internacional\/#breadcrumb\",\"itemListElement\":[{\"@type\":\"ListItem\",\"position\":1,\"name\":\"Inicio\",\"item\":\"https:\/\/www.nexoinformativo.mx\/\"},{\"@type\":\"ListItem\",\"position\":2,\"name\":\"Quer\u00e9taro fortalece combate contra el tr\u00e1fico de armas con cooperaci\u00f3n internacional\"}]},{\"@type\":\"WebSite\",\"@id\":\"https:\/\/www.nexoinformativo.mx\/#website\",\"url\":\"https:\/\/www.nexoinformativo.mx\/\",\"name\":\"Nexo Informativo Santiago de Quer\u00e9taro\",\"description\":\"Explora NexoInformativo y convi\u00e9rtete en parte de una comunidad que valora el conocimiento y la verdad. Tu nexoinformativo es tu puente hacia una comprensi\u00f3n m\u00e1s profunda del mundo que te rodea.\",\"publisher\":{\"@id\":\"https:\/\/www.nexoinformativo.mx\/#organization\"},\"potentialAction\":[{\"@type\":\"SearchAction\",\"target\":{\"@type\":\"EntryPoint\",\"urlTemplate\":\"https:\/\/www.nexoinformativo.mx\/?s={search_term_string}\"},\"query-input\":{\"@type\":\"PropertyValueSpecification\",\"valueRequired\":true,\"valueName\":\"search_term_string\"}}],\"inLanguage\":\"es\"},{\"@type\":\"Organization\",\"@id\":\"https:\/\/www.nexoinformativo.mx\/#organization\",\"name\":\"Nexo Informativo Santiago de Quer\u00e9taro\",\"url\":\"https:\/\/www.nexoinformativo.mx\/\",\"logo\":{\"@type\":\"ImageObject\",\"inLanguage\":\"es\",\"@id\":\"https:\/\/www.nexoinformativo.mx\/#\/schema\/logo\/image\/\",\"url\":\"https:\/\/www.nexoinformativo.mx\/wp-content\/uploads\/2024\/07\/nexoi-trasparente-2.png\",\"contentUrl\":\"https:\/\/www.nexoinformativo.mx\/wp-content\/uploads\/2024\/07\/nexoi-trasparente-2.png\",\"width\":816,\"height\":339,\"caption\":\"Nexo Informativo Santiago de Quer\u00e9taro\"},\"image\":{\"@id\":\"https:\/\/www.nexoinformativo.mx\/#\/schema\/logo\/image\/\"},\"sameAs\":[\"https:\/\/www.facebook.com\/people\/Nexo-Informativo\/61564066885511\/\"]},{\"@type\":\"Person\",\"@id\":\"https:\/\/www.nexoinformativo.mx\/#\/schema\/person\/7749d380ba08c8ca00d7bc76fd907b7d\",\"name\":\"Nexo Informativo\",\"image\":{\"@type\":\"ImageObject\",\"inLanguage\":\"es\",\"@id\":\"https:\/\/www.nexoinformativo.mx\/#\/schema\/person\/image\/\",\"url\":\"https:\/\/secure.gravatar.com\/avatar\/dde2928154642a13d95f87ddf1ea9718fe2b46760a005c53e41ff5ad610704e6?s=96&d=mm&r=g\",\"contentUrl\":\"https:\/\/secure.gravatar.com\/avatar\/dde2928154642a13d95f87ddf1ea9718fe2b46760a005c53e41ff5ad610704e6?s=96&d=mm&r=g\",\"caption\":\"Nexo Informativo\"},\"url\":\"https:\/\/www.nexoinformativo.mx\/index.php\/author\/edicion\/\"}]}<\/script>\n<!-- \/ Yoast SEO plugin. -->","yoast_head_json":{"title":"Quer\u00e9taro fortalece combate contra el tr\u00e1fico de armas con cooperaci\u00f3n internacional | Nexo Informativo Santiago de Quer\u00e9taro","description":"Quer\u00e9taro fortalece combate contra el tr\u00e1fico de armas con cooperaci\u00f3n internacional","robots":{"index":"index","follow":"follow","max-snippet":"max-snippet:-1","max-image-preview":"max-image-preview:large","max-video-preview":"max-video-preview:-1"},"canonical":"https:\/\/www.nexoinformativo.mx\/index.php\/2024\/09\/30\/queretaro-fortalece-combate-contra-el-trafico-de-armas-con-cooperacion-internacional\/","og_locale":"es_MX","og_type":"article","og_title":"Quer\u00e9taro fortalece combate contra el tr\u00e1fico de armas con cooperaci\u00f3n internacional | Nexo Informativo Santiago de Quer\u00e9taro","og_description":"Quer\u00e9taro fortalece combate contra el tr\u00e1fico de armas con cooperaci\u00f3n internacional","og_url":"https:\/\/www.nexoinformativo.mx\/index.php\/2024\/09\/30\/queretaro-fortalece-combate-contra-el-trafico-de-armas-con-cooperacion-internacional\/","og_site_name":"Nexo Informativo Santiago de Quer\u00e9taro","article_publisher":"https:\/\/www.facebook.com\/people\/Nexo-Informativo\/61564066885511\/","article_published_time":"2024-09-30T15:00:53+00:00","article_modified_time":"2024-09-30T18:50:03+00:00","og_image":[{"width":800,"height":600,"url":"https:\/\/www.nexoinformativo.mx\/wp-content\/uploads\/2024\/09\/IMG-20240930-WA0080-e1727722190122.jpg","type":"image\/jpeg"}],"author":"Nexo Informativo","twitter_card":"summary_large_image","twitter_misc":{"Escrito por":"Nexo Informativo","Tiempo de lectura":"2 minutos"},"schema":{"@context":"https:\/\/schema.org","@graph":[{"@type":"Article","@id":"https:\/\/www.nexoinformativo.mx\/index.php\/2024\/09\/30\/queretaro-fortalece-combate-contra-el-trafico-de-armas-con-cooperacion-internacional\/#article","isPartOf":{"@id":"https:\/\/www.nexoinformativo.mx\/index.php\/2024\/09\/30\/queretaro-fortalece-combate-contra-el-trafico-de-armas-con-cooperacion-internacional\/"},"author":{"name":"Nexo Informativo","@id":"https:\/\/www.nexoinformativo.mx\/#\/schema\/person\/7749d380ba08c8ca00d7bc76fd907b7d"},"headline":"Quer\u00e9taro fortalece combate contra el tr\u00e1fico de armas con cooperaci\u00f3n internacional","datePublished":"2024-09-30T15:00:53+00:00","dateModified":"2024-09-30T18:50:03+00:00","mainEntityOfPage":{"@id":"https:\/\/www.nexoinformativo.mx\/index.php\/2024\/09\/30\/queretaro-fortalece-combate-contra-el-trafico-de-armas-con-cooperacion-internacional\/"},"wordCount":272,"commentCount":0,"publisher":{"@id":"https:\/\/www.nexoinformativo.mx\/#organization"},"image":{"@id":"https:\/\/www.nexoinformativo.mx\/index.php\/2024\/09\/30\/queretaro-fortalece-combate-contra-el-trafico-de-armas-con-cooperacion-internacional\/#primaryimage"},"thumbnailUrl":"https:\/\/www.nexoinformativo.mx\/wp-content\/uploads\/2024\/09\/IMG-20240930-WA0080-e1727722190122.jpg","keywords":["Colaboraci\u00f3nInternacional","CongresoGruposT\u00e1cticos","LuchaContraElTr\u00e1ficoDeArmas","SeguridadQueretaro"],"articleSection":["Estado","\u00daltima Hora"],"inLanguage":"es","potentialAction":[{"@type":"CommentAction","name":"Comment","target":["https:\/\/www.nexoinformativo.mx\/index.php\/2024\/09\/30\/queretaro-fortalece-combate-contra-el-trafico-de-armas-con-cooperacion-internacional\/#respond"]}]},{"@type":"WebPage","@id":"https:\/\/www.nexoinformativo.mx\/index.php\/2024\/09\/30\/queretaro-fortalece-combate-contra-el-trafico-de-armas-con-cooperacion-internacional\/","url":"https:\/\/www.nexoinformativo.mx\/index.php\/2024\/09\/30\/queretaro-fortalece-combate-contra-el-trafico-de-armas-con-cooperacion-internacional\/","name":"Quer\u00e9taro fortalece combate contra el tr\u00e1fico de armas con cooperaci\u00f3n internacional | Nexo Informativo Santiago de Quer\u00e9taro","isPartOf":{"@id":"https:\/\/www.nexoinformativo.mx\/#website"},"primaryImageOfPage":{"@id":"https:\/\/www.nexoinformativo.mx\/index.php\/2024\/09\/30\/queretaro-fortalece-combate-contra-el-trafico-de-armas-con-cooperacion-internacional\/#primaryimage"},"image":{"@id":"https:\/\/www.nexoinformativo.mx\/index.php\/2024\/09\/30\/queretaro-fortalece-combate-contra-el-trafico-de-armas-con-cooperacion-internacional\/#primaryimage"},"thumbnailUrl":"https:\/\/www.nexoinformativo.mx\/wp-content\/uploads\/2024\/09\/IMG-20240930-WA0080-e1727722190122.jpg","datePublished":"2024-09-30T15:00:53+00:00","dateModified":"2024-09-30T18:50:03+00:00","description":"Quer\u00e9taro fortalece combate contra el tr\u00e1fico de armas con cooperaci\u00f3n internacional","breadcrumb":{"@id":"https:\/\/www.nexoinformativo.mx\/index.php\/2024\/09\/30\/queretaro-fortalece-combate-contra-el-trafico-de-armas-con-cooperacion-internacional\/#breadcrumb"},"inLanguage":"es","potentialAction":[{"@type":"ReadAction","target":["https:\/\/www.nexoinformativo.mx\/index.php\/2024\/09\/30\/queretaro-fortalece-combate-contra-el-trafico-de-armas-con-cooperacion-internacional\/"]}]},{"@type":"ImageObject","inLanguage":"es","@id":"https:\/\/www.nexoinformativo.mx\/index.php\/2024\/09\/30\/queretaro-fortalece-combate-contra-el-trafico-de-armas-con-cooperacion-internacional\/#primaryimage","url":"https:\/\/www.nexoinformativo.mx\/wp-content\/uploads\/2024\/09\/IMG-20240930-WA0080-e1727722190122.jpg","contentUrl":"https:\/\/www.nexoinformativo.mx\/wp-content\/uploads\/2024\/09\/IMG-20240930-WA0080-e1727722190122.jpg","width":800,"height":600},{"@type":"BreadcrumbList","@id":"https:\/\/www.nexoinformativo.mx\/index.php\/2024\/09\/30\/queretaro-fortalece-combate-contra-el-trafico-de-armas-con-cooperacion-internacional\/#breadcrumb","itemListElement":[{"@type":"ListItem","position":1,"name":"Inicio","item":"https:\/\/www.nexoinformativo.mx\/"},{"@type":"ListItem","position":2,"name":"Quer\u00e9taro fortalece combate contra el tr\u00e1fico de armas con cooperaci\u00f3n internacional"}]},{"@type":"WebSite","@id":"https:\/\/www.nexoinformativo.mx\/#website","url":"https:\/\/www.nexoinformativo.mx\/","name":"Nexo Informativo Santiago de Quer\u00e9taro","description":"Explora NexoInformativo y convi\u00e9rtete en parte de una comunidad que valora el conocimiento y la verdad. Tu nexoinformativo es tu puente hacia una comprensi\u00f3n m\u00e1s profunda del mundo que te rodea.","publisher":{"@id":"https:\/\/www.nexoinformativo.mx\/#organization"},"potentialAction":[{"@type":"SearchAction","target":{"@type":"EntryPoint","urlTemplate":"https:\/\/www.nexoinformativo.mx\/?s={search_term_string}"},"query-input":{"@type":"PropertyValueSpecification","valueRequired":true,"valueName":"search_term_string"}}],"inLanguage":"es"},{"@type":"Organization","@id":"https:\/\/www.nexoinformativo.mx\/#organization","name":"Nexo Informativo Santiago de Quer\u00e9taro","url":"https:\/\/www.nexoinformativo.mx\/","logo":{"@type":"ImageObject","inLanguage":"es","@id":"https:\/\/www.nexoinformativo.mx\/#\/schema\/logo\/image\/","url":"https:\/\/www.nexoinformativo.mx\/wp-content\/uploads\/2024\/07\/nexoi-trasparente-2.png","contentUrl":"https:\/\/www.nexoinformativo.mx\/wp-content\/uploads\/2024\/07\/nexoi-trasparente-2.png","width":816,"height":339,"caption":"Nexo Informativo Santiago de Quer\u00e9taro"},"image":{"@id":"https:\/\/www.nexoinformativo.mx\/#\/schema\/logo\/image\/"},"sameAs":["https:\/\/www.facebook.com\/people\/Nexo-Informativo\/61564066885511\/"]},{"@type":"Person","@id":"https:\/\/www.nexoinformativo.mx\/#\/schema\/person\/7749d380ba08c8ca00d7bc76fd907b7d","name":"Nexo Informativo","image":{"@type":"ImageObject","inLanguage":"es","@id":"https:\/\/www.nexoinformativo.mx\/#\/schema\/person\/image\/","url":"https:\/\/secure.gravatar.com\/avatar\/dde2928154642a13d95f87ddf1ea9718fe2b46760a005c53e41ff5ad610704e6?s=96&d=mm&r=g","contentUrl":"https:\/\/secure.gravatar.com\/avatar\/dde2928154642a13d95f87ddf1ea9718fe2b46760a005c53e41ff5ad610704e6?s=96&d=mm&r=g","caption":"Nexo Informativo"},"url":"https:\/\/www.nexoinformativo.mx\/index.php\/author\/edicion\/"}]}},"_links":{"self":[{"href":"https:\/\/www.nexoinformativo.mx\/index.php\/wp-json\/wp\/v2\/posts\/2429","targetHints":{"allow":["GET"]}}],"collection":[{"href":"https:\/\/www.nexoinformativo.mx\/index.php\/wp-json\/wp\/v2\/posts"}],"about":[{"href":"https:\/\/www.nexoinformativo.mx\/index.php\/wp-json\/wp\/v2\/types\/post"}],"author":[{"embeddable":true,"href":"https:\/\/www.nexoinformativo.mx\/index.php\/wp-json\/wp\/v2\/users\/3"}],"replies":[{"embeddable":true,"href":"https:\/\/www.nexoinformativo.mx\/index.php\/wp-json\/wp\/v2\/comments?post=2429"}],"version-history":[{"count":2,"href":"https:\/\/www.nexoinformativo.mx\/index.php\/wp-json\/wp\/v2\/posts\/2429\/revisions"}],"predecessor-version":[{"id":2431,"href":"https:\/\/www.nexoinformativo.mx\/index.php\/wp-json\/wp\/v2\/posts\/2429\/revisions\/2431"}],"wp:featuredmedia":[{"embeddable":true,"href":"https:\/\/www.nexoinformativo.mx\/index.php\/wp-json\/wp\/v2\/media\/2432"}],"wp:attachment":[{"href":"https:\/\/www.nexoinformativo.mx\/index.php\/wp-json\/wp\/v2\/media?parent=2429"}],"wp:term":[{"taxonomy":"category","embeddable":true,"href":"https:\/\/www.nexoinformativo.mx\/index.php\/wp-json\/wp\/v2\/categories?post=2429"},{"taxonomy":"post_tag","embeddable":true,"href":"https:\/\/www.nexoinformativo.mx\/index.php\/wp-json\/wp\/v2\/tags?post=2429"}],"curies":[{"name":"wp","href":"https:\/\/api.w.org\/{rel}","templated":true}]}}