{"id":2433,"date":"2024-09-30T12:00:35","date_gmt":"2024-09-30T18:00:35","guid":{"rendered":"https:\/\/www.nexoinformativo.mx\/?p=2433"},"modified":"2024-10-06T19:18:46","modified_gmt":"2024-10-07T01:18:46","slug":"mauricio-kuri-considera-que-el-pan-debio-apoyar-la-incorporacion-de-la-guardia-nacional-a-la-sedena","status":"publish","type":"post","link":"https:\/\/www.nexoinformativo.mx\/index.php\/2024\/09\/30\/mauricio-kuri-considera-que-el-pan-debio-apoyar-la-incorporacion-de-la-guardia-nacional-a-la-sedena\/","title":{"rendered":"Mauricio Kuri considera que el PAN debi\u00f3 apoyar la incorporaci\u00f3n de la Guardia Nacional a la SEDENA"},"content":{"rendered":"<p style=\"text-align: justify;\">El gobernador de Quer\u00e9taro, Mauricio Kuri, expres\u00f3 que el Partido Acci\u00f3n Nacional (PAN) debi\u00f3 respaldar la incorporaci\u00f3n de la Guardia Nacional a la Secretar\u00eda de la Defensa Nacional (SEDENA) para apoyar a la presidenta electa, Claudia Sheinbaum, en su gesti\u00f3n. Kuri argument\u00f3 que todos los partidos pol\u00edticos debieron unirse para facilitar esta transici\u00f3n, considerando que la Guardia Nacional ya estaba de facto bajo la SEDENA desde hace a\u00f1os.<\/p>\n<p>&nbsp;<\/p>\n<p style=\"text-align: justify;\">Kuri respet\u00f3 la decisi\u00f3n del PAN, pero destac\u00f3 que esta medida podr\u00eda fortalecer la lucha contra la inseguridad en M\u00e9xico. Adem\u00e1s, el gobernador se mostr\u00f3 optimista respecto a la llegada de Omar Garc\u00eda Harfuch a la Secretar\u00eda de Seguridad Ciudadana, sugiriendo que su liderazgo mejorar\u00e1 la estrategia de seguridad.<\/p>\n<p>&nbsp;<\/p>\n<p style=\"text-align: justify;\">Tambi\u00e9n enfatiz\u00f3 la necesidad de fortalecer las polic\u00edas estatales y municipales, se\u00f1alando que la coordinaci\u00f3n con la SEDENA y la Guardia Nacional es fundamental para combatir la inseguridad.<\/p>\n<p>&nbsp;<\/p>\n<p>&nbsp;<\/p>\n<p style=\"text-align: center;\"><strong><em>\u00a1Informaci\u00f3n que transforma!<\/em><\/strong><\/p>\n","protected":false},"excerpt":{"rendered":"<p>El gobernador de Quer\u00e9taro, Mauricio Kuri, expres\u00f3 que el Partido Acci\u00f3n Nacional (PAN) debi\u00f3 respaldar la incorporaci\u00f3n de la Guardia Nacional a la Secretar\u00eda de la Defensa Nacional (SEDENA) para apoyar a la presidenta electa, Claudia Sheinbaum, en su gesti\u00f3n.<\/p>\n","protected":false},"author":3,"featured_media":2435,"comment_status":"open","ping_status":"open","sticky":false,"template":"","format":"standard","meta":{"footnotes":""},"categories":[42,21,58],"tags":[967,206,968,661],"class_list":["post-2433","post","type-post","status-publish","format-standard","has-post-thumbnail","hentry","category-estado","category-politica","category-ultima-hora","tag-claudiasheinbaum","tag-guardianacional","tag-inseguridad","tag-mauriciokuri"],"yoast_head":"<!-- This site is optimized with the Yoast SEO plugin v25.0 - https:\/\/yoast.com\/wordpress\/plugins\/seo\/ -->\n<title>Mauricio Kuri considera que el PAN debi\u00f3 apoyar la incorporaci\u00f3n de la Guardia Nacional a la SEDENA | Nexo Informativo Santiago de Quer\u00e9taro<\/title>\n<meta name=\"description\" content=\"Mauricio Kuri considera que el PAN debi\u00f3 apoyar la incorporaci\u00f3n de la Guardia Nacional a la SEDENA\" \/>\n<meta name=\"robots\" content=\"index, follow, max-snippet:-1, max-image-preview:large, max-video-preview:-1\" \/>\n<link rel=\"canonical\" href=\"https:\/\/www.nexoinformativo.mx\/index.php\/2024\/09\/30\/mauricio-kuri-considera-que-el-pan-debio-apoyar-la-incorporacion-de-la-guardia-nacional-a-la-sedena\/\" \/>\n<meta property=\"og:locale\" content=\"es_MX\" \/>\n<meta property=\"og:type\" content=\"article\" \/>\n<meta property=\"og:title\" content=\"Mauricio Kuri considera que el PAN debi\u00f3 apoyar la incorporaci\u00f3n de la Guardia Nacional a la SEDENA | Nexo Informativo Santiago de Quer\u00e9taro\" \/>\n<meta property=\"og:description\" content=\"Mauricio Kuri considera que el PAN debi\u00f3 apoyar la incorporaci\u00f3n de la Guardia Nacional a la SEDENA\" \/>\n<meta property=\"og:url\" content=\"https:\/\/www.nexoinformativo.mx\/index.php\/2024\/09\/30\/mauricio-kuri-considera-que-el-pan-debio-apoyar-la-incorporacion-de-la-guardia-nacional-a-la-sedena\/\" \/>\n<meta property=\"og:site_name\" content=\"Nexo Informativo Santiago de Quer\u00e9taro\" \/>\n<meta property=\"article:publisher\" content=\"https:\/\/www.facebook.com\/people\/Nexo-Informativo\/61564066885511\/\" \/>\n<meta property=\"article:published_time\" content=\"2024-09-30T18:00:35+00:00\" \/>\n<meta property=\"article:modified_time\" content=\"2024-10-07T01:18:46+00:00\" \/>\n<meta property=\"og:image\" content=\"https:\/\/www.nexoinformativo.mx\/wp-content\/uploads\/2024\/09\/unnamed-5-5-e1727726177208.jpg\" \/>\n\t<meta property=\"og:image:width\" content=\"800\" \/>\n\t<meta property=\"og:image:height\" content=\"600\" \/>\n\t<meta property=\"og:image:type\" content=\"image\/jpeg\" \/>\n<meta name=\"author\" content=\"Nexo Informativo\" \/>\n<meta name=\"twitter:card\" content=\"summary_large_image\" \/>\n<meta name=\"twitter:label1\" content=\"Escrito por\" \/>\n\t<meta name=\"twitter:data1\" content=\"Nexo Informativo\" \/>\n\t<meta name=\"twitter:label2\" content=\"Tiempo de lectura\" \/>\n\t<meta name=\"twitter:data2\" content=\"1 minuto\" \/>\n<script type=\"application\/ld+json\" class=\"yoast-schema-graph\">{\"@context\":\"https:\/\/schema.org\",\"@graph\":[{\"@type\":\"Article\",\"@id\":\"https:\/\/www.nexoinformativo.mx\/index.php\/2024\/09\/30\/mauricio-kuri-considera-que-el-pan-debio-apoyar-la-incorporacion-de-la-guardia-nacional-a-la-sedena\/#article\",\"isPartOf\":{\"@id\":\"https:\/\/www.nexoinformativo.mx\/index.php\/2024\/09\/30\/mauricio-kuri-considera-que-el-pan-debio-apoyar-la-incorporacion-de-la-guardia-nacional-a-la-sedena\/\"},\"author\":{\"name\":\"Nexo Informativo\",\"@id\":\"https:\/\/www.nexoinformativo.mx\/#\/schema\/person\/7749d380ba08c8ca00d7bc76fd907b7d\"},\"headline\":\"Mauricio Kuri considera que el PAN debi\u00f3 apoyar la incorporaci\u00f3n de la Guardia Nacional a la SEDENA\",\"datePublished\":\"2024-09-30T18:00:35+00:00\",\"dateModified\":\"2024-10-07T01:18:46+00:00\",\"mainEntityOfPage\":{\"@id\":\"https:\/\/www.nexoinformativo.mx\/index.php\/2024\/09\/30\/mauricio-kuri-considera-que-el-pan-debio-apoyar-la-incorporacion-de-la-guardia-nacional-a-la-sedena\/\"},\"wordCount\":189,\"commentCount\":0,\"publisher\":{\"@id\":\"https:\/\/www.nexoinformativo.mx\/#organization\"},\"image\":{\"@id\":\"https:\/\/www.nexoinformativo.mx\/index.php\/2024\/09\/30\/mauricio-kuri-considera-que-el-pan-debio-apoyar-la-incorporacion-de-la-guardia-nacional-a-la-sedena\/#primaryimage\"},\"thumbnailUrl\":\"https:\/\/www.nexoinformativo.mx\/wp-content\/uploads\/2024\/09\/unnamed-5-5-e1727726177208.jpg\",\"keywords\":[\"ClaudiaSheinbaum\",\"GuardiaNacional\",\"Inseguridad\",\"MauricioKuri\"],\"articleSection\":[\"Estado\",\"Pol\u00edtica\",\"\u00daltima Hora\"],\"inLanguage\":\"es\",\"potentialAction\":[{\"@type\":\"CommentAction\",\"name\":\"Comment\",\"target\":[\"https:\/\/www.nexoinformativo.mx\/index.php\/2024\/09\/30\/mauricio-kuri-considera-que-el-pan-debio-apoyar-la-incorporacion-de-la-guardia-nacional-a-la-sedena\/#respond\"]}]},{\"@type\":\"WebPage\",\"@id\":\"https:\/\/www.nexoinformativo.mx\/index.php\/2024\/09\/30\/mauricio-kuri-considera-que-el-pan-debio-apoyar-la-incorporacion-de-la-guardia-nacional-a-la-sedena\/\",\"url\":\"https:\/\/www.nexoinformativo.mx\/index.php\/2024\/09\/30\/mauricio-kuri-considera-que-el-pan-debio-apoyar-la-incorporacion-de-la-guardia-nacional-a-la-sedena\/\",\"name\":\"Mauricio Kuri considera que el PAN debi\u00f3 apoyar la incorporaci\u00f3n de la Guardia Nacional a la SEDENA | Nexo Informativo Santiago de Quer\u00e9taro\",\"isPartOf\":{\"@id\":\"https:\/\/www.nexoinformativo.mx\/#website\"},\"primaryImageOfPage\":{\"@id\":\"https:\/\/www.nexoinformativo.mx\/index.php\/2024\/09\/30\/mauricio-kuri-considera-que-el-pan-debio-apoyar-la-incorporacion-de-la-guardia-nacional-a-la-sedena\/#primaryimage\"},\"image\":{\"@id\":\"https:\/\/www.nexoinformativo.mx\/index.php\/2024\/09\/30\/mauricio-kuri-considera-que-el-pan-debio-apoyar-la-incorporacion-de-la-guardia-nacional-a-la-sedena\/#primaryimage\"},\"thumbnailUrl\":\"https:\/\/www.nexoinformativo.mx\/wp-content\/uploads\/2024\/09\/unnamed-5-5-e1727726177208.jpg\",\"datePublished\":\"2024-09-30T18:00:35+00:00\",\"dateModified\":\"2024-10-07T01:18:46+00:00\",\"description\":\"Mauricio Kuri considera que el PAN debi\u00f3 apoyar la incorporaci\u00f3n de la Guardia Nacional a la SEDENA\",\"breadcrumb\":{\"@id\":\"https:\/\/www.nexoinformativo.mx\/index.php\/2024\/09\/30\/mauricio-kuri-considera-que-el-pan-debio-apoyar-la-incorporacion-de-la-guardia-nacional-a-la-sedena\/#breadcrumb\"},\"inLanguage\":\"es\",\"potentialAction\":[{\"@type\":\"ReadAction\",\"target\":[\"https:\/\/www.nexoinformativo.mx\/index.php\/2024\/09\/30\/mauricio-kuri-considera-que-el-pan-debio-apoyar-la-incorporacion-de-la-guardia-nacional-a-la-sedena\/\"]}]},{\"@type\":\"ImageObject\",\"inLanguage\":\"es\",\"@id\":\"https:\/\/www.nexoinformativo.mx\/index.php\/2024\/09\/30\/mauricio-kuri-considera-que-el-pan-debio-apoyar-la-incorporacion-de-la-guardia-nacional-a-la-sedena\/#primaryimage\",\"url\":\"https:\/\/www.nexoinformativo.mx\/wp-content\/uploads\/2024\/09\/unnamed-5-5-e1727726177208.jpg\",\"contentUrl\":\"https:\/\/www.nexoinformativo.mx\/wp-content\/uploads\/2024\/09\/unnamed-5-5-e1727726177208.jpg\",\"width\":800,\"height\":600},{\"@type\":\"BreadcrumbList\",\"@id\":\"https:\/\/www.nexoinformativo.mx\/index.php\/2024\/09\/30\/mauricio-kuri-considera-que-el-pan-debio-apoyar-la-incorporacion-de-la-guardia-nacional-a-la-sedena\/#breadcrumb\",\"itemListElement\":[{\"@type\":\"ListItem\",\"position\":1,\"name\":\"Inicio\",\"item\":\"https:\/\/www.nexoinformativo.mx\/\"},{\"@type\":\"ListItem\",\"position\":2,\"name\":\"Mauricio Kuri considera que el PAN debi\u00f3 apoyar la incorporaci\u00f3n de la Guardia Nacional a la SEDENA\"}]},{\"@type\":\"WebSite\",\"@id\":\"https:\/\/www.nexoinformativo.mx\/#website\",\"url\":\"https:\/\/www.nexoinformativo.mx\/\",\"name\":\"Nexo Informativo Santiago de Quer\u00e9taro\",\"description\":\"Explora NexoInformativo y convi\u00e9rtete en parte de una comunidad que valora el conocimiento y la verdad. Tu nexoinformativo es tu puente hacia una comprensi\u00f3n m\u00e1s profunda del mundo que te rodea.\",\"publisher\":{\"@id\":\"https:\/\/www.nexoinformativo.mx\/#organization\"},\"potentialAction\":[{\"@type\":\"SearchAction\",\"target\":{\"@type\":\"EntryPoint\",\"urlTemplate\":\"https:\/\/www.nexoinformativo.mx\/?s={search_term_string}\"},\"query-input\":{\"@type\":\"PropertyValueSpecification\",\"valueRequired\":true,\"valueName\":\"search_term_string\"}}],\"inLanguage\":\"es\"},{\"@type\":\"Organization\",\"@id\":\"https:\/\/www.nexoinformativo.mx\/#organization\",\"name\":\"Nexo Informativo Santiago de Quer\u00e9taro\",\"url\":\"https:\/\/www.nexoinformativo.mx\/\",\"logo\":{\"@type\":\"ImageObject\",\"inLanguage\":\"es\",\"@id\":\"https:\/\/www.nexoinformativo.mx\/#\/schema\/logo\/image\/\",\"url\":\"https:\/\/www.nexoinformativo.mx\/wp-content\/uploads\/2024\/07\/nexoi-trasparente-2.png\",\"contentUrl\":\"https:\/\/www.nexoinformativo.mx\/wp-content\/uploads\/2024\/07\/nexoi-trasparente-2.png\",\"width\":816,\"height\":339,\"caption\":\"Nexo Informativo Santiago de Quer\u00e9taro\"},\"image\":{\"@id\":\"https:\/\/www.nexoinformativo.mx\/#\/schema\/logo\/image\/\"},\"sameAs\":[\"https:\/\/www.facebook.com\/people\/Nexo-Informativo\/61564066885511\/\"]},{\"@type\":\"Person\",\"@id\":\"https:\/\/www.nexoinformativo.mx\/#\/schema\/person\/7749d380ba08c8ca00d7bc76fd907b7d\",\"name\":\"Nexo Informativo\",\"image\":{\"@type\":\"ImageObject\",\"inLanguage\":\"es\",\"@id\":\"https:\/\/www.nexoinformativo.mx\/#\/schema\/person\/image\/\",\"url\":\"https:\/\/secure.gravatar.com\/avatar\/dde2928154642a13d95f87ddf1ea9718fe2b46760a005c53e41ff5ad610704e6?s=96&d=mm&r=g\",\"contentUrl\":\"https:\/\/secure.gravatar.com\/avatar\/dde2928154642a13d95f87ddf1ea9718fe2b46760a005c53e41ff5ad610704e6?s=96&d=mm&r=g\",\"caption\":\"Nexo Informativo\"},\"url\":\"https:\/\/www.nexoinformativo.mx\/index.php\/author\/edicion\/\"}]}<\/script>\n<!-- \/ Yoast SEO plugin. -->","yoast_head_json":{"title":"Mauricio Kuri considera que el PAN debi\u00f3 apoyar la incorporaci\u00f3n de la Guardia Nacional a la SEDENA | Nexo Informativo Santiago de Quer\u00e9taro","description":"Mauricio Kuri considera que el PAN debi\u00f3 apoyar la incorporaci\u00f3n de la Guardia Nacional a la SEDENA","robots":{"index":"index","follow":"follow","max-snippet":"max-snippet:-1","max-image-preview":"max-image-preview:large","max-video-preview":"max-video-preview:-1"},"canonical":"https:\/\/www.nexoinformativo.mx\/index.php\/2024\/09\/30\/mauricio-kuri-considera-que-el-pan-debio-apoyar-la-incorporacion-de-la-guardia-nacional-a-la-sedena\/","og_locale":"es_MX","og_type":"article","og_title":"Mauricio Kuri considera que el PAN debi\u00f3 apoyar la incorporaci\u00f3n de la Guardia Nacional a la SEDENA | Nexo Informativo Santiago de Quer\u00e9taro","og_description":"Mauricio Kuri considera que el PAN debi\u00f3 apoyar la incorporaci\u00f3n de la Guardia Nacional a la SEDENA","og_url":"https:\/\/www.nexoinformativo.mx\/index.php\/2024\/09\/30\/mauricio-kuri-considera-que-el-pan-debio-apoyar-la-incorporacion-de-la-guardia-nacional-a-la-sedena\/","og_site_name":"Nexo Informativo Santiago de Quer\u00e9taro","article_publisher":"https:\/\/www.facebook.com\/people\/Nexo-Informativo\/61564066885511\/","article_published_time":"2024-09-30T18:00:35+00:00","article_modified_time":"2024-10-07T01:18:46+00:00","og_image":[{"width":800,"height":600,"url":"https:\/\/www.nexoinformativo.mx\/wp-content\/uploads\/2024\/09\/unnamed-5-5-e1727726177208.jpg","type":"image\/jpeg"}],"author":"Nexo Informativo","twitter_card":"summary_large_image","twitter_misc":{"Escrito por":"Nexo Informativo","Tiempo de lectura":"1 minuto"},"schema":{"@context":"https:\/\/schema.org","@graph":[{"@type":"Article","@id":"https:\/\/www.nexoinformativo.mx\/index.php\/2024\/09\/30\/mauricio-kuri-considera-que-el-pan-debio-apoyar-la-incorporacion-de-la-guardia-nacional-a-la-sedena\/#article","isPartOf":{"@id":"https:\/\/www.nexoinformativo.mx\/index.php\/2024\/09\/30\/mauricio-kuri-considera-que-el-pan-debio-apoyar-la-incorporacion-de-la-guardia-nacional-a-la-sedena\/"},"author":{"name":"Nexo Informativo","@id":"https:\/\/www.nexoinformativo.mx\/#\/schema\/person\/7749d380ba08c8ca00d7bc76fd907b7d"},"headline":"Mauricio Kuri considera que el PAN debi\u00f3 apoyar la incorporaci\u00f3n de la Guardia Nacional a la SEDENA","datePublished":"2024-09-30T18:00:35+00:00","dateModified":"2024-10-07T01:18:46+00:00","mainEntityOfPage":{"@id":"https:\/\/www.nexoinformativo.mx\/index.php\/2024\/09\/30\/mauricio-kuri-considera-que-el-pan-debio-apoyar-la-incorporacion-de-la-guardia-nacional-a-la-sedena\/"},"wordCount":189,"commentCount":0,"publisher":{"@id":"https:\/\/www.nexoinformativo.mx\/#organization"},"image":{"@id":"https:\/\/www.nexoinformativo.mx\/index.php\/2024\/09\/30\/mauricio-kuri-considera-que-el-pan-debio-apoyar-la-incorporacion-de-la-guardia-nacional-a-la-sedena\/#primaryimage"},"thumbnailUrl":"https:\/\/www.nexoinformativo.mx\/wp-content\/uploads\/2024\/09\/unnamed-5-5-e1727726177208.jpg","keywords":["ClaudiaSheinbaum","GuardiaNacional","Inseguridad","MauricioKuri"],"articleSection":["Estado","Pol\u00edtica","\u00daltima Hora"],"inLanguage":"es","potentialAction":[{"@type":"CommentAction","name":"Comment","target":["https:\/\/www.nexoinformativo.mx\/index.php\/2024\/09\/30\/mauricio-kuri-considera-que-el-pan-debio-apoyar-la-incorporacion-de-la-guardia-nacional-a-la-sedena\/#respond"]}]},{"@type":"WebPage","@id":"https:\/\/www.nexoinformativo.mx\/index.php\/2024\/09\/30\/mauricio-kuri-considera-que-el-pan-debio-apoyar-la-incorporacion-de-la-guardia-nacional-a-la-sedena\/","url":"https:\/\/www.nexoinformativo.mx\/index.php\/2024\/09\/30\/mauricio-kuri-considera-que-el-pan-debio-apoyar-la-incorporacion-de-la-guardia-nacional-a-la-sedena\/","name":"Mauricio Kuri considera que el PAN debi\u00f3 apoyar la incorporaci\u00f3n de la Guardia Nacional a la SEDENA | Nexo Informativo Santiago de Quer\u00e9taro","isPartOf":{"@id":"https:\/\/www.nexoinformativo.mx\/#website"},"primaryImageOfPage":{"@id":"https:\/\/www.nexoinformativo.mx\/index.php\/2024\/09\/30\/mauricio-kuri-considera-que-el-pan-debio-apoyar-la-incorporacion-de-la-guardia-nacional-a-la-sedena\/#primaryimage"},"image":{"@id":"https:\/\/www.nexoinformativo.mx\/index.php\/2024\/09\/30\/mauricio-kuri-considera-que-el-pan-debio-apoyar-la-incorporacion-de-la-guardia-nacional-a-la-sedena\/#primaryimage"},"thumbnailUrl":"https:\/\/www.nexoinformativo.mx\/wp-content\/uploads\/2024\/09\/unnamed-5-5-e1727726177208.jpg","datePublished":"2024-09-30T18:00:35+00:00","dateModified":"2024-10-07T01:18:46+00:00","description":"Mauricio Kuri considera que el PAN debi\u00f3 apoyar la incorporaci\u00f3n de la Guardia Nacional a la SEDENA","breadcrumb":{"@id":"https:\/\/www.nexoinformativo.mx\/index.php\/2024\/09\/30\/mauricio-kuri-considera-que-el-pan-debio-apoyar-la-incorporacion-de-la-guardia-nacional-a-la-sedena\/#breadcrumb"},"inLanguage":"es","potentialAction":[{"@type":"ReadAction","target":["https:\/\/www.nexoinformativo.mx\/index.php\/2024\/09\/30\/mauricio-kuri-considera-que-el-pan-debio-apoyar-la-incorporacion-de-la-guardia-nacional-a-la-sedena\/"]}]},{"@type":"ImageObject","inLanguage":"es","@id":"https:\/\/www.nexoinformativo.mx\/index.php\/2024\/09\/30\/mauricio-kuri-considera-que-el-pan-debio-apoyar-la-incorporacion-de-la-guardia-nacional-a-la-sedena\/#primaryimage","url":"https:\/\/www.nexoinformativo.mx\/wp-content\/uploads\/2024\/09\/unnamed-5-5-e1727726177208.jpg","contentUrl":"https:\/\/www.nexoinformativo.mx\/wp-content\/uploads\/2024\/09\/unnamed-5-5-e1727726177208.jpg","width":800,"height":600},{"@type":"BreadcrumbList","@id":"https:\/\/www.nexoinformativo.mx\/index.php\/2024\/09\/30\/mauricio-kuri-considera-que-el-pan-debio-apoyar-la-incorporacion-de-la-guardia-nacional-a-la-sedena\/#breadcrumb","itemListElement":[{"@type":"ListItem","position":1,"name":"Inicio","item":"https:\/\/www.nexoinformativo.mx\/"},{"@type":"ListItem","position":2,"name":"Mauricio Kuri considera que el PAN debi\u00f3 apoyar la incorporaci\u00f3n de la Guardia Nacional a la SEDENA"}]},{"@type":"WebSite","@id":"https:\/\/www.nexoinformativo.mx\/#website","url":"https:\/\/www.nexoinformativo.mx\/","name":"Nexo Informativo Santiago de Quer\u00e9taro","description":"Explora NexoInformativo y convi\u00e9rtete en parte de una comunidad que valora el conocimiento y la verdad. Tu nexoinformativo es tu puente hacia una comprensi\u00f3n m\u00e1s profunda del mundo que te rodea.","publisher":{"@id":"https:\/\/www.nexoinformativo.mx\/#organization"},"potentialAction":[{"@type":"SearchAction","target":{"@type":"EntryPoint","urlTemplate":"https:\/\/www.nexoinformativo.mx\/?s={search_term_string}"},"query-input":{"@type":"PropertyValueSpecification","valueRequired":true,"valueName":"search_term_string"}}],"inLanguage":"es"},{"@type":"Organization","@id":"https:\/\/www.nexoinformativo.mx\/#organization","name":"Nexo Informativo Santiago de Quer\u00e9taro","url":"https:\/\/www.nexoinformativo.mx\/","logo":{"@type":"ImageObject","inLanguage":"es","@id":"https:\/\/www.nexoinformativo.mx\/#\/schema\/logo\/image\/","url":"https:\/\/www.nexoinformativo.mx\/wp-content\/uploads\/2024\/07\/nexoi-trasparente-2.png","contentUrl":"https:\/\/www.nexoinformativo.mx\/wp-content\/uploads\/2024\/07\/nexoi-trasparente-2.png","width":816,"height":339,"caption":"Nexo Informativo Santiago de Quer\u00e9taro"},"image":{"@id":"https:\/\/www.nexoinformativo.mx\/#\/schema\/logo\/image\/"},"sameAs":["https:\/\/www.facebook.com\/people\/Nexo-Informativo\/61564066885511\/"]},{"@type":"Person","@id":"https:\/\/www.nexoinformativo.mx\/#\/schema\/person\/7749d380ba08c8ca00d7bc76fd907b7d","name":"Nexo Informativo","image":{"@type":"ImageObject","inLanguage":"es","@id":"https:\/\/www.nexoinformativo.mx\/#\/schema\/person\/image\/","url":"https:\/\/secure.gravatar.com\/avatar\/dde2928154642a13d95f87ddf1ea9718fe2b46760a005c53e41ff5ad610704e6?s=96&d=mm&r=g","contentUrl":"https:\/\/secure.gravatar.com\/avatar\/dde2928154642a13d95f87ddf1ea9718fe2b46760a005c53e41ff5ad610704e6?s=96&d=mm&r=g","caption":"Nexo Informativo"},"url":"https:\/\/www.nexoinformativo.mx\/index.php\/author\/edicion\/"}]}},"_links":{"self":[{"href":"https:\/\/www.nexoinformativo.mx\/index.php\/wp-json\/wp\/v2\/posts\/2433","targetHints":{"allow":["GET"]}}],"collection":[{"href":"https:\/\/www.nexoinformativo.mx\/index.php\/wp-json\/wp\/v2\/posts"}],"about":[{"href":"https:\/\/www.nexoinformativo.mx\/index.php\/wp-json\/wp\/v2\/types\/post"}],"author":[{"embeddable":true,"href":"https:\/\/www.nexoinformativo.mx\/index.php\/wp-json\/wp\/v2\/users\/3"}],"replies":[{"embeddable":true,"href":"https:\/\/www.nexoinformativo.mx\/index.php\/wp-json\/wp\/v2\/comments?post=2433"}],"version-history":[{"count":4,"href":"https:\/\/www.nexoinformativo.mx\/index.php\/wp-json\/wp\/v2\/posts\/2433\/revisions"}],"predecessor-version":[{"id":2778,"href":"https:\/\/www.nexoinformativo.mx\/index.php\/wp-json\/wp\/v2\/posts\/2433\/revisions\/2778"}],"wp:featuredmedia":[{"embeddable":true,"href":"https:\/\/www.nexoinformativo.mx\/index.php\/wp-json\/wp\/v2\/media\/2435"}],"wp:attachment":[{"href":"https:\/\/www.nexoinformativo.mx\/index.php\/wp-json\/wp\/v2\/media?parent=2433"}],"wp:term":[{"taxonomy":"category","embeddable":true,"href":"https:\/\/www.nexoinformativo.mx\/index.php\/wp-json\/wp\/v2\/categories?post=2433"},{"taxonomy":"post_tag","embeddable":true,"href":"https:\/\/www.nexoinformativo.mx\/index.php\/wp-json\/wp\/v2\/tags?post=2433"}],"curies":[{"name":"wp","href":"https:\/\/api.w.org\/{rel}","templated":true}]}}