{"id":2434,"date":"2024-09-30T10:00:15","date_gmt":"2024-09-30T16:00:15","guid":{"rendered":"https:\/\/www.nexoinformativo.mx\/?p=2434"},"modified":"2024-09-30T14:09:34","modified_gmt":"2024-09-30T20:09:34","slug":"tormenta-tropical-john-impacta-en-las-infraestructuras-de-guerrero-y-otros-estados-del-sur-de-mexico","status":"publish","type":"post","link":"https:\/\/www.nexoinformativo.mx\/index.php\/2024\/09\/30\/tormenta-tropical-john-impacta-en-las-infraestructuras-de-guerrero-y-otros-estados-del-sur-de-mexico\/","title":{"rendered":"Tormenta tropical John impacta en las infraestructuras de Guerrero y otros estados del sur de M\u00e9xico"},"content":{"rendered":"<p style=\"text-align: justify;\">La Secretar\u00eda de Infraestructura, Comunicaciones y Transportes <strong>(SICT)<\/strong> ha informado sobre los da\u00f1os causados por la tormenta tropical John en varias regiones de M\u00e9xico, afectando particularmente Guerrero.<\/p>\n<p>&nbsp;<\/p>\n<p style=\"text-align: justify;\">Como resultado, el Aeropuerto Internacional de Acapulco ha limitado sus operaciones a vuelos de emergencia, sin reanudar a\u00fan los vuelos comerciales.<\/p>\n<p style=\"text-align: justify;\">La tormenta tambi\u00e9n ha causado da\u00f1os en importantes v\u00edas de comunicaci\u00f3n en Guerrero, Oaxaca, Michoac\u00e1n y otros estados del pa\u00eds. A continuaci\u00f3n, se detallan las principales afectaciones:<\/p>\n<p>&nbsp;<\/p>\n<ol style=\"text-align: justify;\">\n<li><strong>Autopistas con circulaci\u00f3n limitada:<\/strong>\n<ul>\n<li>La autopista M\u00e9xico-Cuernavaca mantiene circulaci\u00f3n continua.<\/li>\n<li>En la Cuernavaca-Acapulco, solo est\u00e1 disponible el cuerpo B en ambos sentidos, mientras que el cuerpo A en el km 357+400 permanece cerrado.<\/li>\n<li>El libramiento Poniente de Acapulco opera \u00fanicamente en el cuerpo B.<\/li>\n<\/ul>\n<\/li>\n<li><strong>Cierres totales por derrumbes:<\/strong>\n<ul>\n<li>En Oaxaca, se mantiene el cierre total en la carretera federal MEX 125 T. Yucudaa-Pinotepa Nacional, en el km 82+000.<\/li>\n<li>En el Estado de M\u00e9xico, la autopista Tenango del Valle-Ixtapan de la Sal est\u00e1 cerrada en ambos sentidos por un derrumbe.<\/li>\n<li>En Michoac\u00e1n, el Puente Cuate II sobre la ruta 37 Carretera Carapan-Playa Azul ha sido afectado por un aproche en el km 160+512.<\/li>\n<\/ul>\n<\/li>\n<li><strong>Guerrero: atenci\u00f3n a tramos cr\u00edticos:<\/strong>\n<ul>\n<li>En Guerrero, se han abierto pasos provisionales en la carretera MEX 200, tramo Las Vigas Lim, afectada por un socav\u00f3n. Tambi\u00e9n, en la M\u00e9xico-Puebla en el km 050+800 direcci\u00f3n M\u00e9xico, se han retirado derrumbes.<\/li>\n<li>La MEX 175 Oaxaca-Puerto \u00c1ngel ha sido reabierta parcialmente tras un derrumbe.<\/li>\n<\/ul>\n<\/li>\n<li><strong>Tramos con cierres parciales:<\/strong>\n<ul>\n<li>12 tramos carreteros en Guerrero tienen interrupciones parciales. En Oaxaca, 46 tramos est\u00e1n parcialmente interrumpidos, al igual que una ruta en Jalisco y otra en Michoac\u00e1n.<\/li>\n<\/ul>\n<\/li>\n<\/ol>\n<p style=\"text-align: justify;\">Adem\u00e1s, 9 autopistas en Guerrero permanecen completamente cerradas, entre ellas:<\/p>\n<ul style=\"text-align: justify;\">\n<li>MEX 200D Autopista Libramiento Tecpan, debido a la crecida del r\u00edo.<\/li>\n<li>Tramos de la carretera Chilpancingo-Acapulco y Acapulco-Pinotepa Nacional.<\/li>\n<\/ul>\n<p>&nbsp;<\/p>\n<p style=\"text-align: justify;\">La SICT ha desplegado al personal necesario para atender con urgencia estos tramos y restablecer la circulaci\u00f3n lo antes posible.<\/p>\n","protected":false},"excerpt":{"rendered":"<p>La Secretar\u00eda de Infraestructura, Comunicaciones y Transportes (SICT) ha informado sobre los da\u00f1os causados por la tormenta tropical John en varias regiones de M\u00e9xico, afectando particularmente Guerrero. &nbsp; Como resultado, el Aeropuerto Internacional de Acapulco ha limitado sus operaciones a vuelos de emergencia, sin reanudar a\u00fan los vuelos comerciales. La tormenta tambi\u00e9n ha causado da\u00f1os [&hellip;]<\/p>\n","protected":false},"author":3,"featured_media":2437,"comment_status":"open","ping_status":"open","sticky":false,"template":"","format":"standard","meta":{"footnotes":""},"categories":[88,58],"tags":[970,151,971,969],"class_list":["post-2434","post","type-post","status-publish","format-standard","has-post-thumbnail","hentry","category-nacional","category-ultima-hora","tag-infraestructuraafectada","tag-seguridadvial","tag-sictresponde","tag-tormentajohn"],"yoast_head":"<!-- This site is optimized with the Yoast SEO plugin v25.0 - https:\/\/yoast.com\/wordpress\/plugins\/seo\/ -->\n<title>Tormenta tropical John impacta en las infraestructuras de Guerrero y otros estados del sur de M\u00e9xico | Nexo Informativo Santiago de Quer\u00e9taro<\/title>\n<meta name=\"robots\" content=\"index, follow, max-snippet:-1, max-image-preview:large, max-video-preview:-1\" \/>\n<link rel=\"canonical\" href=\"https:\/\/www.nexoinformativo.mx\/index.php\/2024\/09\/30\/tormenta-tropical-john-impacta-en-las-infraestructuras-de-guerrero-y-otros-estados-del-sur-de-mexico\/\" \/>\n<meta property=\"og:locale\" content=\"es_MX\" \/>\n<meta property=\"og:type\" content=\"article\" \/>\n<meta property=\"og:title\" content=\"Tormenta tropical John impacta en las infraestructuras de Guerrero y otros estados del sur de M\u00e9xico | Nexo Informativo Santiago de Quer\u00e9taro\" \/>\n<meta property=\"og:description\" content=\"La Secretar\u00eda de Infraestructura, Comunicaciones y Transportes (SICT) ha informado sobre los da\u00f1os causados por la tormenta tropical John en varias regiones de M\u00e9xico, afectando particularmente Guerrero. &nbsp; Como resultado, el Aeropuerto Internacional de Acapulco ha limitado sus operaciones a vuelos de emergencia, sin reanudar a\u00fan los vuelos comerciales. La tormenta tambi\u00e9n ha causado da\u00f1os [&hellip;]\" \/>\n<meta property=\"og:url\" content=\"https:\/\/www.nexoinformativo.mx\/index.php\/2024\/09\/30\/tormenta-tropical-john-impacta-en-las-infraestructuras-de-guerrero-y-otros-estados-del-sur-de-mexico\/\" \/>\n<meta property=\"og:site_name\" content=\"Nexo Informativo Santiago de Quer\u00e9taro\" \/>\n<meta property=\"article:publisher\" content=\"https:\/\/www.facebook.com\/people\/Nexo-Informativo\/61564066885511\/\" \/>\n<meta property=\"article:published_time\" content=\"2024-09-30T16:00:15+00:00\" \/>\n<meta property=\"article:modified_time\" content=\"2024-09-30T20:09:34+00:00\" \/>\n<meta property=\"og:image\" content=\"https:\/\/www.nexoinformativo.mx\/wp-content\/uploads\/2024\/09\/IMG_6622-scaled-e1727726725944.jpg\" \/>\n\t<meta property=\"og:image:width\" content=\"800\" \/>\n\t<meta property=\"og:image:height\" content=\"600\" \/>\n\t<meta property=\"og:image:type\" content=\"image\/jpeg\" \/>\n<meta name=\"author\" content=\"Nexo Informativo\" \/>\n<meta name=\"twitter:card\" content=\"summary_large_image\" \/>\n<meta name=\"twitter:label1\" content=\"Escrito por\" \/>\n\t<meta name=\"twitter:data1\" content=\"Nexo Informativo\" \/>\n\t<meta name=\"twitter:label2\" content=\"Tiempo de lectura\" \/>\n\t<meta name=\"twitter:data2\" content=\"2 minutos\" \/>\n<script type=\"application\/ld+json\" class=\"yoast-schema-graph\">{\"@context\":\"https:\/\/schema.org\",\"@graph\":[{\"@type\":\"Article\",\"@id\":\"https:\/\/www.nexoinformativo.mx\/index.php\/2024\/09\/30\/tormenta-tropical-john-impacta-en-las-infraestructuras-de-guerrero-y-otros-estados-del-sur-de-mexico\/#article\",\"isPartOf\":{\"@id\":\"https:\/\/www.nexoinformativo.mx\/index.php\/2024\/09\/30\/tormenta-tropical-john-impacta-en-las-infraestructuras-de-guerrero-y-otros-estados-del-sur-de-mexico\/\"},\"author\":{\"name\":\"Nexo Informativo\",\"@id\":\"https:\/\/www.nexoinformativo.mx\/#\/schema\/person\/7749d380ba08c8ca00d7bc76fd907b7d\"},\"headline\":\"Tormenta tropical John impacta en las infraestructuras de Guerrero y otros estados del sur de M\u00e9xico\",\"datePublished\":\"2024-09-30T16:00:15+00:00\",\"dateModified\":\"2024-09-30T20:09:34+00:00\",\"mainEntityOfPage\":{\"@id\":\"https:\/\/www.nexoinformativo.mx\/index.php\/2024\/09\/30\/tormenta-tropical-john-impacta-en-las-infraestructuras-de-guerrero-y-otros-estados-del-sur-de-mexico\/\"},\"wordCount\":354,\"commentCount\":0,\"publisher\":{\"@id\":\"https:\/\/www.nexoinformativo.mx\/#organization\"},\"image\":{\"@id\":\"https:\/\/www.nexoinformativo.mx\/index.php\/2024\/09\/30\/tormenta-tropical-john-impacta-en-las-infraestructuras-de-guerrero-y-otros-estados-del-sur-de-mexico\/#primaryimage\"},\"thumbnailUrl\":\"https:\/\/www.nexoinformativo.mx\/wp-content\/uploads\/2024\/09\/IMG_6622-scaled-e1727726725944.jpg\",\"keywords\":[\"InfraestructuraAfectada\",\"seguridadvial\",\"SICTResponde\",\"TormentaJohn\"],\"articleSection\":[\"Nacional\",\"\u00daltima Hora\"],\"inLanguage\":\"es\",\"potentialAction\":[{\"@type\":\"CommentAction\",\"name\":\"Comment\",\"target\":[\"https:\/\/www.nexoinformativo.mx\/index.php\/2024\/09\/30\/tormenta-tropical-john-impacta-en-las-infraestructuras-de-guerrero-y-otros-estados-del-sur-de-mexico\/#respond\"]}]},{\"@type\":\"WebPage\",\"@id\":\"https:\/\/www.nexoinformativo.mx\/index.php\/2024\/09\/30\/tormenta-tropical-john-impacta-en-las-infraestructuras-de-guerrero-y-otros-estados-del-sur-de-mexico\/\",\"url\":\"https:\/\/www.nexoinformativo.mx\/index.php\/2024\/09\/30\/tormenta-tropical-john-impacta-en-las-infraestructuras-de-guerrero-y-otros-estados-del-sur-de-mexico\/\",\"name\":\"Tormenta tropical John impacta en las infraestructuras de Guerrero y otros estados del sur de M\u00e9xico | Nexo Informativo Santiago de Quer\u00e9taro\",\"isPartOf\":{\"@id\":\"https:\/\/www.nexoinformativo.mx\/#website\"},\"primaryImageOfPage\":{\"@id\":\"https:\/\/www.nexoinformativo.mx\/index.php\/2024\/09\/30\/tormenta-tropical-john-impacta-en-las-infraestructuras-de-guerrero-y-otros-estados-del-sur-de-mexico\/#primaryimage\"},\"image\":{\"@id\":\"https:\/\/www.nexoinformativo.mx\/index.php\/2024\/09\/30\/tormenta-tropical-john-impacta-en-las-infraestructuras-de-guerrero-y-otros-estados-del-sur-de-mexico\/#primaryimage\"},\"thumbnailUrl\":\"https:\/\/www.nexoinformativo.mx\/wp-content\/uploads\/2024\/09\/IMG_6622-scaled-e1727726725944.jpg\",\"datePublished\":\"2024-09-30T16:00:15+00:00\",\"dateModified\":\"2024-09-30T20:09:34+00:00\",\"breadcrumb\":{\"@id\":\"https:\/\/www.nexoinformativo.mx\/index.php\/2024\/09\/30\/tormenta-tropical-john-impacta-en-las-infraestructuras-de-guerrero-y-otros-estados-del-sur-de-mexico\/#breadcrumb\"},\"inLanguage\":\"es\",\"potentialAction\":[{\"@type\":\"ReadAction\",\"target\":[\"https:\/\/www.nexoinformativo.mx\/index.php\/2024\/09\/30\/tormenta-tropical-john-impacta-en-las-infraestructuras-de-guerrero-y-otros-estados-del-sur-de-mexico\/\"]}]},{\"@type\":\"ImageObject\",\"inLanguage\":\"es\",\"@id\":\"https:\/\/www.nexoinformativo.mx\/index.php\/2024\/09\/30\/tormenta-tropical-john-impacta-en-las-infraestructuras-de-guerrero-y-otros-estados-del-sur-de-mexico\/#primaryimage\",\"url\":\"https:\/\/www.nexoinformativo.mx\/wp-content\/uploads\/2024\/09\/IMG_6622-scaled-e1727726725944.jpg\",\"contentUrl\":\"https:\/\/www.nexoinformativo.mx\/wp-content\/uploads\/2024\/09\/IMG_6622-scaled-e1727726725944.jpg\",\"width\":800,\"height\":600},{\"@type\":\"BreadcrumbList\",\"@id\":\"https:\/\/www.nexoinformativo.mx\/index.php\/2024\/09\/30\/tormenta-tropical-john-impacta-en-las-infraestructuras-de-guerrero-y-otros-estados-del-sur-de-mexico\/#breadcrumb\",\"itemListElement\":[{\"@type\":\"ListItem\",\"position\":1,\"name\":\"Inicio\",\"item\":\"https:\/\/www.nexoinformativo.mx\/\"},{\"@type\":\"ListItem\",\"position\":2,\"name\":\"Tormenta tropical John impacta en las infraestructuras de Guerrero y otros estados del sur de M\u00e9xico\"}]},{\"@type\":\"WebSite\",\"@id\":\"https:\/\/www.nexoinformativo.mx\/#website\",\"url\":\"https:\/\/www.nexoinformativo.mx\/\",\"name\":\"Nexo Informativo Santiago de Quer\u00e9taro\",\"description\":\"Explora NexoInformativo y convi\u00e9rtete en parte de una comunidad que valora el conocimiento y la verdad. Tu nexoinformativo es tu puente hacia una comprensi\u00f3n m\u00e1s profunda del mundo que te rodea.\",\"publisher\":{\"@id\":\"https:\/\/www.nexoinformativo.mx\/#organization\"},\"potentialAction\":[{\"@type\":\"SearchAction\",\"target\":{\"@type\":\"EntryPoint\",\"urlTemplate\":\"https:\/\/www.nexoinformativo.mx\/?s={search_term_string}\"},\"query-input\":{\"@type\":\"PropertyValueSpecification\",\"valueRequired\":true,\"valueName\":\"search_term_string\"}}],\"inLanguage\":\"es\"},{\"@type\":\"Organization\",\"@id\":\"https:\/\/www.nexoinformativo.mx\/#organization\",\"name\":\"Nexo Informativo Santiago de Quer\u00e9taro\",\"url\":\"https:\/\/www.nexoinformativo.mx\/\",\"logo\":{\"@type\":\"ImageObject\",\"inLanguage\":\"es\",\"@id\":\"https:\/\/www.nexoinformativo.mx\/#\/schema\/logo\/image\/\",\"url\":\"https:\/\/www.nexoinformativo.mx\/wp-content\/uploads\/2024\/07\/nexoi-trasparente-2.png\",\"contentUrl\":\"https:\/\/www.nexoinformativo.mx\/wp-content\/uploads\/2024\/07\/nexoi-trasparente-2.png\",\"width\":816,\"height\":339,\"caption\":\"Nexo Informativo Santiago de Quer\u00e9taro\"},\"image\":{\"@id\":\"https:\/\/www.nexoinformativo.mx\/#\/schema\/logo\/image\/\"},\"sameAs\":[\"https:\/\/www.facebook.com\/people\/Nexo-Informativo\/61564066885511\/\"]},{\"@type\":\"Person\",\"@id\":\"https:\/\/www.nexoinformativo.mx\/#\/schema\/person\/7749d380ba08c8ca00d7bc76fd907b7d\",\"name\":\"Nexo Informativo\",\"image\":{\"@type\":\"ImageObject\",\"inLanguage\":\"es\",\"@id\":\"https:\/\/www.nexoinformativo.mx\/#\/schema\/person\/image\/\",\"url\":\"https:\/\/secure.gravatar.com\/avatar\/dde2928154642a13d95f87ddf1ea9718fe2b46760a005c53e41ff5ad610704e6?s=96&d=mm&r=g\",\"contentUrl\":\"https:\/\/secure.gravatar.com\/avatar\/dde2928154642a13d95f87ddf1ea9718fe2b46760a005c53e41ff5ad610704e6?s=96&d=mm&r=g\",\"caption\":\"Nexo Informativo\"},\"url\":\"https:\/\/www.nexoinformativo.mx\/index.php\/author\/edicion\/\"}]}<\/script>\n<!-- \/ Yoast SEO plugin. -->","yoast_head_json":{"title":"Tormenta tropical John impacta en las infraestructuras de Guerrero y otros estados del sur de M\u00e9xico | Nexo Informativo Santiago de Quer\u00e9taro","robots":{"index":"index","follow":"follow","max-snippet":"max-snippet:-1","max-image-preview":"max-image-preview:large","max-video-preview":"max-video-preview:-1"},"canonical":"https:\/\/www.nexoinformativo.mx\/index.php\/2024\/09\/30\/tormenta-tropical-john-impacta-en-las-infraestructuras-de-guerrero-y-otros-estados-del-sur-de-mexico\/","og_locale":"es_MX","og_type":"article","og_title":"Tormenta tropical John impacta en las infraestructuras de Guerrero y otros estados del sur de M\u00e9xico | Nexo Informativo Santiago de Quer\u00e9taro","og_description":"La Secretar\u00eda de Infraestructura, Comunicaciones y Transportes (SICT) ha informado sobre los da\u00f1os causados por la tormenta tropical John en varias regiones de M\u00e9xico, afectando particularmente Guerrero. &nbsp; Como resultado, el Aeropuerto Internacional de Acapulco ha limitado sus operaciones a vuelos de emergencia, sin reanudar a\u00fan los vuelos comerciales. La tormenta tambi\u00e9n ha causado da\u00f1os [&hellip;]","og_url":"https:\/\/www.nexoinformativo.mx\/index.php\/2024\/09\/30\/tormenta-tropical-john-impacta-en-las-infraestructuras-de-guerrero-y-otros-estados-del-sur-de-mexico\/","og_site_name":"Nexo Informativo Santiago de Quer\u00e9taro","article_publisher":"https:\/\/www.facebook.com\/people\/Nexo-Informativo\/61564066885511\/","article_published_time":"2024-09-30T16:00:15+00:00","article_modified_time":"2024-09-30T20:09:34+00:00","og_image":[{"width":800,"height":600,"url":"https:\/\/www.nexoinformativo.mx\/wp-content\/uploads\/2024\/09\/IMG_6622-scaled-e1727726725944.jpg","type":"image\/jpeg"}],"author":"Nexo Informativo","twitter_card":"summary_large_image","twitter_misc":{"Escrito por":"Nexo Informativo","Tiempo de lectura":"2 minutos"},"schema":{"@context":"https:\/\/schema.org","@graph":[{"@type":"Article","@id":"https:\/\/www.nexoinformativo.mx\/index.php\/2024\/09\/30\/tormenta-tropical-john-impacta-en-las-infraestructuras-de-guerrero-y-otros-estados-del-sur-de-mexico\/#article","isPartOf":{"@id":"https:\/\/www.nexoinformativo.mx\/index.php\/2024\/09\/30\/tormenta-tropical-john-impacta-en-las-infraestructuras-de-guerrero-y-otros-estados-del-sur-de-mexico\/"},"author":{"name":"Nexo Informativo","@id":"https:\/\/www.nexoinformativo.mx\/#\/schema\/person\/7749d380ba08c8ca00d7bc76fd907b7d"},"headline":"Tormenta tropical John impacta en las infraestructuras de Guerrero y otros estados del sur de M\u00e9xico","datePublished":"2024-09-30T16:00:15+00:00","dateModified":"2024-09-30T20:09:34+00:00","mainEntityOfPage":{"@id":"https:\/\/www.nexoinformativo.mx\/index.php\/2024\/09\/30\/tormenta-tropical-john-impacta-en-las-infraestructuras-de-guerrero-y-otros-estados-del-sur-de-mexico\/"},"wordCount":354,"commentCount":0,"publisher":{"@id":"https:\/\/www.nexoinformativo.mx\/#organization"},"image":{"@id":"https:\/\/www.nexoinformativo.mx\/index.php\/2024\/09\/30\/tormenta-tropical-john-impacta-en-las-infraestructuras-de-guerrero-y-otros-estados-del-sur-de-mexico\/#primaryimage"},"thumbnailUrl":"https:\/\/www.nexoinformativo.mx\/wp-content\/uploads\/2024\/09\/IMG_6622-scaled-e1727726725944.jpg","keywords":["InfraestructuraAfectada","seguridadvial","SICTResponde","TormentaJohn"],"articleSection":["Nacional","\u00daltima Hora"],"inLanguage":"es","potentialAction":[{"@type":"CommentAction","name":"Comment","target":["https:\/\/www.nexoinformativo.mx\/index.php\/2024\/09\/30\/tormenta-tropical-john-impacta-en-las-infraestructuras-de-guerrero-y-otros-estados-del-sur-de-mexico\/#respond"]}]},{"@type":"WebPage","@id":"https:\/\/www.nexoinformativo.mx\/index.php\/2024\/09\/30\/tormenta-tropical-john-impacta-en-las-infraestructuras-de-guerrero-y-otros-estados-del-sur-de-mexico\/","url":"https:\/\/www.nexoinformativo.mx\/index.php\/2024\/09\/30\/tormenta-tropical-john-impacta-en-las-infraestructuras-de-guerrero-y-otros-estados-del-sur-de-mexico\/","name":"Tormenta tropical John impacta en las infraestructuras de Guerrero y otros estados del sur de M\u00e9xico | Nexo Informativo Santiago de Quer\u00e9taro","isPartOf":{"@id":"https:\/\/www.nexoinformativo.mx\/#website"},"primaryImageOfPage":{"@id":"https:\/\/www.nexoinformativo.mx\/index.php\/2024\/09\/30\/tormenta-tropical-john-impacta-en-las-infraestructuras-de-guerrero-y-otros-estados-del-sur-de-mexico\/#primaryimage"},"image":{"@id":"https:\/\/www.nexoinformativo.mx\/index.php\/2024\/09\/30\/tormenta-tropical-john-impacta-en-las-infraestructuras-de-guerrero-y-otros-estados-del-sur-de-mexico\/#primaryimage"},"thumbnailUrl":"https:\/\/www.nexoinformativo.mx\/wp-content\/uploads\/2024\/09\/IMG_6622-scaled-e1727726725944.jpg","datePublished":"2024-09-30T16:00:15+00:00","dateModified":"2024-09-30T20:09:34+00:00","breadcrumb":{"@id":"https:\/\/www.nexoinformativo.mx\/index.php\/2024\/09\/30\/tormenta-tropical-john-impacta-en-las-infraestructuras-de-guerrero-y-otros-estados-del-sur-de-mexico\/#breadcrumb"},"inLanguage":"es","potentialAction":[{"@type":"ReadAction","target":["https:\/\/www.nexoinformativo.mx\/index.php\/2024\/09\/30\/tormenta-tropical-john-impacta-en-las-infraestructuras-de-guerrero-y-otros-estados-del-sur-de-mexico\/"]}]},{"@type":"ImageObject","inLanguage":"es","@id":"https:\/\/www.nexoinformativo.mx\/index.php\/2024\/09\/30\/tormenta-tropical-john-impacta-en-las-infraestructuras-de-guerrero-y-otros-estados-del-sur-de-mexico\/#primaryimage","url":"https:\/\/www.nexoinformativo.mx\/wp-content\/uploads\/2024\/09\/IMG_6622-scaled-e1727726725944.jpg","contentUrl":"https:\/\/www.nexoinformativo.mx\/wp-content\/uploads\/2024\/09\/IMG_6622-scaled-e1727726725944.jpg","width":800,"height":600},{"@type":"BreadcrumbList","@id":"https:\/\/www.nexoinformativo.mx\/index.php\/2024\/09\/30\/tormenta-tropical-john-impacta-en-las-infraestructuras-de-guerrero-y-otros-estados-del-sur-de-mexico\/#breadcrumb","itemListElement":[{"@type":"ListItem","position":1,"name":"Inicio","item":"https:\/\/www.nexoinformativo.mx\/"},{"@type":"ListItem","position":2,"name":"Tormenta tropical John impacta en las infraestructuras de Guerrero y otros estados del sur de M\u00e9xico"}]},{"@type":"WebSite","@id":"https:\/\/www.nexoinformativo.mx\/#website","url":"https:\/\/www.nexoinformativo.mx\/","name":"Nexo Informativo Santiago de Quer\u00e9taro","description":"Explora NexoInformativo y convi\u00e9rtete en parte de una comunidad que valora el conocimiento y la verdad. Tu nexoinformativo es tu puente hacia una comprensi\u00f3n m\u00e1s profunda del mundo que te rodea.","publisher":{"@id":"https:\/\/www.nexoinformativo.mx\/#organization"},"potentialAction":[{"@type":"SearchAction","target":{"@type":"EntryPoint","urlTemplate":"https:\/\/www.nexoinformativo.mx\/?s={search_term_string}"},"query-input":{"@type":"PropertyValueSpecification","valueRequired":true,"valueName":"search_term_string"}}],"inLanguage":"es"},{"@type":"Organization","@id":"https:\/\/www.nexoinformativo.mx\/#organization","name":"Nexo Informativo Santiago de Quer\u00e9taro","url":"https:\/\/www.nexoinformativo.mx\/","logo":{"@type":"ImageObject","inLanguage":"es","@id":"https:\/\/www.nexoinformativo.mx\/#\/schema\/logo\/image\/","url":"https:\/\/www.nexoinformativo.mx\/wp-content\/uploads\/2024\/07\/nexoi-trasparente-2.png","contentUrl":"https:\/\/www.nexoinformativo.mx\/wp-content\/uploads\/2024\/07\/nexoi-trasparente-2.png","width":816,"height":339,"caption":"Nexo Informativo Santiago de Quer\u00e9taro"},"image":{"@id":"https:\/\/www.nexoinformativo.mx\/#\/schema\/logo\/image\/"},"sameAs":["https:\/\/www.facebook.com\/people\/Nexo-Informativo\/61564066885511\/"]},{"@type":"Person","@id":"https:\/\/www.nexoinformativo.mx\/#\/schema\/person\/7749d380ba08c8ca00d7bc76fd907b7d","name":"Nexo Informativo","image":{"@type":"ImageObject","inLanguage":"es","@id":"https:\/\/www.nexoinformativo.mx\/#\/schema\/person\/image\/","url":"https:\/\/secure.gravatar.com\/avatar\/dde2928154642a13d95f87ddf1ea9718fe2b46760a005c53e41ff5ad610704e6?s=96&d=mm&r=g","contentUrl":"https:\/\/secure.gravatar.com\/avatar\/dde2928154642a13d95f87ddf1ea9718fe2b46760a005c53e41ff5ad610704e6?s=96&d=mm&r=g","caption":"Nexo Informativo"},"url":"https:\/\/www.nexoinformativo.mx\/index.php\/author\/edicion\/"}]}},"_links":{"self":[{"href":"https:\/\/www.nexoinformativo.mx\/index.php\/wp-json\/wp\/v2\/posts\/2434","targetHints":{"allow":["GET"]}}],"collection":[{"href":"https:\/\/www.nexoinformativo.mx\/index.php\/wp-json\/wp\/v2\/posts"}],"about":[{"href":"https:\/\/www.nexoinformativo.mx\/index.php\/wp-json\/wp\/v2\/types\/post"}],"author":[{"embeddable":true,"href":"https:\/\/www.nexoinformativo.mx\/index.php\/wp-json\/wp\/v2\/users\/3"}],"replies":[{"embeddable":true,"href":"https:\/\/www.nexoinformativo.mx\/index.php\/wp-json\/wp\/v2\/comments?post=2434"}],"version-history":[{"count":7,"href":"https:\/\/www.nexoinformativo.mx\/index.php\/wp-json\/wp\/v2\/posts\/2434\/revisions"}],"predecessor-version":[{"id":2439,"href":"https:\/\/www.nexoinformativo.mx\/index.php\/wp-json\/wp\/v2\/posts\/2434\/revisions\/2439"}],"wp:featuredmedia":[{"embeddable":true,"href":"https:\/\/www.nexoinformativo.mx\/index.php\/wp-json\/wp\/v2\/media\/2437"}],"wp:attachment":[{"href":"https:\/\/www.nexoinformativo.mx\/index.php\/wp-json\/wp\/v2\/media?parent=2434"}],"wp:term":[{"taxonomy":"category","embeddable":true,"href":"https:\/\/www.nexoinformativo.mx\/index.php\/wp-json\/wp\/v2\/categories?post=2434"},{"taxonomy":"post_tag","embeddable":true,"href":"https:\/\/www.nexoinformativo.mx\/index.php\/wp-json\/wp\/v2\/tags?post=2434"}],"curies":[{"name":"wp","href":"https:\/\/api.w.org\/{rel}","templated":true}]}}