{"id":2451,"date":"2024-09-30T13:30:04","date_gmt":"2024-09-30T19:30:04","guid":{"rendered":"https:\/\/www.nexoinformativo.mx\/?p=2451"},"modified":"2024-10-06T19:17:31","modified_gmt":"2024-10-07T01:17:31","slug":"incendio-consume-taller-mecanico-en-queretaro-no-se-reportan-lesionados","status":"publish","type":"post","link":"https:\/\/www.nexoinformativo.mx\/index.php\/2024\/09\/30\/incendio-consume-taller-mecanico-en-queretaro-no-se-reportan-lesionados\/","title":{"rendered":"Incendio consume taller mec\u00e1nico en Quer\u00e9taro; no se reportan lesionados"},"content":{"rendered":"<div class=\"flex max-w-full flex-col flex-grow\">\n<div class=\"min-h-8 text-message flex w-full flex-col items-end gap-2 whitespace-normal break-words [.text-message+&amp;]:mt-5\" dir=\"auto\" data-message-author-role=\"assistant\" data-message-id=\"beb7a344-ff78-46f5-9016-c846e24307bf\">\n<div class=\"flex w-full flex-col gap-1 empty:hidden first:pt-[3px]\">\n<div class=\"markdown prose w-full break-words dark:prose-invert light\">\n<p style=\"text-align: justify;\">Un fuerte incendio se desat\u00f3 este lunes alrededor de las 13:00 horas en un taller mec\u00e1nico ubicado en la colonia Industrial, Quer\u00e9taro. Afortunadamente, no hubo personas lesionadas, aunque las causas del siniestro a\u00fan no est\u00e1n claras.<\/p>\n<p style=\"text-align: justify;\">El incidente podr\u00eda haberse originado por una falla mec\u00e1nica en uno de los veh\u00edculos que se encontraban dentro del taller. El personal presente logr\u00f3 evacuar el lugar de inmediato y alert\u00f3 a las autoridades llamando al n\u00famero de emergencias 9-1-1.<\/p>\n<p style=\"text-align: justify;\">Al recibir el reporte, elementos de bomberos y protecci\u00f3n civil se trasladaron r\u00e1pidamente al lugar del incidente. Tras evaluar la situaci\u00f3n y asegurarse de que no hubiera personas ni animales en riesgo dentro del inmueble, comenzaron los trabajos para controlar las llamas, las cuales generaron una densa columna de humo negro visible.<\/p>\n<p style=\"text-align: justify;\">Despu\u00e9s de varios minutos de arduo trabajo, los equipos de emergencia lograron extinguir el fuego. Las autoridades de Protecci\u00f3n Civil ser\u00e1n las encargadas de investigar las causas exactas del incendio y determinar si los propietarios del taller enfrentar\u00e1n alguna sanci\u00f3n.<\/p>\n<\/div>\n<p>&nbsp;<\/p>\n<p style=\"text-align: center;\"><strong><em>\u00a1Informaci\u00f3n que transforma!<\/em><\/strong><\/p>\n<\/div>\n<\/div>\n<\/div>\n","protected":false},"excerpt":{"rendered":"<p>Un fuerte incendio se desat\u00f3 este lunes alrededor de las 13:00 horas en un taller mec\u00e1nico ubicado en la colonia Industrial, Quer\u00e9taro.<\/p>\n","protected":false},"author":3,"featured_media":2452,"comment_status":"open","ping_status":"open","sticky":false,"template":"","format":"standard","meta":{"footnotes":""},"categories":[137,58],"tags":[586,976,154,157],"class_list":["post-2451","post","type-post","status-publish","format-standard","has-post-thumbnail","hentry","category-sucesos","category-ultima-hora","tag-emergenciasqueretaro","tag-incendioqueretaro","tag-proteccioncivil","tag-seguridadciudadana"],"yoast_head":"<!-- This site is optimized with the Yoast SEO plugin v25.0 - https:\/\/yoast.com\/wordpress\/plugins\/seo\/ -->\n<title>Incendio consume taller mec\u00e1nico en Quer\u00e9taro; no se reportan lesionados | Nexo Informativo Santiago de Quer\u00e9taro<\/title>\n<meta name=\"description\" content=\"Incendio consume taller mec\u00e1nico en Quer\u00e9taro; no se reportan lesionados\" \/>\n<meta name=\"robots\" content=\"index, follow, max-snippet:-1, max-image-preview:large, max-video-preview:-1\" \/>\n<link rel=\"canonical\" href=\"https:\/\/www.nexoinformativo.mx\/index.php\/2024\/09\/30\/incendio-consume-taller-mecanico-en-queretaro-no-se-reportan-lesionados\/\" \/>\n<meta property=\"og:locale\" content=\"es_MX\" \/>\n<meta property=\"og:type\" content=\"article\" \/>\n<meta property=\"og:title\" content=\"Incendio consume taller mec\u00e1nico en Quer\u00e9taro; no se reportan lesionados | Nexo Informativo Santiago de Quer\u00e9taro\" \/>\n<meta property=\"og:description\" content=\"Incendio consume taller mec\u00e1nico en Quer\u00e9taro; no se reportan lesionados\" \/>\n<meta property=\"og:url\" content=\"https:\/\/www.nexoinformativo.mx\/index.php\/2024\/09\/30\/incendio-consume-taller-mecanico-en-queretaro-no-se-reportan-lesionados\/\" \/>\n<meta property=\"og:site_name\" content=\"Nexo Informativo Santiago de Quer\u00e9taro\" \/>\n<meta property=\"article:publisher\" content=\"https:\/\/www.facebook.com\/people\/Nexo-Informativo\/61564066885511\/\" \/>\n<meta property=\"article:published_time\" content=\"2024-09-30T19:30:04+00:00\" \/>\n<meta property=\"article:modified_time\" content=\"2024-10-07T01:17:31+00:00\" \/>\n<meta property=\"og:image\" content=\"https:\/\/www.nexoinformativo.mx\/wp-content\/uploads\/2024\/09\/PHOTO-2024-09-30-14-50-49-e1727730139957.jpg\" \/>\n\t<meta property=\"og:image:width\" content=\"800\" \/>\n\t<meta property=\"og:image:height\" content=\"600\" \/>\n\t<meta property=\"og:image:type\" content=\"image\/jpeg\" \/>\n<meta name=\"author\" content=\"Nexo Informativo\" \/>\n<meta name=\"twitter:card\" content=\"summary_large_image\" \/>\n<meta name=\"twitter:label1\" content=\"Escrito por\" \/>\n\t<meta name=\"twitter:data1\" content=\"Nexo Informativo\" \/>\n\t<meta name=\"twitter:label2\" content=\"Tiempo de lectura\" \/>\n\t<meta name=\"twitter:data2\" content=\"1 minuto\" \/>\n<script type=\"application\/ld+json\" class=\"yoast-schema-graph\">{\"@context\":\"https:\/\/schema.org\",\"@graph\":[{\"@type\":\"Article\",\"@id\":\"https:\/\/www.nexoinformativo.mx\/index.php\/2024\/09\/30\/incendio-consume-taller-mecanico-en-queretaro-no-se-reportan-lesionados\/#article\",\"isPartOf\":{\"@id\":\"https:\/\/www.nexoinformativo.mx\/index.php\/2024\/09\/30\/incendio-consume-taller-mecanico-en-queretaro-no-se-reportan-lesionados\/\"},\"author\":{\"name\":\"Nexo Informativo\",\"@id\":\"https:\/\/www.nexoinformativo.mx\/#\/schema\/person\/7749d380ba08c8ca00d7bc76fd907b7d\"},\"headline\":\"Incendio consume taller mec\u00e1nico en Quer\u00e9taro; no se reportan lesionados\",\"datePublished\":\"2024-09-30T19:30:04+00:00\",\"dateModified\":\"2024-10-07T01:17:31+00:00\",\"mainEntityOfPage\":{\"@id\":\"https:\/\/www.nexoinformativo.mx\/index.php\/2024\/09\/30\/incendio-consume-taller-mecanico-en-queretaro-no-se-reportan-lesionados\/\"},\"wordCount\":201,\"commentCount\":0,\"publisher\":{\"@id\":\"https:\/\/www.nexoinformativo.mx\/#organization\"},\"image\":{\"@id\":\"https:\/\/www.nexoinformativo.mx\/index.php\/2024\/09\/30\/incendio-consume-taller-mecanico-en-queretaro-no-se-reportan-lesionados\/#primaryimage\"},\"thumbnailUrl\":\"https:\/\/www.nexoinformativo.mx\/wp-content\/uploads\/2024\/09\/PHOTO-2024-09-30-14-50-49-e1727730139957.jpg\",\"keywords\":[\"EmergenciasQuer\u00e9taro\",\"IncendioQuer\u00e9taro\",\"proteccioncivil\",\"SeguridadCiudadana\"],\"articleSection\":[\"Sucesos\",\"\u00daltima Hora\"],\"inLanguage\":\"es\",\"potentialAction\":[{\"@type\":\"CommentAction\",\"name\":\"Comment\",\"target\":[\"https:\/\/www.nexoinformativo.mx\/index.php\/2024\/09\/30\/incendio-consume-taller-mecanico-en-queretaro-no-se-reportan-lesionados\/#respond\"]}]},{\"@type\":\"WebPage\",\"@id\":\"https:\/\/www.nexoinformativo.mx\/index.php\/2024\/09\/30\/incendio-consume-taller-mecanico-en-queretaro-no-se-reportan-lesionados\/\",\"url\":\"https:\/\/www.nexoinformativo.mx\/index.php\/2024\/09\/30\/incendio-consume-taller-mecanico-en-queretaro-no-se-reportan-lesionados\/\",\"name\":\"Incendio consume taller mec\u00e1nico en Quer\u00e9taro; no se reportan lesionados | Nexo Informativo Santiago de Quer\u00e9taro\",\"isPartOf\":{\"@id\":\"https:\/\/www.nexoinformativo.mx\/#website\"},\"primaryImageOfPage\":{\"@id\":\"https:\/\/www.nexoinformativo.mx\/index.php\/2024\/09\/30\/incendio-consume-taller-mecanico-en-queretaro-no-se-reportan-lesionados\/#primaryimage\"},\"image\":{\"@id\":\"https:\/\/www.nexoinformativo.mx\/index.php\/2024\/09\/30\/incendio-consume-taller-mecanico-en-queretaro-no-se-reportan-lesionados\/#primaryimage\"},\"thumbnailUrl\":\"https:\/\/www.nexoinformativo.mx\/wp-content\/uploads\/2024\/09\/PHOTO-2024-09-30-14-50-49-e1727730139957.jpg\",\"datePublished\":\"2024-09-30T19:30:04+00:00\",\"dateModified\":\"2024-10-07T01:17:31+00:00\",\"description\":\"Incendio consume taller mec\u00e1nico en Quer\u00e9taro; no se reportan lesionados\",\"breadcrumb\":{\"@id\":\"https:\/\/www.nexoinformativo.mx\/index.php\/2024\/09\/30\/incendio-consume-taller-mecanico-en-queretaro-no-se-reportan-lesionados\/#breadcrumb\"},\"inLanguage\":\"es\",\"potentialAction\":[{\"@type\":\"ReadAction\",\"target\":[\"https:\/\/www.nexoinformativo.mx\/index.php\/2024\/09\/30\/incendio-consume-taller-mecanico-en-queretaro-no-se-reportan-lesionados\/\"]}]},{\"@type\":\"ImageObject\",\"inLanguage\":\"es\",\"@id\":\"https:\/\/www.nexoinformativo.mx\/index.php\/2024\/09\/30\/incendio-consume-taller-mecanico-en-queretaro-no-se-reportan-lesionados\/#primaryimage\",\"url\":\"https:\/\/www.nexoinformativo.mx\/wp-content\/uploads\/2024\/09\/PHOTO-2024-09-30-14-50-49-e1727730139957.jpg\",\"contentUrl\":\"https:\/\/www.nexoinformativo.mx\/wp-content\/uploads\/2024\/09\/PHOTO-2024-09-30-14-50-49-e1727730139957.jpg\",\"width\":800,\"height\":600},{\"@type\":\"BreadcrumbList\",\"@id\":\"https:\/\/www.nexoinformativo.mx\/index.php\/2024\/09\/30\/incendio-consume-taller-mecanico-en-queretaro-no-se-reportan-lesionados\/#breadcrumb\",\"itemListElement\":[{\"@type\":\"ListItem\",\"position\":1,\"name\":\"Inicio\",\"item\":\"https:\/\/www.nexoinformativo.mx\/\"},{\"@type\":\"ListItem\",\"position\":2,\"name\":\"Incendio consume taller mec\u00e1nico en Quer\u00e9taro; no se reportan lesionados\"}]},{\"@type\":\"WebSite\",\"@id\":\"https:\/\/www.nexoinformativo.mx\/#website\",\"url\":\"https:\/\/www.nexoinformativo.mx\/\",\"name\":\"Nexo Informativo Santiago de Quer\u00e9taro\",\"description\":\"Explora NexoInformativo y convi\u00e9rtete en parte de una comunidad que valora el conocimiento y la verdad. Tu nexoinformativo es tu puente hacia una comprensi\u00f3n m\u00e1s profunda del mundo que te rodea.\",\"publisher\":{\"@id\":\"https:\/\/www.nexoinformativo.mx\/#organization\"},\"potentialAction\":[{\"@type\":\"SearchAction\",\"target\":{\"@type\":\"EntryPoint\",\"urlTemplate\":\"https:\/\/www.nexoinformativo.mx\/?s={search_term_string}\"},\"query-input\":{\"@type\":\"PropertyValueSpecification\",\"valueRequired\":true,\"valueName\":\"search_term_string\"}}],\"inLanguage\":\"es\"},{\"@type\":\"Organization\",\"@id\":\"https:\/\/www.nexoinformativo.mx\/#organization\",\"name\":\"Nexo Informativo Santiago de Quer\u00e9taro\",\"url\":\"https:\/\/www.nexoinformativo.mx\/\",\"logo\":{\"@type\":\"ImageObject\",\"inLanguage\":\"es\",\"@id\":\"https:\/\/www.nexoinformativo.mx\/#\/schema\/logo\/image\/\",\"url\":\"https:\/\/www.nexoinformativo.mx\/wp-content\/uploads\/2024\/07\/nexoi-trasparente-2.png\",\"contentUrl\":\"https:\/\/www.nexoinformativo.mx\/wp-content\/uploads\/2024\/07\/nexoi-trasparente-2.png\",\"width\":816,\"height\":339,\"caption\":\"Nexo Informativo Santiago de Quer\u00e9taro\"},\"image\":{\"@id\":\"https:\/\/www.nexoinformativo.mx\/#\/schema\/logo\/image\/\"},\"sameAs\":[\"https:\/\/www.facebook.com\/people\/Nexo-Informativo\/61564066885511\/\"]},{\"@type\":\"Person\",\"@id\":\"https:\/\/www.nexoinformativo.mx\/#\/schema\/person\/7749d380ba08c8ca00d7bc76fd907b7d\",\"name\":\"Nexo Informativo\",\"image\":{\"@type\":\"ImageObject\",\"inLanguage\":\"es\",\"@id\":\"https:\/\/www.nexoinformativo.mx\/#\/schema\/person\/image\/\",\"url\":\"https:\/\/secure.gravatar.com\/avatar\/dde2928154642a13d95f87ddf1ea9718fe2b46760a005c53e41ff5ad610704e6?s=96&d=mm&r=g\",\"contentUrl\":\"https:\/\/secure.gravatar.com\/avatar\/dde2928154642a13d95f87ddf1ea9718fe2b46760a005c53e41ff5ad610704e6?s=96&d=mm&r=g\",\"caption\":\"Nexo Informativo\"},\"url\":\"https:\/\/www.nexoinformativo.mx\/index.php\/author\/edicion\/\"}]}<\/script>\n<!-- \/ Yoast SEO plugin. -->","yoast_head_json":{"title":"Incendio consume taller mec\u00e1nico en Quer\u00e9taro; no se reportan lesionados | Nexo Informativo Santiago de Quer\u00e9taro","description":"Incendio consume taller mec\u00e1nico en Quer\u00e9taro; no se reportan lesionados","robots":{"index":"index","follow":"follow","max-snippet":"max-snippet:-1","max-image-preview":"max-image-preview:large","max-video-preview":"max-video-preview:-1"},"canonical":"https:\/\/www.nexoinformativo.mx\/index.php\/2024\/09\/30\/incendio-consume-taller-mecanico-en-queretaro-no-se-reportan-lesionados\/","og_locale":"es_MX","og_type":"article","og_title":"Incendio consume taller mec\u00e1nico en Quer\u00e9taro; no se reportan lesionados | Nexo Informativo Santiago de Quer\u00e9taro","og_description":"Incendio consume taller mec\u00e1nico en Quer\u00e9taro; no se reportan lesionados","og_url":"https:\/\/www.nexoinformativo.mx\/index.php\/2024\/09\/30\/incendio-consume-taller-mecanico-en-queretaro-no-se-reportan-lesionados\/","og_site_name":"Nexo Informativo Santiago de Quer\u00e9taro","article_publisher":"https:\/\/www.facebook.com\/people\/Nexo-Informativo\/61564066885511\/","article_published_time":"2024-09-30T19:30:04+00:00","article_modified_time":"2024-10-07T01:17:31+00:00","og_image":[{"width":800,"height":600,"url":"https:\/\/www.nexoinformativo.mx\/wp-content\/uploads\/2024\/09\/PHOTO-2024-09-30-14-50-49-e1727730139957.jpg","type":"image\/jpeg"}],"author":"Nexo Informativo","twitter_card":"summary_large_image","twitter_misc":{"Escrito por":"Nexo Informativo","Tiempo de lectura":"1 minuto"},"schema":{"@context":"https:\/\/schema.org","@graph":[{"@type":"Article","@id":"https:\/\/www.nexoinformativo.mx\/index.php\/2024\/09\/30\/incendio-consume-taller-mecanico-en-queretaro-no-se-reportan-lesionados\/#article","isPartOf":{"@id":"https:\/\/www.nexoinformativo.mx\/index.php\/2024\/09\/30\/incendio-consume-taller-mecanico-en-queretaro-no-se-reportan-lesionados\/"},"author":{"name":"Nexo Informativo","@id":"https:\/\/www.nexoinformativo.mx\/#\/schema\/person\/7749d380ba08c8ca00d7bc76fd907b7d"},"headline":"Incendio consume taller mec\u00e1nico en Quer\u00e9taro; no se reportan lesionados","datePublished":"2024-09-30T19:30:04+00:00","dateModified":"2024-10-07T01:17:31+00:00","mainEntityOfPage":{"@id":"https:\/\/www.nexoinformativo.mx\/index.php\/2024\/09\/30\/incendio-consume-taller-mecanico-en-queretaro-no-se-reportan-lesionados\/"},"wordCount":201,"commentCount":0,"publisher":{"@id":"https:\/\/www.nexoinformativo.mx\/#organization"},"image":{"@id":"https:\/\/www.nexoinformativo.mx\/index.php\/2024\/09\/30\/incendio-consume-taller-mecanico-en-queretaro-no-se-reportan-lesionados\/#primaryimage"},"thumbnailUrl":"https:\/\/www.nexoinformativo.mx\/wp-content\/uploads\/2024\/09\/PHOTO-2024-09-30-14-50-49-e1727730139957.jpg","keywords":["EmergenciasQuer\u00e9taro","IncendioQuer\u00e9taro","proteccioncivil","SeguridadCiudadana"],"articleSection":["Sucesos","\u00daltima Hora"],"inLanguage":"es","potentialAction":[{"@type":"CommentAction","name":"Comment","target":["https:\/\/www.nexoinformativo.mx\/index.php\/2024\/09\/30\/incendio-consume-taller-mecanico-en-queretaro-no-se-reportan-lesionados\/#respond"]}]},{"@type":"WebPage","@id":"https:\/\/www.nexoinformativo.mx\/index.php\/2024\/09\/30\/incendio-consume-taller-mecanico-en-queretaro-no-se-reportan-lesionados\/","url":"https:\/\/www.nexoinformativo.mx\/index.php\/2024\/09\/30\/incendio-consume-taller-mecanico-en-queretaro-no-se-reportan-lesionados\/","name":"Incendio consume taller mec\u00e1nico en Quer\u00e9taro; no se reportan lesionados | Nexo Informativo Santiago de Quer\u00e9taro","isPartOf":{"@id":"https:\/\/www.nexoinformativo.mx\/#website"},"primaryImageOfPage":{"@id":"https:\/\/www.nexoinformativo.mx\/index.php\/2024\/09\/30\/incendio-consume-taller-mecanico-en-queretaro-no-se-reportan-lesionados\/#primaryimage"},"image":{"@id":"https:\/\/www.nexoinformativo.mx\/index.php\/2024\/09\/30\/incendio-consume-taller-mecanico-en-queretaro-no-se-reportan-lesionados\/#primaryimage"},"thumbnailUrl":"https:\/\/www.nexoinformativo.mx\/wp-content\/uploads\/2024\/09\/PHOTO-2024-09-30-14-50-49-e1727730139957.jpg","datePublished":"2024-09-30T19:30:04+00:00","dateModified":"2024-10-07T01:17:31+00:00","description":"Incendio consume taller mec\u00e1nico en Quer\u00e9taro; no se reportan lesionados","breadcrumb":{"@id":"https:\/\/www.nexoinformativo.mx\/index.php\/2024\/09\/30\/incendio-consume-taller-mecanico-en-queretaro-no-se-reportan-lesionados\/#breadcrumb"},"inLanguage":"es","potentialAction":[{"@type":"ReadAction","target":["https:\/\/www.nexoinformativo.mx\/index.php\/2024\/09\/30\/incendio-consume-taller-mecanico-en-queretaro-no-se-reportan-lesionados\/"]}]},{"@type":"ImageObject","inLanguage":"es","@id":"https:\/\/www.nexoinformativo.mx\/index.php\/2024\/09\/30\/incendio-consume-taller-mecanico-en-queretaro-no-se-reportan-lesionados\/#primaryimage","url":"https:\/\/www.nexoinformativo.mx\/wp-content\/uploads\/2024\/09\/PHOTO-2024-09-30-14-50-49-e1727730139957.jpg","contentUrl":"https:\/\/www.nexoinformativo.mx\/wp-content\/uploads\/2024\/09\/PHOTO-2024-09-30-14-50-49-e1727730139957.jpg","width":800,"height":600},{"@type":"BreadcrumbList","@id":"https:\/\/www.nexoinformativo.mx\/index.php\/2024\/09\/30\/incendio-consume-taller-mecanico-en-queretaro-no-se-reportan-lesionados\/#breadcrumb","itemListElement":[{"@type":"ListItem","position":1,"name":"Inicio","item":"https:\/\/www.nexoinformativo.mx\/"},{"@type":"ListItem","position":2,"name":"Incendio consume taller mec\u00e1nico en Quer\u00e9taro; no se reportan lesionados"}]},{"@type":"WebSite","@id":"https:\/\/www.nexoinformativo.mx\/#website","url":"https:\/\/www.nexoinformativo.mx\/","name":"Nexo Informativo Santiago de Quer\u00e9taro","description":"Explora NexoInformativo y convi\u00e9rtete en parte de una comunidad que valora el conocimiento y la verdad. Tu nexoinformativo es tu puente hacia una comprensi\u00f3n m\u00e1s profunda del mundo que te rodea.","publisher":{"@id":"https:\/\/www.nexoinformativo.mx\/#organization"},"potentialAction":[{"@type":"SearchAction","target":{"@type":"EntryPoint","urlTemplate":"https:\/\/www.nexoinformativo.mx\/?s={search_term_string}"},"query-input":{"@type":"PropertyValueSpecification","valueRequired":true,"valueName":"search_term_string"}}],"inLanguage":"es"},{"@type":"Organization","@id":"https:\/\/www.nexoinformativo.mx\/#organization","name":"Nexo Informativo Santiago de Quer\u00e9taro","url":"https:\/\/www.nexoinformativo.mx\/","logo":{"@type":"ImageObject","inLanguage":"es","@id":"https:\/\/www.nexoinformativo.mx\/#\/schema\/logo\/image\/","url":"https:\/\/www.nexoinformativo.mx\/wp-content\/uploads\/2024\/07\/nexoi-trasparente-2.png","contentUrl":"https:\/\/www.nexoinformativo.mx\/wp-content\/uploads\/2024\/07\/nexoi-trasparente-2.png","width":816,"height":339,"caption":"Nexo Informativo Santiago de Quer\u00e9taro"},"image":{"@id":"https:\/\/www.nexoinformativo.mx\/#\/schema\/logo\/image\/"},"sameAs":["https:\/\/www.facebook.com\/people\/Nexo-Informativo\/61564066885511\/"]},{"@type":"Person","@id":"https:\/\/www.nexoinformativo.mx\/#\/schema\/person\/7749d380ba08c8ca00d7bc76fd907b7d","name":"Nexo Informativo","image":{"@type":"ImageObject","inLanguage":"es","@id":"https:\/\/www.nexoinformativo.mx\/#\/schema\/person\/image\/","url":"https:\/\/secure.gravatar.com\/avatar\/dde2928154642a13d95f87ddf1ea9718fe2b46760a005c53e41ff5ad610704e6?s=96&d=mm&r=g","contentUrl":"https:\/\/secure.gravatar.com\/avatar\/dde2928154642a13d95f87ddf1ea9718fe2b46760a005c53e41ff5ad610704e6?s=96&d=mm&r=g","caption":"Nexo Informativo"},"url":"https:\/\/www.nexoinformativo.mx\/index.php\/author\/edicion\/"}]}},"_links":{"self":[{"href":"https:\/\/www.nexoinformativo.mx\/index.php\/wp-json\/wp\/v2\/posts\/2451","targetHints":{"allow":["GET"]}}],"collection":[{"href":"https:\/\/www.nexoinformativo.mx\/index.php\/wp-json\/wp\/v2\/posts"}],"about":[{"href":"https:\/\/www.nexoinformativo.mx\/index.php\/wp-json\/wp\/v2\/types\/post"}],"author":[{"embeddable":true,"href":"https:\/\/www.nexoinformativo.mx\/index.php\/wp-json\/wp\/v2\/users\/3"}],"replies":[{"embeddable":true,"href":"https:\/\/www.nexoinformativo.mx\/index.php\/wp-json\/wp\/v2\/comments?post=2451"}],"version-history":[{"count":4,"href":"https:\/\/www.nexoinformativo.mx\/index.php\/wp-json\/wp\/v2\/posts\/2451\/revisions"}],"predecessor-version":[{"id":2776,"href":"https:\/\/www.nexoinformativo.mx\/index.php\/wp-json\/wp\/v2\/posts\/2451\/revisions\/2776"}],"wp:featuredmedia":[{"embeddable":true,"href":"https:\/\/www.nexoinformativo.mx\/index.php\/wp-json\/wp\/v2\/media\/2452"}],"wp:attachment":[{"href":"https:\/\/www.nexoinformativo.mx\/index.php\/wp-json\/wp\/v2\/media?parent=2451"}],"wp:term":[{"taxonomy":"category","embeddable":true,"href":"https:\/\/www.nexoinformativo.mx\/index.php\/wp-json\/wp\/v2\/categories?post=2451"},{"taxonomy":"post_tag","embeddable":true,"href":"https:\/\/www.nexoinformativo.mx\/index.php\/wp-json\/wp\/v2\/tags?post=2451"}],"curies":[{"name":"wp","href":"https:\/\/api.w.org\/{rel}","templated":true}]}}