{"id":2458,"date":"2024-10-01T07:00:08","date_gmt":"2024-10-01T13:00:08","guid":{"rendered":"https:\/\/www.nexoinformativo.mx\/?p=2458"},"modified":"2024-10-06T19:16:43","modified_gmt":"2024-10-07T01:16:43","slug":"cambian-mando-en-la-secretaria-de-seguridad-publica-de-corregidora-chepe-guerrero-reitera-compromiso-con-la-seguridad","status":"publish","type":"post","link":"https:\/\/www.nexoinformativo.mx\/index.php\/2024\/10\/01\/cambian-mando-en-la-secretaria-de-seguridad-publica-de-corregidora-chepe-guerrero-reitera-compromiso-con-la-seguridad\/","title":{"rendered":"Cambian mando en la Secretar\u00eda de Seguridad P\u00fablica de Corregidora; Chepe Guerrero reitera compromiso con la seguridad"},"content":{"rendered":"<p style=\"text-align: justify;\">El presidente municipal de Corregidora, Chepe Guerrero, presidi\u00f3 el cambio de mando en la Secretar\u00eda de Seguridad P\u00fablica Municipal <strong>(SSPMC)<\/strong>. En la ceremonia, Caroline Lanestosa, secretaria saliente, entreg\u00f3 la direcci\u00f3n de la fuerza policial a \u00c1ngel Rangel, quien asume el liderazgo de la <strong>SSPMC<\/strong>. El alcalde agradeci\u00f3 la labor de Lanestosa y exhort\u00f3 al nuevo titular a fortalecer los esfuerzos en la seguridad del municipio.<\/p>\n<p>&nbsp;<\/p>\n<p style=\"text-align: justify;\">Chepe Guerrero reafirm\u00f3 su compromiso de proporcionar a las y los polic\u00edas las herramientas necesarias en t\u00e9rminos de equipamiento, capacitaci\u00f3n y tecnolog\u00eda, para realizar su labor de manera efectiva y segura. &#8220;<strong>Tienen un presidente que valora su trabajo, hijo de un polic\u00eda, que estar\u00e1 con ustedes en cada paso&#8221;<\/strong>, expres\u00f3 durante su discurso.<\/p>\n<p>&nbsp;<\/p>\n<p style=\"text-align: justify;\">\u00c1ngel Rangel, nuevo secretario de la SSPMC, agradeci\u00f3 la confianza y asegur\u00f3 que seguir\u00e1 trabajando junto al gobierno estatal para mantener a Corregidora como un referente en seguridad. Su enfoque estar\u00e1 en la proximidad policial para prevenir el delito y garantizar una respuesta r\u00e1pida a los reportes ciudadanos.<\/p>\n<p>&nbsp;<\/p>\n<p style=\"text-align: justify;\">Por otro lado, Omar Lugo Aguilar continuar\u00e1 al frente de la Coordinaci\u00f3n Municipal de Protecci\u00f3n Civil, \u00e1rea que Chepe Guerrero tambi\u00e9n destac\u00f3 por su importante labor en la atenci\u00f3n de emergencias. El presidente municipal reconoci\u00f3 la valent\u00eda y dedicaci\u00f3n del equipo de Protecci\u00f3n Civil.<\/p>\n<p>&nbsp;<\/p>\n<p>&nbsp;<\/p>\n<p style=\"text-align: center;\"><strong><em>\u00a1Informaci\u00f3n que transforma!<\/em><\/strong><\/p>\n","protected":false},"excerpt":{"rendered":"<p>El presidente municipal de Corregidora, Chepe Guerrero, presidi\u00f3 el cambio de mando en la Secretar\u00eda de Seguridad P\u00fablica Municipal (SSPMC).<\/p>\n","protected":false},"author":3,"featured_media":2459,"comment_status":"open","ping_status":"open","sticky":false,"template":"","format":"standard","meta":{"footnotes":""},"categories":[65,58],"tags":[977,978,447,920],"class_list":["post-2458","post","type-post","status-publish","format-standard","has-post-thumbnail","hentry","category-municipios","category-ultima-hora","tag-cambiodemando","tag-corregidoraseguro","tag-proteccionciudadana","tag-seguridadcorregidora"],"yoast_head":"<!-- This site is optimized with the Yoast SEO plugin v25.0 - https:\/\/yoast.com\/wordpress\/plugins\/seo\/ -->\n<title>Cambian mando en la Secretar\u00eda de Seguridad P\u00fablica de Corregidora; Chepe Guerrero reitera compromiso con la seguridad | Nexo Informativo Santiago de Quer\u00e9taro<\/title>\n<meta name=\"description\" content=\"Cambian mando en la Secretar\u00eda de Seguridad P\u00fablica de Corregidora; Chepe Guerrero reitera compromiso con la seguridad\" \/>\n<meta name=\"robots\" content=\"index, follow, max-snippet:-1, max-image-preview:large, max-video-preview:-1\" \/>\n<link rel=\"canonical\" href=\"https:\/\/www.nexoinformativo.mx\/index.php\/2024\/10\/01\/cambian-mando-en-la-secretaria-de-seguridad-publica-de-corregidora-chepe-guerrero-reitera-compromiso-con-la-seguridad\/\" \/>\n<meta property=\"og:locale\" content=\"es_MX\" \/>\n<meta property=\"og:type\" content=\"article\" \/>\n<meta property=\"og:title\" content=\"Cambian mando en la Secretar\u00eda de Seguridad P\u00fablica de Corregidora; Chepe Guerrero reitera compromiso con la seguridad | Nexo Informativo Santiago de Quer\u00e9taro\" \/>\n<meta property=\"og:description\" content=\"Cambian mando en la Secretar\u00eda de Seguridad P\u00fablica de Corregidora; Chepe Guerrero reitera compromiso con la seguridad\" \/>\n<meta property=\"og:url\" content=\"https:\/\/www.nexoinformativo.mx\/index.php\/2024\/10\/01\/cambian-mando-en-la-secretaria-de-seguridad-publica-de-corregidora-chepe-guerrero-reitera-compromiso-con-la-seguridad\/\" \/>\n<meta property=\"og:site_name\" content=\"Nexo Informativo Santiago de Quer\u00e9taro\" \/>\n<meta property=\"article:publisher\" content=\"https:\/\/www.facebook.com\/people\/Nexo-Informativo\/61564066885511\/\" \/>\n<meta property=\"article:published_time\" content=\"2024-10-01T13:00:08+00:00\" \/>\n<meta property=\"article:modified_time\" content=\"2024-10-07T01:16:43+00:00\" \/>\n<meta property=\"og:image\" content=\"https:\/\/www.nexoinformativo.mx\/wp-content\/uploads\/2024\/10\/PHOTO-2024-10-01-08-58-27-e1727798138869.jpg\" \/>\n\t<meta property=\"og:image:width\" content=\"800\" \/>\n\t<meta property=\"og:image:height\" content=\"533\" \/>\n\t<meta property=\"og:image:type\" content=\"image\/jpeg\" \/>\n<meta name=\"author\" content=\"Nexo Informativo\" \/>\n<meta name=\"twitter:card\" content=\"summary_large_image\" \/>\n<meta name=\"twitter:label1\" content=\"Escrito por\" \/>\n\t<meta name=\"twitter:data1\" content=\"Nexo Informativo\" \/>\n\t<meta name=\"twitter:label2\" content=\"Tiempo de lectura\" \/>\n\t<meta name=\"twitter:data2\" content=\"2 minutos\" \/>\n<script type=\"application\/ld+json\" class=\"yoast-schema-graph\">{\"@context\":\"https:\/\/schema.org\",\"@graph\":[{\"@type\":\"Article\",\"@id\":\"https:\/\/www.nexoinformativo.mx\/index.php\/2024\/10\/01\/cambian-mando-en-la-secretaria-de-seguridad-publica-de-corregidora-chepe-guerrero-reitera-compromiso-con-la-seguridad\/#article\",\"isPartOf\":{\"@id\":\"https:\/\/www.nexoinformativo.mx\/index.php\/2024\/10\/01\/cambian-mando-en-la-secretaria-de-seguridad-publica-de-corregidora-chepe-guerrero-reitera-compromiso-con-la-seguridad\/\"},\"author\":{\"name\":\"Nexo Informativo\",\"@id\":\"https:\/\/www.nexoinformativo.mx\/#\/schema\/person\/7749d380ba08c8ca00d7bc76fd907b7d\"},\"headline\":\"Cambian mando en la Secretar\u00eda de Seguridad P\u00fablica de Corregidora; Chepe Guerrero reitera compromiso con la seguridad\",\"datePublished\":\"2024-10-01T13:00:08+00:00\",\"dateModified\":\"2024-10-07T01:16:43+00:00\",\"mainEntityOfPage\":{\"@id\":\"https:\/\/www.nexoinformativo.mx\/index.php\/2024\/10\/01\/cambian-mando-en-la-secretaria-de-seguridad-publica-de-corregidora-chepe-guerrero-reitera-compromiso-con-la-seguridad\/\"},\"wordCount\":254,\"commentCount\":0,\"publisher\":{\"@id\":\"https:\/\/www.nexoinformativo.mx\/#organization\"},\"image\":{\"@id\":\"https:\/\/www.nexoinformativo.mx\/index.php\/2024\/10\/01\/cambian-mando-en-la-secretaria-de-seguridad-publica-de-corregidora-chepe-guerrero-reitera-compromiso-con-la-seguridad\/#primaryimage\"},\"thumbnailUrl\":\"https:\/\/www.nexoinformativo.mx\/wp-content\/uploads\/2024\/10\/PHOTO-2024-10-01-08-58-27-e1727798138869.jpg\",\"keywords\":[\"CambioDeMando\",\"CorregidoraSeguro\",\"Protecci\u00f3nCiudadana\",\"SeguridadCorregidora\"],\"articleSection\":[\"Municipios\",\"\u00daltima Hora\"],\"inLanguage\":\"es\",\"potentialAction\":[{\"@type\":\"CommentAction\",\"name\":\"Comment\",\"target\":[\"https:\/\/www.nexoinformativo.mx\/index.php\/2024\/10\/01\/cambian-mando-en-la-secretaria-de-seguridad-publica-de-corregidora-chepe-guerrero-reitera-compromiso-con-la-seguridad\/#respond\"]}]},{\"@type\":\"WebPage\",\"@id\":\"https:\/\/www.nexoinformativo.mx\/index.php\/2024\/10\/01\/cambian-mando-en-la-secretaria-de-seguridad-publica-de-corregidora-chepe-guerrero-reitera-compromiso-con-la-seguridad\/\",\"url\":\"https:\/\/www.nexoinformativo.mx\/index.php\/2024\/10\/01\/cambian-mando-en-la-secretaria-de-seguridad-publica-de-corregidora-chepe-guerrero-reitera-compromiso-con-la-seguridad\/\",\"name\":\"Cambian mando en la Secretar\u00eda de Seguridad P\u00fablica de Corregidora; Chepe Guerrero reitera compromiso con la seguridad | Nexo Informativo Santiago de Quer\u00e9taro\",\"isPartOf\":{\"@id\":\"https:\/\/www.nexoinformativo.mx\/#website\"},\"primaryImageOfPage\":{\"@id\":\"https:\/\/www.nexoinformativo.mx\/index.php\/2024\/10\/01\/cambian-mando-en-la-secretaria-de-seguridad-publica-de-corregidora-chepe-guerrero-reitera-compromiso-con-la-seguridad\/#primaryimage\"},\"image\":{\"@id\":\"https:\/\/www.nexoinformativo.mx\/index.php\/2024\/10\/01\/cambian-mando-en-la-secretaria-de-seguridad-publica-de-corregidora-chepe-guerrero-reitera-compromiso-con-la-seguridad\/#primaryimage\"},\"thumbnailUrl\":\"https:\/\/www.nexoinformativo.mx\/wp-content\/uploads\/2024\/10\/PHOTO-2024-10-01-08-58-27-e1727798138869.jpg\",\"datePublished\":\"2024-10-01T13:00:08+00:00\",\"dateModified\":\"2024-10-07T01:16:43+00:00\",\"description\":\"Cambian mando en la Secretar\u00eda de Seguridad P\u00fablica de Corregidora; Chepe Guerrero reitera compromiso con la seguridad\",\"breadcrumb\":{\"@id\":\"https:\/\/www.nexoinformativo.mx\/index.php\/2024\/10\/01\/cambian-mando-en-la-secretaria-de-seguridad-publica-de-corregidora-chepe-guerrero-reitera-compromiso-con-la-seguridad\/#breadcrumb\"},\"inLanguage\":\"es\",\"potentialAction\":[{\"@type\":\"ReadAction\",\"target\":[\"https:\/\/www.nexoinformativo.mx\/index.php\/2024\/10\/01\/cambian-mando-en-la-secretaria-de-seguridad-publica-de-corregidora-chepe-guerrero-reitera-compromiso-con-la-seguridad\/\"]}]},{\"@type\":\"ImageObject\",\"inLanguage\":\"es\",\"@id\":\"https:\/\/www.nexoinformativo.mx\/index.php\/2024\/10\/01\/cambian-mando-en-la-secretaria-de-seguridad-publica-de-corregidora-chepe-guerrero-reitera-compromiso-con-la-seguridad\/#primaryimage\",\"url\":\"https:\/\/www.nexoinformativo.mx\/wp-content\/uploads\/2024\/10\/PHOTO-2024-10-01-08-58-27-e1727798138869.jpg\",\"contentUrl\":\"https:\/\/www.nexoinformativo.mx\/wp-content\/uploads\/2024\/10\/PHOTO-2024-10-01-08-58-27-e1727798138869.jpg\",\"width\":800,\"height\":533},{\"@type\":\"BreadcrumbList\",\"@id\":\"https:\/\/www.nexoinformativo.mx\/index.php\/2024\/10\/01\/cambian-mando-en-la-secretaria-de-seguridad-publica-de-corregidora-chepe-guerrero-reitera-compromiso-con-la-seguridad\/#breadcrumb\",\"itemListElement\":[{\"@type\":\"ListItem\",\"position\":1,\"name\":\"Inicio\",\"item\":\"https:\/\/www.nexoinformativo.mx\/\"},{\"@type\":\"ListItem\",\"position\":2,\"name\":\"Cambian mando en la Secretar\u00eda de Seguridad P\u00fablica de Corregidora; Chepe Guerrero reitera compromiso con la seguridad\"}]},{\"@type\":\"WebSite\",\"@id\":\"https:\/\/www.nexoinformativo.mx\/#website\",\"url\":\"https:\/\/www.nexoinformativo.mx\/\",\"name\":\"Nexo Informativo Santiago de Quer\u00e9taro\",\"description\":\"Explora NexoInformativo y convi\u00e9rtete en parte de una comunidad que valora el conocimiento y la verdad. Tu nexoinformativo es tu puente hacia una comprensi\u00f3n m\u00e1s profunda del mundo que te rodea.\",\"publisher\":{\"@id\":\"https:\/\/www.nexoinformativo.mx\/#organization\"},\"potentialAction\":[{\"@type\":\"SearchAction\",\"target\":{\"@type\":\"EntryPoint\",\"urlTemplate\":\"https:\/\/www.nexoinformativo.mx\/?s={search_term_string}\"},\"query-input\":{\"@type\":\"PropertyValueSpecification\",\"valueRequired\":true,\"valueName\":\"search_term_string\"}}],\"inLanguage\":\"es\"},{\"@type\":\"Organization\",\"@id\":\"https:\/\/www.nexoinformativo.mx\/#organization\",\"name\":\"Nexo Informativo Santiago de Quer\u00e9taro\",\"url\":\"https:\/\/www.nexoinformativo.mx\/\",\"logo\":{\"@type\":\"ImageObject\",\"inLanguage\":\"es\",\"@id\":\"https:\/\/www.nexoinformativo.mx\/#\/schema\/logo\/image\/\",\"url\":\"https:\/\/www.nexoinformativo.mx\/wp-content\/uploads\/2024\/07\/nexoi-trasparente-2.png\",\"contentUrl\":\"https:\/\/www.nexoinformativo.mx\/wp-content\/uploads\/2024\/07\/nexoi-trasparente-2.png\",\"width\":816,\"height\":339,\"caption\":\"Nexo Informativo Santiago de Quer\u00e9taro\"},\"image\":{\"@id\":\"https:\/\/www.nexoinformativo.mx\/#\/schema\/logo\/image\/\"},\"sameAs\":[\"https:\/\/www.facebook.com\/people\/Nexo-Informativo\/61564066885511\/\"]},{\"@type\":\"Person\",\"@id\":\"https:\/\/www.nexoinformativo.mx\/#\/schema\/person\/7749d380ba08c8ca00d7bc76fd907b7d\",\"name\":\"Nexo Informativo\",\"image\":{\"@type\":\"ImageObject\",\"inLanguage\":\"es\",\"@id\":\"https:\/\/www.nexoinformativo.mx\/#\/schema\/person\/image\/\",\"url\":\"https:\/\/secure.gravatar.com\/avatar\/dde2928154642a13d95f87ddf1ea9718fe2b46760a005c53e41ff5ad610704e6?s=96&d=mm&r=g\",\"contentUrl\":\"https:\/\/secure.gravatar.com\/avatar\/dde2928154642a13d95f87ddf1ea9718fe2b46760a005c53e41ff5ad610704e6?s=96&d=mm&r=g\",\"caption\":\"Nexo Informativo\"},\"url\":\"https:\/\/www.nexoinformativo.mx\/index.php\/author\/edicion\/\"}]}<\/script>\n<!-- \/ Yoast SEO plugin. -->","yoast_head_json":{"title":"Cambian mando en la Secretar\u00eda de Seguridad P\u00fablica de Corregidora; Chepe Guerrero reitera compromiso con la seguridad | Nexo Informativo Santiago de Quer\u00e9taro","description":"Cambian mando en la Secretar\u00eda de Seguridad P\u00fablica de Corregidora; Chepe Guerrero reitera compromiso con la seguridad","robots":{"index":"index","follow":"follow","max-snippet":"max-snippet:-1","max-image-preview":"max-image-preview:large","max-video-preview":"max-video-preview:-1"},"canonical":"https:\/\/www.nexoinformativo.mx\/index.php\/2024\/10\/01\/cambian-mando-en-la-secretaria-de-seguridad-publica-de-corregidora-chepe-guerrero-reitera-compromiso-con-la-seguridad\/","og_locale":"es_MX","og_type":"article","og_title":"Cambian mando en la Secretar\u00eda de Seguridad P\u00fablica de Corregidora; Chepe Guerrero reitera compromiso con la seguridad | Nexo Informativo Santiago de Quer\u00e9taro","og_description":"Cambian mando en la Secretar\u00eda de Seguridad P\u00fablica de Corregidora; Chepe Guerrero reitera compromiso con la seguridad","og_url":"https:\/\/www.nexoinformativo.mx\/index.php\/2024\/10\/01\/cambian-mando-en-la-secretaria-de-seguridad-publica-de-corregidora-chepe-guerrero-reitera-compromiso-con-la-seguridad\/","og_site_name":"Nexo Informativo Santiago de Quer\u00e9taro","article_publisher":"https:\/\/www.facebook.com\/people\/Nexo-Informativo\/61564066885511\/","article_published_time":"2024-10-01T13:00:08+00:00","article_modified_time":"2024-10-07T01:16:43+00:00","og_image":[{"width":800,"height":533,"url":"https:\/\/www.nexoinformativo.mx\/wp-content\/uploads\/2024\/10\/PHOTO-2024-10-01-08-58-27-e1727798138869.jpg","type":"image\/jpeg"}],"author":"Nexo Informativo","twitter_card":"summary_large_image","twitter_misc":{"Escrito por":"Nexo Informativo","Tiempo de lectura":"2 minutos"},"schema":{"@context":"https:\/\/schema.org","@graph":[{"@type":"Article","@id":"https:\/\/www.nexoinformativo.mx\/index.php\/2024\/10\/01\/cambian-mando-en-la-secretaria-de-seguridad-publica-de-corregidora-chepe-guerrero-reitera-compromiso-con-la-seguridad\/#article","isPartOf":{"@id":"https:\/\/www.nexoinformativo.mx\/index.php\/2024\/10\/01\/cambian-mando-en-la-secretaria-de-seguridad-publica-de-corregidora-chepe-guerrero-reitera-compromiso-con-la-seguridad\/"},"author":{"name":"Nexo Informativo","@id":"https:\/\/www.nexoinformativo.mx\/#\/schema\/person\/7749d380ba08c8ca00d7bc76fd907b7d"},"headline":"Cambian mando en la Secretar\u00eda de Seguridad P\u00fablica de Corregidora; Chepe Guerrero reitera compromiso con la seguridad","datePublished":"2024-10-01T13:00:08+00:00","dateModified":"2024-10-07T01:16:43+00:00","mainEntityOfPage":{"@id":"https:\/\/www.nexoinformativo.mx\/index.php\/2024\/10\/01\/cambian-mando-en-la-secretaria-de-seguridad-publica-de-corregidora-chepe-guerrero-reitera-compromiso-con-la-seguridad\/"},"wordCount":254,"commentCount":0,"publisher":{"@id":"https:\/\/www.nexoinformativo.mx\/#organization"},"image":{"@id":"https:\/\/www.nexoinformativo.mx\/index.php\/2024\/10\/01\/cambian-mando-en-la-secretaria-de-seguridad-publica-de-corregidora-chepe-guerrero-reitera-compromiso-con-la-seguridad\/#primaryimage"},"thumbnailUrl":"https:\/\/www.nexoinformativo.mx\/wp-content\/uploads\/2024\/10\/PHOTO-2024-10-01-08-58-27-e1727798138869.jpg","keywords":["CambioDeMando","CorregidoraSeguro","Protecci\u00f3nCiudadana","SeguridadCorregidora"],"articleSection":["Municipios","\u00daltima Hora"],"inLanguage":"es","potentialAction":[{"@type":"CommentAction","name":"Comment","target":["https:\/\/www.nexoinformativo.mx\/index.php\/2024\/10\/01\/cambian-mando-en-la-secretaria-de-seguridad-publica-de-corregidora-chepe-guerrero-reitera-compromiso-con-la-seguridad\/#respond"]}]},{"@type":"WebPage","@id":"https:\/\/www.nexoinformativo.mx\/index.php\/2024\/10\/01\/cambian-mando-en-la-secretaria-de-seguridad-publica-de-corregidora-chepe-guerrero-reitera-compromiso-con-la-seguridad\/","url":"https:\/\/www.nexoinformativo.mx\/index.php\/2024\/10\/01\/cambian-mando-en-la-secretaria-de-seguridad-publica-de-corregidora-chepe-guerrero-reitera-compromiso-con-la-seguridad\/","name":"Cambian mando en la Secretar\u00eda de Seguridad P\u00fablica de Corregidora; Chepe Guerrero reitera compromiso con la seguridad | Nexo Informativo Santiago de Quer\u00e9taro","isPartOf":{"@id":"https:\/\/www.nexoinformativo.mx\/#website"},"primaryImageOfPage":{"@id":"https:\/\/www.nexoinformativo.mx\/index.php\/2024\/10\/01\/cambian-mando-en-la-secretaria-de-seguridad-publica-de-corregidora-chepe-guerrero-reitera-compromiso-con-la-seguridad\/#primaryimage"},"image":{"@id":"https:\/\/www.nexoinformativo.mx\/index.php\/2024\/10\/01\/cambian-mando-en-la-secretaria-de-seguridad-publica-de-corregidora-chepe-guerrero-reitera-compromiso-con-la-seguridad\/#primaryimage"},"thumbnailUrl":"https:\/\/www.nexoinformativo.mx\/wp-content\/uploads\/2024\/10\/PHOTO-2024-10-01-08-58-27-e1727798138869.jpg","datePublished":"2024-10-01T13:00:08+00:00","dateModified":"2024-10-07T01:16:43+00:00","description":"Cambian mando en la Secretar\u00eda de Seguridad P\u00fablica de Corregidora; Chepe Guerrero reitera compromiso con la seguridad","breadcrumb":{"@id":"https:\/\/www.nexoinformativo.mx\/index.php\/2024\/10\/01\/cambian-mando-en-la-secretaria-de-seguridad-publica-de-corregidora-chepe-guerrero-reitera-compromiso-con-la-seguridad\/#breadcrumb"},"inLanguage":"es","potentialAction":[{"@type":"ReadAction","target":["https:\/\/www.nexoinformativo.mx\/index.php\/2024\/10\/01\/cambian-mando-en-la-secretaria-de-seguridad-publica-de-corregidora-chepe-guerrero-reitera-compromiso-con-la-seguridad\/"]}]},{"@type":"ImageObject","inLanguage":"es","@id":"https:\/\/www.nexoinformativo.mx\/index.php\/2024\/10\/01\/cambian-mando-en-la-secretaria-de-seguridad-publica-de-corregidora-chepe-guerrero-reitera-compromiso-con-la-seguridad\/#primaryimage","url":"https:\/\/www.nexoinformativo.mx\/wp-content\/uploads\/2024\/10\/PHOTO-2024-10-01-08-58-27-e1727798138869.jpg","contentUrl":"https:\/\/www.nexoinformativo.mx\/wp-content\/uploads\/2024\/10\/PHOTO-2024-10-01-08-58-27-e1727798138869.jpg","width":800,"height":533},{"@type":"BreadcrumbList","@id":"https:\/\/www.nexoinformativo.mx\/index.php\/2024\/10\/01\/cambian-mando-en-la-secretaria-de-seguridad-publica-de-corregidora-chepe-guerrero-reitera-compromiso-con-la-seguridad\/#breadcrumb","itemListElement":[{"@type":"ListItem","position":1,"name":"Inicio","item":"https:\/\/www.nexoinformativo.mx\/"},{"@type":"ListItem","position":2,"name":"Cambian mando en la Secretar\u00eda de Seguridad P\u00fablica de Corregidora; Chepe Guerrero reitera compromiso con la seguridad"}]},{"@type":"WebSite","@id":"https:\/\/www.nexoinformativo.mx\/#website","url":"https:\/\/www.nexoinformativo.mx\/","name":"Nexo Informativo Santiago de Quer\u00e9taro","description":"Explora NexoInformativo y convi\u00e9rtete en parte de una comunidad que valora el conocimiento y la verdad. Tu nexoinformativo es tu puente hacia una comprensi\u00f3n m\u00e1s profunda del mundo que te rodea.","publisher":{"@id":"https:\/\/www.nexoinformativo.mx\/#organization"},"potentialAction":[{"@type":"SearchAction","target":{"@type":"EntryPoint","urlTemplate":"https:\/\/www.nexoinformativo.mx\/?s={search_term_string}"},"query-input":{"@type":"PropertyValueSpecification","valueRequired":true,"valueName":"search_term_string"}}],"inLanguage":"es"},{"@type":"Organization","@id":"https:\/\/www.nexoinformativo.mx\/#organization","name":"Nexo Informativo Santiago de Quer\u00e9taro","url":"https:\/\/www.nexoinformativo.mx\/","logo":{"@type":"ImageObject","inLanguage":"es","@id":"https:\/\/www.nexoinformativo.mx\/#\/schema\/logo\/image\/","url":"https:\/\/www.nexoinformativo.mx\/wp-content\/uploads\/2024\/07\/nexoi-trasparente-2.png","contentUrl":"https:\/\/www.nexoinformativo.mx\/wp-content\/uploads\/2024\/07\/nexoi-trasparente-2.png","width":816,"height":339,"caption":"Nexo Informativo Santiago de Quer\u00e9taro"},"image":{"@id":"https:\/\/www.nexoinformativo.mx\/#\/schema\/logo\/image\/"},"sameAs":["https:\/\/www.facebook.com\/people\/Nexo-Informativo\/61564066885511\/"]},{"@type":"Person","@id":"https:\/\/www.nexoinformativo.mx\/#\/schema\/person\/7749d380ba08c8ca00d7bc76fd907b7d","name":"Nexo Informativo","image":{"@type":"ImageObject","inLanguage":"es","@id":"https:\/\/www.nexoinformativo.mx\/#\/schema\/person\/image\/","url":"https:\/\/secure.gravatar.com\/avatar\/dde2928154642a13d95f87ddf1ea9718fe2b46760a005c53e41ff5ad610704e6?s=96&d=mm&r=g","contentUrl":"https:\/\/secure.gravatar.com\/avatar\/dde2928154642a13d95f87ddf1ea9718fe2b46760a005c53e41ff5ad610704e6?s=96&d=mm&r=g","caption":"Nexo Informativo"},"url":"https:\/\/www.nexoinformativo.mx\/index.php\/author\/edicion\/"}]}},"_links":{"self":[{"href":"https:\/\/www.nexoinformativo.mx\/index.php\/wp-json\/wp\/v2\/posts\/2458","targetHints":{"allow":["GET"]}}],"collection":[{"href":"https:\/\/www.nexoinformativo.mx\/index.php\/wp-json\/wp\/v2\/posts"}],"about":[{"href":"https:\/\/www.nexoinformativo.mx\/index.php\/wp-json\/wp\/v2\/types\/post"}],"author":[{"embeddable":true,"href":"https:\/\/www.nexoinformativo.mx\/index.php\/wp-json\/wp\/v2\/users\/3"}],"replies":[{"embeddable":true,"href":"https:\/\/www.nexoinformativo.mx\/index.php\/wp-json\/wp\/v2\/comments?post=2458"}],"version-history":[{"count":3,"href":"https:\/\/www.nexoinformativo.mx\/index.php\/wp-json\/wp\/v2\/posts\/2458\/revisions"}],"predecessor-version":[{"id":2774,"href":"https:\/\/www.nexoinformativo.mx\/index.php\/wp-json\/wp\/v2\/posts\/2458\/revisions\/2774"}],"wp:featuredmedia":[{"embeddable":true,"href":"https:\/\/www.nexoinformativo.mx\/index.php\/wp-json\/wp\/v2\/media\/2459"}],"wp:attachment":[{"href":"https:\/\/www.nexoinformativo.mx\/index.php\/wp-json\/wp\/v2\/media?parent=2458"}],"wp:term":[{"taxonomy":"category","embeddable":true,"href":"https:\/\/www.nexoinformativo.mx\/index.php\/wp-json\/wp\/v2\/categories?post=2458"},{"taxonomy":"post_tag","embeddable":true,"href":"https:\/\/www.nexoinformativo.mx\/index.php\/wp-json\/wp\/v2\/tags?post=2458"}],"curies":[{"name":"wp","href":"https:\/\/api.w.org\/{rel}","templated":true}]}}