{"id":2462,"date":"2024-10-01T08:00:48","date_gmt":"2024-10-01T14:00:48","guid":{"rendered":"https:\/\/www.nexoinformativo.mx\/?p=2462"},"modified":"2024-10-06T19:15:12","modified_gmt":"2024-10-07T01:15:12","slug":"felifer-macias-asume-como-presidente-municipal-de-queretaro-compromiso-con-un-municipio-ordenado-y-seguro","status":"publish","type":"post","link":"https:\/\/www.nexoinformativo.mx\/index.php\/2024\/10\/01\/felifer-macias-asume-como-presidente-municipal-de-queretaro-compromiso-con-un-municipio-ordenado-y-seguro\/","title":{"rendered":"Felifer Mac\u00edas asume como Presidente Municipal de Quer\u00e9taro: Compromiso con un municipio ordenado y seguro"},"content":{"rendered":"<div>\n<div dir=\"auto\" data-message-author-role=\"assistant\" data-message-id=\"70ddb204-b0cb-4a3f-bec9-5d0b2f5d2c31\">\n<div>\n<div>\n<p style=\"text-align: justify;\">Felifer Mac\u00edas ha tomado protesta como nuevo Presidente Municipal de Quer\u00e9taro para el periodo 2024-2027, comprometi\u00e9ndose a trabajar por un municipio ordenado, seguro y con oportunidades para todos. Durante la primera sesi\u00f3n Solemne de Cabildo, celebrada en el antiguo Sal\u00f3n de Cabildo de la Presidencia Municipal en la Delegaci\u00f3n Centro Hist\u00f3rico, Mac\u00edas hizo un llamado a la colaboraci\u00f3n del Ayuntamiento para lograr acuerdos que beneficien a las familias queretanas.<\/p>\n<p style=\"text-align: justify;\">El nuevo alcalde destac\u00f3 su compromiso de construir un Quer\u00e9taro unido, con justicia y oportunidades. Asegur\u00f3 que su administraci\u00f3n trabajar\u00e1 desde el primer minuto para cuidar de las familias, fomentar la civilidad, y fortalecer la comunidad a trav\u00e9s del deporte, la cultura y la participaci\u00f3n ciudadana.<\/p>\n<p style=\"text-align: justify;\"><strong>\u201cVoy a ser un presidente con los pies en la tierra y el coraz\u00f3n con la gente. El trabajo, las acciones y los resultados deben estar en la calle, no detr\u00e1s de un escritorio\u201d<\/strong>, afirm\u00f3 Mac\u00edas, subrayando su promesa de defender el derecho a una ciudad limpia, segura y ordenada, con parques y espacios p\u00fablicos bien cuidados.<\/p>\n<p style=\"text-align: justify;\">Finalmente, Felifer Mac\u00edas reiter\u00f3 su confianza en el equipo de colaboradores, secretarios y secretarias, destacando que no se tolerar\u00e1 ning\u00fan acto de corrupci\u00f3n y que su gobierno ser\u00e1 eficiente y cercano a la gente, en colaboraci\u00f3n con el Gobierno del Estado y el Gobierno Federal. Concluy\u00f3 su discurso afirmando que su administraci\u00f3n cuidar\u00e1 e impulsar\u00e1 Quer\u00e9taro para que siga siendo un lugar de esperanza y \u00e9xito.<\/p>\n<\/div>\n<\/div>\n<p>&nbsp;<\/p>\n<p style=\"text-align: center;\"><strong><em>\u00a1Informaci\u00f3n que transforma!<\/em><\/strong><\/p>\n<\/div>\n<\/div>\n<div class=\"mb-2 flex gap-3 empty:hidden -ml-2\"><\/div>\n","protected":false},"excerpt":{"rendered":"<p>Felifer Mac\u00edas ha tomado protesta como nuevo Presidente Municipal de Quer\u00e9taro para el periodo 2024-2027, comprometi\u00e9ndose a trabajar por un municipio ordenado, seguro y con oportunidades para todos.<\/p>\n","protected":false},"author":3,"featured_media":2463,"comment_status":"open","ping_status":"open","sticky":false,"template":"","format":"standard","meta":{"footnotes":""},"categories":[65,58],"tags":[981,979,242,980],"class_list":["post-2462","post","type-post","status-publish","format-standard","has-post-thumbnail","hentry","category-municipios","category-ultima-hora","tag-felifermacias2024","tag-gobiernoderesultados","tag-queretaroseguro","tag-unionyprogreso"],"yoast_head":"<!-- This site is optimized with the Yoast SEO plugin v25.0 - https:\/\/yoast.com\/wordpress\/plugins\/seo\/ -->\n<title>Felifer Mac\u00edas asume como Presidente Municipal de Quer\u00e9taro: Compromiso con un municipio ordenado y seguro | Nexo Informativo Santiago de Quer\u00e9taro<\/title>\n<meta name=\"description\" content=\"Felifer Mac\u00edas asume como Presidente Municipal de Quer\u00e9taro: Compromiso con un municipio ordenado y seguro\" \/>\n<meta name=\"robots\" content=\"index, follow, max-snippet:-1, max-image-preview:large, max-video-preview:-1\" \/>\n<link rel=\"canonical\" href=\"https:\/\/www.nexoinformativo.mx\/index.php\/2024\/10\/01\/felifer-macias-asume-como-presidente-municipal-de-queretaro-compromiso-con-un-municipio-ordenado-y-seguro\/\" \/>\n<meta property=\"og:locale\" content=\"es_MX\" \/>\n<meta property=\"og:type\" content=\"article\" \/>\n<meta property=\"og:title\" content=\"Felifer Mac\u00edas asume como Presidente Municipal de Quer\u00e9taro: Compromiso con un municipio ordenado y seguro | Nexo Informativo Santiago de Quer\u00e9taro\" \/>\n<meta property=\"og:description\" content=\"Felifer Mac\u00edas asume como Presidente Municipal de Quer\u00e9taro: Compromiso con un municipio ordenado y seguro\" \/>\n<meta property=\"og:url\" content=\"https:\/\/www.nexoinformativo.mx\/index.php\/2024\/10\/01\/felifer-macias-asume-como-presidente-municipal-de-queretaro-compromiso-con-un-municipio-ordenado-y-seguro\/\" \/>\n<meta property=\"og:site_name\" content=\"Nexo Informativo Santiago de Quer\u00e9taro\" \/>\n<meta property=\"article:publisher\" content=\"https:\/\/www.facebook.com\/people\/Nexo-Informativo\/61564066885511\/\" \/>\n<meta property=\"article:published_time\" content=\"2024-10-01T14:00:48+00:00\" \/>\n<meta property=\"article:modified_time\" content=\"2024-10-07T01:15:12+00:00\" \/>\n<meta property=\"og:image\" content=\"https:\/\/www.nexoinformativo.mx\/wp-content\/uploads\/2024\/10\/PHOTO-2024-10-01-08-58-29-e1727798648105.jpg\" \/>\n\t<meta property=\"og:image:width\" content=\"800\" \/>\n\t<meta property=\"og:image:height\" content=\"533\" \/>\n\t<meta property=\"og:image:type\" content=\"image\/jpeg\" \/>\n<meta name=\"author\" content=\"Nexo Informativo\" \/>\n<meta name=\"twitter:card\" content=\"summary_large_image\" \/>\n<meta name=\"twitter:label1\" content=\"Escrito por\" \/>\n\t<meta name=\"twitter:data1\" content=\"Nexo Informativo\" \/>\n\t<meta name=\"twitter:label2\" content=\"Tiempo de lectura\" \/>\n\t<meta name=\"twitter:data2\" content=\"2 minutos\" \/>\n<script type=\"application\/ld+json\" class=\"yoast-schema-graph\">{\"@context\":\"https:\/\/schema.org\",\"@graph\":[{\"@type\":\"Article\",\"@id\":\"https:\/\/www.nexoinformativo.mx\/index.php\/2024\/10\/01\/felifer-macias-asume-como-presidente-municipal-de-queretaro-compromiso-con-un-municipio-ordenado-y-seguro\/#article\",\"isPartOf\":{\"@id\":\"https:\/\/www.nexoinformativo.mx\/index.php\/2024\/10\/01\/felifer-macias-asume-como-presidente-municipal-de-queretaro-compromiso-con-un-municipio-ordenado-y-seguro\/\"},\"author\":{\"name\":\"Nexo Informativo\",\"@id\":\"https:\/\/www.nexoinformativo.mx\/#\/schema\/person\/7749d380ba08c8ca00d7bc76fd907b7d\"},\"headline\":\"Felifer Mac\u00edas asume como Presidente Municipal de Quer\u00e9taro: Compromiso con un municipio ordenado y seguro\",\"datePublished\":\"2024-10-01T14:00:48+00:00\",\"dateModified\":\"2024-10-07T01:15:12+00:00\",\"mainEntityOfPage\":{\"@id\":\"https:\/\/www.nexoinformativo.mx\/index.php\/2024\/10\/01\/felifer-macias-asume-como-presidente-municipal-de-queretaro-compromiso-con-un-municipio-ordenado-y-seguro\/\"},\"wordCount\":283,\"commentCount\":0,\"publisher\":{\"@id\":\"https:\/\/www.nexoinformativo.mx\/#organization\"},\"image\":{\"@id\":\"https:\/\/www.nexoinformativo.mx\/index.php\/2024\/10\/01\/felifer-macias-asume-como-presidente-municipal-de-queretaro-compromiso-con-un-municipio-ordenado-y-seguro\/#primaryimage\"},\"thumbnailUrl\":\"https:\/\/www.nexoinformativo.mx\/wp-content\/uploads\/2024\/10\/PHOTO-2024-10-01-08-58-29-e1727798648105.jpg\",\"keywords\":[\"FeliferMac\u00edas2024\",\"GobiernoDeResultados\",\"QueretaroSeguro\",\"Uni\u00f3nYProgreso\"],\"articleSection\":[\"Municipios\",\"\u00daltima Hora\"],\"inLanguage\":\"es\",\"potentialAction\":[{\"@type\":\"CommentAction\",\"name\":\"Comment\",\"target\":[\"https:\/\/www.nexoinformativo.mx\/index.php\/2024\/10\/01\/felifer-macias-asume-como-presidente-municipal-de-queretaro-compromiso-con-un-municipio-ordenado-y-seguro\/#respond\"]}]},{\"@type\":\"WebPage\",\"@id\":\"https:\/\/www.nexoinformativo.mx\/index.php\/2024\/10\/01\/felifer-macias-asume-como-presidente-municipal-de-queretaro-compromiso-con-un-municipio-ordenado-y-seguro\/\",\"url\":\"https:\/\/www.nexoinformativo.mx\/index.php\/2024\/10\/01\/felifer-macias-asume-como-presidente-municipal-de-queretaro-compromiso-con-un-municipio-ordenado-y-seguro\/\",\"name\":\"Felifer Mac\u00edas asume como Presidente Municipal de Quer\u00e9taro: Compromiso con un municipio ordenado y seguro | Nexo Informativo Santiago de Quer\u00e9taro\",\"isPartOf\":{\"@id\":\"https:\/\/www.nexoinformativo.mx\/#website\"},\"primaryImageOfPage\":{\"@id\":\"https:\/\/www.nexoinformativo.mx\/index.php\/2024\/10\/01\/felifer-macias-asume-como-presidente-municipal-de-queretaro-compromiso-con-un-municipio-ordenado-y-seguro\/#primaryimage\"},\"image\":{\"@id\":\"https:\/\/www.nexoinformativo.mx\/index.php\/2024\/10\/01\/felifer-macias-asume-como-presidente-municipal-de-queretaro-compromiso-con-un-municipio-ordenado-y-seguro\/#primaryimage\"},\"thumbnailUrl\":\"https:\/\/www.nexoinformativo.mx\/wp-content\/uploads\/2024\/10\/PHOTO-2024-10-01-08-58-29-e1727798648105.jpg\",\"datePublished\":\"2024-10-01T14:00:48+00:00\",\"dateModified\":\"2024-10-07T01:15:12+00:00\",\"description\":\"Felifer Mac\u00edas asume como Presidente Municipal de Quer\u00e9taro: Compromiso con un municipio ordenado y seguro\",\"breadcrumb\":{\"@id\":\"https:\/\/www.nexoinformativo.mx\/index.php\/2024\/10\/01\/felifer-macias-asume-como-presidente-municipal-de-queretaro-compromiso-con-un-municipio-ordenado-y-seguro\/#breadcrumb\"},\"inLanguage\":\"es\",\"potentialAction\":[{\"@type\":\"ReadAction\",\"target\":[\"https:\/\/www.nexoinformativo.mx\/index.php\/2024\/10\/01\/felifer-macias-asume-como-presidente-municipal-de-queretaro-compromiso-con-un-municipio-ordenado-y-seguro\/\"]}]},{\"@type\":\"ImageObject\",\"inLanguage\":\"es\",\"@id\":\"https:\/\/www.nexoinformativo.mx\/index.php\/2024\/10\/01\/felifer-macias-asume-como-presidente-municipal-de-queretaro-compromiso-con-un-municipio-ordenado-y-seguro\/#primaryimage\",\"url\":\"https:\/\/www.nexoinformativo.mx\/wp-content\/uploads\/2024\/10\/PHOTO-2024-10-01-08-58-29-e1727798648105.jpg\",\"contentUrl\":\"https:\/\/www.nexoinformativo.mx\/wp-content\/uploads\/2024\/10\/PHOTO-2024-10-01-08-58-29-e1727798648105.jpg\",\"width\":800,\"height\":533},{\"@type\":\"BreadcrumbList\",\"@id\":\"https:\/\/www.nexoinformativo.mx\/index.php\/2024\/10\/01\/felifer-macias-asume-como-presidente-municipal-de-queretaro-compromiso-con-un-municipio-ordenado-y-seguro\/#breadcrumb\",\"itemListElement\":[{\"@type\":\"ListItem\",\"position\":1,\"name\":\"Inicio\",\"item\":\"https:\/\/www.nexoinformativo.mx\/\"},{\"@type\":\"ListItem\",\"position\":2,\"name\":\"Felifer Mac\u00edas asume como Presidente Municipal de Quer\u00e9taro: Compromiso con un municipio ordenado y seguro\"}]},{\"@type\":\"WebSite\",\"@id\":\"https:\/\/www.nexoinformativo.mx\/#website\",\"url\":\"https:\/\/www.nexoinformativo.mx\/\",\"name\":\"Nexo Informativo Santiago de Quer\u00e9taro\",\"description\":\"Explora NexoInformativo y convi\u00e9rtete en parte de una comunidad que valora el conocimiento y la verdad. Tu nexoinformativo es tu puente hacia una comprensi\u00f3n m\u00e1s profunda del mundo que te rodea.\",\"publisher\":{\"@id\":\"https:\/\/www.nexoinformativo.mx\/#organization\"},\"potentialAction\":[{\"@type\":\"SearchAction\",\"target\":{\"@type\":\"EntryPoint\",\"urlTemplate\":\"https:\/\/www.nexoinformativo.mx\/?s={search_term_string}\"},\"query-input\":{\"@type\":\"PropertyValueSpecification\",\"valueRequired\":true,\"valueName\":\"search_term_string\"}}],\"inLanguage\":\"es\"},{\"@type\":\"Organization\",\"@id\":\"https:\/\/www.nexoinformativo.mx\/#organization\",\"name\":\"Nexo Informativo Santiago de Quer\u00e9taro\",\"url\":\"https:\/\/www.nexoinformativo.mx\/\",\"logo\":{\"@type\":\"ImageObject\",\"inLanguage\":\"es\",\"@id\":\"https:\/\/www.nexoinformativo.mx\/#\/schema\/logo\/image\/\",\"url\":\"https:\/\/www.nexoinformativo.mx\/wp-content\/uploads\/2024\/07\/nexoi-trasparente-2.png\",\"contentUrl\":\"https:\/\/www.nexoinformativo.mx\/wp-content\/uploads\/2024\/07\/nexoi-trasparente-2.png\",\"width\":816,\"height\":339,\"caption\":\"Nexo Informativo Santiago de Quer\u00e9taro\"},\"image\":{\"@id\":\"https:\/\/www.nexoinformativo.mx\/#\/schema\/logo\/image\/\"},\"sameAs\":[\"https:\/\/www.facebook.com\/people\/Nexo-Informativo\/61564066885511\/\"]},{\"@type\":\"Person\",\"@id\":\"https:\/\/www.nexoinformativo.mx\/#\/schema\/person\/7749d380ba08c8ca00d7bc76fd907b7d\",\"name\":\"Nexo Informativo\",\"image\":{\"@type\":\"ImageObject\",\"inLanguage\":\"es\",\"@id\":\"https:\/\/www.nexoinformativo.mx\/#\/schema\/person\/image\/\",\"url\":\"https:\/\/secure.gravatar.com\/avatar\/dde2928154642a13d95f87ddf1ea9718fe2b46760a005c53e41ff5ad610704e6?s=96&d=mm&r=g\",\"contentUrl\":\"https:\/\/secure.gravatar.com\/avatar\/dde2928154642a13d95f87ddf1ea9718fe2b46760a005c53e41ff5ad610704e6?s=96&d=mm&r=g\",\"caption\":\"Nexo Informativo\"},\"url\":\"https:\/\/www.nexoinformativo.mx\/index.php\/author\/edicion\/\"}]}<\/script>\n<!-- \/ Yoast SEO plugin. -->","yoast_head_json":{"title":"Felifer Mac\u00edas asume como Presidente Municipal de Quer\u00e9taro: Compromiso con un municipio ordenado y seguro | Nexo Informativo Santiago de Quer\u00e9taro","description":"Felifer Mac\u00edas asume como Presidente Municipal de Quer\u00e9taro: Compromiso con un municipio ordenado y seguro","robots":{"index":"index","follow":"follow","max-snippet":"max-snippet:-1","max-image-preview":"max-image-preview:large","max-video-preview":"max-video-preview:-1"},"canonical":"https:\/\/www.nexoinformativo.mx\/index.php\/2024\/10\/01\/felifer-macias-asume-como-presidente-municipal-de-queretaro-compromiso-con-un-municipio-ordenado-y-seguro\/","og_locale":"es_MX","og_type":"article","og_title":"Felifer Mac\u00edas asume como Presidente Municipal de Quer\u00e9taro: Compromiso con un municipio ordenado y seguro | Nexo Informativo Santiago de Quer\u00e9taro","og_description":"Felifer Mac\u00edas asume como Presidente Municipal de Quer\u00e9taro: Compromiso con un municipio ordenado y seguro","og_url":"https:\/\/www.nexoinformativo.mx\/index.php\/2024\/10\/01\/felifer-macias-asume-como-presidente-municipal-de-queretaro-compromiso-con-un-municipio-ordenado-y-seguro\/","og_site_name":"Nexo Informativo Santiago de Quer\u00e9taro","article_publisher":"https:\/\/www.facebook.com\/people\/Nexo-Informativo\/61564066885511\/","article_published_time":"2024-10-01T14:00:48+00:00","article_modified_time":"2024-10-07T01:15:12+00:00","og_image":[{"width":800,"height":533,"url":"https:\/\/www.nexoinformativo.mx\/wp-content\/uploads\/2024\/10\/PHOTO-2024-10-01-08-58-29-e1727798648105.jpg","type":"image\/jpeg"}],"author":"Nexo Informativo","twitter_card":"summary_large_image","twitter_misc":{"Escrito por":"Nexo Informativo","Tiempo de lectura":"2 minutos"},"schema":{"@context":"https:\/\/schema.org","@graph":[{"@type":"Article","@id":"https:\/\/www.nexoinformativo.mx\/index.php\/2024\/10\/01\/felifer-macias-asume-como-presidente-municipal-de-queretaro-compromiso-con-un-municipio-ordenado-y-seguro\/#article","isPartOf":{"@id":"https:\/\/www.nexoinformativo.mx\/index.php\/2024\/10\/01\/felifer-macias-asume-como-presidente-municipal-de-queretaro-compromiso-con-un-municipio-ordenado-y-seguro\/"},"author":{"name":"Nexo Informativo","@id":"https:\/\/www.nexoinformativo.mx\/#\/schema\/person\/7749d380ba08c8ca00d7bc76fd907b7d"},"headline":"Felifer Mac\u00edas asume como Presidente Municipal de Quer\u00e9taro: Compromiso con un municipio ordenado y seguro","datePublished":"2024-10-01T14:00:48+00:00","dateModified":"2024-10-07T01:15:12+00:00","mainEntityOfPage":{"@id":"https:\/\/www.nexoinformativo.mx\/index.php\/2024\/10\/01\/felifer-macias-asume-como-presidente-municipal-de-queretaro-compromiso-con-un-municipio-ordenado-y-seguro\/"},"wordCount":283,"commentCount":0,"publisher":{"@id":"https:\/\/www.nexoinformativo.mx\/#organization"},"image":{"@id":"https:\/\/www.nexoinformativo.mx\/index.php\/2024\/10\/01\/felifer-macias-asume-como-presidente-municipal-de-queretaro-compromiso-con-un-municipio-ordenado-y-seguro\/#primaryimage"},"thumbnailUrl":"https:\/\/www.nexoinformativo.mx\/wp-content\/uploads\/2024\/10\/PHOTO-2024-10-01-08-58-29-e1727798648105.jpg","keywords":["FeliferMac\u00edas2024","GobiernoDeResultados","QueretaroSeguro","Uni\u00f3nYProgreso"],"articleSection":["Municipios","\u00daltima Hora"],"inLanguage":"es","potentialAction":[{"@type":"CommentAction","name":"Comment","target":["https:\/\/www.nexoinformativo.mx\/index.php\/2024\/10\/01\/felifer-macias-asume-como-presidente-municipal-de-queretaro-compromiso-con-un-municipio-ordenado-y-seguro\/#respond"]}]},{"@type":"WebPage","@id":"https:\/\/www.nexoinformativo.mx\/index.php\/2024\/10\/01\/felifer-macias-asume-como-presidente-municipal-de-queretaro-compromiso-con-un-municipio-ordenado-y-seguro\/","url":"https:\/\/www.nexoinformativo.mx\/index.php\/2024\/10\/01\/felifer-macias-asume-como-presidente-municipal-de-queretaro-compromiso-con-un-municipio-ordenado-y-seguro\/","name":"Felifer Mac\u00edas asume como Presidente Municipal de Quer\u00e9taro: Compromiso con un municipio ordenado y seguro | Nexo Informativo Santiago de Quer\u00e9taro","isPartOf":{"@id":"https:\/\/www.nexoinformativo.mx\/#website"},"primaryImageOfPage":{"@id":"https:\/\/www.nexoinformativo.mx\/index.php\/2024\/10\/01\/felifer-macias-asume-como-presidente-municipal-de-queretaro-compromiso-con-un-municipio-ordenado-y-seguro\/#primaryimage"},"image":{"@id":"https:\/\/www.nexoinformativo.mx\/index.php\/2024\/10\/01\/felifer-macias-asume-como-presidente-municipal-de-queretaro-compromiso-con-un-municipio-ordenado-y-seguro\/#primaryimage"},"thumbnailUrl":"https:\/\/www.nexoinformativo.mx\/wp-content\/uploads\/2024\/10\/PHOTO-2024-10-01-08-58-29-e1727798648105.jpg","datePublished":"2024-10-01T14:00:48+00:00","dateModified":"2024-10-07T01:15:12+00:00","description":"Felifer Mac\u00edas asume como Presidente Municipal de Quer\u00e9taro: Compromiso con un municipio ordenado y seguro","breadcrumb":{"@id":"https:\/\/www.nexoinformativo.mx\/index.php\/2024\/10\/01\/felifer-macias-asume-como-presidente-municipal-de-queretaro-compromiso-con-un-municipio-ordenado-y-seguro\/#breadcrumb"},"inLanguage":"es","potentialAction":[{"@type":"ReadAction","target":["https:\/\/www.nexoinformativo.mx\/index.php\/2024\/10\/01\/felifer-macias-asume-como-presidente-municipal-de-queretaro-compromiso-con-un-municipio-ordenado-y-seguro\/"]}]},{"@type":"ImageObject","inLanguage":"es","@id":"https:\/\/www.nexoinformativo.mx\/index.php\/2024\/10\/01\/felifer-macias-asume-como-presidente-municipal-de-queretaro-compromiso-con-un-municipio-ordenado-y-seguro\/#primaryimage","url":"https:\/\/www.nexoinformativo.mx\/wp-content\/uploads\/2024\/10\/PHOTO-2024-10-01-08-58-29-e1727798648105.jpg","contentUrl":"https:\/\/www.nexoinformativo.mx\/wp-content\/uploads\/2024\/10\/PHOTO-2024-10-01-08-58-29-e1727798648105.jpg","width":800,"height":533},{"@type":"BreadcrumbList","@id":"https:\/\/www.nexoinformativo.mx\/index.php\/2024\/10\/01\/felifer-macias-asume-como-presidente-municipal-de-queretaro-compromiso-con-un-municipio-ordenado-y-seguro\/#breadcrumb","itemListElement":[{"@type":"ListItem","position":1,"name":"Inicio","item":"https:\/\/www.nexoinformativo.mx\/"},{"@type":"ListItem","position":2,"name":"Felifer Mac\u00edas asume como Presidente Municipal de Quer\u00e9taro: Compromiso con un municipio ordenado y seguro"}]},{"@type":"WebSite","@id":"https:\/\/www.nexoinformativo.mx\/#website","url":"https:\/\/www.nexoinformativo.mx\/","name":"Nexo Informativo Santiago de Quer\u00e9taro","description":"Explora NexoInformativo y convi\u00e9rtete en parte de una comunidad que valora el conocimiento y la verdad. Tu nexoinformativo es tu puente hacia una comprensi\u00f3n m\u00e1s profunda del mundo que te rodea.","publisher":{"@id":"https:\/\/www.nexoinformativo.mx\/#organization"},"potentialAction":[{"@type":"SearchAction","target":{"@type":"EntryPoint","urlTemplate":"https:\/\/www.nexoinformativo.mx\/?s={search_term_string}"},"query-input":{"@type":"PropertyValueSpecification","valueRequired":true,"valueName":"search_term_string"}}],"inLanguage":"es"},{"@type":"Organization","@id":"https:\/\/www.nexoinformativo.mx\/#organization","name":"Nexo Informativo Santiago de Quer\u00e9taro","url":"https:\/\/www.nexoinformativo.mx\/","logo":{"@type":"ImageObject","inLanguage":"es","@id":"https:\/\/www.nexoinformativo.mx\/#\/schema\/logo\/image\/","url":"https:\/\/www.nexoinformativo.mx\/wp-content\/uploads\/2024\/07\/nexoi-trasparente-2.png","contentUrl":"https:\/\/www.nexoinformativo.mx\/wp-content\/uploads\/2024\/07\/nexoi-trasparente-2.png","width":816,"height":339,"caption":"Nexo Informativo Santiago de Quer\u00e9taro"},"image":{"@id":"https:\/\/www.nexoinformativo.mx\/#\/schema\/logo\/image\/"},"sameAs":["https:\/\/www.facebook.com\/people\/Nexo-Informativo\/61564066885511\/"]},{"@type":"Person","@id":"https:\/\/www.nexoinformativo.mx\/#\/schema\/person\/7749d380ba08c8ca00d7bc76fd907b7d","name":"Nexo Informativo","image":{"@type":"ImageObject","inLanguage":"es","@id":"https:\/\/www.nexoinformativo.mx\/#\/schema\/person\/image\/","url":"https:\/\/secure.gravatar.com\/avatar\/dde2928154642a13d95f87ddf1ea9718fe2b46760a005c53e41ff5ad610704e6?s=96&d=mm&r=g","contentUrl":"https:\/\/secure.gravatar.com\/avatar\/dde2928154642a13d95f87ddf1ea9718fe2b46760a005c53e41ff5ad610704e6?s=96&d=mm&r=g","caption":"Nexo Informativo"},"url":"https:\/\/www.nexoinformativo.mx\/index.php\/author\/edicion\/"}]}},"_links":{"self":[{"href":"https:\/\/www.nexoinformativo.mx\/index.php\/wp-json\/wp\/v2\/posts\/2462","targetHints":{"allow":["GET"]}}],"collection":[{"href":"https:\/\/www.nexoinformativo.mx\/index.php\/wp-json\/wp\/v2\/posts"}],"about":[{"href":"https:\/\/www.nexoinformativo.mx\/index.php\/wp-json\/wp\/v2\/types\/post"}],"author":[{"embeddable":true,"href":"https:\/\/www.nexoinformativo.mx\/index.php\/wp-json\/wp\/v2\/users\/3"}],"replies":[{"embeddable":true,"href":"https:\/\/www.nexoinformativo.mx\/index.php\/wp-json\/wp\/v2\/comments?post=2462"}],"version-history":[{"count":4,"href":"https:\/\/www.nexoinformativo.mx\/index.php\/wp-json\/wp\/v2\/posts\/2462\/revisions"}],"predecessor-version":[{"id":2465,"href":"https:\/\/www.nexoinformativo.mx\/index.php\/wp-json\/wp\/v2\/posts\/2462\/revisions\/2465"}],"wp:featuredmedia":[{"embeddable":true,"href":"https:\/\/www.nexoinformativo.mx\/index.php\/wp-json\/wp\/v2\/media\/2463"}],"wp:attachment":[{"href":"https:\/\/www.nexoinformativo.mx\/index.php\/wp-json\/wp\/v2\/media?parent=2462"}],"wp:term":[{"taxonomy":"category","embeddable":true,"href":"https:\/\/www.nexoinformativo.mx\/index.php\/wp-json\/wp\/v2\/categories?post=2462"},{"taxonomy":"post_tag","embeddable":true,"href":"https:\/\/www.nexoinformativo.mx\/index.php\/wp-json\/wp\/v2\/tags?post=2462"}],"curies":[{"name":"wp","href":"https:\/\/api.w.org\/{rel}","templated":true}]}}