{"id":2466,"date":"2024-10-01T08:00:12","date_gmt":"2024-10-01T14:00:12","guid":{"rendered":"https:\/\/www.nexoinformativo.mx\/?p=2466"},"modified":"2024-10-06T19:15:52","modified_gmt":"2024-10-07T01:15:52","slug":"roberto-cabrera-presenta-a-orlando-chavez-landaverde-como-nuevo-titular-de-la-sspm-en-san-juan-del-rio","status":"publish","type":"post","link":"https:\/\/www.nexoinformativo.mx\/index.php\/2024\/10\/01\/roberto-cabrera-presenta-a-orlando-chavez-landaverde-como-nuevo-titular-de-la-sspm-en-san-juan-del-rio\/","title":{"rendered":"Roberto Cabrera presenta a Orlando Ch\u00e1vez Landaverde como nuevo titular de la SSPM en San Juan del R\u00edo"},"content":{"rendered":"<div class=\"flex max-w-full flex-col flex-grow\">\n<div class=\"min-h-8 text-message flex w-full flex-col items-end gap-2 whitespace-normal break-words [.text-message+&amp;]:mt-5\" dir=\"auto\" data-message-author-role=\"assistant\" data-message-id=\"f3097a03-c635-456d-8eb3-d979dcdcec0f\">\n<div class=\"flex w-full flex-col gap-1 empty:hidden first:pt-[3px]\">\n<div class=\"markdown prose w-full break-words dark:prose-invert light\">\n<p style=\"text-align: justify;\">En los primeros minutos del 1 de octubre, el presidente municipal de San Juan del R\u00edo, Roberto Cabrera Valencia, realiz\u00f3 el Cambio de Mando de la Secretar\u00eda de Seguridad P\u00fablica Municipal <strong>(SSPM-SJR)<\/strong> para el periodo 2024-2027, designando a Orlando Ch\u00e1vez Landaverde como nuevo titular.<\/p>\n<p style=\"text-align: justify;\">Durante la ceremonia frente a las instalaciones de la SSPM-SJR, Cabrera destac\u00f3 que la corporaci\u00f3n policiaca, compuesta por mujeres y hombres comprometidos, es un orgullo para el municipio. Subray\u00f3 que, aunque se ha realizado un trabajo destacado en materia de seguridad durante los \u00faltimos tres a\u00f1os, la nueva administraci\u00f3n buscar\u00e1 avanzar a\u00fan mas, construyendo un legado de bien com\u00fan para las familias sanjuanenses.<\/p>\n<p style=\"text-align: justify;\">Por su parte, Orlando Ch\u00e1vez mencion\u00f3 que su gesti\u00f3n en la SSPM-SJR se centrar\u00e1 en la proximidad con la comunidad, la defensa de los derechos humanos y la promoci\u00f3n de la prevenci\u00f3n del delito. Recalc\u00f3 que la polic\u00eda no solo reaccionar\u00e1 ante los incidentes, sino que tambi\u00e9n ser\u00e1 promotora de la prevenci\u00f3n, con valores como la empat\u00eda.<\/p>\n<p style=\"text-align: justify;\">Este primer acto de la nueva administraci\u00f3n cont\u00f3 con la presencia de altos mandos de la SSPM-SJR, elementos de Protecci\u00f3n Civil, el Cuerpo de Bomberos de San Juan del R\u00edo y diversas corporaciones de atenci\u00f3n a emergencias.<\/p>\n<\/div>\n<\/div>\n<\/div>\n<\/div>\n<div class=\"mb-2 flex gap-3 empty:hidden -ml-2\"><\/div>\n<div><\/div>\n<div style=\"text-align: center;\"><strong><em>\u00a1Informaci\u00f3n que transforma!<\/em><\/strong><\/div>\n","protected":false},"excerpt":{"rendered":"<p>En los primeros minutos del 1 de octubre, el presidente municipal de San Juan del R\u00edo, Roberto Cabrera Valencia, realiz\u00f3 el Cambio de Mando de la Secretar\u00eda de Seguridad P\u00fablica Municipal (SSPM-SJR) para el periodo 2024-2027, designando a Orlando Ch\u00e1vez Landaverde como nuevo titular.<\/p>\n","protected":false},"author":3,"featured_media":2467,"comment_status":"open","ping_status":"open","sticky":false,"template":"","format":"standard","meta":{"footnotes":""},"categories":[65,58],"tags":[977,983,982,157],"class_list":["post-2466","post","type-post","status-publish","format-standard","has-post-thumbnail","hentry","category-municipios","category-ultima-hora","tag-cambiodemando","tag-orlandochavezsjr","tag-sanjuanseguro","tag-seguridadciudadana"],"yoast_head":"<!-- This site is optimized with the Yoast SEO plugin v25.0 - https:\/\/yoast.com\/wordpress\/plugins\/seo\/ -->\n<title>Roberto Cabrera presenta a Orlando Ch\u00e1vez Landaverde como nuevo titular de la SSPM en San Juan del R\u00edo | Nexo Informativo Santiago de Quer\u00e9taro<\/title>\n<meta name=\"description\" content=\"Roberto Cabrera presenta a Orlando Ch\u00e1vez Landaverde como nuevo titular de la SSPM en San Juan del R\u00edo\" \/>\n<meta name=\"robots\" content=\"index, follow, max-snippet:-1, max-image-preview:large, max-video-preview:-1\" \/>\n<link rel=\"canonical\" href=\"https:\/\/www.nexoinformativo.mx\/index.php\/2024\/10\/01\/roberto-cabrera-presenta-a-orlando-chavez-landaverde-como-nuevo-titular-de-la-sspm-en-san-juan-del-rio\/\" \/>\n<meta property=\"og:locale\" content=\"es_MX\" \/>\n<meta property=\"og:type\" content=\"article\" \/>\n<meta property=\"og:title\" content=\"Roberto Cabrera presenta a Orlando Ch\u00e1vez Landaverde como nuevo titular de la SSPM en San Juan del R\u00edo | Nexo Informativo Santiago de Quer\u00e9taro\" \/>\n<meta property=\"og:description\" content=\"Roberto Cabrera presenta a Orlando Ch\u00e1vez Landaverde como nuevo titular de la SSPM en San Juan del R\u00edo\" \/>\n<meta property=\"og:url\" content=\"https:\/\/www.nexoinformativo.mx\/index.php\/2024\/10\/01\/roberto-cabrera-presenta-a-orlando-chavez-landaverde-como-nuevo-titular-de-la-sspm-en-san-juan-del-rio\/\" \/>\n<meta property=\"og:site_name\" content=\"Nexo Informativo Santiago de Quer\u00e9taro\" \/>\n<meta property=\"article:publisher\" content=\"https:\/\/www.facebook.com\/people\/Nexo-Informativo\/61564066885511\/\" \/>\n<meta property=\"article:published_time\" content=\"2024-10-01T14:00:12+00:00\" \/>\n<meta property=\"article:modified_time\" content=\"2024-10-07T01:15:52+00:00\" \/>\n<meta property=\"og:image\" content=\"https:\/\/www.nexoinformativo.mx\/wp-content\/uploads\/2024\/10\/PHOTO-2024-10-01-08-58-30-e1727798904823.jpg\" \/>\n\t<meta property=\"og:image:width\" content=\"800\" \/>\n\t<meta property=\"og:image:height\" content=\"534\" \/>\n\t<meta property=\"og:image:type\" content=\"image\/jpeg\" \/>\n<meta name=\"author\" content=\"Nexo Informativo\" \/>\n<meta name=\"twitter:card\" content=\"summary_large_image\" \/>\n<meta name=\"twitter:label1\" content=\"Escrito por\" \/>\n\t<meta name=\"twitter:data1\" content=\"Nexo Informativo\" \/>\n\t<meta name=\"twitter:label2\" content=\"Tiempo de lectura\" \/>\n\t<meta name=\"twitter:data2\" content=\"2 minutos\" \/>\n<script type=\"application\/ld+json\" class=\"yoast-schema-graph\">{\"@context\":\"https:\/\/schema.org\",\"@graph\":[{\"@type\":\"Article\",\"@id\":\"https:\/\/www.nexoinformativo.mx\/index.php\/2024\/10\/01\/roberto-cabrera-presenta-a-orlando-chavez-landaverde-como-nuevo-titular-de-la-sspm-en-san-juan-del-rio\/#article\",\"isPartOf\":{\"@id\":\"https:\/\/www.nexoinformativo.mx\/index.php\/2024\/10\/01\/roberto-cabrera-presenta-a-orlando-chavez-landaverde-como-nuevo-titular-de-la-sspm-en-san-juan-del-rio\/\"},\"author\":{\"name\":\"Nexo Informativo\",\"@id\":\"https:\/\/www.nexoinformativo.mx\/#\/schema\/person\/7749d380ba08c8ca00d7bc76fd907b7d\"},\"headline\":\"Roberto Cabrera presenta a Orlando Ch\u00e1vez Landaverde como nuevo titular de la SSPM en San Juan del R\u00edo\",\"datePublished\":\"2024-10-01T14:00:12+00:00\",\"dateModified\":\"2024-10-07T01:15:52+00:00\",\"mainEntityOfPage\":{\"@id\":\"https:\/\/www.nexoinformativo.mx\/index.php\/2024\/10\/01\/roberto-cabrera-presenta-a-orlando-chavez-landaverde-como-nuevo-titular-de-la-sspm-en-san-juan-del-rio\/\"},\"wordCount\":245,\"commentCount\":0,\"publisher\":{\"@id\":\"https:\/\/www.nexoinformativo.mx\/#organization\"},\"image\":{\"@id\":\"https:\/\/www.nexoinformativo.mx\/index.php\/2024\/10\/01\/roberto-cabrera-presenta-a-orlando-chavez-landaverde-como-nuevo-titular-de-la-sspm-en-san-juan-del-rio\/#primaryimage\"},\"thumbnailUrl\":\"https:\/\/www.nexoinformativo.mx\/wp-content\/uploads\/2024\/10\/PHOTO-2024-10-01-08-58-30-e1727798904823.jpg\",\"keywords\":[\"CambioDeMando\",\"OrlandoCh\u00e1vezSJR\",\"SanJuanSeguro\",\"SeguridadCiudadana\"],\"articleSection\":[\"Municipios\",\"\u00daltima Hora\"],\"inLanguage\":\"es\",\"potentialAction\":[{\"@type\":\"CommentAction\",\"name\":\"Comment\",\"target\":[\"https:\/\/www.nexoinformativo.mx\/index.php\/2024\/10\/01\/roberto-cabrera-presenta-a-orlando-chavez-landaverde-como-nuevo-titular-de-la-sspm-en-san-juan-del-rio\/#respond\"]}]},{\"@type\":\"WebPage\",\"@id\":\"https:\/\/www.nexoinformativo.mx\/index.php\/2024\/10\/01\/roberto-cabrera-presenta-a-orlando-chavez-landaverde-como-nuevo-titular-de-la-sspm-en-san-juan-del-rio\/\",\"url\":\"https:\/\/www.nexoinformativo.mx\/index.php\/2024\/10\/01\/roberto-cabrera-presenta-a-orlando-chavez-landaverde-como-nuevo-titular-de-la-sspm-en-san-juan-del-rio\/\",\"name\":\"Roberto Cabrera presenta a Orlando Ch\u00e1vez Landaverde como nuevo titular de la SSPM en San Juan del R\u00edo | Nexo Informativo Santiago de Quer\u00e9taro\",\"isPartOf\":{\"@id\":\"https:\/\/www.nexoinformativo.mx\/#website\"},\"primaryImageOfPage\":{\"@id\":\"https:\/\/www.nexoinformativo.mx\/index.php\/2024\/10\/01\/roberto-cabrera-presenta-a-orlando-chavez-landaverde-como-nuevo-titular-de-la-sspm-en-san-juan-del-rio\/#primaryimage\"},\"image\":{\"@id\":\"https:\/\/www.nexoinformativo.mx\/index.php\/2024\/10\/01\/roberto-cabrera-presenta-a-orlando-chavez-landaverde-como-nuevo-titular-de-la-sspm-en-san-juan-del-rio\/#primaryimage\"},\"thumbnailUrl\":\"https:\/\/www.nexoinformativo.mx\/wp-content\/uploads\/2024\/10\/PHOTO-2024-10-01-08-58-30-e1727798904823.jpg\",\"datePublished\":\"2024-10-01T14:00:12+00:00\",\"dateModified\":\"2024-10-07T01:15:52+00:00\",\"description\":\"Roberto Cabrera presenta a Orlando Ch\u00e1vez Landaverde como nuevo titular de la SSPM en San Juan del R\u00edo\",\"breadcrumb\":{\"@id\":\"https:\/\/www.nexoinformativo.mx\/index.php\/2024\/10\/01\/roberto-cabrera-presenta-a-orlando-chavez-landaverde-como-nuevo-titular-de-la-sspm-en-san-juan-del-rio\/#breadcrumb\"},\"inLanguage\":\"es\",\"potentialAction\":[{\"@type\":\"ReadAction\",\"target\":[\"https:\/\/www.nexoinformativo.mx\/index.php\/2024\/10\/01\/roberto-cabrera-presenta-a-orlando-chavez-landaverde-como-nuevo-titular-de-la-sspm-en-san-juan-del-rio\/\"]}]},{\"@type\":\"ImageObject\",\"inLanguage\":\"es\",\"@id\":\"https:\/\/www.nexoinformativo.mx\/index.php\/2024\/10\/01\/roberto-cabrera-presenta-a-orlando-chavez-landaverde-como-nuevo-titular-de-la-sspm-en-san-juan-del-rio\/#primaryimage\",\"url\":\"https:\/\/www.nexoinformativo.mx\/wp-content\/uploads\/2024\/10\/PHOTO-2024-10-01-08-58-30-e1727798904823.jpg\",\"contentUrl\":\"https:\/\/www.nexoinformativo.mx\/wp-content\/uploads\/2024\/10\/PHOTO-2024-10-01-08-58-30-e1727798904823.jpg\",\"width\":800,\"height\":534},{\"@type\":\"BreadcrumbList\",\"@id\":\"https:\/\/www.nexoinformativo.mx\/index.php\/2024\/10\/01\/roberto-cabrera-presenta-a-orlando-chavez-landaverde-como-nuevo-titular-de-la-sspm-en-san-juan-del-rio\/#breadcrumb\",\"itemListElement\":[{\"@type\":\"ListItem\",\"position\":1,\"name\":\"Inicio\",\"item\":\"https:\/\/www.nexoinformativo.mx\/\"},{\"@type\":\"ListItem\",\"position\":2,\"name\":\"Roberto Cabrera presenta a Orlando Ch\u00e1vez Landaverde como nuevo titular de la SSPM en San Juan del R\u00edo\"}]},{\"@type\":\"WebSite\",\"@id\":\"https:\/\/www.nexoinformativo.mx\/#website\",\"url\":\"https:\/\/www.nexoinformativo.mx\/\",\"name\":\"Nexo Informativo Santiago de Quer\u00e9taro\",\"description\":\"Explora NexoInformativo y convi\u00e9rtete en parte de una comunidad que valora el conocimiento y la verdad. Tu nexoinformativo es tu puente hacia una comprensi\u00f3n m\u00e1s profunda del mundo que te rodea.\",\"publisher\":{\"@id\":\"https:\/\/www.nexoinformativo.mx\/#organization\"},\"potentialAction\":[{\"@type\":\"SearchAction\",\"target\":{\"@type\":\"EntryPoint\",\"urlTemplate\":\"https:\/\/www.nexoinformativo.mx\/?s={search_term_string}\"},\"query-input\":{\"@type\":\"PropertyValueSpecification\",\"valueRequired\":true,\"valueName\":\"search_term_string\"}}],\"inLanguage\":\"es\"},{\"@type\":\"Organization\",\"@id\":\"https:\/\/www.nexoinformativo.mx\/#organization\",\"name\":\"Nexo Informativo Santiago de Quer\u00e9taro\",\"url\":\"https:\/\/www.nexoinformativo.mx\/\",\"logo\":{\"@type\":\"ImageObject\",\"inLanguage\":\"es\",\"@id\":\"https:\/\/www.nexoinformativo.mx\/#\/schema\/logo\/image\/\",\"url\":\"https:\/\/www.nexoinformativo.mx\/wp-content\/uploads\/2024\/07\/nexoi-trasparente-2.png\",\"contentUrl\":\"https:\/\/www.nexoinformativo.mx\/wp-content\/uploads\/2024\/07\/nexoi-trasparente-2.png\",\"width\":816,\"height\":339,\"caption\":\"Nexo Informativo Santiago de Quer\u00e9taro\"},\"image\":{\"@id\":\"https:\/\/www.nexoinformativo.mx\/#\/schema\/logo\/image\/\"},\"sameAs\":[\"https:\/\/www.facebook.com\/people\/Nexo-Informativo\/61564066885511\/\"]},{\"@type\":\"Person\",\"@id\":\"https:\/\/www.nexoinformativo.mx\/#\/schema\/person\/7749d380ba08c8ca00d7bc76fd907b7d\",\"name\":\"Nexo Informativo\",\"image\":{\"@type\":\"ImageObject\",\"inLanguage\":\"es\",\"@id\":\"https:\/\/www.nexoinformativo.mx\/#\/schema\/person\/image\/\",\"url\":\"https:\/\/secure.gravatar.com\/avatar\/dde2928154642a13d95f87ddf1ea9718fe2b46760a005c53e41ff5ad610704e6?s=96&d=mm&r=g\",\"contentUrl\":\"https:\/\/secure.gravatar.com\/avatar\/dde2928154642a13d95f87ddf1ea9718fe2b46760a005c53e41ff5ad610704e6?s=96&d=mm&r=g\",\"caption\":\"Nexo Informativo\"},\"url\":\"https:\/\/www.nexoinformativo.mx\/index.php\/author\/edicion\/\"}]}<\/script>\n<!-- \/ Yoast SEO plugin. -->","yoast_head_json":{"title":"Roberto Cabrera presenta a Orlando Ch\u00e1vez Landaverde como nuevo titular de la SSPM en San Juan del R\u00edo | Nexo Informativo Santiago de Quer\u00e9taro","description":"Roberto Cabrera presenta a Orlando Ch\u00e1vez Landaverde como nuevo titular de la SSPM en San Juan del R\u00edo","robots":{"index":"index","follow":"follow","max-snippet":"max-snippet:-1","max-image-preview":"max-image-preview:large","max-video-preview":"max-video-preview:-1"},"canonical":"https:\/\/www.nexoinformativo.mx\/index.php\/2024\/10\/01\/roberto-cabrera-presenta-a-orlando-chavez-landaverde-como-nuevo-titular-de-la-sspm-en-san-juan-del-rio\/","og_locale":"es_MX","og_type":"article","og_title":"Roberto Cabrera presenta a Orlando Ch\u00e1vez Landaverde como nuevo titular de la SSPM en San Juan del R\u00edo | Nexo Informativo Santiago de Quer\u00e9taro","og_description":"Roberto Cabrera presenta a Orlando Ch\u00e1vez Landaverde como nuevo titular de la SSPM en San Juan del R\u00edo","og_url":"https:\/\/www.nexoinformativo.mx\/index.php\/2024\/10\/01\/roberto-cabrera-presenta-a-orlando-chavez-landaverde-como-nuevo-titular-de-la-sspm-en-san-juan-del-rio\/","og_site_name":"Nexo Informativo Santiago de Quer\u00e9taro","article_publisher":"https:\/\/www.facebook.com\/people\/Nexo-Informativo\/61564066885511\/","article_published_time":"2024-10-01T14:00:12+00:00","article_modified_time":"2024-10-07T01:15:52+00:00","og_image":[{"width":800,"height":534,"url":"https:\/\/www.nexoinformativo.mx\/wp-content\/uploads\/2024\/10\/PHOTO-2024-10-01-08-58-30-e1727798904823.jpg","type":"image\/jpeg"}],"author":"Nexo Informativo","twitter_card":"summary_large_image","twitter_misc":{"Escrito por":"Nexo Informativo","Tiempo de lectura":"2 minutos"},"schema":{"@context":"https:\/\/schema.org","@graph":[{"@type":"Article","@id":"https:\/\/www.nexoinformativo.mx\/index.php\/2024\/10\/01\/roberto-cabrera-presenta-a-orlando-chavez-landaverde-como-nuevo-titular-de-la-sspm-en-san-juan-del-rio\/#article","isPartOf":{"@id":"https:\/\/www.nexoinformativo.mx\/index.php\/2024\/10\/01\/roberto-cabrera-presenta-a-orlando-chavez-landaverde-como-nuevo-titular-de-la-sspm-en-san-juan-del-rio\/"},"author":{"name":"Nexo Informativo","@id":"https:\/\/www.nexoinformativo.mx\/#\/schema\/person\/7749d380ba08c8ca00d7bc76fd907b7d"},"headline":"Roberto Cabrera presenta a Orlando Ch\u00e1vez Landaverde como nuevo titular de la SSPM en San Juan del R\u00edo","datePublished":"2024-10-01T14:00:12+00:00","dateModified":"2024-10-07T01:15:52+00:00","mainEntityOfPage":{"@id":"https:\/\/www.nexoinformativo.mx\/index.php\/2024\/10\/01\/roberto-cabrera-presenta-a-orlando-chavez-landaverde-como-nuevo-titular-de-la-sspm-en-san-juan-del-rio\/"},"wordCount":245,"commentCount":0,"publisher":{"@id":"https:\/\/www.nexoinformativo.mx\/#organization"},"image":{"@id":"https:\/\/www.nexoinformativo.mx\/index.php\/2024\/10\/01\/roberto-cabrera-presenta-a-orlando-chavez-landaverde-como-nuevo-titular-de-la-sspm-en-san-juan-del-rio\/#primaryimage"},"thumbnailUrl":"https:\/\/www.nexoinformativo.mx\/wp-content\/uploads\/2024\/10\/PHOTO-2024-10-01-08-58-30-e1727798904823.jpg","keywords":["CambioDeMando","OrlandoCh\u00e1vezSJR","SanJuanSeguro","SeguridadCiudadana"],"articleSection":["Municipios","\u00daltima Hora"],"inLanguage":"es","potentialAction":[{"@type":"CommentAction","name":"Comment","target":["https:\/\/www.nexoinformativo.mx\/index.php\/2024\/10\/01\/roberto-cabrera-presenta-a-orlando-chavez-landaverde-como-nuevo-titular-de-la-sspm-en-san-juan-del-rio\/#respond"]}]},{"@type":"WebPage","@id":"https:\/\/www.nexoinformativo.mx\/index.php\/2024\/10\/01\/roberto-cabrera-presenta-a-orlando-chavez-landaverde-como-nuevo-titular-de-la-sspm-en-san-juan-del-rio\/","url":"https:\/\/www.nexoinformativo.mx\/index.php\/2024\/10\/01\/roberto-cabrera-presenta-a-orlando-chavez-landaverde-como-nuevo-titular-de-la-sspm-en-san-juan-del-rio\/","name":"Roberto Cabrera presenta a Orlando Ch\u00e1vez Landaverde como nuevo titular de la SSPM en San Juan del R\u00edo | Nexo Informativo Santiago de Quer\u00e9taro","isPartOf":{"@id":"https:\/\/www.nexoinformativo.mx\/#website"},"primaryImageOfPage":{"@id":"https:\/\/www.nexoinformativo.mx\/index.php\/2024\/10\/01\/roberto-cabrera-presenta-a-orlando-chavez-landaverde-como-nuevo-titular-de-la-sspm-en-san-juan-del-rio\/#primaryimage"},"image":{"@id":"https:\/\/www.nexoinformativo.mx\/index.php\/2024\/10\/01\/roberto-cabrera-presenta-a-orlando-chavez-landaverde-como-nuevo-titular-de-la-sspm-en-san-juan-del-rio\/#primaryimage"},"thumbnailUrl":"https:\/\/www.nexoinformativo.mx\/wp-content\/uploads\/2024\/10\/PHOTO-2024-10-01-08-58-30-e1727798904823.jpg","datePublished":"2024-10-01T14:00:12+00:00","dateModified":"2024-10-07T01:15:52+00:00","description":"Roberto Cabrera presenta a Orlando Ch\u00e1vez Landaverde como nuevo titular de la SSPM en San Juan del R\u00edo","breadcrumb":{"@id":"https:\/\/www.nexoinformativo.mx\/index.php\/2024\/10\/01\/roberto-cabrera-presenta-a-orlando-chavez-landaverde-como-nuevo-titular-de-la-sspm-en-san-juan-del-rio\/#breadcrumb"},"inLanguage":"es","potentialAction":[{"@type":"ReadAction","target":["https:\/\/www.nexoinformativo.mx\/index.php\/2024\/10\/01\/roberto-cabrera-presenta-a-orlando-chavez-landaverde-como-nuevo-titular-de-la-sspm-en-san-juan-del-rio\/"]}]},{"@type":"ImageObject","inLanguage":"es","@id":"https:\/\/www.nexoinformativo.mx\/index.php\/2024\/10\/01\/roberto-cabrera-presenta-a-orlando-chavez-landaverde-como-nuevo-titular-de-la-sspm-en-san-juan-del-rio\/#primaryimage","url":"https:\/\/www.nexoinformativo.mx\/wp-content\/uploads\/2024\/10\/PHOTO-2024-10-01-08-58-30-e1727798904823.jpg","contentUrl":"https:\/\/www.nexoinformativo.mx\/wp-content\/uploads\/2024\/10\/PHOTO-2024-10-01-08-58-30-e1727798904823.jpg","width":800,"height":534},{"@type":"BreadcrumbList","@id":"https:\/\/www.nexoinformativo.mx\/index.php\/2024\/10\/01\/roberto-cabrera-presenta-a-orlando-chavez-landaverde-como-nuevo-titular-de-la-sspm-en-san-juan-del-rio\/#breadcrumb","itemListElement":[{"@type":"ListItem","position":1,"name":"Inicio","item":"https:\/\/www.nexoinformativo.mx\/"},{"@type":"ListItem","position":2,"name":"Roberto Cabrera presenta a Orlando Ch\u00e1vez Landaverde como nuevo titular de la SSPM en San Juan del R\u00edo"}]},{"@type":"WebSite","@id":"https:\/\/www.nexoinformativo.mx\/#website","url":"https:\/\/www.nexoinformativo.mx\/","name":"Nexo Informativo Santiago de Quer\u00e9taro","description":"Explora NexoInformativo y convi\u00e9rtete en parte de una comunidad que valora el conocimiento y la verdad. Tu nexoinformativo es tu puente hacia una comprensi\u00f3n m\u00e1s profunda del mundo que te rodea.","publisher":{"@id":"https:\/\/www.nexoinformativo.mx\/#organization"},"potentialAction":[{"@type":"SearchAction","target":{"@type":"EntryPoint","urlTemplate":"https:\/\/www.nexoinformativo.mx\/?s={search_term_string}"},"query-input":{"@type":"PropertyValueSpecification","valueRequired":true,"valueName":"search_term_string"}}],"inLanguage":"es"},{"@type":"Organization","@id":"https:\/\/www.nexoinformativo.mx\/#organization","name":"Nexo Informativo Santiago de Quer\u00e9taro","url":"https:\/\/www.nexoinformativo.mx\/","logo":{"@type":"ImageObject","inLanguage":"es","@id":"https:\/\/www.nexoinformativo.mx\/#\/schema\/logo\/image\/","url":"https:\/\/www.nexoinformativo.mx\/wp-content\/uploads\/2024\/07\/nexoi-trasparente-2.png","contentUrl":"https:\/\/www.nexoinformativo.mx\/wp-content\/uploads\/2024\/07\/nexoi-trasparente-2.png","width":816,"height":339,"caption":"Nexo Informativo Santiago de Quer\u00e9taro"},"image":{"@id":"https:\/\/www.nexoinformativo.mx\/#\/schema\/logo\/image\/"},"sameAs":["https:\/\/www.facebook.com\/people\/Nexo-Informativo\/61564066885511\/"]},{"@type":"Person","@id":"https:\/\/www.nexoinformativo.mx\/#\/schema\/person\/7749d380ba08c8ca00d7bc76fd907b7d","name":"Nexo Informativo","image":{"@type":"ImageObject","inLanguage":"es","@id":"https:\/\/www.nexoinformativo.mx\/#\/schema\/person\/image\/","url":"https:\/\/secure.gravatar.com\/avatar\/dde2928154642a13d95f87ddf1ea9718fe2b46760a005c53e41ff5ad610704e6?s=96&d=mm&r=g","contentUrl":"https:\/\/secure.gravatar.com\/avatar\/dde2928154642a13d95f87ddf1ea9718fe2b46760a005c53e41ff5ad610704e6?s=96&d=mm&r=g","caption":"Nexo Informativo"},"url":"https:\/\/www.nexoinformativo.mx\/index.php\/author\/edicion\/"}]}},"_links":{"self":[{"href":"https:\/\/www.nexoinformativo.mx\/index.php\/wp-json\/wp\/v2\/posts\/2466","targetHints":{"allow":["GET"]}}],"collection":[{"href":"https:\/\/www.nexoinformativo.mx\/index.php\/wp-json\/wp\/v2\/posts"}],"about":[{"href":"https:\/\/www.nexoinformativo.mx\/index.php\/wp-json\/wp\/v2\/types\/post"}],"author":[{"embeddable":true,"href":"https:\/\/www.nexoinformativo.mx\/index.php\/wp-json\/wp\/v2\/users\/3"}],"replies":[{"embeddable":true,"href":"https:\/\/www.nexoinformativo.mx\/index.php\/wp-json\/wp\/v2\/comments?post=2466"}],"version-history":[{"count":4,"href":"https:\/\/www.nexoinformativo.mx\/index.php\/wp-json\/wp\/v2\/posts\/2466\/revisions"}],"predecessor-version":[{"id":2772,"href":"https:\/\/www.nexoinformativo.mx\/index.php\/wp-json\/wp\/v2\/posts\/2466\/revisions\/2772"}],"wp:featuredmedia":[{"embeddable":true,"href":"https:\/\/www.nexoinformativo.mx\/index.php\/wp-json\/wp\/v2\/media\/2467"}],"wp:attachment":[{"href":"https:\/\/www.nexoinformativo.mx\/index.php\/wp-json\/wp\/v2\/media?parent=2466"}],"wp:term":[{"taxonomy":"category","embeddable":true,"href":"https:\/\/www.nexoinformativo.mx\/index.php\/wp-json\/wp\/v2\/categories?post=2466"},{"taxonomy":"post_tag","embeddable":true,"href":"https:\/\/www.nexoinformativo.mx\/index.php\/wp-json\/wp\/v2\/tags?post=2466"}],"curies":[{"name":"wp","href":"https:\/\/api.w.org\/{rel}","templated":true}]}}